{"id":48248,"date":"2020-08-25T20:34:59","date_gmt":"2020-08-25T23:34:59","guid":{"rendered":"https:\/\/www.isletasnoticias.com.ar\/?p=48248"},"modified":"2020-08-25T20:34:59","modified_gmt":"2020-08-25T23:34:59","slug":"marcha-contra-instalacion-de-granjas-industriales-de-cerdos-y-quemas-en-el-delta","status":"publish","type":"post","link":"https:\/\/informelitoral.com.ar\/marcha-contra-instalacion-de-granjas-industriales-de-cerdos-y-quemas-en-el-delta\/","title":{"rendered":"Marcha contra instalaci\u00f3n de granjas industriales de cerdos y quemas en el Delta"},"content":{"rendered":"<p>El 6 de julio pasado, la canciller\u00eda argentina difundi\u00f3 una comunicaci\u00f3n entre el Ministro de Relaciones Exteriores y Culto, Felipe Sol\u00e1, y el ministro de Comercio de la Rep\u00fablica Popular China, ZhongShan, donde se anuncia una \u00abasociaci\u00f3n estrat\u00e9gica\u00bb entre ambos pa\u00edses, referida a la producci\u00f3n de carne porcina y se anuncia una \u00abinversi\u00f3n mixta entre las empresas chinas y las argentinas\u00bb para \u00abproducir 9 millones de toneladas de carne porcina de alta calidad\u00bb, lo que \u00able dar\u00eda a China absoluta seguridad de abastecimiento durante muchos a\u00f1os\u00bb<\/p>\n<p>Por ese motivo, Militantes de distintas organizaciones ecologistas, se manifestaron en Plaza 1\u00ba de Mayo de Paran\u00e1 contra este acuerdo. Adem\u00e1s, exigieron la ley de humedales.<\/p>\n<p>\u00abA nivel nacional, se convoc\u00f3 la movilizaci\u00f3n 25 A, que tiene que ver con el rechazo masivo al acuerdo que realiz\u00f3 el Gobierno Nacional, impulsado por Felipe Sol\u00e1 con china. Quieren en el pa\u00eds instalar megafactor\u00edas de cerdos\u00bb, expres\u00f3 Nadia Burgos de la Red Ecosocialista.<\/p>\n<p><a href=\"https:\/\/www.isletasnoticias.com.ar\/%77%70%2d%63%6f%6e%74%65%6e%74\/uploads\/2020\/08\/WhatsApp-Image-2020-08-25-at-20.00.22.jpeg\"><img loading=\"lazy\" decoding=\"async\" class=\"size-medium wp-image-48252 aligncenter\" src=\"https:\/\/www.isletasnoticias.com.ar\/%77%70%2d%63%6f%6e%74%65%6e%74\/uploads\/2020\/08\/WhatsApp-Image-2020-08-25-at-20.00.22-300x200.jpeg\" alt=\"\" width=\"300\" height=\"200\" srcset=\"https:\/\/informelitoral.com.ar\/%77%70%2d%63%6f%6e%74%65%6e%74\/uploads\/2020\/08\/WhatsApp-Image-2020-08-25-at-20.00.22-300x200.jpeg 300w, https:\/\/informelitoral.com.ar\/%77%70%2d%63%6f%6e%74%65%6e%74\/uploads\/2020\/08\/WhatsApp-Image-2020-08-25-at-20.00.22-1024x682.jpeg 1024w, https:\/\/informelitoral.com.ar\/%77%70%2d%63%6f%6e%74%65%6e%74\/uploads\/2020\/08\/WhatsApp-Image-2020-08-25-at-20.00.22-768x512.jpeg 768w, https:\/\/informelitoral.com.ar\/%77%70%2d%63%6f%6e%74%65%6e%74\/uploads\/2020\/08\/WhatsApp-Image-2020-08-25-at-20.00.22-696x464.jpeg 696w, https:\/\/informelitoral.com.ar\/%77%70%2d%63%6f%6e%74%65%6e%74\/uploads\/2020\/08\/WhatsApp-Image-2020-08-25-at-20.00.22-1068x712.jpeg 1068w, https:\/\/informelitoral.com.ar\/%77%70%2d%63%6f%6e%74%65%6e%74\/uploads\/2020\/08\/WhatsApp-Image-2020-08-25-at-20.00.22-630x420.jpeg 630w, https:\/\/informelitoral.com.ar\/%77%70%2d%63%6f%6e%74%65%6e%74\/uploads\/2020\/08\/WhatsApp-Image-2020-08-25-at-20.00.22.jpeg 1280w\" sizes=\"auto, (max-width: 300px) 100vw, 300px\" \/><\/a><br \/>\n\u00abEstas megafactorias, son formas de producci\u00f3n de miles de cerdos que traer\u00edan mucha consecuencias econ\u00f3micas y ambientales a nuestro pa\u00eds\u00bb, dijo y agreg\u00f3 que \u00abChina quiere exportar, porque el a\u00f1o pasado mat\u00f3 a 300 millones de cerdos en China y hoy no pueden abastecer con comida a su poblaci\u00f3n\u00bb.<\/p>\n<p>En ese sentido, coment\u00f3 que \u00ablos animales murieron por la forma en que se producen, por las granjas que se instalan y la crueldad que hay. Tambi\u00e9n se propagar\u00e1 la fiebre porcina africana, que los cient\u00edficos advirtieron que puede mutar y pasar al ser humano, es decir que pueden generar nuevas pandemias\u00bb.<\/p>\n<p>\u00abNo se puede firmar ning\u00fan tipo de acuerdo, sin escuchar a todas las veces, que la ley de ambiente dice que para la instalaci\u00f3n de estas producciones, si o si se debe escuchar a la voz popular\u00bb, coment\u00f3.<\/p>\n<p>Estas factor\u00edas \u00abno traer progreso, porque el trabajo que proponen es precarizado y son casi esclavos\u00bb, remarc\u00f3.<\/p>\n<h5>Defensa de los humedales<\/h5>\n<p><a href=\"https:\/\/www.isletasnoticias.com.ar\/%77%70%2d%63%6f%6e%74%65%6e%74\/uploads\/2020\/08\/WhatsApp-Image-2020-08-25-at-20.00.22-1-1.jpeg\"><img loading=\"lazy\" decoding=\"async\" class=\"size-medium wp-image-48251 aligncenter\" src=\"https:\/\/www.isletasnoticias.com.ar\/%77%70%2d%63%6f%6e%74%65%6e%74\/uploads\/2020\/08\/WhatsApp-Image-2020-08-25-at-20.00.22-1-1-300x200.jpeg\" alt=\"\" width=\"300\" height=\"200\" srcset=\"https:\/\/informelitoral.com.ar\/%77%70%2d%63%6f%6e%74%65%6e%74\/uploads\/2020\/08\/WhatsApp-Image-2020-08-25-at-20.00.22-1-1-300x200.jpeg 300w, https:\/\/informelitoral.com.ar\/%77%70%2d%63%6f%6e%74%65%6e%74\/uploads\/2020\/08\/WhatsApp-Image-2020-08-25-at-20.00.22-1-1-1024x682.jpeg 1024w, https:\/\/informelitoral.com.ar\/%77%70%2d%63%6f%6e%74%65%6e%74\/uploads\/2020\/08\/WhatsApp-Image-2020-08-25-at-20.00.22-1-1-768x512.jpeg 768w, https:\/\/informelitoral.com.ar\/%77%70%2d%63%6f%6e%74%65%6e%74\/uploads\/2020\/08\/WhatsApp-Image-2020-08-25-at-20.00.22-1-1-696x464.jpeg 696w, https:\/\/informelitoral.com.ar\/%77%70%2d%63%6f%6e%74%65%6e%74\/uploads\/2020\/08\/WhatsApp-Image-2020-08-25-at-20.00.22-1-1-1068x712.jpeg 1068w, https:\/\/informelitoral.com.ar\/%77%70%2d%63%6f%6e%74%65%6e%74\/uploads\/2020\/08\/WhatsApp-Image-2020-08-25-at-20.00.22-1-1-630x420.jpeg 630w, https:\/\/informelitoral.com.ar\/%77%70%2d%63%6f%6e%74%65%6e%74\/uploads\/2020\/08\/WhatsApp-Image-2020-08-25-at-20.00.22-1-1.jpeg 1280w\" sizes=\"auto, (max-width: 300px) 100vw, 300px\" \/><\/a><\/p>\n<p>Sobre este tema, Burgos dijo que \u00abse est\u00e1 viviendo un verdadero ecocidio en todo el litoral y necesitamos respuestas de manera urgente. Por ese motivo sumamos a la movilizaci\u00f3n el reclamo de la ley de humedales\u00bb.<\/p>\n<p>&nbsp;<\/p>\n","protected":false},"excerpt":{"rendered":"<p>El 6 de julio pasado, la canciller&iacute;a argentina difundi&oacute; una comunicaci&oacute;n entre el Ministro de Relaciones Exteriores y Culto, Felipe Sol&aacute;, y el ministro de Comercio de la Rep&uacute;blica Popular China, ZhongShan, donde se anuncia una &laquo;asociaci&oacute;n estrat&eacute;gica&raquo; entre ambos pa&iacute;ses, referida a la producci&oacute;n de carne porcina y se anuncia una &laquo;inversi&oacute;n mixta entre [&hellip;]<\/p>\n","protected":false},"author":8,"featured_media":48249,"comment_status":"open","ping_status":"open","sticky":false,"template":"","format":"standard","meta":{"fifu_image_url":"","fifu_image_alt":"","footnotes":""},"categories":[1597],"tags":[71,81,1683,1684,1624],"class_list":{"0":"post-48248","1":"post","2":"type-post","3":"status-publish","4":"format-standard","5":"has-post-thumbnail","7":"category-parana","8":"tag-campo","9":"tag-entre-rios","10":"tag-granja","11":"tag-islas","12":"tag-ley-de-humedales"},"yoast_head":"<title>Marcha contra instalaci\u00f3n de granjas industriales de cerdos y quemas en el Delta - Informe Litoral<\/title>\n<meta name=\"robots\" content=\"index, follow, max-snippet:-1, max-image-preview:large, max-video-preview:-1\" \/>\n<link rel=\"canonical\" href=\"https:\/\/informelitoral.com.ar\/marcha-contra-instalacion-de-granjas-industriales-de-cerdos-y-quemas-en-el-delta\/\" \/>\n<meta property=\"og:locale\" content=\"es_ES\" \/>\n<meta property=\"og:type\" content=\"article\" \/>\n<meta property=\"og:title\" content=\"Marcha contra instalaci\u00f3n de granjas industriales de cerdos y quemas en el Delta - Informe Litoral\" \/>\n<meta property=\"og:description\" content=\"El 6 de julio pasado, la canciller&iacute;a argentina difundi&oacute; una comunicaci&oacute;n entre el Ministro de Relaciones Exteriores y Culto, Felipe Sol&aacute;, y el ministro de Comercio de la Rep&uacute;blica Popular China, ZhongShan, donde se anuncia una &laquo;asociaci&oacute;n estrat&eacute;gica&raquo; entre ambos pa&iacute;ses, referida a la producci&oacute;n de carne porcina y se anuncia una &laquo;inversi&oacute;n mixta entre [&hellip;]\" \/>\n<meta property=\"og:url\" content=\"https:\/\/informelitoral.com.ar\/marcha-contra-instalacion-de-granjas-industriales-de-cerdos-y-quemas-en-el-delta\/\" \/>\n<meta property=\"og:site_name\" content=\"Informe Litoral\" \/>\n<meta property=\"article:publisher\" content=\"https:\/\/www.facebook.com\/informelitoral\/\" \/>\n<meta property=\"article:published_time\" content=\"2020-08-25T23:34:59+00:00\" \/>\n<meta property=\"og:image\" content=\"https:\/\/informelitoral.com.ar\/%77%70%2d%63%6f%6e%74%65%6e%74\/uploads\/2020\/08\/WhatsApp-Image-2020-08-25-at-20.00.20.jpeg\" \/>\n\t<meta property=\"og:image:width\" content=\"1280\" \/>\n\t<meta property=\"og:image:height\" content=\"853\" \/>\n\t<meta property=\"og:image:type\" content=\"image\/jpeg\" \/>\n<meta name=\"author\" content=\"Sebastian\" \/>\n<meta name=\"twitter:card\" content=\"summary_large_image\" \/>\n<meta name=\"twitter:creator\" content=\"@InformeLitoral\" \/>\n<meta name=\"twitter:site\" content=\"@InformeLitoral\" \/>\n<meta name=\"twitter:label1\" content=\"Escrito por\" \/>\n\t<meta name=\"twitter:data1\" content=\"Sebastian\" \/>\n\t<meta name=\"twitter:label2\" content=\"Tiempo de lectura\" \/>\n\t<meta name=\"twitter:data2\" content=\"2 minutos\" \/>\n<script type=\"application\/ld+json\" class=\"yoast-schema-graph\">{\"@context\":\"https:\\\/\\\/schema.org\",\"@graph\":[{\"@type\":\"Article\",\"@id\":\"https:\\\/\\\/informelitoral.com.ar\\\/marcha-contra-instalacion-de-granjas-industriales-de-cerdos-y-quemas-en-el-delta\\\/#article\",\"isPartOf\":{\"@id\":\"https:\\\/\\\/informelitoral.com.ar\\\/marcha-contra-instalacion-de-granjas-industriales-de-cerdos-y-quemas-en-el-delta\\\/\"},\"author\":{\"name\":\"Sebastian\",\"@id\":\"https:\\\/\\\/informelitoral.com.ar\\\/#\\\/schema\\\/person\\\/f05f9f461677119578717524b127d6d5\"},\"headline\":\"Marcha contra instalaci\u00f3n de granjas industriales de cerdos y quemas en el Delta\",\"datePublished\":\"2020-08-25T23:34:59+00:00\",\"mainEntityOfPage\":{\"@id\":\"https:\\\/\\\/informelitoral.com.ar\\\/marcha-contra-instalacion-de-granjas-industriales-de-cerdos-y-quemas-en-el-delta\\\/\"},\"wordCount\":389,\"commentCount\":0,\"publisher\":{\"@id\":\"https:\\\/\\\/informelitoral.com.ar\\\/#organization\"},\"image\":{\"@id\":\"https:\\\/\\\/informelitoral.com.ar\\\/marcha-contra-instalacion-de-granjas-industriales-de-cerdos-y-quemas-en-el-delta\\\/#primaryimage\"},\"thumbnailUrl\":\"https:\\\/\\\/informelitoral.com.ar\\\/%77%70%2d%63%6f%6e%74%65%6e%74\\\/uploads\\\/2020\\\/08\\\/WhatsApp-Image-2020-08-25-at-20.00.20.jpeg\",\"keywords\":[\"Campo\",\"Entre R\u00edos\",\"Granja\",\"Islas\",\"Ley de humedales\"],\"articleSection\":[\"Paran\u00e1\"],\"inLanguage\":\"es\",\"potentialAction\":[{\"@type\":\"CommentAction\",\"name\":\"Comment\",\"target\":[\"https:\\\/\\\/informelitoral.com.ar\\\/marcha-contra-instalacion-de-granjas-industriales-de-cerdos-y-quemas-en-el-delta\\\/#respond\"]}]},{\"@type\":\"WebPage\",\"@id\":\"https:\\\/\\\/informelitoral.com.ar\\\/marcha-contra-instalacion-de-granjas-industriales-de-cerdos-y-quemas-en-el-delta\\\/\",\"url\":\"https:\\\/\\\/informelitoral.com.ar\\\/marcha-contra-instalacion-de-granjas-industriales-de-cerdos-y-quemas-en-el-delta\\\/\",\"name\":\"Marcha contra instalaci\u00f3n de granjas industriales de cerdos y quemas en el Delta - Informe Litoral\",\"isPartOf\":{\"@id\":\"https:\\\/\\\/informelitoral.com.ar\\\/#website\"},\"primaryImageOfPage\":{\"@id\":\"https:\\\/\\\/informelitoral.com.ar\\\/marcha-contra-instalacion-de-granjas-industriales-de-cerdos-y-quemas-en-el-delta\\\/#primaryimage\"},\"image\":{\"@id\":\"https:\\\/\\\/informelitoral.com.ar\\\/marcha-contra-instalacion-de-granjas-industriales-de-cerdos-y-quemas-en-el-delta\\\/#primaryimage\"},\"thumbnailUrl\":\"https:\\\/\\\/informelitoral.com.ar\\\/%77%70%2d%63%6f%6e%74%65%6e%74\\\/uploads\\\/2020\\\/08\\\/WhatsApp-Image-2020-08-25-at-20.00.20.jpeg\",\"datePublished\":\"2020-08-25T23:34:59+00:00\",\"breadcrumb\":{\"@id\":\"https:\\\/\\\/informelitoral.com.ar\\\/marcha-contra-instalacion-de-granjas-industriales-de-cerdos-y-quemas-en-el-delta\\\/#breadcrumb\"},\"inLanguage\":\"es\",\"potentialAction\":[{\"@type\":\"ReadAction\",\"target\":[\"https:\\\/\\\/informelitoral.com.ar\\\/marcha-contra-instalacion-de-granjas-industriales-de-cerdos-y-quemas-en-el-delta\\\/\"]}]},{\"@type\":\"ImageObject\",\"inLanguage\":\"es\",\"@id\":\"https:\\\/\\\/informelitoral.com.ar\\\/marcha-contra-instalacion-de-granjas-industriales-de-cerdos-y-quemas-en-el-delta\\\/#primaryimage\",\"url\":\"https:\\\/\\\/informelitoral.com.ar\\\/%77%70%2d%63%6f%6e%74%65%6e%74\\\/uploads\\\/2020\\\/08\\\/WhatsApp-Image-2020-08-25-at-20.00.20.jpeg\",\"contentUrl\":\"https:\\\/\\\/informelitoral.com.ar\\\/%77%70%2d%63%6f%6e%74%65%6e%74\\\/uploads\\\/2020\\\/08\\\/WhatsApp-Image-2020-08-25-at-20.00.20.jpeg\",\"width\":1280,\"height\":853},{\"@type\":\"BreadcrumbList\",\"@id\":\"https:\\\/\\\/informelitoral.com.ar\\\/marcha-contra-instalacion-de-granjas-industriales-de-cerdos-y-quemas-en-el-delta\\\/#breadcrumb\",\"itemListElement\":[{\"@type\":\"ListItem\",\"position\":1,\"name\":\"Portada\",\"item\":\"https:\\\/\\\/informelitoral.com.ar\\\/\"},{\"@type\":\"ListItem\",\"position\":2,\"name\":\"Marcha contra instalaci\u00f3n de granjas industriales de cerdos y quemas en el Delta\"}]},{\"@type\":\"WebSite\",\"@id\":\"https:\\\/\\\/informelitoral.com.ar\\\/#website\",\"url\":\"https:\\\/\\\/informelitoral.com.ar\\\/\",\"name\":\"Informe Litoral\",\"description\":\"&quot;Nos informamos&quot; \",\"publisher\":{\"@id\":\"https:\\\/\\\/informelitoral.com.ar\\\/#organization\"},\"potentialAction\":[{\"@type\":\"SearchAction\",\"target\":{\"@type\":\"EntryPoint\",\"urlTemplate\":\"https:\\\/\\\/informelitoral.com.ar\\\/?s={search_term_string}\"},\"query-input\":{\"@type\":\"PropertyValueSpecification\",\"valueRequired\":true,\"valueName\":\"search_term_string\"}}],\"inLanguage\":\"es\"},{\"@type\":\"Organization\",\"@id\":\"https:\\\/\\\/informelitoral.com.ar\\\/#organization\",\"name\":\"Informe Litoral\",\"url\":\"https:\\\/\\\/informelitoral.com.ar\\\/\",\"logo\":{\"@type\":\"ImageObject\",\"inLanguage\":\"es\",\"@id\":\"https:\\\/\\\/informelitoral.com.ar\\\/#\\\/schema\\\/logo\\\/image\\\/\",\"url\":\"https:\\\/\\\/informelitoral.com.ar\\\/%77%70%2d%63%6f%6e%74%65%6e%74\\\/uploads\\\/2021\\\/01\\\/circulo.png\",\"contentUrl\":\"https:\\\/\\\/informelitoral.com.ar\\\/%77%70%2d%63%6f%6e%74%65%6e%74\\\/uploads\\\/2021\\\/01\\\/circulo.png\",\"width\":723,\"height\":731,\"caption\":\"Informe Litoral\"},\"image\":{\"@id\":\"https:\\\/\\\/informelitoral.com.ar\\\/#\\\/schema\\\/logo\\\/image\\\/\"},\"sameAs\":[\"https:\\\/\\\/www.facebook.com\\\/informelitoral\\\/\",\"https:\\\/\\\/x.com\\\/InformeLitoral\",\"https:\\\/\\\/www.instagram.com\\\/informelitoral\\\/\",\"https:\\\/\\\/www.youtube.com\\\/channel\\\/UCua4Qvz8Icb6MYqhoq9xLXw\"]},{\"@type\":\"Person\",\"@id\":\"https:\\\/\\\/informelitoral.com.ar\\\/#\\\/schema\\\/person\\\/f05f9f461677119578717524b127d6d5\",\"name\":\"Sebastian\",\"image\":{\"@type\":\"ImageObject\",\"inLanguage\":\"es\",\"@id\":\"https:\\\/\\\/secure.gravatar.com\\\/avatar\\\/b71bf7481d447dfb9583c7f2798e7cc64de6efb9067b74633ed8c31059a3bd82?s=96&d=mm&r=g\",\"url\":\"https:\\\/\\\/secure.gravatar.com\\\/avatar\\\/b71bf7481d447dfb9583c7f2798e7cc64de6efb9067b74633ed8c31059a3bd82?s=96&d=mm&r=g\",\"contentUrl\":\"https:\\\/\\\/secure.gravatar.com\\\/avatar\\\/b71bf7481d447dfb9583c7f2798e7cc64de6efb9067b74633ed8c31059a3bd82?s=96&d=mm&r=g\",\"caption\":\"Sebastian\"},\"url\":\"https:\\\/\\\/informelitoral.com.ar\\\/author\\\/sebastian\\\/\"}]}<\/script>","yoast_head_json":{"title":"Marcha contra instalaci\u00f3n de granjas industriales de cerdos y quemas en el Delta - Informe Litoral","robots":{"index":"index","follow":"follow","max-snippet":"max-snippet:-1","max-image-preview":"max-image-preview:large","max-video-preview":"max-video-preview:-1"},"canonical":"https:\/\/informelitoral.com.ar\/marcha-contra-instalacion-de-granjas-industriales-de-cerdos-y-quemas-en-el-delta\/","og_locale":"es_ES","og_type":"article","og_title":"Marcha contra instalaci\u00f3n de granjas industriales de cerdos y quemas en el Delta - Informe Litoral","og_description":"El 6 de julio pasado, la canciller&iacute;a argentina difundi&oacute; una comunicaci&oacute;n entre el Ministro de Relaciones Exteriores y Culto, Felipe Sol&aacute;, y el ministro de Comercio de la Rep&uacute;blica Popular China, ZhongShan, donde se anuncia una &laquo;asociaci&oacute;n estrat&eacute;gica&raquo; entre ambos pa&iacute;ses, referida a la producci&oacute;n de carne porcina y se anuncia una &laquo;inversi&oacute;n mixta entre [&hellip;]","og_url":"https:\/\/informelitoral.com.ar\/marcha-contra-instalacion-de-granjas-industriales-de-cerdos-y-quemas-en-el-delta\/","og_site_name":"Informe Litoral","article_publisher":"https:\/\/www.facebook.com\/informelitoral\/","article_published_time":"2020-08-25T23:34:59+00:00","og_image":[{"width":1280,"height":853,"url":"https:\/\/informelitoral.com.ar\/%77%70%2d%63%6f%6e%74%65%6e%74\/uploads\/2020\/08\/WhatsApp-Image-2020-08-25-at-20.00.20.jpeg","type":"image\/jpeg"}],"author":"Sebastian","twitter_card":"summary_large_image","twitter_creator":"@InformeLitoral","twitter_site":"@InformeLitoral","twitter_misc":{"Escrito por":"Sebastian","Tiempo de lectura":"2 minutos"},"schema":{"@context":"https:\/\/schema.org","@graph":[{"@type":"Article","@id":"https:\/\/informelitoral.com.ar\/marcha-contra-instalacion-de-granjas-industriales-de-cerdos-y-quemas-en-el-delta\/#article","isPartOf":{"@id":"https:\/\/informelitoral.com.ar\/marcha-contra-instalacion-de-granjas-industriales-de-cerdos-y-quemas-en-el-delta\/"},"author":{"name":"Sebastian","@id":"https:\/\/informelitoral.com.ar\/#\/schema\/person\/f05f9f461677119578717524b127d6d5"},"headline":"Marcha contra instalaci\u00f3n de granjas industriales de cerdos y quemas en el Delta","datePublished":"2020-08-25T23:34:59+00:00","mainEntityOfPage":{"@id":"https:\/\/informelitoral.com.ar\/marcha-contra-instalacion-de-granjas-industriales-de-cerdos-y-quemas-en-el-delta\/"},"wordCount":389,"commentCount":0,"publisher":{"@id":"https:\/\/informelitoral.com.ar\/#organization"},"image":{"@id":"https:\/\/informelitoral.com.ar\/marcha-contra-instalacion-de-granjas-industriales-de-cerdos-y-quemas-en-el-delta\/#primaryimage"},"thumbnailUrl":"https:\/\/informelitoral.com.ar\/%77%70%2d%63%6f%6e%74%65%6e%74\/uploads\/2020\/08\/WhatsApp-Image-2020-08-25-at-20.00.20.jpeg","keywords":["Campo","Entre R\u00edos","Granja","Islas","Ley de humedales"],"articleSection":["Paran\u00e1"],"inLanguage":"es","potentialAction":[{"@type":"CommentAction","name":"Comment","target":["https:\/\/informelitoral.com.ar\/marcha-contra-instalacion-de-granjas-industriales-de-cerdos-y-quemas-en-el-delta\/#respond"]}]},{"@type":"WebPage","@id":"https:\/\/informelitoral.com.ar\/marcha-contra-instalacion-de-granjas-industriales-de-cerdos-y-quemas-en-el-delta\/","url":"https:\/\/informelitoral.com.ar\/marcha-contra-instalacion-de-granjas-industriales-de-cerdos-y-quemas-en-el-delta\/","name":"Marcha contra instalaci\u00f3n de granjas industriales de cerdos y quemas en el Delta - Informe Litoral","isPartOf":{"@id":"https:\/\/informelitoral.com.ar\/#website"},"primaryImageOfPage":{"@id":"https:\/\/informelitoral.com.ar\/marcha-contra-instalacion-de-granjas-industriales-de-cerdos-y-quemas-en-el-delta\/#primaryimage"},"image":{"@id":"https:\/\/informelitoral.com.ar\/marcha-contra-instalacion-de-granjas-industriales-de-cerdos-y-quemas-en-el-delta\/#primaryimage"},"thumbnailUrl":"https:\/\/informelitoral.com.ar\/%77%70%2d%63%6f%6e%74%65%6e%74\/uploads\/2020\/08\/WhatsApp-Image-2020-08-25-at-20.00.20.jpeg","datePublished":"2020-08-25T23:34:59+00:00","breadcrumb":{"@id":"https:\/\/informelitoral.com.ar\/marcha-contra-instalacion-de-granjas-industriales-de-cerdos-y-quemas-en-el-delta\/#breadcrumb"},"inLanguage":"es","potentialAction":[{"@type":"ReadAction","target":["https:\/\/informelitoral.com.ar\/marcha-contra-instalacion-de-granjas-industriales-de-cerdos-y-quemas-en-el-delta\/"]}]},{"@type":"ImageObject","inLanguage":"es","@id":"https:\/\/informelitoral.com.ar\/marcha-contra-instalacion-de-granjas-industriales-de-cerdos-y-quemas-en-el-delta\/#primaryimage","url":"https:\/\/informelitoral.com.ar\/%77%70%2d%63%6f%6e%74%65%6e%74\/uploads\/2020\/08\/WhatsApp-Image-2020-08-25-at-20.00.20.jpeg","contentUrl":"https:\/\/informelitoral.com.ar\/%77%70%2d%63%6f%6e%74%65%6e%74\/uploads\/2020\/08\/WhatsApp-Image-2020-08-25-at-20.00.20.jpeg","width":1280,"height":853},{"@type":"BreadcrumbList","@id":"https:\/\/informelitoral.com.ar\/marcha-contra-instalacion-de-granjas-industriales-de-cerdos-y-quemas-en-el-delta\/#breadcrumb","itemListElement":[{"@type":"ListItem","position":1,"name":"Portada","item":"https:\/\/informelitoral.com.ar\/"},{"@type":"ListItem","position":2,"name":"Marcha contra instalaci\u00f3n de granjas industriales de cerdos y quemas en el Delta"}]},{"@type":"WebSite","@id":"https:\/\/informelitoral.com.ar\/#website","url":"https:\/\/informelitoral.com.ar\/","name":"Informe Litoral","description":"&quot;Nos informamos&quot; ","publisher":{"@id":"https:\/\/informelitoral.com.ar\/#organization"},"potentialAction":[{"@type":"SearchAction","target":{"@type":"EntryPoint","urlTemplate":"https:\/\/informelitoral.com.ar\/?s={search_term_string}"},"query-input":{"@type":"PropertyValueSpecification","valueRequired":true,"valueName":"search_term_string"}}],"inLanguage":"es"},{"@type":"Organization","@id":"https:\/\/informelitoral.com.ar\/#organization","name":"Informe Litoral","url":"https:\/\/informelitoral.com.ar\/","logo":{"@type":"ImageObject","inLanguage":"es","@id":"https:\/\/informelitoral.com.ar\/#\/schema\/logo\/image\/","url":"https:\/\/informelitoral.com.ar\/%77%70%2d%63%6f%6e%74%65%6e%74\/uploads\/2021\/01\/circulo.png","contentUrl":"https:\/\/informelitoral.com.ar\/%77%70%2d%63%6f%6e%74%65%6e%74\/uploads\/2021\/01\/circulo.png","width":723,"height":731,"caption":"Informe Litoral"},"image":{"@id":"https:\/\/informelitoral.com.ar\/#\/schema\/logo\/image\/"},"sameAs":["https:\/\/www.facebook.com\/informelitoral\/","https:\/\/x.com\/InformeLitoral","https:\/\/www.instagram.com\/informelitoral\/","https:\/\/www.youtube.com\/channel\/UCua4Qvz8Icb6MYqhoq9xLXw"]},{"@type":"Person","@id":"https:\/\/informelitoral.com.ar\/#\/schema\/person\/f05f9f461677119578717524b127d6d5","name":"Sebastian","image":{"@type":"ImageObject","inLanguage":"es","@id":"https:\/\/secure.gravatar.com\/avatar\/b71bf7481d447dfb9583c7f2798e7cc64de6efb9067b74633ed8c31059a3bd82?s=96&d=mm&r=g","url":"https:\/\/secure.gravatar.com\/avatar\/b71bf7481d447dfb9583c7f2798e7cc64de6efb9067b74633ed8c31059a3bd82?s=96&d=mm&r=g","contentUrl":"https:\/\/secure.gravatar.com\/avatar\/b71bf7481d447dfb9583c7f2798e7cc64de6efb9067b74633ed8c31059a3bd82?s=96&d=mm&r=g","caption":"Sebastian"},"url":"https:\/\/informelitoral.com.ar\/author\/sebastian\/"}]}},"_links":{"self":[{"href":"https:\/\/informelitoral.com.ar\/%77%70%2d%6a%73%6f%6e\/wp\/v2\/posts\/48248","targetHints":{"allow":["GET"]}}],"collection":[{"href":"https:\/\/informelitoral.com.ar\/%77%70%2d%6a%73%6f%6e\/wp\/v2\/posts"}],"about":[{"href":"https:\/\/informelitoral.com.ar\/%77%70%2d%6a%73%6f%6e\/wp\/v2\/types\/post"}],"author":[{"embeddable":true,"href":"https:\/\/informelitoral.com.ar\/%77%70%2d%6a%73%6f%6e\/wp\/v2\/users\/8"}],"replies":[{"embeddable":true,"href":"https:\/\/informelitoral.com.ar\/%77%70%2d%6a%73%6f%6e\/wp\/v2\/comments?post=48248"}],"version-history":[{"count":0,"href":"https:\/\/informelitoral.com.ar\/%77%70%2d%6a%73%6f%6e\/wp\/v2\/posts\/48248\/revisions"}],"wp:featuredmedia":[{"embeddable":true,"href":"https:\/\/informelitoral.com.ar\/%77%70%2d%6a%73%6f%6e\/wp\/v2\/media\/48249"}],"wp:attachment":[{"href":"https:\/\/informelitoral.com.ar\/%77%70%2d%6a%73%6f%6e\/wp\/v2\/media?parent=48248"}],"wp:term":[{"taxonomy":"category","embeddable":true,"href":"https:\/\/informelitoral.com.ar\/%77%70%2d%6a%73%6f%6e\/wp\/v2\/categories?post=48248"},{"taxonomy":"post_tag","embeddable":true,"href":"https:\/\/informelitoral.com.ar\/%77%70%2d%6a%73%6f%6e\/wp\/v2\/tags?post=48248"}],"curies":[{"name":"wp","href":"https:\/\/api.w.org\/{rel}","templated":true}]}}