{"id":48023,"date":"2020-08-21T17:37:50","date_gmt":"2020-08-21T20:37:50","guid":{"rendered":"https:\/\/www.isletasnoticias.com.ar\/?p=48023"},"modified":"2020-08-21T17:37:50","modified_gmt":"2020-08-21T20:37:50","slug":"preocupa-la-reforma-judicial-que-plantea-a-medios-como-factores-de-presion-para-jueces","status":"publish","type":"post","link":"https:\/\/informelitoral.com.ar\/preocupa-la-reforma-judicial-que-plantea-a-medios-como-factores-de-presion-para-jueces\/","title":{"rendered":"Preocupa la reforma judicial que plantea a medios como factores de presi\u00f3n para jueces"},"content":{"rendered":"<p>El Foro de Periodismo Argentino expresa su preocupaci\u00f3n por el dictamen de comisi\u00f3n firmado en el Senado de la Naci\u00f3n para la reforma judicial, y advierte que se trata de un \u201cnuevo intento de sectores pol\u00edticos vinculados al Gobierno por avanzar contra la libertad de expresi\u00f3n y promover el silenciamiento period\u00edstico\u201d.<\/p>\n<p>El texto firmado por mayor\u00eda el mi\u00e9rcoles incluy\u00f3 en el inciso E del art\u00edculo 72 del proyecto de ley a los medios como factores de presi\u00f3n para los jueces. La versi\u00f3n enviada por el Poder Ejecutivo solo obligaba a \u201ccomunicar en forma inmediata al Consejo de la Magistratura cualquier intento de influencia en sus decisiones por parte de poderes pol\u00edticos o econ\u00f3micos, miembros del Poder Judicial, Ejecutivo o Legislativo, amistades o grupos de presi\u00f3n de cualquier \u00edndole, y solicitar las medidas necesarias para su resguardo\u201d.<\/p>\n<p>FOPEA advierte que, de prosperar los cambios, se fomentar\u00e1 \u201cla autocensura y se limitar\u00e1n las investigaciones period\u00edsticas, con lo cual el derecho a la informaci\u00f3n se ver\u00e1 severamente afectado en el pa\u00eds\u201d. Adem\u00e1s, en lugar de avanzar hacia un Poder Judicial \u201cm\u00e1s transparente y cercano a la sociedad, se contribuir\u00e1 a hacerlo m\u00e1s oscuro y alejado de la ciudadan\u00eda\u201d.<\/p>\n<p>\u201cNuestra organizaci\u00f3n alerta adem\u00e1s que no se trata de una intentona aislada, y considera que este dictamen consuma el proyecto que a fines del a\u00f1o pasado hab\u00edan impulsado referentes del kirchnerismo y por el cual se pretend\u00eda establecer que, si los medios \u2018afectaban\u2019 la percepci\u00f3n de inocencia sobre un acusado, se anular\u00eda su detenci\u00f3n o prisi\u00f3n preventiva\u201d, marcaron en el comunicado.<\/p>\n<p>De ese modo, FOPEA insta a los legisladores nacionales \u201ca oponerse a cualquier intento por vulnerar el trabajo period\u00edstico y a respetar los principios m\u00e1s elementales de la libertad de expresi\u00f3n consagrados en la Constituci\u00f3n Nacional y en los tratados internacionales de Derechos Humanos\u201d.<\/p>\n","protected":false},"excerpt":{"rendered":"<p>El Foro de Periodismo Argentino expresa su preocupaci&oacute;n por el dictamen de comisi&oacute;n firmado en el Senado de la Naci&oacute;n para la reforma judicial, y advierte que se trata de un &ldquo;nuevo intento de sectores pol&iacute;ticos vinculados al Gobierno por avanzar contra la libertad de expresi&oacute;n y promover el silenciamiento period&iacute;stico&rdquo;. El texto firmado por [&hellip;]<\/p>\n","protected":false},"author":8,"featured_media":48024,"comment_status":"open","ping_status":"open","sticky":false,"template":"","format":"standard","meta":{"fifu_image_url":"","fifu_image_alt":"","footnotes":""},"categories":[7],"tags":[233,1669,50,124],"class_list":{"0":"post-48023","1":"post","2":"type-post","3":"status-publish","4":"format-standard","5":"has-post-thumbnail","7":"category-nacionales","8":"tag-gobierno-nacional","9":"tag-medios-de-comunicacion","10":"tag-politica","11":"tag-sociedad"},"yoast_head":"<title>Preocupa la reforma judicial que plantea a medios como factores de presi\u00f3n para jueces - Informe Litoral<\/title>\n<meta name=\"robots\" content=\"index, follow, max-snippet:-1, max-image-preview:large, max-video-preview:-1\" \/>\n<link rel=\"canonical\" href=\"https:\/\/informelitoral.com.ar\/preocupa-la-reforma-judicial-que-plantea-a-medios-como-factores-de-presion-para-jueces\/\" \/>\n<meta property=\"og:locale\" content=\"es_ES\" \/>\n<meta property=\"og:type\" content=\"article\" \/>\n<meta property=\"og:title\" content=\"Preocupa la reforma judicial que plantea a medios como factores de presi\u00f3n para jueces - Informe Litoral\" \/>\n<meta property=\"og:description\" content=\"El Foro de Periodismo Argentino expresa su preocupaci&oacute;n por el dictamen de comisi&oacute;n firmado en el Senado de la Naci&oacute;n para la reforma judicial, y advierte que se trata de un &ldquo;nuevo intento de sectores pol&iacute;ticos vinculados al Gobierno por avanzar contra la libertad de expresi&oacute;n y promover el silenciamiento period&iacute;stico&rdquo;. El texto firmado por [&hellip;]\" \/>\n<meta property=\"og:url\" content=\"https:\/\/informelitoral.com.ar\/preocupa-la-reforma-judicial-que-plantea-a-medios-como-factores-de-presion-para-jueces\/\" \/>\n<meta property=\"og:site_name\" content=\"Informe Litoral\" \/>\n<meta property=\"article:publisher\" content=\"https:\/\/www.facebook.com\/informelitoral\/\" \/>\n<meta property=\"article:published_time\" content=\"2020-08-21T20:37:50+00:00\" \/>\n<meta property=\"og:image\" content=\"https:\/\/informelitoral.com.ar\/%77%70%2d%63%6f%6e%74%65%6e%74\/uploads\/2020\/08\/descarga.png\" \/>\n\t<meta property=\"og:image:width\" content=\"353\" \/>\n\t<meta property=\"og:image:height\" content=\"143\" \/>\n\t<meta property=\"og:image:type\" content=\"image\/png\" \/>\n<meta name=\"author\" content=\"Sebastian\" \/>\n<meta name=\"twitter:card\" content=\"summary_large_image\" \/>\n<meta name=\"twitter:creator\" content=\"@InformeLitoral\" \/>\n<meta name=\"twitter:site\" content=\"@InformeLitoral\" \/>\n<meta name=\"twitter:label1\" content=\"Escrito por\" \/>\n\t<meta name=\"twitter:data1\" content=\"Sebastian\" \/>\n\t<meta name=\"twitter:label2\" content=\"Tiempo de lectura\" \/>\n\t<meta name=\"twitter:data2\" content=\"2 minutos\" \/>\n<script type=\"application\/ld+json\" class=\"yoast-schema-graph\">{\"@context\":\"https:\\\/\\\/schema.org\",\"@graph\":[{\"@type\":\"Article\",\"@id\":\"https:\\\/\\\/informelitoral.com.ar\\\/preocupa-la-reforma-judicial-que-plantea-a-medios-como-factores-de-presion-para-jueces\\\/#article\",\"isPartOf\":{\"@id\":\"https:\\\/\\\/informelitoral.com.ar\\\/preocupa-la-reforma-judicial-que-plantea-a-medios-como-factores-de-presion-para-jueces\\\/\"},\"author\":{\"name\":\"Sebastian\",\"@id\":\"https:\\\/\\\/informelitoral.com.ar\\\/#\\\/schema\\\/person\\\/f05f9f461677119578717524b127d6d5\"},\"headline\":\"Preocupa la reforma judicial que plantea a medios como factores de presi\u00f3n para jueces\",\"datePublished\":\"2020-08-21T20:37:50+00:00\",\"mainEntityOfPage\":{\"@id\":\"https:\\\/\\\/informelitoral.com.ar\\\/preocupa-la-reforma-judicial-que-plantea-a-medios-como-factores-de-presion-para-jueces\\\/\"},\"wordCount\":349,\"commentCount\":0,\"publisher\":{\"@id\":\"https:\\\/\\\/informelitoral.com.ar\\\/#organization\"},\"image\":{\"@id\":\"https:\\\/\\\/informelitoral.com.ar\\\/preocupa-la-reforma-judicial-que-plantea-a-medios-como-factores-de-presion-para-jueces\\\/#primaryimage\"},\"thumbnailUrl\":\"https:\\\/\\\/informelitoral.com.ar\\\/%77%70%2d%63%6f%6e%74%65%6e%74\\\/uploads\\\/2020\\\/08\\\/descarga.png\",\"keywords\":[\"Gobierno nacional\",\"Medios de Comunicaci\u00f3n\",\"Pol\u00edtica\",\"Sociedad\"],\"articleSection\":[\"Nacionales\"],\"inLanguage\":\"es\",\"potentialAction\":[{\"@type\":\"CommentAction\",\"name\":\"Comment\",\"target\":[\"https:\\\/\\\/informelitoral.com.ar\\\/preocupa-la-reforma-judicial-que-plantea-a-medios-como-factores-de-presion-para-jueces\\\/#respond\"]}]},{\"@type\":\"WebPage\",\"@id\":\"https:\\\/\\\/informelitoral.com.ar\\\/preocupa-la-reforma-judicial-que-plantea-a-medios-como-factores-de-presion-para-jueces\\\/\",\"url\":\"https:\\\/\\\/informelitoral.com.ar\\\/preocupa-la-reforma-judicial-que-plantea-a-medios-como-factores-de-presion-para-jueces\\\/\",\"name\":\"Preocupa la reforma judicial que plantea a medios como factores de presi\u00f3n para jueces - Informe Litoral\",\"isPartOf\":{\"@id\":\"https:\\\/\\\/informelitoral.com.ar\\\/#website\"},\"primaryImageOfPage\":{\"@id\":\"https:\\\/\\\/informelitoral.com.ar\\\/preocupa-la-reforma-judicial-que-plantea-a-medios-como-factores-de-presion-para-jueces\\\/#primaryimage\"},\"image\":{\"@id\":\"https:\\\/\\\/informelitoral.com.ar\\\/preocupa-la-reforma-judicial-que-plantea-a-medios-como-factores-de-presion-para-jueces\\\/#primaryimage\"},\"thumbnailUrl\":\"https:\\\/\\\/informelitoral.com.ar\\\/%77%70%2d%63%6f%6e%74%65%6e%74\\\/uploads\\\/2020\\\/08\\\/descarga.png\",\"datePublished\":\"2020-08-21T20:37:50+00:00\",\"breadcrumb\":{\"@id\":\"https:\\\/\\\/informelitoral.com.ar\\\/preocupa-la-reforma-judicial-que-plantea-a-medios-como-factores-de-presion-para-jueces\\\/#breadcrumb\"},\"inLanguage\":\"es\",\"potentialAction\":[{\"@type\":\"ReadAction\",\"target\":[\"https:\\\/\\\/informelitoral.com.ar\\\/preocupa-la-reforma-judicial-que-plantea-a-medios-como-factores-de-presion-para-jueces\\\/\"]}]},{\"@type\":\"ImageObject\",\"inLanguage\":\"es\",\"@id\":\"https:\\\/\\\/informelitoral.com.ar\\\/preocupa-la-reforma-judicial-que-plantea-a-medios-como-factores-de-presion-para-jueces\\\/#primaryimage\",\"url\":\"https:\\\/\\\/informelitoral.com.ar\\\/%77%70%2d%63%6f%6e%74%65%6e%74\\\/uploads\\\/2020\\\/08\\\/descarga.png\",\"contentUrl\":\"https:\\\/\\\/informelitoral.com.ar\\\/%77%70%2d%63%6f%6e%74%65%6e%74\\\/uploads\\\/2020\\\/08\\\/descarga.png\",\"width\":353,\"height\":143},{\"@type\":\"BreadcrumbList\",\"@id\":\"https:\\\/\\\/informelitoral.com.ar\\\/preocupa-la-reforma-judicial-que-plantea-a-medios-como-factores-de-presion-para-jueces\\\/#breadcrumb\",\"itemListElement\":[{\"@type\":\"ListItem\",\"position\":1,\"name\":\"Portada\",\"item\":\"https:\\\/\\\/informelitoral.com.ar\\\/\"},{\"@type\":\"ListItem\",\"position\":2,\"name\":\"Preocupa la reforma judicial que plantea a medios como factores de presi\u00f3n para jueces\"}]},{\"@type\":\"WebSite\",\"@id\":\"https:\\\/\\\/informelitoral.com.ar\\\/#website\",\"url\":\"https:\\\/\\\/informelitoral.com.ar\\\/\",\"name\":\"Informe Litoral\",\"description\":\"&quot;Nos informamos&quot; \",\"publisher\":{\"@id\":\"https:\\\/\\\/informelitoral.com.ar\\\/#organization\"},\"potentialAction\":[{\"@type\":\"SearchAction\",\"target\":{\"@type\":\"EntryPoint\",\"urlTemplate\":\"https:\\\/\\\/informelitoral.com.ar\\\/?s={search_term_string}\"},\"query-input\":{\"@type\":\"PropertyValueSpecification\",\"valueRequired\":true,\"valueName\":\"search_term_string\"}}],\"inLanguage\":\"es\"},{\"@type\":\"Organization\",\"@id\":\"https:\\\/\\\/informelitoral.com.ar\\\/#organization\",\"name\":\"Informe Litoral\",\"url\":\"https:\\\/\\\/informelitoral.com.ar\\\/\",\"logo\":{\"@type\":\"ImageObject\",\"inLanguage\":\"es\",\"@id\":\"https:\\\/\\\/informelitoral.com.ar\\\/#\\\/schema\\\/logo\\\/image\\\/\",\"url\":\"https:\\\/\\\/informelitoral.com.ar\\\/%77%70%2d%63%6f%6e%74%65%6e%74\\\/uploads\\\/2021\\\/01\\\/circulo.png\",\"contentUrl\":\"https:\\\/\\\/informelitoral.com.ar\\\/%77%70%2d%63%6f%6e%74%65%6e%74\\\/uploads\\\/2021\\\/01\\\/circulo.png\",\"width\":723,\"height\":731,\"caption\":\"Informe Litoral\"},\"image\":{\"@id\":\"https:\\\/\\\/informelitoral.com.ar\\\/#\\\/schema\\\/logo\\\/image\\\/\"},\"sameAs\":[\"https:\\\/\\\/www.facebook.com\\\/informelitoral\\\/\",\"https:\\\/\\\/x.com\\\/InformeLitoral\",\"https:\\\/\\\/www.instagram.com\\\/informelitoral\\\/\",\"https:\\\/\\\/www.youtube.com\\\/channel\\\/UCua4Qvz8Icb6MYqhoq9xLXw\"]},{\"@type\":\"Person\",\"@id\":\"https:\\\/\\\/informelitoral.com.ar\\\/#\\\/schema\\\/person\\\/f05f9f461677119578717524b127d6d5\",\"name\":\"Sebastian\",\"image\":{\"@type\":\"ImageObject\",\"inLanguage\":\"es\",\"@id\":\"https:\\\/\\\/secure.gravatar.com\\\/avatar\\\/b71bf7481d447dfb9583c7f2798e7cc64de6efb9067b74633ed8c31059a3bd82?s=96&d=mm&r=g\",\"url\":\"https:\\\/\\\/secure.gravatar.com\\\/avatar\\\/b71bf7481d447dfb9583c7f2798e7cc64de6efb9067b74633ed8c31059a3bd82?s=96&d=mm&r=g\",\"contentUrl\":\"https:\\\/\\\/secure.gravatar.com\\\/avatar\\\/b71bf7481d447dfb9583c7f2798e7cc64de6efb9067b74633ed8c31059a3bd82?s=96&d=mm&r=g\",\"caption\":\"Sebastian\"},\"url\":\"https:\\\/\\\/informelitoral.com.ar\\\/author\\\/sebastian\\\/\"}]}<\/script>","yoast_head_json":{"title":"Preocupa la reforma judicial que plantea a medios como factores de presi\u00f3n para jueces - Informe Litoral","robots":{"index":"index","follow":"follow","max-snippet":"max-snippet:-1","max-image-preview":"max-image-preview:large","max-video-preview":"max-video-preview:-1"},"canonical":"https:\/\/informelitoral.com.ar\/preocupa-la-reforma-judicial-que-plantea-a-medios-como-factores-de-presion-para-jueces\/","og_locale":"es_ES","og_type":"article","og_title":"Preocupa la reforma judicial que plantea a medios como factores de presi\u00f3n para jueces - Informe Litoral","og_description":"El Foro de Periodismo Argentino expresa su preocupaci&oacute;n por el dictamen de comisi&oacute;n firmado en el Senado de la Naci&oacute;n para la reforma judicial, y advierte que se trata de un &ldquo;nuevo intento de sectores pol&iacute;ticos vinculados al Gobierno por avanzar contra la libertad de expresi&oacute;n y promover el silenciamiento period&iacute;stico&rdquo;. El texto firmado por [&hellip;]","og_url":"https:\/\/informelitoral.com.ar\/preocupa-la-reforma-judicial-que-plantea-a-medios-como-factores-de-presion-para-jueces\/","og_site_name":"Informe Litoral","article_publisher":"https:\/\/www.facebook.com\/informelitoral\/","article_published_time":"2020-08-21T20:37:50+00:00","og_image":[{"width":353,"height":143,"url":"https:\/\/informelitoral.com.ar\/%77%70%2d%63%6f%6e%74%65%6e%74\/uploads\/2020\/08\/descarga.png","type":"image\/png"}],"author":"Sebastian","twitter_card":"summary_large_image","twitter_creator":"@InformeLitoral","twitter_site":"@InformeLitoral","twitter_misc":{"Escrito por":"Sebastian","Tiempo de lectura":"2 minutos"},"schema":{"@context":"https:\/\/schema.org","@graph":[{"@type":"Article","@id":"https:\/\/informelitoral.com.ar\/preocupa-la-reforma-judicial-que-plantea-a-medios-como-factores-de-presion-para-jueces\/#article","isPartOf":{"@id":"https:\/\/informelitoral.com.ar\/preocupa-la-reforma-judicial-que-plantea-a-medios-como-factores-de-presion-para-jueces\/"},"author":{"name":"Sebastian","@id":"https:\/\/informelitoral.com.ar\/#\/schema\/person\/f05f9f461677119578717524b127d6d5"},"headline":"Preocupa la reforma judicial que plantea a medios como factores de presi\u00f3n para jueces","datePublished":"2020-08-21T20:37:50+00:00","mainEntityOfPage":{"@id":"https:\/\/informelitoral.com.ar\/preocupa-la-reforma-judicial-que-plantea-a-medios-como-factores-de-presion-para-jueces\/"},"wordCount":349,"commentCount":0,"publisher":{"@id":"https:\/\/informelitoral.com.ar\/#organization"},"image":{"@id":"https:\/\/informelitoral.com.ar\/preocupa-la-reforma-judicial-que-plantea-a-medios-como-factores-de-presion-para-jueces\/#primaryimage"},"thumbnailUrl":"https:\/\/informelitoral.com.ar\/%77%70%2d%63%6f%6e%74%65%6e%74\/uploads\/2020\/08\/descarga.png","keywords":["Gobierno nacional","Medios de Comunicaci\u00f3n","Pol\u00edtica","Sociedad"],"articleSection":["Nacionales"],"inLanguage":"es","potentialAction":[{"@type":"CommentAction","name":"Comment","target":["https:\/\/informelitoral.com.ar\/preocupa-la-reforma-judicial-que-plantea-a-medios-como-factores-de-presion-para-jueces\/#respond"]}]},{"@type":"WebPage","@id":"https:\/\/informelitoral.com.ar\/preocupa-la-reforma-judicial-que-plantea-a-medios-como-factores-de-presion-para-jueces\/","url":"https:\/\/informelitoral.com.ar\/preocupa-la-reforma-judicial-que-plantea-a-medios-como-factores-de-presion-para-jueces\/","name":"Preocupa la reforma judicial que plantea a medios como factores de presi\u00f3n para jueces - Informe Litoral","isPartOf":{"@id":"https:\/\/informelitoral.com.ar\/#website"},"primaryImageOfPage":{"@id":"https:\/\/informelitoral.com.ar\/preocupa-la-reforma-judicial-que-plantea-a-medios-como-factores-de-presion-para-jueces\/#primaryimage"},"image":{"@id":"https:\/\/informelitoral.com.ar\/preocupa-la-reforma-judicial-que-plantea-a-medios-como-factores-de-presion-para-jueces\/#primaryimage"},"thumbnailUrl":"https:\/\/informelitoral.com.ar\/%77%70%2d%63%6f%6e%74%65%6e%74\/uploads\/2020\/08\/descarga.png","datePublished":"2020-08-21T20:37:50+00:00","breadcrumb":{"@id":"https:\/\/informelitoral.com.ar\/preocupa-la-reforma-judicial-que-plantea-a-medios-como-factores-de-presion-para-jueces\/#breadcrumb"},"inLanguage":"es","potentialAction":[{"@type":"ReadAction","target":["https:\/\/informelitoral.com.ar\/preocupa-la-reforma-judicial-que-plantea-a-medios-como-factores-de-presion-para-jueces\/"]}]},{"@type":"ImageObject","inLanguage":"es","@id":"https:\/\/informelitoral.com.ar\/preocupa-la-reforma-judicial-que-plantea-a-medios-como-factores-de-presion-para-jueces\/#primaryimage","url":"https:\/\/informelitoral.com.ar\/%77%70%2d%63%6f%6e%74%65%6e%74\/uploads\/2020\/08\/descarga.png","contentUrl":"https:\/\/informelitoral.com.ar\/%77%70%2d%63%6f%6e%74%65%6e%74\/uploads\/2020\/08\/descarga.png","width":353,"height":143},{"@type":"BreadcrumbList","@id":"https:\/\/informelitoral.com.ar\/preocupa-la-reforma-judicial-que-plantea-a-medios-como-factores-de-presion-para-jueces\/#breadcrumb","itemListElement":[{"@type":"ListItem","position":1,"name":"Portada","item":"https:\/\/informelitoral.com.ar\/"},{"@type":"ListItem","position":2,"name":"Preocupa la reforma judicial que plantea a medios como factores de presi\u00f3n para jueces"}]},{"@type":"WebSite","@id":"https:\/\/informelitoral.com.ar\/#website","url":"https:\/\/informelitoral.com.ar\/","name":"Informe Litoral","description":"&quot;Nos informamos&quot; ","publisher":{"@id":"https:\/\/informelitoral.com.ar\/#organization"},"potentialAction":[{"@type":"SearchAction","target":{"@type":"EntryPoint","urlTemplate":"https:\/\/informelitoral.com.ar\/?s={search_term_string}"},"query-input":{"@type":"PropertyValueSpecification","valueRequired":true,"valueName":"search_term_string"}}],"inLanguage":"es"},{"@type":"Organization","@id":"https:\/\/informelitoral.com.ar\/#organization","name":"Informe Litoral","url":"https:\/\/informelitoral.com.ar\/","logo":{"@type":"ImageObject","inLanguage":"es","@id":"https:\/\/informelitoral.com.ar\/#\/schema\/logo\/image\/","url":"https:\/\/informelitoral.com.ar\/%77%70%2d%63%6f%6e%74%65%6e%74\/uploads\/2021\/01\/circulo.png","contentUrl":"https:\/\/informelitoral.com.ar\/%77%70%2d%63%6f%6e%74%65%6e%74\/uploads\/2021\/01\/circulo.png","width":723,"height":731,"caption":"Informe Litoral"},"image":{"@id":"https:\/\/informelitoral.com.ar\/#\/schema\/logo\/image\/"},"sameAs":["https:\/\/www.facebook.com\/informelitoral\/","https:\/\/x.com\/InformeLitoral","https:\/\/www.instagram.com\/informelitoral\/","https:\/\/www.youtube.com\/channel\/UCua4Qvz8Icb6MYqhoq9xLXw"]},{"@type":"Person","@id":"https:\/\/informelitoral.com.ar\/#\/schema\/person\/f05f9f461677119578717524b127d6d5","name":"Sebastian","image":{"@type":"ImageObject","inLanguage":"es","@id":"https:\/\/secure.gravatar.com\/avatar\/b71bf7481d447dfb9583c7f2798e7cc64de6efb9067b74633ed8c31059a3bd82?s=96&d=mm&r=g","url":"https:\/\/secure.gravatar.com\/avatar\/b71bf7481d447dfb9583c7f2798e7cc64de6efb9067b74633ed8c31059a3bd82?s=96&d=mm&r=g","contentUrl":"https:\/\/secure.gravatar.com\/avatar\/b71bf7481d447dfb9583c7f2798e7cc64de6efb9067b74633ed8c31059a3bd82?s=96&d=mm&r=g","caption":"Sebastian"},"url":"https:\/\/informelitoral.com.ar\/author\/sebastian\/"}]}},"_links":{"self":[{"href":"https:\/\/informelitoral.com.ar\/%77%70%2d%6a%73%6f%6e\/wp\/v2\/posts\/48023","targetHints":{"allow":["GET"]}}],"collection":[{"href":"https:\/\/informelitoral.com.ar\/%77%70%2d%6a%73%6f%6e\/wp\/v2\/posts"}],"about":[{"href":"https:\/\/informelitoral.com.ar\/%77%70%2d%6a%73%6f%6e\/wp\/v2\/types\/post"}],"author":[{"embeddable":true,"href":"https:\/\/informelitoral.com.ar\/%77%70%2d%6a%73%6f%6e\/wp\/v2\/users\/8"}],"replies":[{"embeddable":true,"href":"https:\/\/informelitoral.com.ar\/%77%70%2d%6a%73%6f%6e\/wp\/v2\/comments?post=48023"}],"version-history":[{"count":0,"href":"https:\/\/informelitoral.com.ar\/%77%70%2d%6a%73%6f%6e\/wp\/v2\/posts\/48023\/revisions"}],"wp:featuredmedia":[{"embeddable":true,"href":"https:\/\/informelitoral.com.ar\/%77%70%2d%6a%73%6f%6e\/wp\/v2\/media\/48024"}],"wp:attachment":[{"href":"https:\/\/informelitoral.com.ar\/%77%70%2d%6a%73%6f%6e\/wp\/v2\/media?parent=48023"}],"wp:term":[{"taxonomy":"category","embeddable":true,"href":"https:\/\/informelitoral.com.ar\/%77%70%2d%6a%73%6f%6e\/wp\/v2\/categories?post=48023"},{"taxonomy":"post_tag","embeddable":true,"href":"https:\/\/informelitoral.com.ar\/%77%70%2d%6a%73%6f%6e\/wp\/v2\/tags?post=48023"}],"curies":[{"name":"wp","href":"https:\/\/api.w.org\/{rel}","templated":true}]}}