{"id":47947,"date":"2020-08-20T17:27:55","date_gmt":"2020-08-20T20:27:55","guid":{"rendered":"https:\/\/www.isletasnoticias.com.ar\/?p=47947"},"modified":"2020-08-20T17:27:55","modified_gmt":"2020-08-20T20:27:55","slug":"la-actividad-economica-cayo-123-interanual-en-junio","status":"publish","type":"post","link":"https:\/\/informelitoral.com.ar\/la-actividad-economica-cayo-123-interanual-en-junio\/","title":{"rendered":"La actividad econ\u00f3mica cay\u00f3 12,3% interanual en junio"},"content":{"rendered":"<p>El Estimador Mensual de la Actividad Econ\u00f3mica (EMAE) exhibi\u00f3 una contracci\u00f3n de 12,3% interanual en junio, afectado principalmente por la ca\u00edda de los rubros de la construcci\u00f3n, la industria y el comercio debido a la extensi\u00f3n de la cuarentena.<\/p>\n<p>En los primeros seis meses del a\u00f1o el EMAE acumul\u00f3 una ca\u00edda de 12,9% con relaci\u00f3n al mismo per\u00edodo de 2019. En la medici\u00f3n de la serie desestacionalizada, el EMAE de junio mostr\u00f3 un incremento de 7,4% con relaci\u00f3n al mes anterior y recuper\u00f3 parte de la retracci\u00f3n acumulada en el per\u00edodo marzo-abril.<\/p>\n<p>\u201cLa mejora obedeci\u00f3 fundamentalmente a una mayor flexibilizaci\u00f3n de las restricciones a la circulaci\u00f3n, principalmente en la industria y el comercio, sobre todo en las provincias menos afectadas por la COVID-19\u2033, afirm\u00f3 el informe del Indec.<\/p>\n<p>Con excepci\u00f3n de Intermediaci\u00f3n financiera (4,8%) y Electricidad, gas y agua (3,6%), que en conjunto incidieron positivamente en 0,2 p.p., el resto de los sectores registr\u00f3 ca\u00eddas en junio con respecto al mismo mes de 2019. Los sectores Otras actividades de servicios comunitarios, sociales y personales (-63,2%) y Hoteles y restaurantes (-62,7%) fueron los de mayor ca\u00edda interanual en junio.<\/p>\n<p>Gabriel Caama\u00f1o de Ecoledesma explic\u00f3 que \u201cel segundo trimestre de 2020 qued\u00f3 19,6% por debajo del mismo per\u00edodo de 2019 (esper\u00e1bamos -20,5%) y -16,6% por debajo del primer trimestre de 2020\u201d, public\u00f3\u00a0<em>Infobae<\/em>.<\/p>\n<p>\u201cEn junio, la actividad continu\u00f3 en rojo, a pesar de un crecimiento desestacionalizado (respecto al mes previo)\u201d, afirm\u00f3 Mat\u00edas Rajnerman, analista de la consultora Ecolatina.<\/p>\n<p>La actividad econ\u00f3mica argentina, que atraviesa por una prolongada recesi\u00f3n y alta inflaci\u00f3n, sigue condicionada desde fines de marzo por las medidas de aislamiento obligatorio, con el fin de reducir la propagaci\u00f3n de la pandemia de coronavirus.<\/p>\n<p>\u201cEl principal factor explicativo es la cuarentena. Mientras que las restricciones se relajaron entre junio y mayo, y por eso el n\u00famero positivo (intermensual), obviamente se endurecieron entre junio 2019 y junio 2020 y de ah\u00ed el desplome interanual\u201d, a\u00f1adi\u00f3 Rajnerman.<\/p>\n<p>\u201cEntre los sectores, los que exhiben la mayor incidencia en la ca\u00edda general siguen siendo la construcci\u00f3n, el comercio y la industria, aunque vale aclarar que en todos los casos las variaciones negativas fueron menores a las observadas durante abril y mayo\u201d, indic\u00f3 un informe de la consultora Orlando Ferreres &amp; Asociados.<\/p>\n<p>Un informe de la Uni\u00f3n Industrial Argentina (UIA) refiri\u00f3 que en junio, la actividad industrial se contrajo -10,7% interanual y registr\u00f3 un rebote de 17,7% mensual en la medici\u00f3n desestacionalizada. Con estos datos, en el primer semestre de 2020 se acumul\u00f3 una baja de -13,8% respecto a igual per\u00edodo del a\u00f1o anterior.<\/p>\n<p>El EMAE, seg\u00fan datos del Indec\u00a0registr\u00f3 en abril y mayo pasados una importante contracci\u00f3n del 26,3% y 20,6%, respectivamente.<\/p>\n","protected":false},"excerpt":{"rendered":"<p>El Estimador Mensual de la Actividad Econ&oacute;mica (EMAE) exhibi&oacute; una contracci&oacute;n de 12,3% interanual en junio, afectado principalmente por la ca&iacute;da de los rubros de la construcci&oacute;n, la industria y el comercio debido a la extensi&oacute;n de la cuarentena. En los primeros seis meses del a&ntilde;o el EMAE acumul&oacute; una ca&iacute;da de 12,9% con relaci&oacute;n [&hellip;]<\/p>\n","protected":false},"author":8,"featured_media":42542,"comment_status":"open","ping_status":"open","sticky":false,"template":"","format":"standard","meta":{"fifu_image_url":"","fifu_image_alt":"","footnotes":""},"categories":[9],"tags":[1426,1481,233,652],"class_list":{"0":"post-47947","1":"post","2":"type-post","3":"status-publish","4":"format-standard","5":"has-post-thumbnail","7":"category-sociedad","8":"tag-coronavirus","9":"tag-covid-19","10":"tag-gobierno-nacional","11":"tag-salud-publica"},"yoast_head":"<title>La actividad econ\u00f3mica cay\u00f3 12,3% interanual en junio - Informe Litoral<\/title>\n<meta name=\"robots\" content=\"index, follow, max-snippet:-1, max-image-preview:large, max-video-preview:-1\" \/>\n<link rel=\"canonical\" href=\"https:\/\/informelitoral.com.ar\/la-actividad-economica-cayo-123-interanual-en-junio\/\" \/>\n<meta property=\"og:locale\" content=\"es_ES\" \/>\n<meta property=\"og:type\" content=\"article\" \/>\n<meta property=\"og:title\" content=\"La actividad econ\u00f3mica cay\u00f3 12,3% interanual en junio - Informe Litoral\" \/>\n<meta property=\"og:description\" content=\"El Estimador Mensual de la Actividad Econ&oacute;mica (EMAE) exhibi&oacute; una contracci&oacute;n de 12,3% interanual en junio, afectado principalmente por la ca&iacute;da de los rubros de la construcci&oacute;n, la industria y el comercio debido a la extensi&oacute;n de la cuarentena. En los primeros seis meses del a&ntilde;o el EMAE acumul&oacute; una ca&iacute;da de 12,9% con relaci&oacute;n [&hellip;]\" \/>\n<meta property=\"og:url\" content=\"https:\/\/informelitoral.com.ar\/la-actividad-economica-cayo-123-interanual-en-junio\/\" \/>\n<meta property=\"og:site_name\" content=\"Informe Litoral\" \/>\n<meta property=\"article:publisher\" content=\"https:\/\/www.facebook.com\/informelitoral\/\" \/>\n<meta property=\"article:published_time\" content=\"2020-08-20T20:27:55+00:00\" \/>\n<meta property=\"og:image\" content=\"https:\/\/informelitoral.com.ar\/%77%70%2d%63%6f%6e%74%65%6e%74\/uploads\/2020\/04\/empresa-trabajador.jpg\" \/>\n\t<meta property=\"og:image:width\" content=\"800\" \/>\n\t<meta property=\"og:image:height\" content=\"458\" \/>\n\t<meta property=\"og:image:type\" content=\"image\/jpeg\" \/>\n<meta name=\"author\" content=\"Sebastian\" \/>\n<meta name=\"twitter:card\" content=\"summary_large_image\" \/>\n<meta name=\"twitter:creator\" content=\"@InformeLitoral\" \/>\n<meta name=\"twitter:site\" content=\"@InformeLitoral\" \/>\n<meta name=\"twitter:label1\" content=\"Escrito por\" \/>\n\t<meta name=\"twitter:data1\" content=\"Sebastian\" \/>\n\t<meta name=\"twitter:label2\" content=\"Tiempo de lectura\" \/>\n\t<meta name=\"twitter:data2\" content=\"2 minutos\" \/>\n<script type=\"application\/ld+json\" class=\"yoast-schema-graph\">{\"@context\":\"https:\\\/\\\/schema.org\",\"@graph\":[{\"@type\":\"Article\",\"@id\":\"https:\\\/\\\/informelitoral.com.ar\\\/la-actividad-economica-cayo-123-interanual-en-junio\\\/#article\",\"isPartOf\":{\"@id\":\"https:\\\/\\\/informelitoral.com.ar\\\/la-actividad-economica-cayo-123-interanual-en-junio\\\/\"},\"author\":{\"name\":\"Sebastian\",\"@id\":\"https:\\\/\\\/informelitoral.com.ar\\\/#\\\/schema\\\/person\\\/f05f9f461677119578717524b127d6d5\"},\"headline\":\"La actividad econ\u00f3mica cay\u00f3 12,3% interanual en junio\",\"datePublished\":\"2020-08-20T20:27:55+00:00\",\"mainEntityOfPage\":{\"@id\":\"https:\\\/\\\/informelitoral.com.ar\\\/la-actividad-economica-cayo-123-interanual-en-junio\\\/\"},\"wordCount\":476,\"commentCount\":0,\"publisher\":{\"@id\":\"https:\\\/\\\/informelitoral.com.ar\\\/#organization\"},\"image\":{\"@id\":\"https:\\\/\\\/informelitoral.com.ar\\\/la-actividad-economica-cayo-123-interanual-en-junio\\\/#primaryimage\"},\"thumbnailUrl\":\"https:\\\/\\\/informelitoral.com.ar\\\/%77%70%2d%63%6f%6e%74%65%6e%74\\\/uploads\\\/2020\\\/04\\\/empresa-trabajador.jpg\",\"keywords\":[\"Coronavirus\",\"COVID-19\",\"Gobierno nacional\",\"Salud p\u00fablica\"],\"articleSection\":[\"Sociedad\"],\"inLanguage\":\"es\",\"potentialAction\":[{\"@type\":\"CommentAction\",\"name\":\"Comment\",\"target\":[\"https:\\\/\\\/informelitoral.com.ar\\\/la-actividad-economica-cayo-123-interanual-en-junio\\\/#respond\"]}]},{\"@type\":\"WebPage\",\"@id\":\"https:\\\/\\\/informelitoral.com.ar\\\/la-actividad-economica-cayo-123-interanual-en-junio\\\/\",\"url\":\"https:\\\/\\\/informelitoral.com.ar\\\/la-actividad-economica-cayo-123-interanual-en-junio\\\/\",\"name\":\"La actividad econ\u00f3mica cay\u00f3 12,3% interanual en junio - Informe Litoral\",\"isPartOf\":{\"@id\":\"https:\\\/\\\/informelitoral.com.ar\\\/#website\"},\"primaryImageOfPage\":{\"@id\":\"https:\\\/\\\/informelitoral.com.ar\\\/la-actividad-economica-cayo-123-interanual-en-junio\\\/#primaryimage\"},\"image\":{\"@id\":\"https:\\\/\\\/informelitoral.com.ar\\\/la-actividad-economica-cayo-123-interanual-en-junio\\\/#primaryimage\"},\"thumbnailUrl\":\"https:\\\/\\\/informelitoral.com.ar\\\/%77%70%2d%63%6f%6e%74%65%6e%74\\\/uploads\\\/2020\\\/04\\\/empresa-trabajador.jpg\",\"datePublished\":\"2020-08-20T20:27:55+00:00\",\"breadcrumb\":{\"@id\":\"https:\\\/\\\/informelitoral.com.ar\\\/la-actividad-economica-cayo-123-interanual-en-junio\\\/#breadcrumb\"},\"inLanguage\":\"es\",\"potentialAction\":[{\"@type\":\"ReadAction\",\"target\":[\"https:\\\/\\\/informelitoral.com.ar\\\/la-actividad-economica-cayo-123-interanual-en-junio\\\/\"]}]},{\"@type\":\"ImageObject\",\"inLanguage\":\"es\",\"@id\":\"https:\\\/\\\/informelitoral.com.ar\\\/la-actividad-economica-cayo-123-interanual-en-junio\\\/#primaryimage\",\"url\":\"https:\\\/\\\/informelitoral.com.ar\\\/%77%70%2d%63%6f%6e%74%65%6e%74\\\/uploads\\\/2020\\\/04\\\/empresa-trabajador.jpg\",\"contentUrl\":\"https:\\\/\\\/informelitoral.com.ar\\\/%77%70%2d%63%6f%6e%74%65%6e%74\\\/uploads\\\/2020\\\/04\\\/empresa-trabajador.jpg\",\"width\":800,\"height\":458},{\"@type\":\"BreadcrumbList\",\"@id\":\"https:\\\/\\\/informelitoral.com.ar\\\/la-actividad-economica-cayo-123-interanual-en-junio\\\/#breadcrumb\",\"itemListElement\":[{\"@type\":\"ListItem\",\"position\":1,\"name\":\"Portada\",\"item\":\"https:\\\/\\\/informelitoral.com.ar\\\/\"},{\"@type\":\"ListItem\",\"position\":2,\"name\":\"La actividad econ\u00f3mica cay\u00f3 12,3% interanual en junio\"}]},{\"@type\":\"WebSite\",\"@id\":\"https:\\\/\\\/informelitoral.com.ar\\\/#website\",\"url\":\"https:\\\/\\\/informelitoral.com.ar\\\/\",\"name\":\"Informe Litoral\",\"description\":\"&quot;Nos informamos&quot; \",\"publisher\":{\"@id\":\"https:\\\/\\\/informelitoral.com.ar\\\/#organization\"},\"potentialAction\":[{\"@type\":\"SearchAction\",\"target\":{\"@type\":\"EntryPoint\",\"urlTemplate\":\"https:\\\/\\\/informelitoral.com.ar\\\/?s={search_term_string}\"},\"query-input\":{\"@type\":\"PropertyValueSpecification\",\"valueRequired\":true,\"valueName\":\"search_term_string\"}}],\"inLanguage\":\"es\"},{\"@type\":\"Organization\",\"@id\":\"https:\\\/\\\/informelitoral.com.ar\\\/#organization\",\"name\":\"Informe Litoral\",\"url\":\"https:\\\/\\\/informelitoral.com.ar\\\/\",\"logo\":{\"@type\":\"ImageObject\",\"inLanguage\":\"es\",\"@id\":\"https:\\\/\\\/informelitoral.com.ar\\\/#\\\/schema\\\/logo\\\/image\\\/\",\"url\":\"https:\\\/\\\/informelitoral.com.ar\\\/%77%70%2d%63%6f%6e%74%65%6e%74\\\/uploads\\\/2021\\\/01\\\/circulo.png\",\"contentUrl\":\"https:\\\/\\\/informelitoral.com.ar\\\/%77%70%2d%63%6f%6e%74%65%6e%74\\\/uploads\\\/2021\\\/01\\\/circulo.png\",\"width\":723,\"height\":731,\"caption\":\"Informe Litoral\"},\"image\":{\"@id\":\"https:\\\/\\\/informelitoral.com.ar\\\/#\\\/schema\\\/logo\\\/image\\\/\"},\"sameAs\":[\"https:\\\/\\\/www.facebook.com\\\/informelitoral\\\/\",\"https:\\\/\\\/x.com\\\/InformeLitoral\",\"https:\\\/\\\/www.instagram.com\\\/informelitoral\\\/\",\"https:\\\/\\\/www.youtube.com\\\/channel\\\/UCua4Qvz8Icb6MYqhoq9xLXw\"]},{\"@type\":\"Person\",\"@id\":\"https:\\\/\\\/informelitoral.com.ar\\\/#\\\/schema\\\/person\\\/f05f9f461677119578717524b127d6d5\",\"name\":\"Sebastian\",\"image\":{\"@type\":\"ImageObject\",\"inLanguage\":\"es\",\"@id\":\"https:\\\/\\\/secure.gravatar.com\\\/avatar\\\/b71bf7481d447dfb9583c7f2798e7cc64de6efb9067b74633ed8c31059a3bd82?s=96&d=mm&r=g\",\"url\":\"https:\\\/\\\/secure.gravatar.com\\\/avatar\\\/b71bf7481d447dfb9583c7f2798e7cc64de6efb9067b74633ed8c31059a3bd82?s=96&d=mm&r=g\",\"contentUrl\":\"https:\\\/\\\/secure.gravatar.com\\\/avatar\\\/b71bf7481d447dfb9583c7f2798e7cc64de6efb9067b74633ed8c31059a3bd82?s=96&d=mm&r=g\",\"caption\":\"Sebastian\"},\"url\":\"https:\\\/\\\/informelitoral.com.ar\\\/author\\\/sebastian\\\/\"}]}<\/script>","yoast_head_json":{"title":"La actividad econ\u00f3mica cay\u00f3 12,3% interanual en junio - Informe Litoral","robots":{"index":"index","follow":"follow","max-snippet":"max-snippet:-1","max-image-preview":"max-image-preview:large","max-video-preview":"max-video-preview:-1"},"canonical":"https:\/\/informelitoral.com.ar\/la-actividad-economica-cayo-123-interanual-en-junio\/","og_locale":"es_ES","og_type":"article","og_title":"La actividad econ\u00f3mica cay\u00f3 12,3% interanual en junio - Informe Litoral","og_description":"El Estimador Mensual de la Actividad Econ&oacute;mica (EMAE) exhibi&oacute; una contracci&oacute;n de 12,3% interanual en junio, afectado principalmente por la ca&iacute;da de los rubros de la construcci&oacute;n, la industria y el comercio debido a la extensi&oacute;n de la cuarentena. En los primeros seis meses del a&ntilde;o el EMAE acumul&oacute; una ca&iacute;da de 12,9% con relaci&oacute;n [&hellip;]","og_url":"https:\/\/informelitoral.com.ar\/la-actividad-economica-cayo-123-interanual-en-junio\/","og_site_name":"Informe Litoral","article_publisher":"https:\/\/www.facebook.com\/informelitoral\/","article_published_time":"2020-08-20T20:27:55+00:00","og_image":[{"width":800,"height":458,"url":"https:\/\/informelitoral.com.ar\/%77%70%2d%63%6f%6e%74%65%6e%74\/uploads\/2020\/04\/empresa-trabajador.jpg","type":"image\/jpeg"}],"author":"Sebastian","twitter_card":"summary_large_image","twitter_creator":"@InformeLitoral","twitter_site":"@InformeLitoral","twitter_misc":{"Escrito por":"Sebastian","Tiempo de lectura":"2 minutos"},"schema":{"@context":"https:\/\/schema.org","@graph":[{"@type":"Article","@id":"https:\/\/informelitoral.com.ar\/la-actividad-economica-cayo-123-interanual-en-junio\/#article","isPartOf":{"@id":"https:\/\/informelitoral.com.ar\/la-actividad-economica-cayo-123-interanual-en-junio\/"},"author":{"name":"Sebastian","@id":"https:\/\/informelitoral.com.ar\/#\/schema\/person\/f05f9f461677119578717524b127d6d5"},"headline":"La actividad econ\u00f3mica cay\u00f3 12,3% interanual en junio","datePublished":"2020-08-20T20:27:55+00:00","mainEntityOfPage":{"@id":"https:\/\/informelitoral.com.ar\/la-actividad-economica-cayo-123-interanual-en-junio\/"},"wordCount":476,"commentCount":0,"publisher":{"@id":"https:\/\/informelitoral.com.ar\/#organization"},"image":{"@id":"https:\/\/informelitoral.com.ar\/la-actividad-economica-cayo-123-interanual-en-junio\/#primaryimage"},"thumbnailUrl":"https:\/\/informelitoral.com.ar\/%77%70%2d%63%6f%6e%74%65%6e%74\/uploads\/2020\/04\/empresa-trabajador.jpg","keywords":["Coronavirus","COVID-19","Gobierno nacional","Salud p\u00fablica"],"articleSection":["Sociedad"],"inLanguage":"es","potentialAction":[{"@type":"CommentAction","name":"Comment","target":["https:\/\/informelitoral.com.ar\/la-actividad-economica-cayo-123-interanual-en-junio\/#respond"]}]},{"@type":"WebPage","@id":"https:\/\/informelitoral.com.ar\/la-actividad-economica-cayo-123-interanual-en-junio\/","url":"https:\/\/informelitoral.com.ar\/la-actividad-economica-cayo-123-interanual-en-junio\/","name":"La actividad econ\u00f3mica cay\u00f3 12,3% interanual en junio - Informe Litoral","isPartOf":{"@id":"https:\/\/informelitoral.com.ar\/#website"},"primaryImageOfPage":{"@id":"https:\/\/informelitoral.com.ar\/la-actividad-economica-cayo-123-interanual-en-junio\/#primaryimage"},"image":{"@id":"https:\/\/informelitoral.com.ar\/la-actividad-economica-cayo-123-interanual-en-junio\/#primaryimage"},"thumbnailUrl":"https:\/\/informelitoral.com.ar\/%77%70%2d%63%6f%6e%74%65%6e%74\/uploads\/2020\/04\/empresa-trabajador.jpg","datePublished":"2020-08-20T20:27:55+00:00","breadcrumb":{"@id":"https:\/\/informelitoral.com.ar\/la-actividad-economica-cayo-123-interanual-en-junio\/#breadcrumb"},"inLanguage":"es","potentialAction":[{"@type":"ReadAction","target":["https:\/\/informelitoral.com.ar\/la-actividad-economica-cayo-123-interanual-en-junio\/"]}]},{"@type":"ImageObject","inLanguage":"es","@id":"https:\/\/informelitoral.com.ar\/la-actividad-economica-cayo-123-interanual-en-junio\/#primaryimage","url":"https:\/\/informelitoral.com.ar\/%77%70%2d%63%6f%6e%74%65%6e%74\/uploads\/2020\/04\/empresa-trabajador.jpg","contentUrl":"https:\/\/informelitoral.com.ar\/%77%70%2d%63%6f%6e%74%65%6e%74\/uploads\/2020\/04\/empresa-trabajador.jpg","width":800,"height":458},{"@type":"BreadcrumbList","@id":"https:\/\/informelitoral.com.ar\/la-actividad-economica-cayo-123-interanual-en-junio\/#breadcrumb","itemListElement":[{"@type":"ListItem","position":1,"name":"Portada","item":"https:\/\/informelitoral.com.ar\/"},{"@type":"ListItem","position":2,"name":"La actividad econ\u00f3mica cay\u00f3 12,3% interanual en junio"}]},{"@type":"WebSite","@id":"https:\/\/informelitoral.com.ar\/#website","url":"https:\/\/informelitoral.com.ar\/","name":"Informe Litoral","description":"&quot;Nos informamos&quot; ","publisher":{"@id":"https:\/\/informelitoral.com.ar\/#organization"},"potentialAction":[{"@type":"SearchAction","target":{"@type":"EntryPoint","urlTemplate":"https:\/\/informelitoral.com.ar\/?s={search_term_string}"},"query-input":{"@type":"PropertyValueSpecification","valueRequired":true,"valueName":"search_term_string"}}],"inLanguage":"es"},{"@type":"Organization","@id":"https:\/\/informelitoral.com.ar\/#organization","name":"Informe Litoral","url":"https:\/\/informelitoral.com.ar\/","logo":{"@type":"ImageObject","inLanguage":"es","@id":"https:\/\/informelitoral.com.ar\/#\/schema\/logo\/image\/","url":"https:\/\/informelitoral.com.ar\/%77%70%2d%63%6f%6e%74%65%6e%74\/uploads\/2021\/01\/circulo.png","contentUrl":"https:\/\/informelitoral.com.ar\/%77%70%2d%63%6f%6e%74%65%6e%74\/uploads\/2021\/01\/circulo.png","width":723,"height":731,"caption":"Informe Litoral"},"image":{"@id":"https:\/\/informelitoral.com.ar\/#\/schema\/logo\/image\/"},"sameAs":["https:\/\/www.facebook.com\/informelitoral\/","https:\/\/x.com\/InformeLitoral","https:\/\/www.instagram.com\/informelitoral\/","https:\/\/www.youtube.com\/channel\/UCua4Qvz8Icb6MYqhoq9xLXw"]},{"@type":"Person","@id":"https:\/\/informelitoral.com.ar\/#\/schema\/person\/f05f9f461677119578717524b127d6d5","name":"Sebastian","image":{"@type":"ImageObject","inLanguage":"es","@id":"https:\/\/secure.gravatar.com\/avatar\/b71bf7481d447dfb9583c7f2798e7cc64de6efb9067b74633ed8c31059a3bd82?s=96&d=mm&r=g","url":"https:\/\/secure.gravatar.com\/avatar\/b71bf7481d447dfb9583c7f2798e7cc64de6efb9067b74633ed8c31059a3bd82?s=96&d=mm&r=g","contentUrl":"https:\/\/secure.gravatar.com\/avatar\/b71bf7481d447dfb9583c7f2798e7cc64de6efb9067b74633ed8c31059a3bd82?s=96&d=mm&r=g","caption":"Sebastian"},"url":"https:\/\/informelitoral.com.ar\/author\/sebastian\/"}]}},"_links":{"self":[{"href":"https:\/\/informelitoral.com.ar\/%77%70%2d%6a%73%6f%6e\/wp\/v2\/posts\/47947","targetHints":{"allow":["GET"]}}],"collection":[{"href":"https:\/\/informelitoral.com.ar\/%77%70%2d%6a%73%6f%6e\/wp\/v2\/posts"}],"about":[{"href":"https:\/\/informelitoral.com.ar\/%77%70%2d%6a%73%6f%6e\/wp\/v2\/types\/post"}],"author":[{"embeddable":true,"href":"https:\/\/informelitoral.com.ar\/%77%70%2d%6a%73%6f%6e\/wp\/v2\/users\/8"}],"replies":[{"embeddable":true,"href":"https:\/\/informelitoral.com.ar\/%77%70%2d%6a%73%6f%6e\/wp\/v2\/comments?post=47947"}],"version-history":[{"count":0,"href":"https:\/\/informelitoral.com.ar\/%77%70%2d%6a%73%6f%6e\/wp\/v2\/posts\/47947\/revisions"}],"wp:featuredmedia":[{"embeddable":true,"href":"https:\/\/informelitoral.com.ar\/%77%70%2d%6a%73%6f%6e\/wp\/v2\/media\/42542"}],"wp:attachment":[{"href":"https:\/\/informelitoral.com.ar\/%77%70%2d%6a%73%6f%6e\/wp\/v2\/media?parent=47947"}],"wp:term":[{"taxonomy":"category","embeddable":true,"href":"https:\/\/informelitoral.com.ar\/%77%70%2d%6a%73%6f%6e\/wp\/v2\/categories?post=47947"},{"taxonomy":"post_tag","embeddable":true,"href":"https:\/\/informelitoral.com.ar\/%77%70%2d%6a%73%6f%6e\/wp\/v2\/tags?post=47947"}],"curies":[{"name":"wp","href":"https:\/\/api.w.org\/{rel}","templated":true}]}}