{"id":47945,"date":"2020-08-20T17:22:33","date_gmt":"2020-08-20T20:22:33","guid":{"rendered":"https:\/\/www.isletasnoticias.com.ar\/?p=47945"},"modified":"2020-08-20T17:22:33","modified_gmt":"2020-08-20T20:22:33","slug":"vacuna-astrazeneca-le-dijo-a-fernandez-que-los-ensayos-terminarian-en-noviembre","status":"publish","type":"post","link":"https:\/\/informelitoral.com.ar\/vacuna-astrazeneca-le-dijo-a-fernandez-que-los-ensayos-terminarian-en-noviembre\/","title":{"rendered":"Vacuna: AstraZeneca le dijo a Fern\u00e1ndez que los ensayos terminar\u00edan en noviembre"},"content":{"rendered":"<p>Los directivos de AstraZeneca, la farmac\u00e9utica brit\u00e1nica que desarrolla una de las vacunas contra el coronavirus junto con la Universidad de Oxford, le dijeron este jueves al presidente Alberto Fern\u00e1ndez que esperan culminar la \u00abfase 3\u00bb del desarrollo \u00abpara noviembre\u00bb, seg\u00fan fuentes oficiales y del laboratorio a\u00a0<em>La Naci\u00f3n<\/em>. De todas formas, la fabricaci\u00f3n de la vacuna en la Argentina se sigue estimando \u00abpara el primer trimestre de 2021\u00bb. Ya no se habla, como en un principio, del \u00abprimer semestre\u00bb del a\u00f1o pr\u00f3ximo.<\/p>\n<p>En una conferencia v\u00eda Zoom, el CEO global del laboratorio AstraZeneca, Pascal Soriot, le confirm\u00f3 al Presidente que \u00abpara octubre o noviembre\u00bb esperan los resultados de 60.000 vacunados en todo el mundo, es decir, los ensayos cl\u00ednicos que integran la \u00faltima etapa del desarrollo del principio activo de la vacuna contra el Covid-19. Esos ensayos cl\u00ednicos se hicieron con voluntarios de Gran Breta\u00f1a, Brasil y Sud\u00e1frica.<\/p>\n<p>Fern\u00e1ndez, estuvo acompa\u00f1ado en Olivos por otro de los ejecutivos de AstraZeneca, el director de Acceso y Asuntos Corporativos para Argentina y Uruguay de la empresa, Germ\u00e1n de la Llave. El presidente y los ejecutivos del laboratorio ingl\u00e9s celebraron el acuerdo firmado para que la vacuna se fabrique en el laboratorio argentino mAbxience, del empresario Hugo Sigman, y para que se termine de desarrollar junto a M\u00e9xico, de modo de abastecer a toda Am\u00e9rica Latina.<\/p>\n<p>\u00abEstamos contentos de ser parte de un proyecto de esta naturaleza, el futuro de la sociedad est\u00e1 en el desarrollo de la ciencia y tecnolog\u00eda\u00bb, dijo Fern\u00e1ndez y subray\u00f3 que \u00aben Argentina tenemos un caudal cient\u00edfico muy importante que no siempre fue tratado bien desde el Estado\u00bb.<\/p>\n<p><img decoding=\"async\" src=\"https:\/\/www.analisisdigital.com.ar\/sites\/default\/files\/inline\/images\/vacuna-covid.jpg\" alt=\"\" \/><\/p>\n<p>Por su parte, Soriot tambi\u00e9n dedic\u00f3 elogios al Presidente. \u00abHabiendo trabajado con muchos gobiernos en el mundo puedo decir que la alianza Argentina-M\u00e9xico ha sido una de las mejores, y fue muy eficiente y fluido el trabajo en conjunto\u00bb, dijo el brit\u00e1nico, seg\u00fan informaron oficialmente en la Casa Rosada.<\/p>\n<p>Fern\u00e1ndez subray\u00f3 que quiere lograr \u00abun acceso equitativo (a la vacuna) que llegue a todos sin fines de lucro\u00bb. AstraZeneca dice que podr\u00e1 fabricar la vacuna por entre 3 y 4 d\u00f3lares por dosis. El ministro de Salud Gin\u00e9s Gonz\u00e1lez Garc\u00eda dijo que el Estado adquirir\u00e1 11 millones de dosis de la vacuna y que \u00abel que la necesite la va a tener, pagada por el Estado\u00bb.<\/p>\n<p>Seg\u00fan fuentes oficiales, a\u00fan no est\u00e1 confirmado si se necesitar\u00e1n una o dos dosis de la vacuna para garantizar su eficacia, si bien fuentes del Ministerio de Salud se\u00f1alaron hoy a LA NACION que estiman que una dosis podr\u00eda ser suficiente.<\/p>\n<p>Una vez que la Universidad de Oxford y AztraZeneca finalicen la etapa cl\u00ednica, mAbxience trabajar\u00e1 con los brit\u00e1nicos en tareas de \u00abtransferencia del proceso de la vacuna\u00bb hacia sus instalaciones en la Argentina. (Fuente lanacion.com)<\/p>\n","protected":false},"excerpt":{"rendered":"<p>Los directivos de AstraZeneca, la farmac&eacute;utica brit&aacute;nica que desarrolla una de las vacunas contra el coronavirus junto con la Universidad de Oxford, le dijeron este jueves al presidente Alberto Fern&aacute;ndez que esperan culminar la &laquo;fase 3&raquo; del desarrollo &laquo;para noviembre&raquo;, seg&uacute;n fuentes oficiales y del laboratorio a&nbsp;La Naci&oacute;n. De todas formas, la fabricaci&oacute;n de la [&hellip;]<\/p>\n","protected":false},"author":8,"featured_media":46078,"comment_status":"open","ping_status":"open","sticky":false,"template":"","format":"standard","meta":{"fifu_image_url":"","fifu_image_alt":"","footnotes":""},"categories":[8],"tags":[1311,1481,652],"class_list":{"0":"post-47945","1":"post","2":"type-post","3":"status-publish","4":"format-standard","5":"has-post-thumbnail","7":"category-internacionales","8":"tag-alberto-fernandez","9":"tag-covid-19","10":"tag-salud-publica"},"yoast_head":"<title>Vacuna: AstraZeneca le dijo a Fern\u00e1ndez que los ensayos terminar\u00edan en noviembre - Informe Litoral<\/title>\n<meta name=\"robots\" content=\"index, follow, max-snippet:-1, max-image-preview:large, max-video-preview:-1\" \/>\n<link rel=\"canonical\" href=\"https:\/\/informelitoral.com.ar\/vacuna-astrazeneca-le-dijo-a-fernandez-que-los-ensayos-terminarian-en-noviembre\/\" \/>\n<meta property=\"og:locale\" content=\"es_ES\" \/>\n<meta property=\"og:type\" content=\"article\" \/>\n<meta property=\"og:title\" content=\"Vacuna: AstraZeneca le dijo a Fern\u00e1ndez que los ensayos terminar\u00edan en noviembre - Informe Litoral\" \/>\n<meta property=\"og:description\" content=\"Los directivos de AstraZeneca, la farmac&eacute;utica brit&aacute;nica que desarrolla una de las vacunas contra el coronavirus junto con la Universidad de Oxford, le dijeron este jueves al presidente Alberto Fern&aacute;ndez que esperan culminar la &laquo;fase 3&raquo; del desarrollo &laquo;para noviembre&raquo;, seg&uacute;n fuentes oficiales y del laboratorio a&nbsp;La Naci&oacute;n. De todas formas, la fabricaci&oacute;n de la [&hellip;]\" \/>\n<meta property=\"og:url\" content=\"https:\/\/informelitoral.com.ar\/vacuna-astrazeneca-le-dijo-a-fernandez-que-los-ensayos-terminarian-en-noviembre\/\" \/>\n<meta property=\"og:site_name\" content=\"Informe Litoral\" \/>\n<meta property=\"article:publisher\" content=\"https:\/\/www.facebook.com\/informelitoral\/\" \/>\n<meta property=\"article:published_time\" content=\"2020-08-20T20:22:33+00:00\" \/>\n<meta property=\"og:image\" content=\"https:\/\/informelitoral.com.ar\/%77%70%2d%63%6f%6e%74%65%6e%74\/uploads\/2020\/07\/vacuna-covid-19-768x403-1.jpg\" \/>\n\t<meta property=\"og:image:width\" content=\"768\" \/>\n\t<meta property=\"og:image:height\" content=\"403\" \/>\n\t<meta property=\"og:image:type\" content=\"image\/jpeg\" \/>\n<meta name=\"author\" content=\"Sebastian\" \/>\n<meta name=\"twitter:card\" content=\"summary_large_image\" \/>\n<meta name=\"twitter:creator\" content=\"@InformeLitoral\" \/>\n<meta name=\"twitter:site\" content=\"@InformeLitoral\" \/>\n<meta name=\"twitter:label1\" content=\"Escrito por\" \/>\n\t<meta name=\"twitter:data1\" content=\"Sebastian\" \/>\n\t<meta name=\"twitter:label2\" content=\"Tiempo de lectura\" \/>\n\t<meta name=\"twitter:data2\" content=\"2 minutos\" \/>\n<script type=\"application\/ld+json\" class=\"yoast-schema-graph\">{\"@context\":\"https:\\\/\\\/schema.org\",\"@graph\":[{\"@type\":\"Article\",\"@id\":\"https:\\\/\\\/informelitoral.com.ar\\\/vacuna-astrazeneca-le-dijo-a-fernandez-que-los-ensayos-terminarian-en-noviembre\\\/#article\",\"isPartOf\":{\"@id\":\"https:\\\/\\\/informelitoral.com.ar\\\/vacuna-astrazeneca-le-dijo-a-fernandez-que-los-ensayos-terminarian-en-noviembre\\\/\"},\"author\":{\"name\":\"Sebastian\",\"@id\":\"https:\\\/\\\/informelitoral.com.ar\\\/#\\\/schema\\\/person\\\/f05f9f461677119578717524b127d6d5\"},\"headline\":\"Vacuna: AstraZeneca le dijo a Fern\u00e1ndez que los ensayos terminar\u00edan en noviembre\",\"datePublished\":\"2020-08-20T20:22:33+00:00\",\"mainEntityOfPage\":{\"@id\":\"https:\\\/\\\/informelitoral.com.ar\\\/vacuna-astrazeneca-le-dijo-a-fernandez-que-los-ensayos-terminarian-en-noviembre\\\/\"},\"wordCount\":510,\"commentCount\":0,\"publisher\":{\"@id\":\"https:\\\/\\\/informelitoral.com.ar\\\/#organization\"},\"image\":{\"@id\":\"https:\\\/\\\/informelitoral.com.ar\\\/vacuna-astrazeneca-le-dijo-a-fernandez-que-los-ensayos-terminarian-en-noviembre\\\/#primaryimage\"},\"thumbnailUrl\":\"https:\\\/\\\/informelitoral.com.ar\\\/%77%70%2d%63%6f%6e%74%65%6e%74\\\/uploads\\\/2020\\\/07\\\/vacuna-covid-19-768x403-1.jpg\",\"keywords\":[\"Alberto Fern\u00e1ndez\",\"COVID-19\",\"Salud p\u00fablica\"],\"articleSection\":[\"Internacionales\"],\"inLanguage\":\"es\",\"potentialAction\":[{\"@type\":\"CommentAction\",\"name\":\"Comment\",\"target\":[\"https:\\\/\\\/informelitoral.com.ar\\\/vacuna-astrazeneca-le-dijo-a-fernandez-que-los-ensayos-terminarian-en-noviembre\\\/#respond\"]}]},{\"@type\":\"WebPage\",\"@id\":\"https:\\\/\\\/informelitoral.com.ar\\\/vacuna-astrazeneca-le-dijo-a-fernandez-que-los-ensayos-terminarian-en-noviembre\\\/\",\"url\":\"https:\\\/\\\/informelitoral.com.ar\\\/vacuna-astrazeneca-le-dijo-a-fernandez-que-los-ensayos-terminarian-en-noviembre\\\/\",\"name\":\"Vacuna: AstraZeneca le dijo a Fern\u00e1ndez que los ensayos terminar\u00edan en noviembre - Informe Litoral\",\"isPartOf\":{\"@id\":\"https:\\\/\\\/informelitoral.com.ar\\\/#website\"},\"primaryImageOfPage\":{\"@id\":\"https:\\\/\\\/informelitoral.com.ar\\\/vacuna-astrazeneca-le-dijo-a-fernandez-que-los-ensayos-terminarian-en-noviembre\\\/#primaryimage\"},\"image\":{\"@id\":\"https:\\\/\\\/informelitoral.com.ar\\\/vacuna-astrazeneca-le-dijo-a-fernandez-que-los-ensayos-terminarian-en-noviembre\\\/#primaryimage\"},\"thumbnailUrl\":\"https:\\\/\\\/informelitoral.com.ar\\\/%77%70%2d%63%6f%6e%74%65%6e%74\\\/uploads\\\/2020\\\/07\\\/vacuna-covid-19-768x403-1.jpg\",\"datePublished\":\"2020-08-20T20:22:33+00:00\",\"breadcrumb\":{\"@id\":\"https:\\\/\\\/informelitoral.com.ar\\\/vacuna-astrazeneca-le-dijo-a-fernandez-que-los-ensayos-terminarian-en-noviembre\\\/#breadcrumb\"},\"inLanguage\":\"es\",\"potentialAction\":[{\"@type\":\"ReadAction\",\"target\":[\"https:\\\/\\\/informelitoral.com.ar\\\/vacuna-astrazeneca-le-dijo-a-fernandez-que-los-ensayos-terminarian-en-noviembre\\\/\"]}]},{\"@type\":\"ImageObject\",\"inLanguage\":\"es\",\"@id\":\"https:\\\/\\\/informelitoral.com.ar\\\/vacuna-astrazeneca-le-dijo-a-fernandez-que-los-ensayos-terminarian-en-noviembre\\\/#primaryimage\",\"url\":\"https:\\\/\\\/informelitoral.com.ar\\\/%77%70%2d%63%6f%6e%74%65%6e%74\\\/uploads\\\/2020\\\/07\\\/vacuna-covid-19-768x403-1.jpg\",\"contentUrl\":\"https:\\\/\\\/informelitoral.com.ar\\\/%77%70%2d%63%6f%6e%74%65%6e%74\\\/uploads\\\/2020\\\/07\\\/vacuna-covid-19-768x403-1.jpg\",\"width\":768,\"height\":403},{\"@type\":\"BreadcrumbList\",\"@id\":\"https:\\\/\\\/informelitoral.com.ar\\\/vacuna-astrazeneca-le-dijo-a-fernandez-que-los-ensayos-terminarian-en-noviembre\\\/#breadcrumb\",\"itemListElement\":[{\"@type\":\"ListItem\",\"position\":1,\"name\":\"Portada\",\"item\":\"https:\\\/\\\/informelitoral.com.ar\\\/\"},{\"@type\":\"ListItem\",\"position\":2,\"name\":\"Vacuna: AstraZeneca le dijo a Fern\u00e1ndez que los ensayos terminar\u00edan en noviembre\"}]},{\"@type\":\"WebSite\",\"@id\":\"https:\\\/\\\/informelitoral.com.ar\\\/#website\",\"url\":\"https:\\\/\\\/informelitoral.com.ar\\\/\",\"name\":\"Informe Litoral\",\"description\":\"&quot;Nos informamos&quot; \",\"publisher\":{\"@id\":\"https:\\\/\\\/informelitoral.com.ar\\\/#organization\"},\"potentialAction\":[{\"@type\":\"SearchAction\",\"target\":{\"@type\":\"EntryPoint\",\"urlTemplate\":\"https:\\\/\\\/informelitoral.com.ar\\\/?s={search_term_string}\"},\"query-input\":{\"@type\":\"PropertyValueSpecification\",\"valueRequired\":true,\"valueName\":\"search_term_string\"}}],\"inLanguage\":\"es\"},{\"@type\":\"Organization\",\"@id\":\"https:\\\/\\\/informelitoral.com.ar\\\/#organization\",\"name\":\"Informe Litoral\",\"url\":\"https:\\\/\\\/informelitoral.com.ar\\\/\",\"logo\":{\"@type\":\"ImageObject\",\"inLanguage\":\"es\",\"@id\":\"https:\\\/\\\/informelitoral.com.ar\\\/#\\\/schema\\\/logo\\\/image\\\/\",\"url\":\"https:\\\/\\\/informelitoral.com.ar\\\/%77%70%2d%63%6f%6e%74%65%6e%74\\\/uploads\\\/2021\\\/01\\\/circulo.png\",\"contentUrl\":\"https:\\\/\\\/informelitoral.com.ar\\\/%77%70%2d%63%6f%6e%74%65%6e%74\\\/uploads\\\/2021\\\/01\\\/circulo.png\",\"width\":723,\"height\":731,\"caption\":\"Informe Litoral\"},\"image\":{\"@id\":\"https:\\\/\\\/informelitoral.com.ar\\\/#\\\/schema\\\/logo\\\/image\\\/\"},\"sameAs\":[\"https:\\\/\\\/www.facebook.com\\\/informelitoral\\\/\",\"https:\\\/\\\/x.com\\\/InformeLitoral\",\"https:\\\/\\\/www.instagram.com\\\/informelitoral\\\/\",\"https:\\\/\\\/www.youtube.com\\\/channel\\\/UCua4Qvz8Icb6MYqhoq9xLXw\"]},{\"@type\":\"Person\",\"@id\":\"https:\\\/\\\/informelitoral.com.ar\\\/#\\\/schema\\\/person\\\/f05f9f461677119578717524b127d6d5\",\"name\":\"Sebastian\",\"image\":{\"@type\":\"ImageObject\",\"inLanguage\":\"es\",\"@id\":\"https:\\\/\\\/secure.gravatar.com\\\/avatar\\\/b71bf7481d447dfb9583c7f2798e7cc64de6efb9067b74633ed8c31059a3bd82?s=96&d=mm&r=g\",\"url\":\"https:\\\/\\\/secure.gravatar.com\\\/avatar\\\/b71bf7481d447dfb9583c7f2798e7cc64de6efb9067b74633ed8c31059a3bd82?s=96&d=mm&r=g\",\"contentUrl\":\"https:\\\/\\\/secure.gravatar.com\\\/avatar\\\/b71bf7481d447dfb9583c7f2798e7cc64de6efb9067b74633ed8c31059a3bd82?s=96&d=mm&r=g\",\"caption\":\"Sebastian\"},\"url\":\"https:\\\/\\\/informelitoral.com.ar\\\/author\\\/sebastian\\\/\"}]}<\/script>","yoast_head_json":{"title":"Vacuna: AstraZeneca le dijo a Fern\u00e1ndez que los ensayos terminar\u00edan en noviembre - Informe Litoral","robots":{"index":"index","follow":"follow","max-snippet":"max-snippet:-1","max-image-preview":"max-image-preview:large","max-video-preview":"max-video-preview:-1"},"canonical":"https:\/\/informelitoral.com.ar\/vacuna-astrazeneca-le-dijo-a-fernandez-que-los-ensayos-terminarian-en-noviembre\/","og_locale":"es_ES","og_type":"article","og_title":"Vacuna: AstraZeneca le dijo a Fern\u00e1ndez que los ensayos terminar\u00edan en noviembre - Informe Litoral","og_description":"Los directivos de AstraZeneca, la farmac&eacute;utica brit&aacute;nica que desarrolla una de las vacunas contra el coronavirus junto con la Universidad de Oxford, le dijeron este jueves al presidente Alberto Fern&aacute;ndez que esperan culminar la &laquo;fase 3&raquo; del desarrollo &laquo;para noviembre&raquo;, seg&uacute;n fuentes oficiales y del laboratorio a&nbsp;La Naci&oacute;n. De todas formas, la fabricaci&oacute;n de la [&hellip;]","og_url":"https:\/\/informelitoral.com.ar\/vacuna-astrazeneca-le-dijo-a-fernandez-que-los-ensayos-terminarian-en-noviembre\/","og_site_name":"Informe Litoral","article_publisher":"https:\/\/www.facebook.com\/informelitoral\/","article_published_time":"2020-08-20T20:22:33+00:00","og_image":[{"width":768,"height":403,"url":"https:\/\/informelitoral.com.ar\/%77%70%2d%63%6f%6e%74%65%6e%74\/uploads\/2020\/07\/vacuna-covid-19-768x403-1.jpg","type":"image\/jpeg"}],"author":"Sebastian","twitter_card":"summary_large_image","twitter_creator":"@InformeLitoral","twitter_site":"@InformeLitoral","twitter_misc":{"Escrito por":"Sebastian","Tiempo de lectura":"2 minutos"},"schema":{"@context":"https:\/\/schema.org","@graph":[{"@type":"Article","@id":"https:\/\/informelitoral.com.ar\/vacuna-astrazeneca-le-dijo-a-fernandez-que-los-ensayos-terminarian-en-noviembre\/#article","isPartOf":{"@id":"https:\/\/informelitoral.com.ar\/vacuna-astrazeneca-le-dijo-a-fernandez-que-los-ensayos-terminarian-en-noviembre\/"},"author":{"name":"Sebastian","@id":"https:\/\/informelitoral.com.ar\/#\/schema\/person\/f05f9f461677119578717524b127d6d5"},"headline":"Vacuna: AstraZeneca le dijo a Fern\u00e1ndez que los ensayos terminar\u00edan en noviembre","datePublished":"2020-08-20T20:22:33+00:00","mainEntityOfPage":{"@id":"https:\/\/informelitoral.com.ar\/vacuna-astrazeneca-le-dijo-a-fernandez-que-los-ensayos-terminarian-en-noviembre\/"},"wordCount":510,"commentCount":0,"publisher":{"@id":"https:\/\/informelitoral.com.ar\/#organization"},"image":{"@id":"https:\/\/informelitoral.com.ar\/vacuna-astrazeneca-le-dijo-a-fernandez-que-los-ensayos-terminarian-en-noviembre\/#primaryimage"},"thumbnailUrl":"https:\/\/informelitoral.com.ar\/%77%70%2d%63%6f%6e%74%65%6e%74\/uploads\/2020\/07\/vacuna-covid-19-768x403-1.jpg","keywords":["Alberto Fern\u00e1ndez","COVID-19","Salud p\u00fablica"],"articleSection":["Internacionales"],"inLanguage":"es","potentialAction":[{"@type":"CommentAction","name":"Comment","target":["https:\/\/informelitoral.com.ar\/vacuna-astrazeneca-le-dijo-a-fernandez-que-los-ensayos-terminarian-en-noviembre\/#respond"]}]},{"@type":"WebPage","@id":"https:\/\/informelitoral.com.ar\/vacuna-astrazeneca-le-dijo-a-fernandez-que-los-ensayos-terminarian-en-noviembre\/","url":"https:\/\/informelitoral.com.ar\/vacuna-astrazeneca-le-dijo-a-fernandez-que-los-ensayos-terminarian-en-noviembre\/","name":"Vacuna: AstraZeneca le dijo a Fern\u00e1ndez que los ensayos terminar\u00edan en noviembre - Informe Litoral","isPartOf":{"@id":"https:\/\/informelitoral.com.ar\/#website"},"primaryImageOfPage":{"@id":"https:\/\/informelitoral.com.ar\/vacuna-astrazeneca-le-dijo-a-fernandez-que-los-ensayos-terminarian-en-noviembre\/#primaryimage"},"image":{"@id":"https:\/\/informelitoral.com.ar\/vacuna-astrazeneca-le-dijo-a-fernandez-que-los-ensayos-terminarian-en-noviembre\/#primaryimage"},"thumbnailUrl":"https:\/\/informelitoral.com.ar\/%77%70%2d%63%6f%6e%74%65%6e%74\/uploads\/2020\/07\/vacuna-covid-19-768x403-1.jpg","datePublished":"2020-08-20T20:22:33+00:00","breadcrumb":{"@id":"https:\/\/informelitoral.com.ar\/vacuna-astrazeneca-le-dijo-a-fernandez-que-los-ensayos-terminarian-en-noviembre\/#breadcrumb"},"inLanguage":"es","potentialAction":[{"@type":"ReadAction","target":["https:\/\/informelitoral.com.ar\/vacuna-astrazeneca-le-dijo-a-fernandez-que-los-ensayos-terminarian-en-noviembre\/"]}]},{"@type":"ImageObject","inLanguage":"es","@id":"https:\/\/informelitoral.com.ar\/vacuna-astrazeneca-le-dijo-a-fernandez-que-los-ensayos-terminarian-en-noviembre\/#primaryimage","url":"https:\/\/informelitoral.com.ar\/%77%70%2d%63%6f%6e%74%65%6e%74\/uploads\/2020\/07\/vacuna-covid-19-768x403-1.jpg","contentUrl":"https:\/\/informelitoral.com.ar\/%77%70%2d%63%6f%6e%74%65%6e%74\/uploads\/2020\/07\/vacuna-covid-19-768x403-1.jpg","width":768,"height":403},{"@type":"BreadcrumbList","@id":"https:\/\/informelitoral.com.ar\/vacuna-astrazeneca-le-dijo-a-fernandez-que-los-ensayos-terminarian-en-noviembre\/#breadcrumb","itemListElement":[{"@type":"ListItem","position":1,"name":"Portada","item":"https:\/\/informelitoral.com.ar\/"},{"@type":"ListItem","position":2,"name":"Vacuna: AstraZeneca le dijo a Fern\u00e1ndez que los ensayos terminar\u00edan en noviembre"}]},{"@type":"WebSite","@id":"https:\/\/informelitoral.com.ar\/#website","url":"https:\/\/informelitoral.com.ar\/","name":"Informe Litoral","description":"&quot;Nos informamos&quot; ","publisher":{"@id":"https:\/\/informelitoral.com.ar\/#organization"},"potentialAction":[{"@type":"SearchAction","target":{"@type":"EntryPoint","urlTemplate":"https:\/\/informelitoral.com.ar\/?s={search_term_string}"},"query-input":{"@type":"PropertyValueSpecification","valueRequired":true,"valueName":"search_term_string"}}],"inLanguage":"es"},{"@type":"Organization","@id":"https:\/\/informelitoral.com.ar\/#organization","name":"Informe Litoral","url":"https:\/\/informelitoral.com.ar\/","logo":{"@type":"ImageObject","inLanguage":"es","@id":"https:\/\/informelitoral.com.ar\/#\/schema\/logo\/image\/","url":"https:\/\/informelitoral.com.ar\/%77%70%2d%63%6f%6e%74%65%6e%74\/uploads\/2021\/01\/circulo.png","contentUrl":"https:\/\/informelitoral.com.ar\/%77%70%2d%63%6f%6e%74%65%6e%74\/uploads\/2021\/01\/circulo.png","width":723,"height":731,"caption":"Informe Litoral"},"image":{"@id":"https:\/\/informelitoral.com.ar\/#\/schema\/logo\/image\/"},"sameAs":["https:\/\/www.facebook.com\/informelitoral\/","https:\/\/x.com\/InformeLitoral","https:\/\/www.instagram.com\/informelitoral\/","https:\/\/www.youtube.com\/channel\/UCua4Qvz8Icb6MYqhoq9xLXw"]},{"@type":"Person","@id":"https:\/\/informelitoral.com.ar\/#\/schema\/person\/f05f9f461677119578717524b127d6d5","name":"Sebastian","image":{"@type":"ImageObject","inLanguage":"es","@id":"https:\/\/secure.gravatar.com\/avatar\/b71bf7481d447dfb9583c7f2798e7cc64de6efb9067b74633ed8c31059a3bd82?s=96&d=mm&r=g","url":"https:\/\/secure.gravatar.com\/avatar\/b71bf7481d447dfb9583c7f2798e7cc64de6efb9067b74633ed8c31059a3bd82?s=96&d=mm&r=g","contentUrl":"https:\/\/secure.gravatar.com\/avatar\/b71bf7481d447dfb9583c7f2798e7cc64de6efb9067b74633ed8c31059a3bd82?s=96&d=mm&r=g","caption":"Sebastian"},"url":"https:\/\/informelitoral.com.ar\/author\/sebastian\/"}]}},"_links":{"self":[{"href":"https:\/\/informelitoral.com.ar\/%77%70%2d%6a%73%6f%6e\/wp\/v2\/posts\/47945","targetHints":{"allow":["GET"]}}],"collection":[{"href":"https:\/\/informelitoral.com.ar\/%77%70%2d%6a%73%6f%6e\/wp\/v2\/posts"}],"about":[{"href":"https:\/\/informelitoral.com.ar\/%77%70%2d%6a%73%6f%6e\/wp\/v2\/types\/post"}],"author":[{"embeddable":true,"href":"https:\/\/informelitoral.com.ar\/%77%70%2d%6a%73%6f%6e\/wp\/v2\/users\/8"}],"replies":[{"embeddable":true,"href":"https:\/\/informelitoral.com.ar\/%77%70%2d%6a%73%6f%6e\/wp\/v2\/comments?post=47945"}],"version-history":[{"count":0,"href":"https:\/\/informelitoral.com.ar\/%77%70%2d%6a%73%6f%6e\/wp\/v2\/posts\/47945\/revisions"}],"wp:featuredmedia":[{"embeddable":true,"href":"https:\/\/informelitoral.com.ar\/%77%70%2d%6a%73%6f%6e\/wp\/v2\/media\/46078"}],"wp:attachment":[{"href":"https:\/\/informelitoral.com.ar\/%77%70%2d%6a%73%6f%6e\/wp\/v2\/media?parent=47945"}],"wp:term":[{"taxonomy":"category","embeddable":true,"href":"https:\/\/informelitoral.com.ar\/%77%70%2d%6a%73%6f%6e\/wp\/v2\/categories?post=47945"},{"taxonomy":"post_tag","embeddable":true,"href":"https:\/\/informelitoral.com.ar\/%77%70%2d%6a%73%6f%6e\/wp\/v2\/tags?post=47945"}],"curies":[{"name":"wp","href":"https:\/\/api.w.org\/{rel}","templated":true}]}}