{"id":47941,"date":"2020-08-20T17:17:20","date_gmt":"2020-08-20T20:17:20","guid":{"rendered":"https:\/\/www.isletasnoticias.com.ar\/?p=47941"},"modified":"2020-08-20T17:17:20","modified_gmt":"2020-08-20T20:17:20","slug":"defensoria-del-pueblo-manana-comienzan-las-entrevistas-a-los-postulantes","status":"publish","type":"post","link":"https:\/\/informelitoral.com.ar\/defensoria-del-pueblo-manana-comienzan-las-entrevistas-a-los-postulantes\/","title":{"rendered":"Defensor\u00eda del Pueblo: ma\u00f1ana comienzan las entrevistas a los postulantes"},"content":{"rendered":"<p>Este viernes 21 de agosto, a las 9, en el recinto ubicado en el Palacio Municipal, el Concejo Deliberante de Paran\u00e1 dar\u00e1 inicio a las entrevistas personales de los postulantes a defensor\/a del Pueblo, defensor\/a del Pueblo Adjunto\/a y defensor\/a de los Derechos de las Personas Mayores de la capital entrerriana. La sesi\u00f3n se podr\u00e1 seguir en vivo a trav\u00e9s de la web\u00a0<a href=\"http:\/\/www.hcdparana.gob.ar\/\">www.hcdparana.gob.ar<\/a>\u00a0y el canal de YouTube del HCD.<\/p>\n<p>En esta primera jornada, de las cuatro programadas, expondr\u00e1n Mirta Luc\u00eda Pab\u00f3n Morales, Lucila Mar\u00eda Moro, Rosana Mabel Toso, Paula Beatriz Barrios, Stella Maris Perrone, Ligia Natal\u00ed Blanco y Abelardo Luis Esp\u00edndola, para defensor\/a de los Derechos de las Personas Mayores;\u00a0 Martina Fern\u00e1ndez, para el cargo de defensora del Pueblo; y Ludmila Ayel\u00e9n Marizza, para el cargo de defensora Adjunta.<\/p>\n<p>En la oportunidad, los concursantes deber\u00e1n exponer ante el Cuerpo y p\u00fablicamente cu\u00e1les son sus planes y propuestas para el o los cargos al que se presenten.\u00a0 El tiempo de exposici\u00f3n ser\u00e1 de un m\u00e1ximo de 10 (diez) minutos, salvo que se concurse para m\u00e1s de un cargo, en cuyo caso se podr\u00e1 extender hasta un m\u00e1ximo de 20 (veinte) minutos.<\/p>\n<p>Al finalizar cada una de las ponencias, los concejales podr\u00e1n realizar a los entrevistados las preguntas que consideren pertinentes, sin l\u00edmite de tiempo.<\/p>\n<p>Para el desarrollo de las entrevistas se tomar\u00e1n los recaudos sanitarios correspondientes. Por ello, se dispuso que la sesi\u00f3n se lleve a cabo sin la presencia de asesores, p\u00fablico en general, ni medios de comunicaci\u00f3n, y con el m\u00ednimo de personal necesario.<\/p>\n","protected":false},"excerpt":{"rendered":"<p>Este viernes 21 de agosto, a las 9, en el recinto ubicado en el Palacio Municipal, el Concejo Deliberante de Paran&aacute; dar&aacute; inicio a las entrevistas personales de los postulantes a defensor\/a del Pueblo, defensor\/a del Pueblo Adjunto\/a y defensor\/a de los Derechos de las Personas Mayores de la capital entrerriana. La sesi&oacute;n se podr&aacute; [&hellip;]<\/p>\n","protected":false},"author":8,"featured_media":16505,"comment_status":"open","ping_status":"open","sticky":false,"template":"","format":"standard","meta":{"fifu_image_url":"","fifu_image_alt":"","footnotes":""},"categories":[9],"tags":[1659,267,45,652],"class_list":{"0":"post-47941","1":"post","2":"type-post","3":"status-publish","4":"format-standard","5":"has-post-thumbnail","7":"category-sociedad","8":"tag-defensoria-del-pueblo","9":"tag-municipalidad","10":"tag-parana","11":"tag-salud-publica"},"yoast_head":"<title>Defensor\u00eda del Pueblo: ma\u00f1ana comienzan las entrevistas a los postulantes - Informe Litoral<\/title>\n<meta name=\"robots\" content=\"index, follow, max-snippet:-1, max-image-preview:large, max-video-preview:-1\" \/>\n<link rel=\"canonical\" href=\"https:\/\/informelitoral.com.ar\/defensoria-del-pueblo-manana-comienzan-las-entrevistas-a-los-postulantes\/\" \/>\n<meta property=\"og:locale\" content=\"es_ES\" \/>\n<meta property=\"og:type\" content=\"article\" \/>\n<meta property=\"og:title\" content=\"Defensor\u00eda del Pueblo: ma\u00f1ana comienzan las entrevistas a los postulantes - Informe Litoral\" \/>\n<meta property=\"og:description\" content=\"Este viernes 21 de agosto, a las 9, en el recinto ubicado en el Palacio Municipal, el Concejo Deliberante de Paran&aacute; dar&aacute; inicio a las entrevistas personales de los postulantes a defensor\/a del Pueblo, defensor\/a del Pueblo Adjunto\/a y defensor\/a de los Derechos de las Personas Mayores de la capital entrerriana. La sesi&oacute;n se podr&aacute; [&hellip;]\" \/>\n<meta property=\"og:url\" content=\"https:\/\/informelitoral.com.ar\/defensoria-del-pueblo-manana-comienzan-las-entrevistas-a-los-postulantes\/\" \/>\n<meta property=\"og:site_name\" content=\"Informe Litoral\" \/>\n<meta property=\"article:publisher\" content=\"https:\/\/www.facebook.com\/informelitoral\/\" \/>\n<meta property=\"article:published_time\" content=\"2020-08-20T20:17:20+00:00\" \/>\n<meta property=\"og:image\" content=\"https:\/\/informelitoral.com.ar\/%77%70%2d%63%6f%6e%74%65%6e%74\/uploads\/2016\/06\/Tribunales.jpg\" \/>\n\t<meta property=\"og:image:width\" content=\"640\" \/>\n\t<meta property=\"og:image:height\" content=\"480\" \/>\n\t<meta property=\"og:image:type\" content=\"image\/jpeg\" \/>\n<meta name=\"author\" content=\"Sebastian\" \/>\n<meta name=\"twitter:card\" content=\"summary_large_image\" \/>\n<meta name=\"twitter:creator\" content=\"@InformeLitoral\" \/>\n<meta name=\"twitter:site\" content=\"@InformeLitoral\" \/>\n<meta name=\"twitter:label1\" content=\"Escrito por\" \/>\n\t<meta name=\"twitter:data1\" content=\"Sebastian\" \/>\n\t<meta name=\"twitter:label2\" content=\"Tiempo de lectura\" \/>\n\t<meta name=\"twitter:data2\" content=\"1 minuto\" \/>\n<script type=\"application\/ld+json\" class=\"yoast-schema-graph\">{\"@context\":\"https:\\\/\\\/schema.org\",\"@graph\":[{\"@type\":\"Article\",\"@id\":\"https:\\\/\\\/informelitoral.com.ar\\\/defensoria-del-pueblo-manana-comienzan-las-entrevistas-a-los-postulantes\\\/#article\",\"isPartOf\":{\"@id\":\"https:\\\/\\\/informelitoral.com.ar\\\/defensoria-del-pueblo-manana-comienzan-las-entrevistas-a-los-postulantes\\\/\"},\"author\":{\"name\":\"Sebastian\",\"@id\":\"https:\\\/\\\/informelitoral.com.ar\\\/#\\\/schema\\\/person\\\/f05f9f461677119578717524b127d6d5\"},\"headline\":\"Defensor\u00eda del Pueblo: ma\u00f1ana comienzan las entrevistas a los postulantes\",\"datePublished\":\"2020-08-20T20:17:20+00:00\",\"mainEntityOfPage\":{\"@id\":\"https:\\\/\\\/informelitoral.com.ar\\\/defensoria-del-pueblo-manana-comienzan-las-entrevistas-a-los-postulantes\\\/\"},\"wordCount\":296,\"commentCount\":0,\"publisher\":{\"@id\":\"https:\\\/\\\/informelitoral.com.ar\\\/#organization\"},\"image\":{\"@id\":\"https:\\\/\\\/informelitoral.com.ar\\\/defensoria-del-pueblo-manana-comienzan-las-entrevistas-a-los-postulantes\\\/#primaryimage\"},\"thumbnailUrl\":\"https:\\\/\\\/informelitoral.com.ar\\\/%77%70%2d%63%6f%6e%74%65%6e%74\\\/uploads\\\/2016\\\/06\\\/Tribunales.jpg\",\"keywords\":[\"Defensoria del Pueblo\",\"Municipalidad\",\"Paran\u00e1\",\"Salud p\u00fablica\"],\"articleSection\":[\"Sociedad\"],\"inLanguage\":\"es\",\"potentialAction\":[{\"@type\":\"CommentAction\",\"name\":\"Comment\",\"target\":[\"https:\\\/\\\/informelitoral.com.ar\\\/defensoria-del-pueblo-manana-comienzan-las-entrevistas-a-los-postulantes\\\/#respond\"]}]},{\"@type\":\"WebPage\",\"@id\":\"https:\\\/\\\/informelitoral.com.ar\\\/defensoria-del-pueblo-manana-comienzan-las-entrevistas-a-los-postulantes\\\/\",\"url\":\"https:\\\/\\\/informelitoral.com.ar\\\/defensoria-del-pueblo-manana-comienzan-las-entrevistas-a-los-postulantes\\\/\",\"name\":\"Defensor\u00eda del Pueblo: ma\u00f1ana comienzan las entrevistas a los postulantes - Informe Litoral\",\"isPartOf\":{\"@id\":\"https:\\\/\\\/informelitoral.com.ar\\\/#website\"},\"primaryImageOfPage\":{\"@id\":\"https:\\\/\\\/informelitoral.com.ar\\\/defensoria-del-pueblo-manana-comienzan-las-entrevistas-a-los-postulantes\\\/#primaryimage\"},\"image\":{\"@id\":\"https:\\\/\\\/informelitoral.com.ar\\\/defensoria-del-pueblo-manana-comienzan-las-entrevistas-a-los-postulantes\\\/#primaryimage\"},\"thumbnailUrl\":\"https:\\\/\\\/informelitoral.com.ar\\\/%77%70%2d%63%6f%6e%74%65%6e%74\\\/uploads\\\/2016\\\/06\\\/Tribunales.jpg\",\"datePublished\":\"2020-08-20T20:17:20+00:00\",\"breadcrumb\":{\"@id\":\"https:\\\/\\\/informelitoral.com.ar\\\/defensoria-del-pueblo-manana-comienzan-las-entrevistas-a-los-postulantes\\\/#breadcrumb\"},\"inLanguage\":\"es\",\"potentialAction\":[{\"@type\":\"ReadAction\",\"target\":[\"https:\\\/\\\/informelitoral.com.ar\\\/defensoria-del-pueblo-manana-comienzan-las-entrevistas-a-los-postulantes\\\/\"]}]},{\"@type\":\"ImageObject\",\"inLanguage\":\"es\",\"@id\":\"https:\\\/\\\/informelitoral.com.ar\\\/defensoria-del-pueblo-manana-comienzan-las-entrevistas-a-los-postulantes\\\/#primaryimage\",\"url\":\"https:\\\/\\\/informelitoral.com.ar\\\/%77%70%2d%63%6f%6e%74%65%6e%74\\\/uploads\\\/2016\\\/06\\\/Tribunales.jpg\",\"contentUrl\":\"https:\\\/\\\/informelitoral.com.ar\\\/%77%70%2d%63%6f%6e%74%65%6e%74\\\/uploads\\\/2016\\\/06\\\/Tribunales.jpg\",\"width\":640,\"height\":480,\"caption\":\"OLYMPUS DIGITAL CAMERA\"},{\"@type\":\"BreadcrumbList\",\"@id\":\"https:\\\/\\\/informelitoral.com.ar\\\/defensoria-del-pueblo-manana-comienzan-las-entrevistas-a-los-postulantes\\\/#breadcrumb\",\"itemListElement\":[{\"@type\":\"ListItem\",\"position\":1,\"name\":\"Portada\",\"item\":\"https:\\\/\\\/informelitoral.com.ar\\\/\"},{\"@type\":\"ListItem\",\"position\":2,\"name\":\"Defensor\u00eda del Pueblo: ma\u00f1ana comienzan las entrevistas a los postulantes\"}]},{\"@type\":\"WebSite\",\"@id\":\"https:\\\/\\\/informelitoral.com.ar\\\/#website\",\"url\":\"https:\\\/\\\/informelitoral.com.ar\\\/\",\"name\":\"Informe Litoral\",\"description\":\"&quot;Nos informamos&quot; \",\"publisher\":{\"@id\":\"https:\\\/\\\/informelitoral.com.ar\\\/#organization\"},\"potentialAction\":[{\"@type\":\"SearchAction\",\"target\":{\"@type\":\"EntryPoint\",\"urlTemplate\":\"https:\\\/\\\/informelitoral.com.ar\\\/?s={search_term_string}\"},\"query-input\":{\"@type\":\"PropertyValueSpecification\",\"valueRequired\":true,\"valueName\":\"search_term_string\"}}],\"inLanguage\":\"es\"},{\"@type\":\"Organization\",\"@id\":\"https:\\\/\\\/informelitoral.com.ar\\\/#organization\",\"name\":\"Informe Litoral\",\"url\":\"https:\\\/\\\/informelitoral.com.ar\\\/\",\"logo\":{\"@type\":\"ImageObject\",\"inLanguage\":\"es\",\"@id\":\"https:\\\/\\\/informelitoral.com.ar\\\/#\\\/schema\\\/logo\\\/image\\\/\",\"url\":\"https:\\\/\\\/informelitoral.com.ar\\\/%77%70%2d%63%6f%6e%74%65%6e%74\\\/uploads\\\/2021\\\/01\\\/circulo.png\",\"contentUrl\":\"https:\\\/\\\/informelitoral.com.ar\\\/%77%70%2d%63%6f%6e%74%65%6e%74\\\/uploads\\\/2021\\\/01\\\/circulo.png\",\"width\":723,\"height\":731,\"caption\":\"Informe Litoral\"},\"image\":{\"@id\":\"https:\\\/\\\/informelitoral.com.ar\\\/#\\\/schema\\\/logo\\\/image\\\/\"},\"sameAs\":[\"https:\\\/\\\/www.facebook.com\\\/informelitoral\\\/\",\"https:\\\/\\\/x.com\\\/InformeLitoral\",\"https:\\\/\\\/www.instagram.com\\\/informelitoral\\\/\",\"https:\\\/\\\/www.youtube.com\\\/channel\\\/UCua4Qvz8Icb6MYqhoq9xLXw\"]},{\"@type\":\"Person\",\"@id\":\"https:\\\/\\\/informelitoral.com.ar\\\/#\\\/schema\\\/person\\\/f05f9f461677119578717524b127d6d5\",\"name\":\"Sebastian\",\"image\":{\"@type\":\"ImageObject\",\"inLanguage\":\"es\",\"@id\":\"https:\\\/\\\/secure.gravatar.com\\\/avatar\\\/b71bf7481d447dfb9583c7f2798e7cc64de6efb9067b74633ed8c31059a3bd82?s=96&d=mm&r=g\",\"url\":\"https:\\\/\\\/secure.gravatar.com\\\/avatar\\\/b71bf7481d447dfb9583c7f2798e7cc64de6efb9067b74633ed8c31059a3bd82?s=96&d=mm&r=g\",\"contentUrl\":\"https:\\\/\\\/secure.gravatar.com\\\/avatar\\\/b71bf7481d447dfb9583c7f2798e7cc64de6efb9067b74633ed8c31059a3bd82?s=96&d=mm&r=g\",\"caption\":\"Sebastian\"},\"url\":\"https:\\\/\\\/informelitoral.com.ar\\\/author\\\/sebastian\\\/\"}]}<\/script>","yoast_head_json":{"title":"Defensor\u00eda del Pueblo: ma\u00f1ana comienzan las entrevistas a los postulantes - Informe Litoral","robots":{"index":"index","follow":"follow","max-snippet":"max-snippet:-1","max-image-preview":"max-image-preview:large","max-video-preview":"max-video-preview:-1"},"canonical":"https:\/\/informelitoral.com.ar\/defensoria-del-pueblo-manana-comienzan-las-entrevistas-a-los-postulantes\/","og_locale":"es_ES","og_type":"article","og_title":"Defensor\u00eda del Pueblo: ma\u00f1ana comienzan las entrevistas a los postulantes - Informe Litoral","og_description":"Este viernes 21 de agosto, a las 9, en el recinto ubicado en el Palacio Municipal, el Concejo Deliberante de Paran&aacute; dar&aacute; inicio a las entrevistas personales de los postulantes a defensor\/a del Pueblo, defensor\/a del Pueblo Adjunto\/a y defensor\/a de los Derechos de las Personas Mayores de la capital entrerriana. La sesi&oacute;n se podr&aacute; [&hellip;]","og_url":"https:\/\/informelitoral.com.ar\/defensoria-del-pueblo-manana-comienzan-las-entrevistas-a-los-postulantes\/","og_site_name":"Informe Litoral","article_publisher":"https:\/\/www.facebook.com\/informelitoral\/","article_published_time":"2020-08-20T20:17:20+00:00","og_image":[{"width":640,"height":480,"url":"https:\/\/informelitoral.com.ar\/%77%70%2d%63%6f%6e%74%65%6e%74\/uploads\/2016\/06\/Tribunales.jpg","type":"image\/jpeg"}],"author":"Sebastian","twitter_card":"summary_large_image","twitter_creator":"@InformeLitoral","twitter_site":"@InformeLitoral","twitter_misc":{"Escrito por":"Sebastian","Tiempo de lectura":"1 minuto"},"schema":{"@context":"https:\/\/schema.org","@graph":[{"@type":"Article","@id":"https:\/\/informelitoral.com.ar\/defensoria-del-pueblo-manana-comienzan-las-entrevistas-a-los-postulantes\/#article","isPartOf":{"@id":"https:\/\/informelitoral.com.ar\/defensoria-del-pueblo-manana-comienzan-las-entrevistas-a-los-postulantes\/"},"author":{"name":"Sebastian","@id":"https:\/\/informelitoral.com.ar\/#\/schema\/person\/f05f9f461677119578717524b127d6d5"},"headline":"Defensor\u00eda del Pueblo: ma\u00f1ana comienzan las entrevistas a los postulantes","datePublished":"2020-08-20T20:17:20+00:00","mainEntityOfPage":{"@id":"https:\/\/informelitoral.com.ar\/defensoria-del-pueblo-manana-comienzan-las-entrevistas-a-los-postulantes\/"},"wordCount":296,"commentCount":0,"publisher":{"@id":"https:\/\/informelitoral.com.ar\/#organization"},"image":{"@id":"https:\/\/informelitoral.com.ar\/defensoria-del-pueblo-manana-comienzan-las-entrevistas-a-los-postulantes\/#primaryimage"},"thumbnailUrl":"https:\/\/informelitoral.com.ar\/%77%70%2d%63%6f%6e%74%65%6e%74\/uploads\/2016\/06\/Tribunales.jpg","keywords":["Defensoria del Pueblo","Municipalidad","Paran\u00e1","Salud p\u00fablica"],"articleSection":["Sociedad"],"inLanguage":"es","potentialAction":[{"@type":"CommentAction","name":"Comment","target":["https:\/\/informelitoral.com.ar\/defensoria-del-pueblo-manana-comienzan-las-entrevistas-a-los-postulantes\/#respond"]}]},{"@type":"WebPage","@id":"https:\/\/informelitoral.com.ar\/defensoria-del-pueblo-manana-comienzan-las-entrevistas-a-los-postulantes\/","url":"https:\/\/informelitoral.com.ar\/defensoria-del-pueblo-manana-comienzan-las-entrevistas-a-los-postulantes\/","name":"Defensor\u00eda del Pueblo: ma\u00f1ana comienzan las entrevistas a los postulantes - Informe Litoral","isPartOf":{"@id":"https:\/\/informelitoral.com.ar\/#website"},"primaryImageOfPage":{"@id":"https:\/\/informelitoral.com.ar\/defensoria-del-pueblo-manana-comienzan-las-entrevistas-a-los-postulantes\/#primaryimage"},"image":{"@id":"https:\/\/informelitoral.com.ar\/defensoria-del-pueblo-manana-comienzan-las-entrevistas-a-los-postulantes\/#primaryimage"},"thumbnailUrl":"https:\/\/informelitoral.com.ar\/%77%70%2d%63%6f%6e%74%65%6e%74\/uploads\/2016\/06\/Tribunales.jpg","datePublished":"2020-08-20T20:17:20+00:00","breadcrumb":{"@id":"https:\/\/informelitoral.com.ar\/defensoria-del-pueblo-manana-comienzan-las-entrevistas-a-los-postulantes\/#breadcrumb"},"inLanguage":"es","potentialAction":[{"@type":"ReadAction","target":["https:\/\/informelitoral.com.ar\/defensoria-del-pueblo-manana-comienzan-las-entrevistas-a-los-postulantes\/"]}]},{"@type":"ImageObject","inLanguage":"es","@id":"https:\/\/informelitoral.com.ar\/defensoria-del-pueblo-manana-comienzan-las-entrevistas-a-los-postulantes\/#primaryimage","url":"https:\/\/informelitoral.com.ar\/%77%70%2d%63%6f%6e%74%65%6e%74\/uploads\/2016\/06\/Tribunales.jpg","contentUrl":"https:\/\/informelitoral.com.ar\/%77%70%2d%63%6f%6e%74%65%6e%74\/uploads\/2016\/06\/Tribunales.jpg","width":640,"height":480,"caption":"OLYMPUS DIGITAL CAMERA"},{"@type":"BreadcrumbList","@id":"https:\/\/informelitoral.com.ar\/defensoria-del-pueblo-manana-comienzan-las-entrevistas-a-los-postulantes\/#breadcrumb","itemListElement":[{"@type":"ListItem","position":1,"name":"Portada","item":"https:\/\/informelitoral.com.ar\/"},{"@type":"ListItem","position":2,"name":"Defensor\u00eda del Pueblo: ma\u00f1ana comienzan las entrevistas a los postulantes"}]},{"@type":"WebSite","@id":"https:\/\/informelitoral.com.ar\/#website","url":"https:\/\/informelitoral.com.ar\/","name":"Informe Litoral","description":"&quot;Nos informamos&quot; ","publisher":{"@id":"https:\/\/informelitoral.com.ar\/#organization"},"potentialAction":[{"@type":"SearchAction","target":{"@type":"EntryPoint","urlTemplate":"https:\/\/informelitoral.com.ar\/?s={search_term_string}"},"query-input":{"@type":"PropertyValueSpecification","valueRequired":true,"valueName":"search_term_string"}}],"inLanguage":"es"},{"@type":"Organization","@id":"https:\/\/informelitoral.com.ar\/#organization","name":"Informe Litoral","url":"https:\/\/informelitoral.com.ar\/","logo":{"@type":"ImageObject","inLanguage":"es","@id":"https:\/\/informelitoral.com.ar\/#\/schema\/logo\/image\/","url":"https:\/\/informelitoral.com.ar\/%77%70%2d%63%6f%6e%74%65%6e%74\/uploads\/2021\/01\/circulo.png","contentUrl":"https:\/\/informelitoral.com.ar\/%77%70%2d%63%6f%6e%74%65%6e%74\/uploads\/2021\/01\/circulo.png","width":723,"height":731,"caption":"Informe Litoral"},"image":{"@id":"https:\/\/informelitoral.com.ar\/#\/schema\/logo\/image\/"},"sameAs":["https:\/\/www.facebook.com\/informelitoral\/","https:\/\/x.com\/InformeLitoral","https:\/\/www.instagram.com\/informelitoral\/","https:\/\/www.youtube.com\/channel\/UCua4Qvz8Icb6MYqhoq9xLXw"]},{"@type":"Person","@id":"https:\/\/informelitoral.com.ar\/#\/schema\/person\/f05f9f461677119578717524b127d6d5","name":"Sebastian","image":{"@type":"ImageObject","inLanguage":"es","@id":"https:\/\/secure.gravatar.com\/avatar\/b71bf7481d447dfb9583c7f2798e7cc64de6efb9067b74633ed8c31059a3bd82?s=96&d=mm&r=g","url":"https:\/\/secure.gravatar.com\/avatar\/b71bf7481d447dfb9583c7f2798e7cc64de6efb9067b74633ed8c31059a3bd82?s=96&d=mm&r=g","contentUrl":"https:\/\/secure.gravatar.com\/avatar\/b71bf7481d447dfb9583c7f2798e7cc64de6efb9067b74633ed8c31059a3bd82?s=96&d=mm&r=g","caption":"Sebastian"},"url":"https:\/\/informelitoral.com.ar\/author\/sebastian\/"}]}},"_links":{"self":[{"href":"https:\/\/informelitoral.com.ar\/%77%70%2d%6a%73%6f%6e\/wp\/v2\/posts\/47941","targetHints":{"allow":["GET"]}}],"collection":[{"href":"https:\/\/informelitoral.com.ar\/%77%70%2d%6a%73%6f%6e\/wp\/v2\/posts"}],"about":[{"href":"https:\/\/informelitoral.com.ar\/%77%70%2d%6a%73%6f%6e\/wp\/v2\/types\/post"}],"author":[{"embeddable":true,"href":"https:\/\/informelitoral.com.ar\/%77%70%2d%6a%73%6f%6e\/wp\/v2\/users\/8"}],"replies":[{"embeddable":true,"href":"https:\/\/informelitoral.com.ar\/%77%70%2d%6a%73%6f%6e\/wp\/v2\/comments?post=47941"}],"version-history":[{"count":0,"href":"https:\/\/informelitoral.com.ar\/%77%70%2d%6a%73%6f%6e\/wp\/v2\/posts\/47941\/revisions"}],"wp:featuredmedia":[{"embeddable":true,"href":"https:\/\/informelitoral.com.ar\/%77%70%2d%6a%73%6f%6e\/wp\/v2\/media\/16505"}],"wp:attachment":[{"href":"https:\/\/informelitoral.com.ar\/%77%70%2d%6a%73%6f%6e\/wp\/v2\/media?parent=47941"}],"wp:term":[{"taxonomy":"category","embeddable":true,"href":"https:\/\/informelitoral.com.ar\/%77%70%2d%6a%73%6f%6e\/wp\/v2\/categories?post=47941"},{"taxonomy":"post_tag","embeddable":true,"href":"https:\/\/informelitoral.com.ar\/%77%70%2d%6a%73%6f%6e\/wp\/v2\/tags?post=47941"}],"curies":[{"name":"wp","href":"https:\/\/api.w.org\/{rel}","templated":true}]}}