{"id":47885,"date":"2020-08-19T20:29:15","date_gmt":"2020-08-19T23:29:15","guid":{"rendered":"https:\/\/www.isletasnoticias.com.ar\/?p=47885"},"modified":"2020-08-19T20:29:15","modified_gmt":"2020-08-19T23:29:15","slug":"vicegobernacion-presento-el-instituto-de-formacion-legislativa-de-entre-rios","status":"publish","type":"post","link":"https:\/\/informelitoral.com.ar\/vicegobernacion-presento-el-instituto-de-formacion-legislativa-de-entre-rios\/","title":{"rendered":"Vicegobernaci\u00f3n present\u00f3 el Instituto de Formaci\u00f3n Legislativa de Entre R\u00edos"},"content":{"rendered":"<p style=\"text-align: left;\">Teniendo en cuenta que \u201cla Vicegobernaci\u00f3n ven\u00eda trabajando junto a ustedes en cursos de formaci\u00f3n y capacitaci\u00f3n que se ven\u00edan desarrollando en las gestiones anteriores, nos parec\u00eda importante poder darle a esas capacitaciones un marco much\u00edsimo m\u00e1s profundo, y crear este Instituto de Formaci\u00f3n que justamente pudiera nuclear de alguna manera toda esa vocaci\u00f3n de formar, de llegar a cada rinc\u00f3n de la provincia, y hacerlo a trav\u00e9s de ustedes que son nuestras casas de altos estudios en la provincia de Entre R\u00edos y con quienes venimos tambi\u00e9n transitando un camino com\u00fan\u201d, introdujo Laura Stratta.<\/p>\n<p>\u201cPor eso nos parec\u00eda importante poder convocarlos no s\u00f3lo a esta firma de convenios sino tambi\u00e9n al lanzamiento del Instituto\u201d, agreg\u00f3 para adelantar a continuaci\u00f3n que el \u201cintercambio permanente\u201d ser\u00e1 una constante en este espacio que estar\u00e1 coordinado por el licenciado en Comunicaci\u00f3n Social, Daniel Almada.<\/p>\n<p>La Vicegobernadora puso adem\u00e1s de relieve la vocaci\u00f3n de la Vicegobernaci\u00f3n \u201cno solamente de poder formar, sino de generar los debates necesarios en estos tiempos actuales que requieren de la multiplicidad de voces\u201d.<\/p>\n<p>En ese sentido, afirm\u00f3: \u201cTenemos una tarea inmensa por delante. Hoy la tecnolog\u00eda nos permite traspasar cualquier l\u00edmite territorial y sectorial para poder abordar la formaci\u00f3n y la comunicaci\u00f3n de diversas manera, as\u00ed que simplemente agradecida y contenta de que la Vicegobernaci\u00f3n pueda tomar una decisi\u00f3n m\u00e1s de abrir sus puertas a la sociedad, de seguir sosteniendo y construyendo v\u00ednculos con cada una de ustedes\u201d.<\/p>\n<p>\u201cCuando una recorre la provincia encuentra ciudades donde todo llega pero tambi\u00e9n encuentra zonas donde todav\u00eda nos falta, as\u00ed que nos parece importante ir tambi\u00e9n por ah\u00ed\u201d, consider\u00f3 Laura Stratta y convoc\u00f3 a los presentes \u201ca seguir trabajando en conjunto, llegando con participaci\u00f3n y formaci\u00f3n a cada rinc\u00f3n del territorio\u201d.<\/p>\n<p>De esa manera y con la r\u00fabrica correspondiente de An\u00edbal Sattler, rector de la Universidad Aut\u00f3noma de Entre R\u00edos; Andr\u00e9s Ernesto Sabella, rector de la Universidad Nacional de Entre R\u00edos; Horacio Fabi\u00e1n Rizzo, rector de la Universidad Adventista del Plata; Carolina Moyano, delegada rectoral Paran\u00e1 de la Universidad de Concepci\u00f3n del Uruguay; Mart\u00edn Juli\u00e1n Acevedo Mi\u00f1o, decano de la Universidad Cat\u00f3lica Argentina; y Alejandro Daniel Carrere decano de la Universidad Tecnol\u00f3gica Nacional, se puso en marcha el Instituto de Formaci\u00f3n Legislativa de Entre R\u00edos.<\/p>\n<p>Cabe destacar que este espacio se propone como objetivos promover y desarrollar instancias de capacitaci\u00f3n destinadas a trabajadores de la C\u00e1mara de Senadores, legisladores, funcionarios p\u00fablicos, como as\u00ed tambi\u00e9n a integrantes de los Concejos Deliberantes municipales de la provincia.<\/p>\n<p><strong>\u00a0 \u00a0 \u00a0 \u00a0 \u00a0 \u00a0 \u00a0 \u00a0 \u00a0 \u00a0 \u00a0 \u00a0 \u00a0 \u00a0 \u00a0 \u00a0 \u00a0Primera instancia de capacitaci\u00f3n<\/strong><\/p>\n<p>En el marco del lanzamiento del Instituto de Formaci\u00f3n Legislativa, este martes tambi\u00e9n se firm\u00f3 un convenio con la Secretar\u00eda de Modernizaci\u00f3n del Gobierno de Entre R\u00edos.<\/p>\n<p>El organismo, a cargo de Lucrecia Escand\u00f3n, llevar\u00e1 adelante la primera instancia de formaci\u00f3n del Instituto, que en este caso ser\u00e1 sobre la tem\u00e1tica \u201cFirma Digital\u201d.<\/p>\n","protected":false},"excerpt":{"rendered":"<p>Teniendo en cuenta que &ldquo;la Vicegobernaci&oacute;n ven&iacute;a trabajando junto a ustedes en cursos de formaci&oacute;n y capacitaci&oacute;n que se ven&iacute;an desarrollando en las gestiones anteriores, nos parec&iacute;a importante poder darle a esas capacitaciones un marco much&iacute;simo m&aacute;s profundo, y crear este Instituto de Formaci&oacute;n que justamente pudiera nuclear de alguna manera toda esa vocaci&oacute;n de [&hellip;]<\/p>\n","protected":false},"author":8,"featured_media":46983,"comment_status":"open","ping_status":"open","sticky":false,"template":"","format":"standard","meta":{"fifu_image_url":"","fifu_image_alt":"","footnotes":""},"categories":[6],"tags":[81,50,1654],"class_list":{"0":"post-47885","1":"post","2":"type-post","3":"status-publish","4":"format-standard","5":"has-post-thumbnail","7":"category-entre-rios","8":"tag-entre-rios","9":"tag-politica","10":"tag-vicegobernacion"},"yoast_head":"<title>Vicegobernaci\u00f3n present\u00f3 el Instituto de Formaci\u00f3n Legislativa de Entre R\u00edos - Informe Litoral<\/title>\n<meta name=\"robots\" content=\"index, follow, max-snippet:-1, max-image-preview:large, max-video-preview:-1\" \/>\n<link rel=\"canonical\" href=\"https:\/\/informelitoral.com.ar\/vicegobernacion-presento-el-instituto-de-formacion-legislativa-de-entre-rios\/\" \/>\n<meta property=\"og:locale\" content=\"es_ES\" \/>\n<meta property=\"og:type\" content=\"article\" \/>\n<meta property=\"og:title\" content=\"Vicegobernaci\u00f3n present\u00f3 el Instituto de Formaci\u00f3n Legislativa de Entre R\u00edos - Informe Litoral\" \/>\n<meta property=\"og:description\" content=\"Teniendo en cuenta que &ldquo;la Vicegobernaci&oacute;n ven&iacute;a trabajando junto a ustedes en cursos de formaci&oacute;n y capacitaci&oacute;n que se ven&iacute;an desarrollando en las gestiones anteriores, nos parec&iacute;a importante poder darle a esas capacitaciones un marco much&iacute;simo m&aacute;s profundo, y crear este Instituto de Formaci&oacute;n que justamente pudiera nuclear de alguna manera toda esa vocaci&oacute;n de [&hellip;]\" \/>\n<meta property=\"og:url\" content=\"https:\/\/informelitoral.com.ar\/vicegobernacion-presento-el-instituto-de-formacion-legislativa-de-entre-rios\/\" \/>\n<meta property=\"og:site_name\" content=\"Informe Litoral\" \/>\n<meta property=\"article:publisher\" content=\"https:\/\/www.facebook.com\/informelitoral\/\" \/>\n<meta property=\"article:published_time\" content=\"2020-08-19T23:29:15+00:00\" \/>\n<meta property=\"og:image\" content=\"https:\/\/informelitoral.com.ar\/%77%70%2d%63%6f%6e%74%65%6e%74\/uploads\/2020\/08\/strattal.jpg\" \/>\n\t<meta property=\"og:image:width\" content=\"1280\" \/>\n\t<meta property=\"og:image:height\" content=\"854\" \/>\n\t<meta property=\"og:image:type\" content=\"image\/jpeg\" \/>\n<meta name=\"author\" content=\"Sebastian\" \/>\n<meta name=\"twitter:card\" content=\"summary_large_image\" \/>\n<meta name=\"twitter:creator\" content=\"@InformeLitoral\" \/>\n<meta name=\"twitter:site\" content=\"@InformeLitoral\" \/>\n<meta name=\"twitter:label1\" content=\"Escrito por\" \/>\n\t<meta name=\"twitter:data1\" content=\"Sebastian\" \/>\n\t<meta name=\"twitter:label2\" content=\"Tiempo de lectura\" \/>\n\t<meta name=\"twitter:data2\" content=\"3 minutos\" \/>\n<script type=\"application\/ld+json\" class=\"yoast-schema-graph\">{\"@context\":\"https:\\\/\\\/schema.org\",\"@graph\":[{\"@type\":\"Article\",\"@id\":\"https:\\\/\\\/informelitoral.com.ar\\\/vicegobernacion-presento-el-instituto-de-formacion-legislativa-de-entre-rios\\\/#article\",\"isPartOf\":{\"@id\":\"https:\\\/\\\/informelitoral.com.ar\\\/vicegobernacion-presento-el-instituto-de-formacion-legislativa-de-entre-rios\\\/\"},\"author\":{\"name\":\"Sebastian\",\"@id\":\"https:\\\/\\\/informelitoral.com.ar\\\/#\\\/schema\\\/person\\\/f05f9f461677119578717524b127d6d5\"},\"headline\":\"Vicegobernaci\u00f3n present\u00f3 el Instituto de Formaci\u00f3n Legislativa de Entre R\u00edos\",\"datePublished\":\"2020-08-19T23:29:15+00:00\",\"mainEntityOfPage\":{\"@id\":\"https:\\\/\\\/informelitoral.com.ar\\\/vicegobernacion-presento-el-instituto-de-formacion-legislativa-de-entre-rios\\\/\"},\"wordCount\":547,\"commentCount\":0,\"publisher\":{\"@id\":\"https:\\\/\\\/informelitoral.com.ar\\\/#organization\"},\"image\":{\"@id\":\"https:\\\/\\\/informelitoral.com.ar\\\/vicegobernacion-presento-el-instituto-de-formacion-legislativa-de-entre-rios\\\/#primaryimage\"},\"thumbnailUrl\":\"https:\\\/\\\/informelitoral.com.ar\\\/%77%70%2d%63%6f%6e%74%65%6e%74\\\/uploads\\\/2020\\\/08\\\/strattal.jpg\",\"keywords\":[\"Entre R\u00edos\",\"Pol\u00edtica\",\"Vicegobernacion\"],\"articleSection\":[\"Entre R\u00edos\"],\"inLanguage\":\"es\",\"potentialAction\":[{\"@type\":\"CommentAction\",\"name\":\"Comment\",\"target\":[\"https:\\\/\\\/informelitoral.com.ar\\\/vicegobernacion-presento-el-instituto-de-formacion-legislativa-de-entre-rios\\\/#respond\"]}]},{\"@type\":\"WebPage\",\"@id\":\"https:\\\/\\\/informelitoral.com.ar\\\/vicegobernacion-presento-el-instituto-de-formacion-legislativa-de-entre-rios\\\/\",\"url\":\"https:\\\/\\\/informelitoral.com.ar\\\/vicegobernacion-presento-el-instituto-de-formacion-legislativa-de-entre-rios\\\/\",\"name\":\"Vicegobernaci\u00f3n present\u00f3 el Instituto de Formaci\u00f3n Legislativa de Entre R\u00edos - Informe Litoral\",\"isPartOf\":{\"@id\":\"https:\\\/\\\/informelitoral.com.ar\\\/#website\"},\"primaryImageOfPage\":{\"@id\":\"https:\\\/\\\/informelitoral.com.ar\\\/vicegobernacion-presento-el-instituto-de-formacion-legislativa-de-entre-rios\\\/#primaryimage\"},\"image\":{\"@id\":\"https:\\\/\\\/informelitoral.com.ar\\\/vicegobernacion-presento-el-instituto-de-formacion-legislativa-de-entre-rios\\\/#primaryimage\"},\"thumbnailUrl\":\"https:\\\/\\\/informelitoral.com.ar\\\/%77%70%2d%63%6f%6e%74%65%6e%74\\\/uploads\\\/2020\\\/08\\\/strattal.jpg\",\"datePublished\":\"2020-08-19T23:29:15+00:00\",\"breadcrumb\":{\"@id\":\"https:\\\/\\\/informelitoral.com.ar\\\/vicegobernacion-presento-el-instituto-de-formacion-legislativa-de-entre-rios\\\/#breadcrumb\"},\"inLanguage\":\"es\",\"potentialAction\":[{\"@type\":\"ReadAction\",\"target\":[\"https:\\\/\\\/informelitoral.com.ar\\\/vicegobernacion-presento-el-instituto-de-formacion-legislativa-de-entre-rios\\\/\"]}]},{\"@type\":\"ImageObject\",\"inLanguage\":\"es\",\"@id\":\"https:\\\/\\\/informelitoral.com.ar\\\/vicegobernacion-presento-el-instituto-de-formacion-legislativa-de-entre-rios\\\/#primaryimage\",\"url\":\"https:\\\/\\\/informelitoral.com.ar\\\/%77%70%2d%63%6f%6e%74%65%6e%74\\\/uploads\\\/2020\\\/08\\\/strattal.jpg\",\"contentUrl\":\"https:\\\/\\\/informelitoral.com.ar\\\/%77%70%2d%63%6f%6e%74%65%6e%74\\\/uploads\\\/2020\\\/08\\\/strattal.jpg\",\"width\":1280,\"height\":854},{\"@type\":\"BreadcrumbList\",\"@id\":\"https:\\\/\\\/informelitoral.com.ar\\\/vicegobernacion-presento-el-instituto-de-formacion-legislativa-de-entre-rios\\\/#breadcrumb\",\"itemListElement\":[{\"@type\":\"ListItem\",\"position\":1,\"name\":\"Portada\",\"item\":\"https:\\\/\\\/informelitoral.com.ar\\\/\"},{\"@type\":\"ListItem\",\"position\":2,\"name\":\"Vicegobernaci\u00f3n present\u00f3 el Instituto de Formaci\u00f3n Legislativa de Entre R\u00edos\"}]},{\"@type\":\"WebSite\",\"@id\":\"https:\\\/\\\/informelitoral.com.ar\\\/#website\",\"url\":\"https:\\\/\\\/informelitoral.com.ar\\\/\",\"name\":\"Informe Litoral\",\"description\":\"&quot;Nos informamos&quot; \",\"publisher\":{\"@id\":\"https:\\\/\\\/informelitoral.com.ar\\\/#organization\"},\"potentialAction\":[{\"@type\":\"SearchAction\",\"target\":{\"@type\":\"EntryPoint\",\"urlTemplate\":\"https:\\\/\\\/informelitoral.com.ar\\\/?s={search_term_string}\"},\"query-input\":{\"@type\":\"PropertyValueSpecification\",\"valueRequired\":true,\"valueName\":\"search_term_string\"}}],\"inLanguage\":\"es\"},{\"@type\":\"Organization\",\"@id\":\"https:\\\/\\\/informelitoral.com.ar\\\/#organization\",\"name\":\"Informe Litoral\",\"url\":\"https:\\\/\\\/informelitoral.com.ar\\\/\",\"logo\":{\"@type\":\"ImageObject\",\"inLanguage\":\"es\",\"@id\":\"https:\\\/\\\/informelitoral.com.ar\\\/#\\\/schema\\\/logo\\\/image\\\/\",\"url\":\"https:\\\/\\\/informelitoral.com.ar\\\/%77%70%2d%63%6f%6e%74%65%6e%74\\\/uploads\\\/2021\\\/01\\\/circulo.png\",\"contentUrl\":\"https:\\\/\\\/informelitoral.com.ar\\\/%77%70%2d%63%6f%6e%74%65%6e%74\\\/uploads\\\/2021\\\/01\\\/circulo.png\",\"width\":723,\"height\":731,\"caption\":\"Informe Litoral\"},\"image\":{\"@id\":\"https:\\\/\\\/informelitoral.com.ar\\\/#\\\/schema\\\/logo\\\/image\\\/\"},\"sameAs\":[\"https:\\\/\\\/www.facebook.com\\\/informelitoral\\\/\",\"https:\\\/\\\/x.com\\\/InformeLitoral\",\"https:\\\/\\\/www.instagram.com\\\/informelitoral\\\/\",\"https:\\\/\\\/www.youtube.com\\\/channel\\\/UCua4Qvz8Icb6MYqhoq9xLXw\"]},{\"@type\":\"Person\",\"@id\":\"https:\\\/\\\/informelitoral.com.ar\\\/#\\\/schema\\\/person\\\/f05f9f461677119578717524b127d6d5\",\"name\":\"Sebastian\",\"image\":{\"@type\":\"ImageObject\",\"inLanguage\":\"es\",\"@id\":\"https:\\\/\\\/secure.gravatar.com\\\/avatar\\\/b71bf7481d447dfb9583c7f2798e7cc64de6efb9067b74633ed8c31059a3bd82?s=96&d=mm&r=g\",\"url\":\"https:\\\/\\\/secure.gravatar.com\\\/avatar\\\/b71bf7481d447dfb9583c7f2798e7cc64de6efb9067b74633ed8c31059a3bd82?s=96&d=mm&r=g\",\"contentUrl\":\"https:\\\/\\\/secure.gravatar.com\\\/avatar\\\/b71bf7481d447dfb9583c7f2798e7cc64de6efb9067b74633ed8c31059a3bd82?s=96&d=mm&r=g\",\"caption\":\"Sebastian\"},\"url\":\"https:\\\/\\\/informelitoral.com.ar\\\/author\\\/sebastian\\\/\"}]}<\/script>","yoast_head_json":{"title":"Vicegobernaci\u00f3n present\u00f3 el Instituto de Formaci\u00f3n Legislativa de Entre R\u00edos - Informe Litoral","robots":{"index":"index","follow":"follow","max-snippet":"max-snippet:-1","max-image-preview":"max-image-preview:large","max-video-preview":"max-video-preview:-1"},"canonical":"https:\/\/informelitoral.com.ar\/vicegobernacion-presento-el-instituto-de-formacion-legislativa-de-entre-rios\/","og_locale":"es_ES","og_type":"article","og_title":"Vicegobernaci\u00f3n present\u00f3 el Instituto de Formaci\u00f3n Legislativa de Entre R\u00edos - Informe Litoral","og_description":"Teniendo en cuenta que &ldquo;la Vicegobernaci&oacute;n ven&iacute;a trabajando junto a ustedes en cursos de formaci&oacute;n y capacitaci&oacute;n que se ven&iacute;an desarrollando en las gestiones anteriores, nos parec&iacute;a importante poder darle a esas capacitaciones un marco much&iacute;simo m&aacute;s profundo, y crear este Instituto de Formaci&oacute;n que justamente pudiera nuclear de alguna manera toda esa vocaci&oacute;n de [&hellip;]","og_url":"https:\/\/informelitoral.com.ar\/vicegobernacion-presento-el-instituto-de-formacion-legislativa-de-entre-rios\/","og_site_name":"Informe Litoral","article_publisher":"https:\/\/www.facebook.com\/informelitoral\/","article_published_time":"2020-08-19T23:29:15+00:00","og_image":[{"width":1280,"height":854,"url":"https:\/\/informelitoral.com.ar\/%77%70%2d%63%6f%6e%74%65%6e%74\/uploads\/2020\/08\/strattal.jpg","type":"image\/jpeg"}],"author":"Sebastian","twitter_card":"summary_large_image","twitter_creator":"@InformeLitoral","twitter_site":"@InformeLitoral","twitter_misc":{"Escrito por":"Sebastian","Tiempo de lectura":"3 minutos"},"schema":{"@context":"https:\/\/schema.org","@graph":[{"@type":"Article","@id":"https:\/\/informelitoral.com.ar\/vicegobernacion-presento-el-instituto-de-formacion-legislativa-de-entre-rios\/#article","isPartOf":{"@id":"https:\/\/informelitoral.com.ar\/vicegobernacion-presento-el-instituto-de-formacion-legislativa-de-entre-rios\/"},"author":{"name":"Sebastian","@id":"https:\/\/informelitoral.com.ar\/#\/schema\/person\/f05f9f461677119578717524b127d6d5"},"headline":"Vicegobernaci\u00f3n present\u00f3 el Instituto de Formaci\u00f3n Legislativa de Entre R\u00edos","datePublished":"2020-08-19T23:29:15+00:00","mainEntityOfPage":{"@id":"https:\/\/informelitoral.com.ar\/vicegobernacion-presento-el-instituto-de-formacion-legislativa-de-entre-rios\/"},"wordCount":547,"commentCount":0,"publisher":{"@id":"https:\/\/informelitoral.com.ar\/#organization"},"image":{"@id":"https:\/\/informelitoral.com.ar\/vicegobernacion-presento-el-instituto-de-formacion-legislativa-de-entre-rios\/#primaryimage"},"thumbnailUrl":"https:\/\/informelitoral.com.ar\/%77%70%2d%63%6f%6e%74%65%6e%74\/uploads\/2020\/08\/strattal.jpg","keywords":["Entre R\u00edos","Pol\u00edtica","Vicegobernacion"],"articleSection":["Entre R\u00edos"],"inLanguage":"es","potentialAction":[{"@type":"CommentAction","name":"Comment","target":["https:\/\/informelitoral.com.ar\/vicegobernacion-presento-el-instituto-de-formacion-legislativa-de-entre-rios\/#respond"]}]},{"@type":"WebPage","@id":"https:\/\/informelitoral.com.ar\/vicegobernacion-presento-el-instituto-de-formacion-legislativa-de-entre-rios\/","url":"https:\/\/informelitoral.com.ar\/vicegobernacion-presento-el-instituto-de-formacion-legislativa-de-entre-rios\/","name":"Vicegobernaci\u00f3n present\u00f3 el Instituto de Formaci\u00f3n Legislativa de Entre R\u00edos - Informe Litoral","isPartOf":{"@id":"https:\/\/informelitoral.com.ar\/#website"},"primaryImageOfPage":{"@id":"https:\/\/informelitoral.com.ar\/vicegobernacion-presento-el-instituto-de-formacion-legislativa-de-entre-rios\/#primaryimage"},"image":{"@id":"https:\/\/informelitoral.com.ar\/vicegobernacion-presento-el-instituto-de-formacion-legislativa-de-entre-rios\/#primaryimage"},"thumbnailUrl":"https:\/\/informelitoral.com.ar\/%77%70%2d%63%6f%6e%74%65%6e%74\/uploads\/2020\/08\/strattal.jpg","datePublished":"2020-08-19T23:29:15+00:00","breadcrumb":{"@id":"https:\/\/informelitoral.com.ar\/vicegobernacion-presento-el-instituto-de-formacion-legislativa-de-entre-rios\/#breadcrumb"},"inLanguage":"es","potentialAction":[{"@type":"ReadAction","target":["https:\/\/informelitoral.com.ar\/vicegobernacion-presento-el-instituto-de-formacion-legislativa-de-entre-rios\/"]}]},{"@type":"ImageObject","inLanguage":"es","@id":"https:\/\/informelitoral.com.ar\/vicegobernacion-presento-el-instituto-de-formacion-legislativa-de-entre-rios\/#primaryimage","url":"https:\/\/informelitoral.com.ar\/%77%70%2d%63%6f%6e%74%65%6e%74\/uploads\/2020\/08\/strattal.jpg","contentUrl":"https:\/\/informelitoral.com.ar\/%77%70%2d%63%6f%6e%74%65%6e%74\/uploads\/2020\/08\/strattal.jpg","width":1280,"height":854},{"@type":"BreadcrumbList","@id":"https:\/\/informelitoral.com.ar\/vicegobernacion-presento-el-instituto-de-formacion-legislativa-de-entre-rios\/#breadcrumb","itemListElement":[{"@type":"ListItem","position":1,"name":"Portada","item":"https:\/\/informelitoral.com.ar\/"},{"@type":"ListItem","position":2,"name":"Vicegobernaci\u00f3n present\u00f3 el Instituto de Formaci\u00f3n Legislativa de Entre R\u00edos"}]},{"@type":"WebSite","@id":"https:\/\/informelitoral.com.ar\/#website","url":"https:\/\/informelitoral.com.ar\/","name":"Informe Litoral","description":"&quot;Nos informamos&quot; ","publisher":{"@id":"https:\/\/informelitoral.com.ar\/#organization"},"potentialAction":[{"@type":"SearchAction","target":{"@type":"EntryPoint","urlTemplate":"https:\/\/informelitoral.com.ar\/?s={search_term_string}"},"query-input":{"@type":"PropertyValueSpecification","valueRequired":true,"valueName":"search_term_string"}}],"inLanguage":"es"},{"@type":"Organization","@id":"https:\/\/informelitoral.com.ar\/#organization","name":"Informe Litoral","url":"https:\/\/informelitoral.com.ar\/","logo":{"@type":"ImageObject","inLanguage":"es","@id":"https:\/\/informelitoral.com.ar\/#\/schema\/logo\/image\/","url":"https:\/\/informelitoral.com.ar\/%77%70%2d%63%6f%6e%74%65%6e%74\/uploads\/2021\/01\/circulo.png","contentUrl":"https:\/\/informelitoral.com.ar\/%77%70%2d%63%6f%6e%74%65%6e%74\/uploads\/2021\/01\/circulo.png","width":723,"height":731,"caption":"Informe Litoral"},"image":{"@id":"https:\/\/informelitoral.com.ar\/#\/schema\/logo\/image\/"},"sameAs":["https:\/\/www.facebook.com\/informelitoral\/","https:\/\/x.com\/InformeLitoral","https:\/\/www.instagram.com\/informelitoral\/","https:\/\/www.youtube.com\/channel\/UCua4Qvz8Icb6MYqhoq9xLXw"]},{"@type":"Person","@id":"https:\/\/informelitoral.com.ar\/#\/schema\/person\/f05f9f461677119578717524b127d6d5","name":"Sebastian","image":{"@type":"ImageObject","inLanguage":"es","@id":"https:\/\/secure.gravatar.com\/avatar\/b71bf7481d447dfb9583c7f2798e7cc64de6efb9067b74633ed8c31059a3bd82?s=96&d=mm&r=g","url":"https:\/\/secure.gravatar.com\/avatar\/b71bf7481d447dfb9583c7f2798e7cc64de6efb9067b74633ed8c31059a3bd82?s=96&d=mm&r=g","contentUrl":"https:\/\/secure.gravatar.com\/avatar\/b71bf7481d447dfb9583c7f2798e7cc64de6efb9067b74633ed8c31059a3bd82?s=96&d=mm&r=g","caption":"Sebastian"},"url":"https:\/\/informelitoral.com.ar\/author\/sebastian\/"}]}},"_links":{"self":[{"href":"https:\/\/informelitoral.com.ar\/%77%70%2d%6a%73%6f%6e\/wp\/v2\/posts\/47885","targetHints":{"allow":["GET"]}}],"collection":[{"href":"https:\/\/informelitoral.com.ar\/%77%70%2d%6a%73%6f%6e\/wp\/v2\/posts"}],"about":[{"href":"https:\/\/informelitoral.com.ar\/%77%70%2d%6a%73%6f%6e\/wp\/v2\/types\/post"}],"author":[{"embeddable":true,"href":"https:\/\/informelitoral.com.ar\/%77%70%2d%6a%73%6f%6e\/wp\/v2\/users\/8"}],"replies":[{"embeddable":true,"href":"https:\/\/informelitoral.com.ar\/%77%70%2d%6a%73%6f%6e\/wp\/v2\/comments?post=47885"}],"version-history":[{"count":0,"href":"https:\/\/informelitoral.com.ar\/%77%70%2d%6a%73%6f%6e\/wp\/v2\/posts\/47885\/revisions"}],"wp:featuredmedia":[{"embeddable":true,"href":"https:\/\/informelitoral.com.ar\/%77%70%2d%6a%73%6f%6e\/wp\/v2\/media\/46983"}],"wp:attachment":[{"href":"https:\/\/informelitoral.com.ar\/%77%70%2d%6a%73%6f%6e\/wp\/v2\/media?parent=47885"}],"wp:term":[{"taxonomy":"category","embeddable":true,"href":"https:\/\/informelitoral.com.ar\/%77%70%2d%6a%73%6f%6e\/wp\/v2\/categories?post=47885"},{"taxonomy":"post_tag","embeddable":true,"href":"https:\/\/informelitoral.com.ar\/%77%70%2d%6a%73%6f%6e\/wp\/v2\/tags?post=47885"}],"curies":[{"name":"wp","href":"https:\/\/api.w.org\/{rel}","templated":true}]}}