{"id":47712,"date":"2020-08-17T11:49:22","date_gmt":"2020-08-17T14:49:22","guid":{"rendered":"https:\/\/www.isletasnoticias.com.ar\/?p=47712"},"modified":"2020-08-17T12:07:14","modified_gmt":"2020-08-17T15:07:14","slug":"los-ninos-no-mienten-la-campana-contra-el-abuso-sexual-infantil-que-nacio-en-entre-rios","status":"publish","type":"post","link":"https:\/\/informelitoral.com.ar\/los-ninos-no-mienten-la-campana-contra-el-abuso-sexual-infantil-que-nacio-en-entre-rios\/","title":{"rendered":"\u00abLos ni\u00f1os no mienten\u00bb: la campa\u00f1a contra el abuso sexual infantil que naci\u00f3 en Entre R\u00edos"},"content":{"rendered":"<p>A partir de la denuncia de un<strong> presunto abuso sexual en prejuicio de una menor<\/strong>, en la localidad de <strong>Lucas Gonz\u00e1lez<\/strong>, a principios de julio, se origin\u00f3 una<strong> campa\u00f1a nacional de repudio a este tipo de delitos y a la vez, generar concientizaci\u00f3n.<\/strong><\/p>\n<p>Bajo la consigna<em><strong> \u00abLos ni\u00f1os no mienten\u00bb,<\/strong><\/em> se difundieron videos en los que se ve a personas de todos los g\u00e9neros y edades que exhiben carteles con la frase.<\/p>\n<p>\u00abLa iniciativa surgi\u00f3 a partir de un hecho que nos toc\u00f3 vivir muy de cerca. La hija mas chiquita de mi marido -de tres a\u00f1os- fue abusada en reiteradas ocasiones por un t\u00edo -marido de la hermana de la mam\u00e1-. Ella cont\u00f3 lo que estaba viviendo, se realiz\u00f3 la denuncia correspondiente y se procedi\u00f3 a constatar m\u00e9dicamente y psicol\u00f3gicamente lo sucedido. El denunciado es C\u00e9sar Cepeda, quien desde el d\u00eda de la<br \/>\nDenuncia (1\/7\/20) se encuentra con prisi\u00f3n domiciliaria, a la espera del juicio\u00bb, cont\u00f3 la\u00a0 denunciante a <em><strong>IN.<\/strong><\/em><\/p>\n<p>La causa se encuentra a cargo del fiscal, <strong>Federico Uriburu<\/strong> de Nogoy\u00e1, y abogado querellante,<strong> Mariano Navarro<\/strong>.<\/p>\n<div id=\"fb-root\"><\/div>\n<p><script async=\"1\" defer=\"1\" crossorigin=\"anonymous\" src=\"https:\/\/connect.facebook.net\/es_LA\/sdk.js#xfbml=1&amp;version=v8.0\" nonce=\"a4ogRn1E\"><\/script><\/p>\n<div class=\"fb-video\" data-href=\"https:\/\/www.facebook.com\/isletas.noticias\/videos\/909245556253817\" data-width=\"696\">\n<blockquote cite=\"https:\/\/www.facebook.com\/isletas.noticias\/videos\/909245556253817\/\" class=\"fb-xfbml-parse-ignore\"><p><a href=\"https:\/\/www.facebook.com\/isletas.noticias\/videos\/909245556253817\/\">&quot;Los ni\u00f1os no mienten&quot;<\/a><\/p>\n<p>&quot;Los ni\u00f1os no mienten&quot;: la campa\u00f1a contra el abuso sexual infantil que naci\u00f3 en Entre R\u00edos Un presunto abuso sexual registrado en Lucas Gonz\u00e1lez origin\u00f3 una campa\u00f1a de alcance nacional. Bajo la consigna &quot;Los ni\u00f1os no mienten&quot;, se sumaron personas de todo el pa\u00eds.<\/p>\n<p>Publicado por <a href=\"https:\/\/www.facebook.com\/isletas.noticias\/\">Isletas Noticias<\/a> en Lunes, 17 de agosto de 2020<\/p><\/blockquote>\n<\/div>\n<section class=\"texto\"><\/section>\n<section>\n<h3><strong>Detalles del caso\u00a0<\/strong><\/h3>\n<p>La causa est\u00e1 caratulada como \u00ababuso sexual con acceso carnal\u00bb, y la investigaci\u00f3n est\u00e1 en manos de la Unidad Fiscal de Nogoy\u00e1. El sospechado, C\u00e9sar Cepeda, t\u00edo de la ni\u00f1a, estuvo detenido en la Jefatura de Polic\u00eda de Nogoy\u00e1 luego de la denuncia, presentada por los padres.<\/p>\n<p>Posteriormente el juez de Garant\u00edas Gustavo Acosta le aplic\u00f3 al sospechado de los abusos 30 d\u00edas de prisi\u00f3n preventiva bajo la modalidad de arresto domiciliario, medida que cumple en una finca ubicada en Crucesitas Tercera, departamento Nogoy\u00e1. Y de ese modo se evit\u00f3 enviarlo a su vivienda, en Lucas Gonz\u00e1lez, para que cumpla la medida. Vive a pocas cuadras de la casa de la v\u00edctima.<\/p>\n<p>La defensa del denunciado, quien es director t\u00e9cnico de v\u00f3ley de un grupo de mujeres y miembro de la Comisi\u00f3n de Padres del Colegio Castro Barros, la ejerce el abogado Walter Mart\u00ednez, el mismo que fuera condenado por la Justicia por haber fraguado documentaci\u00f3n de la herencia del hacendado Jos\u00e9 Alberto Reggiardo.<\/p>\n<p>Fuentes de la Unidad Fiscal informan que, si bien por edad no se puede hacer C\u00e1mara Gesell (se hace a partir de los 6 a\u00f1os), de acuerdo el relato de los padres de la presunta v\u00edctima , el delito ser\u00eda abuso sexual gravemente ultrajante, consign\u00f3 en su momento <em>Entrer\u00edosahora.\u00a0<\/em><\/p>\n<\/section>\n","protected":false},"excerpt":{"rendered":"<p>Un presunto abuso sexual registrado en Lucas Gonz\u00e1lez origin\u00f3 una campa\u00f1a de alcance nacional. Bajo la consigna \u00abLos ni\u00f1os no mienten\u00bb, se sumaron personas de todo el pa\u00eds. Detalles del caso. <\/p>\n","protected":false},"author":2,"featured_media":47713,"comment_status":"open","ping_status":"open","sticky":false,"template":"","format":"standard","meta":{"fifu_image_url":"","fifu_image_alt":"","footnotes":""},"categories":[9],"tags":[539],"class_list":{"0":"post-47712","1":"post","2":"type-post","3":"status-publish","4":"format-standard","5":"has-post-thumbnail","7":"category-sociedad","8":"tag-lucas-gonzalez"},"yoast_head":"<title>&quot;Los ni\u00f1os no mienten&quot;: la campa\u00f1a contra el abuso sexual infantil que naci\u00f3 en Entre R\u00edos - Informe Litoral<\/title>\n<meta name=\"robots\" content=\"index, follow, max-snippet:-1, max-image-preview:large, max-video-preview:-1\" \/>\n<link rel=\"canonical\" href=\"https:\/\/informelitoral.com.ar\/los-ninos-no-mienten-la-campana-contra-el-abuso-sexual-infantil-que-nacio-en-entre-rios\/\" \/>\n<meta property=\"og:locale\" content=\"es_ES\" \/>\n<meta property=\"og:type\" content=\"article\" \/>\n<meta property=\"og:title\" content=\"&quot;Los ni\u00f1os no mienten&quot;: la campa\u00f1a contra el abuso sexual infantil que naci\u00f3 en Entre R\u00edos - Informe Litoral\" \/>\n<meta property=\"og:description\" content=\"Un presunto abuso sexual registrado en Lucas Gonz\u00e1lez origin\u00f3 una campa\u00f1a de alcance nacional. Bajo la consigna &quot;Los ni\u00f1os no mienten&quot;, se sumaron personas de todo el pa\u00eds. Detalles del caso.\" \/>\n<meta property=\"og:url\" content=\"https:\/\/informelitoral.com.ar\/los-ninos-no-mienten-la-campana-contra-el-abuso-sexual-infantil-que-nacio-en-entre-rios\/\" \/>\n<meta property=\"og:site_name\" content=\"Informe Litoral\" \/>\n<meta property=\"article:publisher\" content=\"https:\/\/www.facebook.com\/informelitoral\/\" \/>\n<meta property=\"article:published_time\" content=\"2020-08-17T14:49:22+00:00\" \/>\n<meta property=\"article:modified_time\" content=\"2020-08-17T15:07:14+00:00\" \/>\n<meta property=\"og:image\" content=\"https:\/\/informelitoral.com.ar\/%77%70%2d%63%6f%6e%74%65%6e%74\/uploads\/2020\/08\/abuso-sexual.jpg\" \/>\n\t<meta property=\"og:image:width\" content=\"948\" \/>\n\t<meta property=\"og:image:height\" content=\"632\" \/>\n\t<meta property=\"og:image:type\" content=\"image\/jpeg\" \/>\n<meta name=\"author\" content=\"Gonzalo Schmidt\" \/>\n<meta name=\"twitter:card\" content=\"summary_large_image\" \/>\n<meta name=\"twitter:creator\" content=\"@InformeLitoral\" \/>\n<meta name=\"twitter:site\" content=\"@InformeLitoral\" \/>\n<meta name=\"twitter:label1\" content=\"Escrito por\" \/>\n\t<meta name=\"twitter:data1\" content=\"Gonzalo Schmidt\" \/>\n\t<meta name=\"twitter:label2\" content=\"Tiempo de lectura\" \/>\n\t<meta name=\"twitter:data2\" content=\"2 minutos\" \/>\n<script type=\"application\/ld+json\" class=\"yoast-schema-graph\">{\"@context\":\"https:\\\/\\\/schema.org\",\"@graph\":[{\"@type\":\"Article\",\"@id\":\"https:\\\/\\\/informelitoral.com.ar\\\/los-ninos-no-mienten-la-campana-contra-el-abuso-sexual-infantil-que-nacio-en-entre-rios\\\/#article\",\"isPartOf\":{\"@id\":\"https:\\\/\\\/informelitoral.com.ar\\\/los-ninos-no-mienten-la-campana-contra-el-abuso-sexual-infantil-que-nacio-en-entre-rios\\\/\"},\"author\":{\"name\":\"Gonzalo Schmidt\",\"@id\":\"https:\\\/\\\/informelitoral.com.ar\\\/#\\\/schema\\\/person\\\/b9d00407c836482871ef1d57bf8e3180\"},\"headline\":\"\u00abLos ni\u00f1os no mienten\u00bb: la campa\u00f1a contra el abuso sexual infantil que naci\u00f3 en Entre R\u00edos\",\"datePublished\":\"2020-08-17T14:49:22+00:00\",\"dateModified\":\"2020-08-17T15:07:14+00:00\",\"mainEntityOfPage\":{\"@id\":\"https:\\\/\\\/informelitoral.com.ar\\\/los-ninos-no-mienten-la-campana-contra-el-abuso-sexual-infantil-que-nacio-en-entre-rios\\\/\"},\"wordCount\":449,\"commentCount\":0,\"publisher\":{\"@id\":\"https:\\\/\\\/informelitoral.com.ar\\\/#organization\"},\"image\":{\"@id\":\"https:\\\/\\\/informelitoral.com.ar\\\/los-ninos-no-mienten-la-campana-contra-el-abuso-sexual-infantil-que-nacio-en-entre-rios\\\/#primaryimage\"},\"thumbnailUrl\":\"https:\\\/\\\/informelitoral.com.ar\\\/%77%70%2d%63%6f%6e%74%65%6e%74\\\/uploads\\\/2020\\\/08\\\/abuso-sexual.jpg\",\"keywords\":[\"Lucas Gonz\u00e1lez\"],\"articleSection\":[\"Sociedad\"],\"inLanguage\":\"es\",\"potentialAction\":[{\"@type\":\"CommentAction\",\"name\":\"Comment\",\"target\":[\"https:\\\/\\\/informelitoral.com.ar\\\/los-ninos-no-mienten-la-campana-contra-el-abuso-sexual-infantil-que-nacio-en-entre-rios\\\/#respond\"]}]},{\"@type\":\"WebPage\",\"@id\":\"https:\\\/\\\/informelitoral.com.ar\\\/los-ninos-no-mienten-la-campana-contra-el-abuso-sexual-infantil-que-nacio-en-entre-rios\\\/\",\"url\":\"https:\\\/\\\/informelitoral.com.ar\\\/los-ninos-no-mienten-la-campana-contra-el-abuso-sexual-infantil-que-nacio-en-entre-rios\\\/\",\"name\":\"\\\"Los ni\u00f1os no mienten\\\": la campa\u00f1a contra el abuso sexual infantil que naci\u00f3 en Entre R\u00edos - Informe Litoral\",\"isPartOf\":{\"@id\":\"https:\\\/\\\/informelitoral.com.ar\\\/#website\"},\"primaryImageOfPage\":{\"@id\":\"https:\\\/\\\/informelitoral.com.ar\\\/los-ninos-no-mienten-la-campana-contra-el-abuso-sexual-infantil-que-nacio-en-entre-rios\\\/#primaryimage\"},\"image\":{\"@id\":\"https:\\\/\\\/informelitoral.com.ar\\\/los-ninos-no-mienten-la-campana-contra-el-abuso-sexual-infantil-que-nacio-en-entre-rios\\\/#primaryimage\"},\"thumbnailUrl\":\"https:\\\/\\\/informelitoral.com.ar\\\/%77%70%2d%63%6f%6e%74%65%6e%74\\\/uploads\\\/2020\\\/08\\\/abuso-sexual.jpg\",\"datePublished\":\"2020-08-17T14:49:22+00:00\",\"dateModified\":\"2020-08-17T15:07:14+00:00\",\"breadcrumb\":{\"@id\":\"https:\\\/\\\/informelitoral.com.ar\\\/los-ninos-no-mienten-la-campana-contra-el-abuso-sexual-infantil-que-nacio-en-entre-rios\\\/#breadcrumb\"},\"inLanguage\":\"es\",\"potentialAction\":[{\"@type\":\"ReadAction\",\"target\":[\"https:\\\/\\\/informelitoral.com.ar\\\/los-ninos-no-mienten-la-campana-contra-el-abuso-sexual-infantil-que-nacio-en-entre-rios\\\/\"]}]},{\"@type\":\"ImageObject\",\"inLanguage\":\"es\",\"@id\":\"https:\\\/\\\/informelitoral.com.ar\\\/los-ninos-no-mienten-la-campana-contra-el-abuso-sexual-infantil-que-nacio-en-entre-rios\\\/#primaryimage\",\"url\":\"https:\\\/\\\/informelitoral.com.ar\\\/%77%70%2d%63%6f%6e%74%65%6e%74\\\/uploads\\\/2020\\\/08\\\/abuso-sexual.jpg\",\"contentUrl\":\"https:\\\/\\\/informelitoral.com.ar\\\/%77%70%2d%63%6f%6e%74%65%6e%74\\\/uploads\\\/2020\\\/08\\\/abuso-sexual.jpg\",\"width\":948,\"height\":632},{\"@type\":\"BreadcrumbList\",\"@id\":\"https:\\\/\\\/informelitoral.com.ar\\\/los-ninos-no-mienten-la-campana-contra-el-abuso-sexual-infantil-que-nacio-en-entre-rios\\\/#breadcrumb\",\"itemListElement\":[{\"@type\":\"ListItem\",\"position\":1,\"name\":\"Portada\",\"item\":\"https:\\\/\\\/informelitoral.com.ar\\\/\"},{\"@type\":\"ListItem\",\"position\":2,\"name\":\"\u00abLos ni\u00f1os no mienten\u00bb: la campa\u00f1a contra el abuso sexual infantil que naci\u00f3 en Entre R\u00edos\"}]},{\"@type\":\"WebSite\",\"@id\":\"https:\\\/\\\/informelitoral.com.ar\\\/#website\",\"url\":\"https:\\\/\\\/informelitoral.com.ar\\\/\",\"name\":\"Informe Litoral\",\"description\":\"&quot;Nos informamos&quot; \",\"publisher\":{\"@id\":\"https:\\\/\\\/informelitoral.com.ar\\\/#organization\"},\"potentialAction\":[{\"@type\":\"SearchAction\",\"target\":{\"@type\":\"EntryPoint\",\"urlTemplate\":\"https:\\\/\\\/informelitoral.com.ar\\\/?s={search_term_string}\"},\"query-input\":{\"@type\":\"PropertyValueSpecification\",\"valueRequired\":true,\"valueName\":\"search_term_string\"}}],\"inLanguage\":\"es\"},{\"@type\":\"Organization\",\"@id\":\"https:\\\/\\\/informelitoral.com.ar\\\/#organization\",\"name\":\"Informe Litoral\",\"url\":\"https:\\\/\\\/informelitoral.com.ar\\\/\",\"logo\":{\"@type\":\"ImageObject\",\"inLanguage\":\"es\",\"@id\":\"https:\\\/\\\/informelitoral.com.ar\\\/#\\\/schema\\\/logo\\\/image\\\/\",\"url\":\"https:\\\/\\\/informelitoral.com.ar\\\/%77%70%2d%63%6f%6e%74%65%6e%74\\\/uploads\\\/2021\\\/01\\\/circulo.png\",\"contentUrl\":\"https:\\\/\\\/informelitoral.com.ar\\\/%77%70%2d%63%6f%6e%74%65%6e%74\\\/uploads\\\/2021\\\/01\\\/circulo.png\",\"width\":723,\"height\":731,\"caption\":\"Informe Litoral\"},\"image\":{\"@id\":\"https:\\\/\\\/informelitoral.com.ar\\\/#\\\/schema\\\/logo\\\/image\\\/\"},\"sameAs\":[\"https:\\\/\\\/www.facebook.com\\\/informelitoral\\\/\",\"https:\\\/\\\/x.com\\\/InformeLitoral\",\"https:\\\/\\\/www.instagram.com\\\/informelitoral\\\/\",\"https:\\\/\\\/www.youtube.com\\\/channel\\\/UCua4Qvz8Icb6MYqhoq9xLXw\"]},{\"@type\":\"Person\",\"@id\":\"https:\\\/\\\/informelitoral.com.ar\\\/#\\\/schema\\\/person\\\/b9d00407c836482871ef1d57bf8e3180\",\"name\":\"Gonzalo Schmidt\",\"image\":{\"@type\":\"ImageObject\",\"inLanguage\":\"es\",\"@id\":\"https:\\\/\\\/secure.gravatar.com\\\/avatar\\\/31a1a7b66ff2de83bd0e9fd79d026630d2d99e55e8bfe501287647b4fd9743de?s=96&d=mm&r=g\",\"url\":\"https:\\\/\\\/secure.gravatar.com\\\/avatar\\\/31a1a7b66ff2de83bd0e9fd79d026630d2d99e55e8bfe501287647b4fd9743de?s=96&d=mm&r=g\",\"contentUrl\":\"https:\\\/\\\/secure.gravatar.com\\\/avatar\\\/31a1a7b66ff2de83bd0e9fd79d026630d2d99e55e8bfe501287647b4fd9743de?s=96&d=mm&r=g\",\"caption\":\"Gonzalo Schmidt\"},\"description\":\"Sitio web de noticias de la provincia de Entre R\u00edos, Argentina. Informaci\u00f3n y entretenimiento. Informe Litoral, nos informamos.\",\"sameAs\":[\"http:\\\/\\\/www.isletasnoticias.com.ar\"],\"url\":\"https:\\\/\\\/informelitoral.com.ar\\\/author\\\/gonzalo\\\/\"}]}<\/script>","yoast_head_json":{"title":"\"Los ni\u00f1os no mienten\": la campa\u00f1a contra el abuso sexual infantil que naci\u00f3 en Entre R\u00edos - Informe Litoral","robots":{"index":"index","follow":"follow","max-snippet":"max-snippet:-1","max-image-preview":"max-image-preview:large","max-video-preview":"max-video-preview:-1"},"canonical":"https:\/\/informelitoral.com.ar\/los-ninos-no-mienten-la-campana-contra-el-abuso-sexual-infantil-que-nacio-en-entre-rios\/","og_locale":"es_ES","og_type":"article","og_title":"\"Los ni\u00f1os no mienten\": la campa\u00f1a contra el abuso sexual infantil que naci\u00f3 en Entre R\u00edos - Informe Litoral","og_description":"Un presunto abuso sexual registrado en Lucas Gonz\u00e1lez origin\u00f3 una campa\u00f1a de alcance nacional. Bajo la consigna \"Los ni\u00f1os no mienten\", se sumaron personas de todo el pa\u00eds. Detalles del caso.","og_url":"https:\/\/informelitoral.com.ar\/los-ninos-no-mienten-la-campana-contra-el-abuso-sexual-infantil-que-nacio-en-entre-rios\/","og_site_name":"Informe Litoral","article_publisher":"https:\/\/www.facebook.com\/informelitoral\/","article_published_time":"2020-08-17T14:49:22+00:00","article_modified_time":"2020-08-17T15:07:14+00:00","og_image":[{"width":948,"height":632,"url":"https:\/\/informelitoral.com.ar\/%77%70%2d%63%6f%6e%74%65%6e%74\/uploads\/2020\/08\/abuso-sexual.jpg","type":"image\/jpeg"}],"author":"Gonzalo Schmidt","twitter_card":"summary_large_image","twitter_creator":"@InformeLitoral","twitter_site":"@InformeLitoral","twitter_misc":{"Escrito por":"Gonzalo Schmidt","Tiempo de lectura":"2 minutos"},"schema":{"@context":"https:\/\/schema.org","@graph":[{"@type":"Article","@id":"https:\/\/informelitoral.com.ar\/los-ninos-no-mienten-la-campana-contra-el-abuso-sexual-infantil-que-nacio-en-entre-rios\/#article","isPartOf":{"@id":"https:\/\/informelitoral.com.ar\/los-ninos-no-mienten-la-campana-contra-el-abuso-sexual-infantil-que-nacio-en-entre-rios\/"},"author":{"name":"Gonzalo Schmidt","@id":"https:\/\/informelitoral.com.ar\/#\/schema\/person\/b9d00407c836482871ef1d57bf8e3180"},"headline":"\u00abLos ni\u00f1os no mienten\u00bb: la campa\u00f1a contra el abuso sexual infantil que naci\u00f3 en Entre R\u00edos","datePublished":"2020-08-17T14:49:22+00:00","dateModified":"2020-08-17T15:07:14+00:00","mainEntityOfPage":{"@id":"https:\/\/informelitoral.com.ar\/los-ninos-no-mienten-la-campana-contra-el-abuso-sexual-infantil-que-nacio-en-entre-rios\/"},"wordCount":449,"commentCount":0,"publisher":{"@id":"https:\/\/informelitoral.com.ar\/#organization"},"image":{"@id":"https:\/\/informelitoral.com.ar\/los-ninos-no-mienten-la-campana-contra-el-abuso-sexual-infantil-que-nacio-en-entre-rios\/#primaryimage"},"thumbnailUrl":"https:\/\/informelitoral.com.ar\/%77%70%2d%63%6f%6e%74%65%6e%74\/uploads\/2020\/08\/abuso-sexual.jpg","keywords":["Lucas Gonz\u00e1lez"],"articleSection":["Sociedad"],"inLanguage":"es","potentialAction":[{"@type":"CommentAction","name":"Comment","target":["https:\/\/informelitoral.com.ar\/los-ninos-no-mienten-la-campana-contra-el-abuso-sexual-infantil-que-nacio-en-entre-rios\/#respond"]}]},{"@type":"WebPage","@id":"https:\/\/informelitoral.com.ar\/los-ninos-no-mienten-la-campana-contra-el-abuso-sexual-infantil-que-nacio-en-entre-rios\/","url":"https:\/\/informelitoral.com.ar\/los-ninos-no-mienten-la-campana-contra-el-abuso-sexual-infantil-que-nacio-en-entre-rios\/","name":"\"Los ni\u00f1os no mienten\": la campa\u00f1a contra el abuso sexual infantil que naci\u00f3 en Entre R\u00edos - Informe Litoral","isPartOf":{"@id":"https:\/\/informelitoral.com.ar\/#website"},"primaryImageOfPage":{"@id":"https:\/\/informelitoral.com.ar\/los-ninos-no-mienten-la-campana-contra-el-abuso-sexual-infantil-que-nacio-en-entre-rios\/#primaryimage"},"image":{"@id":"https:\/\/informelitoral.com.ar\/los-ninos-no-mienten-la-campana-contra-el-abuso-sexual-infantil-que-nacio-en-entre-rios\/#primaryimage"},"thumbnailUrl":"https:\/\/informelitoral.com.ar\/%77%70%2d%63%6f%6e%74%65%6e%74\/uploads\/2020\/08\/abuso-sexual.jpg","datePublished":"2020-08-17T14:49:22+00:00","dateModified":"2020-08-17T15:07:14+00:00","breadcrumb":{"@id":"https:\/\/informelitoral.com.ar\/los-ninos-no-mienten-la-campana-contra-el-abuso-sexual-infantil-que-nacio-en-entre-rios\/#breadcrumb"},"inLanguage":"es","potentialAction":[{"@type":"ReadAction","target":["https:\/\/informelitoral.com.ar\/los-ninos-no-mienten-la-campana-contra-el-abuso-sexual-infantil-que-nacio-en-entre-rios\/"]}]},{"@type":"ImageObject","inLanguage":"es","@id":"https:\/\/informelitoral.com.ar\/los-ninos-no-mienten-la-campana-contra-el-abuso-sexual-infantil-que-nacio-en-entre-rios\/#primaryimage","url":"https:\/\/informelitoral.com.ar\/%77%70%2d%63%6f%6e%74%65%6e%74\/uploads\/2020\/08\/abuso-sexual.jpg","contentUrl":"https:\/\/informelitoral.com.ar\/%77%70%2d%63%6f%6e%74%65%6e%74\/uploads\/2020\/08\/abuso-sexual.jpg","width":948,"height":632},{"@type":"BreadcrumbList","@id":"https:\/\/informelitoral.com.ar\/los-ninos-no-mienten-la-campana-contra-el-abuso-sexual-infantil-que-nacio-en-entre-rios\/#breadcrumb","itemListElement":[{"@type":"ListItem","position":1,"name":"Portada","item":"https:\/\/informelitoral.com.ar\/"},{"@type":"ListItem","position":2,"name":"\u00abLos ni\u00f1os no mienten\u00bb: la campa\u00f1a contra el abuso sexual infantil que naci\u00f3 en Entre R\u00edos"}]},{"@type":"WebSite","@id":"https:\/\/informelitoral.com.ar\/#website","url":"https:\/\/informelitoral.com.ar\/","name":"Informe Litoral","description":"&quot;Nos informamos&quot; ","publisher":{"@id":"https:\/\/informelitoral.com.ar\/#organization"},"potentialAction":[{"@type":"SearchAction","target":{"@type":"EntryPoint","urlTemplate":"https:\/\/informelitoral.com.ar\/?s={search_term_string}"},"query-input":{"@type":"PropertyValueSpecification","valueRequired":true,"valueName":"search_term_string"}}],"inLanguage":"es"},{"@type":"Organization","@id":"https:\/\/informelitoral.com.ar\/#organization","name":"Informe Litoral","url":"https:\/\/informelitoral.com.ar\/","logo":{"@type":"ImageObject","inLanguage":"es","@id":"https:\/\/informelitoral.com.ar\/#\/schema\/logo\/image\/","url":"https:\/\/informelitoral.com.ar\/%77%70%2d%63%6f%6e%74%65%6e%74\/uploads\/2021\/01\/circulo.png","contentUrl":"https:\/\/informelitoral.com.ar\/%77%70%2d%63%6f%6e%74%65%6e%74\/uploads\/2021\/01\/circulo.png","width":723,"height":731,"caption":"Informe Litoral"},"image":{"@id":"https:\/\/informelitoral.com.ar\/#\/schema\/logo\/image\/"},"sameAs":["https:\/\/www.facebook.com\/informelitoral\/","https:\/\/x.com\/InformeLitoral","https:\/\/www.instagram.com\/informelitoral\/","https:\/\/www.youtube.com\/channel\/UCua4Qvz8Icb6MYqhoq9xLXw"]},{"@type":"Person","@id":"https:\/\/informelitoral.com.ar\/#\/schema\/person\/b9d00407c836482871ef1d57bf8e3180","name":"Gonzalo Schmidt","image":{"@type":"ImageObject","inLanguage":"es","@id":"https:\/\/secure.gravatar.com\/avatar\/31a1a7b66ff2de83bd0e9fd79d026630d2d99e55e8bfe501287647b4fd9743de?s=96&d=mm&r=g","url":"https:\/\/secure.gravatar.com\/avatar\/31a1a7b66ff2de83bd0e9fd79d026630d2d99e55e8bfe501287647b4fd9743de?s=96&d=mm&r=g","contentUrl":"https:\/\/secure.gravatar.com\/avatar\/31a1a7b66ff2de83bd0e9fd79d026630d2d99e55e8bfe501287647b4fd9743de?s=96&d=mm&r=g","caption":"Gonzalo Schmidt"},"description":"Sitio web de noticias de la provincia de Entre R\u00edos, Argentina. Informaci\u00f3n y entretenimiento. Informe Litoral, nos informamos.","sameAs":["http:\/\/www.isletasnoticias.com.ar"],"url":"https:\/\/informelitoral.com.ar\/author\/gonzalo\/"}]}},"_links":{"self":[{"href":"https:\/\/informelitoral.com.ar\/%77%70%2d%6a%73%6f%6e\/wp\/v2\/posts\/47712","targetHints":{"allow":["GET"]}}],"collection":[{"href":"https:\/\/informelitoral.com.ar\/%77%70%2d%6a%73%6f%6e\/wp\/v2\/posts"}],"about":[{"href":"https:\/\/informelitoral.com.ar\/%77%70%2d%6a%73%6f%6e\/wp\/v2\/types\/post"}],"author":[{"embeddable":true,"href":"https:\/\/informelitoral.com.ar\/%77%70%2d%6a%73%6f%6e\/wp\/v2\/users\/2"}],"replies":[{"embeddable":true,"href":"https:\/\/informelitoral.com.ar\/%77%70%2d%6a%73%6f%6e\/wp\/v2\/comments?post=47712"}],"version-history":[{"count":0,"href":"https:\/\/informelitoral.com.ar\/%77%70%2d%6a%73%6f%6e\/wp\/v2\/posts\/47712\/revisions"}],"wp:featuredmedia":[{"embeddable":true,"href":"https:\/\/informelitoral.com.ar\/%77%70%2d%6a%73%6f%6e\/wp\/v2\/media\/47713"}],"wp:attachment":[{"href":"https:\/\/informelitoral.com.ar\/%77%70%2d%6a%73%6f%6e\/wp\/v2\/media?parent=47712"}],"wp:term":[{"taxonomy":"category","embeddable":true,"href":"https:\/\/informelitoral.com.ar\/%77%70%2d%6a%73%6f%6e\/wp\/v2\/categories?post=47712"},{"taxonomy":"post_tag","embeddable":true,"href":"https:\/\/informelitoral.com.ar\/%77%70%2d%6a%73%6f%6e\/wp\/v2\/tags?post=47712"}],"curies":[{"name":"wp","href":"https:\/\/api.w.org\/{rel}","templated":true}]}}