{"id":47567,"date":"2020-08-14T20:37:33","date_gmt":"2020-08-14T23:37:33","guid":{"rendered":"https:\/\/www.isletasnoticias.com.ar\/?p=47567"},"modified":"2020-08-14T20:41:43","modified_gmt":"2020-08-14T23:41:43","slug":"sadop-adhiere-al-proyecto-de-capacitacion-de-la-ley-micaela","status":"publish","type":"post","link":"https:\/\/informelitoral.com.ar\/sadop-adhiere-al-proyecto-de-capacitacion-de-la-ley-micaela\/","title":{"rendered":"Sadop adhiere al proyecto de capacitaci\u00f3n de la Ley Micaela"},"content":{"rendered":"<p>El proyecto invita a las centrales de trabajadores y trabajadoras y a todas las organizaciones sindicales a incorporar la capacitaci\u00f3n y la formaci\u00f3n en perspectiva de g\u00e9nero en los espacios gremiales.<\/p>\n<p>La Ley Nacional N\u00b0 27499, llamada \u201cLey Micaela\u201d, fue sancionada a fines de 2018, reclamo del colectivo de mujeres a partir del femicidio de la militante social Micaela Garc\u00eda. Con dicha Ley se ha logrado consolidar la capacitaci\u00f3n obligatoria para todas las personas que desempe\u00f1an sus funciones en los tres poderes del Estado, estableciendo un claro objetivo de sensibilizar y capacitar en materia de g\u00e9nero y violencia contra las mujeres.<\/p>\n<p>En este contexto se inscribe el Proyecto mencionado, el cual intenta brindar una respuesta a la demanda de aquellas mujeres trabajadoras que participan activamente de la vida sindical, proponiendo una herramienta legal que permita dar un paso m\u00e1s en la igualdad real de derechos entre hombres y mujeres, eliminando toda discriminaci\u00f3n por razones de g\u00e9nero, as\u00ed como toda forma de acoso y\/o violencia.<\/p>\n<p>\u201cSadop tiene la plena convicci\u00f3n que cuando la igualdad de derechos y oportunidades sea real, cuando no exista ning\u00fan tipo de violencia, acoso y\/o discriminaci\u00f3n fundada en razones de g\u00e9nero, lograremos organizaciones mejores y m\u00e1s saludables\u201d, se indic\u00f3 en un comunicado enviado a esta Agencia, por lo que se comprometi\u00f3 en avanzar en el dise\u00f1o de un plan de capacitaci\u00f3n en perspectiva de g\u00e9nero, en l\u00ednea con el Proyecto presentado por Mounier en el Congreso de la Naci\u00f3n y en respuesta a la lucha de todas nuestras compa\u00f1eras mujeres. (Fuente: apfdigital.com)<\/p>\n","protected":false},"excerpt":{"rendered":"<p>El proyecto invita a las centrales de trabajadores y trabajadoras y a todas las organizaciones sindicales a incorporar la capacitaci&oacute;n y la formaci&oacute;n en perspectiva de g&eacute;nero en los espacios gremiales. La Ley Nacional N&deg; 27499, llamada &ldquo;Ley Micaela&rdquo;, fue sancionada a fines de 2018, reclamo del colectivo de mujeres a partir del femicidio de [&hellip;]<\/p>\n","protected":false},"author":8,"featured_media":23122,"comment_status":"open","ping_status":"open","sticky":false,"template":"","format":"standard","meta":{"fifu_image_url":"","fifu_image_alt":"","footnotes":""},"categories":[9],"tags":[],"class_list":{"0":"post-47567","1":"post","2":"type-post","3":"status-publish","4":"format-standard","5":"has-post-thumbnail","7":"category-sociedad"},"yoast_head":"<title>Sadop adhiere al proyecto de capacitaci\u00f3n de la Ley Micaela - Informe Litoral<\/title>\n<meta name=\"robots\" content=\"index, follow, max-snippet:-1, max-image-preview:large, max-video-preview:-1\" \/>\n<link rel=\"canonical\" href=\"https:\/\/informelitoral.com.ar\/sadop-adhiere-al-proyecto-de-capacitacion-de-la-ley-micaela\/\" \/>\n<meta property=\"og:locale\" content=\"es_ES\" \/>\n<meta property=\"og:type\" content=\"article\" \/>\n<meta property=\"og:title\" content=\"Sadop adhiere al proyecto de capacitaci\u00f3n de la Ley Micaela - Informe Litoral\" \/>\n<meta property=\"og:description\" content=\"El proyecto invita a las centrales de trabajadores y trabajadoras y a todas las organizaciones sindicales a incorporar la capacitaci&oacute;n y la formaci&oacute;n en perspectiva de g&eacute;nero en los espacios gremiales. La Ley Nacional N&deg; 27499, llamada &ldquo;Ley Micaela&rdquo;, fue sancionada a fines de 2018, reclamo del colectivo de mujeres a partir del femicidio de [&hellip;]\" \/>\n<meta property=\"og:url\" content=\"https:\/\/informelitoral.com.ar\/sadop-adhiere-al-proyecto-de-capacitacion-de-la-ley-micaela\/\" \/>\n<meta property=\"og:site_name\" content=\"Informe Litoral\" \/>\n<meta property=\"article:publisher\" content=\"https:\/\/www.facebook.com\/informelitoral\/\" \/>\n<meta property=\"article:published_time\" content=\"2020-08-14T23:37:33+00:00\" \/>\n<meta property=\"article:modified_time\" content=\"2020-08-14T23:41:43+00:00\" \/>\n<meta property=\"og:image\" content=\"https:\/\/informelitoral.com.ar\/%77%70%2d%63%6f%6e%74%65%6e%74\/uploads\/2017\/09\/micaela-garcia-chica-asesinada-sf-3-1.jpeg\" \/>\n\t<meta property=\"og:image:width\" content=\"600\" \/>\n\t<meta property=\"og:image:height\" content=\"1071\" \/>\n\t<meta property=\"og:image:type\" content=\"image\/jpeg\" \/>\n<meta name=\"author\" content=\"Sebastian\" \/>\n<meta name=\"twitter:card\" content=\"summary_large_image\" \/>\n<meta name=\"twitter:creator\" content=\"@InformeLitoral\" \/>\n<meta name=\"twitter:site\" content=\"@InformeLitoral\" \/>\n<meta name=\"twitter:label1\" content=\"Escrito por\" \/>\n\t<meta name=\"twitter:data1\" content=\"Sebastian\" \/>\n\t<meta name=\"twitter:label2\" content=\"Tiempo de lectura\" \/>\n\t<meta name=\"twitter:data2\" content=\"1 minuto\" \/>\n<script type=\"application\/ld+json\" class=\"yoast-schema-graph\">{\"@context\":\"https:\\\/\\\/schema.org\",\"@graph\":[{\"@type\":\"Article\",\"@id\":\"https:\\\/\\\/informelitoral.com.ar\\\/sadop-adhiere-al-proyecto-de-capacitacion-de-la-ley-micaela\\\/#article\",\"isPartOf\":{\"@id\":\"https:\\\/\\\/informelitoral.com.ar\\\/sadop-adhiere-al-proyecto-de-capacitacion-de-la-ley-micaela\\\/\"},\"author\":{\"name\":\"Sebastian\",\"@id\":\"https:\\\/\\\/informelitoral.com.ar\\\/#\\\/schema\\\/person\\\/f05f9f461677119578717524b127d6d5\"},\"headline\":\"Sadop adhiere al proyecto de capacitaci\u00f3n de la Ley Micaela\",\"datePublished\":\"2020-08-14T23:37:33+00:00\",\"dateModified\":\"2020-08-14T23:41:43+00:00\",\"mainEntityOfPage\":{\"@id\":\"https:\\\/\\\/informelitoral.com.ar\\\/sadop-adhiere-al-proyecto-de-capacitacion-de-la-ley-micaela\\\/\"},\"wordCount\":288,\"commentCount\":0,\"publisher\":{\"@id\":\"https:\\\/\\\/informelitoral.com.ar\\\/#organization\"},\"image\":{\"@id\":\"https:\\\/\\\/informelitoral.com.ar\\\/sadop-adhiere-al-proyecto-de-capacitacion-de-la-ley-micaela\\\/#primaryimage\"},\"thumbnailUrl\":\"https:\\\/\\\/informelitoral.com.ar\\\/%77%70%2d%63%6f%6e%74%65%6e%74\\\/uploads\\\/2017\\\/09\\\/micaela-garcia-chica-asesinada-sf-3-1.jpeg\",\"articleSection\":[\"Sociedad\"],\"inLanguage\":\"es\",\"potentialAction\":[{\"@type\":\"CommentAction\",\"name\":\"Comment\",\"target\":[\"https:\\\/\\\/informelitoral.com.ar\\\/sadop-adhiere-al-proyecto-de-capacitacion-de-la-ley-micaela\\\/#respond\"]}]},{\"@type\":\"WebPage\",\"@id\":\"https:\\\/\\\/informelitoral.com.ar\\\/sadop-adhiere-al-proyecto-de-capacitacion-de-la-ley-micaela\\\/\",\"url\":\"https:\\\/\\\/informelitoral.com.ar\\\/sadop-adhiere-al-proyecto-de-capacitacion-de-la-ley-micaela\\\/\",\"name\":\"Sadop adhiere al proyecto de capacitaci\u00f3n de la Ley Micaela - Informe Litoral\",\"isPartOf\":{\"@id\":\"https:\\\/\\\/informelitoral.com.ar\\\/#website\"},\"primaryImageOfPage\":{\"@id\":\"https:\\\/\\\/informelitoral.com.ar\\\/sadop-adhiere-al-proyecto-de-capacitacion-de-la-ley-micaela\\\/#primaryimage\"},\"image\":{\"@id\":\"https:\\\/\\\/informelitoral.com.ar\\\/sadop-adhiere-al-proyecto-de-capacitacion-de-la-ley-micaela\\\/#primaryimage\"},\"thumbnailUrl\":\"https:\\\/\\\/informelitoral.com.ar\\\/%77%70%2d%63%6f%6e%74%65%6e%74\\\/uploads\\\/2017\\\/09\\\/micaela-garcia-chica-asesinada-sf-3-1.jpeg\",\"datePublished\":\"2020-08-14T23:37:33+00:00\",\"dateModified\":\"2020-08-14T23:41:43+00:00\",\"breadcrumb\":{\"@id\":\"https:\\\/\\\/informelitoral.com.ar\\\/sadop-adhiere-al-proyecto-de-capacitacion-de-la-ley-micaela\\\/#breadcrumb\"},\"inLanguage\":\"es\",\"potentialAction\":[{\"@type\":\"ReadAction\",\"target\":[\"https:\\\/\\\/informelitoral.com.ar\\\/sadop-adhiere-al-proyecto-de-capacitacion-de-la-ley-micaela\\\/\"]}]},{\"@type\":\"ImageObject\",\"inLanguage\":\"es\",\"@id\":\"https:\\\/\\\/informelitoral.com.ar\\\/sadop-adhiere-al-proyecto-de-capacitacion-de-la-ley-micaela\\\/#primaryimage\",\"url\":\"https:\\\/\\\/informelitoral.com.ar\\\/%77%70%2d%63%6f%6e%74%65%6e%74\\\/uploads\\\/2017\\\/09\\\/micaela-garcia-chica-asesinada-sf-3-1.jpeg\",\"contentUrl\":\"https:\\\/\\\/informelitoral.com.ar\\\/%77%70%2d%63%6f%6e%74%65%6e%74\\\/uploads\\\/2017\\\/09\\\/micaela-garcia-chica-asesinada-sf-3-1.jpeg\",\"width\":600,\"height\":1071},{\"@type\":\"BreadcrumbList\",\"@id\":\"https:\\\/\\\/informelitoral.com.ar\\\/sadop-adhiere-al-proyecto-de-capacitacion-de-la-ley-micaela\\\/#breadcrumb\",\"itemListElement\":[{\"@type\":\"ListItem\",\"position\":1,\"name\":\"Portada\",\"item\":\"https:\\\/\\\/informelitoral.com.ar\\\/\"},{\"@type\":\"ListItem\",\"position\":2,\"name\":\"Sadop adhiere al proyecto de capacitaci\u00f3n de la Ley Micaela\"}]},{\"@type\":\"WebSite\",\"@id\":\"https:\\\/\\\/informelitoral.com.ar\\\/#website\",\"url\":\"https:\\\/\\\/informelitoral.com.ar\\\/\",\"name\":\"Informe Litoral\",\"description\":\"&quot;Nos informamos&quot; \",\"publisher\":{\"@id\":\"https:\\\/\\\/informelitoral.com.ar\\\/#organization\"},\"potentialAction\":[{\"@type\":\"SearchAction\",\"target\":{\"@type\":\"EntryPoint\",\"urlTemplate\":\"https:\\\/\\\/informelitoral.com.ar\\\/?s={search_term_string}\"},\"query-input\":{\"@type\":\"PropertyValueSpecification\",\"valueRequired\":true,\"valueName\":\"search_term_string\"}}],\"inLanguage\":\"es\"},{\"@type\":\"Organization\",\"@id\":\"https:\\\/\\\/informelitoral.com.ar\\\/#organization\",\"name\":\"Informe Litoral\",\"url\":\"https:\\\/\\\/informelitoral.com.ar\\\/\",\"logo\":{\"@type\":\"ImageObject\",\"inLanguage\":\"es\",\"@id\":\"https:\\\/\\\/informelitoral.com.ar\\\/#\\\/schema\\\/logo\\\/image\\\/\",\"url\":\"https:\\\/\\\/informelitoral.com.ar\\\/%77%70%2d%63%6f%6e%74%65%6e%74\\\/uploads\\\/2021\\\/01\\\/circulo.png\",\"contentUrl\":\"https:\\\/\\\/informelitoral.com.ar\\\/%77%70%2d%63%6f%6e%74%65%6e%74\\\/uploads\\\/2021\\\/01\\\/circulo.png\",\"width\":723,\"height\":731,\"caption\":\"Informe Litoral\"},\"image\":{\"@id\":\"https:\\\/\\\/informelitoral.com.ar\\\/#\\\/schema\\\/logo\\\/image\\\/\"},\"sameAs\":[\"https:\\\/\\\/www.facebook.com\\\/informelitoral\\\/\",\"https:\\\/\\\/x.com\\\/InformeLitoral\",\"https:\\\/\\\/www.instagram.com\\\/informelitoral\\\/\",\"https:\\\/\\\/www.youtube.com\\\/channel\\\/UCua4Qvz8Icb6MYqhoq9xLXw\"]},{\"@type\":\"Person\",\"@id\":\"https:\\\/\\\/informelitoral.com.ar\\\/#\\\/schema\\\/person\\\/f05f9f461677119578717524b127d6d5\",\"name\":\"Sebastian\",\"image\":{\"@type\":\"ImageObject\",\"inLanguage\":\"es\",\"@id\":\"https:\\\/\\\/secure.gravatar.com\\\/avatar\\\/b71bf7481d447dfb9583c7f2798e7cc64de6efb9067b74633ed8c31059a3bd82?s=96&d=mm&r=g\",\"url\":\"https:\\\/\\\/secure.gravatar.com\\\/avatar\\\/b71bf7481d447dfb9583c7f2798e7cc64de6efb9067b74633ed8c31059a3bd82?s=96&d=mm&r=g\",\"contentUrl\":\"https:\\\/\\\/secure.gravatar.com\\\/avatar\\\/b71bf7481d447dfb9583c7f2798e7cc64de6efb9067b74633ed8c31059a3bd82?s=96&d=mm&r=g\",\"caption\":\"Sebastian\"},\"url\":\"https:\\\/\\\/informelitoral.com.ar\\\/author\\\/sebastian\\\/\"}]}<\/script>","yoast_head_json":{"title":"Sadop adhiere al proyecto de capacitaci\u00f3n de la Ley Micaela - Informe Litoral","robots":{"index":"index","follow":"follow","max-snippet":"max-snippet:-1","max-image-preview":"max-image-preview:large","max-video-preview":"max-video-preview:-1"},"canonical":"https:\/\/informelitoral.com.ar\/sadop-adhiere-al-proyecto-de-capacitacion-de-la-ley-micaela\/","og_locale":"es_ES","og_type":"article","og_title":"Sadop adhiere al proyecto de capacitaci\u00f3n de la Ley Micaela - Informe Litoral","og_description":"El proyecto invita a las centrales de trabajadores y trabajadoras y a todas las organizaciones sindicales a incorporar la capacitaci&oacute;n y la formaci&oacute;n en perspectiva de g&eacute;nero en los espacios gremiales. La Ley Nacional N&deg; 27499, llamada &ldquo;Ley Micaela&rdquo;, fue sancionada a fines de 2018, reclamo del colectivo de mujeres a partir del femicidio de [&hellip;]","og_url":"https:\/\/informelitoral.com.ar\/sadop-adhiere-al-proyecto-de-capacitacion-de-la-ley-micaela\/","og_site_name":"Informe Litoral","article_publisher":"https:\/\/www.facebook.com\/informelitoral\/","article_published_time":"2020-08-14T23:37:33+00:00","article_modified_time":"2020-08-14T23:41:43+00:00","og_image":[{"width":600,"height":1071,"url":"https:\/\/informelitoral.com.ar\/%77%70%2d%63%6f%6e%74%65%6e%74\/uploads\/2017\/09\/micaela-garcia-chica-asesinada-sf-3-1.jpeg","type":"image\/jpeg"}],"author":"Sebastian","twitter_card":"summary_large_image","twitter_creator":"@InformeLitoral","twitter_site":"@InformeLitoral","twitter_misc":{"Escrito por":"Sebastian","Tiempo de lectura":"1 minuto"},"schema":{"@context":"https:\/\/schema.org","@graph":[{"@type":"Article","@id":"https:\/\/informelitoral.com.ar\/sadop-adhiere-al-proyecto-de-capacitacion-de-la-ley-micaela\/#article","isPartOf":{"@id":"https:\/\/informelitoral.com.ar\/sadop-adhiere-al-proyecto-de-capacitacion-de-la-ley-micaela\/"},"author":{"name":"Sebastian","@id":"https:\/\/informelitoral.com.ar\/#\/schema\/person\/f05f9f461677119578717524b127d6d5"},"headline":"Sadop adhiere al proyecto de capacitaci\u00f3n de la Ley Micaela","datePublished":"2020-08-14T23:37:33+00:00","dateModified":"2020-08-14T23:41:43+00:00","mainEntityOfPage":{"@id":"https:\/\/informelitoral.com.ar\/sadop-adhiere-al-proyecto-de-capacitacion-de-la-ley-micaela\/"},"wordCount":288,"commentCount":0,"publisher":{"@id":"https:\/\/informelitoral.com.ar\/#organization"},"image":{"@id":"https:\/\/informelitoral.com.ar\/sadop-adhiere-al-proyecto-de-capacitacion-de-la-ley-micaela\/#primaryimage"},"thumbnailUrl":"https:\/\/informelitoral.com.ar\/%77%70%2d%63%6f%6e%74%65%6e%74\/uploads\/2017\/09\/micaela-garcia-chica-asesinada-sf-3-1.jpeg","articleSection":["Sociedad"],"inLanguage":"es","potentialAction":[{"@type":"CommentAction","name":"Comment","target":["https:\/\/informelitoral.com.ar\/sadop-adhiere-al-proyecto-de-capacitacion-de-la-ley-micaela\/#respond"]}]},{"@type":"WebPage","@id":"https:\/\/informelitoral.com.ar\/sadop-adhiere-al-proyecto-de-capacitacion-de-la-ley-micaela\/","url":"https:\/\/informelitoral.com.ar\/sadop-adhiere-al-proyecto-de-capacitacion-de-la-ley-micaela\/","name":"Sadop adhiere al proyecto de capacitaci\u00f3n de la Ley Micaela - Informe Litoral","isPartOf":{"@id":"https:\/\/informelitoral.com.ar\/#website"},"primaryImageOfPage":{"@id":"https:\/\/informelitoral.com.ar\/sadop-adhiere-al-proyecto-de-capacitacion-de-la-ley-micaela\/#primaryimage"},"image":{"@id":"https:\/\/informelitoral.com.ar\/sadop-adhiere-al-proyecto-de-capacitacion-de-la-ley-micaela\/#primaryimage"},"thumbnailUrl":"https:\/\/informelitoral.com.ar\/%77%70%2d%63%6f%6e%74%65%6e%74\/uploads\/2017\/09\/micaela-garcia-chica-asesinada-sf-3-1.jpeg","datePublished":"2020-08-14T23:37:33+00:00","dateModified":"2020-08-14T23:41:43+00:00","breadcrumb":{"@id":"https:\/\/informelitoral.com.ar\/sadop-adhiere-al-proyecto-de-capacitacion-de-la-ley-micaela\/#breadcrumb"},"inLanguage":"es","potentialAction":[{"@type":"ReadAction","target":["https:\/\/informelitoral.com.ar\/sadop-adhiere-al-proyecto-de-capacitacion-de-la-ley-micaela\/"]}]},{"@type":"ImageObject","inLanguage":"es","@id":"https:\/\/informelitoral.com.ar\/sadop-adhiere-al-proyecto-de-capacitacion-de-la-ley-micaela\/#primaryimage","url":"https:\/\/informelitoral.com.ar\/%77%70%2d%63%6f%6e%74%65%6e%74\/uploads\/2017\/09\/micaela-garcia-chica-asesinada-sf-3-1.jpeg","contentUrl":"https:\/\/informelitoral.com.ar\/%77%70%2d%63%6f%6e%74%65%6e%74\/uploads\/2017\/09\/micaela-garcia-chica-asesinada-sf-3-1.jpeg","width":600,"height":1071},{"@type":"BreadcrumbList","@id":"https:\/\/informelitoral.com.ar\/sadop-adhiere-al-proyecto-de-capacitacion-de-la-ley-micaela\/#breadcrumb","itemListElement":[{"@type":"ListItem","position":1,"name":"Portada","item":"https:\/\/informelitoral.com.ar\/"},{"@type":"ListItem","position":2,"name":"Sadop adhiere al proyecto de capacitaci\u00f3n de la Ley Micaela"}]},{"@type":"WebSite","@id":"https:\/\/informelitoral.com.ar\/#website","url":"https:\/\/informelitoral.com.ar\/","name":"Informe Litoral","description":"&quot;Nos informamos&quot; ","publisher":{"@id":"https:\/\/informelitoral.com.ar\/#organization"},"potentialAction":[{"@type":"SearchAction","target":{"@type":"EntryPoint","urlTemplate":"https:\/\/informelitoral.com.ar\/?s={search_term_string}"},"query-input":{"@type":"PropertyValueSpecification","valueRequired":true,"valueName":"search_term_string"}}],"inLanguage":"es"},{"@type":"Organization","@id":"https:\/\/informelitoral.com.ar\/#organization","name":"Informe Litoral","url":"https:\/\/informelitoral.com.ar\/","logo":{"@type":"ImageObject","inLanguage":"es","@id":"https:\/\/informelitoral.com.ar\/#\/schema\/logo\/image\/","url":"https:\/\/informelitoral.com.ar\/%77%70%2d%63%6f%6e%74%65%6e%74\/uploads\/2021\/01\/circulo.png","contentUrl":"https:\/\/informelitoral.com.ar\/%77%70%2d%63%6f%6e%74%65%6e%74\/uploads\/2021\/01\/circulo.png","width":723,"height":731,"caption":"Informe Litoral"},"image":{"@id":"https:\/\/informelitoral.com.ar\/#\/schema\/logo\/image\/"},"sameAs":["https:\/\/www.facebook.com\/informelitoral\/","https:\/\/x.com\/InformeLitoral","https:\/\/www.instagram.com\/informelitoral\/","https:\/\/www.youtube.com\/channel\/UCua4Qvz8Icb6MYqhoq9xLXw"]},{"@type":"Person","@id":"https:\/\/informelitoral.com.ar\/#\/schema\/person\/f05f9f461677119578717524b127d6d5","name":"Sebastian","image":{"@type":"ImageObject","inLanguage":"es","@id":"https:\/\/secure.gravatar.com\/avatar\/b71bf7481d447dfb9583c7f2798e7cc64de6efb9067b74633ed8c31059a3bd82?s=96&d=mm&r=g","url":"https:\/\/secure.gravatar.com\/avatar\/b71bf7481d447dfb9583c7f2798e7cc64de6efb9067b74633ed8c31059a3bd82?s=96&d=mm&r=g","contentUrl":"https:\/\/secure.gravatar.com\/avatar\/b71bf7481d447dfb9583c7f2798e7cc64de6efb9067b74633ed8c31059a3bd82?s=96&d=mm&r=g","caption":"Sebastian"},"url":"https:\/\/informelitoral.com.ar\/author\/sebastian\/"}]}},"_links":{"self":[{"href":"https:\/\/informelitoral.com.ar\/%77%70%2d%6a%73%6f%6e\/wp\/v2\/posts\/47567","targetHints":{"allow":["GET"]}}],"collection":[{"href":"https:\/\/informelitoral.com.ar\/%77%70%2d%6a%73%6f%6e\/wp\/v2\/posts"}],"about":[{"href":"https:\/\/informelitoral.com.ar\/%77%70%2d%6a%73%6f%6e\/wp\/v2\/types\/post"}],"author":[{"embeddable":true,"href":"https:\/\/informelitoral.com.ar\/%77%70%2d%6a%73%6f%6e\/wp\/v2\/users\/8"}],"replies":[{"embeddable":true,"href":"https:\/\/informelitoral.com.ar\/%77%70%2d%6a%73%6f%6e\/wp\/v2\/comments?post=47567"}],"version-history":[{"count":0,"href":"https:\/\/informelitoral.com.ar\/%77%70%2d%6a%73%6f%6e\/wp\/v2\/posts\/47567\/revisions"}],"wp:featuredmedia":[{"embeddable":true,"href":"https:\/\/informelitoral.com.ar\/%77%70%2d%6a%73%6f%6e\/wp\/v2\/media\/23122"}],"wp:attachment":[{"href":"https:\/\/informelitoral.com.ar\/%77%70%2d%6a%73%6f%6e\/wp\/v2\/media?parent=47567"}],"wp:term":[{"taxonomy":"category","embeddable":true,"href":"https:\/\/informelitoral.com.ar\/%77%70%2d%6a%73%6f%6e\/wp\/v2\/categories?post=47567"},{"taxonomy":"post_tag","embeddable":true,"href":"https:\/\/informelitoral.com.ar\/%77%70%2d%6a%73%6f%6e\/wp\/v2\/tags?post=47567"}],"curies":[{"name":"wp","href":"https:\/\/api.w.org\/{rel}","templated":true}]}}