{"id":47521,"date":"2020-08-14T07:25:51","date_gmt":"2020-08-14T10:25:51","guid":{"rendered":"https:\/\/www.isletasnoticias.com.ar\/?p=47521"},"modified":"2020-08-14T07:25:51","modified_gmt":"2020-08-14T10:25:51","slug":"benedetti-propone-incorporar-al-codigo-penal-los-delitos-contra-los-silobolsas","status":"publish","type":"post","link":"https:\/\/informelitoral.com.ar\/benedetti-propone-incorporar-al-codigo-penal-los-delitos-contra-los-silobolsas\/","title":{"rendered":"Benedetti propone incorporar al C\u00f3digo Penal los delitos contra los silobolsas"},"content":{"rendered":"<p>El diputado nacional <strong>Atilio Benedetti<\/strong> (UCR) present\u00f3 un proyecto de ley para que los delitos contra los silobolsas y otras producciones sean incorporados al C\u00f3digo Penal. Los diferenci\u00f3 de los abigeatos habituales y los calific\u00f3 como \u201cnuevas modalidades delictivas\u201d que no solo afectan la propiedad privada, sino que tambi\u00e9n perturban la seguridad jur\u00eddica, el movimiento comercial, la producci\u00f3n nacional y la recaudaci\u00f3n impositiva.<\/p>\n<p>En los fundamentos de la iniciativa, Benedetti diferencia el abigeato que habitualmente sufren los productores rurales, de los numerosos \u201cataques an\u00f3nimos que destruyen silobolsas y de los incendios intencionales que vienen sufriendo las explotaciones agropecuarias\u201d.<\/p>\n<p>Precis\u00f3 que en lo que va del a\u00f1o \u201cse ha reportado la rotura de m\u00e1s de 80 silobolsas, lo que equivale a m\u00e1s de 8.000 toneladas de granos da\u00f1ados e incontables perjuicios a la producci\u00f3n rural a trav\u00e9s de robo de maquinaria, incendios intencionales, robo de cosecha, robo de agroqu\u00edmicos, entre otros\u201d.<\/p>\n<p>Al exponer las razones por las que considera necesario penar a los agresores y salvaguardar las producciones, Benedetti sostuvo que \u201clas leyes son las armas que nos otorga la Rep\u00fablica\u201d y fue m\u00e1s all\u00e1 al manifestar que \u201clas conductas que no est\u00e1n tipificadas en nuestro C\u00f3digo Penal no pueden ser pasibles de sanci\u00f3n\u201d y por ello -dadas las nuevas modalidades delictivas- resulta imperioso abocarse a modificar lo que sea necesario para brindar a la Justicia las herramientas para responder adecuadamente y resguardar la seguridad p\u00fablica\u201d.<\/p>\n<p>Para Benedetti, \u201cel bien jur\u00eddico objeto de protecci\u00f3n es la seguridad p\u00fablica, ya que cuando se cometen este tipo de delitos no solo se afecta la propiedad privada, sino que tambi\u00e9n se perturba la seguridad jur\u00eddica, el movimiento comercial, la producci\u00f3n nacional y la recaudaci\u00f3n impositiva\u201d.<\/p>\n<p>Es en este marco que el diputado nacional del radicalismo entiende que \u201cse requiere una r\u00e1pida respuesta que acompa\u00f1e a las desavenencias que viene soportando el sector que m\u00e1s divisas le entrega al pa\u00eds, el que m\u00e1s puestos directos e indirectos de trabajo genera y al que siempre est\u00e1 dispuesto a dar y a sostener a la econom\u00eda nacional\u201d.<\/p>\n<p>Tras resaltar que el proyecto \u201crecupera las propuestas\u201d impulsadas por sus pares Ricardo Buryaile, Paula Oliveto Lago y Francisco S\u00e1nchez, aclar\u00f3 que \u201cpresenta una modificaci\u00f3n necesaria al C\u00f3digo Penal que apunta a delimitar con precisi\u00f3n los tipos penales y asegurar as\u00ed la respuesta punitiva del Estado\u201d.<\/p>\n<p>En definitiva, lo que propone Benedetti es \u201cincrementar m\u00ednimo y m\u00e1ximo de la pena de prisi\u00f3n, inhibiendo la posibilidad de condenaci\u00f3n condicional y agregando tambi\u00e9n la pena de multa, cuyo valor de mensura estar\u00e1 atado al dep\u00f3sito exigido en el art\u00edculo 286 del C\u00f3digo Procesal Civil y Comercial de la Naci\u00f3n vigente al momento de la condena\u201d.<\/p>\n<p>Tras brindar m\u00e1s precisiones sobre las penas que propone en su proyecto, Atilio Benedetti afirm\u00f3 que con la incorporaci\u00f3n del art\u00edculo 184 ter pretende \u201cun tipo agravado del da\u00f1o rural espec\u00edfico que se configura cuando la conducta desplegada tiene por finalidad -adem\u00e1s del da\u00f1o- frustrar la comercializaci\u00f3n, duplicando la pena cuando su autor o determinador fuere funcionario p\u00fablico, persona p\u00fablica o notoriamente conocida o de actividad agropecuaria habitual\u201d.<\/p>\n<p>Por \u00faltimo, modifica el art\u00edculo 209 del C\u00f3digo Penal con el fin de que tambi\u00e9n reciban penas aquellos que instiguen ataques a bienes, como por ejemplo a los silobolsas.<\/p>\n","protected":false},"excerpt":{"rendered":"<p>El diputado nacional de la UCR present\u00f3 un proyecto de ley.  \u201cLas leyes son las armas que nos otorga la Rep\u00fablica\u201d, asegur\u00f3 el legislador entre los fundamentos de la iniciativa. <\/p>\n","protected":false},"author":2,"featured_media":45796,"comment_status":"open","ping_status":"open","sticky":false,"template":"","format":"standard","meta":{"fifu_image_url":"","fifu_image_alt":"","footnotes":""},"categories":[16],"tags":[1283,519],"class_list":{"0":"post-47521","1":"post","2":"type-post","3":"status-publish","4":"format-standard","5":"has-post-thumbnail","7":"category-politi","8":"tag-atilio-benedetti","9":"tag-silobolsa"},"yoast_head":"<title>Benedetti propone incorporar al C\u00f3digo Penal los delitos contra los silobolsas - Informe Litoral<\/title>\n<meta name=\"robots\" content=\"index, follow, max-snippet:-1, max-image-preview:large, max-video-preview:-1\" \/>\n<link rel=\"canonical\" href=\"https:\/\/informelitoral.com.ar\/benedetti-propone-incorporar-al-codigo-penal-los-delitos-contra-los-silobolsas\/\" \/>\n<meta property=\"og:locale\" content=\"es_ES\" \/>\n<meta property=\"og:type\" content=\"article\" \/>\n<meta property=\"og:title\" content=\"Benedetti propone incorporar al C\u00f3digo Penal los delitos contra los silobolsas - Informe Litoral\" \/>\n<meta property=\"og:description\" content=\"El diputado nacional de la UCR present\u00f3 un proyecto de ley. \u201cLas leyes son las armas que nos otorga la Rep\u00fablica\u201d, asegur\u00f3 el legislador entre los fundamentos de la iniciativa.\" \/>\n<meta property=\"og:url\" content=\"https:\/\/informelitoral.com.ar\/benedetti-propone-incorporar-al-codigo-penal-los-delitos-contra-los-silobolsas\/\" \/>\n<meta property=\"og:site_name\" content=\"Informe Litoral\" \/>\n<meta property=\"article:publisher\" content=\"https:\/\/www.facebook.com\/informelitoral\/\" \/>\n<meta property=\"article:published_time\" content=\"2020-08-14T10:25:51+00:00\" \/>\n<meta property=\"og:image\" content=\"https:\/\/informelitoral.com.ar\/%77%70%2d%63%6f%6e%74%65%6e%74\/uploads\/2020\/07\/silobolsas.jpeg\" \/>\n\t<meta property=\"og:image:width\" content=\"1000\" \/>\n\t<meta property=\"og:image:height\" content=\"570\" \/>\n\t<meta property=\"og:image:type\" content=\"image\/jpeg\" \/>\n<meta name=\"author\" content=\"Gonzalo Schmidt\" \/>\n<meta name=\"twitter:card\" content=\"summary_large_image\" \/>\n<meta name=\"twitter:creator\" content=\"@InformeLitoral\" \/>\n<meta name=\"twitter:site\" content=\"@InformeLitoral\" \/>\n<meta name=\"twitter:label1\" content=\"Escrito por\" \/>\n\t<meta name=\"twitter:data1\" content=\"Gonzalo Schmidt\" \/>\n\t<meta name=\"twitter:label2\" content=\"Tiempo de lectura\" \/>\n\t<meta name=\"twitter:data2\" content=\"3 minutos\" \/>\n<script type=\"application\/ld+json\" class=\"yoast-schema-graph\">{\"@context\":\"https:\\\/\\\/schema.org\",\"@graph\":[{\"@type\":\"Article\",\"@id\":\"https:\\\/\\\/informelitoral.com.ar\\\/benedetti-propone-incorporar-al-codigo-penal-los-delitos-contra-los-silobolsas\\\/#article\",\"isPartOf\":{\"@id\":\"https:\\\/\\\/informelitoral.com.ar\\\/benedetti-propone-incorporar-al-codigo-penal-los-delitos-contra-los-silobolsas\\\/\"},\"author\":{\"name\":\"Gonzalo Schmidt\",\"@id\":\"https:\\\/\\\/informelitoral.com.ar\\\/#\\\/schema\\\/person\\\/b9d00407c836482871ef1d57bf8e3180\"},\"headline\":\"Benedetti propone incorporar al C\u00f3digo Penal los delitos contra los silobolsas\",\"datePublished\":\"2020-08-14T10:25:51+00:00\",\"mainEntityOfPage\":{\"@id\":\"https:\\\/\\\/informelitoral.com.ar\\\/benedetti-propone-incorporar-al-codigo-penal-los-delitos-contra-los-silobolsas\\\/\"},\"wordCount\":605,\"commentCount\":0,\"publisher\":{\"@id\":\"https:\\\/\\\/informelitoral.com.ar\\\/#organization\"},\"image\":{\"@id\":\"https:\\\/\\\/informelitoral.com.ar\\\/benedetti-propone-incorporar-al-codigo-penal-los-delitos-contra-los-silobolsas\\\/#primaryimage\"},\"thumbnailUrl\":\"https:\\\/\\\/informelitoral.com.ar\\\/%77%70%2d%63%6f%6e%74%65%6e%74\\\/uploads\\\/2020\\\/07\\\/silobolsas.jpeg\",\"keywords\":[\"Atilio Benedetti\",\"Silobolsa\"],\"articleSection\":[\"Politica\"],\"inLanguage\":\"es\",\"potentialAction\":[{\"@type\":\"CommentAction\",\"name\":\"Comment\",\"target\":[\"https:\\\/\\\/informelitoral.com.ar\\\/benedetti-propone-incorporar-al-codigo-penal-los-delitos-contra-los-silobolsas\\\/#respond\"]}]},{\"@type\":\"WebPage\",\"@id\":\"https:\\\/\\\/informelitoral.com.ar\\\/benedetti-propone-incorporar-al-codigo-penal-los-delitos-contra-los-silobolsas\\\/\",\"url\":\"https:\\\/\\\/informelitoral.com.ar\\\/benedetti-propone-incorporar-al-codigo-penal-los-delitos-contra-los-silobolsas\\\/\",\"name\":\"Benedetti propone incorporar al C\u00f3digo Penal los delitos contra los silobolsas - Informe Litoral\",\"isPartOf\":{\"@id\":\"https:\\\/\\\/informelitoral.com.ar\\\/#website\"},\"primaryImageOfPage\":{\"@id\":\"https:\\\/\\\/informelitoral.com.ar\\\/benedetti-propone-incorporar-al-codigo-penal-los-delitos-contra-los-silobolsas\\\/#primaryimage\"},\"image\":{\"@id\":\"https:\\\/\\\/informelitoral.com.ar\\\/benedetti-propone-incorporar-al-codigo-penal-los-delitos-contra-los-silobolsas\\\/#primaryimage\"},\"thumbnailUrl\":\"https:\\\/\\\/informelitoral.com.ar\\\/%77%70%2d%63%6f%6e%74%65%6e%74\\\/uploads\\\/2020\\\/07\\\/silobolsas.jpeg\",\"datePublished\":\"2020-08-14T10:25:51+00:00\",\"breadcrumb\":{\"@id\":\"https:\\\/\\\/informelitoral.com.ar\\\/benedetti-propone-incorporar-al-codigo-penal-los-delitos-contra-los-silobolsas\\\/#breadcrumb\"},\"inLanguage\":\"es\",\"potentialAction\":[{\"@type\":\"ReadAction\",\"target\":[\"https:\\\/\\\/informelitoral.com.ar\\\/benedetti-propone-incorporar-al-codigo-penal-los-delitos-contra-los-silobolsas\\\/\"]}]},{\"@type\":\"ImageObject\",\"inLanguage\":\"es\",\"@id\":\"https:\\\/\\\/informelitoral.com.ar\\\/benedetti-propone-incorporar-al-codigo-penal-los-delitos-contra-los-silobolsas\\\/#primaryimage\",\"url\":\"https:\\\/\\\/informelitoral.com.ar\\\/%77%70%2d%63%6f%6e%74%65%6e%74\\\/uploads\\\/2020\\\/07\\\/silobolsas.jpeg\",\"contentUrl\":\"https:\\\/\\\/informelitoral.com.ar\\\/%77%70%2d%63%6f%6e%74%65%6e%74\\\/uploads\\\/2020\\\/07\\\/silobolsas.jpeg\",\"width\":1000,\"height\":570},{\"@type\":\"BreadcrumbList\",\"@id\":\"https:\\\/\\\/informelitoral.com.ar\\\/benedetti-propone-incorporar-al-codigo-penal-los-delitos-contra-los-silobolsas\\\/#breadcrumb\",\"itemListElement\":[{\"@type\":\"ListItem\",\"position\":1,\"name\":\"Portada\",\"item\":\"https:\\\/\\\/informelitoral.com.ar\\\/\"},{\"@type\":\"ListItem\",\"position\":2,\"name\":\"Benedetti propone incorporar al C\u00f3digo Penal los delitos contra los silobolsas\"}]},{\"@type\":\"WebSite\",\"@id\":\"https:\\\/\\\/informelitoral.com.ar\\\/#website\",\"url\":\"https:\\\/\\\/informelitoral.com.ar\\\/\",\"name\":\"Informe Litoral\",\"description\":\"&quot;Nos informamos&quot; \",\"publisher\":{\"@id\":\"https:\\\/\\\/informelitoral.com.ar\\\/#organization\"},\"potentialAction\":[{\"@type\":\"SearchAction\",\"target\":{\"@type\":\"EntryPoint\",\"urlTemplate\":\"https:\\\/\\\/informelitoral.com.ar\\\/?s={search_term_string}\"},\"query-input\":{\"@type\":\"PropertyValueSpecification\",\"valueRequired\":true,\"valueName\":\"search_term_string\"}}],\"inLanguage\":\"es\"},{\"@type\":\"Organization\",\"@id\":\"https:\\\/\\\/informelitoral.com.ar\\\/#organization\",\"name\":\"Informe Litoral\",\"url\":\"https:\\\/\\\/informelitoral.com.ar\\\/\",\"logo\":{\"@type\":\"ImageObject\",\"inLanguage\":\"es\",\"@id\":\"https:\\\/\\\/informelitoral.com.ar\\\/#\\\/schema\\\/logo\\\/image\\\/\",\"url\":\"https:\\\/\\\/informelitoral.com.ar\\\/%77%70%2d%63%6f%6e%74%65%6e%74\\\/uploads\\\/2021\\\/01\\\/circulo.png\",\"contentUrl\":\"https:\\\/\\\/informelitoral.com.ar\\\/%77%70%2d%63%6f%6e%74%65%6e%74\\\/uploads\\\/2021\\\/01\\\/circulo.png\",\"width\":723,\"height\":731,\"caption\":\"Informe Litoral\"},\"image\":{\"@id\":\"https:\\\/\\\/informelitoral.com.ar\\\/#\\\/schema\\\/logo\\\/image\\\/\"},\"sameAs\":[\"https:\\\/\\\/www.facebook.com\\\/informelitoral\\\/\",\"https:\\\/\\\/x.com\\\/InformeLitoral\",\"https:\\\/\\\/www.instagram.com\\\/informelitoral\\\/\",\"https:\\\/\\\/www.youtube.com\\\/channel\\\/UCua4Qvz8Icb6MYqhoq9xLXw\"]},{\"@type\":\"Person\",\"@id\":\"https:\\\/\\\/informelitoral.com.ar\\\/#\\\/schema\\\/person\\\/b9d00407c836482871ef1d57bf8e3180\",\"name\":\"Gonzalo Schmidt\",\"image\":{\"@type\":\"ImageObject\",\"inLanguage\":\"es\",\"@id\":\"https:\\\/\\\/secure.gravatar.com\\\/avatar\\\/31a1a7b66ff2de83bd0e9fd79d026630d2d99e55e8bfe501287647b4fd9743de?s=96&d=mm&r=g\",\"url\":\"https:\\\/\\\/secure.gravatar.com\\\/avatar\\\/31a1a7b66ff2de83bd0e9fd79d026630d2d99e55e8bfe501287647b4fd9743de?s=96&d=mm&r=g\",\"contentUrl\":\"https:\\\/\\\/secure.gravatar.com\\\/avatar\\\/31a1a7b66ff2de83bd0e9fd79d026630d2d99e55e8bfe501287647b4fd9743de?s=96&d=mm&r=g\",\"caption\":\"Gonzalo Schmidt\"},\"description\":\"Sitio web de noticias de la provincia de Entre R\u00edos, Argentina. Informaci\u00f3n y entretenimiento. Informe Litoral, nos informamos.\",\"sameAs\":[\"http:\\\/\\\/www.isletasnoticias.com.ar\"],\"url\":\"https:\\\/\\\/informelitoral.com.ar\\\/author\\\/gonzalo\\\/\"}]}<\/script>","yoast_head_json":{"title":"Benedetti propone incorporar al C\u00f3digo Penal los delitos contra los silobolsas - Informe Litoral","robots":{"index":"index","follow":"follow","max-snippet":"max-snippet:-1","max-image-preview":"max-image-preview:large","max-video-preview":"max-video-preview:-1"},"canonical":"https:\/\/informelitoral.com.ar\/benedetti-propone-incorporar-al-codigo-penal-los-delitos-contra-los-silobolsas\/","og_locale":"es_ES","og_type":"article","og_title":"Benedetti propone incorporar al C\u00f3digo Penal los delitos contra los silobolsas - Informe Litoral","og_description":"El diputado nacional de la UCR present\u00f3 un proyecto de ley. \u201cLas leyes son las armas que nos otorga la Rep\u00fablica\u201d, asegur\u00f3 el legislador entre los fundamentos de la iniciativa.","og_url":"https:\/\/informelitoral.com.ar\/benedetti-propone-incorporar-al-codigo-penal-los-delitos-contra-los-silobolsas\/","og_site_name":"Informe Litoral","article_publisher":"https:\/\/www.facebook.com\/informelitoral\/","article_published_time":"2020-08-14T10:25:51+00:00","og_image":[{"width":1000,"height":570,"url":"https:\/\/informelitoral.com.ar\/%77%70%2d%63%6f%6e%74%65%6e%74\/uploads\/2020\/07\/silobolsas.jpeg","type":"image\/jpeg"}],"author":"Gonzalo Schmidt","twitter_card":"summary_large_image","twitter_creator":"@InformeLitoral","twitter_site":"@InformeLitoral","twitter_misc":{"Escrito por":"Gonzalo Schmidt","Tiempo de lectura":"3 minutos"},"schema":{"@context":"https:\/\/schema.org","@graph":[{"@type":"Article","@id":"https:\/\/informelitoral.com.ar\/benedetti-propone-incorporar-al-codigo-penal-los-delitos-contra-los-silobolsas\/#article","isPartOf":{"@id":"https:\/\/informelitoral.com.ar\/benedetti-propone-incorporar-al-codigo-penal-los-delitos-contra-los-silobolsas\/"},"author":{"name":"Gonzalo Schmidt","@id":"https:\/\/informelitoral.com.ar\/#\/schema\/person\/b9d00407c836482871ef1d57bf8e3180"},"headline":"Benedetti propone incorporar al C\u00f3digo Penal los delitos contra los silobolsas","datePublished":"2020-08-14T10:25:51+00:00","mainEntityOfPage":{"@id":"https:\/\/informelitoral.com.ar\/benedetti-propone-incorporar-al-codigo-penal-los-delitos-contra-los-silobolsas\/"},"wordCount":605,"commentCount":0,"publisher":{"@id":"https:\/\/informelitoral.com.ar\/#organization"},"image":{"@id":"https:\/\/informelitoral.com.ar\/benedetti-propone-incorporar-al-codigo-penal-los-delitos-contra-los-silobolsas\/#primaryimage"},"thumbnailUrl":"https:\/\/informelitoral.com.ar\/%77%70%2d%63%6f%6e%74%65%6e%74\/uploads\/2020\/07\/silobolsas.jpeg","keywords":["Atilio Benedetti","Silobolsa"],"articleSection":["Politica"],"inLanguage":"es","potentialAction":[{"@type":"CommentAction","name":"Comment","target":["https:\/\/informelitoral.com.ar\/benedetti-propone-incorporar-al-codigo-penal-los-delitos-contra-los-silobolsas\/#respond"]}]},{"@type":"WebPage","@id":"https:\/\/informelitoral.com.ar\/benedetti-propone-incorporar-al-codigo-penal-los-delitos-contra-los-silobolsas\/","url":"https:\/\/informelitoral.com.ar\/benedetti-propone-incorporar-al-codigo-penal-los-delitos-contra-los-silobolsas\/","name":"Benedetti propone incorporar al C\u00f3digo Penal los delitos contra los silobolsas - Informe Litoral","isPartOf":{"@id":"https:\/\/informelitoral.com.ar\/#website"},"primaryImageOfPage":{"@id":"https:\/\/informelitoral.com.ar\/benedetti-propone-incorporar-al-codigo-penal-los-delitos-contra-los-silobolsas\/#primaryimage"},"image":{"@id":"https:\/\/informelitoral.com.ar\/benedetti-propone-incorporar-al-codigo-penal-los-delitos-contra-los-silobolsas\/#primaryimage"},"thumbnailUrl":"https:\/\/informelitoral.com.ar\/%77%70%2d%63%6f%6e%74%65%6e%74\/uploads\/2020\/07\/silobolsas.jpeg","datePublished":"2020-08-14T10:25:51+00:00","breadcrumb":{"@id":"https:\/\/informelitoral.com.ar\/benedetti-propone-incorporar-al-codigo-penal-los-delitos-contra-los-silobolsas\/#breadcrumb"},"inLanguage":"es","potentialAction":[{"@type":"ReadAction","target":["https:\/\/informelitoral.com.ar\/benedetti-propone-incorporar-al-codigo-penal-los-delitos-contra-los-silobolsas\/"]}]},{"@type":"ImageObject","inLanguage":"es","@id":"https:\/\/informelitoral.com.ar\/benedetti-propone-incorporar-al-codigo-penal-los-delitos-contra-los-silobolsas\/#primaryimage","url":"https:\/\/informelitoral.com.ar\/%77%70%2d%63%6f%6e%74%65%6e%74\/uploads\/2020\/07\/silobolsas.jpeg","contentUrl":"https:\/\/informelitoral.com.ar\/%77%70%2d%63%6f%6e%74%65%6e%74\/uploads\/2020\/07\/silobolsas.jpeg","width":1000,"height":570},{"@type":"BreadcrumbList","@id":"https:\/\/informelitoral.com.ar\/benedetti-propone-incorporar-al-codigo-penal-los-delitos-contra-los-silobolsas\/#breadcrumb","itemListElement":[{"@type":"ListItem","position":1,"name":"Portada","item":"https:\/\/informelitoral.com.ar\/"},{"@type":"ListItem","position":2,"name":"Benedetti propone incorporar al C\u00f3digo Penal los delitos contra los silobolsas"}]},{"@type":"WebSite","@id":"https:\/\/informelitoral.com.ar\/#website","url":"https:\/\/informelitoral.com.ar\/","name":"Informe Litoral","description":"&quot;Nos informamos&quot; ","publisher":{"@id":"https:\/\/informelitoral.com.ar\/#organization"},"potentialAction":[{"@type":"SearchAction","target":{"@type":"EntryPoint","urlTemplate":"https:\/\/informelitoral.com.ar\/?s={search_term_string}"},"query-input":{"@type":"PropertyValueSpecification","valueRequired":true,"valueName":"search_term_string"}}],"inLanguage":"es"},{"@type":"Organization","@id":"https:\/\/informelitoral.com.ar\/#organization","name":"Informe Litoral","url":"https:\/\/informelitoral.com.ar\/","logo":{"@type":"ImageObject","inLanguage":"es","@id":"https:\/\/informelitoral.com.ar\/#\/schema\/logo\/image\/","url":"https:\/\/informelitoral.com.ar\/%77%70%2d%63%6f%6e%74%65%6e%74\/uploads\/2021\/01\/circulo.png","contentUrl":"https:\/\/informelitoral.com.ar\/%77%70%2d%63%6f%6e%74%65%6e%74\/uploads\/2021\/01\/circulo.png","width":723,"height":731,"caption":"Informe Litoral"},"image":{"@id":"https:\/\/informelitoral.com.ar\/#\/schema\/logo\/image\/"},"sameAs":["https:\/\/www.facebook.com\/informelitoral\/","https:\/\/x.com\/InformeLitoral","https:\/\/www.instagram.com\/informelitoral\/","https:\/\/www.youtube.com\/channel\/UCua4Qvz8Icb6MYqhoq9xLXw"]},{"@type":"Person","@id":"https:\/\/informelitoral.com.ar\/#\/schema\/person\/b9d00407c836482871ef1d57bf8e3180","name":"Gonzalo Schmidt","image":{"@type":"ImageObject","inLanguage":"es","@id":"https:\/\/secure.gravatar.com\/avatar\/31a1a7b66ff2de83bd0e9fd79d026630d2d99e55e8bfe501287647b4fd9743de?s=96&d=mm&r=g","url":"https:\/\/secure.gravatar.com\/avatar\/31a1a7b66ff2de83bd0e9fd79d026630d2d99e55e8bfe501287647b4fd9743de?s=96&d=mm&r=g","contentUrl":"https:\/\/secure.gravatar.com\/avatar\/31a1a7b66ff2de83bd0e9fd79d026630d2d99e55e8bfe501287647b4fd9743de?s=96&d=mm&r=g","caption":"Gonzalo Schmidt"},"description":"Sitio web de noticias de la provincia de Entre R\u00edos, Argentina. Informaci\u00f3n y entretenimiento. Informe Litoral, nos informamos.","sameAs":["http:\/\/www.isletasnoticias.com.ar"],"url":"https:\/\/informelitoral.com.ar\/author\/gonzalo\/"}]}},"_links":{"self":[{"href":"https:\/\/informelitoral.com.ar\/%77%70%2d%6a%73%6f%6e\/wp\/v2\/posts\/47521","targetHints":{"allow":["GET"]}}],"collection":[{"href":"https:\/\/informelitoral.com.ar\/%77%70%2d%6a%73%6f%6e\/wp\/v2\/posts"}],"about":[{"href":"https:\/\/informelitoral.com.ar\/%77%70%2d%6a%73%6f%6e\/wp\/v2\/types\/post"}],"author":[{"embeddable":true,"href":"https:\/\/informelitoral.com.ar\/%77%70%2d%6a%73%6f%6e\/wp\/v2\/users\/2"}],"replies":[{"embeddable":true,"href":"https:\/\/informelitoral.com.ar\/%77%70%2d%6a%73%6f%6e\/wp\/v2\/comments?post=47521"}],"version-history":[{"count":0,"href":"https:\/\/informelitoral.com.ar\/%77%70%2d%6a%73%6f%6e\/wp\/v2\/posts\/47521\/revisions"}],"wp:featuredmedia":[{"embeddable":true,"href":"https:\/\/informelitoral.com.ar\/%77%70%2d%6a%73%6f%6e\/wp\/v2\/media\/45796"}],"wp:attachment":[{"href":"https:\/\/informelitoral.com.ar\/%77%70%2d%6a%73%6f%6e\/wp\/v2\/media?parent=47521"}],"wp:term":[{"taxonomy":"category","embeddable":true,"href":"https:\/\/informelitoral.com.ar\/%77%70%2d%6a%73%6f%6e\/wp\/v2\/categories?post=47521"},{"taxonomy":"post_tag","embeddable":true,"href":"https:\/\/informelitoral.com.ar\/%77%70%2d%6a%73%6f%6e\/wp\/v2\/tags?post=47521"}],"curies":[{"name":"wp","href":"https:\/\/api.w.org\/{rel}","templated":true}]}}