{"id":47518,"date":"2020-08-13T21:25:16","date_gmt":"2020-08-14T00:25:16","guid":{"rendered":"https:\/\/www.isletasnoticias.com.ar\/?p=47518"},"modified":"2020-08-13T21:25:16","modified_gmt":"2020-08-14T00:25:16","slug":"se-incendio-parte-de-una-vivienda-en-parana-un-herido-y-perdidas-materiales","status":"publish","type":"post","link":"https:\/\/informelitoral.com.ar\/se-incendio-parte-de-una-vivienda-en-parana-un-herido-y-perdidas-materiales\/","title":{"rendered":"Se incendi\u00f3 parte de una vivienda en Paran\u00e1: Un herido y p\u00e9rdidas materiales"},"content":{"rendered":"<p>Bomberos Zapadores y Voluntarios de Paran\u00e1 tomaron intervenci\u00f3n este jueves por la tarde a ra\u00edz de un incendio en una vivienda donde habitan dos personas mayores de 86 y 88 a\u00f1os. Fue alrededor de las 17 horas, en zona de calles Almirante Brown y Provincias de Entre R\u00edos, donde acudieron al menos tres dotaciones.<\/p>\n<p>Personal de Comisar\u00eda Doce, llega al lugar y entrevista a los due\u00f1os de la casa quienes informan que estando en el interior de su vivienda ven fuego sobre el patio trasero, m\u00e1s precisamente sobre un peque\u00f1o galp\u00f3n.<\/p>\n<p>El hombre intent\u00f3 sofocar el fuego, pero no pudo controlarlo, resultando con una quemadura leve en su rostro. Por ese motivo fue trasladado en ambulancia para su asistencia m\u00e9dica.<\/p>\n<p>La densa columna de humo sorprendi\u00f3 a los vecinos del lugar. Seg\u00fan supo Elonce, \u00aben el lugar hab\u00eda cochones y papeles, lo que ocasion\u00f3 la humareda\u00bb. En un arduo trabajo realizado por parte de los bomberos se logr\u00f3 controlar el fuego. (Fuente: elonce.com)<\/p>\n","protected":false},"excerpt":{"rendered":"<p>Bomberos Zapadores y Voluntarios de Paran&aacute; tomaron intervenci&oacute;n este jueves por la tarde a ra&iacute;z de un incendio en una vivienda donde habitan dos personas mayores de 86 y 88 a&ntilde;os. Fue alrededor de las 17 horas, en zona de calles Almirante Brown y Provincias de Entre R&iacute;os, donde acudieron al menos tres dotaciones. Personal [&hellip;]<\/p>\n","protected":false},"author":8,"featured_media":47519,"comment_status":"open","ping_status":"open","sticky":false,"template":"","format":"standard","meta":{"fifu_image_url":"","fifu_image_alt":"","footnotes":""},"categories":[14],"tags":[562,81,509],"class_list":{"0":"post-47518","1":"post","2":"type-post","3":"status-publish","4":"format-standard","5":"has-post-thumbnail","7":"category-policiales","8":"tag-bomberos-voluntarios","9":"tag-entre-rios","10":"tag-incendio"},"yoast_head":"<title>Se incendi\u00f3 parte de una vivienda en Paran\u00e1: Un herido y p\u00e9rdidas materiales - Informe Litoral<\/title>\n<meta name=\"robots\" content=\"index, follow, max-snippet:-1, max-image-preview:large, max-video-preview:-1\" \/>\n<link rel=\"canonical\" href=\"https:\/\/informelitoral.com.ar\/se-incendio-parte-de-una-vivienda-en-parana-un-herido-y-perdidas-materiales\/\" \/>\n<meta property=\"og:locale\" content=\"es_ES\" \/>\n<meta property=\"og:type\" content=\"article\" \/>\n<meta property=\"og:title\" content=\"Se incendi\u00f3 parte de una vivienda en Paran\u00e1: Un herido y p\u00e9rdidas materiales - Informe Litoral\" \/>\n<meta property=\"og:description\" content=\"Bomberos Zapadores y Voluntarios de Paran&aacute; tomaron intervenci&oacute;n este jueves por la tarde a ra&iacute;z de un incendio en una vivienda donde habitan dos personas mayores de 86 y 88 a&ntilde;os. Fue alrededor de las 17 horas, en zona de calles Almirante Brown y Provincias de Entre R&iacute;os, donde acudieron al menos tres dotaciones. Personal [&hellip;]\" \/>\n<meta property=\"og:url\" content=\"https:\/\/informelitoral.com.ar\/se-incendio-parte-de-una-vivienda-en-parana-un-herido-y-perdidas-materiales\/\" \/>\n<meta property=\"og:site_name\" content=\"Informe Litoral\" \/>\n<meta property=\"article:publisher\" content=\"https:\/\/www.facebook.com\/informelitoral\/\" \/>\n<meta property=\"article:published_time\" content=\"2020-08-14T00:25:16+00:00\" \/>\n<meta property=\"og:image\" content=\"https:\/\/informelitoral.com.ar\/%77%70%2d%63%6f%6e%74%65%6e%74\/uploads\/2020\/08\/bomber.jpg\" \/>\n\t<meta property=\"og:image:width\" content=\"800\" \/>\n\t<meta property=\"og:image:height\" content=\"450\" \/>\n\t<meta property=\"og:image:type\" content=\"image\/jpeg\" \/>\n<meta name=\"author\" content=\"Sebastian\" \/>\n<meta name=\"twitter:card\" content=\"summary_large_image\" \/>\n<meta name=\"twitter:creator\" content=\"@InformeLitoral\" \/>\n<meta name=\"twitter:site\" content=\"@InformeLitoral\" \/>\n<meta name=\"twitter:label1\" content=\"Escrito por\" \/>\n\t<meta name=\"twitter:data1\" content=\"Sebastian\" \/>\n\t<meta name=\"twitter:label2\" content=\"Tiempo de lectura\" \/>\n\t<meta name=\"twitter:data2\" content=\"1 minuto\" \/>\n<script type=\"application\/ld+json\" class=\"yoast-schema-graph\">{\"@context\":\"https:\\\/\\\/schema.org\",\"@graph\":[{\"@type\":\"Article\",\"@id\":\"https:\\\/\\\/informelitoral.com.ar\\\/se-incendio-parte-de-una-vivienda-en-parana-un-herido-y-perdidas-materiales\\\/#article\",\"isPartOf\":{\"@id\":\"https:\\\/\\\/informelitoral.com.ar\\\/se-incendio-parte-de-una-vivienda-en-parana-un-herido-y-perdidas-materiales\\\/\"},\"author\":{\"name\":\"Sebastian\",\"@id\":\"https:\\\/\\\/informelitoral.com.ar\\\/#\\\/schema\\\/person\\\/f05f9f461677119578717524b127d6d5\"},\"headline\":\"Se incendi\u00f3 parte de una vivienda en Paran\u00e1: Un herido y p\u00e9rdidas materiales\",\"datePublished\":\"2020-08-14T00:25:16+00:00\",\"mainEntityOfPage\":{\"@id\":\"https:\\\/\\\/informelitoral.com.ar\\\/se-incendio-parte-de-una-vivienda-en-parana-un-herido-y-perdidas-materiales\\\/\"},\"wordCount\":187,\"commentCount\":0,\"publisher\":{\"@id\":\"https:\\\/\\\/informelitoral.com.ar\\\/#organization\"},\"image\":{\"@id\":\"https:\\\/\\\/informelitoral.com.ar\\\/se-incendio-parte-de-una-vivienda-en-parana-un-herido-y-perdidas-materiales\\\/#primaryimage\"},\"thumbnailUrl\":\"https:\\\/\\\/informelitoral.com.ar\\\/%77%70%2d%63%6f%6e%74%65%6e%74\\\/uploads\\\/2020\\\/08\\\/bomber.jpg\",\"keywords\":[\"Bomberos voluntarios\",\"Entre R\u00edos\",\"Incendio\"],\"articleSection\":[\"Policiales\"],\"inLanguage\":\"es\",\"potentialAction\":[{\"@type\":\"CommentAction\",\"name\":\"Comment\",\"target\":[\"https:\\\/\\\/informelitoral.com.ar\\\/se-incendio-parte-de-una-vivienda-en-parana-un-herido-y-perdidas-materiales\\\/#respond\"]}]},{\"@type\":\"WebPage\",\"@id\":\"https:\\\/\\\/informelitoral.com.ar\\\/se-incendio-parte-de-una-vivienda-en-parana-un-herido-y-perdidas-materiales\\\/\",\"url\":\"https:\\\/\\\/informelitoral.com.ar\\\/se-incendio-parte-de-una-vivienda-en-parana-un-herido-y-perdidas-materiales\\\/\",\"name\":\"Se incendi\u00f3 parte de una vivienda en Paran\u00e1: Un herido y p\u00e9rdidas materiales - Informe Litoral\",\"isPartOf\":{\"@id\":\"https:\\\/\\\/informelitoral.com.ar\\\/#website\"},\"primaryImageOfPage\":{\"@id\":\"https:\\\/\\\/informelitoral.com.ar\\\/se-incendio-parte-de-una-vivienda-en-parana-un-herido-y-perdidas-materiales\\\/#primaryimage\"},\"image\":{\"@id\":\"https:\\\/\\\/informelitoral.com.ar\\\/se-incendio-parte-de-una-vivienda-en-parana-un-herido-y-perdidas-materiales\\\/#primaryimage\"},\"thumbnailUrl\":\"https:\\\/\\\/informelitoral.com.ar\\\/%77%70%2d%63%6f%6e%74%65%6e%74\\\/uploads\\\/2020\\\/08\\\/bomber.jpg\",\"datePublished\":\"2020-08-14T00:25:16+00:00\",\"breadcrumb\":{\"@id\":\"https:\\\/\\\/informelitoral.com.ar\\\/se-incendio-parte-de-una-vivienda-en-parana-un-herido-y-perdidas-materiales\\\/#breadcrumb\"},\"inLanguage\":\"es\",\"potentialAction\":[{\"@type\":\"ReadAction\",\"target\":[\"https:\\\/\\\/informelitoral.com.ar\\\/se-incendio-parte-de-una-vivienda-en-parana-un-herido-y-perdidas-materiales\\\/\"]}]},{\"@type\":\"ImageObject\",\"inLanguage\":\"es\",\"@id\":\"https:\\\/\\\/informelitoral.com.ar\\\/se-incendio-parte-de-una-vivienda-en-parana-un-herido-y-perdidas-materiales\\\/#primaryimage\",\"url\":\"https:\\\/\\\/informelitoral.com.ar\\\/%77%70%2d%63%6f%6e%74%65%6e%74\\\/uploads\\\/2020\\\/08\\\/bomber.jpg\",\"contentUrl\":\"https:\\\/\\\/informelitoral.com.ar\\\/%77%70%2d%63%6f%6e%74%65%6e%74\\\/uploads\\\/2020\\\/08\\\/bomber.jpg\",\"width\":800,\"height\":450},{\"@type\":\"BreadcrumbList\",\"@id\":\"https:\\\/\\\/informelitoral.com.ar\\\/se-incendio-parte-de-una-vivienda-en-parana-un-herido-y-perdidas-materiales\\\/#breadcrumb\",\"itemListElement\":[{\"@type\":\"ListItem\",\"position\":1,\"name\":\"Portada\",\"item\":\"https:\\\/\\\/informelitoral.com.ar\\\/\"},{\"@type\":\"ListItem\",\"position\":2,\"name\":\"Se incendi\u00f3 parte de una vivienda en Paran\u00e1: Un herido y p\u00e9rdidas materiales\"}]},{\"@type\":\"WebSite\",\"@id\":\"https:\\\/\\\/informelitoral.com.ar\\\/#website\",\"url\":\"https:\\\/\\\/informelitoral.com.ar\\\/\",\"name\":\"Informe Litoral\",\"description\":\"&quot;Nos informamos&quot; \",\"publisher\":{\"@id\":\"https:\\\/\\\/informelitoral.com.ar\\\/#organization\"},\"potentialAction\":[{\"@type\":\"SearchAction\",\"target\":{\"@type\":\"EntryPoint\",\"urlTemplate\":\"https:\\\/\\\/informelitoral.com.ar\\\/?s={search_term_string}\"},\"query-input\":{\"@type\":\"PropertyValueSpecification\",\"valueRequired\":true,\"valueName\":\"search_term_string\"}}],\"inLanguage\":\"es\"},{\"@type\":\"Organization\",\"@id\":\"https:\\\/\\\/informelitoral.com.ar\\\/#organization\",\"name\":\"Informe Litoral\",\"url\":\"https:\\\/\\\/informelitoral.com.ar\\\/\",\"logo\":{\"@type\":\"ImageObject\",\"inLanguage\":\"es\",\"@id\":\"https:\\\/\\\/informelitoral.com.ar\\\/#\\\/schema\\\/logo\\\/image\\\/\",\"url\":\"https:\\\/\\\/informelitoral.com.ar\\\/%77%70%2d%63%6f%6e%74%65%6e%74\\\/uploads\\\/2021\\\/01\\\/circulo.png\",\"contentUrl\":\"https:\\\/\\\/informelitoral.com.ar\\\/%77%70%2d%63%6f%6e%74%65%6e%74\\\/uploads\\\/2021\\\/01\\\/circulo.png\",\"width\":723,\"height\":731,\"caption\":\"Informe Litoral\"},\"image\":{\"@id\":\"https:\\\/\\\/informelitoral.com.ar\\\/#\\\/schema\\\/logo\\\/image\\\/\"},\"sameAs\":[\"https:\\\/\\\/www.facebook.com\\\/informelitoral\\\/\",\"https:\\\/\\\/x.com\\\/InformeLitoral\",\"https:\\\/\\\/www.instagram.com\\\/informelitoral\\\/\",\"https:\\\/\\\/www.youtube.com\\\/channel\\\/UCua4Qvz8Icb6MYqhoq9xLXw\"]},{\"@type\":\"Person\",\"@id\":\"https:\\\/\\\/informelitoral.com.ar\\\/#\\\/schema\\\/person\\\/f05f9f461677119578717524b127d6d5\",\"name\":\"Sebastian\",\"image\":{\"@type\":\"ImageObject\",\"inLanguage\":\"es\",\"@id\":\"https:\\\/\\\/secure.gravatar.com\\\/avatar\\\/b71bf7481d447dfb9583c7f2798e7cc64de6efb9067b74633ed8c31059a3bd82?s=96&d=mm&r=g\",\"url\":\"https:\\\/\\\/secure.gravatar.com\\\/avatar\\\/b71bf7481d447dfb9583c7f2798e7cc64de6efb9067b74633ed8c31059a3bd82?s=96&d=mm&r=g\",\"contentUrl\":\"https:\\\/\\\/secure.gravatar.com\\\/avatar\\\/b71bf7481d447dfb9583c7f2798e7cc64de6efb9067b74633ed8c31059a3bd82?s=96&d=mm&r=g\",\"caption\":\"Sebastian\"},\"url\":\"https:\\\/\\\/informelitoral.com.ar\\\/author\\\/sebastian\\\/\"}]}<\/script>","yoast_head_json":{"title":"Se incendi\u00f3 parte de una vivienda en Paran\u00e1: Un herido y p\u00e9rdidas materiales - Informe Litoral","robots":{"index":"index","follow":"follow","max-snippet":"max-snippet:-1","max-image-preview":"max-image-preview:large","max-video-preview":"max-video-preview:-1"},"canonical":"https:\/\/informelitoral.com.ar\/se-incendio-parte-de-una-vivienda-en-parana-un-herido-y-perdidas-materiales\/","og_locale":"es_ES","og_type":"article","og_title":"Se incendi\u00f3 parte de una vivienda en Paran\u00e1: Un herido y p\u00e9rdidas materiales - Informe Litoral","og_description":"Bomberos Zapadores y Voluntarios de Paran&aacute; tomaron intervenci&oacute;n este jueves por la tarde a ra&iacute;z de un incendio en una vivienda donde habitan dos personas mayores de 86 y 88 a&ntilde;os. Fue alrededor de las 17 horas, en zona de calles Almirante Brown y Provincias de Entre R&iacute;os, donde acudieron al menos tres dotaciones. Personal [&hellip;]","og_url":"https:\/\/informelitoral.com.ar\/se-incendio-parte-de-una-vivienda-en-parana-un-herido-y-perdidas-materiales\/","og_site_name":"Informe Litoral","article_publisher":"https:\/\/www.facebook.com\/informelitoral\/","article_published_time":"2020-08-14T00:25:16+00:00","og_image":[{"width":800,"height":450,"url":"https:\/\/informelitoral.com.ar\/%77%70%2d%63%6f%6e%74%65%6e%74\/uploads\/2020\/08\/bomber.jpg","type":"image\/jpeg"}],"author":"Sebastian","twitter_card":"summary_large_image","twitter_creator":"@InformeLitoral","twitter_site":"@InformeLitoral","twitter_misc":{"Escrito por":"Sebastian","Tiempo de lectura":"1 minuto"},"schema":{"@context":"https:\/\/schema.org","@graph":[{"@type":"Article","@id":"https:\/\/informelitoral.com.ar\/se-incendio-parte-de-una-vivienda-en-parana-un-herido-y-perdidas-materiales\/#article","isPartOf":{"@id":"https:\/\/informelitoral.com.ar\/se-incendio-parte-de-una-vivienda-en-parana-un-herido-y-perdidas-materiales\/"},"author":{"name":"Sebastian","@id":"https:\/\/informelitoral.com.ar\/#\/schema\/person\/f05f9f461677119578717524b127d6d5"},"headline":"Se incendi\u00f3 parte de una vivienda en Paran\u00e1: Un herido y p\u00e9rdidas materiales","datePublished":"2020-08-14T00:25:16+00:00","mainEntityOfPage":{"@id":"https:\/\/informelitoral.com.ar\/se-incendio-parte-de-una-vivienda-en-parana-un-herido-y-perdidas-materiales\/"},"wordCount":187,"commentCount":0,"publisher":{"@id":"https:\/\/informelitoral.com.ar\/#organization"},"image":{"@id":"https:\/\/informelitoral.com.ar\/se-incendio-parte-de-una-vivienda-en-parana-un-herido-y-perdidas-materiales\/#primaryimage"},"thumbnailUrl":"https:\/\/informelitoral.com.ar\/%77%70%2d%63%6f%6e%74%65%6e%74\/uploads\/2020\/08\/bomber.jpg","keywords":["Bomberos voluntarios","Entre R\u00edos","Incendio"],"articleSection":["Policiales"],"inLanguage":"es","potentialAction":[{"@type":"CommentAction","name":"Comment","target":["https:\/\/informelitoral.com.ar\/se-incendio-parte-de-una-vivienda-en-parana-un-herido-y-perdidas-materiales\/#respond"]}]},{"@type":"WebPage","@id":"https:\/\/informelitoral.com.ar\/se-incendio-parte-de-una-vivienda-en-parana-un-herido-y-perdidas-materiales\/","url":"https:\/\/informelitoral.com.ar\/se-incendio-parte-de-una-vivienda-en-parana-un-herido-y-perdidas-materiales\/","name":"Se incendi\u00f3 parte de una vivienda en Paran\u00e1: Un herido y p\u00e9rdidas materiales - Informe Litoral","isPartOf":{"@id":"https:\/\/informelitoral.com.ar\/#website"},"primaryImageOfPage":{"@id":"https:\/\/informelitoral.com.ar\/se-incendio-parte-de-una-vivienda-en-parana-un-herido-y-perdidas-materiales\/#primaryimage"},"image":{"@id":"https:\/\/informelitoral.com.ar\/se-incendio-parte-de-una-vivienda-en-parana-un-herido-y-perdidas-materiales\/#primaryimage"},"thumbnailUrl":"https:\/\/informelitoral.com.ar\/%77%70%2d%63%6f%6e%74%65%6e%74\/uploads\/2020\/08\/bomber.jpg","datePublished":"2020-08-14T00:25:16+00:00","breadcrumb":{"@id":"https:\/\/informelitoral.com.ar\/se-incendio-parte-de-una-vivienda-en-parana-un-herido-y-perdidas-materiales\/#breadcrumb"},"inLanguage":"es","potentialAction":[{"@type":"ReadAction","target":["https:\/\/informelitoral.com.ar\/se-incendio-parte-de-una-vivienda-en-parana-un-herido-y-perdidas-materiales\/"]}]},{"@type":"ImageObject","inLanguage":"es","@id":"https:\/\/informelitoral.com.ar\/se-incendio-parte-de-una-vivienda-en-parana-un-herido-y-perdidas-materiales\/#primaryimage","url":"https:\/\/informelitoral.com.ar\/%77%70%2d%63%6f%6e%74%65%6e%74\/uploads\/2020\/08\/bomber.jpg","contentUrl":"https:\/\/informelitoral.com.ar\/%77%70%2d%63%6f%6e%74%65%6e%74\/uploads\/2020\/08\/bomber.jpg","width":800,"height":450},{"@type":"BreadcrumbList","@id":"https:\/\/informelitoral.com.ar\/se-incendio-parte-de-una-vivienda-en-parana-un-herido-y-perdidas-materiales\/#breadcrumb","itemListElement":[{"@type":"ListItem","position":1,"name":"Portada","item":"https:\/\/informelitoral.com.ar\/"},{"@type":"ListItem","position":2,"name":"Se incendi\u00f3 parte de una vivienda en Paran\u00e1: Un herido y p\u00e9rdidas materiales"}]},{"@type":"WebSite","@id":"https:\/\/informelitoral.com.ar\/#website","url":"https:\/\/informelitoral.com.ar\/","name":"Informe Litoral","description":"&quot;Nos informamos&quot; ","publisher":{"@id":"https:\/\/informelitoral.com.ar\/#organization"},"potentialAction":[{"@type":"SearchAction","target":{"@type":"EntryPoint","urlTemplate":"https:\/\/informelitoral.com.ar\/?s={search_term_string}"},"query-input":{"@type":"PropertyValueSpecification","valueRequired":true,"valueName":"search_term_string"}}],"inLanguage":"es"},{"@type":"Organization","@id":"https:\/\/informelitoral.com.ar\/#organization","name":"Informe Litoral","url":"https:\/\/informelitoral.com.ar\/","logo":{"@type":"ImageObject","inLanguage":"es","@id":"https:\/\/informelitoral.com.ar\/#\/schema\/logo\/image\/","url":"https:\/\/informelitoral.com.ar\/%77%70%2d%63%6f%6e%74%65%6e%74\/uploads\/2021\/01\/circulo.png","contentUrl":"https:\/\/informelitoral.com.ar\/%77%70%2d%63%6f%6e%74%65%6e%74\/uploads\/2021\/01\/circulo.png","width":723,"height":731,"caption":"Informe Litoral"},"image":{"@id":"https:\/\/informelitoral.com.ar\/#\/schema\/logo\/image\/"},"sameAs":["https:\/\/www.facebook.com\/informelitoral\/","https:\/\/x.com\/InformeLitoral","https:\/\/www.instagram.com\/informelitoral\/","https:\/\/www.youtube.com\/channel\/UCua4Qvz8Icb6MYqhoq9xLXw"]},{"@type":"Person","@id":"https:\/\/informelitoral.com.ar\/#\/schema\/person\/f05f9f461677119578717524b127d6d5","name":"Sebastian","image":{"@type":"ImageObject","inLanguage":"es","@id":"https:\/\/secure.gravatar.com\/avatar\/b71bf7481d447dfb9583c7f2798e7cc64de6efb9067b74633ed8c31059a3bd82?s=96&d=mm&r=g","url":"https:\/\/secure.gravatar.com\/avatar\/b71bf7481d447dfb9583c7f2798e7cc64de6efb9067b74633ed8c31059a3bd82?s=96&d=mm&r=g","contentUrl":"https:\/\/secure.gravatar.com\/avatar\/b71bf7481d447dfb9583c7f2798e7cc64de6efb9067b74633ed8c31059a3bd82?s=96&d=mm&r=g","caption":"Sebastian"},"url":"https:\/\/informelitoral.com.ar\/author\/sebastian\/"}]}},"_links":{"self":[{"href":"https:\/\/informelitoral.com.ar\/%77%70%2d%6a%73%6f%6e\/wp\/v2\/posts\/47518","targetHints":{"allow":["GET"]}}],"collection":[{"href":"https:\/\/informelitoral.com.ar\/%77%70%2d%6a%73%6f%6e\/wp\/v2\/posts"}],"about":[{"href":"https:\/\/informelitoral.com.ar\/%77%70%2d%6a%73%6f%6e\/wp\/v2\/types\/post"}],"author":[{"embeddable":true,"href":"https:\/\/informelitoral.com.ar\/%77%70%2d%6a%73%6f%6e\/wp\/v2\/users\/8"}],"replies":[{"embeddable":true,"href":"https:\/\/informelitoral.com.ar\/%77%70%2d%6a%73%6f%6e\/wp\/v2\/comments?post=47518"}],"version-history":[{"count":0,"href":"https:\/\/informelitoral.com.ar\/%77%70%2d%6a%73%6f%6e\/wp\/v2\/posts\/47518\/revisions"}],"wp:featuredmedia":[{"embeddable":true,"href":"https:\/\/informelitoral.com.ar\/%77%70%2d%6a%73%6f%6e\/wp\/v2\/media\/47519"}],"wp:attachment":[{"href":"https:\/\/informelitoral.com.ar\/%77%70%2d%6a%73%6f%6e\/wp\/v2\/media?parent=47518"}],"wp:term":[{"taxonomy":"category","embeddable":true,"href":"https:\/\/informelitoral.com.ar\/%77%70%2d%6a%73%6f%6e\/wp\/v2\/categories?post=47518"},{"taxonomy":"post_tag","embeddable":true,"href":"https:\/\/informelitoral.com.ar\/%77%70%2d%6a%73%6f%6e\/wp\/v2\/tags?post=47518"}],"curies":[{"name":"wp","href":"https:\/\/api.w.org\/{rel}","templated":true}]}}