{"id":47449,"date":"2020-08-12T19:55:42","date_gmt":"2020-08-12T22:55:42","guid":{"rendered":"https:\/\/www.isletasnoticias.com.ar\/?p=47449"},"modified":"2020-08-12T19:55:42","modified_gmt":"2020-08-12T22:55:42","slug":"alberto-fernandez-anuncio-que-la-vacuna-de-oxford-contra-el-coronavirus-producida-por-la-argentina-estara-lista-el-primer-semestre-del-2021","status":"publish","type":"post","link":"https:\/\/informelitoral.com.ar\/alberto-fernandez-anuncio-que-la-vacuna-de-oxford-contra-el-coronavirus-producida-por-la-argentina-estara-lista-el-primer-semestre-del-2021\/","title":{"rendered":"Alberto Fern\u00e1ndez anunci\u00f3 que la vacuna de Oxford contra el coronavirus producida por la Argentina estar\u00e1 lista el primer semestre del 2021"},"content":{"rendered":"<p class=\"font_tertiary paragraph\">Alberto Fern\u00e1ndez anunci\u00f3 que Argentina producir\u00e1 la vacuna contra el coronavirus desarrollada por la universidad de Oxford y\u00a0<mark class=\"hl_yellow\"><b>que estar\u00e1 lista para ser utilizada en el primer semestre de 2021. El costo ser\u00e1 de entre 3 y 4 d\u00f3lares.<\/b><\/mark><\/p>\n<p class=\"font_tertiary paragraph\">El Presidente sostuvo que el ciclo de la vacuna no est\u00e1 terminado (sigue en fase 3) pero expres\u00f3 que el objetivo es fabricar entre\u00a0<b>150 y 250 millones de dosis para ser distribuidas en toda Am\u00e9rica Latina con excepci\u00f3n de Brasil.<\/b><\/p>\n<p class=\"font_tertiary paragraph\">Seg\u00fan explic\u00f3 el mandatario, la vacuna ser\u00e1 fabricada en conjunto con M\u00e9xico para ser entregadas \u201cequitativamente entre los pa\u00edses que as\u00ed lo demanden y a solicitud de los gobiernos de esos pa\u00edses\u201d.<\/p>\n<p class=\"font_tertiary paragraph\">\u201cQueremos que Argentina no tenga que esperar y pueda acceder lo m\u00e1s r\u00e1pido posible\u201d, comenz\u00f3 el jefe de Estado el anuncio. Y agreg\u00f3: \u201cPara nosotros es una gran alegr\u00eda. En Argentina AstraZeneca eligi\u00f3 al laboratorio\u00a0<b>mAbxience<\/b>\u00a0que ser\u00e1 el productor del reactivo de la vacuna, es un reconocimiento a la calidad de los laboratorios argentinos.\u00a0<mark class=\"hl_yellow\"><b>M\u00e9xico ser\u00e1 el encargado de envasar la vacuna y completar el proceso de producci\u00f3n\u201d.<\/b><\/mark><\/p>\n<picture class=\"font_tertiary visual__image\"><source srcset=\"https:\/\/www.infobae.com\/new-resizer\/0yZJHO-Rj0zkDdb7RzT6lR8SN-c=\/768x432\/filters:format(jpg):quality(85)\/cloudfront-us-east-1.images.arcpublishing.com\/infobae\/HKR5PWMUW5HRLAQSTUYRM4R3YU.jpg 1200w\" type=\"image\/jpg\" \/><source srcset=\"https:\/\/www.infobae.com\/new-resizer\/0yZJHO-Rj0zkDdb7RzT6lR8SN-c=\/768x432\/filters:format(jpg):quality(85)\/cloudfront-us-east-1.images.arcpublishing.com\/infobae\/HKR5PWMUW5HRLAQSTUYRM4R3YU.jpg 992w\" type=\"image\/jpg\" \/><source srcset=\"https:\/\/www.infobae.com\/new-resizer\/0yZJHO-Rj0zkDdb7RzT6lR8SN-c=\/768x432\/filters:format(jpg):quality(85)\/cloudfront-us-east-1.images.arcpublishing.com\/infobae\/HKR5PWMUW5HRLAQSTUYRM4R3YU.jpg 768w\" type=\"image\/jpg\" \/><source srcset=\"https:\/\/www.infobae.com\/new-resizer\/5hkImyB5hCj99dwh52TcV5UoYFU=\/420x236\/filters:format(jpg):quality(85)\/cloudfront-us-east-1.images.arcpublishing.com\/infobae\/HKR5PWMUW5HRLAQSTUYRM4R3YU.jpg 420w\" type=\"image\/jpg\" \/><img loading=\"lazy\" decoding=\"async\" src=\"https:\/\/www.infobae.com\/new-resizer\/5hkImyB5hCj99dwh52TcV5UoYFU=\/420x236\/filters:format(jpg):quality(85)\/\/cloudfront-us-east-1.images.arcpublishing.com\/infobae\/HKR5PWMUW5HRLAQSTUYRM4R3YU.jpg\" alt=\"infobae-image\" width=\"1920\" height=\"1080\" \/><\/picture>\n<p class=\"font_tertiary paragraph\">\u201cQuiero expresar mi satisfacci\u00f3n por esto porque pone a la Argentina en un lugar de tranquilidad, poder contar con la vacuna en tiempo oportuno y cantidad suficiente para cubrir la demanda en forma inmediata. Quiero hacer particular hincapi\u00e9 en el trabajo de AstraZeneca, que es de origen anglosueco que hace muchos a\u00f1os est\u00e1 en Argentina e hizo un acuerdo con Oxford para desarrollar esta vacuna\u201d, expres\u00f3.<\/p>\n<p class=\"font_tertiary paragraph\">Tambi\u00e9n advirti\u00f3 que el pa\u00eds acceder\u00e1 a la vacuna \u201ca precios mucho m\u00e1s que razonables\u201d y destac\u00f3 que \u201ceso es muy importante para Am\u00e9rica Latina porque todos los pa\u00edses podr\u00e1n acceder a ella\u201d.<\/p>\n<p class=\"font_tertiary paragraph\">\u201cEs una muy buena noticia de c\u00f3mo pueden trabajar el sector privado y el p\u00fablico. Es una gran noticia que M\u00e9xico y Argentina sean los puntos referenciales y podamos traer una soluci\u00f3n al continente y esperemos empezar el proceso productivo cuanto antes\u201d, complet\u00f3.<\/p>\n<figure style=\"width: 1789px\" class=\"wp-caption alignnone\"><img loading=\"lazy\" decoding=\"async\" src=\"https:\/\/www.infobae.com\/new-resizer\/e4n6z2IvPwFW2YNjho9tzB-afNI=\/420x236\/filters:format(jpg):quality(85)\/\/cloudfront-us-east-1.images.arcpublishing.com\/infobae\/W2L4R2BQUNBWLK5ESNO755DAZE.jpg\" alt=\"La vacuna es de la Universidad de Oxford (REUTERS)\" width=\"1789\" height=\"1006\" \/><figcaption class=\"wp-caption-text\">La vacuna es de la Universidad de Oxford (REUTERS)<\/figcaption><\/figure>\n<p>A su turno, el ministro de Salud, Gin\u00e9s Gonz\u00e1lez Garc\u00eda, mostr\u00f3 su alegr\u00eda por el anuncio y detall\u00f3: \u201cEl acceso a la vacuna asegurado es que el precio es razonable. Estamos orgullosos porque no es f\u00e1cil producir la materia prima de una vacuna de esta complejidad, entre que la vacuna termine su ciclo, que no est\u00e1 terminado, pero esta vacuna viene en la delantera en cuanto al momento de desarrollo cl\u00ednico. <b>Hay publicaciones que dicen que esta vacuna tiene una extraordinaria capacidad de inmunidad, 91% con una dosis y 100% con dos\u201d.<\/b><\/p>\n<p class=\"font_tertiary paragraph\">Sin embargo, advirti\u00f3: \u201cNo es ni la \u00fanica negociaci\u00f3n ni tal vez sea la \u00fanica alternativa,\u00a0<mark class=\"hl_yellow\"><b>se est\u00e1 haciendo una experiencia cl\u00ednica con otro proveedor de manera de asegurarnos cu\u00e1l es la m\u00e1s efectiva y cu\u00e1ndo podamos contar con esa\u201d.<\/b><\/mark><\/p>\n<p class=\"font_tertiary paragraph\">Del mismo modo, destac\u00f3 que \u201ctener la capacidad de producci\u00f3n local es una muy buena noticia porque da seguridad de acceso a la vacuna en tiempo y forma\u201d y adelant\u00f3 que \u201cantes de que terminen los estudios de fase experimental se va a empezar a producir\u201d pero que \u201csi la vacuna no fuera \u00fatil se pierde todo lo que se ha invertido en la producci\u00f3n\u201d.<\/p>\n<p class=\"font_tertiary paragraph\">Consultado sobre si habr\u00e1 prioridades o si ser\u00e1 obligatoria, el ministro afirm\u00f3:\u00a0<mark class=\"hl_yellow\"><b>\u201cHay prioridades, claramente van a ser los mayores, los trabajadores de salud y los que tengan alg\u00fan tipo de patolog\u00eda previa que los haga m\u00e1s vulnerables. Con ellos se comienza como todas las vacunaciones.\u00a0<\/b><\/mark>Como sucede con otras vacunas, el nivel de inmunidad va a ser determinado por la propia evoluci\u00f3n de la pandemia. No es que la va a eliminar pero va a tener un golpe muy fuerte\u201d.<\/p>\n<figure style=\"width: 1920px\" class=\"wp-caption alignnone\"><img loading=\"lazy\" decoding=\"async\" src=\"https:\/\/www.infobae.com\/new-resizer\/8JlMa4O4RG9HcxXFPaaxs5FqFcs=\/420x280\/filters:format(jpg):quality(85)\/\/cloudfront-us-east-1.images.arcpublishing.com\/infobae\/LSSZ5S3RZFDNPFEVNRTYUNXTPM.jpg\" alt=\"Alberto Fern\u00e1ndez (Franco Fafasuli)\" width=\"1920\" height=\"1281\" \/><figcaption class=\"wp-caption-text\">Alberto Fern\u00e1ndez (Franco Fafasuli)<\/figcaption><\/figure>\n<p>Sobre c\u00f3mo se gest\u00f3 que la producci\u00f3n se haga en al Argentina, Alberto Fern\u00e1ndez sostuvo: \u201cEs un emprendimiento privado con la Universidad de Oxford que cont\u00f3 con el apoyo financiero de la fundaci\u00f3n Slim y lo convirtieron en un proyecto sin fines de lucro. Hay que celebrar la conducta de la empresa y de la universidad. <mark class=\"hl_yellow\"><b>No est\u00e1n buscando beneficios econ\u00f3micos con la vacuna y la hace relativamente barata en comparaci\u00f3n con otros desarrollos\u201d.<\/b><\/mark><\/p>\n<p class=\"font_tertiary paragraph\">A pesar de esto, sostuvo: \u201cEs un gran alivio para el futuro, no es un alivio para el presente. El n\u00famero de contagios y fallecimientos crecen y eso depende de la conducta ciudadana porque todos vemos que pr\u00e1cticamente la actividad se ha liberado en gran medida. Que me sigan hablando de cuarentena me asombra, la gente sale, algunos respetan la distancia social, la actividad comercial en AMBA es muy amplia, hay una dosis de responsabilidad social muy grande para frenar los contagios y los fallecimientos,\u00a0<b>y llamo a la reflexi\u00f3n de la sociedad, tengamos claro que el riesgo est\u00e1, el virus no se fue, el problema no fue superado y tenemos que poner nuestra cuota de responsabilidad\u201d.<\/b><\/p>\n<p class=\"font_tertiary paragraph\">\u201cTenemos que evitar las reuniones sociales, la gente se relaja y los contagios prosperan. <mark class=\"hl_yellow\"><b>Vamos a acceder a la vacuna entre 6 y 12 meses antes de que lo har\u00edamos si no tuvi\u00e9ramos un acuerdo. En el presente no nos cambia nada\u201d<\/b><\/mark>, sentenci\u00f3.<\/p>\n<p class=\"font_tertiary paragraph\">Sobre por qu\u00e9 se eligi\u00f3 Argentina, el Presidente respondi\u00f3: \u201cPor el desarrollo tecnol\u00f3gico de la empresa que les permite transmitir la tecnolog\u00eda sin cambiar cosas. Encontraron en Argentina un laboratorio con capacidad y aptitud para llevar adelante esta producci\u00f3n. Esperan poder llevar adelante una producci\u00f3n con un piso de 150 millones de dosis y un techo de 250 millones. Am\u00e9rica Latina va a necesitar alrededor de 280 millones de dosis, sin contar a Brasil, que tiene un acuerdo con otro desarrollo\u201d. (<em>Fuente: Infobae)<\/em><\/p>\n","protected":false},"excerpt":{"rendered":"<p>El Presidente explic\u00f3 que se fabricar\u00e1n en el pa\u00eds entre 150 y 250 millones de dosis para ser distribuidas en toda Am\u00e9rica Latina con excepci\u00f3n de Brasil. Ser\u00e1 producida en conjunto con M\u00e9xico y valdr\u00e1 entre 3 y 4 d\u00f3lares<\/p>\n","protected":false},"author":2,"featured_media":47451,"comment_status":"open","ping_status":"open","sticky":false,"template":"","format":"standard","meta":{"fifu_image_url":"","fifu_image_alt":"","footnotes":""},"categories":[16],"tags":[1311,1481,1566],"class_list":{"0":"post-47449","1":"post","2":"type-post","3":"status-publish","4":"format-standard","5":"has-post-thumbnail","7":"category-politi","8":"tag-alberto-fernandez","9":"tag-covid-19","10":"tag-vacuna"},"yoast_head":"<title>Alberto Fern\u00e1ndez anunci\u00f3 que la vacuna de Oxford contra el coronavirus producida por la Argentina estar\u00e1 lista el primer semestre del 2021 - Informe Litoral<\/title>\n<meta name=\"robots\" content=\"index, follow, max-snippet:-1, max-image-preview:large, max-video-preview:-1\" \/>\n<link rel=\"canonical\" href=\"https:\/\/informelitoral.com.ar\/alberto-fernandez-anuncio-que-la-vacuna-de-oxford-contra-el-coronavirus-producida-por-la-argentina-estara-lista-el-primer-semestre-del-2021\/\" \/>\n<meta property=\"og:locale\" content=\"es_ES\" \/>\n<meta property=\"og:type\" content=\"article\" \/>\n<meta property=\"og:title\" content=\"Alberto Fern\u00e1ndez anunci\u00f3 que la vacuna de Oxford contra el coronavirus producida por la Argentina estar\u00e1 lista el primer semestre del 2021 - Informe Litoral\" \/>\n<meta property=\"og:description\" content=\"El Presidente explic\u00f3 que se fabricar\u00e1n en el pa\u00eds entre 150 y 250 millones de dosis para ser distribuidas en toda Am\u00e9rica Latina con excepci\u00f3n de Brasil. Ser\u00e1 producida en conjunto con M\u00e9xico y valdr\u00e1 entre 3 y 4 d\u00f3lares\" \/>\n<meta property=\"og:url\" content=\"https:\/\/informelitoral.com.ar\/alberto-fernandez-anuncio-que-la-vacuna-de-oxford-contra-el-coronavirus-producida-por-la-argentina-estara-lista-el-primer-semestre-del-2021\/\" \/>\n<meta property=\"og:site_name\" content=\"Informe Litoral\" \/>\n<meta property=\"article:publisher\" content=\"https:\/\/www.facebook.com\/informelitoral\/\" \/>\n<meta property=\"article:published_time\" content=\"2020-08-12T22:55:42+00:00\" \/>\n<meta property=\"og:image\" content=\"https:\/\/informelitoral.com.ar\/%77%70%2d%63%6f%6e%74%65%6e%74\/uploads\/2020\/08\/0037947841.jpg\" \/>\n\t<meta property=\"og:image:width\" content=\"1140\" \/>\n\t<meta property=\"og:image:height\" content=\"640\" \/>\n\t<meta property=\"og:image:type\" content=\"image\/jpeg\" \/>\n<meta name=\"author\" content=\"Gonzalo Schmidt\" \/>\n<meta name=\"twitter:card\" content=\"summary_large_image\" \/>\n<meta name=\"twitter:creator\" content=\"@InformeLitoral\" \/>\n<meta name=\"twitter:site\" content=\"@InformeLitoral\" \/>\n<meta name=\"twitter:label1\" content=\"Escrito por\" \/>\n\t<meta name=\"twitter:data1\" content=\"Gonzalo Schmidt\" \/>\n\t<meta name=\"twitter:label2\" content=\"Tiempo de lectura\" \/>\n\t<meta name=\"twitter:data2\" content=\"5 minutos\" \/>\n<script type=\"application\/ld+json\" class=\"yoast-schema-graph\">{\"@context\":\"https:\\\/\\\/schema.org\",\"@graph\":[{\"@type\":\"Article\",\"@id\":\"https:\\\/\\\/informelitoral.com.ar\\\/alberto-fernandez-anuncio-que-la-vacuna-de-oxford-contra-el-coronavirus-producida-por-la-argentina-estara-lista-el-primer-semestre-del-2021\\\/#article\",\"isPartOf\":{\"@id\":\"https:\\\/\\\/informelitoral.com.ar\\\/alberto-fernandez-anuncio-que-la-vacuna-de-oxford-contra-el-coronavirus-producida-por-la-argentina-estara-lista-el-primer-semestre-del-2021\\\/\"},\"author\":{\"name\":\"Gonzalo Schmidt\",\"@id\":\"https:\\\/\\\/informelitoral.com.ar\\\/#\\\/schema\\\/person\\\/b9d00407c836482871ef1d57bf8e3180\"},\"headline\":\"Alberto Fern\u00e1ndez anunci\u00f3 que la vacuna de Oxford contra el coronavirus producida por la Argentina estar\u00e1 lista el primer semestre del 2021\",\"datePublished\":\"2020-08-12T22:55:42+00:00\",\"mainEntityOfPage\":{\"@id\":\"https:\\\/\\\/informelitoral.com.ar\\\/alberto-fernandez-anuncio-que-la-vacuna-de-oxford-contra-el-coronavirus-producida-por-la-argentina-estara-lista-el-primer-semestre-del-2021\\\/\"},\"wordCount\":1012,\"commentCount\":0,\"publisher\":{\"@id\":\"https:\\\/\\\/informelitoral.com.ar\\\/#organization\"},\"image\":{\"@id\":\"https:\\\/\\\/informelitoral.com.ar\\\/alberto-fernandez-anuncio-que-la-vacuna-de-oxford-contra-el-coronavirus-producida-por-la-argentina-estara-lista-el-primer-semestre-del-2021\\\/#primaryimage\"},\"thumbnailUrl\":\"https:\\\/\\\/informelitoral.com.ar\\\/%77%70%2d%63%6f%6e%74%65%6e%74\\\/uploads\\\/2020\\\/08\\\/0037947841.jpg\",\"keywords\":[\"Alberto Fern\u00e1ndez\",\"COVID-19\",\"vacuna\"],\"articleSection\":[\"Politica\"],\"inLanguage\":\"es\",\"potentialAction\":[{\"@type\":\"CommentAction\",\"name\":\"Comment\",\"target\":[\"https:\\\/\\\/informelitoral.com.ar\\\/alberto-fernandez-anuncio-que-la-vacuna-de-oxford-contra-el-coronavirus-producida-por-la-argentina-estara-lista-el-primer-semestre-del-2021\\\/#respond\"]}]},{\"@type\":\"WebPage\",\"@id\":\"https:\\\/\\\/informelitoral.com.ar\\\/alberto-fernandez-anuncio-que-la-vacuna-de-oxford-contra-el-coronavirus-producida-por-la-argentina-estara-lista-el-primer-semestre-del-2021\\\/\",\"url\":\"https:\\\/\\\/informelitoral.com.ar\\\/alberto-fernandez-anuncio-que-la-vacuna-de-oxford-contra-el-coronavirus-producida-por-la-argentina-estara-lista-el-primer-semestre-del-2021\\\/\",\"name\":\"Alberto Fern\u00e1ndez anunci\u00f3 que la vacuna de Oxford contra el coronavirus producida por la Argentina estar\u00e1 lista el primer semestre del 2021 - Informe Litoral\",\"isPartOf\":{\"@id\":\"https:\\\/\\\/informelitoral.com.ar\\\/#website\"},\"primaryImageOfPage\":{\"@id\":\"https:\\\/\\\/informelitoral.com.ar\\\/alberto-fernandez-anuncio-que-la-vacuna-de-oxford-contra-el-coronavirus-producida-por-la-argentina-estara-lista-el-primer-semestre-del-2021\\\/#primaryimage\"},\"image\":{\"@id\":\"https:\\\/\\\/informelitoral.com.ar\\\/alberto-fernandez-anuncio-que-la-vacuna-de-oxford-contra-el-coronavirus-producida-por-la-argentina-estara-lista-el-primer-semestre-del-2021\\\/#primaryimage\"},\"thumbnailUrl\":\"https:\\\/\\\/informelitoral.com.ar\\\/%77%70%2d%63%6f%6e%74%65%6e%74\\\/uploads\\\/2020\\\/08\\\/0037947841.jpg\",\"datePublished\":\"2020-08-12T22:55:42+00:00\",\"breadcrumb\":{\"@id\":\"https:\\\/\\\/informelitoral.com.ar\\\/alberto-fernandez-anuncio-que-la-vacuna-de-oxford-contra-el-coronavirus-producida-por-la-argentina-estara-lista-el-primer-semestre-del-2021\\\/#breadcrumb\"},\"inLanguage\":\"es\",\"potentialAction\":[{\"@type\":\"ReadAction\",\"target\":[\"https:\\\/\\\/informelitoral.com.ar\\\/alberto-fernandez-anuncio-que-la-vacuna-de-oxford-contra-el-coronavirus-producida-por-la-argentina-estara-lista-el-primer-semestre-del-2021\\\/\"]}]},{\"@type\":\"ImageObject\",\"inLanguage\":\"es\",\"@id\":\"https:\\\/\\\/informelitoral.com.ar\\\/alberto-fernandez-anuncio-que-la-vacuna-de-oxford-contra-el-coronavirus-producida-por-la-argentina-estara-lista-el-primer-semestre-del-2021\\\/#primaryimage\",\"url\":\"https:\\\/\\\/informelitoral.com.ar\\\/%77%70%2d%63%6f%6e%74%65%6e%74\\\/uploads\\\/2020\\\/08\\\/0037947841.jpg\",\"contentUrl\":\"https:\\\/\\\/informelitoral.com.ar\\\/%77%70%2d%63%6f%6e%74%65%6e%74\\\/uploads\\\/2020\\\/08\\\/0037947841.jpg\",\"width\":1140,\"height\":640},{\"@type\":\"BreadcrumbList\",\"@id\":\"https:\\\/\\\/informelitoral.com.ar\\\/alberto-fernandez-anuncio-que-la-vacuna-de-oxford-contra-el-coronavirus-producida-por-la-argentina-estara-lista-el-primer-semestre-del-2021\\\/#breadcrumb\",\"itemListElement\":[{\"@type\":\"ListItem\",\"position\":1,\"name\":\"Portada\",\"item\":\"https:\\\/\\\/informelitoral.com.ar\\\/\"},{\"@type\":\"ListItem\",\"position\":2,\"name\":\"Alberto Fern\u00e1ndez anunci\u00f3 que la vacuna de Oxford contra el coronavirus producida por la Argentina estar\u00e1 lista el primer semestre del 2021\"}]},{\"@type\":\"WebSite\",\"@id\":\"https:\\\/\\\/informelitoral.com.ar\\\/#website\",\"url\":\"https:\\\/\\\/informelitoral.com.ar\\\/\",\"name\":\"Informe Litoral\",\"description\":\"&quot;Nos informamos&quot; \",\"publisher\":{\"@id\":\"https:\\\/\\\/informelitoral.com.ar\\\/#organization\"},\"potentialAction\":[{\"@type\":\"SearchAction\",\"target\":{\"@type\":\"EntryPoint\",\"urlTemplate\":\"https:\\\/\\\/informelitoral.com.ar\\\/?s={search_term_string}\"},\"query-input\":{\"@type\":\"PropertyValueSpecification\",\"valueRequired\":true,\"valueName\":\"search_term_string\"}}],\"inLanguage\":\"es\"},{\"@type\":\"Organization\",\"@id\":\"https:\\\/\\\/informelitoral.com.ar\\\/#organization\",\"name\":\"Informe Litoral\",\"url\":\"https:\\\/\\\/informelitoral.com.ar\\\/\",\"logo\":{\"@type\":\"ImageObject\",\"inLanguage\":\"es\",\"@id\":\"https:\\\/\\\/informelitoral.com.ar\\\/#\\\/schema\\\/logo\\\/image\\\/\",\"url\":\"https:\\\/\\\/informelitoral.com.ar\\\/%77%70%2d%63%6f%6e%74%65%6e%74\\\/uploads\\\/2021\\\/01\\\/circulo.png\",\"contentUrl\":\"https:\\\/\\\/informelitoral.com.ar\\\/%77%70%2d%63%6f%6e%74%65%6e%74\\\/uploads\\\/2021\\\/01\\\/circulo.png\",\"width\":723,\"height\":731,\"caption\":\"Informe Litoral\"},\"image\":{\"@id\":\"https:\\\/\\\/informelitoral.com.ar\\\/#\\\/schema\\\/logo\\\/image\\\/\"},\"sameAs\":[\"https:\\\/\\\/www.facebook.com\\\/informelitoral\\\/\",\"https:\\\/\\\/x.com\\\/InformeLitoral\",\"https:\\\/\\\/www.instagram.com\\\/informelitoral\\\/\",\"https:\\\/\\\/www.youtube.com\\\/channel\\\/UCua4Qvz8Icb6MYqhoq9xLXw\"]},{\"@type\":\"Person\",\"@id\":\"https:\\\/\\\/informelitoral.com.ar\\\/#\\\/schema\\\/person\\\/b9d00407c836482871ef1d57bf8e3180\",\"name\":\"Gonzalo Schmidt\",\"image\":{\"@type\":\"ImageObject\",\"inLanguage\":\"es\",\"@id\":\"https:\\\/\\\/secure.gravatar.com\\\/avatar\\\/31a1a7b66ff2de83bd0e9fd79d026630d2d99e55e8bfe501287647b4fd9743de?s=96&d=mm&r=g\",\"url\":\"https:\\\/\\\/secure.gravatar.com\\\/avatar\\\/31a1a7b66ff2de83bd0e9fd79d026630d2d99e55e8bfe501287647b4fd9743de?s=96&d=mm&r=g\",\"contentUrl\":\"https:\\\/\\\/secure.gravatar.com\\\/avatar\\\/31a1a7b66ff2de83bd0e9fd79d026630d2d99e55e8bfe501287647b4fd9743de?s=96&d=mm&r=g\",\"caption\":\"Gonzalo Schmidt\"},\"description\":\"Sitio web de noticias de la provincia de Entre R\u00edos, Argentina. Informaci\u00f3n y entretenimiento. Informe Litoral, nos informamos.\",\"sameAs\":[\"http:\\\/\\\/www.isletasnoticias.com.ar\"],\"url\":\"https:\\\/\\\/informelitoral.com.ar\\\/author\\\/gonzalo\\\/\"}]}<\/script>","yoast_head_json":{"title":"Alberto Fern\u00e1ndez anunci\u00f3 que la vacuna de Oxford contra el coronavirus producida por la Argentina estar\u00e1 lista el primer semestre del 2021 - Informe Litoral","robots":{"index":"index","follow":"follow","max-snippet":"max-snippet:-1","max-image-preview":"max-image-preview:large","max-video-preview":"max-video-preview:-1"},"canonical":"https:\/\/informelitoral.com.ar\/alberto-fernandez-anuncio-que-la-vacuna-de-oxford-contra-el-coronavirus-producida-por-la-argentina-estara-lista-el-primer-semestre-del-2021\/","og_locale":"es_ES","og_type":"article","og_title":"Alberto Fern\u00e1ndez anunci\u00f3 que la vacuna de Oxford contra el coronavirus producida por la Argentina estar\u00e1 lista el primer semestre del 2021 - Informe Litoral","og_description":"El Presidente explic\u00f3 que se fabricar\u00e1n en el pa\u00eds entre 150 y 250 millones de dosis para ser distribuidas en toda Am\u00e9rica Latina con excepci\u00f3n de Brasil. Ser\u00e1 producida en conjunto con M\u00e9xico y valdr\u00e1 entre 3 y 4 d\u00f3lares","og_url":"https:\/\/informelitoral.com.ar\/alberto-fernandez-anuncio-que-la-vacuna-de-oxford-contra-el-coronavirus-producida-por-la-argentina-estara-lista-el-primer-semestre-del-2021\/","og_site_name":"Informe Litoral","article_publisher":"https:\/\/www.facebook.com\/informelitoral\/","article_published_time":"2020-08-12T22:55:42+00:00","og_image":[{"width":1140,"height":640,"url":"https:\/\/informelitoral.com.ar\/%77%70%2d%63%6f%6e%74%65%6e%74\/uploads\/2020\/08\/0037947841.jpg","type":"image\/jpeg"}],"author":"Gonzalo Schmidt","twitter_card":"summary_large_image","twitter_creator":"@InformeLitoral","twitter_site":"@InformeLitoral","twitter_misc":{"Escrito por":"Gonzalo Schmidt","Tiempo de lectura":"5 minutos"},"schema":{"@context":"https:\/\/schema.org","@graph":[{"@type":"Article","@id":"https:\/\/informelitoral.com.ar\/alberto-fernandez-anuncio-que-la-vacuna-de-oxford-contra-el-coronavirus-producida-por-la-argentina-estara-lista-el-primer-semestre-del-2021\/#article","isPartOf":{"@id":"https:\/\/informelitoral.com.ar\/alberto-fernandez-anuncio-que-la-vacuna-de-oxford-contra-el-coronavirus-producida-por-la-argentina-estara-lista-el-primer-semestre-del-2021\/"},"author":{"name":"Gonzalo Schmidt","@id":"https:\/\/informelitoral.com.ar\/#\/schema\/person\/b9d00407c836482871ef1d57bf8e3180"},"headline":"Alberto Fern\u00e1ndez anunci\u00f3 que la vacuna de Oxford contra el coronavirus producida por la Argentina estar\u00e1 lista el primer semestre del 2021","datePublished":"2020-08-12T22:55:42+00:00","mainEntityOfPage":{"@id":"https:\/\/informelitoral.com.ar\/alberto-fernandez-anuncio-que-la-vacuna-de-oxford-contra-el-coronavirus-producida-por-la-argentina-estara-lista-el-primer-semestre-del-2021\/"},"wordCount":1012,"commentCount":0,"publisher":{"@id":"https:\/\/informelitoral.com.ar\/#organization"},"image":{"@id":"https:\/\/informelitoral.com.ar\/alberto-fernandez-anuncio-que-la-vacuna-de-oxford-contra-el-coronavirus-producida-por-la-argentina-estara-lista-el-primer-semestre-del-2021\/#primaryimage"},"thumbnailUrl":"https:\/\/informelitoral.com.ar\/%77%70%2d%63%6f%6e%74%65%6e%74\/uploads\/2020\/08\/0037947841.jpg","keywords":["Alberto Fern\u00e1ndez","COVID-19","vacuna"],"articleSection":["Politica"],"inLanguage":"es","potentialAction":[{"@type":"CommentAction","name":"Comment","target":["https:\/\/informelitoral.com.ar\/alberto-fernandez-anuncio-que-la-vacuna-de-oxford-contra-el-coronavirus-producida-por-la-argentina-estara-lista-el-primer-semestre-del-2021\/#respond"]}]},{"@type":"WebPage","@id":"https:\/\/informelitoral.com.ar\/alberto-fernandez-anuncio-que-la-vacuna-de-oxford-contra-el-coronavirus-producida-por-la-argentina-estara-lista-el-primer-semestre-del-2021\/","url":"https:\/\/informelitoral.com.ar\/alberto-fernandez-anuncio-que-la-vacuna-de-oxford-contra-el-coronavirus-producida-por-la-argentina-estara-lista-el-primer-semestre-del-2021\/","name":"Alberto Fern\u00e1ndez anunci\u00f3 que la vacuna de Oxford contra el coronavirus producida por la Argentina estar\u00e1 lista el primer semestre del 2021 - Informe Litoral","isPartOf":{"@id":"https:\/\/informelitoral.com.ar\/#website"},"primaryImageOfPage":{"@id":"https:\/\/informelitoral.com.ar\/alberto-fernandez-anuncio-que-la-vacuna-de-oxford-contra-el-coronavirus-producida-por-la-argentina-estara-lista-el-primer-semestre-del-2021\/#primaryimage"},"image":{"@id":"https:\/\/informelitoral.com.ar\/alberto-fernandez-anuncio-que-la-vacuna-de-oxford-contra-el-coronavirus-producida-por-la-argentina-estara-lista-el-primer-semestre-del-2021\/#primaryimage"},"thumbnailUrl":"https:\/\/informelitoral.com.ar\/%77%70%2d%63%6f%6e%74%65%6e%74\/uploads\/2020\/08\/0037947841.jpg","datePublished":"2020-08-12T22:55:42+00:00","breadcrumb":{"@id":"https:\/\/informelitoral.com.ar\/alberto-fernandez-anuncio-que-la-vacuna-de-oxford-contra-el-coronavirus-producida-por-la-argentina-estara-lista-el-primer-semestre-del-2021\/#breadcrumb"},"inLanguage":"es","potentialAction":[{"@type":"ReadAction","target":["https:\/\/informelitoral.com.ar\/alberto-fernandez-anuncio-que-la-vacuna-de-oxford-contra-el-coronavirus-producida-por-la-argentina-estara-lista-el-primer-semestre-del-2021\/"]}]},{"@type":"ImageObject","inLanguage":"es","@id":"https:\/\/informelitoral.com.ar\/alberto-fernandez-anuncio-que-la-vacuna-de-oxford-contra-el-coronavirus-producida-por-la-argentina-estara-lista-el-primer-semestre-del-2021\/#primaryimage","url":"https:\/\/informelitoral.com.ar\/%77%70%2d%63%6f%6e%74%65%6e%74\/uploads\/2020\/08\/0037947841.jpg","contentUrl":"https:\/\/informelitoral.com.ar\/%77%70%2d%63%6f%6e%74%65%6e%74\/uploads\/2020\/08\/0037947841.jpg","width":1140,"height":640},{"@type":"BreadcrumbList","@id":"https:\/\/informelitoral.com.ar\/alberto-fernandez-anuncio-que-la-vacuna-de-oxford-contra-el-coronavirus-producida-por-la-argentina-estara-lista-el-primer-semestre-del-2021\/#breadcrumb","itemListElement":[{"@type":"ListItem","position":1,"name":"Portada","item":"https:\/\/informelitoral.com.ar\/"},{"@type":"ListItem","position":2,"name":"Alberto Fern\u00e1ndez anunci\u00f3 que la vacuna de Oxford contra el coronavirus producida por la Argentina estar\u00e1 lista el primer semestre del 2021"}]},{"@type":"WebSite","@id":"https:\/\/informelitoral.com.ar\/#website","url":"https:\/\/informelitoral.com.ar\/","name":"Informe Litoral","description":"&quot;Nos informamos&quot; ","publisher":{"@id":"https:\/\/informelitoral.com.ar\/#organization"},"potentialAction":[{"@type":"SearchAction","target":{"@type":"EntryPoint","urlTemplate":"https:\/\/informelitoral.com.ar\/?s={search_term_string}"},"query-input":{"@type":"PropertyValueSpecification","valueRequired":true,"valueName":"search_term_string"}}],"inLanguage":"es"},{"@type":"Organization","@id":"https:\/\/informelitoral.com.ar\/#organization","name":"Informe Litoral","url":"https:\/\/informelitoral.com.ar\/","logo":{"@type":"ImageObject","inLanguage":"es","@id":"https:\/\/informelitoral.com.ar\/#\/schema\/logo\/image\/","url":"https:\/\/informelitoral.com.ar\/%77%70%2d%63%6f%6e%74%65%6e%74\/uploads\/2021\/01\/circulo.png","contentUrl":"https:\/\/informelitoral.com.ar\/%77%70%2d%63%6f%6e%74%65%6e%74\/uploads\/2021\/01\/circulo.png","width":723,"height":731,"caption":"Informe Litoral"},"image":{"@id":"https:\/\/informelitoral.com.ar\/#\/schema\/logo\/image\/"},"sameAs":["https:\/\/www.facebook.com\/informelitoral\/","https:\/\/x.com\/InformeLitoral","https:\/\/www.instagram.com\/informelitoral\/","https:\/\/www.youtube.com\/channel\/UCua4Qvz8Icb6MYqhoq9xLXw"]},{"@type":"Person","@id":"https:\/\/informelitoral.com.ar\/#\/schema\/person\/b9d00407c836482871ef1d57bf8e3180","name":"Gonzalo Schmidt","image":{"@type":"ImageObject","inLanguage":"es","@id":"https:\/\/secure.gravatar.com\/avatar\/31a1a7b66ff2de83bd0e9fd79d026630d2d99e55e8bfe501287647b4fd9743de?s=96&d=mm&r=g","url":"https:\/\/secure.gravatar.com\/avatar\/31a1a7b66ff2de83bd0e9fd79d026630d2d99e55e8bfe501287647b4fd9743de?s=96&d=mm&r=g","contentUrl":"https:\/\/secure.gravatar.com\/avatar\/31a1a7b66ff2de83bd0e9fd79d026630d2d99e55e8bfe501287647b4fd9743de?s=96&d=mm&r=g","caption":"Gonzalo Schmidt"},"description":"Sitio web de noticias de la provincia de Entre R\u00edos, Argentina. Informaci\u00f3n y entretenimiento. Informe Litoral, nos informamos.","sameAs":["http:\/\/www.isletasnoticias.com.ar"],"url":"https:\/\/informelitoral.com.ar\/author\/gonzalo\/"}]}},"_links":{"self":[{"href":"https:\/\/informelitoral.com.ar\/%77%70%2d%6a%73%6f%6e\/wp\/v2\/posts\/47449","targetHints":{"allow":["GET"]}}],"collection":[{"href":"https:\/\/informelitoral.com.ar\/%77%70%2d%6a%73%6f%6e\/wp\/v2\/posts"}],"about":[{"href":"https:\/\/informelitoral.com.ar\/%77%70%2d%6a%73%6f%6e\/wp\/v2\/types\/post"}],"author":[{"embeddable":true,"href":"https:\/\/informelitoral.com.ar\/%77%70%2d%6a%73%6f%6e\/wp\/v2\/users\/2"}],"replies":[{"embeddable":true,"href":"https:\/\/informelitoral.com.ar\/%77%70%2d%6a%73%6f%6e\/wp\/v2\/comments?post=47449"}],"version-history":[{"count":0,"href":"https:\/\/informelitoral.com.ar\/%77%70%2d%6a%73%6f%6e\/wp\/v2\/posts\/47449\/revisions"}],"wp:featuredmedia":[{"embeddable":true,"href":"https:\/\/informelitoral.com.ar\/%77%70%2d%6a%73%6f%6e\/wp\/v2\/media\/47451"}],"wp:attachment":[{"href":"https:\/\/informelitoral.com.ar\/%77%70%2d%6a%73%6f%6e\/wp\/v2\/media?parent=47449"}],"wp:term":[{"taxonomy":"category","embeddable":true,"href":"https:\/\/informelitoral.com.ar\/%77%70%2d%6a%73%6f%6e\/wp\/v2\/categories?post=47449"},{"taxonomy":"post_tag","embeddable":true,"href":"https:\/\/informelitoral.com.ar\/%77%70%2d%6a%73%6f%6e\/wp\/v2\/tags?post=47449"}],"curies":[{"name":"wp","href":"https:\/\/api.w.org\/{rel}","templated":true}]}}