{"id":47413,"date":"2020-08-12T07:01:50","date_gmt":"2020-08-12T10:01:50","guid":{"rendered":"https:\/\/www.isletasnoticias.com.ar\/?p=47413"},"modified":"2020-08-12T07:01:50","modified_gmt":"2020-08-12T10:01:50","slug":"la-economia-mostro-en-junio-y-julio-signos-de-recuperacion","status":"publish","type":"post","link":"https:\/\/informelitoral.com.ar\/la-economia-mostro-en-junio-y-julio-signos-de-recuperacion\/","title":{"rendered":"La econom\u00eda mostr\u00f3 en junio y julio signos de recuperaci\u00f3n"},"content":{"rendered":"<p>La\u00a0<strong>actividad industrial<\/strong>\u00a0pas\u00f3\u00a0de caer un 26,2% interanual en mayo a un 6,6% en junio, cuando la estimaci\u00f3n del Centro de Estudios para la Producci\u00f3n (CEP) en base al consumo de energ\u00eda suger\u00eda una baja del 14% para ese mismo mes.<\/p>\n<p>La\u00a0<strong>producci\u00f3n automotriz<\/strong>, que hab\u00eda ca\u00eddo al 34% interanual en junio, se ubic\u00f3 pr\u00e1cticamente en\u00a0niveles prepandemia en julio (-1,5% interanual).<\/p>\n<p>El\u00a0<strong>\u00cdndice Construya<\/strong>\u00a0experiment\u00f3 un\u00a0alza interanual del 13,6% en julio y se ubic\u00f3 en el mayor nivel desde abril de 2018.<\/p>\n<p>El\u00a0<strong>consumo de energ\u00eda en la industria<\/strong>\u00a0(proporcionado por CAMMESA), tras estancarse en la primera quincena de julio, repunt\u00f3 nuevamente a partir del 20.\u00a0En las \u00faltimas dos semanas, habr\u00eda vuelto a los niveles prepandemia\u00a0(incluso con una expansi\u00f3n del 2,5% interanual).<\/p>\n<p>Las industrias esenciales tambi\u00e9n tuvieron un junio activo. En el caso de la\u00a0<strong>industria alimenticia<\/strong> (que explica alrededor del 30% del PIB industrial), la\u00a0producci\u00f3n se elev\u00f3 4,8%\u00a0seg\u00fan el Instituto Nacional de Estad\u00edsticas y Censos (Indec), debido a una combinatoria de factores tanto externos como internos.<\/p>\n<p><span style=\"text-align: center;\">Las <\/span><strong style=\"text-align: center;\">ventas con Ahora12<\/strong><span style=\"text-align: center;\">\u00a0mostraron un\u00a0crecimiento en julio respecto de junio (+8,7% a precios corrientes y +5,6% a precios constantes) y se ubicaron en niveles similares a los de la prepandemia. Durante el\u00a0<\/span><strong style=\"text-align: center;\">Hot Sale<\/strong><span style=\"text-align: center;\">, las\u00a0ventas con Ahora12 se triplicaron con respecto a las de un d\u00eda normal, con un impacto particular en el AMBA donde la actividad comercial ven\u00eda m\u00e1s rezagada que en el resto del pa\u00eds.<\/span><\/p>\n<p>El\u00a0<strong>agro<\/strong>, con buenas perspectivas a pesar de que la \u00faltima campa\u00f1a no lleg\u00f3 a superar el r\u00e9cord del a\u00f1o anterior, est\u00e1 traccionando a sus proveedores. La\u00a0fabricaci\u00f3n de maquinaria agr\u00edcola se expandi\u00f3 28,4% interanual en junio, lo cual a su vez impact\u00f3 en la industria metal\u00fargica.<\/p>\n<p>Se est\u00e1 observando una importante demanda en bienes durables ligados al hogar, producto de que las personas pasan m\u00e1s tiempo dentro de sus casas.<\/p>\n<p>Estos repuntes en durables se explican tambi\u00e9n porque el precio de estos bienes medidos al d\u00f3lar oficial (y, particularmente, al d\u00f3lar MEP) se contrajo sensiblemente, incentivando la demanda de quienes disponen de ahorros en divisas.<\/p>\n","protected":false},"excerpt":{"rendered":"<p>El Gobierno difundi\u00f3 un comunicado con indicadores que dan cuenta de una mejora en los n\u00fameros de la industria, la construcci\u00f3n, la energ\u00eda el\u00e9ctrica, los alimentos, la maquinaria agr\u00edcola y el consumo en cuotas.<\/p>\n","protected":false},"author":2,"featured_media":31833,"comment_status":"open","ping_status":"open","sticky":false,"template":"","format":"standard","meta":{"fifu_image_url":"","fifu_image_alt":"","footnotes":""},"categories":[1594,7],"tags":[753,120],"class_list":{"0":"post-47413","1":"post","2":"type-post","3":"status-publish","4":"format-standard","5":"has-post-thumbnail","7":"category-economia","8":"category-nacionales","9":"tag-actividad-economica","10":"tag-produccion"},"yoast_head":"<title>La econom\u00eda mostr\u00f3 en junio y julio signos de recuperaci\u00f3n - Informe Litoral<\/title>\n<meta name=\"robots\" content=\"index, follow, max-snippet:-1, max-image-preview:large, max-video-preview:-1\" \/>\n<link rel=\"canonical\" href=\"https:\/\/informelitoral.com.ar\/la-economia-mostro-en-junio-y-julio-signos-de-recuperacion\/\" \/>\n<meta property=\"og:locale\" content=\"es_ES\" \/>\n<meta property=\"og:type\" content=\"article\" \/>\n<meta property=\"og:title\" content=\"La econom\u00eda mostr\u00f3 en junio y julio signos de recuperaci\u00f3n - Informe Litoral\" \/>\n<meta property=\"og:description\" content=\"El Gobierno difundi\u00f3 un comunicado con indicadores que dan cuenta de una mejora en los n\u00fameros de la industria, la construcci\u00f3n, la energ\u00eda el\u00e9ctrica, los alimentos, la maquinaria agr\u00edcola y el consumo en cuotas.\" \/>\n<meta property=\"og:url\" content=\"https:\/\/informelitoral.com.ar\/la-economia-mostro-en-junio-y-julio-signos-de-recuperacion\/\" \/>\n<meta property=\"og:site_name\" content=\"Informe Litoral\" \/>\n<meta property=\"article:publisher\" content=\"https:\/\/www.facebook.com\/informelitoral\/\" \/>\n<meta property=\"article:published_time\" content=\"2020-08-12T10:01:50+00:00\" \/>\n<meta property=\"og:image\" content=\"https:\/\/informelitoral.com.ar\/%77%70%2d%63%6f%6e%74%65%6e%74\/uploads\/2019\/02\/industria.jpg\" \/>\n\t<meta property=\"og:image:width\" content=\"960\" \/>\n\t<meta property=\"og:image:height\" content=\"426\" \/>\n\t<meta property=\"og:image:type\" content=\"image\/jpeg\" \/>\n<meta name=\"author\" content=\"Gonzalo Schmidt\" \/>\n<meta name=\"twitter:card\" content=\"summary_large_image\" \/>\n<meta name=\"twitter:creator\" content=\"@InformeLitoral\" \/>\n<meta name=\"twitter:site\" content=\"@InformeLitoral\" \/>\n<meta name=\"twitter:label1\" content=\"Escrito por\" \/>\n\t<meta name=\"twitter:data1\" content=\"Gonzalo Schmidt\" \/>\n\t<meta name=\"twitter:label2\" content=\"Tiempo de lectura\" \/>\n\t<meta name=\"twitter:data2\" content=\"2 minutos\" \/>\n<script type=\"application\/ld+json\" class=\"yoast-schema-graph\">{\"@context\":\"https:\\\/\\\/schema.org\",\"@graph\":[{\"@type\":\"Article\",\"@id\":\"https:\\\/\\\/informelitoral.com.ar\\\/la-economia-mostro-en-junio-y-julio-signos-de-recuperacion\\\/#article\",\"isPartOf\":{\"@id\":\"https:\\\/\\\/informelitoral.com.ar\\\/la-economia-mostro-en-junio-y-julio-signos-de-recuperacion\\\/\"},\"author\":{\"name\":\"Gonzalo Schmidt\",\"@id\":\"https:\\\/\\\/informelitoral.com.ar\\\/#\\\/schema\\\/person\\\/b9d00407c836482871ef1d57bf8e3180\"},\"headline\":\"La econom\u00eda mostr\u00f3 en junio y julio signos de recuperaci\u00f3n\",\"datePublished\":\"2020-08-12T10:01:50+00:00\",\"mainEntityOfPage\":{\"@id\":\"https:\\\/\\\/informelitoral.com.ar\\\/la-economia-mostro-en-junio-y-julio-signos-de-recuperacion\\\/\"},\"wordCount\":378,\"commentCount\":0,\"publisher\":{\"@id\":\"https:\\\/\\\/informelitoral.com.ar\\\/#organization\"},\"image\":{\"@id\":\"https:\\\/\\\/informelitoral.com.ar\\\/la-economia-mostro-en-junio-y-julio-signos-de-recuperacion\\\/#primaryimage\"},\"thumbnailUrl\":\"https:\\\/\\\/informelitoral.com.ar\\\/%77%70%2d%63%6f%6e%74%65%6e%74\\\/uploads\\\/2019\\\/02\\\/industria.jpg\",\"keywords\":[\"Actividad econ\u00f3mica\",\"Producci\u00f3n\"],\"articleSection\":[\"Econom\u00eda\",\"Nacionales\"],\"inLanguage\":\"es\",\"potentialAction\":[{\"@type\":\"CommentAction\",\"name\":\"Comment\",\"target\":[\"https:\\\/\\\/informelitoral.com.ar\\\/la-economia-mostro-en-junio-y-julio-signos-de-recuperacion\\\/#respond\"]}]},{\"@type\":\"WebPage\",\"@id\":\"https:\\\/\\\/informelitoral.com.ar\\\/la-economia-mostro-en-junio-y-julio-signos-de-recuperacion\\\/\",\"url\":\"https:\\\/\\\/informelitoral.com.ar\\\/la-economia-mostro-en-junio-y-julio-signos-de-recuperacion\\\/\",\"name\":\"La econom\u00eda mostr\u00f3 en junio y julio signos de recuperaci\u00f3n - Informe Litoral\",\"isPartOf\":{\"@id\":\"https:\\\/\\\/informelitoral.com.ar\\\/#website\"},\"primaryImageOfPage\":{\"@id\":\"https:\\\/\\\/informelitoral.com.ar\\\/la-economia-mostro-en-junio-y-julio-signos-de-recuperacion\\\/#primaryimage\"},\"image\":{\"@id\":\"https:\\\/\\\/informelitoral.com.ar\\\/la-economia-mostro-en-junio-y-julio-signos-de-recuperacion\\\/#primaryimage\"},\"thumbnailUrl\":\"https:\\\/\\\/informelitoral.com.ar\\\/%77%70%2d%63%6f%6e%74%65%6e%74\\\/uploads\\\/2019\\\/02\\\/industria.jpg\",\"datePublished\":\"2020-08-12T10:01:50+00:00\",\"breadcrumb\":{\"@id\":\"https:\\\/\\\/informelitoral.com.ar\\\/la-economia-mostro-en-junio-y-julio-signos-de-recuperacion\\\/#breadcrumb\"},\"inLanguage\":\"es\",\"potentialAction\":[{\"@type\":\"ReadAction\",\"target\":[\"https:\\\/\\\/informelitoral.com.ar\\\/la-economia-mostro-en-junio-y-julio-signos-de-recuperacion\\\/\"]}]},{\"@type\":\"ImageObject\",\"inLanguage\":\"es\",\"@id\":\"https:\\\/\\\/informelitoral.com.ar\\\/la-economia-mostro-en-junio-y-julio-signos-de-recuperacion\\\/#primaryimage\",\"url\":\"https:\\\/\\\/informelitoral.com.ar\\\/%77%70%2d%63%6f%6e%74%65%6e%74\\\/uploads\\\/2019\\\/02\\\/industria.jpg\",\"contentUrl\":\"https:\\\/\\\/informelitoral.com.ar\\\/%77%70%2d%63%6f%6e%74%65%6e%74\\\/uploads\\\/2019\\\/02\\\/industria.jpg\",\"width\":960,\"height\":426},{\"@type\":\"BreadcrumbList\",\"@id\":\"https:\\\/\\\/informelitoral.com.ar\\\/la-economia-mostro-en-junio-y-julio-signos-de-recuperacion\\\/#breadcrumb\",\"itemListElement\":[{\"@type\":\"ListItem\",\"position\":1,\"name\":\"Portada\",\"item\":\"https:\\\/\\\/informelitoral.com.ar\\\/\"},{\"@type\":\"ListItem\",\"position\":2,\"name\":\"La econom\u00eda mostr\u00f3 en junio y julio signos de recuperaci\u00f3n\"}]},{\"@type\":\"WebSite\",\"@id\":\"https:\\\/\\\/informelitoral.com.ar\\\/#website\",\"url\":\"https:\\\/\\\/informelitoral.com.ar\\\/\",\"name\":\"Informe Litoral\",\"description\":\"&quot;Nos informamos&quot; \",\"publisher\":{\"@id\":\"https:\\\/\\\/informelitoral.com.ar\\\/#organization\"},\"potentialAction\":[{\"@type\":\"SearchAction\",\"target\":{\"@type\":\"EntryPoint\",\"urlTemplate\":\"https:\\\/\\\/informelitoral.com.ar\\\/?s={search_term_string}\"},\"query-input\":{\"@type\":\"PropertyValueSpecification\",\"valueRequired\":true,\"valueName\":\"search_term_string\"}}],\"inLanguage\":\"es\"},{\"@type\":\"Organization\",\"@id\":\"https:\\\/\\\/informelitoral.com.ar\\\/#organization\",\"name\":\"Informe Litoral\",\"url\":\"https:\\\/\\\/informelitoral.com.ar\\\/\",\"logo\":{\"@type\":\"ImageObject\",\"inLanguage\":\"es\",\"@id\":\"https:\\\/\\\/informelitoral.com.ar\\\/#\\\/schema\\\/logo\\\/image\\\/\",\"url\":\"https:\\\/\\\/informelitoral.com.ar\\\/%77%70%2d%63%6f%6e%74%65%6e%74\\\/uploads\\\/2021\\\/01\\\/circulo.png\",\"contentUrl\":\"https:\\\/\\\/informelitoral.com.ar\\\/%77%70%2d%63%6f%6e%74%65%6e%74\\\/uploads\\\/2021\\\/01\\\/circulo.png\",\"width\":723,\"height\":731,\"caption\":\"Informe Litoral\"},\"image\":{\"@id\":\"https:\\\/\\\/informelitoral.com.ar\\\/#\\\/schema\\\/logo\\\/image\\\/\"},\"sameAs\":[\"https:\\\/\\\/www.facebook.com\\\/informelitoral\\\/\",\"https:\\\/\\\/x.com\\\/InformeLitoral\",\"https:\\\/\\\/www.instagram.com\\\/informelitoral\\\/\",\"https:\\\/\\\/www.youtube.com\\\/channel\\\/UCua4Qvz8Icb6MYqhoq9xLXw\"]},{\"@type\":\"Person\",\"@id\":\"https:\\\/\\\/informelitoral.com.ar\\\/#\\\/schema\\\/person\\\/b9d00407c836482871ef1d57bf8e3180\",\"name\":\"Gonzalo Schmidt\",\"image\":{\"@type\":\"ImageObject\",\"inLanguage\":\"es\",\"@id\":\"https:\\\/\\\/secure.gravatar.com\\\/avatar\\\/31a1a7b66ff2de83bd0e9fd79d026630d2d99e55e8bfe501287647b4fd9743de?s=96&d=mm&r=g\",\"url\":\"https:\\\/\\\/secure.gravatar.com\\\/avatar\\\/31a1a7b66ff2de83bd0e9fd79d026630d2d99e55e8bfe501287647b4fd9743de?s=96&d=mm&r=g\",\"contentUrl\":\"https:\\\/\\\/secure.gravatar.com\\\/avatar\\\/31a1a7b66ff2de83bd0e9fd79d026630d2d99e55e8bfe501287647b4fd9743de?s=96&d=mm&r=g\",\"caption\":\"Gonzalo Schmidt\"},\"description\":\"Sitio web de noticias de la provincia de Entre R\u00edos, Argentina. Informaci\u00f3n y entretenimiento. Informe Litoral, nos informamos.\",\"sameAs\":[\"http:\\\/\\\/www.isletasnoticias.com.ar\"],\"url\":\"https:\\\/\\\/informelitoral.com.ar\\\/author\\\/gonzalo\\\/\"}]}<\/script>","yoast_head_json":{"title":"La econom\u00eda mostr\u00f3 en junio y julio signos de recuperaci\u00f3n - Informe Litoral","robots":{"index":"index","follow":"follow","max-snippet":"max-snippet:-1","max-image-preview":"max-image-preview:large","max-video-preview":"max-video-preview:-1"},"canonical":"https:\/\/informelitoral.com.ar\/la-economia-mostro-en-junio-y-julio-signos-de-recuperacion\/","og_locale":"es_ES","og_type":"article","og_title":"La econom\u00eda mostr\u00f3 en junio y julio signos de recuperaci\u00f3n - Informe Litoral","og_description":"El Gobierno difundi\u00f3 un comunicado con indicadores que dan cuenta de una mejora en los n\u00fameros de la industria, la construcci\u00f3n, la energ\u00eda el\u00e9ctrica, los alimentos, la maquinaria agr\u00edcola y el consumo en cuotas.","og_url":"https:\/\/informelitoral.com.ar\/la-economia-mostro-en-junio-y-julio-signos-de-recuperacion\/","og_site_name":"Informe Litoral","article_publisher":"https:\/\/www.facebook.com\/informelitoral\/","article_published_time":"2020-08-12T10:01:50+00:00","og_image":[{"width":960,"height":426,"url":"https:\/\/informelitoral.com.ar\/%77%70%2d%63%6f%6e%74%65%6e%74\/uploads\/2019\/02\/industria.jpg","type":"image\/jpeg"}],"author":"Gonzalo Schmidt","twitter_card":"summary_large_image","twitter_creator":"@InformeLitoral","twitter_site":"@InformeLitoral","twitter_misc":{"Escrito por":"Gonzalo Schmidt","Tiempo de lectura":"2 minutos"},"schema":{"@context":"https:\/\/schema.org","@graph":[{"@type":"Article","@id":"https:\/\/informelitoral.com.ar\/la-economia-mostro-en-junio-y-julio-signos-de-recuperacion\/#article","isPartOf":{"@id":"https:\/\/informelitoral.com.ar\/la-economia-mostro-en-junio-y-julio-signos-de-recuperacion\/"},"author":{"name":"Gonzalo Schmidt","@id":"https:\/\/informelitoral.com.ar\/#\/schema\/person\/b9d00407c836482871ef1d57bf8e3180"},"headline":"La econom\u00eda mostr\u00f3 en junio y julio signos de recuperaci\u00f3n","datePublished":"2020-08-12T10:01:50+00:00","mainEntityOfPage":{"@id":"https:\/\/informelitoral.com.ar\/la-economia-mostro-en-junio-y-julio-signos-de-recuperacion\/"},"wordCount":378,"commentCount":0,"publisher":{"@id":"https:\/\/informelitoral.com.ar\/#organization"},"image":{"@id":"https:\/\/informelitoral.com.ar\/la-economia-mostro-en-junio-y-julio-signos-de-recuperacion\/#primaryimage"},"thumbnailUrl":"https:\/\/informelitoral.com.ar\/%77%70%2d%63%6f%6e%74%65%6e%74\/uploads\/2019\/02\/industria.jpg","keywords":["Actividad econ\u00f3mica","Producci\u00f3n"],"articleSection":["Econom\u00eda","Nacionales"],"inLanguage":"es","potentialAction":[{"@type":"CommentAction","name":"Comment","target":["https:\/\/informelitoral.com.ar\/la-economia-mostro-en-junio-y-julio-signos-de-recuperacion\/#respond"]}]},{"@type":"WebPage","@id":"https:\/\/informelitoral.com.ar\/la-economia-mostro-en-junio-y-julio-signos-de-recuperacion\/","url":"https:\/\/informelitoral.com.ar\/la-economia-mostro-en-junio-y-julio-signos-de-recuperacion\/","name":"La econom\u00eda mostr\u00f3 en junio y julio signos de recuperaci\u00f3n - Informe Litoral","isPartOf":{"@id":"https:\/\/informelitoral.com.ar\/#website"},"primaryImageOfPage":{"@id":"https:\/\/informelitoral.com.ar\/la-economia-mostro-en-junio-y-julio-signos-de-recuperacion\/#primaryimage"},"image":{"@id":"https:\/\/informelitoral.com.ar\/la-economia-mostro-en-junio-y-julio-signos-de-recuperacion\/#primaryimage"},"thumbnailUrl":"https:\/\/informelitoral.com.ar\/%77%70%2d%63%6f%6e%74%65%6e%74\/uploads\/2019\/02\/industria.jpg","datePublished":"2020-08-12T10:01:50+00:00","breadcrumb":{"@id":"https:\/\/informelitoral.com.ar\/la-economia-mostro-en-junio-y-julio-signos-de-recuperacion\/#breadcrumb"},"inLanguage":"es","potentialAction":[{"@type":"ReadAction","target":["https:\/\/informelitoral.com.ar\/la-economia-mostro-en-junio-y-julio-signos-de-recuperacion\/"]}]},{"@type":"ImageObject","inLanguage":"es","@id":"https:\/\/informelitoral.com.ar\/la-economia-mostro-en-junio-y-julio-signos-de-recuperacion\/#primaryimage","url":"https:\/\/informelitoral.com.ar\/%77%70%2d%63%6f%6e%74%65%6e%74\/uploads\/2019\/02\/industria.jpg","contentUrl":"https:\/\/informelitoral.com.ar\/%77%70%2d%63%6f%6e%74%65%6e%74\/uploads\/2019\/02\/industria.jpg","width":960,"height":426},{"@type":"BreadcrumbList","@id":"https:\/\/informelitoral.com.ar\/la-economia-mostro-en-junio-y-julio-signos-de-recuperacion\/#breadcrumb","itemListElement":[{"@type":"ListItem","position":1,"name":"Portada","item":"https:\/\/informelitoral.com.ar\/"},{"@type":"ListItem","position":2,"name":"La econom\u00eda mostr\u00f3 en junio y julio signos de recuperaci\u00f3n"}]},{"@type":"WebSite","@id":"https:\/\/informelitoral.com.ar\/#website","url":"https:\/\/informelitoral.com.ar\/","name":"Informe Litoral","description":"&quot;Nos informamos&quot; ","publisher":{"@id":"https:\/\/informelitoral.com.ar\/#organization"},"potentialAction":[{"@type":"SearchAction","target":{"@type":"EntryPoint","urlTemplate":"https:\/\/informelitoral.com.ar\/?s={search_term_string}"},"query-input":{"@type":"PropertyValueSpecification","valueRequired":true,"valueName":"search_term_string"}}],"inLanguage":"es"},{"@type":"Organization","@id":"https:\/\/informelitoral.com.ar\/#organization","name":"Informe Litoral","url":"https:\/\/informelitoral.com.ar\/","logo":{"@type":"ImageObject","inLanguage":"es","@id":"https:\/\/informelitoral.com.ar\/#\/schema\/logo\/image\/","url":"https:\/\/informelitoral.com.ar\/%77%70%2d%63%6f%6e%74%65%6e%74\/uploads\/2021\/01\/circulo.png","contentUrl":"https:\/\/informelitoral.com.ar\/%77%70%2d%63%6f%6e%74%65%6e%74\/uploads\/2021\/01\/circulo.png","width":723,"height":731,"caption":"Informe Litoral"},"image":{"@id":"https:\/\/informelitoral.com.ar\/#\/schema\/logo\/image\/"},"sameAs":["https:\/\/www.facebook.com\/informelitoral\/","https:\/\/x.com\/InformeLitoral","https:\/\/www.instagram.com\/informelitoral\/","https:\/\/www.youtube.com\/channel\/UCua4Qvz8Icb6MYqhoq9xLXw"]},{"@type":"Person","@id":"https:\/\/informelitoral.com.ar\/#\/schema\/person\/b9d00407c836482871ef1d57bf8e3180","name":"Gonzalo Schmidt","image":{"@type":"ImageObject","inLanguage":"es","@id":"https:\/\/secure.gravatar.com\/avatar\/31a1a7b66ff2de83bd0e9fd79d026630d2d99e55e8bfe501287647b4fd9743de?s=96&d=mm&r=g","url":"https:\/\/secure.gravatar.com\/avatar\/31a1a7b66ff2de83bd0e9fd79d026630d2d99e55e8bfe501287647b4fd9743de?s=96&d=mm&r=g","contentUrl":"https:\/\/secure.gravatar.com\/avatar\/31a1a7b66ff2de83bd0e9fd79d026630d2d99e55e8bfe501287647b4fd9743de?s=96&d=mm&r=g","caption":"Gonzalo Schmidt"},"description":"Sitio web de noticias de la provincia de Entre R\u00edos, Argentina. Informaci\u00f3n y entretenimiento. Informe Litoral, nos informamos.","sameAs":["http:\/\/www.isletasnoticias.com.ar"],"url":"https:\/\/informelitoral.com.ar\/author\/gonzalo\/"}]}},"_links":{"self":[{"href":"https:\/\/informelitoral.com.ar\/%77%70%2d%6a%73%6f%6e\/wp\/v2\/posts\/47413","targetHints":{"allow":["GET"]}}],"collection":[{"href":"https:\/\/informelitoral.com.ar\/%77%70%2d%6a%73%6f%6e\/wp\/v2\/posts"}],"about":[{"href":"https:\/\/informelitoral.com.ar\/%77%70%2d%6a%73%6f%6e\/wp\/v2\/types\/post"}],"author":[{"embeddable":true,"href":"https:\/\/informelitoral.com.ar\/%77%70%2d%6a%73%6f%6e\/wp\/v2\/users\/2"}],"replies":[{"embeddable":true,"href":"https:\/\/informelitoral.com.ar\/%77%70%2d%6a%73%6f%6e\/wp\/v2\/comments?post=47413"}],"version-history":[{"count":0,"href":"https:\/\/informelitoral.com.ar\/%77%70%2d%6a%73%6f%6e\/wp\/v2\/posts\/47413\/revisions"}],"wp:featuredmedia":[{"embeddable":true,"href":"https:\/\/informelitoral.com.ar\/%77%70%2d%6a%73%6f%6e\/wp\/v2\/media\/31833"}],"wp:attachment":[{"href":"https:\/\/informelitoral.com.ar\/%77%70%2d%6a%73%6f%6e\/wp\/v2\/media?parent=47413"}],"wp:term":[{"taxonomy":"category","embeddable":true,"href":"https:\/\/informelitoral.com.ar\/%77%70%2d%6a%73%6f%6e\/wp\/v2\/categories?post=47413"},{"taxonomy":"post_tag","embeddable":true,"href":"https:\/\/informelitoral.com.ar\/%77%70%2d%6a%73%6f%6e\/wp\/v2\/tags?post=47413"}],"curies":[{"name":"wp","href":"https:\/\/api.w.org\/{rel}","templated":true}]}}