{"id":47411,"date":"2020-08-11T23:27:05","date_gmt":"2020-08-12T02:27:05","guid":{"rendered":"https:\/\/www.isletasnoticias.com.ar\/?p=47411"},"modified":"2020-08-11T23:27:05","modified_gmt":"2020-08-12T02:27:05","slug":"coronavirus-en-argentina-se-registro-un-record-de-241-muertos","status":"publish","type":"post","link":"https:\/\/informelitoral.com.ar\/coronavirus-en-argentina-se-registro-un-record-de-241-muertos\/","title":{"rendered":"Coronavirus en Argentina: se registr\u00f3 un r\u00e9cord de 241 muertos"},"content":{"rendered":"<p>El\u00a0<strong>Ministerio de Salud de la Naci\u00f3n<\/strong>\u00a0inform\u00f3 este martes que durante las \u00faltimas 24 horas\u00a0<strong>se registraron 241 muertes y 7.043 nuevos casos positivos por coronavirus.\u00a0<\/strong>Con estos datos, el total de infectados en todo el pa\u00eds asciende a 260.911 y las v\u00edctimas fatales suman 5.004.<\/p>\n<p>Es el d\u00eda con m\u00e1s fallecimientos desde que se contabilizan los datos en el pa\u00eds.\u00a0<strong>Las autoridades explicaron la cifra est\u00e1 relacionada con que los datos fueron actualizados con registros de las \u00faltimas semanas.<\/strong><\/p>\n<p>Del total de esos casos, 1.137 (0,4%) son importados, 68.717 (26,3%) son contactos estrechos de casos confirmados, 151.086 (57,9%) son casos de circulaci\u00f3n comunitaria y el resto se encuentra en investigaci\u00f3n epidemiol\u00f3gica.<\/p>\n<p>Desde el \u00faltimo reporte emitido, se registraron 220 nuevas muertes: 104 hombres, 90 residentes en la provincia de Buenos Aires; 11 residentes en la Ciudad de Buenos Aires (CABA); 1 residentes en la provincia de Entre R\u00edos; 1 residentes en la provincia de R\u00edo Negro; 1 residente en la provincia de Tierra del Fuego; y 116 mujeres; 93 residentes en la provincia de Buenos Aires; 13 residentes en la Ciudad de Buenos Aires (CABA); 1 residentes en la provincia de Chaco; 1 residente en la provincia de Entre R\u00edos; 3 residentes en la provincia de C\u00f3rdoba; 1 residente en la provincia de Mendoza; 3 residentes en la provincia de R\u00edo Negro; y 1 residente en la provincia de Santa Fe.<\/p>\n<p>En el reporte matutino ya se hab\u00edan informado 21 nuevas muertes: 10 hombres, cuatro de la provincia de Buenos Aires, tres de la ciudad de Buenos Aires, uno de Neuqu\u00e9n, uno de Tierra del Fuego y uno de Santa Fe; y 11 mujeres, seis de la provincia de Buenos Aires, cuatro de la ciudad de Buenos Aires y una de Mendoza.<\/p>\n<p><span style=\"text-align: center;\">Durante el lunes fueron realizadas 16.588 nuevas muestras y desde el inicio del brote se realizaron 872.643 pruebas diagn\u00f3sticas para esta enfermedad, lo que equivale a 19.231,1 muestras por mill\u00f3n de habitantes. <\/span><strong style=\"text-align: center;\">A la fecha, el total de altas es de 181.389 personas.<\/strong><\/p>\n<p>El n\u00famero de casos descartados hasta ayer es de 491.526 (por laboratorio y por criterio cl\u00ednico\/ epidemiol\u00f3gico).<\/p>\n<p>\u201cAprender a convivir con el virus no es acostumbrarse, no es no optimizar las medidas de control, no es naturalizar los n\u00fameros. Es optimizar los cuidados, maximizar las medidas de protecci\u00f3n en cada salida, en cada acci\u00f3n. Es un virus que no tiene tratamiento ni tiene vacuna, al que la mayor\u00eda de los argentinos es a\u00fan susceptible\u201d, indic\u00f3 esta ma\u00f1ana Carla Vizzotti, secretaria de Acceso a la Salud de la Naci\u00f3n.<\/p>\n<p><strong>Un total de 1.569 personas cursan la enfermedad en unidades de terapia intensiva en todo el pa\u00eds<\/strong>, de las cuales 83,4% en centros de salud de la ciudad y de la provincia de Buenos Aires.<\/p>\n<p>La ocupaci\u00f3n de camas de cuidados intensivos, m\u00e1s all\u00e1 de la dolencia que explique la internaci\u00f3n del paciente, a nivel nacional promedia el 57,3%, mientras que en el AMBA llega al 67,4%. El \u00edndice de positividad, que mide la cantidad de casos hallados sobre test realizados, ayer se ubic\u00f3 en 47,8% promedio pa\u00eds, 38,9% en la ciudad y 56,5% en la provincia de Buenos Aires.<\/p>\n<p>Durante la \u00faltima semana, el promedio de nuevas notificaciones diarias de COVID-19 fue de 6.494 casos. Seg\u00fan explic\u00f3 la secretaria, hay \u201cmuch\u00edsimas provincias con transmisi\u00f3n comunitaria que aportan todos los d\u00edas un n\u00famero relevante de casos\u201d. Entre ellas C\u00f3rdoba, Jujuy, Santa Fe, R\u00edo Negro, Mendoza y Tierra del Fuego.<\/p>\n<p>Vizzotti especific\u00f3 que la ciudad de Buenos Aires \u201caunque no tenga un aumento tan importante o se piense que la curva se est\u00e9 estabilizado, el n\u00famero de nuevos casos es alto, la situaci\u00f3n no es buena\u201d. Por otra parte, tambi\u00e9n se refiri\u00f3 a la situaci\u00f3n en la provincia de Buenos Aires: \u201cTienen un aumento relevante del n\u00famero de casos y hay 13 jurisdicciones con transmisi\u00f3n comunitaria que no han podido controlar\u201d.<\/p>\n","protected":false},"excerpt":{"rendered":"<p>Tras 145 d\u00edas de cuarentena, el Ministerio de Salud report\u00f3 7.043 nuevos casos y la curva de contagios contin\u00faa sin descender.<\/p>\n","protected":false},"author":2,"featured_media":45906,"comment_status":"open","ping_status":"open","sticky":false,"template":"","format":"standard","meta":{"fifu_image_url":"","fifu_image_alt":"","footnotes":""},"categories":[7],"tags":[1426,1481],"class_list":{"0":"post-47411","1":"post","2":"type-post","3":"status-publish","4":"format-standard","5":"has-post-thumbnail","7":"category-nacionales","8":"tag-coronavirus","9":"tag-covid-19"},"yoast_head":"<title>Coronavirus en Argentina: se registr\u00f3 un r\u00e9cord de 241 muertos - Informe Litoral<\/title>\n<meta name=\"robots\" content=\"index, follow, max-snippet:-1, max-image-preview:large, max-video-preview:-1\" \/>\n<link rel=\"canonical\" href=\"https:\/\/informelitoral.com.ar\/coronavirus-en-argentina-se-registro-un-record-de-241-muertos\/\" \/>\n<meta property=\"og:locale\" content=\"es_ES\" \/>\n<meta property=\"og:type\" content=\"article\" \/>\n<meta property=\"og:title\" content=\"Coronavirus en Argentina: se registr\u00f3 un r\u00e9cord de 241 muertos - Informe Litoral\" \/>\n<meta property=\"og:description\" content=\"Tras 145 d\u00edas de cuarentena, el Ministerio de Salud report\u00f3 7.043 nuevos casos y la curva de contagios contin\u00faa sin descender.\" \/>\n<meta property=\"og:url\" content=\"https:\/\/informelitoral.com.ar\/coronavirus-en-argentina-se-registro-un-record-de-241-muertos\/\" \/>\n<meta property=\"og:site_name\" content=\"Informe Litoral\" \/>\n<meta property=\"article:publisher\" content=\"https:\/\/www.facebook.com\/informelitoral\/\" \/>\n<meta property=\"article:published_time\" content=\"2020-08-12T02:27:05+00:00\" \/>\n<meta property=\"og:image\" content=\"https:\/\/informelitoral.com.ar\/%77%70%2d%63%6f%6e%74%65%6e%74\/uploads\/2020\/07\/coronavirus-1.jpg\" \/>\n\t<meta property=\"og:image:width\" content=\"1920\" \/>\n\t<meta property=\"og:image:height\" content=\"950\" \/>\n\t<meta property=\"og:image:type\" content=\"image\/jpeg\" \/>\n<meta name=\"author\" content=\"Gonzalo Schmidt\" \/>\n<meta name=\"twitter:card\" content=\"summary_large_image\" \/>\n<meta name=\"twitter:creator\" content=\"@InformeLitoral\" \/>\n<meta name=\"twitter:site\" content=\"@InformeLitoral\" \/>\n<meta name=\"twitter:label1\" content=\"Escrito por\" \/>\n\t<meta name=\"twitter:data1\" content=\"Gonzalo Schmidt\" \/>\n\t<meta name=\"twitter:label2\" content=\"Tiempo de lectura\" \/>\n\t<meta name=\"twitter:data2\" content=\"3 minutos\" \/>\n<script type=\"application\/ld+json\" class=\"yoast-schema-graph\">{\"@context\":\"https:\\\/\\\/schema.org\",\"@graph\":[{\"@type\":\"Article\",\"@id\":\"https:\\\/\\\/informelitoral.com.ar\\\/coronavirus-en-argentina-se-registro-un-record-de-241-muertos\\\/#article\",\"isPartOf\":{\"@id\":\"https:\\\/\\\/informelitoral.com.ar\\\/coronavirus-en-argentina-se-registro-un-record-de-241-muertos\\\/\"},\"author\":{\"name\":\"Gonzalo Schmidt\",\"@id\":\"https:\\\/\\\/informelitoral.com.ar\\\/#\\\/schema\\\/person\\\/b9d00407c836482871ef1d57bf8e3180\"},\"headline\":\"Coronavirus en Argentina: se registr\u00f3 un r\u00e9cord de 241 muertos\",\"datePublished\":\"2020-08-12T02:27:05+00:00\",\"mainEntityOfPage\":{\"@id\":\"https:\\\/\\\/informelitoral.com.ar\\\/coronavirus-en-argentina-se-registro-un-record-de-241-muertos\\\/\"},\"wordCount\":657,\"commentCount\":0,\"publisher\":{\"@id\":\"https:\\\/\\\/informelitoral.com.ar\\\/#organization\"},\"image\":{\"@id\":\"https:\\\/\\\/informelitoral.com.ar\\\/coronavirus-en-argentina-se-registro-un-record-de-241-muertos\\\/#primaryimage\"},\"thumbnailUrl\":\"https:\\\/\\\/informelitoral.com.ar\\\/%77%70%2d%63%6f%6e%74%65%6e%74\\\/uploads\\\/2020\\\/07\\\/coronavirus-1.jpg\",\"keywords\":[\"Coronavirus\",\"COVID-19\"],\"articleSection\":[\"Nacionales\"],\"inLanguage\":\"es\",\"potentialAction\":[{\"@type\":\"CommentAction\",\"name\":\"Comment\",\"target\":[\"https:\\\/\\\/informelitoral.com.ar\\\/coronavirus-en-argentina-se-registro-un-record-de-241-muertos\\\/#respond\"]}]},{\"@type\":\"WebPage\",\"@id\":\"https:\\\/\\\/informelitoral.com.ar\\\/coronavirus-en-argentina-se-registro-un-record-de-241-muertos\\\/\",\"url\":\"https:\\\/\\\/informelitoral.com.ar\\\/coronavirus-en-argentina-se-registro-un-record-de-241-muertos\\\/\",\"name\":\"Coronavirus en Argentina: se registr\u00f3 un r\u00e9cord de 241 muertos - Informe Litoral\",\"isPartOf\":{\"@id\":\"https:\\\/\\\/informelitoral.com.ar\\\/#website\"},\"primaryImageOfPage\":{\"@id\":\"https:\\\/\\\/informelitoral.com.ar\\\/coronavirus-en-argentina-se-registro-un-record-de-241-muertos\\\/#primaryimage\"},\"image\":{\"@id\":\"https:\\\/\\\/informelitoral.com.ar\\\/coronavirus-en-argentina-se-registro-un-record-de-241-muertos\\\/#primaryimage\"},\"thumbnailUrl\":\"https:\\\/\\\/informelitoral.com.ar\\\/%77%70%2d%63%6f%6e%74%65%6e%74\\\/uploads\\\/2020\\\/07\\\/coronavirus-1.jpg\",\"datePublished\":\"2020-08-12T02:27:05+00:00\",\"breadcrumb\":{\"@id\":\"https:\\\/\\\/informelitoral.com.ar\\\/coronavirus-en-argentina-se-registro-un-record-de-241-muertos\\\/#breadcrumb\"},\"inLanguage\":\"es\",\"potentialAction\":[{\"@type\":\"ReadAction\",\"target\":[\"https:\\\/\\\/informelitoral.com.ar\\\/coronavirus-en-argentina-se-registro-un-record-de-241-muertos\\\/\"]}]},{\"@type\":\"ImageObject\",\"inLanguage\":\"es\",\"@id\":\"https:\\\/\\\/informelitoral.com.ar\\\/coronavirus-en-argentina-se-registro-un-record-de-241-muertos\\\/#primaryimage\",\"url\":\"https:\\\/\\\/informelitoral.com.ar\\\/%77%70%2d%63%6f%6e%74%65%6e%74\\\/uploads\\\/2020\\\/07\\\/coronavirus-1.jpg\",\"contentUrl\":\"https:\\\/\\\/informelitoral.com.ar\\\/%77%70%2d%63%6f%6e%74%65%6e%74\\\/uploads\\\/2020\\\/07\\\/coronavirus-1.jpg\",\"width\":1920,\"height\":950},{\"@type\":\"BreadcrumbList\",\"@id\":\"https:\\\/\\\/informelitoral.com.ar\\\/coronavirus-en-argentina-se-registro-un-record-de-241-muertos\\\/#breadcrumb\",\"itemListElement\":[{\"@type\":\"ListItem\",\"position\":1,\"name\":\"Portada\",\"item\":\"https:\\\/\\\/informelitoral.com.ar\\\/\"},{\"@type\":\"ListItem\",\"position\":2,\"name\":\"Coronavirus en Argentina: se registr\u00f3 un r\u00e9cord de 241 muertos\"}]},{\"@type\":\"WebSite\",\"@id\":\"https:\\\/\\\/informelitoral.com.ar\\\/#website\",\"url\":\"https:\\\/\\\/informelitoral.com.ar\\\/\",\"name\":\"Informe Litoral\",\"description\":\"&quot;Nos informamos&quot; \",\"publisher\":{\"@id\":\"https:\\\/\\\/informelitoral.com.ar\\\/#organization\"},\"potentialAction\":[{\"@type\":\"SearchAction\",\"target\":{\"@type\":\"EntryPoint\",\"urlTemplate\":\"https:\\\/\\\/informelitoral.com.ar\\\/?s={search_term_string}\"},\"query-input\":{\"@type\":\"PropertyValueSpecification\",\"valueRequired\":true,\"valueName\":\"search_term_string\"}}],\"inLanguage\":\"es\"},{\"@type\":\"Organization\",\"@id\":\"https:\\\/\\\/informelitoral.com.ar\\\/#organization\",\"name\":\"Informe Litoral\",\"url\":\"https:\\\/\\\/informelitoral.com.ar\\\/\",\"logo\":{\"@type\":\"ImageObject\",\"inLanguage\":\"es\",\"@id\":\"https:\\\/\\\/informelitoral.com.ar\\\/#\\\/schema\\\/logo\\\/image\\\/\",\"url\":\"https:\\\/\\\/informelitoral.com.ar\\\/%77%70%2d%63%6f%6e%74%65%6e%74\\\/uploads\\\/2021\\\/01\\\/circulo.png\",\"contentUrl\":\"https:\\\/\\\/informelitoral.com.ar\\\/%77%70%2d%63%6f%6e%74%65%6e%74\\\/uploads\\\/2021\\\/01\\\/circulo.png\",\"width\":723,\"height\":731,\"caption\":\"Informe Litoral\"},\"image\":{\"@id\":\"https:\\\/\\\/informelitoral.com.ar\\\/#\\\/schema\\\/logo\\\/image\\\/\"},\"sameAs\":[\"https:\\\/\\\/www.facebook.com\\\/informelitoral\\\/\",\"https:\\\/\\\/x.com\\\/InformeLitoral\",\"https:\\\/\\\/www.instagram.com\\\/informelitoral\\\/\",\"https:\\\/\\\/www.youtube.com\\\/channel\\\/UCua4Qvz8Icb6MYqhoq9xLXw\"]},{\"@type\":\"Person\",\"@id\":\"https:\\\/\\\/informelitoral.com.ar\\\/#\\\/schema\\\/person\\\/b9d00407c836482871ef1d57bf8e3180\",\"name\":\"Gonzalo Schmidt\",\"image\":{\"@type\":\"ImageObject\",\"inLanguage\":\"es\",\"@id\":\"https:\\\/\\\/secure.gravatar.com\\\/avatar\\\/31a1a7b66ff2de83bd0e9fd79d026630d2d99e55e8bfe501287647b4fd9743de?s=96&d=mm&r=g\",\"url\":\"https:\\\/\\\/secure.gravatar.com\\\/avatar\\\/31a1a7b66ff2de83bd0e9fd79d026630d2d99e55e8bfe501287647b4fd9743de?s=96&d=mm&r=g\",\"contentUrl\":\"https:\\\/\\\/secure.gravatar.com\\\/avatar\\\/31a1a7b66ff2de83bd0e9fd79d026630d2d99e55e8bfe501287647b4fd9743de?s=96&d=mm&r=g\",\"caption\":\"Gonzalo Schmidt\"},\"description\":\"Sitio web de noticias de la provincia de Entre R\u00edos, Argentina. Informaci\u00f3n y entretenimiento. Informe Litoral, nos informamos.\",\"sameAs\":[\"http:\\\/\\\/www.isletasnoticias.com.ar\"],\"url\":\"https:\\\/\\\/informelitoral.com.ar\\\/author\\\/gonzalo\\\/\"}]}<\/script>","yoast_head_json":{"title":"Coronavirus en Argentina: se registr\u00f3 un r\u00e9cord de 241 muertos - Informe Litoral","robots":{"index":"index","follow":"follow","max-snippet":"max-snippet:-1","max-image-preview":"max-image-preview:large","max-video-preview":"max-video-preview:-1"},"canonical":"https:\/\/informelitoral.com.ar\/coronavirus-en-argentina-se-registro-un-record-de-241-muertos\/","og_locale":"es_ES","og_type":"article","og_title":"Coronavirus en Argentina: se registr\u00f3 un r\u00e9cord de 241 muertos - Informe Litoral","og_description":"Tras 145 d\u00edas de cuarentena, el Ministerio de Salud report\u00f3 7.043 nuevos casos y la curva de contagios contin\u00faa sin descender.","og_url":"https:\/\/informelitoral.com.ar\/coronavirus-en-argentina-se-registro-un-record-de-241-muertos\/","og_site_name":"Informe Litoral","article_publisher":"https:\/\/www.facebook.com\/informelitoral\/","article_published_time":"2020-08-12T02:27:05+00:00","og_image":[{"width":1920,"height":950,"url":"https:\/\/informelitoral.com.ar\/%77%70%2d%63%6f%6e%74%65%6e%74\/uploads\/2020\/07\/coronavirus-1.jpg","type":"image\/jpeg"}],"author":"Gonzalo Schmidt","twitter_card":"summary_large_image","twitter_creator":"@InformeLitoral","twitter_site":"@InformeLitoral","twitter_misc":{"Escrito por":"Gonzalo Schmidt","Tiempo de lectura":"3 minutos"},"schema":{"@context":"https:\/\/schema.org","@graph":[{"@type":"Article","@id":"https:\/\/informelitoral.com.ar\/coronavirus-en-argentina-se-registro-un-record-de-241-muertos\/#article","isPartOf":{"@id":"https:\/\/informelitoral.com.ar\/coronavirus-en-argentina-se-registro-un-record-de-241-muertos\/"},"author":{"name":"Gonzalo Schmidt","@id":"https:\/\/informelitoral.com.ar\/#\/schema\/person\/b9d00407c836482871ef1d57bf8e3180"},"headline":"Coronavirus en Argentina: se registr\u00f3 un r\u00e9cord de 241 muertos","datePublished":"2020-08-12T02:27:05+00:00","mainEntityOfPage":{"@id":"https:\/\/informelitoral.com.ar\/coronavirus-en-argentina-se-registro-un-record-de-241-muertos\/"},"wordCount":657,"commentCount":0,"publisher":{"@id":"https:\/\/informelitoral.com.ar\/#organization"},"image":{"@id":"https:\/\/informelitoral.com.ar\/coronavirus-en-argentina-se-registro-un-record-de-241-muertos\/#primaryimage"},"thumbnailUrl":"https:\/\/informelitoral.com.ar\/%77%70%2d%63%6f%6e%74%65%6e%74\/uploads\/2020\/07\/coronavirus-1.jpg","keywords":["Coronavirus","COVID-19"],"articleSection":["Nacionales"],"inLanguage":"es","potentialAction":[{"@type":"CommentAction","name":"Comment","target":["https:\/\/informelitoral.com.ar\/coronavirus-en-argentina-se-registro-un-record-de-241-muertos\/#respond"]}]},{"@type":"WebPage","@id":"https:\/\/informelitoral.com.ar\/coronavirus-en-argentina-se-registro-un-record-de-241-muertos\/","url":"https:\/\/informelitoral.com.ar\/coronavirus-en-argentina-se-registro-un-record-de-241-muertos\/","name":"Coronavirus en Argentina: se registr\u00f3 un r\u00e9cord de 241 muertos - Informe Litoral","isPartOf":{"@id":"https:\/\/informelitoral.com.ar\/#website"},"primaryImageOfPage":{"@id":"https:\/\/informelitoral.com.ar\/coronavirus-en-argentina-se-registro-un-record-de-241-muertos\/#primaryimage"},"image":{"@id":"https:\/\/informelitoral.com.ar\/coronavirus-en-argentina-se-registro-un-record-de-241-muertos\/#primaryimage"},"thumbnailUrl":"https:\/\/informelitoral.com.ar\/%77%70%2d%63%6f%6e%74%65%6e%74\/uploads\/2020\/07\/coronavirus-1.jpg","datePublished":"2020-08-12T02:27:05+00:00","breadcrumb":{"@id":"https:\/\/informelitoral.com.ar\/coronavirus-en-argentina-se-registro-un-record-de-241-muertos\/#breadcrumb"},"inLanguage":"es","potentialAction":[{"@type":"ReadAction","target":["https:\/\/informelitoral.com.ar\/coronavirus-en-argentina-se-registro-un-record-de-241-muertos\/"]}]},{"@type":"ImageObject","inLanguage":"es","@id":"https:\/\/informelitoral.com.ar\/coronavirus-en-argentina-se-registro-un-record-de-241-muertos\/#primaryimage","url":"https:\/\/informelitoral.com.ar\/%77%70%2d%63%6f%6e%74%65%6e%74\/uploads\/2020\/07\/coronavirus-1.jpg","contentUrl":"https:\/\/informelitoral.com.ar\/%77%70%2d%63%6f%6e%74%65%6e%74\/uploads\/2020\/07\/coronavirus-1.jpg","width":1920,"height":950},{"@type":"BreadcrumbList","@id":"https:\/\/informelitoral.com.ar\/coronavirus-en-argentina-se-registro-un-record-de-241-muertos\/#breadcrumb","itemListElement":[{"@type":"ListItem","position":1,"name":"Portada","item":"https:\/\/informelitoral.com.ar\/"},{"@type":"ListItem","position":2,"name":"Coronavirus en Argentina: se registr\u00f3 un r\u00e9cord de 241 muertos"}]},{"@type":"WebSite","@id":"https:\/\/informelitoral.com.ar\/#website","url":"https:\/\/informelitoral.com.ar\/","name":"Informe Litoral","description":"&quot;Nos informamos&quot; ","publisher":{"@id":"https:\/\/informelitoral.com.ar\/#organization"},"potentialAction":[{"@type":"SearchAction","target":{"@type":"EntryPoint","urlTemplate":"https:\/\/informelitoral.com.ar\/?s={search_term_string}"},"query-input":{"@type":"PropertyValueSpecification","valueRequired":true,"valueName":"search_term_string"}}],"inLanguage":"es"},{"@type":"Organization","@id":"https:\/\/informelitoral.com.ar\/#organization","name":"Informe Litoral","url":"https:\/\/informelitoral.com.ar\/","logo":{"@type":"ImageObject","inLanguage":"es","@id":"https:\/\/informelitoral.com.ar\/#\/schema\/logo\/image\/","url":"https:\/\/informelitoral.com.ar\/%77%70%2d%63%6f%6e%74%65%6e%74\/uploads\/2021\/01\/circulo.png","contentUrl":"https:\/\/informelitoral.com.ar\/%77%70%2d%63%6f%6e%74%65%6e%74\/uploads\/2021\/01\/circulo.png","width":723,"height":731,"caption":"Informe Litoral"},"image":{"@id":"https:\/\/informelitoral.com.ar\/#\/schema\/logo\/image\/"},"sameAs":["https:\/\/www.facebook.com\/informelitoral\/","https:\/\/x.com\/InformeLitoral","https:\/\/www.instagram.com\/informelitoral\/","https:\/\/www.youtube.com\/channel\/UCua4Qvz8Icb6MYqhoq9xLXw"]},{"@type":"Person","@id":"https:\/\/informelitoral.com.ar\/#\/schema\/person\/b9d00407c836482871ef1d57bf8e3180","name":"Gonzalo Schmidt","image":{"@type":"ImageObject","inLanguage":"es","@id":"https:\/\/secure.gravatar.com\/avatar\/31a1a7b66ff2de83bd0e9fd79d026630d2d99e55e8bfe501287647b4fd9743de?s=96&d=mm&r=g","url":"https:\/\/secure.gravatar.com\/avatar\/31a1a7b66ff2de83bd0e9fd79d026630d2d99e55e8bfe501287647b4fd9743de?s=96&d=mm&r=g","contentUrl":"https:\/\/secure.gravatar.com\/avatar\/31a1a7b66ff2de83bd0e9fd79d026630d2d99e55e8bfe501287647b4fd9743de?s=96&d=mm&r=g","caption":"Gonzalo Schmidt"},"description":"Sitio web de noticias de la provincia de Entre R\u00edos, Argentina. Informaci\u00f3n y entretenimiento. Informe Litoral, nos informamos.","sameAs":["http:\/\/www.isletasnoticias.com.ar"],"url":"https:\/\/informelitoral.com.ar\/author\/gonzalo\/"}]}},"_links":{"self":[{"href":"https:\/\/informelitoral.com.ar\/%77%70%2d%6a%73%6f%6e\/wp\/v2\/posts\/47411","targetHints":{"allow":["GET"]}}],"collection":[{"href":"https:\/\/informelitoral.com.ar\/%77%70%2d%6a%73%6f%6e\/wp\/v2\/posts"}],"about":[{"href":"https:\/\/informelitoral.com.ar\/%77%70%2d%6a%73%6f%6e\/wp\/v2\/types\/post"}],"author":[{"embeddable":true,"href":"https:\/\/informelitoral.com.ar\/%77%70%2d%6a%73%6f%6e\/wp\/v2\/users\/2"}],"replies":[{"embeddable":true,"href":"https:\/\/informelitoral.com.ar\/%77%70%2d%6a%73%6f%6e\/wp\/v2\/comments?post=47411"}],"version-history":[{"count":0,"href":"https:\/\/informelitoral.com.ar\/%77%70%2d%6a%73%6f%6e\/wp\/v2\/posts\/47411\/revisions"}],"wp:featuredmedia":[{"embeddable":true,"href":"https:\/\/informelitoral.com.ar\/%77%70%2d%6a%73%6f%6e\/wp\/v2\/media\/45906"}],"wp:attachment":[{"href":"https:\/\/informelitoral.com.ar\/%77%70%2d%6a%73%6f%6e\/wp\/v2\/media?parent=47411"}],"wp:term":[{"taxonomy":"category","embeddable":true,"href":"https:\/\/informelitoral.com.ar\/%77%70%2d%6a%73%6f%6e\/wp\/v2\/categories?post=47411"},{"taxonomy":"post_tag","embeddable":true,"href":"https:\/\/informelitoral.com.ar\/%77%70%2d%6a%73%6f%6e\/wp\/v2\/tags?post=47411"}],"curies":[{"name":"wp","href":"https:\/\/api.w.org\/{rel}","templated":true}]}}