{"id":47268,"date":"2020-08-09T21:52:37","date_gmt":"2020-08-10T00:52:37","guid":{"rendered":"https:\/\/www.isletasnoticias.com.ar\/?p=47268"},"modified":"2020-08-09T21:52:37","modified_gmt":"2020-08-10T00:52:37","slug":"en-victoria-no-tratarian-el-pedido-de-lotear-las-islas","status":"publish","type":"post","link":"https:\/\/informelitoral.com.ar\/en-victoria-no-tratarian-el-pedido-de-lotear-las-islas\/","title":{"rendered":"En Victoria no tratar\u00edan el pedido de lotear las islas"},"content":{"rendered":"<p>En medio de la pol\u00e9mica por la quema en las islas y la falta de protecci\u00f3n de los humedales, una empresa ganadera rosarina<strong> present\u00f3 un proyecto en el Concejo Municipal de Victoria<\/strong>\u00a0para realizar un loteo en un campo autorizado actualmente para ganader\u00eda, pero con fines tur\u00edsticos. Se trata de Carolina SA.<\/p>\n<p>El pedido acaeci\u00f3 en un momento de alta sensibilidad por el ecocidio en los humedales bajo jurisdicci\u00f3n de la ciudad de Victoria, frente a Rosario, que son parte de una saga de quemas que se extiende m\u00e1s al norte y al sur en una reserva de biodiversidad reconocida internacionalmente.<\/p>\n<p>La finalidad es la construcci\u00f3n de viviendas palafiticas (sobre pilares en el agua), que, seg\u00fan la constructora,\u00a0<strong>no interrumpir\u00edan el curso natural de agua<\/strong>. Tampoco se necesitar\u00edan terraplenes ni otra obra que viole la naturaleza.<\/p>\n<p>El pedido fue presentado hace tres a\u00f1os pero perdi\u00f3 estado parlamentario, por lo que la empresa volvi\u00f3 a ingresar la solicitud en esta semana. Sin embargo, concejales de Victoria afirmaron que\u00a0<b>este nuevo pedido tampoco ser\u00eda considerado, no solo por el complejo contexto y el hartazgo sobre las quemas,\u00a0<\/b>sino tambi\u00e9n, hasta que no sea efectiva una Ley de Humedales.<\/p>\n<p>Para los ediles de Victoria, la presentaci\u00f3n, adem\u00e1s de inoportuna,\u00a0<strong>representar\u00eda tocar fibras muy sensibles<\/strong>\u00a0en un lugar donde los cuerpos de bomberos todav\u00eda combaten m\u00faltiples focos de incendio.<\/p>\n<p>El subsecretario de Gesti\u00f3n de Riesgo y Protecci\u00f3n Civil de la Naci\u00f3n, Gabriel Gasparutti, estim\u00f3 que ya<strong>\u00a0se incendiaron m\u00e1s de 100 mil hect\u00e1reas en pocos meses<\/strong>. Y en las \u00faltimas 24 horas, bomberos sofocaron 19 incendios en Santa Fe y fueron detenidas nueve personas. <em>(Fuente: Sin Mordaza)\u00a0<\/em><\/p>\n","protected":false},"excerpt":{"rendered":"<p>El pedido fue presentado hace tres a\u00f1os pero perdi\u00f3 estado parlamentario, por lo que la empresa volvi\u00f3 a ingresar la solicitud en esta semana.<\/p>\n","protected":false},"author":2,"featured_media":47269,"comment_status":"open","ping_status":"open","sticky":false,"template":"","format":"standard","meta":{"fifu_image_url":"","fifu_image_alt":"","footnotes":""},"categories":[16],"tags":[1536,1160,1630],"class_list":{"0":"post-47268","1":"post","2":"type-post","3":"status-publish","4":"format-standard","5":"has-post-thumbnail","7":"category-politi","8":"tag-islas-entrerrianas","9":"tag-quema-de-pastizales","10":"tag-quemas-ilegales"},"yoast_head":"<title>En Victoria no tratar\u00edan el pedido de lotear las islas - Informe Litoral<\/title>\n<meta name=\"robots\" content=\"index, follow, max-snippet:-1, max-image-preview:large, max-video-preview:-1\" \/>\n<link rel=\"canonical\" href=\"https:\/\/informelitoral.com.ar\/en-victoria-no-tratarian-el-pedido-de-lotear-las-islas\/\" \/>\n<meta property=\"og:locale\" content=\"es_ES\" \/>\n<meta property=\"og:type\" content=\"article\" \/>\n<meta property=\"og:title\" content=\"En Victoria no tratar\u00edan el pedido de lotear las islas - Informe Litoral\" \/>\n<meta property=\"og:description\" content=\"El pedido fue presentado hace tres a\u00f1os pero perdi\u00f3 estado parlamentario, por lo que la empresa volvi\u00f3 a ingresar la solicitud en esta semana.\" \/>\n<meta property=\"og:url\" content=\"https:\/\/informelitoral.com.ar\/en-victoria-no-tratarian-el-pedido-de-lotear-las-islas\/\" \/>\n<meta property=\"og:site_name\" content=\"Informe Litoral\" \/>\n<meta property=\"article:publisher\" content=\"https:\/\/www.facebook.com\/informelitoral\/\" \/>\n<meta property=\"article:published_time\" content=\"2020-08-10T00:52:37+00:00\" \/>\n<meta property=\"og:image\" content=\"https:\/\/informelitoral.com.ar\/%77%70%2d%63%6f%6e%74%65%6e%74\/uploads\/2020\/08\/quemas-ilegales.jpg\" \/>\n\t<meta property=\"og:image:width\" content=\"800\" \/>\n\t<meta property=\"og:image:height\" content=\"450\" \/>\n\t<meta property=\"og:image:type\" content=\"image\/jpeg\" \/>\n<meta name=\"author\" content=\"Gonzalo Schmidt\" \/>\n<meta name=\"twitter:card\" content=\"summary_large_image\" \/>\n<meta name=\"twitter:creator\" content=\"@InformeLitoral\" \/>\n<meta name=\"twitter:site\" content=\"@InformeLitoral\" \/>\n<meta name=\"twitter:label1\" content=\"Escrito por\" \/>\n\t<meta name=\"twitter:data1\" content=\"Gonzalo Schmidt\" \/>\n\t<meta name=\"twitter:label2\" content=\"Tiempo de lectura\" \/>\n\t<meta name=\"twitter:data2\" content=\"1 minuto\" \/>\n<script type=\"application\/ld+json\" class=\"yoast-schema-graph\">{\"@context\":\"https:\\\/\\\/schema.org\",\"@graph\":[{\"@type\":\"Article\",\"@id\":\"https:\\\/\\\/informelitoral.com.ar\\\/en-victoria-no-tratarian-el-pedido-de-lotear-las-islas\\\/#article\",\"isPartOf\":{\"@id\":\"https:\\\/\\\/informelitoral.com.ar\\\/en-victoria-no-tratarian-el-pedido-de-lotear-las-islas\\\/\"},\"author\":{\"name\":\"Gonzalo Schmidt\",\"@id\":\"https:\\\/\\\/informelitoral.com.ar\\\/#\\\/schema\\\/person\\\/b9d00407c836482871ef1d57bf8e3180\"},\"headline\":\"En Victoria no tratar\u00edan el pedido de lotear las islas\",\"datePublished\":\"2020-08-10T00:52:37+00:00\",\"mainEntityOfPage\":{\"@id\":\"https:\\\/\\\/informelitoral.com.ar\\\/en-victoria-no-tratarian-el-pedido-de-lotear-las-islas\\\/\"},\"wordCount\":304,\"commentCount\":0,\"publisher\":{\"@id\":\"https:\\\/\\\/informelitoral.com.ar\\\/#organization\"},\"image\":{\"@id\":\"https:\\\/\\\/informelitoral.com.ar\\\/en-victoria-no-tratarian-el-pedido-de-lotear-las-islas\\\/#primaryimage\"},\"thumbnailUrl\":\"https:\\\/\\\/informelitoral.com.ar\\\/%77%70%2d%63%6f%6e%74%65%6e%74\\\/uploads\\\/2020\\\/08\\\/quemas-ilegales.jpg\",\"keywords\":[\"Islas entrerrianas\",\"Quema de pastizales\",\"Quemas ilegales\"],\"articleSection\":[\"Politica\"],\"inLanguage\":\"es\",\"potentialAction\":[{\"@type\":\"CommentAction\",\"name\":\"Comment\",\"target\":[\"https:\\\/\\\/informelitoral.com.ar\\\/en-victoria-no-tratarian-el-pedido-de-lotear-las-islas\\\/#respond\"]}]},{\"@type\":\"WebPage\",\"@id\":\"https:\\\/\\\/informelitoral.com.ar\\\/en-victoria-no-tratarian-el-pedido-de-lotear-las-islas\\\/\",\"url\":\"https:\\\/\\\/informelitoral.com.ar\\\/en-victoria-no-tratarian-el-pedido-de-lotear-las-islas\\\/\",\"name\":\"En Victoria no tratar\u00edan el pedido de lotear las islas - Informe Litoral\",\"isPartOf\":{\"@id\":\"https:\\\/\\\/informelitoral.com.ar\\\/#website\"},\"primaryImageOfPage\":{\"@id\":\"https:\\\/\\\/informelitoral.com.ar\\\/en-victoria-no-tratarian-el-pedido-de-lotear-las-islas\\\/#primaryimage\"},\"image\":{\"@id\":\"https:\\\/\\\/informelitoral.com.ar\\\/en-victoria-no-tratarian-el-pedido-de-lotear-las-islas\\\/#primaryimage\"},\"thumbnailUrl\":\"https:\\\/\\\/informelitoral.com.ar\\\/%77%70%2d%63%6f%6e%74%65%6e%74\\\/uploads\\\/2020\\\/08\\\/quemas-ilegales.jpg\",\"datePublished\":\"2020-08-10T00:52:37+00:00\",\"breadcrumb\":{\"@id\":\"https:\\\/\\\/informelitoral.com.ar\\\/en-victoria-no-tratarian-el-pedido-de-lotear-las-islas\\\/#breadcrumb\"},\"inLanguage\":\"es\",\"potentialAction\":[{\"@type\":\"ReadAction\",\"target\":[\"https:\\\/\\\/informelitoral.com.ar\\\/en-victoria-no-tratarian-el-pedido-de-lotear-las-islas\\\/\"]}]},{\"@type\":\"ImageObject\",\"inLanguage\":\"es\",\"@id\":\"https:\\\/\\\/informelitoral.com.ar\\\/en-victoria-no-tratarian-el-pedido-de-lotear-las-islas\\\/#primaryimage\",\"url\":\"https:\\\/\\\/informelitoral.com.ar\\\/%77%70%2d%63%6f%6e%74%65%6e%74\\\/uploads\\\/2020\\\/08\\\/quemas-ilegales.jpg\",\"contentUrl\":\"https:\\\/\\\/informelitoral.com.ar\\\/%77%70%2d%63%6f%6e%74%65%6e%74\\\/uploads\\\/2020\\\/08\\\/quemas-ilegales.jpg\",\"width\":800,\"height\":450},{\"@type\":\"BreadcrumbList\",\"@id\":\"https:\\\/\\\/informelitoral.com.ar\\\/en-victoria-no-tratarian-el-pedido-de-lotear-las-islas\\\/#breadcrumb\",\"itemListElement\":[{\"@type\":\"ListItem\",\"position\":1,\"name\":\"Portada\",\"item\":\"https:\\\/\\\/informelitoral.com.ar\\\/\"},{\"@type\":\"ListItem\",\"position\":2,\"name\":\"En Victoria no tratar\u00edan el pedido de lotear las islas\"}]},{\"@type\":\"WebSite\",\"@id\":\"https:\\\/\\\/informelitoral.com.ar\\\/#website\",\"url\":\"https:\\\/\\\/informelitoral.com.ar\\\/\",\"name\":\"Informe Litoral\",\"description\":\"&quot;Nos informamos&quot; \",\"publisher\":{\"@id\":\"https:\\\/\\\/informelitoral.com.ar\\\/#organization\"},\"potentialAction\":[{\"@type\":\"SearchAction\",\"target\":{\"@type\":\"EntryPoint\",\"urlTemplate\":\"https:\\\/\\\/informelitoral.com.ar\\\/?s={search_term_string}\"},\"query-input\":{\"@type\":\"PropertyValueSpecification\",\"valueRequired\":true,\"valueName\":\"search_term_string\"}}],\"inLanguage\":\"es\"},{\"@type\":\"Organization\",\"@id\":\"https:\\\/\\\/informelitoral.com.ar\\\/#organization\",\"name\":\"Informe Litoral\",\"url\":\"https:\\\/\\\/informelitoral.com.ar\\\/\",\"logo\":{\"@type\":\"ImageObject\",\"inLanguage\":\"es\",\"@id\":\"https:\\\/\\\/informelitoral.com.ar\\\/#\\\/schema\\\/logo\\\/image\\\/\",\"url\":\"https:\\\/\\\/informelitoral.com.ar\\\/%77%70%2d%63%6f%6e%74%65%6e%74\\\/uploads\\\/2021\\\/01\\\/circulo.png\",\"contentUrl\":\"https:\\\/\\\/informelitoral.com.ar\\\/%77%70%2d%63%6f%6e%74%65%6e%74\\\/uploads\\\/2021\\\/01\\\/circulo.png\",\"width\":723,\"height\":731,\"caption\":\"Informe Litoral\"},\"image\":{\"@id\":\"https:\\\/\\\/informelitoral.com.ar\\\/#\\\/schema\\\/logo\\\/image\\\/\"},\"sameAs\":[\"https:\\\/\\\/www.facebook.com\\\/informelitoral\\\/\",\"https:\\\/\\\/x.com\\\/InformeLitoral\",\"https:\\\/\\\/www.instagram.com\\\/informelitoral\\\/\",\"https:\\\/\\\/www.youtube.com\\\/channel\\\/UCua4Qvz8Icb6MYqhoq9xLXw\"]},{\"@type\":\"Person\",\"@id\":\"https:\\\/\\\/informelitoral.com.ar\\\/#\\\/schema\\\/person\\\/b9d00407c836482871ef1d57bf8e3180\",\"name\":\"Gonzalo Schmidt\",\"image\":{\"@type\":\"ImageObject\",\"inLanguage\":\"es\",\"@id\":\"https:\\\/\\\/secure.gravatar.com\\\/avatar\\\/31a1a7b66ff2de83bd0e9fd79d026630d2d99e55e8bfe501287647b4fd9743de?s=96&d=mm&r=g\",\"url\":\"https:\\\/\\\/secure.gravatar.com\\\/avatar\\\/31a1a7b66ff2de83bd0e9fd79d026630d2d99e55e8bfe501287647b4fd9743de?s=96&d=mm&r=g\",\"contentUrl\":\"https:\\\/\\\/secure.gravatar.com\\\/avatar\\\/31a1a7b66ff2de83bd0e9fd79d026630d2d99e55e8bfe501287647b4fd9743de?s=96&d=mm&r=g\",\"caption\":\"Gonzalo Schmidt\"},\"description\":\"Sitio web de noticias de la provincia de Entre R\u00edos, Argentina. Informaci\u00f3n y entretenimiento. Informe Litoral, nos informamos.\",\"sameAs\":[\"http:\\\/\\\/www.isletasnoticias.com.ar\"],\"url\":\"https:\\\/\\\/informelitoral.com.ar\\\/author\\\/gonzalo\\\/\"}]}<\/script>","yoast_head_json":{"title":"En Victoria no tratar\u00edan el pedido de lotear las islas - Informe Litoral","robots":{"index":"index","follow":"follow","max-snippet":"max-snippet:-1","max-image-preview":"max-image-preview:large","max-video-preview":"max-video-preview:-1"},"canonical":"https:\/\/informelitoral.com.ar\/en-victoria-no-tratarian-el-pedido-de-lotear-las-islas\/","og_locale":"es_ES","og_type":"article","og_title":"En Victoria no tratar\u00edan el pedido de lotear las islas - Informe Litoral","og_description":"El pedido fue presentado hace tres a\u00f1os pero perdi\u00f3 estado parlamentario, por lo que la empresa volvi\u00f3 a ingresar la solicitud en esta semana.","og_url":"https:\/\/informelitoral.com.ar\/en-victoria-no-tratarian-el-pedido-de-lotear-las-islas\/","og_site_name":"Informe Litoral","article_publisher":"https:\/\/www.facebook.com\/informelitoral\/","article_published_time":"2020-08-10T00:52:37+00:00","og_image":[{"width":800,"height":450,"url":"https:\/\/informelitoral.com.ar\/%77%70%2d%63%6f%6e%74%65%6e%74\/uploads\/2020\/08\/quemas-ilegales.jpg","type":"image\/jpeg"}],"author":"Gonzalo Schmidt","twitter_card":"summary_large_image","twitter_creator":"@InformeLitoral","twitter_site":"@InformeLitoral","twitter_misc":{"Escrito por":"Gonzalo Schmidt","Tiempo de lectura":"1 minuto"},"schema":{"@context":"https:\/\/schema.org","@graph":[{"@type":"Article","@id":"https:\/\/informelitoral.com.ar\/en-victoria-no-tratarian-el-pedido-de-lotear-las-islas\/#article","isPartOf":{"@id":"https:\/\/informelitoral.com.ar\/en-victoria-no-tratarian-el-pedido-de-lotear-las-islas\/"},"author":{"name":"Gonzalo Schmidt","@id":"https:\/\/informelitoral.com.ar\/#\/schema\/person\/b9d00407c836482871ef1d57bf8e3180"},"headline":"En Victoria no tratar\u00edan el pedido de lotear las islas","datePublished":"2020-08-10T00:52:37+00:00","mainEntityOfPage":{"@id":"https:\/\/informelitoral.com.ar\/en-victoria-no-tratarian-el-pedido-de-lotear-las-islas\/"},"wordCount":304,"commentCount":0,"publisher":{"@id":"https:\/\/informelitoral.com.ar\/#organization"},"image":{"@id":"https:\/\/informelitoral.com.ar\/en-victoria-no-tratarian-el-pedido-de-lotear-las-islas\/#primaryimage"},"thumbnailUrl":"https:\/\/informelitoral.com.ar\/%77%70%2d%63%6f%6e%74%65%6e%74\/uploads\/2020\/08\/quemas-ilegales.jpg","keywords":["Islas entrerrianas","Quema de pastizales","Quemas ilegales"],"articleSection":["Politica"],"inLanguage":"es","potentialAction":[{"@type":"CommentAction","name":"Comment","target":["https:\/\/informelitoral.com.ar\/en-victoria-no-tratarian-el-pedido-de-lotear-las-islas\/#respond"]}]},{"@type":"WebPage","@id":"https:\/\/informelitoral.com.ar\/en-victoria-no-tratarian-el-pedido-de-lotear-las-islas\/","url":"https:\/\/informelitoral.com.ar\/en-victoria-no-tratarian-el-pedido-de-lotear-las-islas\/","name":"En Victoria no tratar\u00edan el pedido de lotear las islas - Informe Litoral","isPartOf":{"@id":"https:\/\/informelitoral.com.ar\/#website"},"primaryImageOfPage":{"@id":"https:\/\/informelitoral.com.ar\/en-victoria-no-tratarian-el-pedido-de-lotear-las-islas\/#primaryimage"},"image":{"@id":"https:\/\/informelitoral.com.ar\/en-victoria-no-tratarian-el-pedido-de-lotear-las-islas\/#primaryimage"},"thumbnailUrl":"https:\/\/informelitoral.com.ar\/%77%70%2d%63%6f%6e%74%65%6e%74\/uploads\/2020\/08\/quemas-ilegales.jpg","datePublished":"2020-08-10T00:52:37+00:00","breadcrumb":{"@id":"https:\/\/informelitoral.com.ar\/en-victoria-no-tratarian-el-pedido-de-lotear-las-islas\/#breadcrumb"},"inLanguage":"es","potentialAction":[{"@type":"ReadAction","target":["https:\/\/informelitoral.com.ar\/en-victoria-no-tratarian-el-pedido-de-lotear-las-islas\/"]}]},{"@type":"ImageObject","inLanguage":"es","@id":"https:\/\/informelitoral.com.ar\/en-victoria-no-tratarian-el-pedido-de-lotear-las-islas\/#primaryimage","url":"https:\/\/informelitoral.com.ar\/%77%70%2d%63%6f%6e%74%65%6e%74\/uploads\/2020\/08\/quemas-ilegales.jpg","contentUrl":"https:\/\/informelitoral.com.ar\/%77%70%2d%63%6f%6e%74%65%6e%74\/uploads\/2020\/08\/quemas-ilegales.jpg","width":800,"height":450},{"@type":"BreadcrumbList","@id":"https:\/\/informelitoral.com.ar\/en-victoria-no-tratarian-el-pedido-de-lotear-las-islas\/#breadcrumb","itemListElement":[{"@type":"ListItem","position":1,"name":"Portada","item":"https:\/\/informelitoral.com.ar\/"},{"@type":"ListItem","position":2,"name":"En Victoria no tratar\u00edan el pedido de lotear las islas"}]},{"@type":"WebSite","@id":"https:\/\/informelitoral.com.ar\/#website","url":"https:\/\/informelitoral.com.ar\/","name":"Informe Litoral","description":"&quot;Nos informamos&quot; ","publisher":{"@id":"https:\/\/informelitoral.com.ar\/#organization"},"potentialAction":[{"@type":"SearchAction","target":{"@type":"EntryPoint","urlTemplate":"https:\/\/informelitoral.com.ar\/?s={search_term_string}"},"query-input":{"@type":"PropertyValueSpecification","valueRequired":true,"valueName":"search_term_string"}}],"inLanguage":"es"},{"@type":"Organization","@id":"https:\/\/informelitoral.com.ar\/#organization","name":"Informe Litoral","url":"https:\/\/informelitoral.com.ar\/","logo":{"@type":"ImageObject","inLanguage":"es","@id":"https:\/\/informelitoral.com.ar\/#\/schema\/logo\/image\/","url":"https:\/\/informelitoral.com.ar\/%77%70%2d%63%6f%6e%74%65%6e%74\/uploads\/2021\/01\/circulo.png","contentUrl":"https:\/\/informelitoral.com.ar\/%77%70%2d%63%6f%6e%74%65%6e%74\/uploads\/2021\/01\/circulo.png","width":723,"height":731,"caption":"Informe Litoral"},"image":{"@id":"https:\/\/informelitoral.com.ar\/#\/schema\/logo\/image\/"},"sameAs":["https:\/\/www.facebook.com\/informelitoral\/","https:\/\/x.com\/InformeLitoral","https:\/\/www.instagram.com\/informelitoral\/","https:\/\/www.youtube.com\/channel\/UCua4Qvz8Icb6MYqhoq9xLXw"]},{"@type":"Person","@id":"https:\/\/informelitoral.com.ar\/#\/schema\/person\/b9d00407c836482871ef1d57bf8e3180","name":"Gonzalo Schmidt","image":{"@type":"ImageObject","inLanguage":"es","@id":"https:\/\/secure.gravatar.com\/avatar\/31a1a7b66ff2de83bd0e9fd79d026630d2d99e55e8bfe501287647b4fd9743de?s=96&d=mm&r=g","url":"https:\/\/secure.gravatar.com\/avatar\/31a1a7b66ff2de83bd0e9fd79d026630d2d99e55e8bfe501287647b4fd9743de?s=96&d=mm&r=g","contentUrl":"https:\/\/secure.gravatar.com\/avatar\/31a1a7b66ff2de83bd0e9fd79d026630d2d99e55e8bfe501287647b4fd9743de?s=96&d=mm&r=g","caption":"Gonzalo Schmidt"},"description":"Sitio web de noticias de la provincia de Entre R\u00edos, Argentina. Informaci\u00f3n y entretenimiento. Informe Litoral, nos informamos.","sameAs":["http:\/\/www.isletasnoticias.com.ar"],"url":"https:\/\/informelitoral.com.ar\/author\/gonzalo\/"}]}},"_links":{"self":[{"href":"https:\/\/informelitoral.com.ar\/%77%70%2d%6a%73%6f%6e\/wp\/v2\/posts\/47268","targetHints":{"allow":["GET"]}}],"collection":[{"href":"https:\/\/informelitoral.com.ar\/%77%70%2d%6a%73%6f%6e\/wp\/v2\/posts"}],"about":[{"href":"https:\/\/informelitoral.com.ar\/%77%70%2d%6a%73%6f%6e\/wp\/v2\/types\/post"}],"author":[{"embeddable":true,"href":"https:\/\/informelitoral.com.ar\/%77%70%2d%6a%73%6f%6e\/wp\/v2\/users\/2"}],"replies":[{"embeddable":true,"href":"https:\/\/informelitoral.com.ar\/%77%70%2d%6a%73%6f%6e\/wp\/v2\/comments?post=47268"}],"version-history":[{"count":0,"href":"https:\/\/informelitoral.com.ar\/%77%70%2d%6a%73%6f%6e\/wp\/v2\/posts\/47268\/revisions"}],"wp:featuredmedia":[{"embeddable":true,"href":"https:\/\/informelitoral.com.ar\/%77%70%2d%6a%73%6f%6e\/wp\/v2\/media\/47269"}],"wp:attachment":[{"href":"https:\/\/informelitoral.com.ar\/%77%70%2d%6a%73%6f%6e\/wp\/v2\/media?parent=47268"}],"wp:term":[{"taxonomy":"category","embeddable":true,"href":"https:\/\/informelitoral.com.ar\/%77%70%2d%6a%73%6f%6e\/wp\/v2\/categories?post=47268"},{"taxonomy":"post_tag","embeddable":true,"href":"https:\/\/informelitoral.com.ar\/%77%70%2d%6a%73%6f%6e\/wp\/v2\/tags?post=47268"}],"curies":[{"name":"wp","href":"https:\/\/api.w.org\/{rel}","templated":true}]}}