{"id":46916,"date":"2020-08-03T19:44:27","date_gmt":"2020-08-03T22:44:27","guid":{"rendered":"https:\/\/www.isletasnoticias.com.ar\/?p=46916"},"modified":"2020-08-03T22:59:14","modified_gmt":"2020-08-04T01:59:14","slug":"bahl-hizo-cambios-en-su-gabinete-nuevos-nombres-para-transporte-y-obras-sanitarias","status":"publish","type":"post","link":"https:\/\/informelitoral.com.ar\/bahl-hizo-cambios-en-su-gabinete-nuevos-nombres-para-transporte-y-obras-sanitarias\/","title":{"rendered":"Bahl hizo cambios en su Gabinete: nuevos nombres para Transporte y Obras Sanitarias"},"content":{"rendered":"<p>\u201cSon j\u00f3venes profesionales con perfiles t\u00e9cnicos que ya integraban el staff de funcionarios de la Municipalidad en otra tarea y que tienen por objetivo en los pr\u00f3ximos meses encarar r\u00e1pidamente algunas de las metas que nos hemos propuesto a corto plazo\u201d, sostuvo Bahl. \u00abEs un cambio necesario para seguir haciendo m\u00e1s eficientes los servicios y para mejorar la gesti\u00f3n diaria\u00bb, agreg\u00f3.<\/p>\n<p>\u201cEstos cambios son normales y habituales en una gesti\u00f3n y obviamente cada vez que se producen, hay nuevas metas y objetivos concretos. Estoy convencido de que estos j\u00f3venes profesionales, que han demostrado un gran compromiso en estos ocho meses de gesti\u00f3n, van a llevar adelante una tarea acorde a lo que venimos planificando y a lo que d\u00eda a d\u00eda demanda el contribuyente en la ciudad de Paran\u00e1\u201d, se\u00f1al\u00f3 Bahl.<\/p>\n<p>El presidente municipal se mostr\u00f3 optimista en relaci\u00f3n con el trabajo a desempe\u00f1ar por P\u00e9rez Viecenz, refiri\u00e9ndose a la nueva incorporaci\u00f3n en el Gabinete en lugar de Lucila Haidar quien deja el cargo por cuestiones de salud pero seguir\u00e1 en el equipo del Intendente. \u201cEl objetivo es trabajar en la conexi\u00f3n e integraci\u00f3n de todos los barrios de la ciudad y en que los paranaenses tengamos m\u00e1s seguridad, orden y claridad para movernos. Es por eso que vamos a seguir trabajando en nuestro principal compromiso, que es continuar ordenando Paran\u00e1 para que todos podamos vivir mejor\u201d.<\/p>\n<p>P\u00e9rez Viecenz, adem\u00e1s de agradecer al intendente Bahl por la designaci\u00f3n y confianza depositada en relaci\u00f3n con su designaci\u00f3n, sostuvo: \u201cEsperamos retomar el camino de la planificaci\u00f3n que tiene la Secretar\u00eda y trabajar de la mejor manera para los vecinos de Paran\u00e1\u201d. Entre los nuevos objetivos, manifest\u00f3 que el Intendente ha sido claro en lo que compete al tema del tr\u00e1nsito y la movilidad urbana de la ciudad. \u201cNormas claras con mayor control, ordenamiento e incorporaci\u00f3n de tecnolog\u00eda. En este sentido lo que tiene que ver con la se\u00f1alizaci\u00f3n, semaforizaci\u00f3n, estacionamiento y el control urbano del transporte y del tr\u00e1nsito son esenciales para poder desarrollar esas tareas\u201d.<\/p>\n<p>Por su parte Juan Pablo Arroyo manifest\u00f3 que \u201cel Intendente me encomend\u00f3 abordar prioritariamente las tem\u00e1ticas del agua, cloacas y desag\u00fces y pretendemos abarcarlas en un programa integral desde Obras Sanitarias y Obras P\u00fablicas\u201d. Indic\u00f3 adem\u00e1s que en esta semana se comienza con algunos lineamientos establecidos en el \u00e1rea. \u201cBuscamos sectorizar la ciudad y comenzar a partir de la l\u00ednea de atenci\u00f3n gratuita 147 del Sistema de Atenci\u00f3n al Vecino (SAV) a canalizar los reclamos en un centro que se est\u00e1 habilitando y a partir de ah\u00ed ser m\u00e1s organizados en las tareas para poder abarcar no solo puntualmente una problem\u00e1tica, sino por zonas. Ir solucionando los problemas en forma integral\u201d.<\/p>\n<p><strong>Perfiles t\u00e9cnicos de los funcionarios designados<\/strong><\/p>\n<p>Juan Pablo Arroyo estaba a cargo de la subsecretar\u00eda de Proyectos e Innovaci\u00f3n Tecnol\u00f3gica de la Municipalidad de Paran\u00e1, dependiente de la Secretaria de Movilidad y Ordenamiento Urbano. Tambi\u00e9n fue Jefe de \u00c1rea de Generaci\u00f3n Distribuida y Energ\u00eda Sustentable, a cargo de los proyectos de Energ\u00edas Renovables en Enersa. Tiene 39 a\u00f1os y es Ingeniero Civil y Maestro Mayor de Obra.<\/p>\n<p>Maximiliano P\u00e9rez Viecenz se desempe\u00f1aba como subsecretario de Gobierno y Gesti\u00f3n P\u00fablica en la Municipalidad. Asumir\u00e1 como secretario de Seguridad Vial, Movilidad y Ordenamiento Urbano. Tiene 31 a\u00f1os, abogado y mediador; se ha desempe\u00f1ado como Asesor Legal administrativo y judicial, y como secretario de Gobierno y de Finanzas de la Municipalidad de Mar\u00eda Grande.<\/p>\n<p><strong>Los temas de la reuni\u00f3n de gabinete<\/strong><\/p>\n<p>Realizada este lunes en Casa de la Costa y encabezada por el Intendente y la viceintendenta, Andrea Zoff, los temas centrales fueron la marcha de la obra p\u00fablica, la prevenci\u00f3n y control del Covid 19 y las principales acciones que lleva adelante cada \u00e1rea.<\/p>\n","protected":false},"excerpt":{"rendered":"<p>En reuni\u00f3n de Gabinete, adem\u00e1s de abordar la agenda de temas de las diferentes \u00e1reas de la Municipalidad, el intendente Ad\u00e1n Bahl present\u00f3 a Maximiliano P\u00e9rez Viecenz y a Juan Pablo Arroyo, quienes asumir\u00e1n en la Secretar\u00eda de Seguridad Vial, Movilidad y Ordenamiento Urbano y la Subsecretar\u00eda de Obras Sanitarias, respectivamente.<\/p>\n","protected":false},"author":8,"featured_media":45707,"comment_status":"open","ping_status":"open","sticky":false,"template":"","format":"standard","meta":{"fifu_image_url":"","fifu_image_alt":"","footnotes":""},"categories":[6],"tags":[107,45,82],"class_list":{"0":"post-46916","1":"post","2":"type-post","3":"status-publish","4":"format-standard","5":"has-post-thumbnail","7":"category-entre-rios","8":"tag-obras-viales","9":"tag-parana","10":"tag-salud"},"yoast_head":"<title>Bahl hizo cambios en su Gabinete: nuevos nombres para Transporte y Obras Sanitarias - Informe Litoral<\/title>\n<meta name=\"robots\" content=\"index, follow, max-snippet:-1, max-image-preview:large, max-video-preview:-1\" \/>\n<link rel=\"canonical\" href=\"https:\/\/informelitoral.com.ar\/bahl-hizo-cambios-en-su-gabinete-nuevos-nombres-para-transporte-y-obras-sanitarias\/\" \/>\n<meta property=\"og:locale\" content=\"es_ES\" \/>\n<meta property=\"og:type\" content=\"article\" \/>\n<meta property=\"og:title\" content=\"Bahl hizo cambios en su Gabinete: nuevos nombres para Transporte y Obras Sanitarias - Informe Litoral\" \/>\n<meta property=\"og:description\" content=\"En reuni\u00f3n de Gabinete, adem\u00e1s de abordar la agenda de temas de las diferentes \u00e1reas de la Municipalidad, el intendente Ad\u00e1n Bahl present\u00f3 a Maximiliano P\u00e9rez Viecenz y a Juan Pablo Arroyo, quienes asumir\u00e1n en la Secretar\u00eda de Seguridad Vial, Movilidad y Ordenamiento Urbano y la Subsecretar\u00eda de Obras Sanitarias, respectivamente.\" \/>\n<meta property=\"og:url\" content=\"https:\/\/informelitoral.com.ar\/bahl-hizo-cambios-en-su-gabinete-nuevos-nombres-para-transporte-y-obras-sanitarias\/\" \/>\n<meta property=\"og:site_name\" content=\"Informe Litoral\" \/>\n<meta property=\"article:publisher\" content=\"https:\/\/www.facebook.com\/informelitoral\/\" \/>\n<meta property=\"article:published_time\" content=\"2020-08-03T22:44:27+00:00\" \/>\n<meta property=\"article:modified_time\" content=\"2020-08-04T01:59:14+00:00\" \/>\n<meta property=\"og:image\" content=\"https:\/\/informelitoral.com.ar\/%77%70%2d%63%6f%6e%74%65%6e%74\/uploads\/2020\/07\/bordetbahl.jpg\" \/>\n\t<meta property=\"og:image:width\" content=\"1366\" \/>\n\t<meta property=\"og:image:height\" content=\"768\" \/>\n\t<meta property=\"og:image:type\" content=\"image\/jpeg\" \/>\n<meta name=\"author\" content=\"Sebastian\" \/>\n<meta name=\"twitter:card\" content=\"summary_large_image\" \/>\n<meta name=\"twitter:creator\" content=\"@InformeLitoral\" \/>\n<meta name=\"twitter:site\" content=\"@InformeLitoral\" \/>\n<meta name=\"twitter:label1\" content=\"Escrito por\" \/>\n\t<meta name=\"twitter:data1\" content=\"Sebastian\" \/>\n\t<meta name=\"twitter:label2\" content=\"Tiempo de lectura\" \/>\n\t<meta name=\"twitter:data2\" content=\"3 minutos\" \/>\n<script type=\"application\/ld+json\" class=\"yoast-schema-graph\">{\"@context\":\"https:\\\/\\\/schema.org\",\"@graph\":[{\"@type\":\"Article\",\"@id\":\"https:\\\/\\\/informelitoral.com.ar\\\/bahl-hizo-cambios-en-su-gabinete-nuevos-nombres-para-transporte-y-obras-sanitarias\\\/#article\",\"isPartOf\":{\"@id\":\"https:\\\/\\\/informelitoral.com.ar\\\/bahl-hizo-cambios-en-su-gabinete-nuevos-nombres-para-transporte-y-obras-sanitarias\\\/\"},\"author\":{\"name\":\"Sebastian\",\"@id\":\"https:\\\/\\\/informelitoral.com.ar\\\/#\\\/schema\\\/person\\\/f05f9f461677119578717524b127d6d5\"},\"headline\":\"Bahl hizo cambios en su Gabinete: nuevos nombres para Transporte y Obras Sanitarias\",\"datePublished\":\"2020-08-03T22:44:27+00:00\",\"dateModified\":\"2020-08-04T01:59:14+00:00\",\"mainEntityOfPage\":{\"@id\":\"https:\\\/\\\/informelitoral.com.ar\\\/bahl-hizo-cambios-en-su-gabinete-nuevos-nombres-para-transporte-y-obras-sanitarias\\\/\"},\"wordCount\":688,\"commentCount\":0,\"publisher\":{\"@id\":\"https:\\\/\\\/informelitoral.com.ar\\\/#organization\"},\"image\":{\"@id\":\"https:\\\/\\\/informelitoral.com.ar\\\/bahl-hizo-cambios-en-su-gabinete-nuevos-nombres-para-transporte-y-obras-sanitarias\\\/#primaryimage\"},\"thumbnailUrl\":\"https:\\\/\\\/informelitoral.com.ar\\\/%77%70%2d%63%6f%6e%74%65%6e%74\\\/uploads\\\/2020\\\/07\\\/bordetbahl.jpg\",\"keywords\":[\"Obras viales\",\"Paran\u00e1\",\"Salud\"],\"articleSection\":[\"Entre R\u00edos\"],\"inLanguage\":\"es\",\"potentialAction\":[{\"@type\":\"CommentAction\",\"name\":\"Comment\",\"target\":[\"https:\\\/\\\/informelitoral.com.ar\\\/bahl-hizo-cambios-en-su-gabinete-nuevos-nombres-para-transporte-y-obras-sanitarias\\\/#respond\"]}]},{\"@type\":\"WebPage\",\"@id\":\"https:\\\/\\\/informelitoral.com.ar\\\/bahl-hizo-cambios-en-su-gabinete-nuevos-nombres-para-transporte-y-obras-sanitarias\\\/\",\"url\":\"https:\\\/\\\/informelitoral.com.ar\\\/bahl-hizo-cambios-en-su-gabinete-nuevos-nombres-para-transporte-y-obras-sanitarias\\\/\",\"name\":\"Bahl hizo cambios en su Gabinete: nuevos nombres para Transporte y Obras Sanitarias - Informe Litoral\",\"isPartOf\":{\"@id\":\"https:\\\/\\\/informelitoral.com.ar\\\/#website\"},\"primaryImageOfPage\":{\"@id\":\"https:\\\/\\\/informelitoral.com.ar\\\/bahl-hizo-cambios-en-su-gabinete-nuevos-nombres-para-transporte-y-obras-sanitarias\\\/#primaryimage\"},\"image\":{\"@id\":\"https:\\\/\\\/informelitoral.com.ar\\\/bahl-hizo-cambios-en-su-gabinete-nuevos-nombres-para-transporte-y-obras-sanitarias\\\/#primaryimage\"},\"thumbnailUrl\":\"https:\\\/\\\/informelitoral.com.ar\\\/%77%70%2d%63%6f%6e%74%65%6e%74\\\/uploads\\\/2020\\\/07\\\/bordetbahl.jpg\",\"datePublished\":\"2020-08-03T22:44:27+00:00\",\"dateModified\":\"2020-08-04T01:59:14+00:00\",\"breadcrumb\":{\"@id\":\"https:\\\/\\\/informelitoral.com.ar\\\/bahl-hizo-cambios-en-su-gabinete-nuevos-nombres-para-transporte-y-obras-sanitarias\\\/#breadcrumb\"},\"inLanguage\":\"es\",\"potentialAction\":[{\"@type\":\"ReadAction\",\"target\":[\"https:\\\/\\\/informelitoral.com.ar\\\/bahl-hizo-cambios-en-su-gabinete-nuevos-nombres-para-transporte-y-obras-sanitarias\\\/\"]}]},{\"@type\":\"ImageObject\",\"inLanguage\":\"es\",\"@id\":\"https:\\\/\\\/informelitoral.com.ar\\\/bahl-hizo-cambios-en-su-gabinete-nuevos-nombres-para-transporte-y-obras-sanitarias\\\/#primaryimage\",\"url\":\"https:\\\/\\\/informelitoral.com.ar\\\/%77%70%2d%63%6f%6e%74%65%6e%74\\\/uploads\\\/2020\\\/07\\\/bordetbahl.jpg\",\"contentUrl\":\"https:\\\/\\\/informelitoral.com.ar\\\/%77%70%2d%63%6f%6e%74%65%6e%74\\\/uploads\\\/2020\\\/07\\\/bordetbahl.jpg\",\"width\":1366,\"height\":768},{\"@type\":\"BreadcrumbList\",\"@id\":\"https:\\\/\\\/informelitoral.com.ar\\\/bahl-hizo-cambios-en-su-gabinete-nuevos-nombres-para-transporte-y-obras-sanitarias\\\/#breadcrumb\",\"itemListElement\":[{\"@type\":\"ListItem\",\"position\":1,\"name\":\"Portada\",\"item\":\"https:\\\/\\\/informelitoral.com.ar\\\/\"},{\"@type\":\"ListItem\",\"position\":2,\"name\":\"Bahl hizo cambios en su Gabinete: nuevos nombres para Transporte y Obras Sanitarias\"}]},{\"@type\":\"WebSite\",\"@id\":\"https:\\\/\\\/informelitoral.com.ar\\\/#website\",\"url\":\"https:\\\/\\\/informelitoral.com.ar\\\/\",\"name\":\"Informe Litoral\",\"description\":\"&quot;Nos informamos&quot; \",\"publisher\":{\"@id\":\"https:\\\/\\\/informelitoral.com.ar\\\/#organization\"},\"potentialAction\":[{\"@type\":\"SearchAction\",\"target\":{\"@type\":\"EntryPoint\",\"urlTemplate\":\"https:\\\/\\\/informelitoral.com.ar\\\/?s={search_term_string}\"},\"query-input\":{\"@type\":\"PropertyValueSpecification\",\"valueRequired\":true,\"valueName\":\"search_term_string\"}}],\"inLanguage\":\"es\"},{\"@type\":\"Organization\",\"@id\":\"https:\\\/\\\/informelitoral.com.ar\\\/#organization\",\"name\":\"Informe Litoral\",\"url\":\"https:\\\/\\\/informelitoral.com.ar\\\/\",\"logo\":{\"@type\":\"ImageObject\",\"inLanguage\":\"es\",\"@id\":\"https:\\\/\\\/informelitoral.com.ar\\\/#\\\/schema\\\/logo\\\/image\\\/\",\"url\":\"https:\\\/\\\/informelitoral.com.ar\\\/%77%70%2d%63%6f%6e%74%65%6e%74\\\/uploads\\\/2021\\\/01\\\/circulo.png\",\"contentUrl\":\"https:\\\/\\\/informelitoral.com.ar\\\/%77%70%2d%63%6f%6e%74%65%6e%74\\\/uploads\\\/2021\\\/01\\\/circulo.png\",\"width\":723,\"height\":731,\"caption\":\"Informe Litoral\"},\"image\":{\"@id\":\"https:\\\/\\\/informelitoral.com.ar\\\/#\\\/schema\\\/logo\\\/image\\\/\"},\"sameAs\":[\"https:\\\/\\\/www.facebook.com\\\/informelitoral\\\/\",\"https:\\\/\\\/x.com\\\/InformeLitoral\",\"https:\\\/\\\/www.instagram.com\\\/informelitoral\\\/\",\"https:\\\/\\\/www.youtube.com\\\/channel\\\/UCua4Qvz8Icb6MYqhoq9xLXw\"]},{\"@type\":\"Person\",\"@id\":\"https:\\\/\\\/informelitoral.com.ar\\\/#\\\/schema\\\/person\\\/f05f9f461677119578717524b127d6d5\",\"name\":\"Sebastian\",\"image\":{\"@type\":\"ImageObject\",\"inLanguage\":\"es\",\"@id\":\"https:\\\/\\\/secure.gravatar.com\\\/avatar\\\/b71bf7481d447dfb9583c7f2798e7cc64de6efb9067b74633ed8c31059a3bd82?s=96&d=mm&r=g\",\"url\":\"https:\\\/\\\/secure.gravatar.com\\\/avatar\\\/b71bf7481d447dfb9583c7f2798e7cc64de6efb9067b74633ed8c31059a3bd82?s=96&d=mm&r=g\",\"contentUrl\":\"https:\\\/\\\/secure.gravatar.com\\\/avatar\\\/b71bf7481d447dfb9583c7f2798e7cc64de6efb9067b74633ed8c31059a3bd82?s=96&d=mm&r=g\",\"caption\":\"Sebastian\"},\"url\":\"https:\\\/\\\/informelitoral.com.ar\\\/author\\\/sebastian\\\/\"}]}<\/script>","yoast_head_json":{"title":"Bahl hizo cambios en su Gabinete: nuevos nombres para Transporte y Obras Sanitarias - Informe Litoral","robots":{"index":"index","follow":"follow","max-snippet":"max-snippet:-1","max-image-preview":"max-image-preview:large","max-video-preview":"max-video-preview:-1"},"canonical":"https:\/\/informelitoral.com.ar\/bahl-hizo-cambios-en-su-gabinete-nuevos-nombres-para-transporte-y-obras-sanitarias\/","og_locale":"es_ES","og_type":"article","og_title":"Bahl hizo cambios en su Gabinete: nuevos nombres para Transporte y Obras Sanitarias - Informe Litoral","og_description":"En reuni\u00f3n de Gabinete, adem\u00e1s de abordar la agenda de temas de las diferentes \u00e1reas de la Municipalidad, el intendente Ad\u00e1n Bahl present\u00f3 a Maximiliano P\u00e9rez Viecenz y a Juan Pablo Arroyo, quienes asumir\u00e1n en la Secretar\u00eda de Seguridad Vial, Movilidad y Ordenamiento Urbano y la Subsecretar\u00eda de Obras Sanitarias, respectivamente.","og_url":"https:\/\/informelitoral.com.ar\/bahl-hizo-cambios-en-su-gabinete-nuevos-nombres-para-transporte-y-obras-sanitarias\/","og_site_name":"Informe Litoral","article_publisher":"https:\/\/www.facebook.com\/informelitoral\/","article_published_time":"2020-08-03T22:44:27+00:00","article_modified_time":"2020-08-04T01:59:14+00:00","og_image":[{"width":1366,"height":768,"url":"https:\/\/informelitoral.com.ar\/%77%70%2d%63%6f%6e%74%65%6e%74\/uploads\/2020\/07\/bordetbahl.jpg","type":"image\/jpeg"}],"author":"Sebastian","twitter_card":"summary_large_image","twitter_creator":"@InformeLitoral","twitter_site":"@InformeLitoral","twitter_misc":{"Escrito por":"Sebastian","Tiempo de lectura":"3 minutos"},"schema":{"@context":"https:\/\/schema.org","@graph":[{"@type":"Article","@id":"https:\/\/informelitoral.com.ar\/bahl-hizo-cambios-en-su-gabinete-nuevos-nombres-para-transporte-y-obras-sanitarias\/#article","isPartOf":{"@id":"https:\/\/informelitoral.com.ar\/bahl-hizo-cambios-en-su-gabinete-nuevos-nombres-para-transporte-y-obras-sanitarias\/"},"author":{"name":"Sebastian","@id":"https:\/\/informelitoral.com.ar\/#\/schema\/person\/f05f9f461677119578717524b127d6d5"},"headline":"Bahl hizo cambios en su Gabinete: nuevos nombres para Transporte y Obras Sanitarias","datePublished":"2020-08-03T22:44:27+00:00","dateModified":"2020-08-04T01:59:14+00:00","mainEntityOfPage":{"@id":"https:\/\/informelitoral.com.ar\/bahl-hizo-cambios-en-su-gabinete-nuevos-nombres-para-transporte-y-obras-sanitarias\/"},"wordCount":688,"commentCount":0,"publisher":{"@id":"https:\/\/informelitoral.com.ar\/#organization"},"image":{"@id":"https:\/\/informelitoral.com.ar\/bahl-hizo-cambios-en-su-gabinete-nuevos-nombres-para-transporte-y-obras-sanitarias\/#primaryimage"},"thumbnailUrl":"https:\/\/informelitoral.com.ar\/%77%70%2d%63%6f%6e%74%65%6e%74\/uploads\/2020\/07\/bordetbahl.jpg","keywords":["Obras viales","Paran\u00e1","Salud"],"articleSection":["Entre R\u00edos"],"inLanguage":"es","potentialAction":[{"@type":"CommentAction","name":"Comment","target":["https:\/\/informelitoral.com.ar\/bahl-hizo-cambios-en-su-gabinete-nuevos-nombres-para-transporte-y-obras-sanitarias\/#respond"]}]},{"@type":"WebPage","@id":"https:\/\/informelitoral.com.ar\/bahl-hizo-cambios-en-su-gabinete-nuevos-nombres-para-transporte-y-obras-sanitarias\/","url":"https:\/\/informelitoral.com.ar\/bahl-hizo-cambios-en-su-gabinete-nuevos-nombres-para-transporte-y-obras-sanitarias\/","name":"Bahl hizo cambios en su Gabinete: nuevos nombres para Transporte y Obras Sanitarias - Informe Litoral","isPartOf":{"@id":"https:\/\/informelitoral.com.ar\/#website"},"primaryImageOfPage":{"@id":"https:\/\/informelitoral.com.ar\/bahl-hizo-cambios-en-su-gabinete-nuevos-nombres-para-transporte-y-obras-sanitarias\/#primaryimage"},"image":{"@id":"https:\/\/informelitoral.com.ar\/bahl-hizo-cambios-en-su-gabinete-nuevos-nombres-para-transporte-y-obras-sanitarias\/#primaryimage"},"thumbnailUrl":"https:\/\/informelitoral.com.ar\/%77%70%2d%63%6f%6e%74%65%6e%74\/uploads\/2020\/07\/bordetbahl.jpg","datePublished":"2020-08-03T22:44:27+00:00","dateModified":"2020-08-04T01:59:14+00:00","breadcrumb":{"@id":"https:\/\/informelitoral.com.ar\/bahl-hizo-cambios-en-su-gabinete-nuevos-nombres-para-transporte-y-obras-sanitarias\/#breadcrumb"},"inLanguage":"es","potentialAction":[{"@type":"ReadAction","target":["https:\/\/informelitoral.com.ar\/bahl-hizo-cambios-en-su-gabinete-nuevos-nombres-para-transporte-y-obras-sanitarias\/"]}]},{"@type":"ImageObject","inLanguage":"es","@id":"https:\/\/informelitoral.com.ar\/bahl-hizo-cambios-en-su-gabinete-nuevos-nombres-para-transporte-y-obras-sanitarias\/#primaryimage","url":"https:\/\/informelitoral.com.ar\/%77%70%2d%63%6f%6e%74%65%6e%74\/uploads\/2020\/07\/bordetbahl.jpg","contentUrl":"https:\/\/informelitoral.com.ar\/%77%70%2d%63%6f%6e%74%65%6e%74\/uploads\/2020\/07\/bordetbahl.jpg","width":1366,"height":768},{"@type":"BreadcrumbList","@id":"https:\/\/informelitoral.com.ar\/bahl-hizo-cambios-en-su-gabinete-nuevos-nombres-para-transporte-y-obras-sanitarias\/#breadcrumb","itemListElement":[{"@type":"ListItem","position":1,"name":"Portada","item":"https:\/\/informelitoral.com.ar\/"},{"@type":"ListItem","position":2,"name":"Bahl hizo cambios en su Gabinete: nuevos nombres para Transporte y Obras Sanitarias"}]},{"@type":"WebSite","@id":"https:\/\/informelitoral.com.ar\/#website","url":"https:\/\/informelitoral.com.ar\/","name":"Informe Litoral","description":"&quot;Nos informamos&quot; ","publisher":{"@id":"https:\/\/informelitoral.com.ar\/#organization"},"potentialAction":[{"@type":"SearchAction","target":{"@type":"EntryPoint","urlTemplate":"https:\/\/informelitoral.com.ar\/?s={search_term_string}"},"query-input":{"@type":"PropertyValueSpecification","valueRequired":true,"valueName":"search_term_string"}}],"inLanguage":"es"},{"@type":"Organization","@id":"https:\/\/informelitoral.com.ar\/#organization","name":"Informe Litoral","url":"https:\/\/informelitoral.com.ar\/","logo":{"@type":"ImageObject","inLanguage":"es","@id":"https:\/\/informelitoral.com.ar\/#\/schema\/logo\/image\/","url":"https:\/\/informelitoral.com.ar\/%77%70%2d%63%6f%6e%74%65%6e%74\/uploads\/2021\/01\/circulo.png","contentUrl":"https:\/\/informelitoral.com.ar\/%77%70%2d%63%6f%6e%74%65%6e%74\/uploads\/2021\/01\/circulo.png","width":723,"height":731,"caption":"Informe Litoral"},"image":{"@id":"https:\/\/informelitoral.com.ar\/#\/schema\/logo\/image\/"},"sameAs":["https:\/\/www.facebook.com\/informelitoral\/","https:\/\/x.com\/InformeLitoral","https:\/\/www.instagram.com\/informelitoral\/","https:\/\/www.youtube.com\/channel\/UCua4Qvz8Icb6MYqhoq9xLXw"]},{"@type":"Person","@id":"https:\/\/informelitoral.com.ar\/#\/schema\/person\/f05f9f461677119578717524b127d6d5","name":"Sebastian","image":{"@type":"ImageObject","inLanguage":"es","@id":"https:\/\/secure.gravatar.com\/avatar\/b71bf7481d447dfb9583c7f2798e7cc64de6efb9067b74633ed8c31059a3bd82?s=96&d=mm&r=g","url":"https:\/\/secure.gravatar.com\/avatar\/b71bf7481d447dfb9583c7f2798e7cc64de6efb9067b74633ed8c31059a3bd82?s=96&d=mm&r=g","contentUrl":"https:\/\/secure.gravatar.com\/avatar\/b71bf7481d447dfb9583c7f2798e7cc64de6efb9067b74633ed8c31059a3bd82?s=96&d=mm&r=g","caption":"Sebastian"},"url":"https:\/\/informelitoral.com.ar\/author\/sebastian\/"}]}},"_links":{"self":[{"href":"https:\/\/informelitoral.com.ar\/%77%70%2d%6a%73%6f%6e\/wp\/v2\/posts\/46916","targetHints":{"allow":["GET"]}}],"collection":[{"href":"https:\/\/informelitoral.com.ar\/%77%70%2d%6a%73%6f%6e\/wp\/v2\/posts"}],"about":[{"href":"https:\/\/informelitoral.com.ar\/%77%70%2d%6a%73%6f%6e\/wp\/v2\/types\/post"}],"author":[{"embeddable":true,"href":"https:\/\/informelitoral.com.ar\/%77%70%2d%6a%73%6f%6e\/wp\/v2\/users\/8"}],"replies":[{"embeddable":true,"href":"https:\/\/informelitoral.com.ar\/%77%70%2d%6a%73%6f%6e\/wp\/v2\/comments?post=46916"}],"version-history":[{"count":0,"href":"https:\/\/informelitoral.com.ar\/%77%70%2d%6a%73%6f%6e\/wp\/v2\/posts\/46916\/revisions"}],"wp:featuredmedia":[{"embeddable":true,"href":"https:\/\/informelitoral.com.ar\/%77%70%2d%6a%73%6f%6e\/wp\/v2\/media\/45707"}],"wp:attachment":[{"href":"https:\/\/informelitoral.com.ar\/%77%70%2d%6a%73%6f%6e\/wp\/v2\/media?parent=46916"}],"wp:term":[{"taxonomy":"category","embeddable":true,"href":"https:\/\/informelitoral.com.ar\/%77%70%2d%6a%73%6f%6e\/wp\/v2\/categories?post=46916"},{"taxonomy":"post_tag","embeddable":true,"href":"https:\/\/informelitoral.com.ar\/%77%70%2d%6a%73%6f%6e\/wp\/v2\/tags?post=46916"}],"curies":[{"name":"wp","href":"https:\/\/api.w.org\/{rel}","templated":true}]}}