{"id":46901,"date":"2020-08-03T16:58:27","date_gmt":"2020-08-03T19:58:27","guid":{"rendered":"https:\/\/www.isletasnoticias.com.ar\/?p=46901"},"modified":"2020-08-03T17:00:23","modified_gmt":"2020-08-03T20:00:23","slug":"trabajan-en-la-estabilizacion-de-calles-en-barrio-ramirez-norte","status":"publish","type":"post","link":"https:\/\/informelitoral.com.ar\/trabajan-en-la-estabilizacion-de-calles-en-barrio-ramirez-norte\/","title":{"rendered":"Trabajan en la estabilizaci\u00f3n de calles en Barrio Ram\u00edrez Norte"},"content":{"rendered":"<p>En <strong>General Ram\u00edrez contin\u00faan con el mejorado de diferentes calles<\/strong>, cuyas obras estaban frenadas por la pandemia del COVID-19.<\/p>\n<p><a href=\"https:\/\/www.isletasnoticias.com.ar\/%77%70%2d%63%6f%6e%74%65%6e%74\/uploads\/2020\/08\/109781029_1685663098251272_932529405466148815_o.jpg\"><img loading=\"lazy\" decoding=\"async\" class=\"aligncenter wp-image-46902 size-large\" src=\"https:\/\/www.isletasnoticias.com.ar\/%77%70%2d%63%6f%6e%74%65%6e%74\/uploads\/2020\/08\/109781029_1685663098251272_932529405466148815_o-1024x683.jpg\" alt=\"\" width=\"696\" height=\"464\" srcset=\"https:\/\/informelitoral.com.ar\/%77%70%2d%63%6f%6e%74%65%6e%74\/uploads\/2020\/08\/109781029_1685663098251272_932529405466148815_o-1024x683.jpg 1024w, https:\/\/informelitoral.com.ar\/%77%70%2d%63%6f%6e%74%65%6e%74\/uploads\/2020\/08\/109781029_1685663098251272_932529405466148815_o-300x200.jpg 300w, https:\/\/informelitoral.com.ar\/%77%70%2d%63%6f%6e%74%65%6e%74\/uploads\/2020\/08\/109781029_1685663098251272_932529405466148815_o-768x512.jpg 768w, https:\/\/informelitoral.com.ar\/%77%70%2d%63%6f%6e%74%65%6e%74\/uploads\/2020\/08\/109781029_1685663098251272_932529405466148815_o-1536x1024.jpg 1536w, https:\/\/informelitoral.com.ar\/%77%70%2d%63%6f%6e%74%65%6e%74\/uploads\/2020\/08\/109781029_1685663098251272_932529405466148815_o-696x464.jpg 696w, https:\/\/informelitoral.com.ar\/%77%70%2d%63%6f%6e%74%65%6e%74\/uploads\/2020\/08\/109781029_1685663098251272_932529405466148815_o-1068x712.jpg 1068w, https:\/\/informelitoral.com.ar\/%77%70%2d%63%6f%6e%74%65%6e%74\/uploads\/2020\/08\/109781029_1685663098251272_932529405466148815_o-630x420.jpg 630w, https:\/\/informelitoral.com.ar\/%77%70%2d%63%6f%6e%74%65%6e%74\/uploads\/2020\/08\/109781029_1685663098251272_932529405466148815_o.jpg 2048w\" sizes=\"auto, (max-width: 696px) 100vw, 696px\" \/><\/a><\/p>\n<p>La Secretar\u00eda de Obras y Desarrollo Urbano a cargo de <strong>Maria Laura Ceballos<\/strong> est\u00e1 trabajando en el <strong>estabilizado de calles en Barrio Ram\u00edrez Norte.<\/strong><\/p>\n<p><strong><a href=\"https:\/\/www.isletasnoticias.com.ar\/%77%70%2d%63%6f%6e%74%65%6e%74\/uploads\/2020\/08\/116380813_1685663081584607_8061110413862827642_o.jpg\"><img loading=\"lazy\" decoding=\"async\" class=\"aligncenter wp-image-46903 size-large\" src=\"https:\/\/www.isletasnoticias.com.ar\/%77%70%2d%63%6f%6e%74%65%6e%74\/uploads\/2020\/08\/116380813_1685663081584607_8061110413862827642_o-1024x603.jpg\" alt=\"\" width=\"696\" height=\"410\" srcset=\"https:\/\/informelitoral.com.ar\/%77%70%2d%63%6f%6e%74%65%6e%74\/uploads\/2020\/08\/116380813_1685663081584607_8061110413862827642_o-1024x603.jpg 1024w, https:\/\/informelitoral.com.ar\/%77%70%2d%63%6f%6e%74%65%6e%74\/uploads\/2020\/08\/116380813_1685663081584607_8061110413862827642_o-300x177.jpg 300w, https:\/\/informelitoral.com.ar\/%77%70%2d%63%6f%6e%74%65%6e%74\/uploads\/2020\/08\/116380813_1685663081584607_8061110413862827642_o-768x452.jpg 768w, https:\/\/informelitoral.com.ar\/%77%70%2d%63%6f%6e%74%65%6e%74\/uploads\/2020\/08\/116380813_1685663081584607_8061110413862827642_o-1536x904.jpg 1536w, https:\/\/informelitoral.com.ar\/%77%70%2d%63%6f%6e%74%65%6e%74\/uploads\/2020\/08\/116380813_1685663081584607_8061110413862827642_o-696x410.jpg 696w, https:\/\/informelitoral.com.ar\/%77%70%2d%63%6f%6e%74%65%6e%74\/uploads\/2020\/08\/116380813_1685663081584607_8061110413862827642_o-1068x628.jpg 1068w, https:\/\/informelitoral.com.ar\/%77%70%2d%63%6f%6e%74%65%6e%74\/uploads\/2020\/08\/116380813_1685663081584607_8061110413862827642_o-714x420.jpg 714w, https:\/\/informelitoral.com.ar\/%77%70%2d%63%6f%6e%74%65%6e%74\/uploads\/2020\/08\/116380813_1685663081584607_8061110413862827642_o.jpg 2041w\" sizes=\"auto, (max-width: 696px) 100vw, 696px\" \/><\/a><\/strong><\/p>\n<p>Las tareas se realizan en calle <strong>Padre Schaab entre Echag\u00fce y Chacho Pe\u00f1aloza, junto con sus transversales J. F. Aldao, M. Dorrego, J.B. Bustos y F. Quiroga. Luego se continuar\u00e1 por Echag\u00fce y Lavalle.<\/strong><\/p>\n<p><strong><a href=\"https:\/\/www.isletasnoticias.com.ar\/%77%70%2d%63%6f%6e%74%65%6e%74\/uploads\/2020\/08\/116161295_1685663054917943_2445031477957076792_o.jpg\"><img loading=\"lazy\" decoding=\"async\" class=\"aligncenter wp-image-46905 size-large\" src=\"https:\/\/www.isletasnoticias.com.ar\/%77%70%2d%63%6f%6e%74%65%6e%74\/uploads\/2020\/08\/116161295_1685663054917943_2445031477957076792_o-1024x616.jpg\" alt=\"\" width=\"696\" height=\"419\" srcset=\"https:\/\/informelitoral.com.ar\/%77%70%2d%63%6f%6e%74%65%6e%74\/uploads\/2020\/08\/116161295_1685663054917943_2445031477957076792_o-1024x616.jpg 1024w, https:\/\/informelitoral.com.ar\/%77%70%2d%63%6f%6e%74%65%6e%74\/uploads\/2020\/08\/116161295_1685663054917943_2445031477957076792_o-300x181.jpg 300w, https:\/\/informelitoral.com.ar\/%77%70%2d%63%6f%6e%74%65%6e%74\/uploads\/2020\/08\/116161295_1685663054917943_2445031477957076792_o-768x462.jpg 768w, https:\/\/informelitoral.com.ar\/%77%70%2d%63%6f%6e%74%65%6e%74\/uploads\/2020\/08\/116161295_1685663054917943_2445031477957076792_o-1536x924.jpg 1536w, https:\/\/informelitoral.com.ar\/%77%70%2d%63%6f%6e%74%65%6e%74\/uploads\/2020\/08\/116161295_1685663054917943_2445031477957076792_o-696x419.jpg 696w, https:\/\/informelitoral.com.ar\/%77%70%2d%63%6f%6e%74%65%6e%74\/uploads\/2020\/08\/116161295_1685663054917943_2445031477957076792_o-1068x643.jpg 1068w, https:\/\/informelitoral.com.ar\/%77%70%2d%63%6f%6e%74%65%6e%74\/uploads\/2020\/08\/116161295_1685663054917943_2445031477957076792_o-698x420.jpg 698w, https:\/\/informelitoral.com.ar\/%77%70%2d%63%6f%6e%74%65%6e%74\/uploads\/2020\/08\/116161295_1685663054917943_2445031477957076792_o.jpg 1996w\" sizes=\"auto, (max-width: 696px) 100vw, 696px\" \/><\/a><\/strong><\/p>\n<p>En estos d\u00edas, \u00abse esta realizando la reposici\u00f3n y compactaci\u00f3n de la broza que permitir\u00e1 dar el nivel correspondiente que necesita la calle para su correcto drenaje. Posteriormente se terminar\u00e1 el trabajo colocando piedra mora como capa de rodamiento, logrando as\u00ed, su correcta estabilizaci\u00f3n\u00bb, explicaron desde la Secretar\u00eda.<\/p>\n<p><a href=\"https:\/\/www.isletasnoticias.com.ar\/%77%70%2d%63%6f%6e%74%65%6e%74\/uploads\/2020\/08\/116291072_1685663161584599_8412862731000674780_o.jpg\"><img loading=\"lazy\" decoding=\"async\" class=\"aligncenter wp-image-46906 size-large\" src=\"https:\/\/www.isletasnoticias.com.ar\/%77%70%2d%63%6f%6e%74%65%6e%74\/uploads\/2020\/08\/116291072_1685663161584599_8412862731000674780_o-1024x683.jpg\" alt=\"\" width=\"696\" height=\"464\" srcset=\"https:\/\/informelitoral.com.ar\/%77%70%2d%63%6f%6e%74%65%6e%74\/uploads\/2020\/08\/116291072_1685663161584599_8412862731000674780_o-1024x683.jpg 1024w, https:\/\/informelitoral.com.ar\/%77%70%2d%63%6f%6e%74%65%6e%74\/uploads\/2020\/08\/116291072_1685663161584599_8412862731000674780_o-300x200.jpg 300w, https:\/\/informelitoral.com.ar\/%77%70%2d%63%6f%6e%74%65%6e%74\/uploads\/2020\/08\/116291072_1685663161584599_8412862731000674780_o-768x512.jpg 768w, https:\/\/informelitoral.com.ar\/%77%70%2d%63%6f%6e%74%65%6e%74\/uploads\/2020\/08\/116291072_1685663161584599_8412862731000674780_o-1536x1024.jpg 1536w, https:\/\/informelitoral.com.ar\/%77%70%2d%63%6f%6e%74%65%6e%74\/uploads\/2020\/08\/116291072_1685663161584599_8412862731000674780_o-696x464.jpg 696w, https:\/\/informelitoral.com.ar\/%77%70%2d%63%6f%6e%74%65%6e%74\/uploads\/2020\/08\/116291072_1685663161584599_8412862731000674780_o-1068x712.jpg 1068w, https:\/\/informelitoral.com.ar\/%77%70%2d%63%6f%6e%74%65%6e%74\/uploads\/2020\/08\/116291072_1685663161584599_8412862731000674780_o-630x420.jpg 630w, https:\/\/informelitoral.com.ar\/%77%70%2d%63%6f%6e%74%65%6e%74\/uploads\/2020\/08\/116291072_1685663161584599_8412862731000674780_o.jpg 2048w\" sizes=\"auto, (max-width: 696px) 100vw, 696px\" \/><\/a><\/p>\n","protected":false},"excerpt":{"rendered":"<p>En estos d\u00edas, realizan la reposici\u00f3n y compactaci\u00f3n de la broza que permitir\u00e1 dar el nivel correspondiente que necesitan las v\u00edas de tr\u00e1nsito para su correcto drenaje. Las tareas est\u00e1n a cargo de la Secretar\u00eda de Obras y Desarrollo Urbano. <\/p>\n","protected":false},"author":2,"featured_media":46904,"comment_status":"open","ping_status":"open","sticky":false,"template":"","format":"standard","meta":{"fifu_image_url":"","fifu_image_alt":"","footnotes":""},"categories":[5],"tags":[556,1433,316,27],"class_list":{"0":"post-46901","1":"post","2":"type-post","3":"status-publish","4":"format-standard","5":"has-post-thumbnail","7":"category-zonales","8":"tag-general-ramirez","9":"tag-municipalidad-de-general-ramirez","10":"tag-obras-publicas","11":"tag-ramirez"},"yoast_head":"<title>Trabajan en la estabilizaci\u00f3n de calles en Barrio Ram\u00edrez Norte - Informe Litoral<\/title>\n<meta name=\"robots\" content=\"index, follow, max-snippet:-1, max-image-preview:large, max-video-preview:-1\" \/>\n<link rel=\"canonical\" href=\"https:\/\/informelitoral.com.ar\/trabajan-en-la-estabilizacion-de-calles-en-barrio-ramirez-norte\/\" \/>\n<meta property=\"og:locale\" content=\"es_ES\" \/>\n<meta property=\"og:type\" content=\"article\" \/>\n<meta property=\"og:title\" content=\"Trabajan en la estabilizaci\u00f3n de calles en Barrio Ram\u00edrez Norte - Informe Litoral\" \/>\n<meta property=\"og:description\" content=\"En estos d\u00edas, realizan la reposici\u00f3n y compactaci\u00f3n de la broza que permitir\u00e1 dar el nivel correspondiente que necesitan las v\u00edas de tr\u00e1nsito para su correcto drenaje. Las tareas est\u00e1n a cargo de la Secretar\u00eda de Obras y Desarrollo Urbano.\" \/>\n<meta property=\"og:url\" content=\"https:\/\/informelitoral.com.ar\/trabajan-en-la-estabilizacion-de-calles-en-barrio-ramirez-norte\/\" \/>\n<meta property=\"og:site_name\" content=\"Informe Litoral\" \/>\n<meta property=\"article:publisher\" content=\"https:\/\/www.facebook.com\/informelitoral\/\" \/>\n<meta property=\"article:published_time\" content=\"2020-08-03T19:58:27+00:00\" \/>\n<meta property=\"article:modified_time\" content=\"2020-08-03T20:00:23+00:00\" \/>\n<meta property=\"og:image\" content=\"https:\/\/informelitoral.com.ar\/%77%70%2d%63%6f%6e%74%65%6e%74\/uploads\/2020\/08\/116156302_1685663178251264_7904878653305272953_o.jpg\" \/>\n\t<meta property=\"og:image:width\" content=\"2048\" \/>\n\t<meta property=\"og:image:height\" content=\"1365\" \/>\n\t<meta property=\"og:image:type\" content=\"image\/jpeg\" \/>\n<meta name=\"author\" content=\"Gonzalo Schmidt\" \/>\n<meta name=\"twitter:card\" content=\"summary_large_image\" \/>\n<meta name=\"twitter:creator\" content=\"@InformeLitoral\" \/>\n<meta name=\"twitter:site\" content=\"@InformeLitoral\" \/>\n<meta name=\"twitter:label1\" content=\"Escrito por\" \/>\n\t<meta name=\"twitter:data1\" content=\"Gonzalo Schmidt\" \/>\n\t<meta name=\"twitter:label2\" content=\"Tiempo de lectura\" \/>\n\t<meta name=\"twitter:data2\" content=\"1 minuto\" \/>\n<script type=\"application\/ld+json\" class=\"yoast-schema-graph\">{\"@context\":\"https:\\\/\\\/schema.org\",\"@graph\":[{\"@type\":\"Article\",\"@id\":\"https:\\\/\\\/informelitoral.com.ar\\\/trabajan-en-la-estabilizacion-de-calles-en-barrio-ramirez-norte\\\/#article\",\"isPartOf\":{\"@id\":\"https:\\\/\\\/informelitoral.com.ar\\\/trabajan-en-la-estabilizacion-de-calles-en-barrio-ramirez-norte\\\/\"},\"author\":{\"name\":\"Gonzalo Schmidt\",\"@id\":\"https:\\\/\\\/informelitoral.com.ar\\\/#\\\/schema\\\/person\\\/b9d00407c836482871ef1d57bf8e3180\"},\"headline\":\"Trabajan en la estabilizaci\u00f3n de calles en Barrio Ram\u00edrez Norte\",\"datePublished\":\"2020-08-03T19:58:27+00:00\",\"dateModified\":\"2020-08-03T20:00:23+00:00\",\"mainEntityOfPage\":{\"@id\":\"https:\\\/\\\/informelitoral.com.ar\\\/trabajan-en-la-estabilizacion-de-calles-en-barrio-ramirez-norte\\\/\"},\"wordCount\":150,\"commentCount\":0,\"publisher\":{\"@id\":\"https:\\\/\\\/informelitoral.com.ar\\\/#organization\"},\"image\":{\"@id\":\"https:\\\/\\\/informelitoral.com.ar\\\/trabajan-en-la-estabilizacion-de-calles-en-barrio-ramirez-norte\\\/#primaryimage\"},\"thumbnailUrl\":\"https:\\\/\\\/informelitoral.com.ar\\\/%77%70%2d%63%6f%6e%74%65%6e%74\\\/uploads\\\/2020\\\/08\\\/116156302_1685663178251264_7904878653305272953_o.jpg\",\"keywords\":[\"General Ram\u00edrez\",\"Municipalidad de General Ram\u00edrez\",\"Obras p\u00fablicas\",\"Ram\u00edrez\"],\"articleSection\":[\"Departamento Diamante\"],\"inLanguage\":\"es\",\"potentialAction\":[{\"@type\":\"CommentAction\",\"name\":\"Comment\",\"target\":[\"https:\\\/\\\/informelitoral.com.ar\\\/trabajan-en-la-estabilizacion-de-calles-en-barrio-ramirez-norte\\\/#respond\"]}]},{\"@type\":\"WebPage\",\"@id\":\"https:\\\/\\\/informelitoral.com.ar\\\/trabajan-en-la-estabilizacion-de-calles-en-barrio-ramirez-norte\\\/\",\"url\":\"https:\\\/\\\/informelitoral.com.ar\\\/trabajan-en-la-estabilizacion-de-calles-en-barrio-ramirez-norte\\\/\",\"name\":\"Trabajan en la estabilizaci\u00f3n de calles en Barrio Ram\u00edrez Norte - Informe Litoral\",\"isPartOf\":{\"@id\":\"https:\\\/\\\/informelitoral.com.ar\\\/#website\"},\"primaryImageOfPage\":{\"@id\":\"https:\\\/\\\/informelitoral.com.ar\\\/trabajan-en-la-estabilizacion-de-calles-en-barrio-ramirez-norte\\\/#primaryimage\"},\"image\":{\"@id\":\"https:\\\/\\\/informelitoral.com.ar\\\/trabajan-en-la-estabilizacion-de-calles-en-barrio-ramirez-norte\\\/#primaryimage\"},\"thumbnailUrl\":\"https:\\\/\\\/informelitoral.com.ar\\\/%77%70%2d%63%6f%6e%74%65%6e%74\\\/uploads\\\/2020\\\/08\\\/116156302_1685663178251264_7904878653305272953_o.jpg\",\"datePublished\":\"2020-08-03T19:58:27+00:00\",\"dateModified\":\"2020-08-03T20:00:23+00:00\",\"breadcrumb\":{\"@id\":\"https:\\\/\\\/informelitoral.com.ar\\\/trabajan-en-la-estabilizacion-de-calles-en-barrio-ramirez-norte\\\/#breadcrumb\"},\"inLanguage\":\"es\",\"potentialAction\":[{\"@type\":\"ReadAction\",\"target\":[\"https:\\\/\\\/informelitoral.com.ar\\\/trabajan-en-la-estabilizacion-de-calles-en-barrio-ramirez-norte\\\/\"]}]},{\"@type\":\"ImageObject\",\"inLanguage\":\"es\",\"@id\":\"https:\\\/\\\/informelitoral.com.ar\\\/trabajan-en-la-estabilizacion-de-calles-en-barrio-ramirez-norte\\\/#primaryimage\",\"url\":\"https:\\\/\\\/informelitoral.com.ar\\\/%77%70%2d%63%6f%6e%74%65%6e%74\\\/uploads\\\/2020\\\/08\\\/116156302_1685663178251264_7904878653305272953_o.jpg\",\"contentUrl\":\"https:\\\/\\\/informelitoral.com.ar\\\/%77%70%2d%63%6f%6e%74%65%6e%74\\\/uploads\\\/2020\\\/08\\\/116156302_1685663178251264_7904878653305272953_o.jpg\",\"width\":2048,\"height\":1365},{\"@type\":\"BreadcrumbList\",\"@id\":\"https:\\\/\\\/informelitoral.com.ar\\\/trabajan-en-la-estabilizacion-de-calles-en-barrio-ramirez-norte\\\/#breadcrumb\",\"itemListElement\":[{\"@type\":\"ListItem\",\"position\":1,\"name\":\"Portada\",\"item\":\"https:\\\/\\\/informelitoral.com.ar\\\/\"},{\"@type\":\"ListItem\",\"position\":2,\"name\":\"Trabajan en la estabilizaci\u00f3n de calles en Barrio Ram\u00edrez Norte\"}]},{\"@type\":\"WebSite\",\"@id\":\"https:\\\/\\\/informelitoral.com.ar\\\/#website\",\"url\":\"https:\\\/\\\/informelitoral.com.ar\\\/\",\"name\":\"Informe Litoral\",\"description\":\"&quot;Nos informamos&quot; \",\"publisher\":{\"@id\":\"https:\\\/\\\/informelitoral.com.ar\\\/#organization\"},\"potentialAction\":[{\"@type\":\"SearchAction\",\"target\":{\"@type\":\"EntryPoint\",\"urlTemplate\":\"https:\\\/\\\/informelitoral.com.ar\\\/?s={search_term_string}\"},\"query-input\":{\"@type\":\"PropertyValueSpecification\",\"valueRequired\":true,\"valueName\":\"search_term_string\"}}],\"inLanguage\":\"es\"},{\"@type\":\"Organization\",\"@id\":\"https:\\\/\\\/informelitoral.com.ar\\\/#organization\",\"name\":\"Informe Litoral\",\"url\":\"https:\\\/\\\/informelitoral.com.ar\\\/\",\"logo\":{\"@type\":\"ImageObject\",\"inLanguage\":\"es\",\"@id\":\"https:\\\/\\\/informelitoral.com.ar\\\/#\\\/schema\\\/logo\\\/image\\\/\",\"url\":\"https:\\\/\\\/informelitoral.com.ar\\\/%77%70%2d%63%6f%6e%74%65%6e%74\\\/uploads\\\/2021\\\/01\\\/circulo.png\",\"contentUrl\":\"https:\\\/\\\/informelitoral.com.ar\\\/%77%70%2d%63%6f%6e%74%65%6e%74\\\/uploads\\\/2021\\\/01\\\/circulo.png\",\"width\":723,\"height\":731,\"caption\":\"Informe Litoral\"},\"image\":{\"@id\":\"https:\\\/\\\/informelitoral.com.ar\\\/#\\\/schema\\\/logo\\\/image\\\/\"},\"sameAs\":[\"https:\\\/\\\/www.facebook.com\\\/informelitoral\\\/\",\"https:\\\/\\\/x.com\\\/InformeLitoral\",\"https:\\\/\\\/www.instagram.com\\\/informelitoral\\\/\",\"https:\\\/\\\/www.youtube.com\\\/channel\\\/UCua4Qvz8Icb6MYqhoq9xLXw\"]},{\"@type\":\"Person\",\"@id\":\"https:\\\/\\\/informelitoral.com.ar\\\/#\\\/schema\\\/person\\\/b9d00407c836482871ef1d57bf8e3180\",\"name\":\"Gonzalo Schmidt\",\"image\":{\"@type\":\"ImageObject\",\"inLanguage\":\"es\",\"@id\":\"https:\\\/\\\/secure.gravatar.com\\\/avatar\\\/31a1a7b66ff2de83bd0e9fd79d026630d2d99e55e8bfe501287647b4fd9743de?s=96&d=mm&r=g\",\"url\":\"https:\\\/\\\/secure.gravatar.com\\\/avatar\\\/31a1a7b66ff2de83bd0e9fd79d026630d2d99e55e8bfe501287647b4fd9743de?s=96&d=mm&r=g\",\"contentUrl\":\"https:\\\/\\\/secure.gravatar.com\\\/avatar\\\/31a1a7b66ff2de83bd0e9fd79d026630d2d99e55e8bfe501287647b4fd9743de?s=96&d=mm&r=g\",\"caption\":\"Gonzalo Schmidt\"},\"description\":\"Sitio web de noticias de la provincia de Entre R\u00edos, Argentina. Informaci\u00f3n y entretenimiento. Informe Litoral, nos informamos.\",\"sameAs\":[\"http:\\\/\\\/www.isletasnoticias.com.ar\"],\"url\":\"https:\\\/\\\/informelitoral.com.ar\\\/author\\\/gonzalo\\\/\"}]}<\/script>","yoast_head_json":{"title":"Trabajan en la estabilizaci\u00f3n de calles en Barrio Ram\u00edrez Norte - Informe Litoral","robots":{"index":"index","follow":"follow","max-snippet":"max-snippet:-1","max-image-preview":"max-image-preview:large","max-video-preview":"max-video-preview:-1"},"canonical":"https:\/\/informelitoral.com.ar\/trabajan-en-la-estabilizacion-de-calles-en-barrio-ramirez-norte\/","og_locale":"es_ES","og_type":"article","og_title":"Trabajan en la estabilizaci\u00f3n de calles en Barrio Ram\u00edrez Norte - Informe Litoral","og_description":"En estos d\u00edas, realizan la reposici\u00f3n y compactaci\u00f3n de la broza que permitir\u00e1 dar el nivel correspondiente que necesitan las v\u00edas de tr\u00e1nsito para su correcto drenaje. Las tareas est\u00e1n a cargo de la Secretar\u00eda de Obras y Desarrollo Urbano.","og_url":"https:\/\/informelitoral.com.ar\/trabajan-en-la-estabilizacion-de-calles-en-barrio-ramirez-norte\/","og_site_name":"Informe Litoral","article_publisher":"https:\/\/www.facebook.com\/informelitoral\/","article_published_time":"2020-08-03T19:58:27+00:00","article_modified_time":"2020-08-03T20:00:23+00:00","og_image":[{"width":2048,"height":1365,"url":"https:\/\/informelitoral.com.ar\/%77%70%2d%63%6f%6e%74%65%6e%74\/uploads\/2020\/08\/116156302_1685663178251264_7904878653305272953_o.jpg","type":"image\/jpeg"}],"author":"Gonzalo Schmidt","twitter_card":"summary_large_image","twitter_creator":"@InformeLitoral","twitter_site":"@InformeLitoral","twitter_misc":{"Escrito por":"Gonzalo Schmidt","Tiempo de lectura":"1 minuto"},"schema":{"@context":"https:\/\/schema.org","@graph":[{"@type":"Article","@id":"https:\/\/informelitoral.com.ar\/trabajan-en-la-estabilizacion-de-calles-en-barrio-ramirez-norte\/#article","isPartOf":{"@id":"https:\/\/informelitoral.com.ar\/trabajan-en-la-estabilizacion-de-calles-en-barrio-ramirez-norte\/"},"author":{"name":"Gonzalo Schmidt","@id":"https:\/\/informelitoral.com.ar\/#\/schema\/person\/b9d00407c836482871ef1d57bf8e3180"},"headline":"Trabajan en la estabilizaci\u00f3n de calles en Barrio Ram\u00edrez Norte","datePublished":"2020-08-03T19:58:27+00:00","dateModified":"2020-08-03T20:00:23+00:00","mainEntityOfPage":{"@id":"https:\/\/informelitoral.com.ar\/trabajan-en-la-estabilizacion-de-calles-en-barrio-ramirez-norte\/"},"wordCount":150,"commentCount":0,"publisher":{"@id":"https:\/\/informelitoral.com.ar\/#organization"},"image":{"@id":"https:\/\/informelitoral.com.ar\/trabajan-en-la-estabilizacion-de-calles-en-barrio-ramirez-norte\/#primaryimage"},"thumbnailUrl":"https:\/\/informelitoral.com.ar\/%77%70%2d%63%6f%6e%74%65%6e%74\/uploads\/2020\/08\/116156302_1685663178251264_7904878653305272953_o.jpg","keywords":["General Ram\u00edrez","Municipalidad de General Ram\u00edrez","Obras p\u00fablicas","Ram\u00edrez"],"articleSection":["Departamento Diamante"],"inLanguage":"es","potentialAction":[{"@type":"CommentAction","name":"Comment","target":["https:\/\/informelitoral.com.ar\/trabajan-en-la-estabilizacion-de-calles-en-barrio-ramirez-norte\/#respond"]}]},{"@type":"WebPage","@id":"https:\/\/informelitoral.com.ar\/trabajan-en-la-estabilizacion-de-calles-en-barrio-ramirez-norte\/","url":"https:\/\/informelitoral.com.ar\/trabajan-en-la-estabilizacion-de-calles-en-barrio-ramirez-norte\/","name":"Trabajan en la estabilizaci\u00f3n de calles en Barrio Ram\u00edrez Norte - Informe Litoral","isPartOf":{"@id":"https:\/\/informelitoral.com.ar\/#website"},"primaryImageOfPage":{"@id":"https:\/\/informelitoral.com.ar\/trabajan-en-la-estabilizacion-de-calles-en-barrio-ramirez-norte\/#primaryimage"},"image":{"@id":"https:\/\/informelitoral.com.ar\/trabajan-en-la-estabilizacion-de-calles-en-barrio-ramirez-norte\/#primaryimage"},"thumbnailUrl":"https:\/\/informelitoral.com.ar\/%77%70%2d%63%6f%6e%74%65%6e%74\/uploads\/2020\/08\/116156302_1685663178251264_7904878653305272953_o.jpg","datePublished":"2020-08-03T19:58:27+00:00","dateModified":"2020-08-03T20:00:23+00:00","breadcrumb":{"@id":"https:\/\/informelitoral.com.ar\/trabajan-en-la-estabilizacion-de-calles-en-barrio-ramirez-norte\/#breadcrumb"},"inLanguage":"es","potentialAction":[{"@type":"ReadAction","target":["https:\/\/informelitoral.com.ar\/trabajan-en-la-estabilizacion-de-calles-en-barrio-ramirez-norte\/"]}]},{"@type":"ImageObject","inLanguage":"es","@id":"https:\/\/informelitoral.com.ar\/trabajan-en-la-estabilizacion-de-calles-en-barrio-ramirez-norte\/#primaryimage","url":"https:\/\/informelitoral.com.ar\/%77%70%2d%63%6f%6e%74%65%6e%74\/uploads\/2020\/08\/116156302_1685663178251264_7904878653305272953_o.jpg","contentUrl":"https:\/\/informelitoral.com.ar\/%77%70%2d%63%6f%6e%74%65%6e%74\/uploads\/2020\/08\/116156302_1685663178251264_7904878653305272953_o.jpg","width":2048,"height":1365},{"@type":"BreadcrumbList","@id":"https:\/\/informelitoral.com.ar\/trabajan-en-la-estabilizacion-de-calles-en-barrio-ramirez-norte\/#breadcrumb","itemListElement":[{"@type":"ListItem","position":1,"name":"Portada","item":"https:\/\/informelitoral.com.ar\/"},{"@type":"ListItem","position":2,"name":"Trabajan en la estabilizaci\u00f3n de calles en Barrio Ram\u00edrez Norte"}]},{"@type":"WebSite","@id":"https:\/\/informelitoral.com.ar\/#website","url":"https:\/\/informelitoral.com.ar\/","name":"Informe Litoral","description":"&quot;Nos informamos&quot; ","publisher":{"@id":"https:\/\/informelitoral.com.ar\/#organization"},"potentialAction":[{"@type":"SearchAction","target":{"@type":"EntryPoint","urlTemplate":"https:\/\/informelitoral.com.ar\/?s={search_term_string}"},"query-input":{"@type":"PropertyValueSpecification","valueRequired":true,"valueName":"search_term_string"}}],"inLanguage":"es"},{"@type":"Organization","@id":"https:\/\/informelitoral.com.ar\/#organization","name":"Informe Litoral","url":"https:\/\/informelitoral.com.ar\/","logo":{"@type":"ImageObject","inLanguage":"es","@id":"https:\/\/informelitoral.com.ar\/#\/schema\/logo\/image\/","url":"https:\/\/informelitoral.com.ar\/%77%70%2d%63%6f%6e%74%65%6e%74\/uploads\/2021\/01\/circulo.png","contentUrl":"https:\/\/informelitoral.com.ar\/%77%70%2d%63%6f%6e%74%65%6e%74\/uploads\/2021\/01\/circulo.png","width":723,"height":731,"caption":"Informe Litoral"},"image":{"@id":"https:\/\/informelitoral.com.ar\/#\/schema\/logo\/image\/"},"sameAs":["https:\/\/www.facebook.com\/informelitoral\/","https:\/\/x.com\/InformeLitoral","https:\/\/www.instagram.com\/informelitoral\/","https:\/\/www.youtube.com\/channel\/UCua4Qvz8Icb6MYqhoq9xLXw"]},{"@type":"Person","@id":"https:\/\/informelitoral.com.ar\/#\/schema\/person\/b9d00407c836482871ef1d57bf8e3180","name":"Gonzalo Schmidt","image":{"@type":"ImageObject","inLanguage":"es","@id":"https:\/\/secure.gravatar.com\/avatar\/31a1a7b66ff2de83bd0e9fd79d026630d2d99e55e8bfe501287647b4fd9743de?s=96&d=mm&r=g","url":"https:\/\/secure.gravatar.com\/avatar\/31a1a7b66ff2de83bd0e9fd79d026630d2d99e55e8bfe501287647b4fd9743de?s=96&d=mm&r=g","contentUrl":"https:\/\/secure.gravatar.com\/avatar\/31a1a7b66ff2de83bd0e9fd79d026630d2d99e55e8bfe501287647b4fd9743de?s=96&d=mm&r=g","caption":"Gonzalo Schmidt"},"description":"Sitio web de noticias de la provincia de Entre R\u00edos, Argentina. Informaci\u00f3n y entretenimiento. Informe Litoral, nos informamos.","sameAs":["http:\/\/www.isletasnoticias.com.ar"],"url":"https:\/\/informelitoral.com.ar\/author\/gonzalo\/"}]}},"_links":{"self":[{"href":"https:\/\/informelitoral.com.ar\/%77%70%2d%6a%73%6f%6e\/wp\/v2\/posts\/46901","targetHints":{"allow":["GET"]}}],"collection":[{"href":"https:\/\/informelitoral.com.ar\/%77%70%2d%6a%73%6f%6e\/wp\/v2\/posts"}],"about":[{"href":"https:\/\/informelitoral.com.ar\/%77%70%2d%6a%73%6f%6e\/wp\/v2\/types\/post"}],"author":[{"embeddable":true,"href":"https:\/\/informelitoral.com.ar\/%77%70%2d%6a%73%6f%6e\/wp\/v2\/users\/2"}],"replies":[{"embeddable":true,"href":"https:\/\/informelitoral.com.ar\/%77%70%2d%6a%73%6f%6e\/wp\/v2\/comments?post=46901"}],"version-history":[{"count":0,"href":"https:\/\/informelitoral.com.ar\/%77%70%2d%6a%73%6f%6e\/wp\/v2\/posts\/46901\/revisions"}],"wp:featuredmedia":[{"embeddable":true,"href":"https:\/\/informelitoral.com.ar\/%77%70%2d%6a%73%6f%6e\/wp\/v2\/media\/46904"}],"wp:attachment":[{"href":"https:\/\/informelitoral.com.ar\/%77%70%2d%6a%73%6f%6e\/wp\/v2\/media?parent=46901"}],"wp:term":[{"taxonomy":"category","embeddable":true,"href":"https:\/\/informelitoral.com.ar\/%77%70%2d%6a%73%6f%6e\/wp\/v2\/categories?post=46901"},{"taxonomy":"post_tag","embeddable":true,"href":"https:\/\/informelitoral.com.ar\/%77%70%2d%6a%73%6f%6e\/wp\/v2\/tags?post=46901"}],"curies":[{"name":"wp","href":"https:\/\/api.w.org\/{rel}","templated":true}]}}