{"id":4689,"date":"2013-12-13T09:22:47","date_gmt":"2013-12-13T12:22:47","guid":{"rendered":"http:\/\/www.isletasnoticias.com.ar\/?p=4689"},"modified":"2013-12-13T21:34:47","modified_gmt":"2013-12-14T00:34:47","slug":"hay-fiesta-de-fin-de-curso-en-la-14-la-27-y-la-32","status":"publish","type":"post","link":"https:\/\/informelitoral.com.ar\/hay-fiesta-de-fin-de-curso-en-la-14-la-27-y-la-32\/","title":{"rendered":"Hay fiesta de fin de curso en la 14 y la 27"},"content":{"rendered":"<p><strong>Ser\u00e1 en la noche de este viernes 13. Una escuela realizar\u00e1 una cena a la canasta, mientras que la restante har\u00e1 una fiesta para todo p\u00fablico. Hay egresados.<\/strong><\/p>\n<p style=\"text-align: left;\"><a href=\"http:\/\/www.isletasnoticias.com.ar\/%77%70%2d%63%6f%6e%74%65%6e%74\/uploads\/2013\/12\/Imagen0241.jpg\"><img loading=\"lazy\" decoding=\"async\" class=\"size-medium wp-image-4711 aligncenter\" title=\"Escuela N\u00b0 14, Hip\u00f3lito Vieytes.\" alt=\"Imagen0241\" src=\"http:\/\/www.isletasnoticias.com.ar\/%77%70%2d%63%6f%6e%74%65%6e%74\/uploads\/2013\/12\/Imagen0241-300x225.jpg\" width=\"300\" height=\"225\" srcset=\"https:\/\/informelitoral.com.ar\/%77%70%2d%63%6f%6e%74%65%6e%74\/uploads\/2013\/12\/Imagen0241-300x225.jpg 300w, https:\/\/informelitoral.com.ar\/%77%70%2d%63%6f%6e%74%65%6e%74\/uploads\/2013\/12\/Imagen0241-1024x768.jpg 1024w, https:\/\/informelitoral.com.ar\/%77%70%2d%63%6f%6e%74%65%6e%74\/uploads\/2013\/12\/Imagen0241.jpg 1600w\" sizes=\"auto, (max-width: 300px) 100vw, 300px\" \/><\/a>*La Escuela N\u00b0 14, Hip\u00f3lito Vieytes, realizar\u00e1 su acto de fin de curso y colaci\u00f3n, este viernes 13, a las 20:30. De 6\u00b0 a\u00f1o egresar\u00e1 <strong>Romina Evelyn Bierig<\/strong> y<strong> Karen Eichmann<\/strong>, lo har\u00e1 en el Nivel Inicial.<\/p>\n<p style=\"text-align: left;\">*La Escuela N\u00b0 27, Horacio Mann, tambi\u00e9n realizar\u00e1 su fiesta de fin de curso este viernes 13, alrededor de las 21:00, con una cena a la canasta. Los egresados ser\u00e1n: <strong>Axel Franck<\/strong> y <strong>Marco Antonio Estevenazzio.<\/strong><\/p>\n","protected":false},"excerpt":{"rendered":"<p>Ser&aacute; en la noche de este viernes 13. Una escuela realizar&aacute; una cena a la canasta, mientras que la restante har&aacute; una fiesta para todo p&uacute;blico. Hay egresados. *La Escuela N&deg; 14, Hip&oacute;lito Vieytes, realizar&aacute; su acto de fin de curso y colaci&oacute;n, este viernes 13, a las 20:30. De 6&deg; a&ntilde;o egresar&aacute; Romina Evelyn [&hellip;]<\/p>\n","protected":false},"author":2,"featured_media":0,"comment_status":"open","ping_status":"open","sticky":false,"template":"","format":"standard","meta":{"fifu_image_url":"","fifu_image_alt":"","footnotes":""},"categories":[4,9],"tags":[],"class_list":{"0":"post-4689","1":"post","2":"type-post","3":"status-publish","4":"format-standard","6":"category-locales","7":"category-sociedad"},"yoast_head":"<title>Hay fiesta de fin de curso en la 14 y la 27 - Informe Litoral<\/title>\n<meta name=\"robots\" content=\"index, follow, max-snippet:-1, max-image-preview:large, max-video-preview:-1\" \/>\n<link rel=\"canonical\" href=\"https:\/\/informelitoral.com.ar\/hay-fiesta-de-fin-de-curso-en-la-14-la-27-y-la-32\/\" \/>\n<meta property=\"og:locale\" content=\"es_ES\" \/>\n<meta property=\"og:type\" content=\"article\" \/>\n<meta property=\"og:title\" content=\"Hay fiesta de fin de curso en la 14 y la 27 - Informe Litoral\" \/>\n<meta property=\"og:description\" content=\"Ser&aacute; en la noche de este viernes 13. Una escuela realizar&aacute; una cena a la canasta, mientras que la restante har&aacute; una fiesta para todo p&uacute;blico. Hay egresados. *La Escuela N&deg; 14, Hip&oacute;lito Vieytes, realizar&aacute; su acto de fin de curso y colaci&oacute;n, este viernes 13, a las 20:30. De 6&deg; a&ntilde;o egresar&aacute; Romina Evelyn [&hellip;]\" \/>\n<meta property=\"og:url\" content=\"https:\/\/informelitoral.com.ar\/hay-fiesta-de-fin-de-curso-en-la-14-la-27-y-la-32\/\" \/>\n<meta property=\"og:site_name\" content=\"Informe Litoral\" \/>\n<meta property=\"article:publisher\" content=\"https:\/\/www.facebook.com\/informelitoral\/\" \/>\n<meta property=\"article:published_time\" content=\"2013-12-13T12:22:47+00:00\" \/>\n<meta property=\"article:modified_time\" content=\"2013-12-14T00:34:47+00:00\" \/>\n<meta property=\"og:image\" content=\"https:\/\/informelitoral.com.ar\/%77%70%2d%63%6f%6e%74%65%6e%74\/uploads\/2013\/12\/Imagen0241.jpg\" \/>\n\t<meta property=\"og:image:width\" content=\"1600\" \/>\n\t<meta property=\"og:image:height\" content=\"1200\" \/>\n\t<meta property=\"og:image:type\" content=\"image\/jpeg\" \/>\n<meta name=\"author\" content=\"Gonzalo Schmidt\" \/>\n<meta name=\"twitter:card\" content=\"summary_large_image\" \/>\n<meta name=\"twitter:creator\" content=\"@InformeLitoral\" \/>\n<meta name=\"twitter:site\" content=\"@InformeLitoral\" \/>\n<meta name=\"twitter:label1\" content=\"Escrito por\" \/>\n\t<meta name=\"twitter:data1\" content=\"Gonzalo Schmidt\" \/>\n<script type=\"application\/ld+json\" class=\"yoast-schema-graph\">{\"@context\":\"https:\\\/\\\/schema.org\",\"@graph\":[{\"@type\":\"Article\",\"@id\":\"https:\\\/\\\/informelitoral.com.ar\\\/hay-fiesta-de-fin-de-curso-en-la-14-la-27-y-la-32\\\/#article\",\"isPartOf\":{\"@id\":\"https:\\\/\\\/informelitoral.com.ar\\\/hay-fiesta-de-fin-de-curso-en-la-14-la-27-y-la-32\\\/\"},\"author\":{\"name\":\"Gonzalo Schmidt\",\"@id\":\"https:\\\/\\\/informelitoral.com.ar\\\/#\\\/schema\\\/person\\\/b9d00407c836482871ef1d57bf8e3180\"},\"headline\":\"Hay fiesta de fin de curso en la 14 y la 27\",\"datePublished\":\"2013-12-13T12:22:47+00:00\",\"dateModified\":\"2013-12-14T00:34:47+00:00\",\"mainEntityOfPage\":{\"@id\":\"https:\\\/\\\/informelitoral.com.ar\\\/hay-fiesta-de-fin-de-curso-en-la-14-la-27-y-la-32\\\/\"},\"wordCount\":109,\"commentCount\":0,\"publisher\":{\"@id\":\"https:\\\/\\\/informelitoral.com.ar\\\/#organization\"},\"image\":{\"@id\":\"https:\\\/\\\/informelitoral.com.ar\\\/hay-fiesta-de-fin-de-curso-en-la-14-la-27-y-la-32\\\/#primaryimage\"},\"thumbnailUrl\":\"http:\\\/\\\/www.isletasnoticias.com.ar\\\/%77%70%2d%63%6f%6e%74%65%6e%74\\\/uploads\\\/2013\\\/12\\\/Imagen0241-300x225.jpg\",\"articleSection\":[\"Isletas\",\"Sociedad\"],\"inLanguage\":\"es\",\"potentialAction\":[{\"@type\":\"CommentAction\",\"name\":\"Comment\",\"target\":[\"https:\\\/\\\/informelitoral.com.ar\\\/hay-fiesta-de-fin-de-curso-en-la-14-la-27-y-la-32\\\/#respond\"]}]},{\"@type\":\"WebPage\",\"@id\":\"https:\\\/\\\/informelitoral.com.ar\\\/hay-fiesta-de-fin-de-curso-en-la-14-la-27-y-la-32\\\/\",\"url\":\"https:\\\/\\\/informelitoral.com.ar\\\/hay-fiesta-de-fin-de-curso-en-la-14-la-27-y-la-32\\\/\",\"name\":\"Hay fiesta de fin de curso en la 14 y la 27 - Informe Litoral\",\"isPartOf\":{\"@id\":\"https:\\\/\\\/informelitoral.com.ar\\\/#website\"},\"primaryImageOfPage\":{\"@id\":\"https:\\\/\\\/informelitoral.com.ar\\\/hay-fiesta-de-fin-de-curso-en-la-14-la-27-y-la-32\\\/#primaryimage\"},\"image\":{\"@id\":\"https:\\\/\\\/informelitoral.com.ar\\\/hay-fiesta-de-fin-de-curso-en-la-14-la-27-y-la-32\\\/#primaryimage\"},\"thumbnailUrl\":\"http:\\\/\\\/www.isletasnoticias.com.ar\\\/%77%70%2d%63%6f%6e%74%65%6e%74\\\/uploads\\\/2013\\\/12\\\/Imagen0241-300x225.jpg\",\"datePublished\":\"2013-12-13T12:22:47+00:00\",\"dateModified\":\"2013-12-14T00:34:47+00:00\",\"breadcrumb\":{\"@id\":\"https:\\\/\\\/informelitoral.com.ar\\\/hay-fiesta-de-fin-de-curso-en-la-14-la-27-y-la-32\\\/#breadcrumb\"},\"inLanguage\":\"es\",\"potentialAction\":[{\"@type\":\"ReadAction\",\"target\":[\"https:\\\/\\\/informelitoral.com.ar\\\/hay-fiesta-de-fin-de-curso-en-la-14-la-27-y-la-32\\\/\"]}]},{\"@type\":\"ImageObject\",\"inLanguage\":\"es\",\"@id\":\"https:\\\/\\\/informelitoral.com.ar\\\/hay-fiesta-de-fin-de-curso-en-la-14-la-27-y-la-32\\\/#primaryimage\",\"url\":\"http:\\\/\\\/www.isletasnoticias.com.ar\\\/%77%70%2d%63%6f%6e%74%65%6e%74\\\/uploads\\\/2013\\\/12\\\/Imagen0241-300x225.jpg\",\"contentUrl\":\"http:\\\/\\\/www.isletasnoticias.com.ar\\\/%77%70%2d%63%6f%6e%74%65%6e%74\\\/uploads\\\/2013\\\/12\\\/Imagen0241-300x225.jpg\"},{\"@type\":\"BreadcrumbList\",\"@id\":\"https:\\\/\\\/informelitoral.com.ar\\\/hay-fiesta-de-fin-de-curso-en-la-14-la-27-y-la-32\\\/#breadcrumb\",\"itemListElement\":[{\"@type\":\"ListItem\",\"position\":1,\"name\":\"Portada\",\"item\":\"https:\\\/\\\/informelitoral.com.ar\\\/\"},{\"@type\":\"ListItem\",\"position\":2,\"name\":\"Hay fiesta de fin de curso en la 14 y la 27\"}]},{\"@type\":\"WebSite\",\"@id\":\"https:\\\/\\\/informelitoral.com.ar\\\/#website\",\"url\":\"https:\\\/\\\/informelitoral.com.ar\\\/\",\"name\":\"Informe Litoral\",\"description\":\"&quot;Nos informamos&quot; \",\"publisher\":{\"@id\":\"https:\\\/\\\/informelitoral.com.ar\\\/#organization\"},\"potentialAction\":[{\"@type\":\"SearchAction\",\"target\":{\"@type\":\"EntryPoint\",\"urlTemplate\":\"https:\\\/\\\/informelitoral.com.ar\\\/?s={search_term_string}\"},\"query-input\":{\"@type\":\"PropertyValueSpecification\",\"valueRequired\":true,\"valueName\":\"search_term_string\"}}],\"inLanguage\":\"es\"},{\"@type\":\"Organization\",\"@id\":\"https:\\\/\\\/informelitoral.com.ar\\\/#organization\",\"name\":\"Informe Litoral\",\"url\":\"https:\\\/\\\/informelitoral.com.ar\\\/\",\"logo\":{\"@type\":\"ImageObject\",\"inLanguage\":\"es\",\"@id\":\"https:\\\/\\\/informelitoral.com.ar\\\/#\\\/schema\\\/logo\\\/image\\\/\",\"url\":\"https:\\\/\\\/informelitoral.com.ar\\\/%77%70%2d%63%6f%6e%74%65%6e%74\\\/uploads\\\/2021\\\/01\\\/circulo.png\",\"contentUrl\":\"https:\\\/\\\/informelitoral.com.ar\\\/%77%70%2d%63%6f%6e%74%65%6e%74\\\/uploads\\\/2021\\\/01\\\/circulo.png\",\"width\":723,\"height\":731,\"caption\":\"Informe Litoral\"},\"image\":{\"@id\":\"https:\\\/\\\/informelitoral.com.ar\\\/#\\\/schema\\\/logo\\\/image\\\/\"},\"sameAs\":[\"https:\\\/\\\/www.facebook.com\\\/informelitoral\\\/\",\"https:\\\/\\\/x.com\\\/InformeLitoral\",\"https:\\\/\\\/www.instagram.com\\\/informelitoral\\\/\",\"https:\\\/\\\/www.youtube.com\\\/channel\\\/UCua4Qvz8Icb6MYqhoq9xLXw\"]},{\"@type\":\"Person\",\"@id\":\"https:\\\/\\\/informelitoral.com.ar\\\/#\\\/schema\\\/person\\\/b9d00407c836482871ef1d57bf8e3180\",\"name\":\"Gonzalo Schmidt\",\"image\":{\"@type\":\"ImageObject\",\"inLanguage\":\"es\",\"@id\":\"https:\\\/\\\/secure.gravatar.com\\\/avatar\\\/31a1a7b66ff2de83bd0e9fd79d026630d2d99e55e8bfe501287647b4fd9743de?s=96&d=mm&r=g\",\"url\":\"https:\\\/\\\/secure.gravatar.com\\\/avatar\\\/31a1a7b66ff2de83bd0e9fd79d026630d2d99e55e8bfe501287647b4fd9743de?s=96&d=mm&r=g\",\"contentUrl\":\"https:\\\/\\\/secure.gravatar.com\\\/avatar\\\/31a1a7b66ff2de83bd0e9fd79d026630d2d99e55e8bfe501287647b4fd9743de?s=96&d=mm&r=g\",\"caption\":\"Gonzalo Schmidt\"},\"description\":\"Sitio web de noticias de la provincia de Entre R\u00edos, Argentina. Informaci\u00f3n y entretenimiento. Informe Litoral, nos informamos.\",\"sameAs\":[\"http:\\\/\\\/www.isletasnoticias.com.ar\"],\"url\":\"https:\\\/\\\/informelitoral.com.ar\\\/author\\\/gonzalo\\\/\"}]}<\/script>","yoast_head_json":{"title":"Hay fiesta de fin de curso en la 14 y la 27 - Informe Litoral","robots":{"index":"index","follow":"follow","max-snippet":"max-snippet:-1","max-image-preview":"max-image-preview:large","max-video-preview":"max-video-preview:-1"},"canonical":"https:\/\/informelitoral.com.ar\/hay-fiesta-de-fin-de-curso-en-la-14-la-27-y-la-32\/","og_locale":"es_ES","og_type":"article","og_title":"Hay fiesta de fin de curso en la 14 y la 27 - Informe Litoral","og_description":"Ser&aacute; en la noche de este viernes 13. Una escuela realizar&aacute; una cena a la canasta, mientras que la restante har&aacute; una fiesta para todo p&uacute;blico. Hay egresados. *La Escuela N&deg; 14, Hip&oacute;lito Vieytes, realizar&aacute; su acto de fin de curso y colaci&oacute;n, este viernes 13, a las 20:30. De 6&deg; a&ntilde;o egresar&aacute; Romina Evelyn [&hellip;]","og_url":"https:\/\/informelitoral.com.ar\/hay-fiesta-de-fin-de-curso-en-la-14-la-27-y-la-32\/","og_site_name":"Informe Litoral","article_publisher":"https:\/\/www.facebook.com\/informelitoral\/","article_published_time":"2013-12-13T12:22:47+00:00","article_modified_time":"2013-12-14T00:34:47+00:00","og_image":[{"width":1600,"height":1200,"url":"https:\/\/informelitoral.com.ar\/%77%70%2d%63%6f%6e%74%65%6e%74\/uploads\/2013\/12\/Imagen0241.jpg","type":"image\/jpeg"}],"author":"Gonzalo Schmidt","twitter_card":"summary_large_image","twitter_creator":"@InformeLitoral","twitter_site":"@InformeLitoral","twitter_misc":{"Escrito por":"Gonzalo Schmidt"},"schema":{"@context":"https:\/\/schema.org","@graph":[{"@type":"Article","@id":"https:\/\/informelitoral.com.ar\/hay-fiesta-de-fin-de-curso-en-la-14-la-27-y-la-32\/#article","isPartOf":{"@id":"https:\/\/informelitoral.com.ar\/hay-fiesta-de-fin-de-curso-en-la-14-la-27-y-la-32\/"},"author":{"name":"Gonzalo Schmidt","@id":"https:\/\/informelitoral.com.ar\/#\/schema\/person\/b9d00407c836482871ef1d57bf8e3180"},"headline":"Hay fiesta de fin de curso en la 14 y la 27","datePublished":"2013-12-13T12:22:47+00:00","dateModified":"2013-12-14T00:34:47+00:00","mainEntityOfPage":{"@id":"https:\/\/informelitoral.com.ar\/hay-fiesta-de-fin-de-curso-en-la-14-la-27-y-la-32\/"},"wordCount":109,"commentCount":0,"publisher":{"@id":"https:\/\/informelitoral.com.ar\/#organization"},"image":{"@id":"https:\/\/informelitoral.com.ar\/hay-fiesta-de-fin-de-curso-en-la-14-la-27-y-la-32\/#primaryimage"},"thumbnailUrl":"http:\/\/www.isletasnoticias.com.ar\/%77%70%2d%63%6f%6e%74%65%6e%74\/uploads\/2013\/12\/Imagen0241-300x225.jpg","articleSection":["Isletas","Sociedad"],"inLanguage":"es","potentialAction":[{"@type":"CommentAction","name":"Comment","target":["https:\/\/informelitoral.com.ar\/hay-fiesta-de-fin-de-curso-en-la-14-la-27-y-la-32\/#respond"]}]},{"@type":"WebPage","@id":"https:\/\/informelitoral.com.ar\/hay-fiesta-de-fin-de-curso-en-la-14-la-27-y-la-32\/","url":"https:\/\/informelitoral.com.ar\/hay-fiesta-de-fin-de-curso-en-la-14-la-27-y-la-32\/","name":"Hay fiesta de fin de curso en la 14 y la 27 - Informe Litoral","isPartOf":{"@id":"https:\/\/informelitoral.com.ar\/#website"},"primaryImageOfPage":{"@id":"https:\/\/informelitoral.com.ar\/hay-fiesta-de-fin-de-curso-en-la-14-la-27-y-la-32\/#primaryimage"},"image":{"@id":"https:\/\/informelitoral.com.ar\/hay-fiesta-de-fin-de-curso-en-la-14-la-27-y-la-32\/#primaryimage"},"thumbnailUrl":"http:\/\/www.isletasnoticias.com.ar\/%77%70%2d%63%6f%6e%74%65%6e%74\/uploads\/2013\/12\/Imagen0241-300x225.jpg","datePublished":"2013-12-13T12:22:47+00:00","dateModified":"2013-12-14T00:34:47+00:00","breadcrumb":{"@id":"https:\/\/informelitoral.com.ar\/hay-fiesta-de-fin-de-curso-en-la-14-la-27-y-la-32\/#breadcrumb"},"inLanguage":"es","potentialAction":[{"@type":"ReadAction","target":["https:\/\/informelitoral.com.ar\/hay-fiesta-de-fin-de-curso-en-la-14-la-27-y-la-32\/"]}]},{"@type":"ImageObject","inLanguage":"es","@id":"https:\/\/informelitoral.com.ar\/hay-fiesta-de-fin-de-curso-en-la-14-la-27-y-la-32\/#primaryimage","url":"http:\/\/www.isletasnoticias.com.ar\/%77%70%2d%63%6f%6e%74%65%6e%74\/uploads\/2013\/12\/Imagen0241-300x225.jpg","contentUrl":"http:\/\/www.isletasnoticias.com.ar\/%77%70%2d%63%6f%6e%74%65%6e%74\/uploads\/2013\/12\/Imagen0241-300x225.jpg"},{"@type":"BreadcrumbList","@id":"https:\/\/informelitoral.com.ar\/hay-fiesta-de-fin-de-curso-en-la-14-la-27-y-la-32\/#breadcrumb","itemListElement":[{"@type":"ListItem","position":1,"name":"Portada","item":"https:\/\/informelitoral.com.ar\/"},{"@type":"ListItem","position":2,"name":"Hay fiesta de fin de curso en la 14 y la 27"}]},{"@type":"WebSite","@id":"https:\/\/informelitoral.com.ar\/#website","url":"https:\/\/informelitoral.com.ar\/","name":"Informe Litoral","description":"&quot;Nos informamos&quot; ","publisher":{"@id":"https:\/\/informelitoral.com.ar\/#organization"},"potentialAction":[{"@type":"SearchAction","target":{"@type":"EntryPoint","urlTemplate":"https:\/\/informelitoral.com.ar\/?s={search_term_string}"},"query-input":{"@type":"PropertyValueSpecification","valueRequired":true,"valueName":"search_term_string"}}],"inLanguage":"es"},{"@type":"Organization","@id":"https:\/\/informelitoral.com.ar\/#organization","name":"Informe Litoral","url":"https:\/\/informelitoral.com.ar\/","logo":{"@type":"ImageObject","inLanguage":"es","@id":"https:\/\/informelitoral.com.ar\/#\/schema\/logo\/image\/","url":"https:\/\/informelitoral.com.ar\/%77%70%2d%63%6f%6e%74%65%6e%74\/uploads\/2021\/01\/circulo.png","contentUrl":"https:\/\/informelitoral.com.ar\/%77%70%2d%63%6f%6e%74%65%6e%74\/uploads\/2021\/01\/circulo.png","width":723,"height":731,"caption":"Informe Litoral"},"image":{"@id":"https:\/\/informelitoral.com.ar\/#\/schema\/logo\/image\/"},"sameAs":["https:\/\/www.facebook.com\/informelitoral\/","https:\/\/x.com\/InformeLitoral","https:\/\/www.instagram.com\/informelitoral\/","https:\/\/www.youtube.com\/channel\/UCua4Qvz8Icb6MYqhoq9xLXw"]},{"@type":"Person","@id":"https:\/\/informelitoral.com.ar\/#\/schema\/person\/b9d00407c836482871ef1d57bf8e3180","name":"Gonzalo Schmidt","image":{"@type":"ImageObject","inLanguage":"es","@id":"https:\/\/secure.gravatar.com\/avatar\/31a1a7b66ff2de83bd0e9fd79d026630d2d99e55e8bfe501287647b4fd9743de?s=96&d=mm&r=g","url":"https:\/\/secure.gravatar.com\/avatar\/31a1a7b66ff2de83bd0e9fd79d026630d2d99e55e8bfe501287647b4fd9743de?s=96&d=mm&r=g","contentUrl":"https:\/\/secure.gravatar.com\/avatar\/31a1a7b66ff2de83bd0e9fd79d026630d2d99e55e8bfe501287647b4fd9743de?s=96&d=mm&r=g","caption":"Gonzalo Schmidt"},"description":"Sitio web de noticias de la provincia de Entre R\u00edos, Argentina. Informaci\u00f3n y entretenimiento. Informe Litoral, nos informamos.","sameAs":["http:\/\/www.isletasnoticias.com.ar"],"url":"https:\/\/informelitoral.com.ar\/author\/gonzalo\/"}]}},"_links":{"self":[{"href":"https:\/\/informelitoral.com.ar\/%77%70%2d%6a%73%6f%6e\/wp\/v2\/posts\/4689","targetHints":{"allow":["GET"]}}],"collection":[{"href":"https:\/\/informelitoral.com.ar\/%77%70%2d%6a%73%6f%6e\/wp\/v2\/posts"}],"about":[{"href":"https:\/\/informelitoral.com.ar\/%77%70%2d%6a%73%6f%6e\/wp\/v2\/types\/post"}],"author":[{"embeddable":true,"href":"https:\/\/informelitoral.com.ar\/%77%70%2d%6a%73%6f%6e\/wp\/v2\/users\/2"}],"replies":[{"embeddable":true,"href":"https:\/\/informelitoral.com.ar\/%77%70%2d%6a%73%6f%6e\/wp\/v2\/comments?post=4689"}],"version-history":[{"count":0,"href":"https:\/\/informelitoral.com.ar\/%77%70%2d%6a%73%6f%6e\/wp\/v2\/posts\/4689\/revisions"}],"wp:attachment":[{"href":"https:\/\/informelitoral.com.ar\/%77%70%2d%6a%73%6f%6e\/wp\/v2\/media?parent=4689"}],"wp:term":[{"taxonomy":"category","embeddable":true,"href":"https:\/\/informelitoral.com.ar\/%77%70%2d%6a%73%6f%6e\/wp\/v2\/categories?post=4689"},{"taxonomy":"post_tag","embeddable":true,"href":"https:\/\/informelitoral.com.ar\/%77%70%2d%6a%73%6f%6e\/wp\/v2\/tags?post=4689"}],"curies":[{"name":"wp","href":"https:\/\/api.w.org\/{rel}","templated":true}]}}