{"id":46783,"date":"2020-07-31T07:47:29","date_gmt":"2020-07-31T10:47:29","guid":{"rendered":"https:\/\/www.isletasnoticias.com.ar\/?p=46783"},"modified":"2020-07-31T07:47:29","modified_gmt":"2020-07-31T10:47:29","slug":"para-basterra-la-ganaderia-tiene-buenas-perspectivas-a-futuro-ante-la-creciente-demanda-internacional","status":"publish","type":"post","link":"https:\/\/informelitoral.com.ar\/para-basterra-la-ganaderia-tiene-buenas-perspectivas-a-futuro-ante-la-creciente-demanda-internacional\/","title":{"rendered":"Para Basterra, la ganader\u00eda tiene \u201cbuenas perspectivas a futuro\u201d ante la creciente demanda internacional"},"content":{"rendered":"<p>El ministro de Agricultura, Ganader\u00eda y Pesca de la Naci\u00f3n,\u00a0<strong>Luis Basterra<\/strong>, particip\u00f3 de la apertura del Seminario Internacional que est\u00e1 llevando a cabo el\u00a0<strong>Instituto de Promoci\u00f3n de la Carne Vacuna Argentina (IPCVA)<\/strong>, y se\u00f1al\u00f3 que el sector ganadero es\u00a0<strong>\u201cclave para la econom\u00eda y la equidad territorial\u201d<\/strong>\u00a0al tiempo que destac\u00f3 el\u00a0<strong>aumento de la producci\u00f3n y de las exportaciones<\/strong>\u00a0de la\u00a0carne argentina.<\/p>\n<p>\u201cLa faena se increment\u00f3 en\u00a0<strong>280.000 cabezas<\/strong>; la producci\u00f3n<strong>\u00a0creci\u00f3 4%<\/strong>\u00a0y las exportaciones aumentaron\u00a0<strong>20%<\/strong>\u201d, dijo, y remarc\u00f3 que si se tiene en cuenta la\u00a0<strong>creciente demanda de China, la Uni\u00f3n Europea y Estados Unidos<\/strong>, el sector ganadero tiene\u00a0<strong>\u201cbuenas perspectivas a futuro\u201d.<\/strong><\/p>\n<p>El funcionario indic\u00f3 que nuestro pa\u00eds ocupa el <strong>sexto lugar como productor mundial de carne vacuna<\/strong>, el\u00a0<strong>quinto como exportador<\/strong>\u00a0y\u00a0<strong>abastece al 7% de la demanda global,<\/strong>\u00a0que est\u00e1 siendo traccionada principalmente por\u00a0<strong>China<\/strong>\u00a0que viene incrementando su demanda c\u00e1rnica y<strong>\u00a0absorbe el 29% de las importaciones mundiales, frente a 10% de hace cinco a\u00f1os.<\/strong><\/p>\n<p>Cabe destacar que el pa\u00eds asi\u00e1tico representa hoy\u00a0<strong>m\u00e1s de 80% del destino de las exportaciones argentinas de carne vacuna<\/strong>.<\/p>\n<p>Por \u00faltimo, el ministro destac\u00f3 al mercado europeo, no s\u00f3lo por ser la segunda regi\u00f3n con m\u00e1s participaci\u00f3n en las exportaciones argentinas de carne vacuna, sino que se\u00f1al\u00f3 adem\u00e1s que \u201cese mercado est\u00e1 en franca recuperaci\u00f3n, y<strong>\u00a0la cobertura de la cuota Hilton se cumple en un 95%<\/strong>, lo que muestra las mejores expectativas\u201d.<\/p>\n","protected":false},"excerpt":{"rendered":"<p>As\u00ed lo indic\u00f3 el ministro de Agricultura de la Naci\u00f3n durante la apertura del Seminario Internacional que est\u00e1 llevando a cabo el IPCVA.<\/p>\n","protected":false},"author":2,"featured_media":30142,"comment_status":"open","ping_status":"open","sticky":false,"template":"","format":"standard","meta":{"fifu_image_url":"","fifu_image_alt":"","footnotes":""},"categories":[10],"tags":[389,1204,83,162,120],"class_list":{"0":"post-46783","1":"post","2":"type-post","3":"status-publish","4":"format-standard","5":"has-post-thumbnail","7":"category-campo","8":"tag-carne","9":"tag-carne-argentina","10":"tag-exportaciones","11":"tag-ganaderia","12":"tag-produccion"},"yoast_head":"<title>Para Basterra, la ganader\u00eda tiene \u201cbuenas perspectivas a futuro\u201d ante la creciente demanda internacional - Informe Litoral<\/title>\n<meta name=\"robots\" content=\"index, follow, max-snippet:-1, max-image-preview:large, max-video-preview:-1\" \/>\n<link rel=\"canonical\" href=\"https:\/\/informelitoral.com.ar\/para-basterra-la-ganaderia-tiene-buenas-perspectivas-a-futuro-ante-la-creciente-demanda-internacional\/\" \/>\n<meta property=\"og:locale\" content=\"es_ES\" \/>\n<meta property=\"og:type\" content=\"article\" \/>\n<meta property=\"og:title\" content=\"Para Basterra, la ganader\u00eda tiene \u201cbuenas perspectivas a futuro\u201d ante la creciente demanda internacional - Informe Litoral\" \/>\n<meta property=\"og:description\" content=\"As\u00ed lo indic\u00f3 el ministro de Agricultura de la Naci\u00f3n durante la apertura del Seminario Internacional que est\u00e1 llevando a cabo el IPCVA.\" \/>\n<meta property=\"og:url\" content=\"https:\/\/informelitoral.com.ar\/para-basterra-la-ganaderia-tiene-buenas-perspectivas-a-futuro-ante-la-creciente-demanda-internacional\/\" \/>\n<meta property=\"og:site_name\" content=\"Informe Litoral\" \/>\n<meta property=\"article:publisher\" content=\"https:\/\/www.facebook.com\/informelitoral\/\" \/>\n<meta property=\"article:published_time\" content=\"2020-07-31T10:47:29+00:00\" \/>\n<meta property=\"og:image\" content=\"https:\/\/informelitoral.com.ar\/%77%70%2d%63%6f%6e%74%65%6e%74\/uploads\/2018\/10\/carne-argentina.jpg\" \/>\n\t<meta property=\"og:image:width\" content=\"630\" \/>\n\t<meta property=\"og:image:height\" content=\"375\" \/>\n\t<meta property=\"og:image:type\" content=\"image\/jpeg\" \/>\n<meta name=\"author\" content=\"Gonzalo Schmidt\" \/>\n<meta name=\"twitter:card\" content=\"summary_large_image\" \/>\n<meta name=\"twitter:creator\" content=\"@InformeLitoral\" \/>\n<meta name=\"twitter:site\" content=\"@InformeLitoral\" \/>\n<meta name=\"twitter:label1\" content=\"Escrito por\" \/>\n\t<meta name=\"twitter:data1\" content=\"Gonzalo Schmidt\" \/>\n\t<meta name=\"twitter:label2\" content=\"Tiempo de lectura\" \/>\n\t<meta name=\"twitter:data2\" content=\"1 minuto\" \/>\n<script type=\"application\/ld+json\" class=\"yoast-schema-graph\">{\"@context\":\"https:\\\/\\\/schema.org\",\"@graph\":[{\"@type\":\"Article\",\"@id\":\"https:\\\/\\\/informelitoral.com.ar\\\/para-basterra-la-ganaderia-tiene-buenas-perspectivas-a-futuro-ante-la-creciente-demanda-internacional\\\/#article\",\"isPartOf\":{\"@id\":\"https:\\\/\\\/informelitoral.com.ar\\\/para-basterra-la-ganaderia-tiene-buenas-perspectivas-a-futuro-ante-la-creciente-demanda-internacional\\\/\"},\"author\":{\"name\":\"Gonzalo Schmidt\",\"@id\":\"https:\\\/\\\/informelitoral.com.ar\\\/#\\\/schema\\\/person\\\/b9d00407c836482871ef1d57bf8e3180\"},\"headline\":\"Para Basterra, la ganader\u00eda tiene \u201cbuenas perspectivas a futuro\u201d ante la creciente demanda internacional\",\"datePublished\":\"2020-07-31T10:47:29+00:00\",\"mainEntityOfPage\":{\"@id\":\"https:\\\/\\\/informelitoral.com.ar\\\/para-basterra-la-ganaderia-tiene-buenas-perspectivas-a-futuro-ante-la-creciente-demanda-internacional\\\/\"},\"wordCount\":268,\"commentCount\":0,\"publisher\":{\"@id\":\"https:\\\/\\\/informelitoral.com.ar\\\/#organization\"},\"image\":{\"@id\":\"https:\\\/\\\/informelitoral.com.ar\\\/para-basterra-la-ganaderia-tiene-buenas-perspectivas-a-futuro-ante-la-creciente-demanda-internacional\\\/#primaryimage\"},\"thumbnailUrl\":\"https:\\\/\\\/informelitoral.com.ar\\\/%77%70%2d%63%6f%6e%74%65%6e%74\\\/uploads\\\/2018\\\/10\\\/carne-argentina.jpg\",\"keywords\":[\"Carne\",\"Carne argentina\",\"Exportaciones\",\"Ganader\u00eda\",\"Producci\u00f3n\"],\"articleSection\":[\"Campo\"],\"inLanguage\":\"es\",\"potentialAction\":[{\"@type\":\"CommentAction\",\"name\":\"Comment\",\"target\":[\"https:\\\/\\\/informelitoral.com.ar\\\/para-basterra-la-ganaderia-tiene-buenas-perspectivas-a-futuro-ante-la-creciente-demanda-internacional\\\/#respond\"]}]},{\"@type\":\"WebPage\",\"@id\":\"https:\\\/\\\/informelitoral.com.ar\\\/para-basterra-la-ganaderia-tiene-buenas-perspectivas-a-futuro-ante-la-creciente-demanda-internacional\\\/\",\"url\":\"https:\\\/\\\/informelitoral.com.ar\\\/para-basterra-la-ganaderia-tiene-buenas-perspectivas-a-futuro-ante-la-creciente-demanda-internacional\\\/\",\"name\":\"Para Basterra, la ganader\u00eda tiene \u201cbuenas perspectivas a futuro\u201d ante la creciente demanda internacional - Informe Litoral\",\"isPartOf\":{\"@id\":\"https:\\\/\\\/informelitoral.com.ar\\\/#website\"},\"primaryImageOfPage\":{\"@id\":\"https:\\\/\\\/informelitoral.com.ar\\\/para-basterra-la-ganaderia-tiene-buenas-perspectivas-a-futuro-ante-la-creciente-demanda-internacional\\\/#primaryimage\"},\"image\":{\"@id\":\"https:\\\/\\\/informelitoral.com.ar\\\/para-basterra-la-ganaderia-tiene-buenas-perspectivas-a-futuro-ante-la-creciente-demanda-internacional\\\/#primaryimage\"},\"thumbnailUrl\":\"https:\\\/\\\/informelitoral.com.ar\\\/%77%70%2d%63%6f%6e%74%65%6e%74\\\/uploads\\\/2018\\\/10\\\/carne-argentina.jpg\",\"datePublished\":\"2020-07-31T10:47:29+00:00\",\"breadcrumb\":{\"@id\":\"https:\\\/\\\/informelitoral.com.ar\\\/para-basterra-la-ganaderia-tiene-buenas-perspectivas-a-futuro-ante-la-creciente-demanda-internacional\\\/#breadcrumb\"},\"inLanguage\":\"es\",\"potentialAction\":[{\"@type\":\"ReadAction\",\"target\":[\"https:\\\/\\\/informelitoral.com.ar\\\/para-basterra-la-ganaderia-tiene-buenas-perspectivas-a-futuro-ante-la-creciente-demanda-internacional\\\/\"]}]},{\"@type\":\"ImageObject\",\"inLanguage\":\"es\",\"@id\":\"https:\\\/\\\/informelitoral.com.ar\\\/para-basterra-la-ganaderia-tiene-buenas-perspectivas-a-futuro-ante-la-creciente-demanda-internacional\\\/#primaryimage\",\"url\":\"https:\\\/\\\/informelitoral.com.ar\\\/%77%70%2d%63%6f%6e%74%65%6e%74\\\/uploads\\\/2018\\\/10\\\/carne-argentina.jpg\",\"contentUrl\":\"https:\\\/\\\/informelitoral.com.ar\\\/%77%70%2d%63%6f%6e%74%65%6e%74\\\/uploads\\\/2018\\\/10\\\/carne-argentina.jpg\",\"width\":630,\"height\":375},{\"@type\":\"BreadcrumbList\",\"@id\":\"https:\\\/\\\/informelitoral.com.ar\\\/para-basterra-la-ganaderia-tiene-buenas-perspectivas-a-futuro-ante-la-creciente-demanda-internacional\\\/#breadcrumb\",\"itemListElement\":[{\"@type\":\"ListItem\",\"position\":1,\"name\":\"Portada\",\"item\":\"https:\\\/\\\/informelitoral.com.ar\\\/\"},{\"@type\":\"ListItem\",\"position\":2,\"name\":\"Para Basterra, la ganader\u00eda tiene \u201cbuenas perspectivas a futuro\u201d ante la creciente demanda internacional\"}]},{\"@type\":\"WebSite\",\"@id\":\"https:\\\/\\\/informelitoral.com.ar\\\/#website\",\"url\":\"https:\\\/\\\/informelitoral.com.ar\\\/\",\"name\":\"Informe Litoral\",\"description\":\"&quot;Nos informamos&quot; \",\"publisher\":{\"@id\":\"https:\\\/\\\/informelitoral.com.ar\\\/#organization\"},\"potentialAction\":[{\"@type\":\"SearchAction\",\"target\":{\"@type\":\"EntryPoint\",\"urlTemplate\":\"https:\\\/\\\/informelitoral.com.ar\\\/?s={search_term_string}\"},\"query-input\":{\"@type\":\"PropertyValueSpecification\",\"valueRequired\":true,\"valueName\":\"search_term_string\"}}],\"inLanguage\":\"es\"},{\"@type\":\"Organization\",\"@id\":\"https:\\\/\\\/informelitoral.com.ar\\\/#organization\",\"name\":\"Informe Litoral\",\"url\":\"https:\\\/\\\/informelitoral.com.ar\\\/\",\"logo\":{\"@type\":\"ImageObject\",\"inLanguage\":\"es\",\"@id\":\"https:\\\/\\\/informelitoral.com.ar\\\/#\\\/schema\\\/logo\\\/image\\\/\",\"url\":\"https:\\\/\\\/informelitoral.com.ar\\\/%77%70%2d%63%6f%6e%74%65%6e%74\\\/uploads\\\/2021\\\/01\\\/circulo.png\",\"contentUrl\":\"https:\\\/\\\/informelitoral.com.ar\\\/%77%70%2d%63%6f%6e%74%65%6e%74\\\/uploads\\\/2021\\\/01\\\/circulo.png\",\"width\":723,\"height\":731,\"caption\":\"Informe Litoral\"},\"image\":{\"@id\":\"https:\\\/\\\/informelitoral.com.ar\\\/#\\\/schema\\\/logo\\\/image\\\/\"},\"sameAs\":[\"https:\\\/\\\/www.facebook.com\\\/informelitoral\\\/\",\"https:\\\/\\\/x.com\\\/InformeLitoral\",\"https:\\\/\\\/www.instagram.com\\\/informelitoral\\\/\",\"https:\\\/\\\/www.youtube.com\\\/channel\\\/UCua4Qvz8Icb6MYqhoq9xLXw\"]},{\"@type\":\"Person\",\"@id\":\"https:\\\/\\\/informelitoral.com.ar\\\/#\\\/schema\\\/person\\\/b9d00407c836482871ef1d57bf8e3180\",\"name\":\"Gonzalo Schmidt\",\"image\":{\"@type\":\"ImageObject\",\"inLanguage\":\"es\",\"@id\":\"https:\\\/\\\/secure.gravatar.com\\\/avatar\\\/31a1a7b66ff2de83bd0e9fd79d026630d2d99e55e8bfe501287647b4fd9743de?s=96&d=mm&r=g\",\"url\":\"https:\\\/\\\/secure.gravatar.com\\\/avatar\\\/31a1a7b66ff2de83bd0e9fd79d026630d2d99e55e8bfe501287647b4fd9743de?s=96&d=mm&r=g\",\"contentUrl\":\"https:\\\/\\\/secure.gravatar.com\\\/avatar\\\/31a1a7b66ff2de83bd0e9fd79d026630d2d99e55e8bfe501287647b4fd9743de?s=96&d=mm&r=g\",\"caption\":\"Gonzalo Schmidt\"},\"description\":\"Sitio web de noticias de la provincia de Entre R\u00edos, Argentina. Informaci\u00f3n y entretenimiento. Informe Litoral, nos informamos.\",\"sameAs\":[\"http:\\\/\\\/www.isletasnoticias.com.ar\"],\"url\":\"https:\\\/\\\/informelitoral.com.ar\\\/author\\\/gonzalo\\\/\"}]}<\/script>","yoast_head_json":{"title":"Para Basterra, la ganader\u00eda tiene \u201cbuenas perspectivas a futuro\u201d ante la creciente demanda internacional - Informe Litoral","robots":{"index":"index","follow":"follow","max-snippet":"max-snippet:-1","max-image-preview":"max-image-preview:large","max-video-preview":"max-video-preview:-1"},"canonical":"https:\/\/informelitoral.com.ar\/para-basterra-la-ganaderia-tiene-buenas-perspectivas-a-futuro-ante-la-creciente-demanda-internacional\/","og_locale":"es_ES","og_type":"article","og_title":"Para Basterra, la ganader\u00eda tiene \u201cbuenas perspectivas a futuro\u201d ante la creciente demanda internacional - Informe Litoral","og_description":"As\u00ed lo indic\u00f3 el ministro de Agricultura de la Naci\u00f3n durante la apertura del Seminario Internacional que est\u00e1 llevando a cabo el IPCVA.","og_url":"https:\/\/informelitoral.com.ar\/para-basterra-la-ganaderia-tiene-buenas-perspectivas-a-futuro-ante-la-creciente-demanda-internacional\/","og_site_name":"Informe Litoral","article_publisher":"https:\/\/www.facebook.com\/informelitoral\/","article_published_time":"2020-07-31T10:47:29+00:00","og_image":[{"width":630,"height":375,"url":"https:\/\/informelitoral.com.ar\/%77%70%2d%63%6f%6e%74%65%6e%74\/uploads\/2018\/10\/carne-argentina.jpg","type":"image\/jpeg"}],"author":"Gonzalo Schmidt","twitter_card":"summary_large_image","twitter_creator":"@InformeLitoral","twitter_site":"@InformeLitoral","twitter_misc":{"Escrito por":"Gonzalo Schmidt","Tiempo de lectura":"1 minuto"},"schema":{"@context":"https:\/\/schema.org","@graph":[{"@type":"Article","@id":"https:\/\/informelitoral.com.ar\/para-basterra-la-ganaderia-tiene-buenas-perspectivas-a-futuro-ante-la-creciente-demanda-internacional\/#article","isPartOf":{"@id":"https:\/\/informelitoral.com.ar\/para-basterra-la-ganaderia-tiene-buenas-perspectivas-a-futuro-ante-la-creciente-demanda-internacional\/"},"author":{"name":"Gonzalo Schmidt","@id":"https:\/\/informelitoral.com.ar\/#\/schema\/person\/b9d00407c836482871ef1d57bf8e3180"},"headline":"Para Basterra, la ganader\u00eda tiene \u201cbuenas perspectivas a futuro\u201d ante la creciente demanda internacional","datePublished":"2020-07-31T10:47:29+00:00","mainEntityOfPage":{"@id":"https:\/\/informelitoral.com.ar\/para-basterra-la-ganaderia-tiene-buenas-perspectivas-a-futuro-ante-la-creciente-demanda-internacional\/"},"wordCount":268,"commentCount":0,"publisher":{"@id":"https:\/\/informelitoral.com.ar\/#organization"},"image":{"@id":"https:\/\/informelitoral.com.ar\/para-basterra-la-ganaderia-tiene-buenas-perspectivas-a-futuro-ante-la-creciente-demanda-internacional\/#primaryimage"},"thumbnailUrl":"https:\/\/informelitoral.com.ar\/%77%70%2d%63%6f%6e%74%65%6e%74\/uploads\/2018\/10\/carne-argentina.jpg","keywords":["Carne","Carne argentina","Exportaciones","Ganader\u00eda","Producci\u00f3n"],"articleSection":["Campo"],"inLanguage":"es","potentialAction":[{"@type":"CommentAction","name":"Comment","target":["https:\/\/informelitoral.com.ar\/para-basterra-la-ganaderia-tiene-buenas-perspectivas-a-futuro-ante-la-creciente-demanda-internacional\/#respond"]}]},{"@type":"WebPage","@id":"https:\/\/informelitoral.com.ar\/para-basterra-la-ganaderia-tiene-buenas-perspectivas-a-futuro-ante-la-creciente-demanda-internacional\/","url":"https:\/\/informelitoral.com.ar\/para-basterra-la-ganaderia-tiene-buenas-perspectivas-a-futuro-ante-la-creciente-demanda-internacional\/","name":"Para Basterra, la ganader\u00eda tiene \u201cbuenas perspectivas a futuro\u201d ante la creciente demanda internacional - Informe Litoral","isPartOf":{"@id":"https:\/\/informelitoral.com.ar\/#website"},"primaryImageOfPage":{"@id":"https:\/\/informelitoral.com.ar\/para-basterra-la-ganaderia-tiene-buenas-perspectivas-a-futuro-ante-la-creciente-demanda-internacional\/#primaryimage"},"image":{"@id":"https:\/\/informelitoral.com.ar\/para-basterra-la-ganaderia-tiene-buenas-perspectivas-a-futuro-ante-la-creciente-demanda-internacional\/#primaryimage"},"thumbnailUrl":"https:\/\/informelitoral.com.ar\/%77%70%2d%63%6f%6e%74%65%6e%74\/uploads\/2018\/10\/carne-argentina.jpg","datePublished":"2020-07-31T10:47:29+00:00","breadcrumb":{"@id":"https:\/\/informelitoral.com.ar\/para-basterra-la-ganaderia-tiene-buenas-perspectivas-a-futuro-ante-la-creciente-demanda-internacional\/#breadcrumb"},"inLanguage":"es","potentialAction":[{"@type":"ReadAction","target":["https:\/\/informelitoral.com.ar\/para-basterra-la-ganaderia-tiene-buenas-perspectivas-a-futuro-ante-la-creciente-demanda-internacional\/"]}]},{"@type":"ImageObject","inLanguage":"es","@id":"https:\/\/informelitoral.com.ar\/para-basterra-la-ganaderia-tiene-buenas-perspectivas-a-futuro-ante-la-creciente-demanda-internacional\/#primaryimage","url":"https:\/\/informelitoral.com.ar\/%77%70%2d%63%6f%6e%74%65%6e%74\/uploads\/2018\/10\/carne-argentina.jpg","contentUrl":"https:\/\/informelitoral.com.ar\/%77%70%2d%63%6f%6e%74%65%6e%74\/uploads\/2018\/10\/carne-argentina.jpg","width":630,"height":375},{"@type":"BreadcrumbList","@id":"https:\/\/informelitoral.com.ar\/para-basterra-la-ganaderia-tiene-buenas-perspectivas-a-futuro-ante-la-creciente-demanda-internacional\/#breadcrumb","itemListElement":[{"@type":"ListItem","position":1,"name":"Portada","item":"https:\/\/informelitoral.com.ar\/"},{"@type":"ListItem","position":2,"name":"Para Basterra, la ganader\u00eda tiene \u201cbuenas perspectivas a futuro\u201d ante la creciente demanda internacional"}]},{"@type":"WebSite","@id":"https:\/\/informelitoral.com.ar\/#website","url":"https:\/\/informelitoral.com.ar\/","name":"Informe Litoral","description":"&quot;Nos informamos&quot; ","publisher":{"@id":"https:\/\/informelitoral.com.ar\/#organization"},"potentialAction":[{"@type":"SearchAction","target":{"@type":"EntryPoint","urlTemplate":"https:\/\/informelitoral.com.ar\/?s={search_term_string}"},"query-input":{"@type":"PropertyValueSpecification","valueRequired":true,"valueName":"search_term_string"}}],"inLanguage":"es"},{"@type":"Organization","@id":"https:\/\/informelitoral.com.ar\/#organization","name":"Informe Litoral","url":"https:\/\/informelitoral.com.ar\/","logo":{"@type":"ImageObject","inLanguage":"es","@id":"https:\/\/informelitoral.com.ar\/#\/schema\/logo\/image\/","url":"https:\/\/informelitoral.com.ar\/%77%70%2d%63%6f%6e%74%65%6e%74\/uploads\/2021\/01\/circulo.png","contentUrl":"https:\/\/informelitoral.com.ar\/%77%70%2d%63%6f%6e%74%65%6e%74\/uploads\/2021\/01\/circulo.png","width":723,"height":731,"caption":"Informe Litoral"},"image":{"@id":"https:\/\/informelitoral.com.ar\/#\/schema\/logo\/image\/"},"sameAs":["https:\/\/www.facebook.com\/informelitoral\/","https:\/\/x.com\/InformeLitoral","https:\/\/www.instagram.com\/informelitoral\/","https:\/\/www.youtube.com\/channel\/UCua4Qvz8Icb6MYqhoq9xLXw"]},{"@type":"Person","@id":"https:\/\/informelitoral.com.ar\/#\/schema\/person\/b9d00407c836482871ef1d57bf8e3180","name":"Gonzalo Schmidt","image":{"@type":"ImageObject","inLanguage":"es","@id":"https:\/\/secure.gravatar.com\/avatar\/31a1a7b66ff2de83bd0e9fd79d026630d2d99e55e8bfe501287647b4fd9743de?s=96&d=mm&r=g","url":"https:\/\/secure.gravatar.com\/avatar\/31a1a7b66ff2de83bd0e9fd79d026630d2d99e55e8bfe501287647b4fd9743de?s=96&d=mm&r=g","contentUrl":"https:\/\/secure.gravatar.com\/avatar\/31a1a7b66ff2de83bd0e9fd79d026630d2d99e55e8bfe501287647b4fd9743de?s=96&d=mm&r=g","caption":"Gonzalo Schmidt"},"description":"Sitio web de noticias de la provincia de Entre R\u00edos, Argentina. Informaci\u00f3n y entretenimiento. Informe Litoral, nos informamos.","sameAs":["http:\/\/www.isletasnoticias.com.ar"],"url":"https:\/\/informelitoral.com.ar\/author\/gonzalo\/"}]}},"_links":{"self":[{"href":"https:\/\/informelitoral.com.ar\/%77%70%2d%6a%73%6f%6e\/wp\/v2\/posts\/46783","targetHints":{"allow":["GET"]}}],"collection":[{"href":"https:\/\/informelitoral.com.ar\/%77%70%2d%6a%73%6f%6e\/wp\/v2\/posts"}],"about":[{"href":"https:\/\/informelitoral.com.ar\/%77%70%2d%6a%73%6f%6e\/wp\/v2\/types\/post"}],"author":[{"embeddable":true,"href":"https:\/\/informelitoral.com.ar\/%77%70%2d%6a%73%6f%6e\/wp\/v2\/users\/2"}],"replies":[{"embeddable":true,"href":"https:\/\/informelitoral.com.ar\/%77%70%2d%6a%73%6f%6e\/wp\/v2\/comments?post=46783"}],"version-history":[{"count":0,"href":"https:\/\/informelitoral.com.ar\/%77%70%2d%6a%73%6f%6e\/wp\/v2\/posts\/46783\/revisions"}],"wp:featuredmedia":[{"embeddable":true,"href":"https:\/\/informelitoral.com.ar\/%77%70%2d%6a%73%6f%6e\/wp\/v2\/media\/30142"}],"wp:attachment":[{"href":"https:\/\/informelitoral.com.ar\/%77%70%2d%6a%73%6f%6e\/wp\/v2\/media?parent=46783"}],"wp:term":[{"taxonomy":"category","embeddable":true,"href":"https:\/\/informelitoral.com.ar\/%77%70%2d%6a%73%6f%6e\/wp\/v2\/categories?post=46783"},{"taxonomy":"post_tag","embeddable":true,"href":"https:\/\/informelitoral.com.ar\/%77%70%2d%6a%73%6f%6e\/wp\/v2\/tags?post=46783"}],"curies":[{"name":"wp","href":"https:\/\/api.w.org\/{rel}","templated":true}]}}