{"id":4678,"date":"2013-12-12T22:48:18","date_gmt":"2013-12-13T01:48:18","guid":{"rendered":"http:\/\/www.isletasnoticias.com.ar\/?p=4678"},"modified":"2013-12-12T22:48:18","modified_gmt":"2013-12-13T01:48:18","slug":"concordia-hallaron-electrodomesticos-robados-en-la-casa-de-la-madre-de-un-policia","status":"publish","type":"post","link":"https:\/\/informelitoral.com.ar\/concordia-hallaron-electrodomesticos-robados-en-la-casa-de-la-madre-de-un-policia\/","title":{"rendered":"Concordia: hallaron electrodom\u00e9sticos robados en la casa de la madre de un polic\u00eda"},"content":{"rendered":"<p><strong>Un suboficial de la Comisar\u00eda Segunda<strong>\u00a0de Concordia, que encabez\u00f3 la toma de la Jefatura Departamental, qued\u00f3 seriamente implicado con los saqueos.<\/strong><\/strong><\/p>\n<p><img loading=\"lazy\" decoding=\"async\" class=\"size-medium wp-image-4679 aligncenter\" alt=\"allanamiento_en_concordia.jpg_869080375\" src=\"http:\/\/www.isletasnoticias.com.ar\/%77%70%2d%63%6f%6e%74%65%6e%74\/uploads\/2013\/12\/allanamiento_en_concordia.jpg_869080375-300x225.jpg\" width=\"300\" height=\"225\" srcset=\"https:\/\/informelitoral.com.ar\/%77%70%2d%63%6f%6e%74%65%6e%74\/uploads\/2013\/12\/allanamiento_en_concordia.jpg_869080375-300x225.jpg 300w, https:\/\/informelitoral.com.ar\/%77%70%2d%63%6f%6e%74%65%6e%74\/uploads\/2013\/12\/allanamiento_en_concordia.jpg_869080375.jpg 624w\" sizes=\"auto, (max-width: 300px) 100vw, 300px\" \/>Pasado el mediod\u00eda de este jueves, los fiscales<strong> Fabio Zabaletta<\/strong> y <strong>German Dri<\/strong> encabezaron un allanamiento en un domicilio de calle Guarumba al 375, entre avenida Monse\u00f1or Tavella y Laprida, en Concordia. All\u00ed secuestraron varios electrodom\u00e9sticos que habr\u00edan sido sustra\u00eddos durante los saqueos.<\/p>\n<p>La vivienda es propiedad de una mujer que actualmente vive en el sur del pa\u00eds y es madre de un suboficial que se habr\u00eda alternado entre la protesta en Jefatura Departamental y los saqueos en los comercios de avenida Tavella, public\u00f3\u00a0<em>Diario R\u00edo Uruguay<\/em>.<\/p>\n<p>El operativo comenz\u00f3 cerca de las 13.30 y cuando los uniformados se retiraban del lugar lo hac\u00eda con una camioneta de la fuerza cargando un lavarropas autom\u00e1tico marca \u201cDrean\u201d, otro lavarropas de tambor marca \u201cHilgert\u201d, una aspiradora \u201cBlack Decker\u201d, una hidrolavadora \u201cHyundai\u201d, un pulverizador marca \u201cGamma\u201d, dos serruchos y un motor de ventilador.<\/p>\n<p>El allanamiento fue manejado bajo el m\u00e1s abosluto sigilo, ya que quien aparece sospechado de estar seriamente implciado es un sargento de la polic\u00eda de Entre R\u00edos, quien presta servicios en la Comisar\u00eda 2\u00b0, frente al parque Ferr\u00e9.<\/p>\n<p>Incluso, de acuerdo fuentes judiciales consultadas por el mismo medio, este uniformado fue uno de los insurrectos que en la noche del domingo encabez\u00f3 el raudo ingreso en la Jefatura Departamental de Polic\u00eda y que fue sindicado de sujetar por la espalda al comisario <strong>Nelson Vega<\/strong>, Subjefe Departamental, para que el oficial sea golpeado por otros insurrectos.<\/p>\n<p>El domicilio donde se encontraron los electrodom\u00e9sticos est\u00e1 a la custodia de un joven de 19 a\u00f1os, hijo del polic\u00eda sospechado y quien se desentendi\u00f3 de los elementos encontrados en el lugar.<\/p>\n<p>Entre las pruebas que complicar\u00edan al suboficial de apellido Valdez hay testimonios de personas que lo vieron con su camioneta en comercios que en ese momento eran saqueados, indic\u00f3<em> UNO.<\/em><\/p>\n","protected":false},"excerpt":{"rendered":"<p>Un suboficial de la Comisar&iacute;a Segunda&nbsp;de Concordia, que encabez&oacute; la toma de la Jefatura Departamental, qued&oacute; seriamente implicado con los saqueos. Pasado el mediod&iacute;a de este jueves, los fiscales Fabio Zabaletta y German Dri encabezaron un allanamiento en un domicilio de calle Guarumba al 375, entre avenida Monse&ntilde;or Tavella y Laprida, en Concordia. All&iacute; secuestraron [&hellip;]<\/p>\n","protected":false},"author":2,"featured_media":0,"comment_status":"open","ping_status":"open","sticky":false,"template":"","format":"standard","meta":{"fifu_image_url":"","fifu_image_alt":"","footnotes":""},"categories":[6],"tags":[],"class_list":{"0":"post-4678","1":"post","2":"type-post","3":"status-publish","4":"format-standard","6":"category-entre-rios"},"yoast_head":"<title>Concordia: hallaron electrodom\u00e9sticos robados en la casa de la madre de un polic\u00eda - Informe Litoral<\/title>\n<meta name=\"robots\" content=\"index, follow, max-snippet:-1, max-image-preview:large, max-video-preview:-1\" \/>\n<link rel=\"canonical\" href=\"https:\/\/informelitoral.com.ar\/concordia-hallaron-electrodomesticos-robados-en-la-casa-de-la-madre-de-un-policia\/\" \/>\n<meta property=\"og:locale\" content=\"es_ES\" \/>\n<meta property=\"og:type\" content=\"article\" \/>\n<meta property=\"og:title\" content=\"Concordia: hallaron electrodom\u00e9sticos robados en la casa de la madre de un polic\u00eda - Informe Litoral\" \/>\n<meta property=\"og:description\" content=\"Un suboficial de la Comisar&iacute;a Segunda&nbsp;de Concordia, que encabez&oacute; la toma de la Jefatura Departamental, qued&oacute; seriamente implicado con los saqueos. Pasado el mediod&iacute;a de este jueves, los fiscales Fabio Zabaletta y German Dri encabezaron un allanamiento en un domicilio de calle Guarumba al 375, entre avenida Monse&ntilde;or Tavella y Laprida, en Concordia. All&iacute; secuestraron [&hellip;]\" \/>\n<meta property=\"og:url\" content=\"https:\/\/informelitoral.com.ar\/concordia-hallaron-electrodomesticos-robados-en-la-casa-de-la-madre-de-un-policia\/\" \/>\n<meta property=\"og:site_name\" content=\"Informe Litoral\" \/>\n<meta property=\"article:publisher\" content=\"https:\/\/www.facebook.com\/informelitoral\/\" \/>\n<meta property=\"article:published_time\" content=\"2013-12-13T01:48:18+00:00\" \/>\n<meta property=\"og:image\" content=\"https:\/\/informelitoral.com.ar\/%77%70%2d%63%6f%6e%74%65%6e%74\/uploads\/2013\/12\/allanamiento_en_concordia.jpg_869080375.jpg\" \/>\n\t<meta property=\"og:image:width\" content=\"624\" \/>\n\t<meta property=\"og:image:height\" content=\"468\" \/>\n\t<meta property=\"og:image:type\" content=\"image\/jpeg\" \/>\n<meta name=\"author\" content=\"Gonzalo Schmidt\" \/>\n<meta name=\"twitter:card\" content=\"summary_large_image\" \/>\n<meta name=\"twitter:creator\" content=\"@InformeLitoral\" \/>\n<meta name=\"twitter:site\" content=\"@InformeLitoral\" \/>\n<meta name=\"twitter:label1\" content=\"Escrito por\" \/>\n\t<meta name=\"twitter:data1\" content=\"Gonzalo Schmidt\" \/>\n\t<meta name=\"twitter:label2\" content=\"Tiempo de lectura\" \/>\n\t<meta name=\"twitter:data2\" content=\"2 minutos\" \/>\n<script type=\"application\/ld+json\" class=\"yoast-schema-graph\">{\"@context\":\"https:\\\/\\\/schema.org\",\"@graph\":[{\"@type\":\"Article\",\"@id\":\"https:\\\/\\\/informelitoral.com.ar\\\/concordia-hallaron-electrodomesticos-robados-en-la-casa-de-la-madre-de-un-policia\\\/#article\",\"isPartOf\":{\"@id\":\"https:\\\/\\\/informelitoral.com.ar\\\/concordia-hallaron-electrodomesticos-robados-en-la-casa-de-la-madre-de-un-policia\\\/\"},\"author\":{\"name\":\"Gonzalo Schmidt\",\"@id\":\"https:\\\/\\\/informelitoral.com.ar\\\/#\\\/schema\\\/person\\\/b9d00407c836482871ef1d57bf8e3180\"},\"headline\":\"Concordia: hallaron electrodom\u00e9sticos robados en la casa de la madre de un polic\u00eda\",\"datePublished\":\"2013-12-13T01:48:18+00:00\",\"mainEntityOfPage\":{\"@id\":\"https:\\\/\\\/informelitoral.com.ar\\\/concordia-hallaron-electrodomesticos-robados-en-la-casa-de-la-madre-de-un-policia\\\/\"},\"wordCount\":350,\"commentCount\":0,\"publisher\":{\"@id\":\"https:\\\/\\\/informelitoral.com.ar\\\/#organization\"},\"image\":{\"@id\":\"https:\\\/\\\/informelitoral.com.ar\\\/concordia-hallaron-electrodomesticos-robados-en-la-casa-de-la-madre-de-un-policia\\\/#primaryimage\"},\"thumbnailUrl\":\"http:\\\/\\\/www.isletasnoticias.com.ar\\\/%77%70%2d%63%6f%6e%74%65%6e%74\\\/uploads\\\/2013\\\/12\\\/allanamiento_en_concordia.jpg_869080375-300x225.jpg\",\"articleSection\":[\"Entre R\u00edos\"],\"inLanguage\":\"es\",\"potentialAction\":[{\"@type\":\"CommentAction\",\"name\":\"Comment\",\"target\":[\"https:\\\/\\\/informelitoral.com.ar\\\/concordia-hallaron-electrodomesticos-robados-en-la-casa-de-la-madre-de-un-policia\\\/#respond\"]}]},{\"@type\":\"WebPage\",\"@id\":\"https:\\\/\\\/informelitoral.com.ar\\\/concordia-hallaron-electrodomesticos-robados-en-la-casa-de-la-madre-de-un-policia\\\/\",\"url\":\"https:\\\/\\\/informelitoral.com.ar\\\/concordia-hallaron-electrodomesticos-robados-en-la-casa-de-la-madre-de-un-policia\\\/\",\"name\":\"Concordia: hallaron electrodom\u00e9sticos robados en la casa de la madre de un polic\u00eda - Informe Litoral\",\"isPartOf\":{\"@id\":\"https:\\\/\\\/informelitoral.com.ar\\\/#website\"},\"primaryImageOfPage\":{\"@id\":\"https:\\\/\\\/informelitoral.com.ar\\\/concordia-hallaron-electrodomesticos-robados-en-la-casa-de-la-madre-de-un-policia\\\/#primaryimage\"},\"image\":{\"@id\":\"https:\\\/\\\/informelitoral.com.ar\\\/concordia-hallaron-electrodomesticos-robados-en-la-casa-de-la-madre-de-un-policia\\\/#primaryimage\"},\"thumbnailUrl\":\"http:\\\/\\\/www.isletasnoticias.com.ar\\\/%77%70%2d%63%6f%6e%74%65%6e%74\\\/uploads\\\/2013\\\/12\\\/allanamiento_en_concordia.jpg_869080375-300x225.jpg\",\"datePublished\":\"2013-12-13T01:48:18+00:00\",\"breadcrumb\":{\"@id\":\"https:\\\/\\\/informelitoral.com.ar\\\/concordia-hallaron-electrodomesticos-robados-en-la-casa-de-la-madre-de-un-policia\\\/#breadcrumb\"},\"inLanguage\":\"es\",\"potentialAction\":[{\"@type\":\"ReadAction\",\"target\":[\"https:\\\/\\\/informelitoral.com.ar\\\/concordia-hallaron-electrodomesticos-robados-en-la-casa-de-la-madre-de-un-policia\\\/\"]}]},{\"@type\":\"ImageObject\",\"inLanguage\":\"es\",\"@id\":\"https:\\\/\\\/informelitoral.com.ar\\\/concordia-hallaron-electrodomesticos-robados-en-la-casa-de-la-madre-de-un-policia\\\/#primaryimage\",\"url\":\"http:\\\/\\\/www.isletasnoticias.com.ar\\\/%77%70%2d%63%6f%6e%74%65%6e%74\\\/uploads\\\/2013\\\/12\\\/allanamiento_en_concordia.jpg_869080375-300x225.jpg\",\"contentUrl\":\"http:\\\/\\\/www.isletasnoticias.com.ar\\\/%77%70%2d%63%6f%6e%74%65%6e%74\\\/uploads\\\/2013\\\/12\\\/allanamiento_en_concordia.jpg_869080375-300x225.jpg\"},{\"@type\":\"BreadcrumbList\",\"@id\":\"https:\\\/\\\/informelitoral.com.ar\\\/concordia-hallaron-electrodomesticos-robados-en-la-casa-de-la-madre-de-un-policia\\\/#breadcrumb\",\"itemListElement\":[{\"@type\":\"ListItem\",\"position\":1,\"name\":\"Portada\",\"item\":\"https:\\\/\\\/informelitoral.com.ar\\\/\"},{\"@type\":\"ListItem\",\"position\":2,\"name\":\"Concordia: hallaron electrodom\u00e9sticos robados en la casa de la madre de un polic\u00eda\"}]},{\"@type\":\"WebSite\",\"@id\":\"https:\\\/\\\/informelitoral.com.ar\\\/#website\",\"url\":\"https:\\\/\\\/informelitoral.com.ar\\\/\",\"name\":\"Informe Litoral\",\"description\":\"&quot;Nos informamos&quot; \",\"publisher\":{\"@id\":\"https:\\\/\\\/informelitoral.com.ar\\\/#organization\"},\"potentialAction\":[{\"@type\":\"SearchAction\",\"target\":{\"@type\":\"EntryPoint\",\"urlTemplate\":\"https:\\\/\\\/informelitoral.com.ar\\\/?s={search_term_string}\"},\"query-input\":{\"@type\":\"PropertyValueSpecification\",\"valueRequired\":true,\"valueName\":\"search_term_string\"}}],\"inLanguage\":\"es\"},{\"@type\":\"Organization\",\"@id\":\"https:\\\/\\\/informelitoral.com.ar\\\/#organization\",\"name\":\"Informe Litoral\",\"url\":\"https:\\\/\\\/informelitoral.com.ar\\\/\",\"logo\":{\"@type\":\"ImageObject\",\"inLanguage\":\"es\",\"@id\":\"https:\\\/\\\/informelitoral.com.ar\\\/#\\\/schema\\\/logo\\\/image\\\/\",\"url\":\"https:\\\/\\\/informelitoral.com.ar\\\/%77%70%2d%63%6f%6e%74%65%6e%74\\\/uploads\\\/2021\\\/01\\\/circulo.png\",\"contentUrl\":\"https:\\\/\\\/informelitoral.com.ar\\\/%77%70%2d%63%6f%6e%74%65%6e%74\\\/uploads\\\/2021\\\/01\\\/circulo.png\",\"width\":723,\"height\":731,\"caption\":\"Informe Litoral\"},\"image\":{\"@id\":\"https:\\\/\\\/informelitoral.com.ar\\\/#\\\/schema\\\/logo\\\/image\\\/\"},\"sameAs\":[\"https:\\\/\\\/www.facebook.com\\\/informelitoral\\\/\",\"https:\\\/\\\/x.com\\\/InformeLitoral\",\"https:\\\/\\\/www.instagram.com\\\/informelitoral\\\/\",\"https:\\\/\\\/www.youtube.com\\\/channel\\\/UCua4Qvz8Icb6MYqhoq9xLXw\"]},{\"@type\":\"Person\",\"@id\":\"https:\\\/\\\/informelitoral.com.ar\\\/#\\\/schema\\\/person\\\/b9d00407c836482871ef1d57bf8e3180\",\"name\":\"Gonzalo Schmidt\",\"image\":{\"@type\":\"ImageObject\",\"inLanguage\":\"es\",\"@id\":\"https:\\\/\\\/secure.gravatar.com\\\/avatar\\\/31a1a7b66ff2de83bd0e9fd79d026630d2d99e55e8bfe501287647b4fd9743de?s=96&d=mm&r=g\",\"url\":\"https:\\\/\\\/secure.gravatar.com\\\/avatar\\\/31a1a7b66ff2de83bd0e9fd79d026630d2d99e55e8bfe501287647b4fd9743de?s=96&d=mm&r=g\",\"contentUrl\":\"https:\\\/\\\/secure.gravatar.com\\\/avatar\\\/31a1a7b66ff2de83bd0e9fd79d026630d2d99e55e8bfe501287647b4fd9743de?s=96&d=mm&r=g\",\"caption\":\"Gonzalo Schmidt\"},\"description\":\"Sitio web de noticias de la provincia de Entre R\u00edos, Argentina. Informaci\u00f3n y entretenimiento. Informe Litoral, nos informamos.\",\"sameAs\":[\"http:\\\/\\\/www.isletasnoticias.com.ar\"],\"url\":\"https:\\\/\\\/informelitoral.com.ar\\\/author\\\/gonzalo\\\/\"}]}<\/script>","yoast_head_json":{"title":"Concordia: hallaron electrodom\u00e9sticos robados en la casa de la madre de un polic\u00eda - Informe Litoral","robots":{"index":"index","follow":"follow","max-snippet":"max-snippet:-1","max-image-preview":"max-image-preview:large","max-video-preview":"max-video-preview:-1"},"canonical":"https:\/\/informelitoral.com.ar\/concordia-hallaron-electrodomesticos-robados-en-la-casa-de-la-madre-de-un-policia\/","og_locale":"es_ES","og_type":"article","og_title":"Concordia: hallaron electrodom\u00e9sticos robados en la casa de la madre de un polic\u00eda - Informe Litoral","og_description":"Un suboficial de la Comisar&iacute;a Segunda&nbsp;de Concordia, que encabez&oacute; la toma de la Jefatura Departamental, qued&oacute; seriamente implicado con los saqueos. Pasado el mediod&iacute;a de este jueves, los fiscales Fabio Zabaletta y German Dri encabezaron un allanamiento en un domicilio de calle Guarumba al 375, entre avenida Monse&ntilde;or Tavella y Laprida, en Concordia. All&iacute; secuestraron [&hellip;]","og_url":"https:\/\/informelitoral.com.ar\/concordia-hallaron-electrodomesticos-robados-en-la-casa-de-la-madre-de-un-policia\/","og_site_name":"Informe Litoral","article_publisher":"https:\/\/www.facebook.com\/informelitoral\/","article_published_time":"2013-12-13T01:48:18+00:00","og_image":[{"width":624,"height":468,"url":"https:\/\/informelitoral.com.ar\/%77%70%2d%63%6f%6e%74%65%6e%74\/uploads\/2013\/12\/allanamiento_en_concordia.jpg_869080375.jpg","type":"image\/jpeg"}],"author":"Gonzalo Schmidt","twitter_card":"summary_large_image","twitter_creator":"@InformeLitoral","twitter_site":"@InformeLitoral","twitter_misc":{"Escrito por":"Gonzalo Schmidt","Tiempo de lectura":"2 minutos"},"schema":{"@context":"https:\/\/schema.org","@graph":[{"@type":"Article","@id":"https:\/\/informelitoral.com.ar\/concordia-hallaron-electrodomesticos-robados-en-la-casa-de-la-madre-de-un-policia\/#article","isPartOf":{"@id":"https:\/\/informelitoral.com.ar\/concordia-hallaron-electrodomesticos-robados-en-la-casa-de-la-madre-de-un-policia\/"},"author":{"name":"Gonzalo Schmidt","@id":"https:\/\/informelitoral.com.ar\/#\/schema\/person\/b9d00407c836482871ef1d57bf8e3180"},"headline":"Concordia: hallaron electrodom\u00e9sticos robados en la casa de la madre de un polic\u00eda","datePublished":"2013-12-13T01:48:18+00:00","mainEntityOfPage":{"@id":"https:\/\/informelitoral.com.ar\/concordia-hallaron-electrodomesticos-robados-en-la-casa-de-la-madre-de-un-policia\/"},"wordCount":350,"commentCount":0,"publisher":{"@id":"https:\/\/informelitoral.com.ar\/#organization"},"image":{"@id":"https:\/\/informelitoral.com.ar\/concordia-hallaron-electrodomesticos-robados-en-la-casa-de-la-madre-de-un-policia\/#primaryimage"},"thumbnailUrl":"http:\/\/www.isletasnoticias.com.ar\/%77%70%2d%63%6f%6e%74%65%6e%74\/uploads\/2013\/12\/allanamiento_en_concordia.jpg_869080375-300x225.jpg","articleSection":["Entre R\u00edos"],"inLanguage":"es","potentialAction":[{"@type":"CommentAction","name":"Comment","target":["https:\/\/informelitoral.com.ar\/concordia-hallaron-electrodomesticos-robados-en-la-casa-de-la-madre-de-un-policia\/#respond"]}]},{"@type":"WebPage","@id":"https:\/\/informelitoral.com.ar\/concordia-hallaron-electrodomesticos-robados-en-la-casa-de-la-madre-de-un-policia\/","url":"https:\/\/informelitoral.com.ar\/concordia-hallaron-electrodomesticos-robados-en-la-casa-de-la-madre-de-un-policia\/","name":"Concordia: hallaron electrodom\u00e9sticos robados en la casa de la madre de un polic\u00eda - Informe Litoral","isPartOf":{"@id":"https:\/\/informelitoral.com.ar\/#website"},"primaryImageOfPage":{"@id":"https:\/\/informelitoral.com.ar\/concordia-hallaron-electrodomesticos-robados-en-la-casa-de-la-madre-de-un-policia\/#primaryimage"},"image":{"@id":"https:\/\/informelitoral.com.ar\/concordia-hallaron-electrodomesticos-robados-en-la-casa-de-la-madre-de-un-policia\/#primaryimage"},"thumbnailUrl":"http:\/\/www.isletasnoticias.com.ar\/%77%70%2d%63%6f%6e%74%65%6e%74\/uploads\/2013\/12\/allanamiento_en_concordia.jpg_869080375-300x225.jpg","datePublished":"2013-12-13T01:48:18+00:00","breadcrumb":{"@id":"https:\/\/informelitoral.com.ar\/concordia-hallaron-electrodomesticos-robados-en-la-casa-de-la-madre-de-un-policia\/#breadcrumb"},"inLanguage":"es","potentialAction":[{"@type":"ReadAction","target":["https:\/\/informelitoral.com.ar\/concordia-hallaron-electrodomesticos-robados-en-la-casa-de-la-madre-de-un-policia\/"]}]},{"@type":"ImageObject","inLanguage":"es","@id":"https:\/\/informelitoral.com.ar\/concordia-hallaron-electrodomesticos-robados-en-la-casa-de-la-madre-de-un-policia\/#primaryimage","url":"http:\/\/www.isletasnoticias.com.ar\/%77%70%2d%63%6f%6e%74%65%6e%74\/uploads\/2013\/12\/allanamiento_en_concordia.jpg_869080375-300x225.jpg","contentUrl":"http:\/\/www.isletasnoticias.com.ar\/%77%70%2d%63%6f%6e%74%65%6e%74\/uploads\/2013\/12\/allanamiento_en_concordia.jpg_869080375-300x225.jpg"},{"@type":"BreadcrumbList","@id":"https:\/\/informelitoral.com.ar\/concordia-hallaron-electrodomesticos-robados-en-la-casa-de-la-madre-de-un-policia\/#breadcrumb","itemListElement":[{"@type":"ListItem","position":1,"name":"Portada","item":"https:\/\/informelitoral.com.ar\/"},{"@type":"ListItem","position":2,"name":"Concordia: hallaron electrodom\u00e9sticos robados en la casa de la madre de un polic\u00eda"}]},{"@type":"WebSite","@id":"https:\/\/informelitoral.com.ar\/#website","url":"https:\/\/informelitoral.com.ar\/","name":"Informe Litoral","description":"&quot;Nos informamos&quot; ","publisher":{"@id":"https:\/\/informelitoral.com.ar\/#organization"},"potentialAction":[{"@type":"SearchAction","target":{"@type":"EntryPoint","urlTemplate":"https:\/\/informelitoral.com.ar\/?s={search_term_string}"},"query-input":{"@type":"PropertyValueSpecification","valueRequired":true,"valueName":"search_term_string"}}],"inLanguage":"es"},{"@type":"Organization","@id":"https:\/\/informelitoral.com.ar\/#organization","name":"Informe Litoral","url":"https:\/\/informelitoral.com.ar\/","logo":{"@type":"ImageObject","inLanguage":"es","@id":"https:\/\/informelitoral.com.ar\/#\/schema\/logo\/image\/","url":"https:\/\/informelitoral.com.ar\/%77%70%2d%63%6f%6e%74%65%6e%74\/uploads\/2021\/01\/circulo.png","contentUrl":"https:\/\/informelitoral.com.ar\/%77%70%2d%63%6f%6e%74%65%6e%74\/uploads\/2021\/01\/circulo.png","width":723,"height":731,"caption":"Informe Litoral"},"image":{"@id":"https:\/\/informelitoral.com.ar\/#\/schema\/logo\/image\/"},"sameAs":["https:\/\/www.facebook.com\/informelitoral\/","https:\/\/x.com\/InformeLitoral","https:\/\/www.instagram.com\/informelitoral\/","https:\/\/www.youtube.com\/channel\/UCua4Qvz8Icb6MYqhoq9xLXw"]},{"@type":"Person","@id":"https:\/\/informelitoral.com.ar\/#\/schema\/person\/b9d00407c836482871ef1d57bf8e3180","name":"Gonzalo Schmidt","image":{"@type":"ImageObject","inLanguage":"es","@id":"https:\/\/secure.gravatar.com\/avatar\/31a1a7b66ff2de83bd0e9fd79d026630d2d99e55e8bfe501287647b4fd9743de?s=96&d=mm&r=g","url":"https:\/\/secure.gravatar.com\/avatar\/31a1a7b66ff2de83bd0e9fd79d026630d2d99e55e8bfe501287647b4fd9743de?s=96&d=mm&r=g","contentUrl":"https:\/\/secure.gravatar.com\/avatar\/31a1a7b66ff2de83bd0e9fd79d026630d2d99e55e8bfe501287647b4fd9743de?s=96&d=mm&r=g","caption":"Gonzalo Schmidt"},"description":"Sitio web de noticias de la provincia de Entre R\u00edos, Argentina. Informaci\u00f3n y entretenimiento. Informe Litoral, nos informamos.","sameAs":["http:\/\/www.isletasnoticias.com.ar"],"url":"https:\/\/informelitoral.com.ar\/author\/gonzalo\/"}]}},"_links":{"self":[{"href":"https:\/\/informelitoral.com.ar\/%77%70%2d%6a%73%6f%6e\/wp\/v2\/posts\/4678","targetHints":{"allow":["GET"]}}],"collection":[{"href":"https:\/\/informelitoral.com.ar\/%77%70%2d%6a%73%6f%6e\/wp\/v2\/posts"}],"about":[{"href":"https:\/\/informelitoral.com.ar\/%77%70%2d%6a%73%6f%6e\/wp\/v2\/types\/post"}],"author":[{"embeddable":true,"href":"https:\/\/informelitoral.com.ar\/%77%70%2d%6a%73%6f%6e\/wp\/v2\/users\/2"}],"replies":[{"embeddable":true,"href":"https:\/\/informelitoral.com.ar\/%77%70%2d%6a%73%6f%6e\/wp\/v2\/comments?post=4678"}],"version-history":[{"count":0,"href":"https:\/\/informelitoral.com.ar\/%77%70%2d%6a%73%6f%6e\/wp\/v2\/posts\/4678\/revisions"}],"wp:attachment":[{"href":"https:\/\/informelitoral.com.ar\/%77%70%2d%6a%73%6f%6e\/wp\/v2\/media?parent=4678"}],"wp:term":[{"taxonomy":"category","embeddable":true,"href":"https:\/\/informelitoral.com.ar\/%77%70%2d%6a%73%6f%6e\/wp\/v2\/categories?post=4678"},{"taxonomy":"post_tag","embeddable":true,"href":"https:\/\/informelitoral.com.ar\/%77%70%2d%6a%73%6f%6e\/wp\/v2\/tags?post=4678"}],"curies":[{"name":"wp","href":"https:\/\/api.w.org\/{rel}","templated":true}]}}