{"id":46764,"date":"2020-07-30T21:45:37","date_gmt":"2020-07-31T00:45:37","guid":{"rendered":"https:\/\/www.isletasnoticias.com.ar\/?p=46764"},"modified":"2020-07-30T22:38:09","modified_gmt":"2020-07-31T01:38:09","slug":"parana-bahl-presento-el-nuevo-sistema-de-recoleccion-de-residuos-solidos-urbanos","status":"publish","type":"post","link":"https:\/\/informelitoral.com.ar\/parana-bahl-presento-el-nuevo-sistema-de-recoleccion-de-residuos-solidos-urbanos\/","title":{"rendered":"Paran\u00e1: Bahl present\u00f3 el nuevo sistema de recolecci\u00f3n de residuos s\u00f3lidos urbanos"},"content":{"rendered":"<p>El intendente Ad\u00e1n Bahl inform\u00f3, adem\u00e1s, la puesta en funcionamiento de una nueva unidad central que funcionar\u00e1 con 11 camiones compactadores 0 km que se adquirieron recientemente y se desarroll\u00f3 un centro de monitoreo que permite visualizar en tiempo real los recorridos de los camiones por medio del sistema de GPS.<\/p>\n<p>\u201cHoy m\u00e1s que nunca se hace evidente la necesidad de cuidar el medio ambiente como modo de proteger la salud. No hace mucho los paranaenses vivimos un gran problema con la basura. Todos lo recordamos. El sistema de recolecci\u00f3n de residuos hab\u00eda colapsado y hasta supuso un riesgo sanitario por la cantidad de basura acumulada en la calle. Pudimos resolver ese inconveniente. Pero a los problemas siempre hay que abordarlos de manera integral. De eso se trata, el orden en la prestaci\u00f3n de los servicios p\u00fablicos con el cuidado del medio ambiente. El desarrollo de este nuevo esquema es un primer paso en ese sentido\u201d, manifest\u00f3 Bahl en la presentaci\u00f3n de las nuevas maquinarias adquiridas por la Municipalidad de Paran\u00e1.<\/p>\n<p>\u201cLas personas que van a estar a cargo de cada cami\u00f3n son trabajadores municipales que han sido preseleccionados y que fueron capacitados para la tarea. Estos 11 camiones recolectores y los m\u00e1s de mil contenedores que estamos incorporando por etapas al sistema de recolecci\u00f3n, son el fruto del esfuerzo de los contribuyentes. Todos los paranaenses nos merecemos vivir mejor, con un Municipio ordenado y estamos trabajando d\u00eda a d\u00eda para que as\u00ed sea\u201d, destac\u00f3 el Intendente.<\/p>\n<p>Desde el inicio de esta gesti\u00f3n la recolecci\u00f3n de residuos fue un tema prioritario. Al respecto, el Intendente manifest\u00f3: \u201cVenimos trabajando en la implementaci\u00f3n de este sistema desde hace mucho tiempo, hubo que incorporar tecnolog\u00eda, hacer el seguimiento satelital, manejar el desarrollo de toda la log\u00edstica de funcionamiento y especialmente brindar la capacitaci\u00f3n de los choferes\u201d.<\/p>\n<p>El secretario de Servicios P\u00fablicos, Emanuel Redondo, resalt\u00f3 a los trabajadores de su \u00e1rea por la predisposici\u00f3n y acompa\u00f1amiento en este nuevo sistema de recolecci\u00f3n. \u201cEl personal es ciento por ciento Municipal, de carrera, que hemos ido seleccionando en las distintas unidades. Es personal que se ha estado capacitando, a quienes se les propuso esta nueva forma de trabajo y que tambi\u00e9n, voluntariamente y con mucho entusiasmo, se han sumado a esta nueva propuesta\u201d.<\/p>\n<p>Tambi\u00e9n estuvieron presentes la viceintendenta, Andrea Zoff; el secretario de Gobierno, Santiago Halle, la secretaria de Coordinaci\u00f3n Estrat\u00e9gica, Camila Farias; el secretario de Hacienda, Inversi\u00f3n, Empleo, Ciencia y Tecnolog\u00eda, Eduardo Macri; el secretario de Obras P\u00fablicas, Maximiliano Argento; el secretario de Desarrollo Social, Nicol\u00e1s Mathieu; y el secretario Legal y Administrativo, Pablo Testa.<\/p>\n<p>\u2022 <strong>Datos de inter\u00e9s<\/strong><\/p>\n<p>A partir del redise\u00f1o del sistema, se plante\u00f3 la creaci\u00f3n de una nueva Unidad de Recolecci\u00f3n Central de Residuos S\u00f3lidos Urbanos, que abarcar\u00e1 23 circuitos (18 de carga trasera y 5 de la unidad mecanizada lateral) de los 36 totales.<\/p>\n<p>Se incorporaron 11 unidades compactadoras 0 kil\u00f3metro y adem\u00e1s se adquirieron 1.000 contenedores pl\u00e1sticos de carga trasera, con una inversi\u00f3n total de 106 millones de pesos (86 millones en camiones, 20 en contenedores).<\/p>\n<p>Se implement\u00f3 un nuevo sistema de monitoreo satelital, sumado al desarrollo de una sala de monitoreo, que permite controlar en tiempo real todos los recorridos, zonas abarcadas, como as\u00ed tambi\u00e9n el movimiento y las acciones de los veh\u00edculos pertenecientes a la flota de la Secretar\u00eda.<\/p>\n<p>En promedio se recorren diariamente 2.000 kil\u00f3metros al d\u00eda entre todos los camiones compactadores para concretar la recolecci\u00f3n de toda la ciudad. Por cami\u00f3n se realizan 80 kil\u00f3metros al d\u00eda. Adem\u00e1s, se destinan 137 horas de servicio por d\u00eda, para todo el sistema.<\/p>\n<p>El Volcadero Municipal recibe en promedio 300 toneladas de residuos para su tratamiento.<\/p>\n<p>\u2022 <strong>Visita de legisladores y concejales<\/strong><\/p>\n<p>Bahl invit\u00f3 a legisladores provinciales y nacionales y a los concejales de Paran\u00e1 a la presentaci\u00f3n de los 11 camiones 0Km que se sumar\u00e1n a la recolecci\u00f3n de residuos, para hacerlos part\u00edcipes de las obras que lleva adelante la Municipalidad y la importante inversi\u00f3n econ\u00f3mica que se realiza para el bienestar de las y los paranaenses.<\/p>\n<p>Entre mi\u00e9rcoles y jueves estuvieron presentes las diputadas nacionales Mayda Cresto y Blanca Osuna; el senador provincial Juan Carlos Kloss; los diputados\/as provinciales Jos\u00e9 C\u00e1ceres, Carina Ramos, Stefan\u00eda Cora, Juan Manuel Huss y Jos\u00e9 Mar\u00eda Kramer; y los concejales Sergio Granetto, Fernanda Facello, Sergio Elizar, Luisina Minni, Marta Far\u00edas, Ram\u00f3n N\u00fa\u00f1ez, Ana Ruberto, David C\u00e1ceres y Francisco Avero.<\/p>\n","protected":false},"excerpt":{"rendered":"<p>Contempla optimizar los circuitos y recorridos de la recolecci\u00f3n para brindar un servicio m\u00e1s eficiente incorporando tecnolog\u00eda, atendiendo el crecimiento demogr\u00e1fico y geogr\u00e1fico de la ciudad. \u201cTodos los paranaenses nos merecemos vivir mejor y con un Municipio ordenado; lo estamos haciendo realidad\u201d, se\u00f1al\u00f3 el presidente municipal.<\/p>\n","protected":false},"author":8,"featured_media":46765,"comment_status":"open","ping_status":"open","sticky":false,"template":"","format":"standard","meta":{"fifu_image_url":"","fifu_image_alt":"","footnotes":""},"categories":[6],"tags":[1426,267,1399,173],"class_list":{"0":"post-46764","1":"post","2":"type-post","3":"status-publish","4":"format-standard","5":"has-post-thumbnail","7":"category-entre-rios","8":"tag-coronavirus","9":"tag-municipalidad","10":"tag-municipalidad-de-parana","11":"tag-municipio"},"yoast_head":"<title>Paran\u00e1: Bahl present\u00f3 el nuevo sistema de recolecci\u00f3n de residuos s\u00f3lidos urbanos - Informe Litoral<\/title>\n<meta name=\"robots\" content=\"index, follow, max-snippet:-1, max-image-preview:large, max-video-preview:-1\" \/>\n<link rel=\"canonical\" href=\"https:\/\/informelitoral.com.ar\/parana-bahl-presento-el-nuevo-sistema-de-recoleccion-de-residuos-solidos-urbanos\/\" \/>\n<meta property=\"og:locale\" content=\"es_ES\" \/>\n<meta property=\"og:type\" content=\"article\" \/>\n<meta property=\"og:title\" content=\"Paran\u00e1: Bahl present\u00f3 el nuevo sistema de recolecci\u00f3n de residuos s\u00f3lidos urbanos - Informe Litoral\" \/>\n<meta property=\"og:description\" content=\"Contempla optimizar los circuitos y recorridos de la recolecci\u00f3n para brindar un servicio m\u00e1s eficiente incorporando tecnolog\u00eda, atendiendo el crecimiento demogr\u00e1fico y geogr\u00e1fico de la ciudad. \u201cTodos los paranaenses nos merecemos vivir mejor y con un Municipio ordenado; lo estamos haciendo realidad\u201d, se\u00f1al\u00f3 el presidente municipal.\" \/>\n<meta property=\"og:url\" content=\"https:\/\/informelitoral.com.ar\/parana-bahl-presento-el-nuevo-sistema-de-recoleccion-de-residuos-solidos-urbanos\/\" \/>\n<meta property=\"og:site_name\" content=\"Informe Litoral\" \/>\n<meta property=\"article:publisher\" content=\"https:\/\/www.facebook.com\/informelitoral\/\" \/>\n<meta property=\"article:published_time\" content=\"2020-07-31T00:45:37+00:00\" \/>\n<meta property=\"article:modified_time\" content=\"2020-07-31T01:38:09+00:00\" \/>\n<meta property=\"og:image\" content=\"https:\/\/informelitoral.com.ar\/%77%70%2d%63%6f%6e%74%65%6e%74\/uploads\/2020\/07\/basura.jpg\" \/>\n\t<meta property=\"og:image:width\" content=\"1330\" \/>\n\t<meta property=\"og:image:height\" content=\"880\" \/>\n\t<meta property=\"og:image:type\" content=\"image\/jpeg\" \/>\n<meta name=\"author\" content=\"Sebastian\" \/>\n<meta name=\"twitter:card\" content=\"summary_large_image\" \/>\n<meta name=\"twitter:creator\" content=\"@InformeLitoral\" \/>\n<meta name=\"twitter:site\" content=\"@InformeLitoral\" \/>\n<meta name=\"twitter:label1\" content=\"Escrito por\" \/>\n\t<meta name=\"twitter:data1\" content=\"Sebastian\" \/>\n\t<meta name=\"twitter:label2\" content=\"Tiempo de lectura\" \/>\n\t<meta name=\"twitter:data2\" content=\"4 minutos\" \/>\n<script type=\"application\/ld+json\" class=\"yoast-schema-graph\">{\"@context\":\"https:\\\/\\\/schema.org\",\"@graph\":[{\"@type\":\"Article\",\"@id\":\"https:\\\/\\\/informelitoral.com.ar\\\/parana-bahl-presento-el-nuevo-sistema-de-recoleccion-de-residuos-solidos-urbanos\\\/#article\",\"isPartOf\":{\"@id\":\"https:\\\/\\\/informelitoral.com.ar\\\/parana-bahl-presento-el-nuevo-sistema-de-recoleccion-de-residuos-solidos-urbanos\\\/\"},\"author\":{\"name\":\"Sebastian\",\"@id\":\"https:\\\/\\\/informelitoral.com.ar\\\/#\\\/schema\\\/person\\\/f05f9f461677119578717524b127d6d5\"},\"headline\":\"Paran\u00e1: Bahl present\u00f3 el nuevo sistema de recolecci\u00f3n de residuos s\u00f3lidos urbanos\",\"datePublished\":\"2020-07-31T00:45:37+00:00\",\"dateModified\":\"2020-07-31T01:38:09+00:00\",\"mainEntityOfPage\":{\"@id\":\"https:\\\/\\\/informelitoral.com.ar\\\/parana-bahl-presento-el-nuevo-sistema-de-recoleccion-de-residuos-solidos-urbanos\\\/\"},\"wordCount\":788,\"commentCount\":0,\"publisher\":{\"@id\":\"https:\\\/\\\/informelitoral.com.ar\\\/#organization\"},\"image\":{\"@id\":\"https:\\\/\\\/informelitoral.com.ar\\\/parana-bahl-presento-el-nuevo-sistema-de-recoleccion-de-residuos-solidos-urbanos\\\/#primaryimage\"},\"thumbnailUrl\":\"https:\\\/\\\/informelitoral.com.ar\\\/%77%70%2d%63%6f%6e%74%65%6e%74\\\/uploads\\\/2020\\\/07\\\/basura.jpg\",\"keywords\":[\"Coronavirus\",\"Municipalidad\",\"Municipalidad de Paran\u00e1\",\"Municipio\"],\"articleSection\":[\"Entre R\u00edos\"],\"inLanguage\":\"es\",\"potentialAction\":[{\"@type\":\"CommentAction\",\"name\":\"Comment\",\"target\":[\"https:\\\/\\\/informelitoral.com.ar\\\/parana-bahl-presento-el-nuevo-sistema-de-recoleccion-de-residuos-solidos-urbanos\\\/#respond\"]}]},{\"@type\":\"WebPage\",\"@id\":\"https:\\\/\\\/informelitoral.com.ar\\\/parana-bahl-presento-el-nuevo-sistema-de-recoleccion-de-residuos-solidos-urbanos\\\/\",\"url\":\"https:\\\/\\\/informelitoral.com.ar\\\/parana-bahl-presento-el-nuevo-sistema-de-recoleccion-de-residuos-solidos-urbanos\\\/\",\"name\":\"Paran\u00e1: Bahl present\u00f3 el nuevo sistema de recolecci\u00f3n de residuos s\u00f3lidos urbanos - Informe Litoral\",\"isPartOf\":{\"@id\":\"https:\\\/\\\/informelitoral.com.ar\\\/#website\"},\"primaryImageOfPage\":{\"@id\":\"https:\\\/\\\/informelitoral.com.ar\\\/parana-bahl-presento-el-nuevo-sistema-de-recoleccion-de-residuos-solidos-urbanos\\\/#primaryimage\"},\"image\":{\"@id\":\"https:\\\/\\\/informelitoral.com.ar\\\/parana-bahl-presento-el-nuevo-sistema-de-recoleccion-de-residuos-solidos-urbanos\\\/#primaryimage\"},\"thumbnailUrl\":\"https:\\\/\\\/informelitoral.com.ar\\\/%77%70%2d%63%6f%6e%74%65%6e%74\\\/uploads\\\/2020\\\/07\\\/basura.jpg\",\"datePublished\":\"2020-07-31T00:45:37+00:00\",\"dateModified\":\"2020-07-31T01:38:09+00:00\",\"breadcrumb\":{\"@id\":\"https:\\\/\\\/informelitoral.com.ar\\\/parana-bahl-presento-el-nuevo-sistema-de-recoleccion-de-residuos-solidos-urbanos\\\/#breadcrumb\"},\"inLanguage\":\"es\",\"potentialAction\":[{\"@type\":\"ReadAction\",\"target\":[\"https:\\\/\\\/informelitoral.com.ar\\\/parana-bahl-presento-el-nuevo-sistema-de-recoleccion-de-residuos-solidos-urbanos\\\/\"]}]},{\"@type\":\"ImageObject\",\"inLanguage\":\"es\",\"@id\":\"https:\\\/\\\/informelitoral.com.ar\\\/parana-bahl-presento-el-nuevo-sistema-de-recoleccion-de-residuos-solidos-urbanos\\\/#primaryimage\",\"url\":\"https:\\\/\\\/informelitoral.com.ar\\\/%77%70%2d%63%6f%6e%74%65%6e%74\\\/uploads\\\/2020\\\/07\\\/basura.jpg\",\"contentUrl\":\"https:\\\/\\\/informelitoral.com.ar\\\/%77%70%2d%63%6f%6e%74%65%6e%74\\\/uploads\\\/2020\\\/07\\\/basura.jpg\",\"width\":1330,\"height\":880},{\"@type\":\"BreadcrumbList\",\"@id\":\"https:\\\/\\\/informelitoral.com.ar\\\/parana-bahl-presento-el-nuevo-sistema-de-recoleccion-de-residuos-solidos-urbanos\\\/#breadcrumb\",\"itemListElement\":[{\"@type\":\"ListItem\",\"position\":1,\"name\":\"Portada\",\"item\":\"https:\\\/\\\/informelitoral.com.ar\\\/\"},{\"@type\":\"ListItem\",\"position\":2,\"name\":\"Paran\u00e1: Bahl present\u00f3 el nuevo sistema de recolecci\u00f3n de residuos s\u00f3lidos urbanos\"}]},{\"@type\":\"WebSite\",\"@id\":\"https:\\\/\\\/informelitoral.com.ar\\\/#website\",\"url\":\"https:\\\/\\\/informelitoral.com.ar\\\/\",\"name\":\"Informe Litoral\",\"description\":\"&quot;Nos informamos&quot; \",\"publisher\":{\"@id\":\"https:\\\/\\\/informelitoral.com.ar\\\/#organization\"},\"potentialAction\":[{\"@type\":\"SearchAction\",\"target\":{\"@type\":\"EntryPoint\",\"urlTemplate\":\"https:\\\/\\\/informelitoral.com.ar\\\/?s={search_term_string}\"},\"query-input\":{\"@type\":\"PropertyValueSpecification\",\"valueRequired\":true,\"valueName\":\"search_term_string\"}}],\"inLanguage\":\"es\"},{\"@type\":\"Organization\",\"@id\":\"https:\\\/\\\/informelitoral.com.ar\\\/#organization\",\"name\":\"Informe Litoral\",\"url\":\"https:\\\/\\\/informelitoral.com.ar\\\/\",\"logo\":{\"@type\":\"ImageObject\",\"inLanguage\":\"es\",\"@id\":\"https:\\\/\\\/informelitoral.com.ar\\\/#\\\/schema\\\/logo\\\/image\\\/\",\"url\":\"https:\\\/\\\/informelitoral.com.ar\\\/%77%70%2d%63%6f%6e%74%65%6e%74\\\/uploads\\\/2021\\\/01\\\/circulo.png\",\"contentUrl\":\"https:\\\/\\\/informelitoral.com.ar\\\/%77%70%2d%63%6f%6e%74%65%6e%74\\\/uploads\\\/2021\\\/01\\\/circulo.png\",\"width\":723,\"height\":731,\"caption\":\"Informe Litoral\"},\"image\":{\"@id\":\"https:\\\/\\\/informelitoral.com.ar\\\/#\\\/schema\\\/logo\\\/image\\\/\"},\"sameAs\":[\"https:\\\/\\\/www.facebook.com\\\/informelitoral\\\/\",\"https:\\\/\\\/x.com\\\/InformeLitoral\",\"https:\\\/\\\/www.instagram.com\\\/informelitoral\\\/\",\"https:\\\/\\\/www.youtube.com\\\/channel\\\/UCua4Qvz8Icb6MYqhoq9xLXw\"]},{\"@type\":\"Person\",\"@id\":\"https:\\\/\\\/informelitoral.com.ar\\\/#\\\/schema\\\/person\\\/f05f9f461677119578717524b127d6d5\",\"name\":\"Sebastian\",\"image\":{\"@type\":\"ImageObject\",\"inLanguage\":\"es\",\"@id\":\"https:\\\/\\\/secure.gravatar.com\\\/avatar\\\/b71bf7481d447dfb9583c7f2798e7cc64de6efb9067b74633ed8c31059a3bd82?s=96&d=mm&r=g\",\"url\":\"https:\\\/\\\/secure.gravatar.com\\\/avatar\\\/b71bf7481d447dfb9583c7f2798e7cc64de6efb9067b74633ed8c31059a3bd82?s=96&d=mm&r=g\",\"contentUrl\":\"https:\\\/\\\/secure.gravatar.com\\\/avatar\\\/b71bf7481d447dfb9583c7f2798e7cc64de6efb9067b74633ed8c31059a3bd82?s=96&d=mm&r=g\",\"caption\":\"Sebastian\"},\"url\":\"https:\\\/\\\/informelitoral.com.ar\\\/author\\\/sebastian\\\/\"}]}<\/script>","yoast_head_json":{"title":"Paran\u00e1: Bahl present\u00f3 el nuevo sistema de recolecci\u00f3n de residuos s\u00f3lidos urbanos - Informe Litoral","robots":{"index":"index","follow":"follow","max-snippet":"max-snippet:-1","max-image-preview":"max-image-preview:large","max-video-preview":"max-video-preview:-1"},"canonical":"https:\/\/informelitoral.com.ar\/parana-bahl-presento-el-nuevo-sistema-de-recoleccion-de-residuos-solidos-urbanos\/","og_locale":"es_ES","og_type":"article","og_title":"Paran\u00e1: Bahl present\u00f3 el nuevo sistema de recolecci\u00f3n de residuos s\u00f3lidos urbanos - Informe Litoral","og_description":"Contempla optimizar los circuitos y recorridos de la recolecci\u00f3n para brindar un servicio m\u00e1s eficiente incorporando tecnolog\u00eda, atendiendo el crecimiento demogr\u00e1fico y geogr\u00e1fico de la ciudad. \u201cTodos los paranaenses nos merecemos vivir mejor y con un Municipio ordenado; lo estamos haciendo realidad\u201d, se\u00f1al\u00f3 el presidente municipal.","og_url":"https:\/\/informelitoral.com.ar\/parana-bahl-presento-el-nuevo-sistema-de-recoleccion-de-residuos-solidos-urbanos\/","og_site_name":"Informe Litoral","article_publisher":"https:\/\/www.facebook.com\/informelitoral\/","article_published_time":"2020-07-31T00:45:37+00:00","article_modified_time":"2020-07-31T01:38:09+00:00","og_image":[{"width":1330,"height":880,"url":"https:\/\/informelitoral.com.ar\/%77%70%2d%63%6f%6e%74%65%6e%74\/uploads\/2020\/07\/basura.jpg","type":"image\/jpeg"}],"author":"Sebastian","twitter_card":"summary_large_image","twitter_creator":"@InformeLitoral","twitter_site":"@InformeLitoral","twitter_misc":{"Escrito por":"Sebastian","Tiempo de lectura":"4 minutos"},"schema":{"@context":"https:\/\/schema.org","@graph":[{"@type":"Article","@id":"https:\/\/informelitoral.com.ar\/parana-bahl-presento-el-nuevo-sistema-de-recoleccion-de-residuos-solidos-urbanos\/#article","isPartOf":{"@id":"https:\/\/informelitoral.com.ar\/parana-bahl-presento-el-nuevo-sistema-de-recoleccion-de-residuos-solidos-urbanos\/"},"author":{"name":"Sebastian","@id":"https:\/\/informelitoral.com.ar\/#\/schema\/person\/f05f9f461677119578717524b127d6d5"},"headline":"Paran\u00e1: Bahl present\u00f3 el nuevo sistema de recolecci\u00f3n de residuos s\u00f3lidos urbanos","datePublished":"2020-07-31T00:45:37+00:00","dateModified":"2020-07-31T01:38:09+00:00","mainEntityOfPage":{"@id":"https:\/\/informelitoral.com.ar\/parana-bahl-presento-el-nuevo-sistema-de-recoleccion-de-residuos-solidos-urbanos\/"},"wordCount":788,"commentCount":0,"publisher":{"@id":"https:\/\/informelitoral.com.ar\/#organization"},"image":{"@id":"https:\/\/informelitoral.com.ar\/parana-bahl-presento-el-nuevo-sistema-de-recoleccion-de-residuos-solidos-urbanos\/#primaryimage"},"thumbnailUrl":"https:\/\/informelitoral.com.ar\/%77%70%2d%63%6f%6e%74%65%6e%74\/uploads\/2020\/07\/basura.jpg","keywords":["Coronavirus","Municipalidad","Municipalidad de Paran\u00e1","Municipio"],"articleSection":["Entre R\u00edos"],"inLanguage":"es","potentialAction":[{"@type":"CommentAction","name":"Comment","target":["https:\/\/informelitoral.com.ar\/parana-bahl-presento-el-nuevo-sistema-de-recoleccion-de-residuos-solidos-urbanos\/#respond"]}]},{"@type":"WebPage","@id":"https:\/\/informelitoral.com.ar\/parana-bahl-presento-el-nuevo-sistema-de-recoleccion-de-residuos-solidos-urbanos\/","url":"https:\/\/informelitoral.com.ar\/parana-bahl-presento-el-nuevo-sistema-de-recoleccion-de-residuos-solidos-urbanos\/","name":"Paran\u00e1: Bahl present\u00f3 el nuevo sistema de recolecci\u00f3n de residuos s\u00f3lidos urbanos - Informe Litoral","isPartOf":{"@id":"https:\/\/informelitoral.com.ar\/#website"},"primaryImageOfPage":{"@id":"https:\/\/informelitoral.com.ar\/parana-bahl-presento-el-nuevo-sistema-de-recoleccion-de-residuos-solidos-urbanos\/#primaryimage"},"image":{"@id":"https:\/\/informelitoral.com.ar\/parana-bahl-presento-el-nuevo-sistema-de-recoleccion-de-residuos-solidos-urbanos\/#primaryimage"},"thumbnailUrl":"https:\/\/informelitoral.com.ar\/%77%70%2d%63%6f%6e%74%65%6e%74\/uploads\/2020\/07\/basura.jpg","datePublished":"2020-07-31T00:45:37+00:00","dateModified":"2020-07-31T01:38:09+00:00","breadcrumb":{"@id":"https:\/\/informelitoral.com.ar\/parana-bahl-presento-el-nuevo-sistema-de-recoleccion-de-residuos-solidos-urbanos\/#breadcrumb"},"inLanguage":"es","potentialAction":[{"@type":"ReadAction","target":["https:\/\/informelitoral.com.ar\/parana-bahl-presento-el-nuevo-sistema-de-recoleccion-de-residuos-solidos-urbanos\/"]}]},{"@type":"ImageObject","inLanguage":"es","@id":"https:\/\/informelitoral.com.ar\/parana-bahl-presento-el-nuevo-sistema-de-recoleccion-de-residuos-solidos-urbanos\/#primaryimage","url":"https:\/\/informelitoral.com.ar\/%77%70%2d%63%6f%6e%74%65%6e%74\/uploads\/2020\/07\/basura.jpg","contentUrl":"https:\/\/informelitoral.com.ar\/%77%70%2d%63%6f%6e%74%65%6e%74\/uploads\/2020\/07\/basura.jpg","width":1330,"height":880},{"@type":"BreadcrumbList","@id":"https:\/\/informelitoral.com.ar\/parana-bahl-presento-el-nuevo-sistema-de-recoleccion-de-residuos-solidos-urbanos\/#breadcrumb","itemListElement":[{"@type":"ListItem","position":1,"name":"Portada","item":"https:\/\/informelitoral.com.ar\/"},{"@type":"ListItem","position":2,"name":"Paran\u00e1: Bahl present\u00f3 el nuevo sistema de recolecci\u00f3n de residuos s\u00f3lidos urbanos"}]},{"@type":"WebSite","@id":"https:\/\/informelitoral.com.ar\/#website","url":"https:\/\/informelitoral.com.ar\/","name":"Informe Litoral","description":"&quot;Nos informamos&quot; ","publisher":{"@id":"https:\/\/informelitoral.com.ar\/#organization"},"potentialAction":[{"@type":"SearchAction","target":{"@type":"EntryPoint","urlTemplate":"https:\/\/informelitoral.com.ar\/?s={search_term_string}"},"query-input":{"@type":"PropertyValueSpecification","valueRequired":true,"valueName":"search_term_string"}}],"inLanguage":"es"},{"@type":"Organization","@id":"https:\/\/informelitoral.com.ar\/#organization","name":"Informe Litoral","url":"https:\/\/informelitoral.com.ar\/","logo":{"@type":"ImageObject","inLanguage":"es","@id":"https:\/\/informelitoral.com.ar\/#\/schema\/logo\/image\/","url":"https:\/\/informelitoral.com.ar\/%77%70%2d%63%6f%6e%74%65%6e%74\/uploads\/2021\/01\/circulo.png","contentUrl":"https:\/\/informelitoral.com.ar\/%77%70%2d%63%6f%6e%74%65%6e%74\/uploads\/2021\/01\/circulo.png","width":723,"height":731,"caption":"Informe Litoral"},"image":{"@id":"https:\/\/informelitoral.com.ar\/#\/schema\/logo\/image\/"},"sameAs":["https:\/\/www.facebook.com\/informelitoral\/","https:\/\/x.com\/InformeLitoral","https:\/\/www.instagram.com\/informelitoral\/","https:\/\/www.youtube.com\/channel\/UCua4Qvz8Icb6MYqhoq9xLXw"]},{"@type":"Person","@id":"https:\/\/informelitoral.com.ar\/#\/schema\/person\/f05f9f461677119578717524b127d6d5","name":"Sebastian","image":{"@type":"ImageObject","inLanguage":"es","@id":"https:\/\/secure.gravatar.com\/avatar\/b71bf7481d447dfb9583c7f2798e7cc64de6efb9067b74633ed8c31059a3bd82?s=96&d=mm&r=g","url":"https:\/\/secure.gravatar.com\/avatar\/b71bf7481d447dfb9583c7f2798e7cc64de6efb9067b74633ed8c31059a3bd82?s=96&d=mm&r=g","contentUrl":"https:\/\/secure.gravatar.com\/avatar\/b71bf7481d447dfb9583c7f2798e7cc64de6efb9067b74633ed8c31059a3bd82?s=96&d=mm&r=g","caption":"Sebastian"},"url":"https:\/\/informelitoral.com.ar\/author\/sebastian\/"}]}},"_links":{"self":[{"href":"https:\/\/informelitoral.com.ar\/%77%70%2d%6a%73%6f%6e\/wp\/v2\/posts\/46764","targetHints":{"allow":["GET"]}}],"collection":[{"href":"https:\/\/informelitoral.com.ar\/%77%70%2d%6a%73%6f%6e\/wp\/v2\/posts"}],"about":[{"href":"https:\/\/informelitoral.com.ar\/%77%70%2d%6a%73%6f%6e\/wp\/v2\/types\/post"}],"author":[{"embeddable":true,"href":"https:\/\/informelitoral.com.ar\/%77%70%2d%6a%73%6f%6e\/wp\/v2\/users\/8"}],"replies":[{"embeddable":true,"href":"https:\/\/informelitoral.com.ar\/%77%70%2d%6a%73%6f%6e\/wp\/v2\/comments?post=46764"}],"version-history":[{"count":0,"href":"https:\/\/informelitoral.com.ar\/%77%70%2d%6a%73%6f%6e\/wp\/v2\/posts\/46764\/revisions"}],"wp:featuredmedia":[{"embeddable":true,"href":"https:\/\/informelitoral.com.ar\/%77%70%2d%6a%73%6f%6e\/wp\/v2\/media\/46765"}],"wp:attachment":[{"href":"https:\/\/informelitoral.com.ar\/%77%70%2d%6a%73%6f%6e\/wp\/v2\/media?parent=46764"}],"wp:term":[{"taxonomy":"category","embeddable":true,"href":"https:\/\/informelitoral.com.ar\/%77%70%2d%6a%73%6f%6e\/wp\/v2\/categories?post=46764"},{"taxonomy":"post_tag","embeddable":true,"href":"https:\/\/informelitoral.com.ar\/%77%70%2d%6a%73%6f%6e\/wp\/v2\/tags?post=46764"}],"curies":[{"name":"wp","href":"https:\/\/api.w.org\/{rel}","templated":true}]}}