{"id":46762,"date":"2020-07-30T21:34:26","date_gmt":"2020-07-31T00:34:26","guid":{"rendered":"https:\/\/www.isletasnoticias.com.ar\/?p=46762"},"modified":"2020-07-30T22:39:18","modified_gmt":"2020-07-31T01:39:18","slug":"coronavirus-se-registraron-130-nuevos-decesos-en-el-pais","status":"publish","type":"post","link":"https:\/\/informelitoral.com.ar\/coronavirus-se-registraron-130-nuevos-decesos-en-el-pais\/","title":{"rendered":"Coronavirus: se registraron 130 nuevos decesos en el pa\u00eds"},"content":{"rendered":"<p>En el d\u00eda de la fecha fueron confirmados 6.377 nuevos casos de COVID-19. Con estos registros, suman 185.373 positivos en el pa\u00eds.<\/p>\n<p>Del total de esos casos, 1.117 (0,6%) son importados, 53.660 (28,9%) son contactos<br \/>\nestrechos de casos confirmados, 100.811 (54,4%) son casos de circulaci\u00f3n comunitaria y el<br \/>\nresto se encuentra en investigaci\u00f3n epidemiol\u00f3gica.<\/p>\n<p>Desde el \u00faltimo reporte emitido, <strong>se registraron 130 nuevas muertes<\/strong>. 67 hombres, 49<br \/>\nresidentes en la provincia de Buenos Aires; 18 residentes en la Ciudad de Buenos Aires<br \/>\n(CABA); y 64 mujeres; 54 residentes en la provincia de Buenos Aires; y 8 residentes en la<br \/>\nCiudad de Buenos Aires (CABA); y 1 residente en la provincia de C\u00f3rdoba. Al momento<strong> la<\/strong><br \/>\n<strong>cantidad de personas fallecidas es 3.441.<\/strong><\/p>\n","protected":false},"excerpt":{"rendered":"<p>Al momento la cantidad de personas fallecidas es 3.441.<\/p>\n","protected":false},"author":8,"featured_media":45265,"comment_status":"open","ping_status":"open","sticky":false,"template":"","format":"standard","meta":{"fifu_image_url":"","fifu_image_alt":"","footnotes":""},"categories":[7],"tags":[1426,1481,233,82,652],"class_list":{"0":"post-46762","1":"post","2":"type-post","3":"status-publish","4":"format-standard","5":"has-post-thumbnail","7":"category-nacionales","8":"tag-coronavirus","9":"tag-covid-19","10":"tag-gobierno-nacional","11":"tag-salud","12":"tag-salud-publica"},"yoast_head":"<title>Coronavirus: se registraron 130 nuevos decesos en el pa\u00eds - Informe Litoral<\/title>\n<meta name=\"robots\" content=\"index, follow, max-snippet:-1, max-image-preview:large, max-video-preview:-1\" \/>\n<link rel=\"canonical\" href=\"https:\/\/informelitoral.com.ar\/coronavirus-se-registraron-130-nuevos-decesos-en-el-pais\/\" \/>\n<meta property=\"og:locale\" content=\"es_ES\" \/>\n<meta property=\"og:type\" content=\"article\" \/>\n<meta property=\"og:title\" content=\"Coronavirus: se registraron 130 nuevos decesos en el pa\u00eds - Informe Litoral\" \/>\n<meta property=\"og:description\" content=\"Al momento la cantidad de personas fallecidas es 3.441.\" \/>\n<meta property=\"og:url\" content=\"https:\/\/informelitoral.com.ar\/coronavirus-se-registraron-130-nuevos-decesos-en-el-pais\/\" \/>\n<meta property=\"og:site_name\" content=\"Informe Litoral\" \/>\n<meta property=\"article:publisher\" content=\"https:\/\/www.facebook.com\/informelitoral\/\" \/>\n<meta property=\"article:published_time\" content=\"2020-07-31T00:34:26+00:00\" \/>\n<meta property=\"article:modified_time\" content=\"2020-07-31T01:39:18+00:00\" \/>\n<meta property=\"og:image\" content=\"https:\/\/informelitoral.com.ar\/%77%70%2d%63%6f%6e%74%65%6e%74\/uploads\/2020\/07\/covid19-er.jpg\" \/>\n\t<meta property=\"og:image:width\" content=\"759\" \/>\n\t<meta property=\"og:image:height\" content=\"500\" \/>\n\t<meta property=\"og:image:type\" content=\"image\/jpeg\" \/>\n<meta name=\"author\" content=\"Sebastian\" \/>\n<meta name=\"twitter:card\" content=\"summary_large_image\" \/>\n<meta name=\"twitter:creator\" content=\"@InformeLitoral\" \/>\n<meta name=\"twitter:site\" content=\"@InformeLitoral\" \/>\n<meta name=\"twitter:label1\" content=\"Escrito por\" \/>\n\t<meta name=\"twitter:data1\" content=\"Sebastian\" \/>\n\t<meta name=\"twitter:label2\" content=\"Tiempo de lectura\" \/>\n\t<meta name=\"twitter:data2\" content=\"1 minuto\" \/>\n<script type=\"application\/ld+json\" class=\"yoast-schema-graph\">{\"@context\":\"https:\\\/\\\/schema.org\",\"@graph\":[{\"@type\":\"Article\",\"@id\":\"https:\\\/\\\/informelitoral.com.ar\\\/coronavirus-se-registraron-130-nuevos-decesos-en-el-pais\\\/#article\",\"isPartOf\":{\"@id\":\"https:\\\/\\\/informelitoral.com.ar\\\/coronavirus-se-registraron-130-nuevos-decesos-en-el-pais\\\/\"},\"author\":{\"name\":\"Sebastian\",\"@id\":\"https:\\\/\\\/informelitoral.com.ar\\\/#\\\/schema\\\/person\\\/f05f9f461677119578717524b127d6d5\"},\"headline\":\"Coronavirus: se registraron 130 nuevos decesos en el pa\u00eds\",\"datePublished\":\"2020-07-31T00:34:26+00:00\",\"dateModified\":\"2020-07-31T01:39:18+00:00\",\"mainEntityOfPage\":{\"@id\":\"https:\\\/\\\/informelitoral.com.ar\\\/coronavirus-se-registraron-130-nuevos-decesos-en-el-pais\\\/\"},\"wordCount\":119,\"commentCount\":0,\"publisher\":{\"@id\":\"https:\\\/\\\/informelitoral.com.ar\\\/#organization\"},\"image\":{\"@id\":\"https:\\\/\\\/informelitoral.com.ar\\\/coronavirus-se-registraron-130-nuevos-decesos-en-el-pais\\\/#primaryimage\"},\"thumbnailUrl\":\"https:\\\/\\\/informelitoral.com.ar\\\/%77%70%2d%63%6f%6e%74%65%6e%74\\\/uploads\\\/2020\\\/07\\\/covid19-er.jpg\",\"keywords\":[\"Coronavirus\",\"COVID-19\",\"Gobierno nacional\",\"Salud\",\"Salud p\u00fablica\"],\"articleSection\":[\"Nacionales\"],\"inLanguage\":\"es\",\"potentialAction\":[{\"@type\":\"CommentAction\",\"name\":\"Comment\",\"target\":[\"https:\\\/\\\/informelitoral.com.ar\\\/coronavirus-se-registraron-130-nuevos-decesos-en-el-pais\\\/#respond\"]}]},{\"@type\":\"WebPage\",\"@id\":\"https:\\\/\\\/informelitoral.com.ar\\\/coronavirus-se-registraron-130-nuevos-decesos-en-el-pais\\\/\",\"url\":\"https:\\\/\\\/informelitoral.com.ar\\\/coronavirus-se-registraron-130-nuevos-decesos-en-el-pais\\\/\",\"name\":\"Coronavirus: se registraron 130 nuevos decesos en el pa\u00eds - Informe Litoral\",\"isPartOf\":{\"@id\":\"https:\\\/\\\/informelitoral.com.ar\\\/#website\"},\"primaryImageOfPage\":{\"@id\":\"https:\\\/\\\/informelitoral.com.ar\\\/coronavirus-se-registraron-130-nuevos-decesos-en-el-pais\\\/#primaryimage\"},\"image\":{\"@id\":\"https:\\\/\\\/informelitoral.com.ar\\\/coronavirus-se-registraron-130-nuevos-decesos-en-el-pais\\\/#primaryimage\"},\"thumbnailUrl\":\"https:\\\/\\\/informelitoral.com.ar\\\/%77%70%2d%63%6f%6e%74%65%6e%74\\\/uploads\\\/2020\\\/07\\\/covid19-er.jpg\",\"datePublished\":\"2020-07-31T00:34:26+00:00\",\"dateModified\":\"2020-07-31T01:39:18+00:00\",\"breadcrumb\":{\"@id\":\"https:\\\/\\\/informelitoral.com.ar\\\/coronavirus-se-registraron-130-nuevos-decesos-en-el-pais\\\/#breadcrumb\"},\"inLanguage\":\"es\",\"potentialAction\":[{\"@type\":\"ReadAction\",\"target\":[\"https:\\\/\\\/informelitoral.com.ar\\\/coronavirus-se-registraron-130-nuevos-decesos-en-el-pais\\\/\"]}]},{\"@type\":\"ImageObject\",\"inLanguage\":\"es\",\"@id\":\"https:\\\/\\\/informelitoral.com.ar\\\/coronavirus-se-registraron-130-nuevos-decesos-en-el-pais\\\/#primaryimage\",\"url\":\"https:\\\/\\\/informelitoral.com.ar\\\/%77%70%2d%63%6f%6e%74%65%6e%74\\\/uploads\\\/2020\\\/07\\\/covid19-er.jpg\",\"contentUrl\":\"https:\\\/\\\/informelitoral.com.ar\\\/%77%70%2d%63%6f%6e%74%65%6e%74\\\/uploads\\\/2020\\\/07\\\/covid19-er.jpg\",\"width\":759,\"height\":500},{\"@type\":\"BreadcrumbList\",\"@id\":\"https:\\\/\\\/informelitoral.com.ar\\\/coronavirus-se-registraron-130-nuevos-decesos-en-el-pais\\\/#breadcrumb\",\"itemListElement\":[{\"@type\":\"ListItem\",\"position\":1,\"name\":\"Portada\",\"item\":\"https:\\\/\\\/informelitoral.com.ar\\\/\"},{\"@type\":\"ListItem\",\"position\":2,\"name\":\"Coronavirus: se registraron 130 nuevos decesos en el pa\u00eds\"}]},{\"@type\":\"WebSite\",\"@id\":\"https:\\\/\\\/informelitoral.com.ar\\\/#website\",\"url\":\"https:\\\/\\\/informelitoral.com.ar\\\/\",\"name\":\"Informe Litoral\",\"description\":\"&quot;Nos informamos&quot; \",\"publisher\":{\"@id\":\"https:\\\/\\\/informelitoral.com.ar\\\/#organization\"},\"potentialAction\":[{\"@type\":\"SearchAction\",\"target\":{\"@type\":\"EntryPoint\",\"urlTemplate\":\"https:\\\/\\\/informelitoral.com.ar\\\/?s={search_term_string}\"},\"query-input\":{\"@type\":\"PropertyValueSpecification\",\"valueRequired\":true,\"valueName\":\"search_term_string\"}}],\"inLanguage\":\"es\"},{\"@type\":\"Organization\",\"@id\":\"https:\\\/\\\/informelitoral.com.ar\\\/#organization\",\"name\":\"Informe Litoral\",\"url\":\"https:\\\/\\\/informelitoral.com.ar\\\/\",\"logo\":{\"@type\":\"ImageObject\",\"inLanguage\":\"es\",\"@id\":\"https:\\\/\\\/informelitoral.com.ar\\\/#\\\/schema\\\/logo\\\/image\\\/\",\"url\":\"https:\\\/\\\/informelitoral.com.ar\\\/%77%70%2d%63%6f%6e%74%65%6e%74\\\/uploads\\\/2021\\\/01\\\/circulo.png\",\"contentUrl\":\"https:\\\/\\\/informelitoral.com.ar\\\/%77%70%2d%63%6f%6e%74%65%6e%74\\\/uploads\\\/2021\\\/01\\\/circulo.png\",\"width\":723,\"height\":731,\"caption\":\"Informe Litoral\"},\"image\":{\"@id\":\"https:\\\/\\\/informelitoral.com.ar\\\/#\\\/schema\\\/logo\\\/image\\\/\"},\"sameAs\":[\"https:\\\/\\\/www.facebook.com\\\/informelitoral\\\/\",\"https:\\\/\\\/x.com\\\/InformeLitoral\",\"https:\\\/\\\/www.instagram.com\\\/informelitoral\\\/\",\"https:\\\/\\\/www.youtube.com\\\/channel\\\/UCua4Qvz8Icb6MYqhoq9xLXw\"]},{\"@type\":\"Person\",\"@id\":\"https:\\\/\\\/informelitoral.com.ar\\\/#\\\/schema\\\/person\\\/f05f9f461677119578717524b127d6d5\",\"name\":\"Sebastian\",\"image\":{\"@type\":\"ImageObject\",\"inLanguage\":\"es\",\"@id\":\"https:\\\/\\\/secure.gravatar.com\\\/avatar\\\/b71bf7481d447dfb9583c7f2798e7cc64de6efb9067b74633ed8c31059a3bd82?s=96&d=mm&r=g\",\"url\":\"https:\\\/\\\/secure.gravatar.com\\\/avatar\\\/b71bf7481d447dfb9583c7f2798e7cc64de6efb9067b74633ed8c31059a3bd82?s=96&d=mm&r=g\",\"contentUrl\":\"https:\\\/\\\/secure.gravatar.com\\\/avatar\\\/b71bf7481d447dfb9583c7f2798e7cc64de6efb9067b74633ed8c31059a3bd82?s=96&d=mm&r=g\",\"caption\":\"Sebastian\"},\"url\":\"https:\\\/\\\/informelitoral.com.ar\\\/author\\\/sebastian\\\/\"}]}<\/script>","yoast_head_json":{"title":"Coronavirus: se registraron 130 nuevos decesos en el pa\u00eds - Informe Litoral","robots":{"index":"index","follow":"follow","max-snippet":"max-snippet:-1","max-image-preview":"max-image-preview:large","max-video-preview":"max-video-preview:-1"},"canonical":"https:\/\/informelitoral.com.ar\/coronavirus-se-registraron-130-nuevos-decesos-en-el-pais\/","og_locale":"es_ES","og_type":"article","og_title":"Coronavirus: se registraron 130 nuevos decesos en el pa\u00eds - Informe Litoral","og_description":"Al momento la cantidad de personas fallecidas es 3.441.","og_url":"https:\/\/informelitoral.com.ar\/coronavirus-se-registraron-130-nuevos-decesos-en-el-pais\/","og_site_name":"Informe Litoral","article_publisher":"https:\/\/www.facebook.com\/informelitoral\/","article_published_time":"2020-07-31T00:34:26+00:00","article_modified_time":"2020-07-31T01:39:18+00:00","og_image":[{"width":759,"height":500,"url":"https:\/\/informelitoral.com.ar\/%77%70%2d%63%6f%6e%74%65%6e%74\/uploads\/2020\/07\/covid19-er.jpg","type":"image\/jpeg"}],"author":"Sebastian","twitter_card":"summary_large_image","twitter_creator":"@InformeLitoral","twitter_site":"@InformeLitoral","twitter_misc":{"Escrito por":"Sebastian","Tiempo de lectura":"1 minuto"},"schema":{"@context":"https:\/\/schema.org","@graph":[{"@type":"Article","@id":"https:\/\/informelitoral.com.ar\/coronavirus-se-registraron-130-nuevos-decesos-en-el-pais\/#article","isPartOf":{"@id":"https:\/\/informelitoral.com.ar\/coronavirus-se-registraron-130-nuevos-decesos-en-el-pais\/"},"author":{"name":"Sebastian","@id":"https:\/\/informelitoral.com.ar\/#\/schema\/person\/f05f9f461677119578717524b127d6d5"},"headline":"Coronavirus: se registraron 130 nuevos decesos en el pa\u00eds","datePublished":"2020-07-31T00:34:26+00:00","dateModified":"2020-07-31T01:39:18+00:00","mainEntityOfPage":{"@id":"https:\/\/informelitoral.com.ar\/coronavirus-se-registraron-130-nuevos-decesos-en-el-pais\/"},"wordCount":119,"commentCount":0,"publisher":{"@id":"https:\/\/informelitoral.com.ar\/#organization"},"image":{"@id":"https:\/\/informelitoral.com.ar\/coronavirus-se-registraron-130-nuevos-decesos-en-el-pais\/#primaryimage"},"thumbnailUrl":"https:\/\/informelitoral.com.ar\/%77%70%2d%63%6f%6e%74%65%6e%74\/uploads\/2020\/07\/covid19-er.jpg","keywords":["Coronavirus","COVID-19","Gobierno nacional","Salud","Salud p\u00fablica"],"articleSection":["Nacionales"],"inLanguage":"es","potentialAction":[{"@type":"CommentAction","name":"Comment","target":["https:\/\/informelitoral.com.ar\/coronavirus-se-registraron-130-nuevos-decesos-en-el-pais\/#respond"]}]},{"@type":"WebPage","@id":"https:\/\/informelitoral.com.ar\/coronavirus-se-registraron-130-nuevos-decesos-en-el-pais\/","url":"https:\/\/informelitoral.com.ar\/coronavirus-se-registraron-130-nuevos-decesos-en-el-pais\/","name":"Coronavirus: se registraron 130 nuevos decesos en el pa\u00eds - Informe Litoral","isPartOf":{"@id":"https:\/\/informelitoral.com.ar\/#website"},"primaryImageOfPage":{"@id":"https:\/\/informelitoral.com.ar\/coronavirus-se-registraron-130-nuevos-decesos-en-el-pais\/#primaryimage"},"image":{"@id":"https:\/\/informelitoral.com.ar\/coronavirus-se-registraron-130-nuevos-decesos-en-el-pais\/#primaryimage"},"thumbnailUrl":"https:\/\/informelitoral.com.ar\/%77%70%2d%63%6f%6e%74%65%6e%74\/uploads\/2020\/07\/covid19-er.jpg","datePublished":"2020-07-31T00:34:26+00:00","dateModified":"2020-07-31T01:39:18+00:00","breadcrumb":{"@id":"https:\/\/informelitoral.com.ar\/coronavirus-se-registraron-130-nuevos-decesos-en-el-pais\/#breadcrumb"},"inLanguage":"es","potentialAction":[{"@type":"ReadAction","target":["https:\/\/informelitoral.com.ar\/coronavirus-se-registraron-130-nuevos-decesos-en-el-pais\/"]}]},{"@type":"ImageObject","inLanguage":"es","@id":"https:\/\/informelitoral.com.ar\/coronavirus-se-registraron-130-nuevos-decesos-en-el-pais\/#primaryimage","url":"https:\/\/informelitoral.com.ar\/%77%70%2d%63%6f%6e%74%65%6e%74\/uploads\/2020\/07\/covid19-er.jpg","contentUrl":"https:\/\/informelitoral.com.ar\/%77%70%2d%63%6f%6e%74%65%6e%74\/uploads\/2020\/07\/covid19-er.jpg","width":759,"height":500},{"@type":"BreadcrumbList","@id":"https:\/\/informelitoral.com.ar\/coronavirus-se-registraron-130-nuevos-decesos-en-el-pais\/#breadcrumb","itemListElement":[{"@type":"ListItem","position":1,"name":"Portada","item":"https:\/\/informelitoral.com.ar\/"},{"@type":"ListItem","position":2,"name":"Coronavirus: se registraron 130 nuevos decesos en el pa\u00eds"}]},{"@type":"WebSite","@id":"https:\/\/informelitoral.com.ar\/#website","url":"https:\/\/informelitoral.com.ar\/","name":"Informe Litoral","description":"&quot;Nos informamos&quot; ","publisher":{"@id":"https:\/\/informelitoral.com.ar\/#organization"},"potentialAction":[{"@type":"SearchAction","target":{"@type":"EntryPoint","urlTemplate":"https:\/\/informelitoral.com.ar\/?s={search_term_string}"},"query-input":{"@type":"PropertyValueSpecification","valueRequired":true,"valueName":"search_term_string"}}],"inLanguage":"es"},{"@type":"Organization","@id":"https:\/\/informelitoral.com.ar\/#organization","name":"Informe Litoral","url":"https:\/\/informelitoral.com.ar\/","logo":{"@type":"ImageObject","inLanguage":"es","@id":"https:\/\/informelitoral.com.ar\/#\/schema\/logo\/image\/","url":"https:\/\/informelitoral.com.ar\/%77%70%2d%63%6f%6e%74%65%6e%74\/uploads\/2021\/01\/circulo.png","contentUrl":"https:\/\/informelitoral.com.ar\/%77%70%2d%63%6f%6e%74%65%6e%74\/uploads\/2021\/01\/circulo.png","width":723,"height":731,"caption":"Informe Litoral"},"image":{"@id":"https:\/\/informelitoral.com.ar\/#\/schema\/logo\/image\/"},"sameAs":["https:\/\/www.facebook.com\/informelitoral\/","https:\/\/x.com\/InformeLitoral","https:\/\/www.instagram.com\/informelitoral\/","https:\/\/www.youtube.com\/channel\/UCua4Qvz8Icb6MYqhoq9xLXw"]},{"@type":"Person","@id":"https:\/\/informelitoral.com.ar\/#\/schema\/person\/f05f9f461677119578717524b127d6d5","name":"Sebastian","image":{"@type":"ImageObject","inLanguage":"es","@id":"https:\/\/secure.gravatar.com\/avatar\/b71bf7481d447dfb9583c7f2798e7cc64de6efb9067b74633ed8c31059a3bd82?s=96&d=mm&r=g","url":"https:\/\/secure.gravatar.com\/avatar\/b71bf7481d447dfb9583c7f2798e7cc64de6efb9067b74633ed8c31059a3bd82?s=96&d=mm&r=g","contentUrl":"https:\/\/secure.gravatar.com\/avatar\/b71bf7481d447dfb9583c7f2798e7cc64de6efb9067b74633ed8c31059a3bd82?s=96&d=mm&r=g","caption":"Sebastian"},"url":"https:\/\/informelitoral.com.ar\/author\/sebastian\/"}]}},"_links":{"self":[{"href":"https:\/\/informelitoral.com.ar\/%77%70%2d%6a%73%6f%6e\/wp\/v2\/posts\/46762","targetHints":{"allow":["GET"]}}],"collection":[{"href":"https:\/\/informelitoral.com.ar\/%77%70%2d%6a%73%6f%6e\/wp\/v2\/posts"}],"about":[{"href":"https:\/\/informelitoral.com.ar\/%77%70%2d%6a%73%6f%6e\/wp\/v2\/types\/post"}],"author":[{"embeddable":true,"href":"https:\/\/informelitoral.com.ar\/%77%70%2d%6a%73%6f%6e\/wp\/v2\/users\/8"}],"replies":[{"embeddable":true,"href":"https:\/\/informelitoral.com.ar\/%77%70%2d%6a%73%6f%6e\/wp\/v2\/comments?post=46762"}],"version-history":[{"count":0,"href":"https:\/\/informelitoral.com.ar\/%77%70%2d%6a%73%6f%6e\/wp\/v2\/posts\/46762\/revisions"}],"wp:featuredmedia":[{"embeddable":true,"href":"https:\/\/informelitoral.com.ar\/%77%70%2d%6a%73%6f%6e\/wp\/v2\/media\/45265"}],"wp:attachment":[{"href":"https:\/\/informelitoral.com.ar\/%77%70%2d%6a%73%6f%6e\/wp\/v2\/media?parent=46762"}],"wp:term":[{"taxonomy":"category","embeddable":true,"href":"https:\/\/informelitoral.com.ar\/%77%70%2d%6a%73%6f%6e\/wp\/v2\/categories?post=46762"},{"taxonomy":"post_tag","embeddable":true,"href":"https:\/\/informelitoral.com.ar\/%77%70%2d%6a%73%6f%6e\/wp\/v2\/tags?post=46762"}],"curies":[{"name":"wp","href":"https:\/\/api.w.org\/{rel}","templated":true}]}}