{"id":46760,"date":"2020-07-30T21:20:58","date_gmt":"2020-07-31T00:20:58","guid":{"rendered":"https:\/\/www.isletasnoticias.com.ar\/?p=46760"},"modified":"2020-07-30T22:40:26","modified_gmt":"2020-07-31T01:40:26","slug":"colectivos-estamos-expectante-a-que-aparezca-la-solucion-en-la-proxima-semana","status":"publish","type":"post","link":"https:\/\/informelitoral.com.ar\/colectivos-estamos-expectante-a-que-aparezca-la-solucion-en-la-proxima-semana\/","title":{"rendered":"Colectivos: \u00abEstamos expectante a que aparezca la soluci\u00f3n en la pr\u00f3xima semana\u00bb"},"content":{"rendered":"<p>Los colectiveros, aguardan los resultados de una reuni\u00f3n a nivel nacional prevista para esta tarde, y una nueva propuesta de pago que podr\u00eda llegar este viernes.<\/p>\n<p>\u00abTuvimos varias reuniones para salir de esta situaci\u00f3n coyuntural. Yo soy optimista de que en pocos d\u00edas podemos llegar a un punto de convergencia\u00bb, expres\u00f3 el intendente de la ciudad de Paran\u00e1, Adan Bahl.<\/p>\n<p>\u00abEl Ministro de Trabajo, hace unos d\u00edas realiz\u00f3 unas declaraciones en Santa Fe, de que ese fondeo ya no tiene recursos. Se est\u00e1 trabajando para que eso se sustente, y desde el municipio estamos viendo distintas alternativas\u00bb, dijo.<\/p>\n<p>Y agreg\u00f3 que \u00abel primer objetivos que tenemos es que haya trasporte p\u00fablico, pero tambi\u00e9n tenemos al decisi\u00f3n pol\u00edtica de ir buscando alternativas complementarias al sistema de transporte\u00bb.<\/p>\n<p>\u00abHay muchas medida que iremos anunciando en las pr\u00f3ximas semanas, pero desde el municipio aportamos todo lo que estuvo a nuestro alcance. Es verdad que hubo demoras con respecto algunos aportes nacionales, pero estamos trabajando y el objetivo nuestro es que el transporte se retome a la brevedad\u00bb, indic\u00f3.<\/p>\n<p>Al ser consultado sobre cu\u00e1l ser\u00eda la soluci\u00f3n, destac\u00f3 que \u00abtenemos un servicio de transporte que se sustenta en gran parte con los boletos, en un situaci\u00f3n normal, el corte de boletos ser\u00eda de 96 mil pasajeros, durante la pandemia se redujo a 12 mil y cuando los colectivos no circulan es cero pesos\u00bb.<\/p>\n<p>El intendente continu\u00f3 diciendo: \u00abcortar el servicio y que se reciban \u00fanicamente los subsidios es alto incongruente. Lo que debemos lograr es que el servicio comience a funcionar y el dinero que comience e circular forme parte del total necesario de recursos para que el sistema funcione\u00bb.<\/p>\n<p>Lo que sucedi\u00f3 es que \u00abuna parte del subsidio nacional no lleg\u00f3 al interior pa\u00eds, si al \u00c1rea Metropolita de Buenos Aires y de manera triplicado que al resto de la Argentina. Debemos trabajar para que el servicio de transporte circule porque si no vamos a estar en un punto de estancamiento de manera permanente\u00bb, indic\u00f3.<\/p>\n<p>Al finalizar, dijo que \u00abhoy estuve en comunicaci\u00f3n con autoridades del Ministro de Transporte y han tenido una reuni\u00f3n con varios legisladores nacionales en el \u00e1rea de presupuesto. Estamos expectante a que en la pr\u00f3xima semana aparezca la soluci\u00f3n para que el servicio vuelva a funcionar\u00bb.<\/p>\n<p>Vale mencionar que los choferes de colectivos cobraron hasta el momento s\u00f3lo el 70 por ciento del sueldo de junio. Adem\u00e1s, las empresas concesionarias les deben a sus trabajadores el medio aguinaldo y en el caso de Paran\u00e1 tambi\u00e9n les adeudan cifras correspondientes a acuerdos alcanzados durante 2019.<\/p>\n","protected":false},"excerpt":{"rendered":"<p>As\u00ed lo expres\u00f3 Ad\u00e1n Bahl. En la capital entrerriana se cumplieron 30 d\u00edas sin servicio de colectivos. \u00abHay medidas que iremos anunciando en las pr\u00f3ximas semanas\u00bb.<\/p>\n","protected":false},"author":8,"featured_media":45455,"comment_status":"open","ping_status":"open","sticky":false,"template":"","format":"standard","meta":{"fifu_image_url":"","fifu_image_alt":"","footnotes":""},"categories":[16],"tags":[133,173,45,65],"class_list":{"0":"post-46760","1":"post","2":"type-post","3":"status-publish","4":"format-standard","5":"has-post-thumbnail","7":"category-politi","8":"tag-colectivos","9":"tag-municipio","10":"tag-parana","11":"tag-paro"},"yoast_head":"<title>Colectivos: &quot;Estamos expectante a que aparezca la soluci\u00f3n en la pr\u00f3xima semana&quot; - Informe Litoral<\/title>\n<meta name=\"robots\" content=\"index, follow, max-snippet:-1, max-image-preview:large, max-video-preview:-1\" \/>\n<link rel=\"canonical\" href=\"https:\/\/informelitoral.com.ar\/colectivos-estamos-expectante-a-que-aparezca-la-solucion-en-la-proxima-semana\/\" \/>\n<meta property=\"og:locale\" content=\"es_ES\" \/>\n<meta property=\"og:type\" content=\"article\" \/>\n<meta property=\"og:title\" content=\"Colectivos: &quot;Estamos expectante a que aparezca la soluci\u00f3n en la pr\u00f3xima semana&quot; - Informe Litoral\" \/>\n<meta property=\"og:description\" content=\"As\u00ed lo expres\u00f3 Ad\u00e1n Bahl. En la capital entrerriana se cumplieron 30 d\u00edas sin servicio de colectivos. &quot;Hay medidas que iremos anunciando en las pr\u00f3ximas semanas&quot;.\" \/>\n<meta property=\"og:url\" content=\"https:\/\/informelitoral.com.ar\/colectivos-estamos-expectante-a-que-aparezca-la-solucion-en-la-proxima-semana\/\" \/>\n<meta property=\"og:site_name\" content=\"Informe Litoral\" \/>\n<meta property=\"article:publisher\" content=\"https:\/\/www.facebook.com\/informelitoral\/\" \/>\n<meta property=\"article:published_time\" content=\"2020-07-31T00:20:58+00:00\" \/>\n<meta property=\"article:modified_time\" content=\"2020-07-31T01:40:26+00:00\" \/>\n<meta property=\"og:image\" content=\"https:\/\/informelitoral.com.ar\/%77%70%2d%63%6f%6e%74%65%6e%74\/uploads\/2020\/07\/colectivos.jpg\" \/>\n\t<meta property=\"og:image:width\" content=\"870\" \/>\n\t<meta property=\"og:image:height\" content=\"580\" \/>\n\t<meta property=\"og:image:type\" content=\"image\/jpeg\" \/>\n<meta name=\"author\" content=\"Sebastian\" \/>\n<meta name=\"twitter:card\" content=\"summary_large_image\" \/>\n<meta name=\"twitter:creator\" content=\"@InformeLitoral\" \/>\n<meta name=\"twitter:site\" content=\"@InformeLitoral\" \/>\n<meta name=\"twitter:label1\" content=\"Escrito por\" \/>\n\t<meta name=\"twitter:data1\" content=\"Sebastian\" \/>\n\t<meta name=\"twitter:label2\" content=\"Tiempo de lectura\" \/>\n\t<meta name=\"twitter:data2\" content=\"2 minutos\" \/>\n<script type=\"application\/ld+json\" class=\"yoast-schema-graph\">{\"@context\":\"https:\\\/\\\/schema.org\",\"@graph\":[{\"@type\":\"Article\",\"@id\":\"https:\\\/\\\/informelitoral.com.ar\\\/colectivos-estamos-expectante-a-que-aparezca-la-solucion-en-la-proxima-semana\\\/#article\",\"isPartOf\":{\"@id\":\"https:\\\/\\\/informelitoral.com.ar\\\/colectivos-estamos-expectante-a-que-aparezca-la-solucion-en-la-proxima-semana\\\/\"},\"author\":{\"name\":\"Sebastian\",\"@id\":\"https:\\\/\\\/informelitoral.com.ar\\\/#\\\/schema\\\/person\\\/f05f9f461677119578717524b127d6d5\"},\"headline\":\"Colectivos: \u00abEstamos expectante a que aparezca la soluci\u00f3n en la pr\u00f3xima semana\u00bb\",\"datePublished\":\"2020-07-31T00:20:58+00:00\",\"dateModified\":\"2020-07-31T01:40:26+00:00\",\"mainEntityOfPage\":{\"@id\":\"https:\\\/\\\/informelitoral.com.ar\\\/colectivos-estamos-expectante-a-que-aparezca-la-solucion-en-la-proxima-semana\\\/\"},\"wordCount\":459,\"commentCount\":0,\"publisher\":{\"@id\":\"https:\\\/\\\/informelitoral.com.ar\\\/#organization\"},\"image\":{\"@id\":\"https:\\\/\\\/informelitoral.com.ar\\\/colectivos-estamos-expectante-a-que-aparezca-la-solucion-en-la-proxima-semana\\\/#primaryimage\"},\"thumbnailUrl\":\"https:\\\/\\\/informelitoral.com.ar\\\/%77%70%2d%63%6f%6e%74%65%6e%74\\\/uploads\\\/2020\\\/07\\\/colectivos.jpg\",\"keywords\":[\"Colectivos\",\"Municipio\",\"Paran\u00e1\",\"Paro\"],\"articleSection\":[\"Politica\"],\"inLanguage\":\"es\",\"potentialAction\":[{\"@type\":\"CommentAction\",\"name\":\"Comment\",\"target\":[\"https:\\\/\\\/informelitoral.com.ar\\\/colectivos-estamos-expectante-a-que-aparezca-la-solucion-en-la-proxima-semana\\\/#respond\"]}]},{\"@type\":\"WebPage\",\"@id\":\"https:\\\/\\\/informelitoral.com.ar\\\/colectivos-estamos-expectante-a-que-aparezca-la-solucion-en-la-proxima-semana\\\/\",\"url\":\"https:\\\/\\\/informelitoral.com.ar\\\/colectivos-estamos-expectante-a-que-aparezca-la-solucion-en-la-proxima-semana\\\/\",\"name\":\"Colectivos: \\\"Estamos expectante a que aparezca la soluci\u00f3n en la pr\u00f3xima semana\\\" - Informe Litoral\",\"isPartOf\":{\"@id\":\"https:\\\/\\\/informelitoral.com.ar\\\/#website\"},\"primaryImageOfPage\":{\"@id\":\"https:\\\/\\\/informelitoral.com.ar\\\/colectivos-estamos-expectante-a-que-aparezca-la-solucion-en-la-proxima-semana\\\/#primaryimage\"},\"image\":{\"@id\":\"https:\\\/\\\/informelitoral.com.ar\\\/colectivos-estamos-expectante-a-que-aparezca-la-solucion-en-la-proxima-semana\\\/#primaryimage\"},\"thumbnailUrl\":\"https:\\\/\\\/informelitoral.com.ar\\\/%77%70%2d%63%6f%6e%74%65%6e%74\\\/uploads\\\/2020\\\/07\\\/colectivos.jpg\",\"datePublished\":\"2020-07-31T00:20:58+00:00\",\"dateModified\":\"2020-07-31T01:40:26+00:00\",\"breadcrumb\":{\"@id\":\"https:\\\/\\\/informelitoral.com.ar\\\/colectivos-estamos-expectante-a-que-aparezca-la-solucion-en-la-proxima-semana\\\/#breadcrumb\"},\"inLanguage\":\"es\",\"potentialAction\":[{\"@type\":\"ReadAction\",\"target\":[\"https:\\\/\\\/informelitoral.com.ar\\\/colectivos-estamos-expectante-a-que-aparezca-la-solucion-en-la-proxima-semana\\\/\"]}]},{\"@type\":\"ImageObject\",\"inLanguage\":\"es\",\"@id\":\"https:\\\/\\\/informelitoral.com.ar\\\/colectivos-estamos-expectante-a-que-aparezca-la-solucion-en-la-proxima-semana\\\/#primaryimage\",\"url\":\"https:\\\/\\\/informelitoral.com.ar\\\/%77%70%2d%63%6f%6e%74%65%6e%74\\\/uploads\\\/2020\\\/07\\\/colectivos.jpg\",\"contentUrl\":\"https:\\\/\\\/informelitoral.com.ar\\\/%77%70%2d%63%6f%6e%74%65%6e%74\\\/uploads\\\/2020\\\/07\\\/colectivos.jpg\",\"width\":870,\"height\":580},{\"@type\":\"BreadcrumbList\",\"@id\":\"https:\\\/\\\/informelitoral.com.ar\\\/colectivos-estamos-expectante-a-que-aparezca-la-solucion-en-la-proxima-semana\\\/#breadcrumb\",\"itemListElement\":[{\"@type\":\"ListItem\",\"position\":1,\"name\":\"Portada\",\"item\":\"https:\\\/\\\/informelitoral.com.ar\\\/\"},{\"@type\":\"ListItem\",\"position\":2,\"name\":\"Colectivos: \u00abEstamos expectante a que aparezca la soluci\u00f3n en la pr\u00f3xima semana\u00bb\"}]},{\"@type\":\"WebSite\",\"@id\":\"https:\\\/\\\/informelitoral.com.ar\\\/#website\",\"url\":\"https:\\\/\\\/informelitoral.com.ar\\\/\",\"name\":\"Informe Litoral\",\"description\":\"&quot;Nos informamos&quot; \",\"publisher\":{\"@id\":\"https:\\\/\\\/informelitoral.com.ar\\\/#organization\"},\"potentialAction\":[{\"@type\":\"SearchAction\",\"target\":{\"@type\":\"EntryPoint\",\"urlTemplate\":\"https:\\\/\\\/informelitoral.com.ar\\\/?s={search_term_string}\"},\"query-input\":{\"@type\":\"PropertyValueSpecification\",\"valueRequired\":true,\"valueName\":\"search_term_string\"}}],\"inLanguage\":\"es\"},{\"@type\":\"Organization\",\"@id\":\"https:\\\/\\\/informelitoral.com.ar\\\/#organization\",\"name\":\"Informe Litoral\",\"url\":\"https:\\\/\\\/informelitoral.com.ar\\\/\",\"logo\":{\"@type\":\"ImageObject\",\"inLanguage\":\"es\",\"@id\":\"https:\\\/\\\/informelitoral.com.ar\\\/#\\\/schema\\\/logo\\\/image\\\/\",\"url\":\"https:\\\/\\\/informelitoral.com.ar\\\/%77%70%2d%63%6f%6e%74%65%6e%74\\\/uploads\\\/2021\\\/01\\\/circulo.png\",\"contentUrl\":\"https:\\\/\\\/informelitoral.com.ar\\\/%77%70%2d%63%6f%6e%74%65%6e%74\\\/uploads\\\/2021\\\/01\\\/circulo.png\",\"width\":723,\"height\":731,\"caption\":\"Informe Litoral\"},\"image\":{\"@id\":\"https:\\\/\\\/informelitoral.com.ar\\\/#\\\/schema\\\/logo\\\/image\\\/\"},\"sameAs\":[\"https:\\\/\\\/www.facebook.com\\\/informelitoral\\\/\",\"https:\\\/\\\/x.com\\\/InformeLitoral\",\"https:\\\/\\\/www.instagram.com\\\/informelitoral\\\/\",\"https:\\\/\\\/www.youtube.com\\\/channel\\\/UCua4Qvz8Icb6MYqhoq9xLXw\"]},{\"@type\":\"Person\",\"@id\":\"https:\\\/\\\/informelitoral.com.ar\\\/#\\\/schema\\\/person\\\/f05f9f461677119578717524b127d6d5\",\"name\":\"Sebastian\",\"image\":{\"@type\":\"ImageObject\",\"inLanguage\":\"es\",\"@id\":\"https:\\\/\\\/secure.gravatar.com\\\/avatar\\\/b71bf7481d447dfb9583c7f2798e7cc64de6efb9067b74633ed8c31059a3bd82?s=96&d=mm&r=g\",\"url\":\"https:\\\/\\\/secure.gravatar.com\\\/avatar\\\/b71bf7481d447dfb9583c7f2798e7cc64de6efb9067b74633ed8c31059a3bd82?s=96&d=mm&r=g\",\"contentUrl\":\"https:\\\/\\\/secure.gravatar.com\\\/avatar\\\/b71bf7481d447dfb9583c7f2798e7cc64de6efb9067b74633ed8c31059a3bd82?s=96&d=mm&r=g\",\"caption\":\"Sebastian\"},\"url\":\"https:\\\/\\\/informelitoral.com.ar\\\/author\\\/sebastian\\\/\"}]}<\/script>","yoast_head_json":{"title":"Colectivos: \"Estamos expectante a que aparezca la soluci\u00f3n en la pr\u00f3xima semana\" - Informe Litoral","robots":{"index":"index","follow":"follow","max-snippet":"max-snippet:-1","max-image-preview":"max-image-preview:large","max-video-preview":"max-video-preview:-1"},"canonical":"https:\/\/informelitoral.com.ar\/colectivos-estamos-expectante-a-que-aparezca-la-solucion-en-la-proxima-semana\/","og_locale":"es_ES","og_type":"article","og_title":"Colectivos: \"Estamos expectante a que aparezca la soluci\u00f3n en la pr\u00f3xima semana\" - Informe Litoral","og_description":"As\u00ed lo expres\u00f3 Ad\u00e1n Bahl. En la capital entrerriana se cumplieron 30 d\u00edas sin servicio de colectivos. \"Hay medidas que iremos anunciando en las pr\u00f3ximas semanas\".","og_url":"https:\/\/informelitoral.com.ar\/colectivos-estamos-expectante-a-que-aparezca-la-solucion-en-la-proxima-semana\/","og_site_name":"Informe Litoral","article_publisher":"https:\/\/www.facebook.com\/informelitoral\/","article_published_time":"2020-07-31T00:20:58+00:00","article_modified_time":"2020-07-31T01:40:26+00:00","og_image":[{"width":870,"height":580,"url":"https:\/\/informelitoral.com.ar\/%77%70%2d%63%6f%6e%74%65%6e%74\/uploads\/2020\/07\/colectivos.jpg","type":"image\/jpeg"}],"author":"Sebastian","twitter_card":"summary_large_image","twitter_creator":"@InformeLitoral","twitter_site":"@InformeLitoral","twitter_misc":{"Escrito por":"Sebastian","Tiempo de lectura":"2 minutos"},"schema":{"@context":"https:\/\/schema.org","@graph":[{"@type":"Article","@id":"https:\/\/informelitoral.com.ar\/colectivos-estamos-expectante-a-que-aparezca-la-solucion-en-la-proxima-semana\/#article","isPartOf":{"@id":"https:\/\/informelitoral.com.ar\/colectivos-estamos-expectante-a-que-aparezca-la-solucion-en-la-proxima-semana\/"},"author":{"name":"Sebastian","@id":"https:\/\/informelitoral.com.ar\/#\/schema\/person\/f05f9f461677119578717524b127d6d5"},"headline":"Colectivos: \u00abEstamos expectante a que aparezca la soluci\u00f3n en la pr\u00f3xima semana\u00bb","datePublished":"2020-07-31T00:20:58+00:00","dateModified":"2020-07-31T01:40:26+00:00","mainEntityOfPage":{"@id":"https:\/\/informelitoral.com.ar\/colectivos-estamos-expectante-a-que-aparezca-la-solucion-en-la-proxima-semana\/"},"wordCount":459,"commentCount":0,"publisher":{"@id":"https:\/\/informelitoral.com.ar\/#organization"},"image":{"@id":"https:\/\/informelitoral.com.ar\/colectivos-estamos-expectante-a-que-aparezca-la-solucion-en-la-proxima-semana\/#primaryimage"},"thumbnailUrl":"https:\/\/informelitoral.com.ar\/%77%70%2d%63%6f%6e%74%65%6e%74\/uploads\/2020\/07\/colectivos.jpg","keywords":["Colectivos","Municipio","Paran\u00e1","Paro"],"articleSection":["Politica"],"inLanguage":"es","potentialAction":[{"@type":"CommentAction","name":"Comment","target":["https:\/\/informelitoral.com.ar\/colectivos-estamos-expectante-a-que-aparezca-la-solucion-en-la-proxima-semana\/#respond"]}]},{"@type":"WebPage","@id":"https:\/\/informelitoral.com.ar\/colectivos-estamos-expectante-a-que-aparezca-la-solucion-en-la-proxima-semana\/","url":"https:\/\/informelitoral.com.ar\/colectivos-estamos-expectante-a-que-aparezca-la-solucion-en-la-proxima-semana\/","name":"Colectivos: \"Estamos expectante a que aparezca la soluci\u00f3n en la pr\u00f3xima semana\" - Informe Litoral","isPartOf":{"@id":"https:\/\/informelitoral.com.ar\/#website"},"primaryImageOfPage":{"@id":"https:\/\/informelitoral.com.ar\/colectivos-estamos-expectante-a-que-aparezca-la-solucion-en-la-proxima-semana\/#primaryimage"},"image":{"@id":"https:\/\/informelitoral.com.ar\/colectivos-estamos-expectante-a-que-aparezca-la-solucion-en-la-proxima-semana\/#primaryimage"},"thumbnailUrl":"https:\/\/informelitoral.com.ar\/%77%70%2d%63%6f%6e%74%65%6e%74\/uploads\/2020\/07\/colectivos.jpg","datePublished":"2020-07-31T00:20:58+00:00","dateModified":"2020-07-31T01:40:26+00:00","breadcrumb":{"@id":"https:\/\/informelitoral.com.ar\/colectivos-estamos-expectante-a-que-aparezca-la-solucion-en-la-proxima-semana\/#breadcrumb"},"inLanguage":"es","potentialAction":[{"@type":"ReadAction","target":["https:\/\/informelitoral.com.ar\/colectivos-estamos-expectante-a-que-aparezca-la-solucion-en-la-proxima-semana\/"]}]},{"@type":"ImageObject","inLanguage":"es","@id":"https:\/\/informelitoral.com.ar\/colectivos-estamos-expectante-a-que-aparezca-la-solucion-en-la-proxima-semana\/#primaryimage","url":"https:\/\/informelitoral.com.ar\/%77%70%2d%63%6f%6e%74%65%6e%74\/uploads\/2020\/07\/colectivos.jpg","contentUrl":"https:\/\/informelitoral.com.ar\/%77%70%2d%63%6f%6e%74%65%6e%74\/uploads\/2020\/07\/colectivos.jpg","width":870,"height":580},{"@type":"BreadcrumbList","@id":"https:\/\/informelitoral.com.ar\/colectivos-estamos-expectante-a-que-aparezca-la-solucion-en-la-proxima-semana\/#breadcrumb","itemListElement":[{"@type":"ListItem","position":1,"name":"Portada","item":"https:\/\/informelitoral.com.ar\/"},{"@type":"ListItem","position":2,"name":"Colectivos: \u00abEstamos expectante a que aparezca la soluci\u00f3n en la pr\u00f3xima semana\u00bb"}]},{"@type":"WebSite","@id":"https:\/\/informelitoral.com.ar\/#website","url":"https:\/\/informelitoral.com.ar\/","name":"Informe Litoral","description":"&quot;Nos informamos&quot; ","publisher":{"@id":"https:\/\/informelitoral.com.ar\/#organization"},"potentialAction":[{"@type":"SearchAction","target":{"@type":"EntryPoint","urlTemplate":"https:\/\/informelitoral.com.ar\/?s={search_term_string}"},"query-input":{"@type":"PropertyValueSpecification","valueRequired":true,"valueName":"search_term_string"}}],"inLanguage":"es"},{"@type":"Organization","@id":"https:\/\/informelitoral.com.ar\/#organization","name":"Informe Litoral","url":"https:\/\/informelitoral.com.ar\/","logo":{"@type":"ImageObject","inLanguage":"es","@id":"https:\/\/informelitoral.com.ar\/#\/schema\/logo\/image\/","url":"https:\/\/informelitoral.com.ar\/%77%70%2d%63%6f%6e%74%65%6e%74\/uploads\/2021\/01\/circulo.png","contentUrl":"https:\/\/informelitoral.com.ar\/%77%70%2d%63%6f%6e%74%65%6e%74\/uploads\/2021\/01\/circulo.png","width":723,"height":731,"caption":"Informe Litoral"},"image":{"@id":"https:\/\/informelitoral.com.ar\/#\/schema\/logo\/image\/"},"sameAs":["https:\/\/www.facebook.com\/informelitoral\/","https:\/\/x.com\/InformeLitoral","https:\/\/www.instagram.com\/informelitoral\/","https:\/\/www.youtube.com\/channel\/UCua4Qvz8Icb6MYqhoq9xLXw"]},{"@type":"Person","@id":"https:\/\/informelitoral.com.ar\/#\/schema\/person\/f05f9f461677119578717524b127d6d5","name":"Sebastian","image":{"@type":"ImageObject","inLanguage":"es","@id":"https:\/\/secure.gravatar.com\/avatar\/b71bf7481d447dfb9583c7f2798e7cc64de6efb9067b74633ed8c31059a3bd82?s=96&d=mm&r=g","url":"https:\/\/secure.gravatar.com\/avatar\/b71bf7481d447dfb9583c7f2798e7cc64de6efb9067b74633ed8c31059a3bd82?s=96&d=mm&r=g","contentUrl":"https:\/\/secure.gravatar.com\/avatar\/b71bf7481d447dfb9583c7f2798e7cc64de6efb9067b74633ed8c31059a3bd82?s=96&d=mm&r=g","caption":"Sebastian"},"url":"https:\/\/informelitoral.com.ar\/author\/sebastian\/"}]}},"_links":{"self":[{"href":"https:\/\/informelitoral.com.ar\/%77%70%2d%6a%73%6f%6e\/wp\/v2\/posts\/46760","targetHints":{"allow":["GET"]}}],"collection":[{"href":"https:\/\/informelitoral.com.ar\/%77%70%2d%6a%73%6f%6e\/wp\/v2\/posts"}],"about":[{"href":"https:\/\/informelitoral.com.ar\/%77%70%2d%6a%73%6f%6e\/wp\/v2\/types\/post"}],"author":[{"embeddable":true,"href":"https:\/\/informelitoral.com.ar\/%77%70%2d%6a%73%6f%6e\/wp\/v2\/users\/8"}],"replies":[{"embeddable":true,"href":"https:\/\/informelitoral.com.ar\/%77%70%2d%6a%73%6f%6e\/wp\/v2\/comments?post=46760"}],"version-history":[{"count":0,"href":"https:\/\/informelitoral.com.ar\/%77%70%2d%6a%73%6f%6e\/wp\/v2\/posts\/46760\/revisions"}],"wp:featuredmedia":[{"embeddable":true,"href":"https:\/\/informelitoral.com.ar\/%77%70%2d%6a%73%6f%6e\/wp\/v2\/media\/45455"}],"wp:attachment":[{"href":"https:\/\/informelitoral.com.ar\/%77%70%2d%6a%73%6f%6e\/wp\/v2\/media?parent=46760"}],"wp:term":[{"taxonomy":"category","embeddable":true,"href":"https:\/\/informelitoral.com.ar\/%77%70%2d%6a%73%6f%6e\/wp\/v2\/categories?post=46760"},{"taxonomy":"post_tag","embeddable":true,"href":"https:\/\/informelitoral.com.ar\/%77%70%2d%6a%73%6f%6e\/wp\/v2\/tags?post=46760"}],"curies":[{"name":"wp","href":"https:\/\/api.w.org\/{rel}","templated":true}]}}