{"id":46758,"date":"2020-07-30T21:15:35","date_gmt":"2020-07-31T00:15:35","guid":{"rendered":"https:\/\/www.isletasnoticias.com.ar\/?p=46758"},"modified":"2020-07-30T22:42:13","modified_gmt":"2020-07-31T01:42:13","slug":"video-asi-sucedio-el-violentisimo-asalto-en-una-panaderia-de-parana","status":"publish","type":"post","link":"https:\/\/informelitoral.com.ar\/video-asi-sucedio-el-violentisimo-asalto-en-una-panaderia-de-parana\/","title":{"rendered":"Video: As\u00ed sucedi\u00f3 un violent\u00edsimo asalto en una panader\u00eda de Paran\u00e1"},"content":{"rendered":"<p>Este mi\u00e9rcoles, un malviviente ingres\u00f3 a una panader\u00eda y golpe\u00f3 a una empleada y al due\u00f1o del local durante un violent\u00edsimo asalto registrado sobre calle Banda Oriental y Liga de los Pueblos Libres, este mi\u00e9rcoles en Paran\u00e1.<\/p>\n<p>El violento asalto qued\u00f3 registrado en las c\u00e1maras de seguridad.<\/p>\n<p>De acuerdo a los datos a los que accedi\u00f3\u00a0<i>Elonce<\/i>, el sujeto redujo a la trabajadora del emprendimiento para alzarse con la recaudaci\u00f3n al momento del cierre, alrededor de las 15hs. Ante los gritos desesperados de la mujer, el propietario de la panader\u00eda, que iba de salida del local, regres\u00f3 y se trenz\u00f3 en lucha con el malviviente.<\/p>\n<p>\u00abA las 13hs entr\u00f3 un muchacho que jam\u00e1s se iba a pensar que vendr\u00e1 con ese fin, pidi\u00f3 $20 de galleta, pag\u00f3 con $100, le dieron el vuelto y cuando se iba a retirar, fue a la caja para que le dieran el dinero\u00bb, rememor\u00f3 Amelia, la esposa del damnificado.<\/p>\n<p>\u00abMi marido lo agarr\u00f3 del cuello (al ladr\u00f3n) y se trenzaron; al verse acorralado, el tipo sac\u00f3 el cuchillo que ten\u00eda\u00bb, record\u00f3. La mujer dio cuenta que el asaltante ten\u00eda \u00abun cuchillo y un arma\u00bb.<\/p>\n<p>Ra\u00fal, en tanto, demand\u00f3 atenci\u00f3n m\u00e9dica por las graves lesiones que sufri\u00f3 en el ataque. \u00abLe cort\u00f3 el parpado y al lado de la boca. Tuvieron que hacerles 18 puntos entre los dos cortes\u00bb, refiri\u00f3 Amelia.<em> (Fuente: Elonce.com)<\/em><\/p>\n<div id=\"fb-root\"><\/div>\n<p><script async=\"1\" defer=\"1\" crossorigin=\"anonymous\" src=\"https:\/\/connect.facebook.net\/es_LA\/sdk.js#xfbml=1&amp;version=v7.0\" nonce=\"E9ZpAfZu\"><\/script><\/p>\n<div class=\"fb-video\" data-href=\"https:\/\/www.facebook.com\/766903873365436\/videos\/286337945984200\/\" data-width=\"696\">\n<blockquote cite=\"https:\/\/www.facebook.com\/Reporte100.7\/videos\/286337945984200\/\" class=\"fb-xfbml-parse-ignore\"><p><a href=\"https:\/\/www.facebook.com\/Reporte100.7\/videos\/286337945984200\/\"><\/a><\/p>\n<p>#PARAN\u00c1 | AS\u00cd FUE EL VIOLENTO ROBO A PANADER\u00cdA &quot;WALY&quot; Un delincuente ingreso a robar a la panaderia y su propietario lo enfrento resultando lesionado en el rostro.EXCLUSIVO V\u00cdDEO DEL MOMENTO<\/p>\n<p>Publicado por <a href=\"https:\/\/www.facebook.com\/Reporte100.7\/\">Reporte 100.7<\/a> en Jueves, 30 de julio de 2020<\/p><\/blockquote>\n<\/div>\n","protected":false},"excerpt":{"rendered":"<p>Se observa como uno de los sujetos redujo a la trabajadora para alzarse con la recaudaci\u00f3n; el propietario se trenz\u00f3 en lucha con \u00e9l y termin\u00f3 seriamente golpeado.<\/p>\n","protected":false},"author":8,"featured_media":35539,"comment_status":"open","ping_status":"open","sticky":false,"template":"","format":"standard","meta":{"fifu_image_url":"","fifu_image_alt":"","footnotes":""},"categories":[14],"tags":[81,45],"class_list":{"0":"post-46758","1":"post","2":"type-post","3":"status-publish","4":"format-standard","5":"has-post-thumbnail","7":"category-policiales","8":"tag-entre-rios","9":"tag-parana"},"yoast_head":"<title>Video: As\u00ed sucedi\u00f3 un violent\u00edsimo asalto en una panader\u00eda de Paran\u00e1 - Informe Litoral<\/title>\n<meta name=\"robots\" content=\"index, follow, max-snippet:-1, max-image-preview:large, max-video-preview:-1\" \/>\n<link rel=\"canonical\" href=\"https:\/\/informelitoral.com.ar\/video-asi-sucedio-el-violentisimo-asalto-en-una-panaderia-de-parana\/\" \/>\n<meta property=\"og:locale\" content=\"es_ES\" \/>\n<meta property=\"og:type\" content=\"article\" \/>\n<meta property=\"og:title\" content=\"Video: As\u00ed sucedi\u00f3 un violent\u00edsimo asalto en una panader\u00eda de Paran\u00e1 - Informe Litoral\" \/>\n<meta property=\"og:description\" content=\"Se observa como uno de los sujetos redujo a la trabajadora para alzarse con la recaudaci\u00f3n; el propietario se trenz\u00f3 en lucha con \u00e9l y termin\u00f3 seriamente golpeado.\" \/>\n<meta property=\"og:url\" content=\"https:\/\/informelitoral.com.ar\/video-asi-sucedio-el-violentisimo-asalto-en-una-panaderia-de-parana\/\" \/>\n<meta property=\"og:site_name\" content=\"Informe Litoral\" \/>\n<meta property=\"article:publisher\" content=\"https:\/\/www.facebook.com\/informelitoral\/\" \/>\n<meta property=\"article:published_time\" content=\"2020-07-31T00:15:35+00:00\" \/>\n<meta property=\"article:modified_time\" content=\"2020-07-31T01:42:13+00:00\" \/>\n<meta property=\"og:image\" content=\"https:\/\/informelitoral.com.ar\/%77%70%2d%63%6f%6e%74%65%6e%74\/uploads\/2019\/08\/robo-garrafas-palas.jpg\" \/>\n\t<meta property=\"og:image:width\" content=\"562\" \/>\n\t<meta property=\"og:image:height\" content=\"463\" \/>\n\t<meta property=\"og:image:type\" content=\"image\/jpeg\" \/>\n<meta name=\"author\" content=\"Sebastian\" \/>\n<meta name=\"twitter:card\" content=\"summary_large_image\" \/>\n<meta name=\"twitter:creator\" content=\"@InformeLitoral\" \/>\n<meta name=\"twitter:site\" content=\"@InformeLitoral\" \/>\n<meta name=\"twitter:label1\" content=\"Escrito por\" \/>\n\t<meta name=\"twitter:data1\" content=\"Sebastian\" \/>\n\t<meta name=\"twitter:label2\" content=\"Tiempo de lectura\" \/>\n\t<meta name=\"twitter:data2\" content=\"1 minuto\" \/>\n<script type=\"application\/ld+json\" class=\"yoast-schema-graph\">{\"@context\":\"https:\\\/\\\/schema.org\",\"@graph\":[{\"@type\":\"Article\",\"@id\":\"https:\\\/\\\/informelitoral.com.ar\\\/video-asi-sucedio-el-violentisimo-asalto-en-una-panaderia-de-parana\\\/#article\",\"isPartOf\":{\"@id\":\"https:\\\/\\\/informelitoral.com.ar\\\/video-asi-sucedio-el-violentisimo-asalto-en-una-panaderia-de-parana\\\/\"},\"author\":{\"name\":\"Sebastian\",\"@id\":\"https:\\\/\\\/informelitoral.com.ar\\\/#\\\/schema\\\/person\\\/f05f9f461677119578717524b127d6d5\"},\"headline\":\"Video: As\u00ed sucedi\u00f3 un violent\u00edsimo asalto en una panader\u00eda de Paran\u00e1\",\"datePublished\":\"2020-07-31T00:15:35+00:00\",\"dateModified\":\"2020-07-31T01:42:13+00:00\",\"mainEntityOfPage\":{\"@id\":\"https:\\\/\\\/informelitoral.com.ar\\\/video-asi-sucedio-el-violentisimo-asalto-en-una-panaderia-de-parana\\\/\"},\"wordCount\":259,\"commentCount\":0,\"publisher\":{\"@id\":\"https:\\\/\\\/informelitoral.com.ar\\\/#organization\"},\"image\":{\"@id\":\"https:\\\/\\\/informelitoral.com.ar\\\/video-asi-sucedio-el-violentisimo-asalto-en-una-panaderia-de-parana\\\/#primaryimage\"},\"thumbnailUrl\":\"https:\\\/\\\/informelitoral.com.ar\\\/%77%70%2d%63%6f%6e%74%65%6e%74\\\/uploads\\\/2019\\\/08\\\/robo-garrafas-palas.jpg\",\"keywords\":[\"Entre R\u00edos\",\"Paran\u00e1\"],\"articleSection\":[\"Policiales\"],\"inLanguage\":\"es\",\"potentialAction\":[{\"@type\":\"CommentAction\",\"name\":\"Comment\",\"target\":[\"https:\\\/\\\/informelitoral.com.ar\\\/video-asi-sucedio-el-violentisimo-asalto-en-una-panaderia-de-parana\\\/#respond\"]}]},{\"@type\":\"WebPage\",\"@id\":\"https:\\\/\\\/informelitoral.com.ar\\\/video-asi-sucedio-el-violentisimo-asalto-en-una-panaderia-de-parana\\\/\",\"url\":\"https:\\\/\\\/informelitoral.com.ar\\\/video-asi-sucedio-el-violentisimo-asalto-en-una-panaderia-de-parana\\\/\",\"name\":\"Video: As\u00ed sucedi\u00f3 un violent\u00edsimo asalto en una panader\u00eda de Paran\u00e1 - Informe Litoral\",\"isPartOf\":{\"@id\":\"https:\\\/\\\/informelitoral.com.ar\\\/#website\"},\"primaryImageOfPage\":{\"@id\":\"https:\\\/\\\/informelitoral.com.ar\\\/video-asi-sucedio-el-violentisimo-asalto-en-una-panaderia-de-parana\\\/#primaryimage\"},\"image\":{\"@id\":\"https:\\\/\\\/informelitoral.com.ar\\\/video-asi-sucedio-el-violentisimo-asalto-en-una-panaderia-de-parana\\\/#primaryimage\"},\"thumbnailUrl\":\"https:\\\/\\\/informelitoral.com.ar\\\/%77%70%2d%63%6f%6e%74%65%6e%74\\\/uploads\\\/2019\\\/08\\\/robo-garrafas-palas.jpg\",\"datePublished\":\"2020-07-31T00:15:35+00:00\",\"dateModified\":\"2020-07-31T01:42:13+00:00\",\"breadcrumb\":{\"@id\":\"https:\\\/\\\/informelitoral.com.ar\\\/video-asi-sucedio-el-violentisimo-asalto-en-una-panaderia-de-parana\\\/#breadcrumb\"},\"inLanguage\":\"es\",\"potentialAction\":[{\"@type\":\"ReadAction\",\"target\":[\"https:\\\/\\\/informelitoral.com.ar\\\/video-asi-sucedio-el-violentisimo-asalto-en-una-panaderia-de-parana\\\/\"]}]},{\"@type\":\"ImageObject\",\"inLanguage\":\"es\",\"@id\":\"https:\\\/\\\/informelitoral.com.ar\\\/video-asi-sucedio-el-violentisimo-asalto-en-una-panaderia-de-parana\\\/#primaryimage\",\"url\":\"https:\\\/\\\/informelitoral.com.ar\\\/%77%70%2d%63%6f%6e%74%65%6e%74\\\/uploads\\\/2019\\\/08\\\/robo-garrafas-palas.jpg\",\"contentUrl\":\"https:\\\/\\\/informelitoral.com.ar\\\/%77%70%2d%63%6f%6e%74%65%6e%74\\\/uploads\\\/2019\\\/08\\\/robo-garrafas-palas.jpg\",\"width\":562,\"height\":463},{\"@type\":\"BreadcrumbList\",\"@id\":\"https:\\\/\\\/informelitoral.com.ar\\\/video-asi-sucedio-el-violentisimo-asalto-en-una-panaderia-de-parana\\\/#breadcrumb\",\"itemListElement\":[{\"@type\":\"ListItem\",\"position\":1,\"name\":\"Portada\",\"item\":\"https:\\\/\\\/informelitoral.com.ar\\\/\"},{\"@type\":\"ListItem\",\"position\":2,\"name\":\"Video: As\u00ed sucedi\u00f3 un violent\u00edsimo asalto en una panader\u00eda de Paran\u00e1\"}]},{\"@type\":\"WebSite\",\"@id\":\"https:\\\/\\\/informelitoral.com.ar\\\/#website\",\"url\":\"https:\\\/\\\/informelitoral.com.ar\\\/\",\"name\":\"Informe Litoral\",\"description\":\"&quot;Nos informamos&quot; \",\"publisher\":{\"@id\":\"https:\\\/\\\/informelitoral.com.ar\\\/#organization\"},\"potentialAction\":[{\"@type\":\"SearchAction\",\"target\":{\"@type\":\"EntryPoint\",\"urlTemplate\":\"https:\\\/\\\/informelitoral.com.ar\\\/?s={search_term_string}\"},\"query-input\":{\"@type\":\"PropertyValueSpecification\",\"valueRequired\":true,\"valueName\":\"search_term_string\"}}],\"inLanguage\":\"es\"},{\"@type\":\"Organization\",\"@id\":\"https:\\\/\\\/informelitoral.com.ar\\\/#organization\",\"name\":\"Informe Litoral\",\"url\":\"https:\\\/\\\/informelitoral.com.ar\\\/\",\"logo\":{\"@type\":\"ImageObject\",\"inLanguage\":\"es\",\"@id\":\"https:\\\/\\\/informelitoral.com.ar\\\/#\\\/schema\\\/logo\\\/image\\\/\",\"url\":\"https:\\\/\\\/informelitoral.com.ar\\\/%77%70%2d%63%6f%6e%74%65%6e%74\\\/uploads\\\/2021\\\/01\\\/circulo.png\",\"contentUrl\":\"https:\\\/\\\/informelitoral.com.ar\\\/%77%70%2d%63%6f%6e%74%65%6e%74\\\/uploads\\\/2021\\\/01\\\/circulo.png\",\"width\":723,\"height\":731,\"caption\":\"Informe Litoral\"},\"image\":{\"@id\":\"https:\\\/\\\/informelitoral.com.ar\\\/#\\\/schema\\\/logo\\\/image\\\/\"},\"sameAs\":[\"https:\\\/\\\/www.facebook.com\\\/informelitoral\\\/\",\"https:\\\/\\\/x.com\\\/InformeLitoral\",\"https:\\\/\\\/www.instagram.com\\\/informelitoral\\\/\",\"https:\\\/\\\/www.youtube.com\\\/channel\\\/UCua4Qvz8Icb6MYqhoq9xLXw\"]},{\"@type\":\"Person\",\"@id\":\"https:\\\/\\\/informelitoral.com.ar\\\/#\\\/schema\\\/person\\\/f05f9f461677119578717524b127d6d5\",\"name\":\"Sebastian\",\"image\":{\"@type\":\"ImageObject\",\"inLanguage\":\"es\",\"@id\":\"https:\\\/\\\/secure.gravatar.com\\\/avatar\\\/b71bf7481d447dfb9583c7f2798e7cc64de6efb9067b74633ed8c31059a3bd82?s=96&d=mm&r=g\",\"url\":\"https:\\\/\\\/secure.gravatar.com\\\/avatar\\\/b71bf7481d447dfb9583c7f2798e7cc64de6efb9067b74633ed8c31059a3bd82?s=96&d=mm&r=g\",\"contentUrl\":\"https:\\\/\\\/secure.gravatar.com\\\/avatar\\\/b71bf7481d447dfb9583c7f2798e7cc64de6efb9067b74633ed8c31059a3bd82?s=96&d=mm&r=g\",\"caption\":\"Sebastian\"},\"url\":\"https:\\\/\\\/informelitoral.com.ar\\\/author\\\/sebastian\\\/\"}]}<\/script>","yoast_head_json":{"title":"Video: As\u00ed sucedi\u00f3 un violent\u00edsimo asalto en una panader\u00eda de Paran\u00e1 - Informe Litoral","robots":{"index":"index","follow":"follow","max-snippet":"max-snippet:-1","max-image-preview":"max-image-preview:large","max-video-preview":"max-video-preview:-1"},"canonical":"https:\/\/informelitoral.com.ar\/video-asi-sucedio-el-violentisimo-asalto-en-una-panaderia-de-parana\/","og_locale":"es_ES","og_type":"article","og_title":"Video: As\u00ed sucedi\u00f3 un violent\u00edsimo asalto en una panader\u00eda de Paran\u00e1 - Informe Litoral","og_description":"Se observa como uno de los sujetos redujo a la trabajadora para alzarse con la recaudaci\u00f3n; el propietario se trenz\u00f3 en lucha con \u00e9l y termin\u00f3 seriamente golpeado.","og_url":"https:\/\/informelitoral.com.ar\/video-asi-sucedio-el-violentisimo-asalto-en-una-panaderia-de-parana\/","og_site_name":"Informe Litoral","article_publisher":"https:\/\/www.facebook.com\/informelitoral\/","article_published_time":"2020-07-31T00:15:35+00:00","article_modified_time":"2020-07-31T01:42:13+00:00","og_image":[{"width":562,"height":463,"url":"https:\/\/informelitoral.com.ar\/%77%70%2d%63%6f%6e%74%65%6e%74\/uploads\/2019\/08\/robo-garrafas-palas.jpg","type":"image\/jpeg"}],"author":"Sebastian","twitter_card":"summary_large_image","twitter_creator":"@InformeLitoral","twitter_site":"@InformeLitoral","twitter_misc":{"Escrito por":"Sebastian","Tiempo de lectura":"1 minuto"},"schema":{"@context":"https:\/\/schema.org","@graph":[{"@type":"Article","@id":"https:\/\/informelitoral.com.ar\/video-asi-sucedio-el-violentisimo-asalto-en-una-panaderia-de-parana\/#article","isPartOf":{"@id":"https:\/\/informelitoral.com.ar\/video-asi-sucedio-el-violentisimo-asalto-en-una-panaderia-de-parana\/"},"author":{"name":"Sebastian","@id":"https:\/\/informelitoral.com.ar\/#\/schema\/person\/f05f9f461677119578717524b127d6d5"},"headline":"Video: As\u00ed sucedi\u00f3 un violent\u00edsimo asalto en una panader\u00eda de Paran\u00e1","datePublished":"2020-07-31T00:15:35+00:00","dateModified":"2020-07-31T01:42:13+00:00","mainEntityOfPage":{"@id":"https:\/\/informelitoral.com.ar\/video-asi-sucedio-el-violentisimo-asalto-en-una-panaderia-de-parana\/"},"wordCount":259,"commentCount":0,"publisher":{"@id":"https:\/\/informelitoral.com.ar\/#organization"},"image":{"@id":"https:\/\/informelitoral.com.ar\/video-asi-sucedio-el-violentisimo-asalto-en-una-panaderia-de-parana\/#primaryimage"},"thumbnailUrl":"https:\/\/informelitoral.com.ar\/%77%70%2d%63%6f%6e%74%65%6e%74\/uploads\/2019\/08\/robo-garrafas-palas.jpg","keywords":["Entre R\u00edos","Paran\u00e1"],"articleSection":["Policiales"],"inLanguage":"es","potentialAction":[{"@type":"CommentAction","name":"Comment","target":["https:\/\/informelitoral.com.ar\/video-asi-sucedio-el-violentisimo-asalto-en-una-panaderia-de-parana\/#respond"]}]},{"@type":"WebPage","@id":"https:\/\/informelitoral.com.ar\/video-asi-sucedio-el-violentisimo-asalto-en-una-panaderia-de-parana\/","url":"https:\/\/informelitoral.com.ar\/video-asi-sucedio-el-violentisimo-asalto-en-una-panaderia-de-parana\/","name":"Video: As\u00ed sucedi\u00f3 un violent\u00edsimo asalto en una panader\u00eda de Paran\u00e1 - Informe Litoral","isPartOf":{"@id":"https:\/\/informelitoral.com.ar\/#website"},"primaryImageOfPage":{"@id":"https:\/\/informelitoral.com.ar\/video-asi-sucedio-el-violentisimo-asalto-en-una-panaderia-de-parana\/#primaryimage"},"image":{"@id":"https:\/\/informelitoral.com.ar\/video-asi-sucedio-el-violentisimo-asalto-en-una-panaderia-de-parana\/#primaryimage"},"thumbnailUrl":"https:\/\/informelitoral.com.ar\/%77%70%2d%63%6f%6e%74%65%6e%74\/uploads\/2019\/08\/robo-garrafas-palas.jpg","datePublished":"2020-07-31T00:15:35+00:00","dateModified":"2020-07-31T01:42:13+00:00","breadcrumb":{"@id":"https:\/\/informelitoral.com.ar\/video-asi-sucedio-el-violentisimo-asalto-en-una-panaderia-de-parana\/#breadcrumb"},"inLanguage":"es","potentialAction":[{"@type":"ReadAction","target":["https:\/\/informelitoral.com.ar\/video-asi-sucedio-el-violentisimo-asalto-en-una-panaderia-de-parana\/"]}]},{"@type":"ImageObject","inLanguage":"es","@id":"https:\/\/informelitoral.com.ar\/video-asi-sucedio-el-violentisimo-asalto-en-una-panaderia-de-parana\/#primaryimage","url":"https:\/\/informelitoral.com.ar\/%77%70%2d%63%6f%6e%74%65%6e%74\/uploads\/2019\/08\/robo-garrafas-palas.jpg","contentUrl":"https:\/\/informelitoral.com.ar\/%77%70%2d%63%6f%6e%74%65%6e%74\/uploads\/2019\/08\/robo-garrafas-palas.jpg","width":562,"height":463},{"@type":"BreadcrumbList","@id":"https:\/\/informelitoral.com.ar\/video-asi-sucedio-el-violentisimo-asalto-en-una-panaderia-de-parana\/#breadcrumb","itemListElement":[{"@type":"ListItem","position":1,"name":"Portada","item":"https:\/\/informelitoral.com.ar\/"},{"@type":"ListItem","position":2,"name":"Video: As\u00ed sucedi\u00f3 un violent\u00edsimo asalto en una panader\u00eda de Paran\u00e1"}]},{"@type":"WebSite","@id":"https:\/\/informelitoral.com.ar\/#website","url":"https:\/\/informelitoral.com.ar\/","name":"Informe Litoral","description":"&quot;Nos informamos&quot; ","publisher":{"@id":"https:\/\/informelitoral.com.ar\/#organization"},"potentialAction":[{"@type":"SearchAction","target":{"@type":"EntryPoint","urlTemplate":"https:\/\/informelitoral.com.ar\/?s={search_term_string}"},"query-input":{"@type":"PropertyValueSpecification","valueRequired":true,"valueName":"search_term_string"}}],"inLanguage":"es"},{"@type":"Organization","@id":"https:\/\/informelitoral.com.ar\/#organization","name":"Informe Litoral","url":"https:\/\/informelitoral.com.ar\/","logo":{"@type":"ImageObject","inLanguage":"es","@id":"https:\/\/informelitoral.com.ar\/#\/schema\/logo\/image\/","url":"https:\/\/informelitoral.com.ar\/%77%70%2d%63%6f%6e%74%65%6e%74\/uploads\/2021\/01\/circulo.png","contentUrl":"https:\/\/informelitoral.com.ar\/%77%70%2d%63%6f%6e%74%65%6e%74\/uploads\/2021\/01\/circulo.png","width":723,"height":731,"caption":"Informe Litoral"},"image":{"@id":"https:\/\/informelitoral.com.ar\/#\/schema\/logo\/image\/"},"sameAs":["https:\/\/www.facebook.com\/informelitoral\/","https:\/\/x.com\/InformeLitoral","https:\/\/www.instagram.com\/informelitoral\/","https:\/\/www.youtube.com\/channel\/UCua4Qvz8Icb6MYqhoq9xLXw"]},{"@type":"Person","@id":"https:\/\/informelitoral.com.ar\/#\/schema\/person\/f05f9f461677119578717524b127d6d5","name":"Sebastian","image":{"@type":"ImageObject","inLanguage":"es","@id":"https:\/\/secure.gravatar.com\/avatar\/b71bf7481d447dfb9583c7f2798e7cc64de6efb9067b74633ed8c31059a3bd82?s=96&d=mm&r=g","url":"https:\/\/secure.gravatar.com\/avatar\/b71bf7481d447dfb9583c7f2798e7cc64de6efb9067b74633ed8c31059a3bd82?s=96&d=mm&r=g","contentUrl":"https:\/\/secure.gravatar.com\/avatar\/b71bf7481d447dfb9583c7f2798e7cc64de6efb9067b74633ed8c31059a3bd82?s=96&d=mm&r=g","caption":"Sebastian"},"url":"https:\/\/informelitoral.com.ar\/author\/sebastian\/"}]}},"_links":{"self":[{"href":"https:\/\/informelitoral.com.ar\/%77%70%2d%6a%73%6f%6e\/wp\/v2\/posts\/46758","targetHints":{"allow":["GET"]}}],"collection":[{"href":"https:\/\/informelitoral.com.ar\/%77%70%2d%6a%73%6f%6e\/wp\/v2\/posts"}],"about":[{"href":"https:\/\/informelitoral.com.ar\/%77%70%2d%6a%73%6f%6e\/wp\/v2\/types\/post"}],"author":[{"embeddable":true,"href":"https:\/\/informelitoral.com.ar\/%77%70%2d%6a%73%6f%6e\/wp\/v2\/users\/8"}],"replies":[{"embeddable":true,"href":"https:\/\/informelitoral.com.ar\/%77%70%2d%6a%73%6f%6e\/wp\/v2\/comments?post=46758"}],"version-history":[{"count":0,"href":"https:\/\/informelitoral.com.ar\/%77%70%2d%6a%73%6f%6e\/wp\/v2\/posts\/46758\/revisions"}],"wp:featuredmedia":[{"embeddable":true,"href":"https:\/\/informelitoral.com.ar\/%77%70%2d%6a%73%6f%6e\/wp\/v2\/media\/35539"}],"wp:attachment":[{"href":"https:\/\/informelitoral.com.ar\/%77%70%2d%6a%73%6f%6e\/wp\/v2\/media?parent=46758"}],"wp:term":[{"taxonomy":"category","embeddable":true,"href":"https:\/\/informelitoral.com.ar\/%77%70%2d%6a%73%6f%6e\/wp\/v2\/categories?post=46758"},{"taxonomy":"post_tag","embeddable":true,"href":"https:\/\/informelitoral.com.ar\/%77%70%2d%6a%73%6f%6e\/wp\/v2\/tags?post=46758"}],"curies":[{"name":"wp","href":"https:\/\/api.w.org\/{rel}","templated":true}]}}