{"id":46751,"date":"2020-07-30T22:19:00","date_gmt":"2020-07-31T01:19:00","guid":{"rendered":"https:\/\/www.isletasnoticias.com.ar\/?p=46751"},"modified":"2020-07-30T22:44:50","modified_gmt":"2020-07-31T01:44:50","slug":"desde-forja-reiteran-su-apoyo-a-alberto-fernandez-y-gustavo-bordet","status":"publish","type":"post","link":"https:\/\/informelitoral.com.ar\/desde-forja-reiteran-su-apoyo-a-alberto-fernandez-y-gustavo-bordet\/","title":{"rendered":"Desde Forja reiteran su apoyo a Alberto Fern\u00e1ndez y Gustavo Bordet"},"content":{"rendered":"<p>El <strong>Partido de la Concertaci\u00f3n Forja Entre R\u00edos<\/strong> present\u00f3 a sus <strong>nuevas autoridades<\/strong> y reiter\u00f3 el apoyo al gobierno nacional y provincial.<\/p>\n<p>\u00abLa pandemia de Covid-19 ha significado para nosotres como para todes, un parate que nos invita a reflexionar. Podemos a pesar de todo, decir que seguimos consolidando nuestro espacio, nuestro partido\u00bb, valoraron en un comunicado.<\/p>\n<p>En un texto enviado a <em><strong>IN<\/strong><\/em>, volvieron a mostrar su apoyo al Presidente: \u00abM\u00e1s que nunca creemos en la pol\u00edtica como herramienta de transformaci\u00f3n, porque vemos como <strong>un Estado presente como el que hoy conduce Alberto Fern\u00e1ndez hace la diferencia.<\/strong> Como ya lo hemos hecho mas de una vez llamamos a fortalecer la institucionalidad de los partidos, para lograr una unidad \u00edntegra y comprometida con la realidad de toda nuestra Patria\u00bb.<\/p>\n<p>Por otro lado, respecto al partido destacaron:<strong> \u00abContamos con una Secretaria de Diversidad y Genero que creemos esencial ante una realidad que no podemos ignorar, dado el nivel de violencia, de todas las formas de violencia que vemos d\u00eda a d\u00eda.<\/strong> Buscamos la equidad y la inclusi\u00f3n, militando por la garant\u00eda de cada uno de los derechos que hoy son vulnerados en este sentido\u00bb.<\/p>\n<p>Tambi\u00e9n se encolumnan detr\u00e1s del gobierno provincial: \u00abEl conjunto de quienes formamos FORJA en Entre R\u00edos <strong>reiteramos nuestro apoyo al gobernador Gustavo Bordet,<\/strong> quien est\u00e1 ejecutando pol\u00edticas para poder preservar la salud de todxs lxs ciudadanxs\u00bb, sostuvieron.<\/p>\n<p>\u00abCon orgullo y felicidad podemos anunciar como va estar formado nuestro espacio sabiendo que en cada lugar hay compromiso asumido porque sabemos a ciencia cierta que llegar a organizarnos \u00b4No Fue Magia\u00b4, militamos\u00bb, concluy\u00f3 el escrito.<\/p>\n<p><a href=\"https:\/\/www.isletasnoticias.com.ar\/%77%70%2d%63%6f%6e%74%65%6e%74\/uploads\/2020\/07\/2af084db-14e0-4674-a1a5-7ea89d39e1a3.jpg\"><img loading=\"lazy\" decoding=\"async\" class=\"aligncenter wp-image-46756 size-large\" src=\"https:\/\/www.isletasnoticias.com.ar\/%77%70%2d%63%6f%6e%74%65%6e%74\/uploads\/2020\/07\/2af084db-14e0-4674-a1a5-7ea89d39e1a3-1024x1024.jpg\" alt=\"\" width=\"696\" height=\"696\" srcset=\"https:\/\/informelitoral.com.ar\/%77%70%2d%63%6f%6e%74%65%6e%74\/uploads\/2020\/07\/2af084db-14e0-4674-a1a5-7ea89d39e1a3-1024x1024.jpg 1024w, https:\/\/informelitoral.com.ar\/%77%70%2d%63%6f%6e%74%65%6e%74\/uploads\/2020\/07\/2af084db-14e0-4674-a1a5-7ea89d39e1a3-300x300.jpg 300w, https:\/\/informelitoral.com.ar\/%77%70%2d%63%6f%6e%74%65%6e%74\/uploads\/2020\/07\/2af084db-14e0-4674-a1a5-7ea89d39e1a3-150x150.jpg 150w, https:\/\/informelitoral.com.ar\/%77%70%2d%63%6f%6e%74%65%6e%74\/uploads\/2020\/07\/2af084db-14e0-4674-a1a5-7ea89d39e1a3-768x768.jpg 768w, https:\/\/informelitoral.com.ar\/%77%70%2d%63%6f%6e%74%65%6e%74\/uploads\/2020\/07\/2af084db-14e0-4674-a1a5-7ea89d39e1a3-696x696.jpg 696w, https:\/\/informelitoral.com.ar\/%77%70%2d%63%6f%6e%74%65%6e%74\/uploads\/2020\/07\/2af084db-14e0-4674-a1a5-7ea89d39e1a3-1068x1068.jpg 1068w, https:\/\/informelitoral.com.ar\/%77%70%2d%63%6f%6e%74%65%6e%74\/uploads\/2020\/07\/2af084db-14e0-4674-a1a5-7ea89d39e1a3-420x420.jpg 420w, https:\/\/informelitoral.com.ar\/%77%70%2d%63%6f%6e%74%65%6e%74\/uploads\/2020\/07\/2af084db-14e0-4674-a1a5-7ea89d39e1a3.jpg 1280w\" sizes=\"auto, (max-width: 696px) 100vw, 696px\" \/><\/a><\/p>\n","protected":false},"excerpt":{"rendered":"<p>Lo hicieron en el marco de la presentaci\u00f3n de las nuevas autoridades del partido. \u00abUn Estado presente como el que hoy conduce Alberto Fern\u00e1ndez hace la diferencia\u00bb, destacaron. <\/p>\n","protected":false},"author":2,"featured_media":46755,"comment_status":"open","ping_status":"open","sticky":false,"template":"","format":"standard","meta":{"fifu_image_url":"","fifu_image_alt":"","footnotes":""},"categories":[16],"tags":[1267],"class_list":{"0":"post-46751","1":"post","2":"type-post","3":"status-publish","4":"format-standard","5":"has-post-thumbnail","7":"category-politi","8":"tag-forja"},"yoast_head":"<title>Desde Forja reiteran su apoyo a Alberto Fern\u00e1ndez y Gustavo Bordet - Informe Litoral<\/title>\n<meta name=\"robots\" content=\"index, follow, max-snippet:-1, max-image-preview:large, max-video-preview:-1\" \/>\n<link rel=\"canonical\" href=\"https:\/\/informelitoral.com.ar\/desde-forja-reiteran-su-apoyo-a-alberto-fernandez-y-gustavo-bordet\/\" \/>\n<meta property=\"og:locale\" content=\"es_ES\" \/>\n<meta property=\"og:type\" content=\"article\" \/>\n<meta property=\"og:title\" content=\"Desde Forja reiteran su apoyo a Alberto Fern\u00e1ndez y Gustavo Bordet - Informe Litoral\" \/>\n<meta property=\"og:description\" content=\"Lo hicieron en el marco de la presentaci\u00f3n de las nuevas autoridades del partido. &quot;Un Estado presente como el que hoy conduce Alberto Fern\u00e1ndez hace la diferencia&quot;, destacaron.\" \/>\n<meta property=\"og:url\" content=\"https:\/\/informelitoral.com.ar\/desde-forja-reiteran-su-apoyo-a-alberto-fernandez-y-gustavo-bordet\/\" \/>\n<meta property=\"og:site_name\" content=\"Informe Litoral\" \/>\n<meta property=\"article:publisher\" content=\"https:\/\/www.facebook.com\/informelitoral\/\" \/>\n<meta property=\"article:published_time\" content=\"2020-07-31T01:19:00+00:00\" \/>\n<meta property=\"article:modified_time\" content=\"2020-07-31T01:44:50+00:00\" \/>\n<meta property=\"og:image\" content=\"https:\/\/informelitoral.com.ar\/%77%70%2d%63%6f%6e%74%65%6e%74\/uploads\/2020\/07\/602c611d-0489-4620-9f4c-7b76702d6e99.jpg\" \/>\n\t<meta property=\"og:image:width\" content=\"376\" \/>\n\t<meta property=\"og:image:height\" content=\"376\" \/>\n\t<meta property=\"og:image:type\" content=\"image\/jpeg\" \/>\n<meta name=\"author\" content=\"Gonzalo Schmidt\" \/>\n<meta name=\"twitter:card\" content=\"summary_large_image\" \/>\n<meta name=\"twitter:creator\" content=\"@InformeLitoral\" \/>\n<meta name=\"twitter:site\" content=\"@InformeLitoral\" \/>\n<meta name=\"twitter:label1\" content=\"Escrito por\" \/>\n\t<meta name=\"twitter:data1\" content=\"Gonzalo Schmidt\" \/>\n\t<meta name=\"twitter:label2\" content=\"Tiempo de lectura\" \/>\n\t<meta name=\"twitter:data2\" content=\"1 minuto\" \/>\n<script type=\"application\/ld+json\" class=\"yoast-schema-graph\">{\"@context\":\"https:\\\/\\\/schema.org\",\"@graph\":[{\"@type\":\"Article\",\"@id\":\"https:\\\/\\\/informelitoral.com.ar\\\/desde-forja-reiteran-su-apoyo-a-alberto-fernandez-y-gustavo-bordet\\\/#article\",\"isPartOf\":{\"@id\":\"https:\\\/\\\/informelitoral.com.ar\\\/desde-forja-reiteran-su-apoyo-a-alberto-fernandez-y-gustavo-bordet\\\/\"},\"author\":{\"name\":\"Gonzalo Schmidt\",\"@id\":\"https:\\\/\\\/informelitoral.com.ar\\\/#\\\/schema\\\/person\\\/b9d00407c836482871ef1d57bf8e3180\"},\"headline\":\"Desde Forja reiteran su apoyo a Alberto Fern\u00e1ndez y Gustavo Bordet\",\"datePublished\":\"2020-07-31T01:19:00+00:00\",\"dateModified\":\"2020-07-31T01:44:50+00:00\",\"mainEntityOfPage\":{\"@id\":\"https:\\\/\\\/informelitoral.com.ar\\\/desde-forja-reiteran-su-apoyo-a-alberto-fernandez-y-gustavo-bordet\\\/\"},\"wordCount\":291,\"commentCount\":0,\"publisher\":{\"@id\":\"https:\\\/\\\/informelitoral.com.ar\\\/#organization\"},\"image\":{\"@id\":\"https:\\\/\\\/informelitoral.com.ar\\\/desde-forja-reiteran-su-apoyo-a-alberto-fernandez-y-gustavo-bordet\\\/#primaryimage\"},\"thumbnailUrl\":\"https:\\\/\\\/informelitoral.com.ar\\\/%77%70%2d%63%6f%6e%74%65%6e%74\\\/uploads\\\/2020\\\/07\\\/602c611d-0489-4620-9f4c-7b76702d6e99.jpg\",\"keywords\":[\"Forja\"],\"articleSection\":[\"Politica\"],\"inLanguage\":\"es\",\"potentialAction\":[{\"@type\":\"CommentAction\",\"name\":\"Comment\",\"target\":[\"https:\\\/\\\/informelitoral.com.ar\\\/desde-forja-reiteran-su-apoyo-a-alberto-fernandez-y-gustavo-bordet\\\/#respond\"]}]},{\"@type\":\"WebPage\",\"@id\":\"https:\\\/\\\/informelitoral.com.ar\\\/desde-forja-reiteran-su-apoyo-a-alberto-fernandez-y-gustavo-bordet\\\/\",\"url\":\"https:\\\/\\\/informelitoral.com.ar\\\/desde-forja-reiteran-su-apoyo-a-alberto-fernandez-y-gustavo-bordet\\\/\",\"name\":\"Desde Forja reiteran su apoyo a Alberto Fern\u00e1ndez y Gustavo Bordet - Informe Litoral\",\"isPartOf\":{\"@id\":\"https:\\\/\\\/informelitoral.com.ar\\\/#website\"},\"primaryImageOfPage\":{\"@id\":\"https:\\\/\\\/informelitoral.com.ar\\\/desde-forja-reiteran-su-apoyo-a-alberto-fernandez-y-gustavo-bordet\\\/#primaryimage\"},\"image\":{\"@id\":\"https:\\\/\\\/informelitoral.com.ar\\\/desde-forja-reiteran-su-apoyo-a-alberto-fernandez-y-gustavo-bordet\\\/#primaryimage\"},\"thumbnailUrl\":\"https:\\\/\\\/informelitoral.com.ar\\\/%77%70%2d%63%6f%6e%74%65%6e%74\\\/uploads\\\/2020\\\/07\\\/602c611d-0489-4620-9f4c-7b76702d6e99.jpg\",\"datePublished\":\"2020-07-31T01:19:00+00:00\",\"dateModified\":\"2020-07-31T01:44:50+00:00\",\"breadcrumb\":{\"@id\":\"https:\\\/\\\/informelitoral.com.ar\\\/desde-forja-reiteran-su-apoyo-a-alberto-fernandez-y-gustavo-bordet\\\/#breadcrumb\"},\"inLanguage\":\"es\",\"potentialAction\":[{\"@type\":\"ReadAction\",\"target\":[\"https:\\\/\\\/informelitoral.com.ar\\\/desde-forja-reiteran-su-apoyo-a-alberto-fernandez-y-gustavo-bordet\\\/\"]}]},{\"@type\":\"ImageObject\",\"inLanguage\":\"es\",\"@id\":\"https:\\\/\\\/informelitoral.com.ar\\\/desde-forja-reiteran-su-apoyo-a-alberto-fernandez-y-gustavo-bordet\\\/#primaryimage\",\"url\":\"https:\\\/\\\/informelitoral.com.ar\\\/%77%70%2d%63%6f%6e%74%65%6e%74\\\/uploads\\\/2020\\\/07\\\/602c611d-0489-4620-9f4c-7b76702d6e99.jpg\",\"contentUrl\":\"https:\\\/\\\/informelitoral.com.ar\\\/%77%70%2d%63%6f%6e%74%65%6e%74\\\/uploads\\\/2020\\\/07\\\/602c611d-0489-4620-9f4c-7b76702d6e99.jpg\",\"width\":376,\"height\":376},{\"@type\":\"BreadcrumbList\",\"@id\":\"https:\\\/\\\/informelitoral.com.ar\\\/desde-forja-reiteran-su-apoyo-a-alberto-fernandez-y-gustavo-bordet\\\/#breadcrumb\",\"itemListElement\":[{\"@type\":\"ListItem\",\"position\":1,\"name\":\"Portada\",\"item\":\"https:\\\/\\\/informelitoral.com.ar\\\/\"},{\"@type\":\"ListItem\",\"position\":2,\"name\":\"Desde Forja reiteran su apoyo a Alberto Fern\u00e1ndez y Gustavo Bordet\"}]},{\"@type\":\"WebSite\",\"@id\":\"https:\\\/\\\/informelitoral.com.ar\\\/#website\",\"url\":\"https:\\\/\\\/informelitoral.com.ar\\\/\",\"name\":\"Informe Litoral\",\"description\":\"&quot;Nos informamos&quot; \",\"publisher\":{\"@id\":\"https:\\\/\\\/informelitoral.com.ar\\\/#organization\"},\"potentialAction\":[{\"@type\":\"SearchAction\",\"target\":{\"@type\":\"EntryPoint\",\"urlTemplate\":\"https:\\\/\\\/informelitoral.com.ar\\\/?s={search_term_string}\"},\"query-input\":{\"@type\":\"PropertyValueSpecification\",\"valueRequired\":true,\"valueName\":\"search_term_string\"}}],\"inLanguage\":\"es\"},{\"@type\":\"Organization\",\"@id\":\"https:\\\/\\\/informelitoral.com.ar\\\/#organization\",\"name\":\"Informe Litoral\",\"url\":\"https:\\\/\\\/informelitoral.com.ar\\\/\",\"logo\":{\"@type\":\"ImageObject\",\"inLanguage\":\"es\",\"@id\":\"https:\\\/\\\/informelitoral.com.ar\\\/#\\\/schema\\\/logo\\\/image\\\/\",\"url\":\"https:\\\/\\\/informelitoral.com.ar\\\/%77%70%2d%63%6f%6e%74%65%6e%74\\\/uploads\\\/2021\\\/01\\\/circulo.png\",\"contentUrl\":\"https:\\\/\\\/informelitoral.com.ar\\\/%77%70%2d%63%6f%6e%74%65%6e%74\\\/uploads\\\/2021\\\/01\\\/circulo.png\",\"width\":723,\"height\":731,\"caption\":\"Informe Litoral\"},\"image\":{\"@id\":\"https:\\\/\\\/informelitoral.com.ar\\\/#\\\/schema\\\/logo\\\/image\\\/\"},\"sameAs\":[\"https:\\\/\\\/www.facebook.com\\\/informelitoral\\\/\",\"https:\\\/\\\/x.com\\\/InformeLitoral\",\"https:\\\/\\\/www.instagram.com\\\/informelitoral\\\/\",\"https:\\\/\\\/www.youtube.com\\\/channel\\\/UCua4Qvz8Icb6MYqhoq9xLXw\"]},{\"@type\":\"Person\",\"@id\":\"https:\\\/\\\/informelitoral.com.ar\\\/#\\\/schema\\\/person\\\/b9d00407c836482871ef1d57bf8e3180\",\"name\":\"Gonzalo Schmidt\",\"image\":{\"@type\":\"ImageObject\",\"inLanguage\":\"es\",\"@id\":\"https:\\\/\\\/secure.gravatar.com\\\/avatar\\\/31a1a7b66ff2de83bd0e9fd79d026630d2d99e55e8bfe501287647b4fd9743de?s=96&d=mm&r=g\",\"url\":\"https:\\\/\\\/secure.gravatar.com\\\/avatar\\\/31a1a7b66ff2de83bd0e9fd79d026630d2d99e55e8bfe501287647b4fd9743de?s=96&d=mm&r=g\",\"contentUrl\":\"https:\\\/\\\/secure.gravatar.com\\\/avatar\\\/31a1a7b66ff2de83bd0e9fd79d026630d2d99e55e8bfe501287647b4fd9743de?s=96&d=mm&r=g\",\"caption\":\"Gonzalo Schmidt\"},\"description\":\"Sitio web de noticias de la provincia de Entre R\u00edos, Argentina. Informaci\u00f3n y entretenimiento. Informe Litoral, nos informamos.\",\"sameAs\":[\"http:\\\/\\\/www.isletasnoticias.com.ar\"],\"url\":\"https:\\\/\\\/informelitoral.com.ar\\\/author\\\/gonzalo\\\/\"}]}<\/script>","yoast_head_json":{"title":"Desde Forja reiteran su apoyo a Alberto Fern\u00e1ndez y Gustavo Bordet - Informe Litoral","robots":{"index":"index","follow":"follow","max-snippet":"max-snippet:-1","max-image-preview":"max-image-preview:large","max-video-preview":"max-video-preview:-1"},"canonical":"https:\/\/informelitoral.com.ar\/desde-forja-reiteran-su-apoyo-a-alberto-fernandez-y-gustavo-bordet\/","og_locale":"es_ES","og_type":"article","og_title":"Desde Forja reiteran su apoyo a Alberto Fern\u00e1ndez y Gustavo Bordet - Informe Litoral","og_description":"Lo hicieron en el marco de la presentaci\u00f3n de las nuevas autoridades del partido. \"Un Estado presente como el que hoy conduce Alberto Fern\u00e1ndez hace la diferencia\", destacaron.","og_url":"https:\/\/informelitoral.com.ar\/desde-forja-reiteran-su-apoyo-a-alberto-fernandez-y-gustavo-bordet\/","og_site_name":"Informe Litoral","article_publisher":"https:\/\/www.facebook.com\/informelitoral\/","article_published_time":"2020-07-31T01:19:00+00:00","article_modified_time":"2020-07-31T01:44:50+00:00","og_image":[{"width":376,"height":376,"url":"https:\/\/informelitoral.com.ar\/%77%70%2d%63%6f%6e%74%65%6e%74\/uploads\/2020\/07\/602c611d-0489-4620-9f4c-7b76702d6e99.jpg","type":"image\/jpeg"}],"author":"Gonzalo Schmidt","twitter_card":"summary_large_image","twitter_creator":"@InformeLitoral","twitter_site":"@InformeLitoral","twitter_misc":{"Escrito por":"Gonzalo Schmidt","Tiempo de lectura":"1 minuto"},"schema":{"@context":"https:\/\/schema.org","@graph":[{"@type":"Article","@id":"https:\/\/informelitoral.com.ar\/desde-forja-reiteran-su-apoyo-a-alberto-fernandez-y-gustavo-bordet\/#article","isPartOf":{"@id":"https:\/\/informelitoral.com.ar\/desde-forja-reiteran-su-apoyo-a-alberto-fernandez-y-gustavo-bordet\/"},"author":{"name":"Gonzalo Schmidt","@id":"https:\/\/informelitoral.com.ar\/#\/schema\/person\/b9d00407c836482871ef1d57bf8e3180"},"headline":"Desde Forja reiteran su apoyo a Alberto Fern\u00e1ndez y Gustavo Bordet","datePublished":"2020-07-31T01:19:00+00:00","dateModified":"2020-07-31T01:44:50+00:00","mainEntityOfPage":{"@id":"https:\/\/informelitoral.com.ar\/desde-forja-reiteran-su-apoyo-a-alberto-fernandez-y-gustavo-bordet\/"},"wordCount":291,"commentCount":0,"publisher":{"@id":"https:\/\/informelitoral.com.ar\/#organization"},"image":{"@id":"https:\/\/informelitoral.com.ar\/desde-forja-reiteran-su-apoyo-a-alberto-fernandez-y-gustavo-bordet\/#primaryimage"},"thumbnailUrl":"https:\/\/informelitoral.com.ar\/%77%70%2d%63%6f%6e%74%65%6e%74\/uploads\/2020\/07\/602c611d-0489-4620-9f4c-7b76702d6e99.jpg","keywords":["Forja"],"articleSection":["Politica"],"inLanguage":"es","potentialAction":[{"@type":"CommentAction","name":"Comment","target":["https:\/\/informelitoral.com.ar\/desde-forja-reiteran-su-apoyo-a-alberto-fernandez-y-gustavo-bordet\/#respond"]}]},{"@type":"WebPage","@id":"https:\/\/informelitoral.com.ar\/desde-forja-reiteran-su-apoyo-a-alberto-fernandez-y-gustavo-bordet\/","url":"https:\/\/informelitoral.com.ar\/desde-forja-reiteran-su-apoyo-a-alberto-fernandez-y-gustavo-bordet\/","name":"Desde Forja reiteran su apoyo a Alberto Fern\u00e1ndez y Gustavo Bordet - Informe Litoral","isPartOf":{"@id":"https:\/\/informelitoral.com.ar\/#website"},"primaryImageOfPage":{"@id":"https:\/\/informelitoral.com.ar\/desde-forja-reiteran-su-apoyo-a-alberto-fernandez-y-gustavo-bordet\/#primaryimage"},"image":{"@id":"https:\/\/informelitoral.com.ar\/desde-forja-reiteran-su-apoyo-a-alberto-fernandez-y-gustavo-bordet\/#primaryimage"},"thumbnailUrl":"https:\/\/informelitoral.com.ar\/%77%70%2d%63%6f%6e%74%65%6e%74\/uploads\/2020\/07\/602c611d-0489-4620-9f4c-7b76702d6e99.jpg","datePublished":"2020-07-31T01:19:00+00:00","dateModified":"2020-07-31T01:44:50+00:00","breadcrumb":{"@id":"https:\/\/informelitoral.com.ar\/desde-forja-reiteran-su-apoyo-a-alberto-fernandez-y-gustavo-bordet\/#breadcrumb"},"inLanguage":"es","potentialAction":[{"@type":"ReadAction","target":["https:\/\/informelitoral.com.ar\/desde-forja-reiteran-su-apoyo-a-alberto-fernandez-y-gustavo-bordet\/"]}]},{"@type":"ImageObject","inLanguage":"es","@id":"https:\/\/informelitoral.com.ar\/desde-forja-reiteran-su-apoyo-a-alberto-fernandez-y-gustavo-bordet\/#primaryimage","url":"https:\/\/informelitoral.com.ar\/%77%70%2d%63%6f%6e%74%65%6e%74\/uploads\/2020\/07\/602c611d-0489-4620-9f4c-7b76702d6e99.jpg","contentUrl":"https:\/\/informelitoral.com.ar\/%77%70%2d%63%6f%6e%74%65%6e%74\/uploads\/2020\/07\/602c611d-0489-4620-9f4c-7b76702d6e99.jpg","width":376,"height":376},{"@type":"BreadcrumbList","@id":"https:\/\/informelitoral.com.ar\/desde-forja-reiteran-su-apoyo-a-alberto-fernandez-y-gustavo-bordet\/#breadcrumb","itemListElement":[{"@type":"ListItem","position":1,"name":"Portada","item":"https:\/\/informelitoral.com.ar\/"},{"@type":"ListItem","position":2,"name":"Desde Forja reiteran su apoyo a Alberto Fern\u00e1ndez y Gustavo Bordet"}]},{"@type":"WebSite","@id":"https:\/\/informelitoral.com.ar\/#website","url":"https:\/\/informelitoral.com.ar\/","name":"Informe Litoral","description":"&quot;Nos informamos&quot; ","publisher":{"@id":"https:\/\/informelitoral.com.ar\/#organization"},"potentialAction":[{"@type":"SearchAction","target":{"@type":"EntryPoint","urlTemplate":"https:\/\/informelitoral.com.ar\/?s={search_term_string}"},"query-input":{"@type":"PropertyValueSpecification","valueRequired":true,"valueName":"search_term_string"}}],"inLanguage":"es"},{"@type":"Organization","@id":"https:\/\/informelitoral.com.ar\/#organization","name":"Informe Litoral","url":"https:\/\/informelitoral.com.ar\/","logo":{"@type":"ImageObject","inLanguage":"es","@id":"https:\/\/informelitoral.com.ar\/#\/schema\/logo\/image\/","url":"https:\/\/informelitoral.com.ar\/%77%70%2d%63%6f%6e%74%65%6e%74\/uploads\/2021\/01\/circulo.png","contentUrl":"https:\/\/informelitoral.com.ar\/%77%70%2d%63%6f%6e%74%65%6e%74\/uploads\/2021\/01\/circulo.png","width":723,"height":731,"caption":"Informe Litoral"},"image":{"@id":"https:\/\/informelitoral.com.ar\/#\/schema\/logo\/image\/"},"sameAs":["https:\/\/www.facebook.com\/informelitoral\/","https:\/\/x.com\/InformeLitoral","https:\/\/www.instagram.com\/informelitoral\/","https:\/\/www.youtube.com\/channel\/UCua4Qvz8Icb6MYqhoq9xLXw"]},{"@type":"Person","@id":"https:\/\/informelitoral.com.ar\/#\/schema\/person\/b9d00407c836482871ef1d57bf8e3180","name":"Gonzalo Schmidt","image":{"@type":"ImageObject","inLanguage":"es","@id":"https:\/\/secure.gravatar.com\/avatar\/31a1a7b66ff2de83bd0e9fd79d026630d2d99e55e8bfe501287647b4fd9743de?s=96&d=mm&r=g","url":"https:\/\/secure.gravatar.com\/avatar\/31a1a7b66ff2de83bd0e9fd79d026630d2d99e55e8bfe501287647b4fd9743de?s=96&d=mm&r=g","contentUrl":"https:\/\/secure.gravatar.com\/avatar\/31a1a7b66ff2de83bd0e9fd79d026630d2d99e55e8bfe501287647b4fd9743de?s=96&d=mm&r=g","caption":"Gonzalo Schmidt"},"description":"Sitio web de noticias de la provincia de Entre R\u00edos, Argentina. Informaci\u00f3n y entretenimiento. Informe Litoral, nos informamos.","sameAs":["http:\/\/www.isletasnoticias.com.ar"],"url":"https:\/\/informelitoral.com.ar\/author\/gonzalo\/"}]}},"_links":{"self":[{"href":"https:\/\/informelitoral.com.ar\/%77%70%2d%6a%73%6f%6e\/wp\/v2\/posts\/46751","targetHints":{"allow":["GET"]}}],"collection":[{"href":"https:\/\/informelitoral.com.ar\/%77%70%2d%6a%73%6f%6e\/wp\/v2\/posts"}],"about":[{"href":"https:\/\/informelitoral.com.ar\/%77%70%2d%6a%73%6f%6e\/wp\/v2\/types\/post"}],"author":[{"embeddable":true,"href":"https:\/\/informelitoral.com.ar\/%77%70%2d%6a%73%6f%6e\/wp\/v2\/users\/2"}],"replies":[{"embeddable":true,"href":"https:\/\/informelitoral.com.ar\/%77%70%2d%6a%73%6f%6e\/wp\/v2\/comments?post=46751"}],"version-history":[{"count":0,"href":"https:\/\/informelitoral.com.ar\/%77%70%2d%6a%73%6f%6e\/wp\/v2\/posts\/46751\/revisions"}],"wp:featuredmedia":[{"embeddable":true,"href":"https:\/\/informelitoral.com.ar\/%77%70%2d%6a%73%6f%6e\/wp\/v2\/media\/46755"}],"wp:attachment":[{"href":"https:\/\/informelitoral.com.ar\/%77%70%2d%6a%73%6f%6e\/wp\/v2\/media?parent=46751"}],"wp:term":[{"taxonomy":"category","embeddable":true,"href":"https:\/\/informelitoral.com.ar\/%77%70%2d%6a%73%6f%6e\/wp\/v2\/categories?post=46751"},{"taxonomy":"post_tag","embeddable":true,"href":"https:\/\/informelitoral.com.ar\/%77%70%2d%6a%73%6f%6e\/wp\/v2\/tags?post=46751"}],"curies":[{"name":"wp","href":"https:\/\/api.w.org\/{rel}","templated":true}]}}