{"id":4674,"date":"2013-12-12T19:43:34","date_gmt":"2013-12-12T22:43:34","guid":{"rendered":"http:\/\/www.isletasnoticias.com.ar\/?p=4674"},"modified":"2013-12-12T19:46:44","modified_gmt":"2013-12-12T22:46:44","slug":"diamante-continuan-las-protestas-de-los-trabajadores-de-la-salud-y-el-lunes-iran-a-la-municipalidad","status":"publish","type":"post","link":"https:\/\/informelitoral.com.ar\/diamante-continuan-las-protestas-de-los-trabajadores-de-la-salud-y-el-lunes-iran-a-la-municipalidad\/","title":{"rendered":"Diamante: contin\u00faan las protestas de los trabajadores de la salud y el lunes ir\u00e1n a la municipalidad"},"content":{"rendered":"<p><strong>Los empleados del los Hospitales San Jos\u00e9 y Colonia de Salud Mental se volvieron a manifestar, pidiendo un salario digno.<\/strong><\/p>\n<p><a style=\"text-align: center;\" href=\"http:\/\/www.isletasnoticias.com.ar\/%77%70%2d%63%6f%6e%74%65%6e%74\/uploads\/2013\/12\/20131212TrabajadoresDeSalud.jpg\"><img loading=\"lazy\" decoding=\"async\" class=\"size-medium wp-image-4675 aligncenter\" alt=\"20131212TrabajadoresDeSalud\" src=\"http:\/\/www.isletasnoticias.com.ar\/%77%70%2d%63%6f%6e%74%65%6e%74\/uploads\/2013\/12\/20131212TrabajadoresDeSalud-300x225.jpg\" width=\"300\" height=\"225\" srcset=\"https:\/\/informelitoral.com.ar\/%77%70%2d%63%6f%6e%74%65%6e%74\/uploads\/2013\/12\/20131212TrabajadoresDeSalud-300x225.jpg 300w, https:\/\/informelitoral.com.ar\/%77%70%2d%63%6f%6e%74%65%6e%74\/uploads\/2013\/12\/20131212TrabajadoresDeSalud-1024x768.jpg 1024w, https:\/\/informelitoral.com.ar\/%77%70%2d%63%6f%6e%74%65%6e%74\/uploads\/2013\/12\/20131212TrabajadoresDeSalud.jpg 1224w\" sizes=\"auto, (max-width: 300px) 100vw, 300px\" \/><\/a>Durante la\u00a0ma\u00f1ana de este jueves, los empleados del Hospital San Jos\u00e9 de Diamante, comenzaron la jornada rodeando al nosocomio en reclamo de un salario digno. En la manifestaci\u00f3n se hizo presente el director dr. <strong>Julio Ch\u00e9mez<\/strong>, mostrando su apoyo en el reclamo de los trabajadores.<\/p>\n<p>A las 10:00, los empleados del Hospital Colonia tambi\u00e9n se hicieron escuchar en este d\u00eda de asamblea, donde reclamaron mejoras salariales, con c\u00e1nticos y la presencia de los delegados de ATE.<\/p>\n<p style=\"text-align: left;\">Una trabajadora del Hospital San Jos\u00e9, comento a\u00a0<em>Neo Net Music<\/em>, que el lunes a partir de las 18:00, se movilizar\u00e1n por la ciudad hasta llegar frente al palacio municipal, \u00abpara hacer sentir con m\u00e1s fuerza el reclamo y ver si las autoridades locales pueden hacer llegar el petitorio al gobierno provincial\u00bb, indic\u00f3 el sitio de noticias diamantino.<\/p>\n","protected":false},"excerpt":{"rendered":"<p>Los empleados del los Hospitales San Jos&eacute; y Colonia de Salud Mental se volvieron a manifestar, pidiendo un salario digno. Durante la&nbsp;ma&ntilde;ana de este jueves, los empleados del Hospital San Jos&eacute; de Diamante, comenzaron la jornada rodeando al nosocomio en reclamo de un salario digno. En la manifestaci&oacute;n se hizo presente el director dr. Julio [&hellip;]<\/p>\n","protected":false},"author":2,"featured_media":0,"comment_status":"open","ping_status":"open","sticky":false,"template":"","format":"standard","meta":{"fifu_image_url":"","fifu_image_alt":"","footnotes":""},"categories":[5],"tags":[],"class_list":{"0":"post-4674","1":"post","2":"type-post","3":"status-publish","4":"format-standard","6":"category-zonales"},"yoast_head":"<title>Diamante: contin\u00faan las protestas de los trabajadores de la salud y el lunes ir\u00e1n a la municipalidad - Informe Litoral<\/title>\n<meta name=\"robots\" content=\"index, follow, max-snippet:-1, max-image-preview:large, max-video-preview:-1\" \/>\n<link rel=\"canonical\" href=\"https:\/\/informelitoral.com.ar\/diamante-continuan-las-protestas-de-los-trabajadores-de-la-salud-y-el-lunes-iran-a-la-municipalidad\/\" \/>\n<meta property=\"og:locale\" content=\"es_ES\" \/>\n<meta property=\"og:type\" content=\"article\" \/>\n<meta property=\"og:title\" content=\"Diamante: contin\u00faan las protestas de los trabajadores de la salud y el lunes ir\u00e1n a la municipalidad - Informe Litoral\" \/>\n<meta property=\"og:description\" content=\"Los empleados del los Hospitales San Jos&eacute; y Colonia de Salud Mental se volvieron a manifestar, pidiendo un salario digno. Durante la&nbsp;ma&ntilde;ana de este jueves, los empleados del Hospital San Jos&eacute; de Diamante, comenzaron la jornada rodeando al nosocomio en reclamo de un salario digno. En la manifestaci&oacute;n se hizo presente el director dr. Julio [&hellip;]\" \/>\n<meta property=\"og:url\" content=\"https:\/\/informelitoral.com.ar\/diamante-continuan-las-protestas-de-los-trabajadores-de-la-salud-y-el-lunes-iran-a-la-municipalidad\/\" \/>\n<meta property=\"og:site_name\" content=\"Informe Litoral\" \/>\n<meta property=\"article:publisher\" content=\"https:\/\/www.facebook.com\/informelitoral\/\" \/>\n<meta property=\"article:published_time\" content=\"2013-12-12T22:43:34+00:00\" \/>\n<meta property=\"article:modified_time\" content=\"2013-12-12T22:46:44+00:00\" \/>\n<meta property=\"og:image\" content=\"https:\/\/informelitoral.com.ar\/%77%70%2d%63%6f%6e%74%65%6e%74\/uploads\/2013\/12\/20131212TrabajadoresDeSalud.jpg\" \/>\n\t<meta property=\"og:image:width\" content=\"1224\" \/>\n\t<meta property=\"og:image:height\" content=\"918\" \/>\n\t<meta property=\"og:image:type\" content=\"image\/jpeg\" \/>\n<meta name=\"author\" content=\"Gonzalo Schmidt\" \/>\n<meta name=\"twitter:card\" content=\"summary_large_image\" \/>\n<meta name=\"twitter:creator\" content=\"@InformeLitoral\" \/>\n<meta name=\"twitter:site\" content=\"@InformeLitoral\" \/>\n<meta name=\"twitter:label1\" content=\"Escrito por\" \/>\n\t<meta name=\"twitter:data1\" content=\"Gonzalo Schmidt\" \/>\n\t<meta name=\"twitter:label2\" content=\"Tiempo de lectura\" \/>\n\t<meta name=\"twitter:data2\" content=\"1 minuto\" \/>\n<script type=\"application\/ld+json\" class=\"yoast-schema-graph\">{\"@context\":\"https:\\\/\\\/schema.org\",\"@graph\":[{\"@type\":\"Article\",\"@id\":\"https:\\\/\\\/informelitoral.com.ar\\\/diamante-continuan-las-protestas-de-los-trabajadores-de-la-salud-y-el-lunes-iran-a-la-municipalidad\\\/#article\",\"isPartOf\":{\"@id\":\"https:\\\/\\\/informelitoral.com.ar\\\/diamante-continuan-las-protestas-de-los-trabajadores-de-la-salud-y-el-lunes-iran-a-la-municipalidad\\\/\"},\"author\":{\"name\":\"Gonzalo Schmidt\",\"@id\":\"https:\\\/\\\/informelitoral.com.ar\\\/#\\\/schema\\\/person\\\/b9d00407c836482871ef1d57bf8e3180\"},\"headline\":\"Diamante: contin\u00faan las protestas de los trabajadores de la salud y el lunes ir\u00e1n a la municipalidad\",\"datePublished\":\"2013-12-12T22:43:34+00:00\",\"dateModified\":\"2013-12-12T22:46:44+00:00\",\"mainEntityOfPage\":{\"@id\":\"https:\\\/\\\/informelitoral.com.ar\\\/diamante-continuan-las-protestas-de-los-trabajadores-de-la-salud-y-el-lunes-iran-a-la-municipalidad\\\/\"},\"wordCount\":180,\"commentCount\":0,\"publisher\":{\"@id\":\"https:\\\/\\\/informelitoral.com.ar\\\/#organization\"},\"image\":{\"@id\":\"https:\\\/\\\/informelitoral.com.ar\\\/diamante-continuan-las-protestas-de-los-trabajadores-de-la-salud-y-el-lunes-iran-a-la-municipalidad\\\/#primaryimage\"},\"thumbnailUrl\":\"http:\\\/\\\/www.isletasnoticias.com.ar\\\/%77%70%2d%63%6f%6e%74%65%6e%74\\\/uploads\\\/2013\\\/12\\\/20131212TrabajadoresDeSalud-300x225.jpg\",\"articleSection\":[\"Departamento Diamante\"],\"inLanguage\":\"es\",\"potentialAction\":[{\"@type\":\"CommentAction\",\"name\":\"Comment\",\"target\":[\"https:\\\/\\\/informelitoral.com.ar\\\/diamante-continuan-las-protestas-de-los-trabajadores-de-la-salud-y-el-lunes-iran-a-la-municipalidad\\\/#respond\"]}]},{\"@type\":\"WebPage\",\"@id\":\"https:\\\/\\\/informelitoral.com.ar\\\/diamante-continuan-las-protestas-de-los-trabajadores-de-la-salud-y-el-lunes-iran-a-la-municipalidad\\\/\",\"url\":\"https:\\\/\\\/informelitoral.com.ar\\\/diamante-continuan-las-protestas-de-los-trabajadores-de-la-salud-y-el-lunes-iran-a-la-municipalidad\\\/\",\"name\":\"Diamante: contin\u00faan las protestas de los trabajadores de la salud y el lunes ir\u00e1n a la municipalidad - Informe Litoral\",\"isPartOf\":{\"@id\":\"https:\\\/\\\/informelitoral.com.ar\\\/#website\"},\"primaryImageOfPage\":{\"@id\":\"https:\\\/\\\/informelitoral.com.ar\\\/diamante-continuan-las-protestas-de-los-trabajadores-de-la-salud-y-el-lunes-iran-a-la-municipalidad\\\/#primaryimage\"},\"image\":{\"@id\":\"https:\\\/\\\/informelitoral.com.ar\\\/diamante-continuan-las-protestas-de-los-trabajadores-de-la-salud-y-el-lunes-iran-a-la-municipalidad\\\/#primaryimage\"},\"thumbnailUrl\":\"http:\\\/\\\/www.isletasnoticias.com.ar\\\/%77%70%2d%63%6f%6e%74%65%6e%74\\\/uploads\\\/2013\\\/12\\\/20131212TrabajadoresDeSalud-300x225.jpg\",\"datePublished\":\"2013-12-12T22:43:34+00:00\",\"dateModified\":\"2013-12-12T22:46:44+00:00\",\"breadcrumb\":{\"@id\":\"https:\\\/\\\/informelitoral.com.ar\\\/diamante-continuan-las-protestas-de-los-trabajadores-de-la-salud-y-el-lunes-iran-a-la-municipalidad\\\/#breadcrumb\"},\"inLanguage\":\"es\",\"potentialAction\":[{\"@type\":\"ReadAction\",\"target\":[\"https:\\\/\\\/informelitoral.com.ar\\\/diamante-continuan-las-protestas-de-los-trabajadores-de-la-salud-y-el-lunes-iran-a-la-municipalidad\\\/\"]}]},{\"@type\":\"ImageObject\",\"inLanguage\":\"es\",\"@id\":\"https:\\\/\\\/informelitoral.com.ar\\\/diamante-continuan-las-protestas-de-los-trabajadores-de-la-salud-y-el-lunes-iran-a-la-municipalidad\\\/#primaryimage\",\"url\":\"http:\\\/\\\/www.isletasnoticias.com.ar\\\/%77%70%2d%63%6f%6e%74%65%6e%74\\\/uploads\\\/2013\\\/12\\\/20131212TrabajadoresDeSalud-300x225.jpg\",\"contentUrl\":\"http:\\\/\\\/www.isletasnoticias.com.ar\\\/%77%70%2d%63%6f%6e%74%65%6e%74\\\/uploads\\\/2013\\\/12\\\/20131212TrabajadoresDeSalud-300x225.jpg\"},{\"@type\":\"BreadcrumbList\",\"@id\":\"https:\\\/\\\/informelitoral.com.ar\\\/diamante-continuan-las-protestas-de-los-trabajadores-de-la-salud-y-el-lunes-iran-a-la-municipalidad\\\/#breadcrumb\",\"itemListElement\":[{\"@type\":\"ListItem\",\"position\":1,\"name\":\"Portada\",\"item\":\"https:\\\/\\\/informelitoral.com.ar\\\/\"},{\"@type\":\"ListItem\",\"position\":2,\"name\":\"Diamante: contin\u00faan las protestas de los trabajadores de la salud y el lunes ir\u00e1n a la municipalidad\"}]},{\"@type\":\"WebSite\",\"@id\":\"https:\\\/\\\/informelitoral.com.ar\\\/#website\",\"url\":\"https:\\\/\\\/informelitoral.com.ar\\\/\",\"name\":\"Informe Litoral\",\"description\":\"&quot;Nos informamos&quot; \",\"publisher\":{\"@id\":\"https:\\\/\\\/informelitoral.com.ar\\\/#organization\"},\"potentialAction\":[{\"@type\":\"SearchAction\",\"target\":{\"@type\":\"EntryPoint\",\"urlTemplate\":\"https:\\\/\\\/informelitoral.com.ar\\\/?s={search_term_string}\"},\"query-input\":{\"@type\":\"PropertyValueSpecification\",\"valueRequired\":true,\"valueName\":\"search_term_string\"}}],\"inLanguage\":\"es\"},{\"@type\":\"Organization\",\"@id\":\"https:\\\/\\\/informelitoral.com.ar\\\/#organization\",\"name\":\"Informe Litoral\",\"url\":\"https:\\\/\\\/informelitoral.com.ar\\\/\",\"logo\":{\"@type\":\"ImageObject\",\"inLanguage\":\"es\",\"@id\":\"https:\\\/\\\/informelitoral.com.ar\\\/#\\\/schema\\\/logo\\\/image\\\/\",\"url\":\"https:\\\/\\\/informelitoral.com.ar\\\/%77%70%2d%63%6f%6e%74%65%6e%74\\\/uploads\\\/2021\\\/01\\\/circulo.png\",\"contentUrl\":\"https:\\\/\\\/informelitoral.com.ar\\\/%77%70%2d%63%6f%6e%74%65%6e%74\\\/uploads\\\/2021\\\/01\\\/circulo.png\",\"width\":723,\"height\":731,\"caption\":\"Informe Litoral\"},\"image\":{\"@id\":\"https:\\\/\\\/informelitoral.com.ar\\\/#\\\/schema\\\/logo\\\/image\\\/\"},\"sameAs\":[\"https:\\\/\\\/www.facebook.com\\\/informelitoral\\\/\",\"https:\\\/\\\/x.com\\\/InformeLitoral\",\"https:\\\/\\\/www.instagram.com\\\/informelitoral\\\/\",\"https:\\\/\\\/www.youtube.com\\\/channel\\\/UCua4Qvz8Icb6MYqhoq9xLXw\"]},{\"@type\":\"Person\",\"@id\":\"https:\\\/\\\/informelitoral.com.ar\\\/#\\\/schema\\\/person\\\/b9d00407c836482871ef1d57bf8e3180\",\"name\":\"Gonzalo Schmidt\",\"image\":{\"@type\":\"ImageObject\",\"inLanguage\":\"es\",\"@id\":\"https:\\\/\\\/secure.gravatar.com\\\/avatar\\\/31a1a7b66ff2de83bd0e9fd79d026630d2d99e55e8bfe501287647b4fd9743de?s=96&d=mm&r=g\",\"url\":\"https:\\\/\\\/secure.gravatar.com\\\/avatar\\\/31a1a7b66ff2de83bd0e9fd79d026630d2d99e55e8bfe501287647b4fd9743de?s=96&d=mm&r=g\",\"contentUrl\":\"https:\\\/\\\/secure.gravatar.com\\\/avatar\\\/31a1a7b66ff2de83bd0e9fd79d026630d2d99e55e8bfe501287647b4fd9743de?s=96&d=mm&r=g\",\"caption\":\"Gonzalo Schmidt\"},\"description\":\"Sitio web de noticias de la provincia de Entre R\u00edos, Argentina. Informaci\u00f3n y entretenimiento. Informe Litoral, nos informamos.\",\"sameAs\":[\"http:\\\/\\\/www.isletasnoticias.com.ar\"],\"url\":\"https:\\\/\\\/informelitoral.com.ar\\\/author\\\/gonzalo\\\/\"}]}<\/script>","yoast_head_json":{"title":"Diamante: contin\u00faan las protestas de los trabajadores de la salud y el lunes ir\u00e1n a la municipalidad - Informe Litoral","robots":{"index":"index","follow":"follow","max-snippet":"max-snippet:-1","max-image-preview":"max-image-preview:large","max-video-preview":"max-video-preview:-1"},"canonical":"https:\/\/informelitoral.com.ar\/diamante-continuan-las-protestas-de-los-trabajadores-de-la-salud-y-el-lunes-iran-a-la-municipalidad\/","og_locale":"es_ES","og_type":"article","og_title":"Diamante: contin\u00faan las protestas de los trabajadores de la salud y el lunes ir\u00e1n a la municipalidad - Informe Litoral","og_description":"Los empleados del los Hospitales San Jos&eacute; y Colonia de Salud Mental se volvieron a manifestar, pidiendo un salario digno. Durante la&nbsp;ma&ntilde;ana de este jueves, los empleados del Hospital San Jos&eacute; de Diamante, comenzaron la jornada rodeando al nosocomio en reclamo de un salario digno. En la manifestaci&oacute;n se hizo presente el director dr. Julio [&hellip;]","og_url":"https:\/\/informelitoral.com.ar\/diamante-continuan-las-protestas-de-los-trabajadores-de-la-salud-y-el-lunes-iran-a-la-municipalidad\/","og_site_name":"Informe Litoral","article_publisher":"https:\/\/www.facebook.com\/informelitoral\/","article_published_time":"2013-12-12T22:43:34+00:00","article_modified_time":"2013-12-12T22:46:44+00:00","og_image":[{"width":1224,"height":918,"url":"https:\/\/informelitoral.com.ar\/%77%70%2d%63%6f%6e%74%65%6e%74\/uploads\/2013\/12\/20131212TrabajadoresDeSalud.jpg","type":"image\/jpeg"}],"author":"Gonzalo Schmidt","twitter_card":"summary_large_image","twitter_creator":"@InformeLitoral","twitter_site":"@InformeLitoral","twitter_misc":{"Escrito por":"Gonzalo Schmidt","Tiempo de lectura":"1 minuto"},"schema":{"@context":"https:\/\/schema.org","@graph":[{"@type":"Article","@id":"https:\/\/informelitoral.com.ar\/diamante-continuan-las-protestas-de-los-trabajadores-de-la-salud-y-el-lunes-iran-a-la-municipalidad\/#article","isPartOf":{"@id":"https:\/\/informelitoral.com.ar\/diamante-continuan-las-protestas-de-los-trabajadores-de-la-salud-y-el-lunes-iran-a-la-municipalidad\/"},"author":{"name":"Gonzalo Schmidt","@id":"https:\/\/informelitoral.com.ar\/#\/schema\/person\/b9d00407c836482871ef1d57bf8e3180"},"headline":"Diamante: contin\u00faan las protestas de los trabajadores de la salud y el lunes ir\u00e1n a la municipalidad","datePublished":"2013-12-12T22:43:34+00:00","dateModified":"2013-12-12T22:46:44+00:00","mainEntityOfPage":{"@id":"https:\/\/informelitoral.com.ar\/diamante-continuan-las-protestas-de-los-trabajadores-de-la-salud-y-el-lunes-iran-a-la-municipalidad\/"},"wordCount":180,"commentCount":0,"publisher":{"@id":"https:\/\/informelitoral.com.ar\/#organization"},"image":{"@id":"https:\/\/informelitoral.com.ar\/diamante-continuan-las-protestas-de-los-trabajadores-de-la-salud-y-el-lunes-iran-a-la-municipalidad\/#primaryimage"},"thumbnailUrl":"http:\/\/www.isletasnoticias.com.ar\/%77%70%2d%63%6f%6e%74%65%6e%74\/uploads\/2013\/12\/20131212TrabajadoresDeSalud-300x225.jpg","articleSection":["Departamento Diamante"],"inLanguage":"es","potentialAction":[{"@type":"CommentAction","name":"Comment","target":["https:\/\/informelitoral.com.ar\/diamante-continuan-las-protestas-de-los-trabajadores-de-la-salud-y-el-lunes-iran-a-la-municipalidad\/#respond"]}]},{"@type":"WebPage","@id":"https:\/\/informelitoral.com.ar\/diamante-continuan-las-protestas-de-los-trabajadores-de-la-salud-y-el-lunes-iran-a-la-municipalidad\/","url":"https:\/\/informelitoral.com.ar\/diamante-continuan-las-protestas-de-los-trabajadores-de-la-salud-y-el-lunes-iran-a-la-municipalidad\/","name":"Diamante: contin\u00faan las protestas de los trabajadores de la salud y el lunes ir\u00e1n a la municipalidad - Informe Litoral","isPartOf":{"@id":"https:\/\/informelitoral.com.ar\/#website"},"primaryImageOfPage":{"@id":"https:\/\/informelitoral.com.ar\/diamante-continuan-las-protestas-de-los-trabajadores-de-la-salud-y-el-lunes-iran-a-la-municipalidad\/#primaryimage"},"image":{"@id":"https:\/\/informelitoral.com.ar\/diamante-continuan-las-protestas-de-los-trabajadores-de-la-salud-y-el-lunes-iran-a-la-municipalidad\/#primaryimage"},"thumbnailUrl":"http:\/\/www.isletasnoticias.com.ar\/%77%70%2d%63%6f%6e%74%65%6e%74\/uploads\/2013\/12\/20131212TrabajadoresDeSalud-300x225.jpg","datePublished":"2013-12-12T22:43:34+00:00","dateModified":"2013-12-12T22:46:44+00:00","breadcrumb":{"@id":"https:\/\/informelitoral.com.ar\/diamante-continuan-las-protestas-de-los-trabajadores-de-la-salud-y-el-lunes-iran-a-la-municipalidad\/#breadcrumb"},"inLanguage":"es","potentialAction":[{"@type":"ReadAction","target":["https:\/\/informelitoral.com.ar\/diamante-continuan-las-protestas-de-los-trabajadores-de-la-salud-y-el-lunes-iran-a-la-municipalidad\/"]}]},{"@type":"ImageObject","inLanguage":"es","@id":"https:\/\/informelitoral.com.ar\/diamante-continuan-las-protestas-de-los-trabajadores-de-la-salud-y-el-lunes-iran-a-la-municipalidad\/#primaryimage","url":"http:\/\/www.isletasnoticias.com.ar\/%77%70%2d%63%6f%6e%74%65%6e%74\/uploads\/2013\/12\/20131212TrabajadoresDeSalud-300x225.jpg","contentUrl":"http:\/\/www.isletasnoticias.com.ar\/%77%70%2d%63%6f%6e%74%65%6e%74\/uploads\/2013\/12\/20131212TrabajadoresDeSalud-300x225.jpg"},{"@type":"BreadcrumbList","@id":"https:\/\/informelitoral.com.ar\/diamante-continuan-las-protestas-de-los-trabajadores-de-la-salud-y-el-lunes-iran-a-la-municipalidad\/#breadcrumb","itemListElement":[{"@type":"ListItem","position":1,"name":"Portada","item":"https:\/\/informelitoral.com.ar\/"},{"@type":"ListItem","position":2,"name":"Diamante: contin\u00faan las protestas de los trabajadores de la salud y el lunes ir\u00e1n a la municipalidad"}]},{"@type":"WebSite","@id":"https:\/\/informelitoral.com.ar\/#website","url":"https:\/\/informelitoral.com.ar\/","name":"Informe Litoral","description":"&quot;Nos informamos&quot; ","publisher":{"@id":"https:\/\/informelitoral.com.ar\/#organization"},"potentialAction":[{"@type":"SearchAction","target":{"@type":"EntryPoint","urlTemplate":"https:\/\/informelitoral.com.ar\/?s={search_term_string}"},"query-input":{"@type":"PropertyValueSpecification","valueRequired":true,"valueName":"search_term_string"}}],"inLanguage":"es"},{"@type":"Organization","@id":"https:\/\/informelitoral.com.ar\/#organization","name":"Informe Litoral","url":"https:\/\/informelitoral.com.ar\/","logo":{"@type":"ImageObject","inLanguage":"es","@id":"https:\/\/informelitoral.com.ar\/#\/schema\/logo\/image\/","url":"https:\/\/informelitoral.com.ar\/%77%70%2d%63%6f%6e%74%65%6e%74\/uploads\/2021\/01\/circulo.png","contentUrl":"https:\/\/informelitoral.com.ar\/%77%70%2d%63%6f%6e%74%65%6e%74\/uploads\/2021\/01\/circulo.png","width":723,"height":731,"caption":"Informe Litoral"},"image":{"@id":"https:\/\/informelitoral.com.ar\/#\/schema\/logo\/image\/"},"sameAs":["https:\/\/www.facebook.com\/informelitoral\/","https:\/\/x.com\/InformeLitoral","https:\/\/www.instagram.com\/informelitoral\/","https:\/\/www.youtube.com\/channel\/UCua4Qvz8Icb6MYqhoq9xLXw"]},{"@type":"Person","@id":"https:\/\/informelitoral.com.ar\/#\/schema\/person\/b9d00407c836482871ef1d57bf8e3180","name":"Gonzalo Schmidt","image":{"@type":"ImageObject","inLanguage":"es","@id":"https:\/\/secure.gravatar.com\/avatar\/31a1a7b66ff2de83bd0e9fd79d026630d2d99e55e8bfe501287647b4fd9743de?s=96&d=mm&r=g","url":"https:\/\/secure.gravatar.com\/avatar\/31a1a7b66ff2de83bd0e9fd79d026630d2d99e55e8bfe501287647b4fd9743de?s=96&d=mm&r=g","contentUrl":"https:\/\/secure.gravatar.com\/avatar\/31a1a7b66ff2de83bd0e9fd79d026630d2d99e55e8bfe501287647b4fd9743de?s=96&d=mm&r=g","caption":"Gonzalo Schmidt"},"description":"Sitio web de noticias de la provincia de Entre R\u00edos, Argentina. Informaci\u00f3n y entretenimiento. Informe Litoral, nos informamos.","sameAs":["http:\/\/www.isletasnoticias.com.ar"],"url":"https:\/\/informelitoral.com.ar\/author\/gonzalo\/"}]}},"_links":{"self":[{"href":"https:\/\/informelitoral.com.ar\/%77%70%2d%6a%73%6f%6e\/wp\/v2\/posts\/4674","targetHints":{"allow":["GET"]}}],"collection":[{"href":"https:\/\/informelitoral.com.ar\/%77%70%2d%6a%73%6f%6e\/wp\/v2\/posts"}],"about":[{"href":"https:\/\/informelitoral.com.ar\/%77%70%2d%6a%73%6f%6e\/wp\/v2\/types\/post"}],"author":[{"embeddable":true,"href":"https:\/\/informelitoral.com.ar\/%77%70%2d%6a%73%6f%6e\/wp\/v2\/users\/2"}],"replies":[{"embeddable":true,"href":"https:\/\/informelitoral.com.ar\/%77%70%2d%6a%73%6f%6e\/wp\/v2\/comments?post=4674"}],"version-history":[{"count":0,"href":"https:\/\/informelitoral.com.ar\/%77%70%2d%6a%73%6f%6e\/wp\/v2\/posts\/4674\/revisions"}],"wp:attachment":[{"href":"https:\/\/informelitoral.com.ar\/%77%70%2d%6a%73%6f%6e\/wp\/v2\/media?parent=4674"}],"wp:term":[{"taxonomy":"category","embeddable":true,"href":"https:\/\/informelitoral.com.ar\/%77%70%2d%6a%73%6f%6e\/wp\/v2\/categories?post=4674"},{"taxonomy":"post_tag","embeddable":true,"href":"https:\/\/informelitoral.com.ar\/%77%70%2d%6a%73%6f%6e\/wp\/v2\/tags?post=4674"}],"curies":[{"name":"wp","href":"https:\/\/api.w.org\/{rel}","templated":true}]}}