{"id":4671,"date":"2013-12-12T12:10:32","date_gmt":"2013-12-12T15:10:32","guid":{"rendered":"http:\/\/www.isletasnoticias.com.ar\/?p=4671"},"modified":"2013-12-12T12:10:32","modified_gmt":"2013-12-12T15:10:32","slug":"ultimatum-de-camioneros-amenazan-con-un-paro-horas-antes-de-las-fiestas-de-fin-de-ano","status":"publish","type":"post","link":"https:\/\/informelitoral.com.ar\/ultimatum-de-camioneros-amenazan-con-un-paro-horas-antes-de-las-fiestas-de-fin-de-ano\/","title":{"rendered":"Ultim\u00e1tum de Camioneros: amenazan con un paro horas antes de las fiestas de fin de a\u00f1o"},"content":{"rendered":"<p><strong>Luego de una reuni\u00f3n en el\u00a0Ministerio de Trabajo, <em>Pablo Moyano<\/em> dijo que si no les pagan\u00a0un bono de fin de a\u00f1o de $4.500\u00a0lanzar\u00e1n\u00a0una huelga nacional en las 18 ramas del sindicato. Suma tensi\u00f3n en una semana conflictiva.<\/strong><\/p>\n<p><img decoding=\"async\" title=\"\" alt=\"\" src=\"http:\/\/cdn01.ib.infobae.com\/adjuntos\/162\/imagenes\/010\/471\/0010471376.jpg\" data-src-s=\"http:\/\/cdn01.ib.infobae.com\/adjuntos\/162\/imagenes\/010\/471\/0010471374.jpg\" data-src-m=\"http:\/\/cdn01.ib.infobae.com\/adjuntos\/162\/imagenes\/010\/471\/0010471375.jpg\" data-src-l=\"http:\/\/cdn01.ib.infobae.com\/adjuntos\/162\/imagenes\/010\/471\/0010471376.jpg\" \/><\/p>\n<p>La discusi\u00f3n con los gremios por el bono navide\u00f1o le gener\u00f3 un nuevo dolor de cabeza al Gobierno. En momentos en que comenz\u00f3 a normalizarse la situaci\u00f3n con las polic\u00edas provinciales,\u00a0el que amenaza con reavivar el fuego es <strong>Hugo Moyano<\/strong>. Su hijo Pablo anunci\u00f3 que el lunes podr\u00edan lanzar una huelga en los 18 ramas de Camioneros horas antes de las fiestas de fin de a\u00f1o.<\/p>\n<div>\n<div>El secretario gremial de Camioneros mantuvo un encuentro en el Ministerio de Trabajo con las c\u00e1maras del sector. All\u00ed se encontr\u00f3 con la negativa a sus reclamos para que los trabajadores de la actividad reciban un pago \u00fanico de fin de a\u00f1o de 4.500 pesos.<\/div>\n<div><\/div>\n<div>\u00abSi no tenemos respuestas en las pr\u00f3ximas horas, el lunes anunciamos el paro nacional. Esto es responsabilidad del Gobierno y de (Jorge) Capitanich que est\u00e1n apretando a los empresarios para que no le paguen un bono a los trabajadores\u00bb, declar\u00f3<strong> Pablo Moyano<\/strong> en la puerta del Ministerio de Trabajo.<\/div>\n<div><\/div>\n<div>En sus conferencias de prensa diarias, el jefe de Gabinete hab\u00eda rechazado la posibilidad de un bono extra para jubilados y trabajadores antes de fin de a\u00f1o.\u00a0Sin embargo, el poder paralizante del gremio de los Moyano es una amenaza que podr\u00eda complicar a\u00fan m\u00e1s un fin de a\u00f1o con mucha tensi\u00f3n en todo el pa\u00eds.<\/div>\n<div><b>\u00a0<\/b><\/div>\n<div>Una huelga nacional de Camioneros podr\u00eda complicar el abastecimiento de alimentos y combustibles en los d\u00edas en que miles de argentinos viajan para reencontrarse con sus familiares. Tambi\u00e9n podr\u00eda afectar el transporte de caudales y otras actividades vitales para la comunicaci\u00f3n.<\/div>\n<div><\/div>\n<div>Los Moyano no fueron los \u00fanicos que se manifestaron a favor de una bonificaci\u00f3n extra de fin de a\u00f1o. El titular de la CGT af\u00edn al Gobierno, Antonio Cal\u00f3, tambi\u00e9n pidi\u00f3 que las c\u00e1maras empresarias sumen una remuneraci\u00f3n extra al habitual medio aguinaldo que se paga d\u00edas antes de las fiestas.<\/div>\n<div><\/div>\n<div>Adem\u00e1s de los reclamos salariales, el Gobierno tendr\u00e1 puesta la mira la semana que viene en las redes sociales, donde desde distintos sectores est\u00e1n convocando a realizar concentraciones el 19 y 20 de diciembre a 12 a\u00f1os del estallido de 2001. Adem\u00e1s, hay grupos marginales que adelantaron que tienen intenciones de realizar saqueos y protagonizar incidentes. A tal efecto, el Ejecutivo arm\u00f3 un comando antisaqueos que volcar\u00e1 custodia especial en determinadas \u00abzonas de riesto\u00bb.<\/div>\n<div><\/div>\n<div>Ante este clima de tensi\u00f3n, la c\u00e1mara que agrupa a los supermercadistas chinos adelant\u00f3 que los negocios no abrir\u00e1n sus puertas los d\u00edas previos a los festejos de fin de a\u00f1o. En las \u00faltimas revueltas, los locales asi\u00e1ticos fueron blanco de varios ataques. (Fuente: Infobae)<\/div>\n<\/div>\n","protected":false},"excerpt":{"rendered":"<p>Luego de una reuni&oacute;n en el&nbsp;Ministerio de Trabajo, Pablo Moyano dijo que si no les pagan&nbsp;un bono de fin de a&ntilde;o de $4.500&nbsp;lanzar&aacute;n&nbsp;una huelga nacional en las 18 ramas del sindicato. Suma tensi&oacute;n en una semana conflictiva. La discusi&oacute;n con los gremios por el bono navide&ntilde;o le gener&oacute; un nuevo dolor de cabeza al Gobierno. [&hellip;]<\/p>\n","protected":false},"author":2,"featured_media":0,"comment_status":"open","ping_status":"open","sticky":false,"template":"","format":"standard","meta":{"fifu_image_url":"","fifu_image_alt":"","footnotes":""},"categories":[7,16],"tags":[],"class_list":{"0":"post-4671","1":"post","2":"type-post","3":"status-publish","4":"format-standard","6":"category-nacionales","7":"category-politi"},"yoast_head":"<title>Ultim\u00e1tum de Camioneros: amenazan con un paro horas antes de las fiestas de fin de a\u00f1o - Informe Litoral<\/title>\n<meta name=\"robots\" content=\"index, follow, max-snippet:-1, max-image-preview:large, max-video-preview:-1\" \/>\n<link rel=\"canonical\" href=\"https:\/\/informelitoral.com.ar\/ultimatum-de-camioneros-amenazan-con-un-paro-horas-antes-de-las-fiestas-de-fin-de-ano\/\" \/>\n<meta property=\"og:locale\" content=\"es_ES\" \/>\n<meta property=\"og:type\" content=\"article\" \/>\n<meta property=\"og:title\" content=\"Ultim\u00e1tum de Camioneros: amenazan con un paro horas antes de las fiestas de fin de a\u00f1o - Informe Litoral\" \/>\n<meta property=\"og:description\" content=\"Luego de una reuni&oacute;n en el&nbsp;Ministerio de Trabajo, Pablo Moyano dijo que si no les pagan&nbsp;un bono de fin de a&ntilde;o de $4.500&nbsp;lanzar&aacute;n&nbsp;una huelga nacional en las 18 ramas del sindicato. Suma tensi&oacute;n en una semana conflictiva. La discusi&oacute;n con los gremios por el bono navide&ntilde;o le gener&oacute; un nuevo dolor de cabeza al Gobierno. [&hellip;]\" \/>\n<meta property=\"og:url\" content=\"https:\/\/informelitoral.com.ar\/ultimatum-de-camioneros-amenazan-con-un-paro-horas-antes-de-las-fiestas-de-fin-de-ano\/\" \/>\n<meta property=\"og:site_name\" content=\"Informe Litoral\" \/>\n<meta property=\"article:publisher\" content=\"https:\/\/www.facebook.com\/informelitoral\/\" \/>\n<meta property=\"article:published_time\" content=\"2013-12-12T15:10:32+00:00\" \/>\n<meta property=\"og:image\" content=\"http:\/\/cdn01.ib.infobae.com\/adjuntos\/162\/imagenes\/010\/471\/0010471376.jpg\" \/>\n<meta name=\"author\" content=\"Gonzalo Schmidt\" \/>\n<meta name=\"twitter:card\" content=\"summary_large_image\" \/>\n<meta name=\"twitter:creator\" content=\"@InformeLitoral\" \/>\n<meta name=\"twitter:site\" content=\"@InformeLitoral\" \/>\n<meta name=\"twitter:label1\" content=\"Escrito por\" \/>\n\t<meta name=\"twitter:data1\" content=\"Gonzalo Schmidt\" \/>\n\t<meta name=\"twitter:label2\" content=\"Tiempo de lectura\" \/>\n\t<meta name=\"twitter:data2\" content=\"3 minutos\" \/>\n<script type=\"application\/ld+json\" class=\"yoast-schema-graph\">{\"@context\":\"https:\\\/\\\/schema.org\",\"@graph\":[{\"@type\":\"Article\",\"@id\":\"https:\\\/\\\/informelitoral.com.ar\\\/ultimatum-de-camioneros-amenazan-con-un-paro-horas-antes-de-las-fiestas-de-fin-de-ano\\\/#article\",\"isPartOf\":{\"@id\":\"https:\\\/\\\/informelitoral.com.ar\\\/ultimatum-de-camioneros-amenazan-con-un-paro-horas-antes-de-las-fiestas-de-fin-de-ano\\\/\"},\"author\":{\"name\":\"Gonzalo Schmidt\",\"@id\":\"https:\\\/\\\/informelitoral.com.ar\\\/#\\\/schema\\\/person\\\/b9d00407c836482871ef1d57bf8e3180\"},\"headline\":\"Ultim\u00e1tum de Camioneros: amenazan con un paro horas antes de las fiestas de fin de a\u00f1o\",\"datePublished\":\"2013-12-12T15:10:32+00:00\",\"mainEntityOfPage\":{\"@id\":\"https:\\\/\\\/informelitoral.com.ar\\\/ultimatum-de-camioneros-amenazan-con-un-paro-horas-antes-de-las-fiestas-de-fin-de-ano\\\/\"},\"wordCount\":523,\"commentCount\":0,\"publisher\":{\"@id\":\"https:\\\/\\\/informelitoral.com.ar\\\/#organization\"},\"image\":{\"@id\":\"https:\\\/\\\/informelitoral.com.ar\\\/ultimatum-de-camioneros-amenazan-con-un-paro-horas-antes-de-las-fiestas-de-fin-de-ano\\\/#primaryimage\"},\"thumbnailUrl\":\"http:\\\/\\\/cdn01.ib.infobae.com\\\/adjuntos\\\/162\\\/imagenes\\\/010\\\/471\\\/0010471376.jpg\",\"articleSection\":[\"Nacionales\",\"Politica\"],\"inLanguage\":\"es\",\"potentialAction\":[{\"@type\":\"CommentAction\",\"name\":\"Comment\",\"target\":[\"https:\\\/\\\/informelitoral.com.ar\\\/ultimatum-de-camioneros-amenazan-con-un-paro-horas-antes-de-las-fiestas-de-fin-de-ano\\\/#respond\"]}]},{\"@type\":\"WebPage\",\"@id\":\"https:\\\/\\\/informelitoral.com.ar\\\/ultimatum-de-camioneros-amenazan-con-un-paro-horas-antes-de-las-fiestas-de-fin-de-ano\\\/\",\"url\":\"https:\\\/\\\/informelitoral.com.ar\\\/ultimatum-de-camioneros-amenazan-con-un-paro-horas-antes-de-las-fiestas-de-fin-de-ano\\\/\",\"name\":\"Ultim\u00e1tum de Camioneros: amenazan con un paro horas antes de las fiestas de fin de a\u00f1o - Informe Litoral\",\"isPartOf\":{\"@id\":\"https:\\\/\\\/informelitoral.com.ar\\\/#website\"},\"primaryImageOfPage\":{\"@id\":\"https:\\\/\\\/informelitoral.com.ar\\\/ultimatum-de-camioneros-amenazan-con-un-paro-horas-antes-de-las-fiestas-de-fin-de-ano\\\/#primaryimage\"},\"image\":{\"@id\":\"https:\\\/\\\/informelitoral.com.ar\\\/ultimatum-de-camioneros-amenazan-con-un-paro-horas-antes-de-las-fiestas-de-fin-de-ano\\\/#primaryimage\"},\"thumbnailUrl\":\"http:\\\/\\\/cdn01.ib.infobae.com\\\/adjuntos\\\/162\\\/imagenes\\\/010\\\/471\\\/0010471376.jpg\",\"datePublished\":\"2013-12-12T15:10:32+00:00\",\"breadcrumb\":{\"@id\":\"https:\\\/\\\/informelitoral.com.ar\\\/ultimatum-de-camioneros-amenazan-con-un-paro-horas-antes-de-las-fiestas-de-fin-de-ano\\\/#breadcrumb\"},\"inLanguage\":\"es\",\"potentialAction\":[{\"@type\":\"ReadAction\",\"target\":[\"https:\\\/\\\/informelitoral.com.ar\\\/ultimatum-de-camioneros-amenazan-con-un-paro-horas-antes-de-las-fiestas-de-fin-de-ano\\\/\"]}]},{\"@type\":\"ImageObject\",\"inLanguage\":\"es\",\"@id\":\"https:\\\/\\\/informelitoral.com.ar\\\/ultimatum-de-camioneros-amenazan-con-un-paro-horas-antes-de-las-fiestas-de-fin-de-ano\\\/#primaryimage\",\"url\":\"http:\\\/\\\/cdn01.ib.infobae.com\\\/adjuntos\\\/162\\\/imagenes\\\/010\\\/471\\\/0010471376.jpg\",\"contentUrl\":\"http:\\\/\\\/cdn01.ib.infobae.com\\\/adjuntos\\\/162\\\/imagenes\\\/010\\\/471\\\/0010471376.jpg\"},{\"@type\":\"BreadcrumbList\",\"@id\":\"https:\\\/\\\/informelitoral.com.ar\\\/ultimatum-de-camioneros-amenazan-con-un-paro-horas-antes-de-las-fiestas-de-fin-de-ano\\\/#breadcrumb\",\"itemListElement\":[{\"@type\":\"ListItem\",\"position\":1,\"name\":\"Portada\",\"item\":\"https:\\\/\\\/informelitoral.com.ar\\\/\"},{\"@type\":\"ListItem\",\"position\":2,\"name\":\"Ultim\u00e1tum de Camioneros: amenazan con un paro horas antes de las fiestas de fin de a\u00f1o\"}]},{\"@type\":\"WebSite\",\"@id\":\"https:\\\/\\\/informelitoral.com.ar\\\/#website\",\"url\":\"https:\\\/\\\/informelitoral.com.ar\\\/\",\"name\":\"Informe Litoral\",\"description\":\"&quot;Nos informamos&quot; \",\"publisher\":{\"@id\":\"https:\\\/\\\/informelitoral.com.ar\\\/#organization\"},\"potentialAction\":[{\"@type\":\"SearchAction\",\"target\":{\"@type\":\"EntryPoint\",\"urlTemplate\":\"https:\\\/\\\/informelitoral.com.ar\\\/?s={search_term_string}\"},\"query-input\":{\"@type\":\"PropertyValueSpecification\",\"valueRequired\":true,\"valueName\":\"search_term_string\"}}],\"inLanguage\":\"es\"},{\"@type\":\"Organization\",\"@id\":\"https:\\\/\\\/informelitoral.com.ar\\\/#organization\",\"name\":\"Informe Litoral\",\"url\":\"https:\\\/\\\/informelitoral.com.ar\\\/\",\"logo\":{\"@type\":\"ImageObject\",\"inLanguage\":\"es\",\"@id\":\"https:\\\/\\\/informelitoral.com.ar\\\/#\\\/schema\\\/logo\\\/image\\\/\",\"url\":\"https:\\\/\\\/informelitoral.com.ar\\\/%77%70%2d%63%6f%6e%74%65%6e%74\\\/uploads\\\/2021\\\/01\\\/circulo.png\",\"contentUrl\":\"https:\\\/\\\/informelitoral.com.ar\\\/%77%70%2d%63%6f%6e%74%65%6e%74\\\/uploads\\\/2021\\\/01\\\/circulo.png\",\"width\":723,\"height\":731,\"caption\":\"Informe Litoral\"},\"image\":{\"@id\":\"https:\\\/\\\/informelitoral.com.ar\\\/#\\\/schema\\\/logo\\\/image\\\/\"},\"sameAs\":[\"https:\\\/\\\/www.facebook.com\\\/informelitoral\\\/\",\"https:\\\/\\\/x.com\\\/InformeLitoral\",\"https:\\\/\\\/www.instagram.com\\\/informelitoral\\\/\",\"https:\\\/\\\/www.youtube.com\\\/channel\\\/UCua4Qvz8Icb6MYqhoq9xLXw\"]},{\"@type\":\"Person\",\"@id\":\"https:\\\/\\\/informelitoral.com.ar\\\/#\\\/schema\\\/person\\\/b9d00407c836482871ef1d57bf8e3180\",\"name\":\"Gonzalo Schmidt\",\"image\":{\"@type\":\"ImageObject\",\"inLanguage\":\"es\",\"@id\":\"https:\\\/\\\/secure.gravatar.com\\\/avatar\\\/31a1a7b66ff2de83bd0e9fd79d026630d2d99e55e8bfe501287647b4fd9743de?s=96&d=mm&r=g\",\"url\":\"https:\\\/\\\/secure.gravatar.com\\\/avatar\\\/31a1a7b66ff2de83bd0e9fd79d026630d2d99e55e8bfe501287647b4fd9743de?s=96&d=mm&r=g\",\"contentUrl\":\"https:\\\/\\\/secure.gravatar.com\\\/avatar\\\/31a1a7b66ff2de83bd0e9fd79d026630d2d99e55e8bfe501287647b4fd9743de?s=96&d=mm&r=g\",\"caption\":\"Gonzalo Schmidt\"},\"description\":\"Sitio web de noticias de la provincia de Entre R\u00edos, Argentina. Informaci\u00f3n y entretenimiento. Informe Litoral, nos informamos.\",\"sameAs\":[\"http:\\\/\\\/www.isletasnoticias.com.ar\"],\"url\":\"https:\\\/\\\/informelitoral.com.ar\\\/author\\\/gonzalo\\\/\"}]}<\/script>","yoast_head_json":{"title":"Ultim\u00e1tum de Camioneros: amenazan con un paro horas antes de las fiestas de fin de a\u00f1o - Informe Litoral","robots":{"index":"index","follow":"follow","max-snippet":"max-snippet:-1","max-image-preview":"max-image-preview:large","max-video-preview":"max-video-preview:-1"},"canonical":"https:\/\/informelitoral.com.ar\/ultimatum-de-camioneros-amenazan-con-un-paro-horas-antes-de-las-fiestas-de-fin-de-ano\/","og_locale":"es_ES","og_type":"article","og_title":"Ultim\u00e1tum de Camioneros: amenazan con un paro horas antes de las fiestas de fin de a\u00f1o - Informe Litoral","og_description":"Luego de una reuni&oacute;n en el&nbsp;Ministerio de Trabajo, Pablo Moyano dijo que si no les pagan&nbsp;un bono de fin de a&ntilde;o de $4.500&nbsp;lanzar&aacute;n&nbsp;una huelga nacional en las 18 ramas del sindicato. Suma tensi&oacute;n en una semana conflictiva. La discusi&oacute;n con los gremios por el bono navide&ntilde;o le gener&oacute; un nuevo dolor de cabeza al Gobierno. [&hellip;]","og_url":"https:\/\/informelitoral.com.ar\/ultimatum-de-camioneros-amenazan-con-un-paro-horas-antes-de-las-fiestas-de-fin-de-ano\/","og_site_name":"Informe Litoral","article_publisher":"https:\/\/www.facebook.com\/informelitoral\/","article_published_time":"2013-12-12T15:10:32+00:00","og_image":[{"url":"http:\/\/cdn01.ib.infobae.com\/adjuntos\/162\/imagenes\/010\/471\/0010471376.jpg","type":"","width":"","height":""}],"author":"Gonzalo Schmidt","twitter_card":"summary_large_image","twitter_creator":"@InformeLitoral","twitter_site":"@InformeLitoral","twitter_misc":{"Escrito por":"Gonzalo Schmidt","Tiempo de lectura":"3 minutos"},"schema":{"@context":"https:\/\/schema.org","@graph":[{"@type":"Article","@id":"https:\/\/informelitoral.com.ar\/ultimatum-de-camioneros-amenazan-con-un-paro-horas-antes-de-las-fiestas-de-fin-de-ano\/#article","isPartOf":{"@id":"https:\/\/informelitoral.com.ar\/ultimatum-de-camioneros-amenazan-con-un-paro-horas-antes-de-las-fiestas-de-fin-de-ano\/"},"author":{"name":"Gonzalo Schmidt","@id":"https:\/\/informelitoral.com.ar\/#\/schema\/person\/b9d00407c836482871ef1d57bf8e3180"},"headline":"Ultim\u00e1tum de Camioneros: amenazan con un paro horas antes de las fiestas de fin de a\u00f1o","datePublished":"2013-12-12T15:10:32+00:00","mainEntityOfPage":{"@id":"https:\/\/informelitoral.com.ar\/ultimatum-de-camioneros-amenazan-con-un-paro-horas-antes-de-las-fiestas-de-fin-de-ano\/"},"wordCount":523,"commentCount":0,"publisher":{"@id":"https:\/\/informelitoral.com.ar\/#organization"},"image":{"@id":"https:\/\/informelitoral.com.ar\/ultimatum-de-camioneros-amenazan-con-un-paro-horas-antes-de-las-fiestas-de-fin-de-ano\/#primaryimage"},"thumbnailUrl":"http:\/\/cdn01.ib.infobae.com\/adjuntos\/162\/imagenes\/010\/471\/0010471376.jpg","articleSection":["Nacionales","Politica"],"inLanguage":"es","potentialAction":[{"@type":"CommentAction","name":"Comment","target":["https:\/\/informelitoral.com.ar\/ultimatum-de-camioneros-amenazan-con-un-paro-horas-antes-de-las-fiestas-de-fin-de-ano\/#respond"]}]},{"@type":"WebPage","@id":"https:\/\/informelitoral.com.ar\/ultimatum-de-camioneros-amenazan-con-un-paro-horas-antes-de-las-fiestas-de-fin-de-ano\/","url":"https:\/\/informelitoral.com.ar\/ultimatum-de-camioneros-amenazan-con-un-paro-horas-antes-de-las-fiestas-de-fin-de-ano\/","name":"Ultim\u00e1tum de Camioneros: amenazan con un paro horas antes de las fiestas de fin de a\u00f1o - Informe Litoral","isPartOf":{"@id":"https:\/\/informelitoral.com.ar\/#website"},"primaryImageOfPage":{"@id":"https:\/\/informelitoral.com.ar\/ultimatum-de-camioneros-amenazan-con-un-paro-horas-antes-de-las-fiestas-de-fin-de-ano\/#primaryimage"},"image":{"@id":"https:\/\/informelitoral.com.ar\/ultimatum-de-camioneros-amenazan-con-un-paro-horas-antes-de-las-fiestas-de-fin-de-ano\/#primaryimage"},"thumbnailUrl":"http:\/\/cdn01.ib.infobae.com\/adjuntos\/162\/imagenes\/010\/471\/0010471376.jpg","datePublished":"2013-12-12T15:10:32+00:00","breadcrumb":{"@id":"https:\/\/informelitoral.com.ar\/ultimatum-de-camioneros-amenazan-con-un-paro-horas-antes-de-las-fiestas-de-fin-de-ano\/#breadcrumb"},"inLanguage":"es","potentialAction":[{"@type":"ReadAction","target":["https:\/\/informelitoral.com.ar\/ultimatum-de-camioneros-amenazan-con-un-paro-horas-antes-de-las-fiestas-de-fin-de-ano\/"]}]},{"@type":"ImageObject","inLanguage":"es","@id":"https:\/\/informelitoral.com.ar\/ultimatum-de-camioneros-amenazan-con-un-paro-horas-antes-de-las-fiestas-de-fin-de-ano\/#primaryimage","url":"http:\/\/cdn01.ib.infobae.com\/adjuntos\/162\/imagenes\/010\/471\/0010471376.jpg","contentUrl":"http:\/\/cdn01.ib.infobae.com\/adjuntos\/162\/imagenes\/010\/471\/0010471376.jpg"},{"@type":"BreadcrumbList","@id":"https:\/\/informelitoral.com.ar\/ultimatum-de-camioneros-amenazan-con-un-paro-horas-antes-de-las-fiestas-de-fin-de-ano\/#breadcrumb","itemListElement":[{"@type":"ListItem","position":1,"name":"Portada","item":"https:\/\/informelitoral.com.ar\/"},{"@type":"ListItem","position":2,"name":"Ultim\u00e1tum de Camioneros: amenazan con un paro horas antes de las fiestas de fin de a\u00f1o"}]},{"@type":"WebSite","@id":"https:\/\/informelitoral.com.ar\/#website","url":"https:\/\/informelitoral.com.ar\/","name":"Informe Litoral","description":"&quot;Nos informamos&quot; ","publisher":{"@id":"https:\/\/informelitoral.com.ar\/#organization"},"potentialAction":[{"@type":"SearchAction","target":{"@type":"EntryPoint","urlTemplate":"https:\/\/informelitoral.com.ar\/?s={search_term_string}"},"query-input":{"@type":"PropertyValueSpecification","valueRequired":true,"valueName":"search_term_string"}}],"inLanguage":"es"},{"@type":"Organization","@id":"https:\/\/informelitoral.com.ar\/#organization","name":"Informe Litoral","url":"https:\/\/informelitoral.com.ar\/","logo":{"@type":"ImageObject","inLanguage":"es","@id":"https:\/\/informelitoral.com.ar\/#\/schema\/logo\/image\/","url":"https:\/\/informelitoral.com.ar\/%77%70%2d%63%6f%6e%74%65%6e%74\/uploads\/2021\/01\/circulo.png","contentUrl":"https:\/\/informelitoral.com.ar\/%77%70%2d%63%6f%6e%74%65%6e%74\/uploads\/2021\/01\/circulo.png","width":723,"height":731,"caption":"Informe Litoral"},"image":{"@id":"https:\/\/informelitoral.com.ar\/#\/schema\/logo\/image\/"},"sameAs":["https:\/\/www.facebook.com\/informelitoral\/","https:\/\/x.com\/InformeLitoral","https:\/\/www.instagram.com\/informelitoral\/","https:\/\/www.youtube.com\/channel\/UCua4Qvz8Icb6MYqhoq9xLXw"]},{"@type":"Person","@id":"https:\/\/informelitoral.com.ar\/#\/schema\/person\/b9d00407c836482871ef1d57bf8e3180","name":"Gonzalo Schmidt","image":{"@type":"ImageObject","inLanguage":"es","@id":"https:\/\/secure.gravatar.com\/avatar\/31a1a7b66ff2de83bd0e9fd79d026630d2d99e55e8bfe501287647b4fd9743de?s=96&d=mm&r=g","url":"https:\/\/secure.gravatar.com\/avatar\/31a1a7b66ff2de83bd0e9fd79d026630d2d99e55e8bfe501287647b4fd9743de?s=96&d=mm&r=g","contentUrl":"https:\/\/secure.gravatar.com\/avatar\/31a1a7b66ff2de83bd0e9fd79d026630d2d99e55e8bfe501287647b4fd9743de?s=96&d=mm&r=g","caption":"Gonzalo Schmidt"},"description":"Sitio web de noticias de la provincia de Entre R\u00edos, Argentina. Informaci\u00f3n y entretenimiento. Informe Litoral, nos informamos.","sameAs":["http:\/\/www.isletasnoticias.com.ar"],"url":"https:\/\/informelitoral.com.ar\/author\/gonzalo\/"}]}},"_links":{"self":[{"href":"https:\/\/informelitoral.com.ar\/%77%70%2d%6a%73%6f%6e\/wp\/v2\/posts\/4671","targetHints":{"allow":["GET"]}}],"collection":[{"href":"https:\/\/informelitoral.com.ar\/%77%70%2d%6a%73%6f%6e\/wp\/v2\/posts"}],"about":[{"href":"https:\/\/informelitoral.com.ar\/%77%70%2d%6a%73%6f%6e\/wp\/v2\/types\/post"}],"author":[{"embeddable":true,"href":"https:\/\/informelitoral.com.ar\/%77%70%2d%6a%73%6f%6e\/wp\/v2\/users\/2"}],"replies":[{"embeddable":true,"href":"https:\/\/informelitoral.com.ar\/%77%70%2d%6a%73%6f%6e\/wp\/v2\/comments?post=4671"}],"version-history":[{"count":0,"href":"https:\/\/informelitoral.com.ar\/%77%70%2d%6a%73%6f%6e\/wp\/v2\/posts\/4671\/revisions"}],"wp:attachment":[{"href":"https:\/\/informelitoral.com.ar\/%77%70%2d%6a%73%6f%6e\/wp\/v2\/media?parent=4671"}],"wp:term":[{"taxonomy":"category","embeddable":true,"href":"https:\/\/informelitoral.com.ar\/%77%70%2d%6a%73%6f%6e\/wp\/v2\/categories?post=4671"},{"taxonomy":"post_tag","embeddable":true,"href":"https:\/\/informelitoral.com.ar\/%77%70%2d%6a%73%6f%6e\/wp\/v2\/tags?post=4671"}],"curies":[{"name":"wp","href":"https:\/\/api.w.org\/{rel}","templated":true}]}}