{"id":46559,"date":"2020-07-27T20:35:46","date_gmt":"2020-07-27T23:35:46","guid":{"rendered":"https:\/\/www.isletasnoticias.com.ar\/?p=46559"},"modified":"2020-07-28T07:47:40","modified_gmt":"2020-07-28T10:47:40","slug":"con-algunas-resistencias-de-jxc-el-oficialismo-avanza-con-moratoria-y-ampliacion-del-presupuesto","status":"publish","type":"post","link":"https:\/\/informelitoral.com.ar\/con-algunas-resistencias-de-jxc-el-oficialismo-avanza-con-moratoria-y-ampliacion-del-presupuesto\/","title":{"rendered":"Con algunas resistencias de JxC, el oficialismo avanza con Moratoria y ampliaci\u00f3n del Presupuesto"},"content":{"rendered":"<aside class=\"aside-stickyXXX hide-mobile\">\n<div data-asidestickyxx=\"\" data-bannertopxxx=\"85\" data-bannerstartxxx=\"0\">\n<div class=\"entry-share redes-left \">Con el apoyo de un sector de la oposici\u00f3n y cuestionamientos de Juntos por el Cambio, el\u00a0<strong>oficialismo\u00a0<\/strong>se encamina a\u00a0<strong>emitir\u00a0dictamen\u00a0<\/strong>ma\u00f1ana\u00a0al proyecto de\u00a0<strong>moratoria\u00a0<\/strong>impositiva y previsional y a la iniciativa que ampl\u00eda\u00a0el\u00a0<strong>Presupuesto\u00a0<\/strong>por un monto estimado en 1,8 bill\u00f3n de pesos.<\/div>\n<\/div>\n<\/aside>\n<section>\n<div class=\"entry-body title-font\">\n<p>La aspiraci\u00f3n de m\u00e1xima del bloque del\u00a0<strong>Frente de Todos\u00a0<\/strong>es\u00a0<strong>aprobar ambas normas\u00a0<\/strong>el mi\u00e9rcoles pr\u00f3ximo en una\u00a0<strong>sesi\u00f3n especial<\/strong>. En principio, contar\u00eda\u00a0con el acompa\u00f1amiento del interbloque Unidad Federal para el Desarrollo, una parte del interbloque Federal y el Movimiento Popular Neuquino.<\/p>\n<p>Por el contrario,\u00a0<strong>Juntos por el Cambio\u00a0<\/strong>no est\u00e1 dispuesto a votar el proyecto de moratoria, si el oficialismo no accede a realizar algunas modificaciones.\u00a0Seg\u00fan fuentes del interbloque opositor, el principal escollo para llegar a un acuerdo es que en el\u00a0Frente de Todos\u00a0no quieren\u00a0<strong>excluir\u00a0a las empresas en proceso de quiebra\u00a0sin continuidad de actividad<\/strong>, lo que -se\u00f1alan- favorecer\u00e1 a\u00a0\u00a0Oil Combustibles, propiedad de Crist\u00f3bal L\u00f3pez.<\/p>\n<p>Aunque quedaban\u00a0algunas cuestiones por afinar, en la\u00a0<strong>coalici\u00f3n opositora\u00a0<\/strong>ya resolvieron que\u00a0presentar\u00e1n un\u00a0<strong>dictamen\u00a0de minor\u00eda\u00a0<\/strong>del proyecto de\u00a0<strong>moratoria<\/strong>. En cuanto a la\u00a0ampliaci\u00f3n del\u00a0Presupuesto\u00a02020, que tambi\u00e9n se tratar\u00e1 ma\u00f1ana en el plenario de la comisi\u00f3n de\u00a0Presupuesto\u00a0y Hacienda,\u00a0eval\u00faan firmar en disidencia parcial.<\/p>\n<p>Una de las principales\u00a0<strong>cr\u00edticas\u00a0<\/strong>de\u00a0\u00a0Juntos por el Cambio\u00a0al proyecto\u00a0que envi\u00f3 el Poder Ejecutivo nacional para ampliar el\u00a0Presupuesto\u00a0est\u00e1 referida\u00a0al art\u00edculo 18, que establece\u00a0<strong>eliminar la exenci\u00f3n del\u00a0IVA\u00a0a la leche\u00a0<\/strong>fluida y en polvo.<\/p>\n<p>\u00abEl\u00a0gobierno de los Fern\u00e1ndez acaba de ingresar el proyecto de ampliaci\u00f3n presupuestaria, donde propone\u00a0<strong>eliminar\u00a0<\/strong>la\u00a0<strong>exenci\u00f3n\u00a0<\/strong>de\u00a0IVA\u00a0a la venta de leche en polvo y fluida, entera o descremada, llev\u00e1ndola del 0% al 10,5% lo cual\u00a0<strong>impacta directo en el precio al consumidor final<\/strong>\u201d, dijo\u00a0el diputado radical\u00a0y vicepresidente de la comisi\u00f3n de Finanzas,\u00a0<strong>Luis Pastori<\/strong>, quien pidi\u00f3 al oficialismo que revea ese punto.<\/p>\n<p>Desde el\u00a0<strong>bloque oficialista\u00a0<\/strong>se\u00f1alaron que analizan\u00a0<strong>introducir\u00a0<\/strong>algunas\u00a0<strong>modificaciones\u00a0<\/strong>a la iniciativa del Ejecutivo nacional, sin embargo no adelantaron si s\u00f3lo ser\u00e1n las esgrimidas por los diputados de la propia bancada o tambi\u00e9n se incluir\u00e1n algunas de las planteadas por la oposici\u00f3n. <em>(Fuente: BAE Negocios)<\/em><\/p>\n<\/div>\n<\/section>\n","protected":false},"excerpt":{"rendered":"<p>La principal fuerza opositora presentar\u00e1 dictamen de minor\u00eda del proyecto que establece una reestructuraci\u00f3n de las deudas impositivas, mientras que acompa\u00f1ar\u00eda en general la iniciativa que envi\u00f3 el Ejecutivo nacional para modificar el Presupuesto. <\/p>\n","protected":false},"author":8,"featured_media":22666,"comment_status":"open","ping_status":"open","sticky":false,"template":"","format":"standard","meta":{"fifu_image_url":"","fifu_image_alt":"","footnotes":""},"categories":[16],"tags":[29,233,80],"class_list":{"0":"post-46559","1":"post","2":"type-post","3":"status-publish","4":"format-standard","5":"has-post-thumbnail","7":"category-politi","8":"tag-cambiemos","9":"tag-gobierno-nacional","10":"tag-mauricio-macri"},"yoast_head":"<title>Con algunas resistencias de JxC, el oficialismo avanza con Moratoria y ampliaci\u00f3n del Presupuesto - Informe Litoral<\/title>\n<meta name=\"robots\" content=\"index, follow, max-snippet:-1, max-image-preview:large, max-video-preview:-1\" \/>\n<link rel=\"canonical\" href=\"https:\/\/informelitoral.com.ar\/con-algunas-resistencias-de-jxc-el-oficialismo-avanza-con-moratoria-y-ampliacion-del-presupuesto\/\" \/>\n<meta property=\"og:locale\" content=\"es_ES\" \/>\n<meta property=\"og:type\" content=\"article\" \/>\n<meta property=\"og:title\" content=\"Con algunas resistencias de JxC, el oficialismo avanza con Moratoria y ampliaci\u00f3n del Presupuesto - Informe Litoral\" \/>\n<meta property=\"og:description\" content=\"La principal fuerza opositora presentar\u00e1 dictamen de minor\u00eda del proyecto que establece una reestructuraci\u00f3n de las deudas impositivas, mientras que acompa\u00f1ar\u00eda en general la iniciativa que envi\u00f3 el Ejecutivo nacional para modificar el Presupuesto.\" \/>\n<meta property=\"og:url\" content=\"https:\/\/informelitoral.com.ar\/con-algunas-resistencias-de-jxc-el-oficialismo-avanza-con-moratoria-y-ampliacion-del-presupuesto\/\" \/>\n<meta property=\"og:site_name\" content=\"Informe Litoral\" \/>\n<meta property=\"article:publisher\" content=\"https:\/\/www.facebook.com\/informelitoral\/\" \/>\n<meta property=\"article:published_time\" content=\"2020-07-27T23:35:46+00:00\" \/>\n<meta property=\"article:modified_time\" content=\"2020-07-28T10:47:40+00:00\" \/>\n<meta property=\"og:image\" content=\"https:\/\/informelitoral.com.ar\/%77%70%2d%63%6f%6e%74%65%6e%74\/uploads\/2017\/08\/SJOAfYRvW_930x525.jpg\" \/>\n\t<meta property=\"og:image:width\" content=\"930\" \/>\n\t<meta property=\"og:image:height\" content=\"525\" \/>\n\t<meta property=\"og:image:type\" content=\"image\/jpeg\" \/>\n<meta name=\"author\" content=\"Sebastian\" \/>\n<meta name=\"twitter:card\" content=\"summary_large_image\" \/>\n<meta name=\"twitter:creator\" content=\"@InformeLitoral\" \/>\n<meta name=\"twitter:site\" content=\"@InformeLitoral\" \/>\n<meta name=\"twitter:label1\" content=\"Escrito por\" \/>\n\t<meta name=\"twitter:data1\" content=\"Sebastian\" \/>\n\t<meta name=\"twitter:label2\" content=\"Tiempo de lectura\" \/>\n\t<meta name=\"twitter:data2\" content=\"2 minutos\" \/>\n<script type=\"application\/ld+json\" class=\"yoast-schema-graph\">{\"@context\":\"https:\\\/\\\/schema.org\",\"@graph\":[{\"@type\":\"Article\",\"@id\":\"https:\\\/\\\/informelitoral.com.ar\\\/con-algunas-resistencias-de-jxc-el-oficialismo-avanza-con-moratoria-y-ampliacion-del-presupuesto\\\/#article\",\"isPartOf\":{\"@id\":\"https:\\\/\\\/informelitoral.com.ar\\\/con-algunas-resistencias-de-jxc-el-oficialismo-avanza-con-moratoria-y-ampliacion-del-presupuesto\\\/\"},\"author\":{\"name\":\"Sebastian\",\"@id\":\"https:\\\/\\\/informelitoral.com.ar\\\/#\\\/schema\\\/person\\\/f05f9f461677119578717524b127d6d5\"},\"headline\":\"Con algunas resistencias de JxC, el oficialismo avanza con Moratoria y ampliaci\u00f3n del Presupuesto\",\"datePublished\":\"2020-07-27T23:35:46+00:00\",\"dateModified\":\"2020-07-28T10:47:40+00:00\",\"mainEntityOfPage\":{\"@id\":\"https:\\\/\\\/informelitoral.com.ar\\\/con-algunas-resistencias-de-jxc-el-oficialismo-avanza-con-moratoria-y-ampliacion-del-presupuesto\\\/\"},\"wordCount\":414,\"commentCount\":0,\"publisher\":{\"@id\":\"https:\\\/\\\/informelitoral.com.ar\\\/#organization\"},\"image\":{\"@id\":\"https:\\\/\\\/informelitoral.com.ar\\\/con-algunas-resistencias-de-jxc-el-oficialismo-avanza-con-moratoria-y-ampliacion-del-presupuesto\\\/#primaryimage\"},\"thumbnailUrl\":\"https:\\\/\\\/informelitoral.com.ar\\\/%77%70%2d%63%6f%6e%74%65%6e%74\\\/uploads\\\/2017\\\/08\\\/SJOAfYRvW_930x525.jpg\",\"keywords\":[\"Cambiemos\",\"Gobierno nacional\",\"Mauricio Macri\"],\"articleSection\":[\"Politica\"],\"inLanguage\":\"es\",\"potentialAction\":[{\"@type\":\"CommentAction\",\"name\":\"Comment\",\"target\":[\"https:\\\/\\\/informelitoral.com.ar\\\/con-algunas-resistencias-de-jxc-el-oficialismo-avanza-con-moratoria-y-ampliacion-del-presupuesto\\\/#respond\"]}]},{\"@type\":\"WebPage\",\"@id\":\"https:\\\/\\\/informelitoral.com.ar\\\/con-algunas-resistencias-de-jxc-el-oficialismo-avanza-con-moratoria-y-ampliacion-del-presupuesto\\\/\",\"url\":\"https:\\\/\\\/informelitoral.com.ar\\\/con-algunas-resistencias-de-jxc-el-oficialismo-avanza-con-moratoria-y-ampliacion-del-presupuesto\\\/\",\"name\":\"Con algunas resistencias de JxC, el oficialismo avanza con Moratoria y ampliaci\u00f3n del Presupuesto - Informe Litoral\",\"isPartOf\":{\"@id\":\"https:\\\/\\\/informelitoral.com.ar\\\/#website\"},\"primaryImageOfPage\":{\"@id\":\"https:\\\/\\\/informelitoral.com.ar\\\/con-algunas-resistencias-de-jxc-el-oficialismo-avanza-con-moratoria-y-ampliacion-del-presupuesto\\\/#primaryimage\"},\"image\":{\"@id\":\"https:\\\/\\\/informelitoral.com.ar\\\/con-algunas-resistencias-de-jxc-el-oficialismo-avanza-con-moratoria-y-ampliacion-del-presupuesto\\\/#primaryimage\"},\"thumbnailUrl\":\"https:\\\/\\\/informelitoral.com.ar\\\/%77%70%2d%63%6f%6e%74%65%6e%74\\\/uploads\\\/2017\\\/08\\\/SJOAfYRvW_930x525.jpg\",\"datePublished\":\"2020-07-27T23:35:46+00:00\",\"dateModified\":\"2020-07-28T10:47:40+00:00\",\"breadcrumb\":{\"@id\":\"https:\\\/\\\/informelitoral.com.ar\\\/con-algunas-resistencias-de-jxc-el-oficialismo-avanza-con-moratoria-y-ampliacion-del-presupuesto\\\/#breadcrumb\"},\"inLanguage\":\"es\",\"potentialAction\":[{\"@type\":\"ReadAction\",\"target\":[\"https:\\\/\\\/informelitoral.com.ar\\\/con-algunas-resistencias-de-jxc-el-oficialismo-avanza-con-moratoria-y-ampliacion-del-presupuesto\\\/\"]}]},{\"@type\":\"ImageObject\",\"inLanguage\":\"es\",\"@id\":\"https:\\\/\\\/informelitoral.com.ar\\\/con-algunas-resistencias-de-jxc-el-oficialismo-avanza-con-moratoria-y-ampliacion-del-presupuesto\\\/#primaryimage\",\"url\":\"https:\\\/\\\/informelitoral.com.ar\\\/%77%70%2d%63%6f%6e%74%65%6e%74\\\/uploads\\\/2017\\\/08\\\/SJOAfYRvW_930x525.jpg\",\"contentUrl\":\"https:\\\/\\\/informelitoral.com.ar\\\/%77%70%2d%63%6f%6e%74%65%6e%74\\\/uploads\\\/2017\\\/08\\\/SJOAfYRvW_930x525.jpg\",\"width\":930,\"height\":525,\"caption\":\"13 08 2017 - bunker cambiemos costa salguero pro _ elecciones paso 2017 FOTO PEDRO LAZARO FERNANDEZ tag esteban bullrich oca\u0096a vidal maria eugenia mauricio macri\"},{\"@type\":\"BreadcrumbList\",\"@id\":\"https:\\\/\\\/informelitoral.com.ar\\\/con-algunas-resistencias-de-jxc-el-oficialismo-avanza-con-moratoria-y-ampliacion-del-presupuesto\\\/#breadcrumb\",\"itemListElement\":[{\"@type\":\"ListItem\",\"position\":1,\"name\":\"Portada\",\"item\":\"https:\\\/\\\/informelitoral.com.ar\\\/\"},{\"@type\":\"ListItem\",\"position\":2,\"name\":\"Con algunas resistencias de JxC, el oficialismo avanza con Moratoria y ampliaci\u00f3n del Presupuesto\"}]},{\"@type\":\"WebSite\",\"@id\":\"https:\\\/\\\/informelitoral.com.ar\\\/#website\",\"url\":\"https:\\\/\\\/informelitoral.com.ar\\\/\",\"name\":\"Informe Litoral\",\"description\":\"&quot;Nos informamos&quot; \",\"publisher\":{\"@id\":\"https:\\\/\\\/informelitoral.com.ar\\\/#organization\"},\"potentialAction\":[{\"@type\":\"SearchAction\",\"target\":{\"@type\":\"EntryPoint\",\"urlTemplate\":\"https:\\\/\\\/informelitoral.com.ar\\\/?s={search_term_string}\"},\"query-input\":{\"@type\":\"PropertyValueSpecification\",\"valueRequired\":true,\"valueName\":\"search_term_string\"}}],\"inLanguage\":\"es\"},{\"@type\":\"Organization\",\"@id\":\"https:\\\/\\\/informelitoral.com.ar\\\/#organization\",\"name\":\"Informe Litoral\",\"url\":\"https:\\\/\\\/informelitoral.com.ar\\\/\",\"logo\":{\"@type\":\"ImageObject\",\"inLanguage\":\"es\",\"@id\":\"https:\\\/\\\/informelitoral.com.ar\\\/#\\\/schema\\\/logo\\\/image\\\/\",\"url\":\"https:\\\/\\\/informelitoral.com.ar\\\/%77%70%2d%63%6f%6e%74%65%6e%74\\\/uploads\\\/2021\\\/01\\\/circulo.png\",\"contentUrl\":\"https:\\\/\\\/informelitoral.com.ar\\\/%77%70%2d%63%6f%6e%74%65%6e%74\\\/uploads\\\/2021\\\/01\\\/circulo.png\",\"width\":723,\"height\":731,\"caption\":\"Informe Litoral\"},\"image\":{\"@id\":\"https:\\\/\\\/informelitoral.com.ar\\\/#\\\/schema\\\/logo\\\/image\\\/\"},\"sameAs\":[\"https:\\\/\\\/www.facebook.com\\\/informelitoral\\\/\",\"https:\\\/\\\/x.com\\\/InformeLitoral\",\"https:\\\/\\\/www.instagram.com\\\/informelitoral\\\/\",\"https:\\\/\\\/www.youtube.com\\\/channel\\\/UCua4Qvz8Icb6MYqhoq9xLXw\"]},{\"@type\":\"Person\",\"@id\":\"https:\\\/\\\/informelitoral.com.ar\\\/#\\\/schema\\\/person\\\/f05f9f461677119578717524b127d6d5\",\"name\":\"Sebastian\",\"image\":{\"@type\":\"ImageObject\",\"inLanguage\":\"es\",\"@id\":\"https:\\\/\\\/secure.gravatar.com\\\/avatar\\\/b71bf7481d447dfb9583c7f2798e7cc64de6efb9067b74633ed8c31059a3bd82?s=96&d=mm&r=g\",\"url\":\"https:\\\/\\\/secure.gravatar.com\\\/avatar\\\/b71bf7481d447dfb9583c7f2798e7cc64de6efb9067b74633ed8c31059a3bd82?s=96&d=mm&r=g\",\"contentUrl\":\"https:\\\/\\\/secure.gravatar.com\\\/avatar\\\/b71bf7481d447dfb9583c7f2798e7cc64de6efb9067b74633ed8c31059a3bd82?s=96&d=mm&r=g\",\"caption\":\"Sebastian\"},\"url\":\"https:\\\/\\\/informelitoral.com.ar\\\/author\\\/sebastian\\\/\"}]}<\/script>","yoast_head_json":{"title":"Con algunas resistencias de JxC, el oficialismo avanza con Moratoria y ampliaci\u00f3n del Presupuesto - Informe Litoral","robots":{"index":"index","follow":"follow","max-snippet":"max-snippet:-1","max-image-preview":"max-image-preview:large","max-video-preview":"max-video-preview:-1"},"canonical":"https:\/\/informelitoral.com.ar\/con-algunas-resistencias-de-jxc-el-oficialismo-avanza-con-moratoria-y-ampliacion-del-presupuesto\/","og_locale":"es_ES","og_type":"article","og_title":"Con algunas resistencias de JxC, el oficialismo avanza con Moratoria y ampliaci\u00f3n del Presupuesto - Informe Litoral","og_description":"La principal fuerza opositora presentar\u00e1 dictamen de minor\u00eda del proyecto que establece una reestructuraci\u00f3n de las deudas impositivas, mientras que acompa\u00f1ar\u00eda en general la iniciativa que envi\u00f3 el Ejecutivo nacional para modificar el Presupuesto.","og_url":"https:\/\/informelitoral.com.ar\/con-algunas-resistencias-de-jxc-el-oficialismo-avanza-con-moratoria-y-ampliacion-del-presupuesto\/","og_site_name":"Informe Litoral","article_publisher":"https:\/\/www.facebook.com\/informelitoral\/","article_published_time":"2020-07-27T23:35:46+00:00","article_modified_time":"2020-07-28T10:47:40+00:00","og_image":[{"width":930,"height":525,"url":"https:\/\/informelitoral.com.ar\/%77%70%2d%63%6f%6e%74%65%6e%74\/uploads\/2017\/08\/SJOAfYRvW_930x525.jpg","type":"image\/jpeg"}],"author":"Sebastian","twitter_card":"summary_large_image","twitter_creator":"@InformeLitoral","twitter_site":"@InformeLitoral","twitter_misc":{"Escrito por":"Sebastian","Tiempo de lectura":"2 minutos"},"schema":{"@context":"https:\/\/schema.org","@graph":[{"@type":"Article","@id":"https:\/\/informelitoral.com.ar\/con-algunas-resistencias-de-jxc-el-oficialismo-avanza-con-moratoria-y-ampliacion-del-presupuesto\/#article","isPartOf":{"@id":"https:\/\/informelitoral.com.ar\/con-algunas-resistencias-de-jxc-el-oficialismo-avanza-con-moratoria-y-ampliacion-del-presupuesto\/"},"author":{"name":"Sebastian","@id":"https:\/\/informelitoral.com.ar\/#\/schema\/person\/f05f9f461677119578717524b127d6d5"},"headline":"Con algunas resistencias de JxC, el oficialismo avanza con Moratoria y ampliaci\u00f3n del Presupuesto","datePublished":"2020-07-27T23:35:46+00:00","dateModified":"2020-07-28T10:47:40+00:00","mainEntityOfPage":{"@id":"https:\/\/informelitoral.com.ar\/con-algunas-resistencias-de-jxc-el-oficialismo-avanza-con-moratoria-y-ampliacion-del-presupuesto\/"},"wordCount":414,"commentCount":0,"publisher":{"@id":"https:\/\/informelitoral.com.ar\/#organization"},"image":{"@id":"https:\/\/informelitoral.com.ar\/con-algunas-resistencias-de-jxc-el-oficialismo-avanza-con-moratoria-y-ampliacion-del-presupuesto\/#primaryimage"},"thumbnailUrl":"https:\/\/informelitoral.com.ar\/%77%70%2d%63%6f%6e%74%65%6e%74\/uploads\/2017\/08\/SJOAfYRvW_930x525.jpg","keywords":["Cambiemos","Gobierno nacional","Mauricio Macri"],"articleSection":["Politica"],"inLanguage":"es","potentialAction":[{"@type":"CommentAction","name":"Comment","target":["https:\/\/informelitoral.com.ar\/con-algunas-resistencias-de-jxc-el-oficialismo-avanza-con-moratoria-y-ampliacion-del-presupuesto\/#respond"]}]},{"@type":"WebPage","@id":"https:\/\/informelitoral.com.ar\/con-algunas-resistencias-de-jxc-el-oficialismo-avanza-con-moratoria-y-ampliacion-del-presupuesto\/","url":"https:\/\/informelitoral.com.ar\/con-algunas-resistencias-de-jxc-el-oficialismo-avanza-con-moratoria-y-ampliacion-del-presupuesto\/","name":"Con algunas resistencias de JxC, el oficialismo avanza con Moratoria y ampliaci\u00f3n del Presupuesto - Informe Litoral","isPartOf":{"@id":"https:\/\/informelitoral.com.ar\/#website"},"primaryImageOfPage":{"@id":"https:\/\/informelitoral.com.ar\/con-algunas-resistencias-de-jxc-el-oficialismo-avanza-con-moratoria-y-ampliacion-del-presupuesto\/#primaryimage"},"image":{"@id":"https:\/\/informelitoral.com.ar\/con-algunas-resistencias-de-jxc-el-oficialismo-avanza-con-moratoria-y-ampliacion-del-presupuesto\/#primaryimage"},"thumbnailUrl":"https:\/\/informelitoral.com.ar\/%77%70%2d%63%6f%6e%74%65%6e%74\/uploads\/2017\/08\/SJOAfYRvW_930x525.jpg","datePublished":"2020-07-27T23:35:46+00:00","dateModified":"2020-07-28T10:47:40+00:00","breadcrumb":{"@id":"https:\/\/informelitoral.com.ar\/con-algunas-resistencias-de-jxc-el-oficialismo-avanza-con-moratoria-y-ampliacion-del-presupuesto\/#breadcrumb"},"inLanguage":"es","potentialAction":[{"@type":"ReadAction","target":["https:\/\/informelitoral.com.ar\/con-algunas-resistencias-de-jxc-el-oficialismo-avanza-con-moratoria-y-ampliacion-del-presupuesto\/"]}]},{"@type":"ImageObject","inLanguage":"es","@id":"https:\/\/informelitoral.com.ar\/con-algunas-resistencias-de-jxc-el-oficialismo-avanza-con-moratoria-y-ampliacion-del-presupuesto\/#primaryimage","url":"https:\/\/informelitoral.com.ar\/%77%70%2d%63%6f%6e%74%65%6e%74\/uploads\/2017\/08\/SJOAfYRvW_930x525.jpg","contentUrl":"https:\/\/informelitoral.com.ar\/%77%70%2d%63%6f%6e%74%65%6e%74\/uploads\/2017\/08\/SJOAfYRvW_930x525.jpg","width":930,"height":525,"caption":"13 08 2017 - bunker cambiemos costa salguero pro _ elecciones paso 2017 FOTO PEDRO LAZARO FERNANDEZ tag esteban bullrich oca\u0096a vidal maria eugenia mauricio macri"},{"@type":"BreadcrumbList","@id":"https:\/\/informelitoral.com.ar\/con-algunas-resistencias-de-jxc-el-oficialismo-avanza-con-moratoria-y-ampliacion-del-presupuesto\/#breadcrumb","itemListElement":[{"@type":"ListItem","position":1,"name":"Portada","item":"https:\/\/informelitoral.com.ar\/"},{"@type":"ListItem","position":2,"name":"Con algunas resistencias de JxC, el oficialismo avanza con Moratoria y ampliaci\u00f3n del Presupuesto"}]},{"@type":"WebSite","@id":"https:\/\/informelitoral.com.ar\/#website","url":"https:\/\/informelitoral.com.ar\/","name":"Informe Litoral","description":"&quot;Nos informamos&quot; ","publisher":{"@id":"https:\/\/informelitoral.com.ar\/#organization"},"potentialAction":[{"@type":"SearchAction","target":{"@type":"EntryPoint","urlTemplate":"https:\/\/informelitoral.com.ar\/?s={search_term_string}"},"query-input":{"@type":"PropertyValueSpecification","valueRequired":true,"valueName":"search_term_string"}}],"inLanguage":"es"},{"@type":"Organization","@id":"https:\/\/informelitoral.com.ar\/#organization","name":"Informe Litoral","url":"https:\/\/informelitoral.com.ar\/","logo":{"@type":"ImageObject","inLanguage":"es","@id":"https:\/\/informelitoral.com.ar\/#\/schema\/logo\/image\/","url":"https:\/\/informelitoral.com.ar\/%77%70%2d%63%6f%6e%74%65%6e%74\/uploads\/2021\/01\/circulo.png","contentUrl":"https:\/\/informelitoral.com.ar\/%77%70%2d%63%6f%6e%74%65%6e%74\/uploads\/2021\/01\/circulo.png","width":723,"height":731,"caption":"Informe Litoral"},"image":{"@id":"https:\/\/informelitoral.com.ar\/#\/schema\/logo\/image\/"},"sameAs":["https:\/\/www.facebook.com\/informelitoral\/","https:\/\/x.com\/InformeLitoral","https:\/\/www.instagram.com\/informelitoral\/","https:\/\/www.youtube.com\/channel\/UCua4Qvz8Icb6MYqhoq9xLXw"]},{"@type":"Person","@id":"https:\/\/informelitoral.com.ar\/#\/schema\/person\/f05f9f461677119578717524b127d6d5","name":"Sebastian","image":{"@type":"ImageObject","inLanguage":"es","@id":"https:\/\/secure.gravatar.com\/avatar\/b71bf7481d447dfb9583c7f2798e7cc64de6efb9067b74633ed8c31059a3bd82?s=96&d=mm&r=g","url":"https:\/\/secure.gravatar.com\/avatar\/b71bf7481d447dfb9583c7f2798e7cc64de6efb9067b74633ed8c31059a3bd82?s=96&d=mm&r=g","contentUrl":"https:\/\/secure.gravatar.com\/avatar\/b71bf7481d447dfb9583c7f2798e7cc64de6efb9067b74633ed8c31059a3bd82?s=96&d=mm&r=g","caption":"Sebastian"},"url":"https:\/\/informelitoral.com.ar\/author\/sebastian\/"}]}},"_links":{"self":[{"href":"https:\/\/informelitoral.com.ar\/%77%70%2d%6a%73%6f%6e\/wp\/v2\/posts\/46559","targetHints":{"allow":["GET"]}}],"collection":[{"href":"https:\/\/informelitoral.com.ar\/%77%70%2d%6a%73%6f%6e\/wp\/v2\/posts"}],"about":[{"href":"https:\/\/informelitoral.com.ar\/%77%70%2d%6a%73%6f%6e\/wp\/v2\/types\/post"}],"author":[{"embeddable":true,"href":"https:\/\/informelitoral.com.ar\/%77%70%2d%6a%73%6f%6e\/wp\/v2\/users\/8"}],"replies":[{"embeddable":true,"href":"https:\/\/informelitoral.com.ar\/%77%70%2d%6a%73%6f%6e\/wp\/v2\/comments?post=46559"}],"version-history":[{"count":0,"href":"https:\/\/informelitoral.com.ar\/%77%70%2d%6a%73%6f%6e\/wp\/v2\/posts\/46559\/revisions"}],"wp:featuredmedia":[{"embeddable":true,"href":"https:\/\/informelitoral.com.ar\/%77%70%2d%6a%73%6f%6e\/wp\/v2\/media\/22666"}],"wp:attachment":[{"href":"https:\/\/informelitoral.com.ar\/%77%70%2d%6a%73%6f%6e\/wp\/v2\/media?parent=46559"}],"wp:term":[{"taxonomy":"category","embeddable":true,"href":"https:\/\/informelitoral.com.ar\/%77%70%2d%6a%73%6f%6e\/wp\/v2\/categories?post=46559"},{"taxonomy":"post_tag","embeddable":true,"href":"https:\/\/informelitoral.com.ar\/%77%70%2d%6a%73%6f%6e\/wp\/v2\/tags?post=46559"}],"curies":[{"name":"wp","href":"https:\/\/api.w.org\/{rel}","templated":true}]}}