{"id":46556,"date":"2020-07-27T20:25:37","date_gmt":"2020-07-27T23:25:37","guid":{"rendered":"https:\/\/www.isletasnoticias.com.ar\/?p=46556"},"modified":"2020-07-28T07:48:15","modified_gmt":"2020-07-28T10:48:15","slug":"afiliados-a-iosper-se-manifestaron-en-concordia-por-prestaciones-cortadas","status":"publish","type":"post","link":"https:\/\/informelitoral.com.ar\/afiliados-a-iosper-se-manifestaron-en-concordia-por-prestaciones-cortadas\/","title":{"rendered":"Afiliados a Iosper se manifestaron en Concordia por prestaciones cortadas"},"content":{"rendered":"<article id=\"article-post\" class=\"first\">\n<div class=\"cuerpo\" data-twitter-link=\"https:\/\/twitter.com\/intent\/tweet?url=https:\/\/ahora.com.ar\/c4211824&amp;via=PlataformaAhora&amp;related=Ahora&amp;text=\">\n<p>La situaci\u00f3n del\u00a0<strong>Iosper<\/strong>\u00a0en\u00a0Concordia\u00a0contin\u00faa generando malestar en afiliados, que este lunes se manifestaron en la puerta de la sede que la obra social tiene en esa ciudad.<\/p>\n<\/div>\n<\/article>\n<article id=\"article-post\">\n<div class=\"cuerpo\" data-twitter-link=\"https:\/\/twitter.com\/intent\/tweet?url=https:\/\/ahora.com.ar\/c4211824&amp;via=PlataformaAhora&amp;related=Ahora&amp;text=\">\n<p>\u00abVinimos para visibilizar nuestra problem\u00e1tica con el Iosper, nos recibi\u00f3 la delegada y el subdelegado, pero no nos pueden dar ninguna explicaci\u00f3n.\u00a0<strong>Lo m\u00e1s grave que ocurre es que est\u00e1n las prestaciones cortadas<\/strong>\u00a0por parte de la C\u00e1mara de Sanatorios y Cl\u00ednicas, y nosotros estamos en el medio\u00bb, destac\u00f3 una de las manifestantes.<\/p>\n<p>El reclamo uni\u00f3 a docentes jubilados, miembros del gremio y ciudadanos en general. \u00abPedimos respuestas no solo de nuestros delegados en el Iosper, sino tambi\u00e9n una intervenci\u00f3n del Estado.\u00a0<strong>Somos 35 mil afiliados en Concordia que no tenemos respuestas<\/strong>\u00ab, agregaron. (Fuente: ahora.com)<\/p>\n<\/div>\n<\/article>\n","protected":false},"excerpt":{"rendered":"<p>Piden respuestas para los 35 mil concordienses que tienen la obra social. \u00abPedimos respuestas no solo de nuestros delegados en el Iosper, sino tambi\u00e9n una intervenci\u00f3n del Estado\u00bb, reclamaron.<\/p>\n","protected":false},"author":8,"featured_media":44015,"comment_status":"open","ping_status":"open","sticky":false,"template":"","format":"standard","meta":{"fifu_image_url":"","fifu_image_alt":"","footnotes":""},"categories":[9],"tags":[1618,82],"class_list":{"0":"post-46556","1":"post","2":"type-post","3":"status-publish","4":"format-standard","5":"has-post-thumbnail","7":"category-sociedad","8":"tag-obra-social","9":"tag-salud"},"yoast_head":"<title>Afiliados a Iosper se manifestaron en Concordia por prestaciones cortadas - Informe Litoral<\/title>\n<meta name=\"robots\" content=\"index, follow, max-snippet:-1, max-image-preview:large, max-video-preview:-1\" \/>\n<link rel=\"canonical\" href=\"https:\/\/informelitoral.com.ar\/afiliados-a-iosper-se-manifestaron-en-concordia-por-prestaciones-cortadas\/\" \/>\n<meta property=\"og:locale\" content=\"es_ES\" \/>\n<meta property=\"og:type\" content=\"article\" \/>\n<meta property=\"og:title\" content=\"Afiliados a Iosper se manifestaron en Concordia por prestaciones cortadas - Informe Litoral\" \/>\n<meta property=\"og:description\" content=\"Piden respuestas para los 35 mil concordienses que tienen la obra social. &quot;Pedimos respuestas no solo de nuestros delegados en el Iosper, sino tambi\u00e9n una intervenci\u00f3n del Estado&quot;, reclamaron.\" \/>\n<meta property=\"og:url\" content=\"https:\/\/informelitoral.com.ar\/afiliados-a-iosper-se-manifestaron-en-concordia-por-prestaciones-cortadas\/\" \/>\n<meta property=\"og:site_name\" content=\"Informe Litoral\" \/>\n<meta property=\"article:publisher\" content=\"https:\/\/www.facebook.com\/informelitoral\/\" \/>\n<meta property=\"article:published_time\" content=\"2020-07-27T23:25:37+00:00\" \/>\n<meta property=\"article:modified_time\" content=\"2020-07-28T10:48:15+00:00\" \/>\n<meta property=\"og:image\" content=\"https:\/\/informelitoral.com.ar\/%77%70%2d%63%6f%6e%74%65%6e%74\/uploads\/2020\/06\/Iosper.jpg\" \/>\n\t<meta property=\"og:image:width\" content=\"640\" \/>\n\t<meta property=\"og:image:height\" content=\"360\" \/>\n\t<meta property=\"og:image:type\" content=\"image\/jpeg\" \/>\n<meta name=\"author\" content=\"Sebastian\" \/>\n<meta name=\"twitter:card\" content=\"summary_large_image\" \/>\n<meta name=\"twitter:creator\" content=\"@InformeLitoral\" \/>\n<meta name=\"twitter:site\" content=\"@InformeLitoral\" \/>\n<meta name=\"twitter:label1\" content=\"Escrito por\" \/>\n\t<meta name=\"twitter:data1\" content=\"Sebastian\" \/>\n\t<meta name=\"twitter:label2\" content=\"Tiempo de lectura\" \/>\n\t<meta name=\"twitter:data2\" content=\"1 minuto\" \/>\n<script type=\"application\/ld+json\" class=\"yoast-schema-graph\">{\"@context\":\"https:\\\/\\\/schema.org\",\"@graph\":[{\"@type\":\"Article\",\"@id\":\"https:\\\/\\\/informelitoral.com.ar\\\/afiliados-a-iosper-se-manifestaron-en-concordia-por-prestaciones-cortadas\\\/#article\",\"isPartOf\":{\"@id\":\"https:\\\/\\\/informelitoral.com.ar\\\/afiliados-a-iosper-se-manifestaron-en-concordia-por-prestaciones-cortadas\\\/\"},\"author\":{\"name\":\"Sebastian\",\"@id\":\"https:\\\/\\\/informelitoral.com.ar\\\/#\\\/schema\\\/person\\\/f05f9f461677119578717524b127d6d5\"},\"headline\":\"Afiliados a Iosper se manifestaron en Concordia por prestaciones cortadas\",\"datePublished\":\"2020-07-27T23:25:37+00:00\",\"dateModified\":\"2020-07-28T10:48:15+00:00\",\"mainEntityOfPage\":{\"@id\":\"https:\\\/\\\/informelitoral.com.ar\\\/afiliados-a-iosper-se-manifestaron-en-concordia-por-prestaciones-cortadas\\\/\"},\"wordCount\":145,\"commentCount\":0,\"publisher\":{\"@id\":\"https:\\\/\\\/informelitoral.com.ar\\\/#organization\"},\"image\":{\"@id\":\"https:\\\/\\\/informelitoral.com.ar\\\/afiliados-a-iosper-se-manifestaron-en-concordia-por-prestaciones-cortadas\\\/#primaryimage\"},\"thumbnailUrl\":\"https:\\\/\\\/informelitoral.com.ar\\\/%77%70%2d%63%6f%6e%74%65%6e%74\\\/uploads\\\/2020\\\/06\\\/Iosper.jpg\",\"keywords\":[\"Obra Social\",\"Salud\"],\"articleSection\":[\"Sociedad\"],\"inLanguage\":\"es\",\"potentialAction\":[{\"@type\":\"CommentAction\",\"name\":\"Comment\",\"target\":[\"https:\\\/\\\/informelitoral.com.ar\\\/afiliados-a-iosper-se-manifestaron-en-concordia-por-prestaciones-cortadas\\\/#respond\"]}]},{\"@type\":\"WebPage\",\"@id\":\"https:\\\/\\\/informelitoral.com.ar\\\/afiliados-a-iosper-se-manifestaron-en-concordia-por-prestaciones-cortadas\\\/\",\"url\":\"https:\\\/\\\/informelitoral.com.ar\\\/afiliados-a-iosper-se-manifestaron-en-concordia-por-prestaciones-cortadas\\\/\",\"name\":\"Afiliados a Iosper se manifestaron en Concordia por prestaciones cortadas - Informe Litoral\",\"isPartOf\":{\"@id\":\"https:\\\/\\\/informelitoral.com.ar\\\/#website\"},\"primaryImageOfPage\":{\"@id\":\"https:\\\/\\\/informelitoral.com.ar\\\/afiliados-a-iosper-se-manifestaron-en-concordia-por-prestaciones-cortadas\\\/#primaryimage\"},\"image\":{\"@id\":\"https:\\\/\\\/informelitoral.com.ar\\\/afiliados-a-iosper-se-manifestaron-en-concordia-por-prestaciones-cortadas\\\/#primaryimage\"},\"thumbnailUrl\":\"https:\\\/\\\/informelitoral.com.ar\\\/%77%70%2d%63%6f%6e%74%65%6e%74\\\/uploads\\\/2020\\\/06\\\/Iosper.jpg\",\"datePublished\":\"2020-07-27T23:25:37+00:00\",\"dateModified\":\"2020-07-28T10:48:15+00:00\",\"breadcrumb\":{\"@id\":\"https:\\\/\\\/informelitoral.com.ar\\\/afiliados-a-iosper-se-manifestaron-en-concordia-por-prestaciones-cortadas\\\/#breadcrumb\"},\"inLanguage\":\"es\",\"potentialAction\":[{\"@type\":\"ReadAction\",\"target\":[\"https:\\\/\\\/informelitoral.com.ar\\\/afiliados-a-iosper-se-manifestaron-en-concordia-por-prestaciones-cortadas\\\/\"]}]},{\"@type\":\"ImageObject\",\"inLanguage\":\"es\",\"@id\":\"https:\\\/\\\/informelitoral.com.ar\\\/afiliados-a-iosper-se-manifestaron-en-concordia-por-prestaciones-cortadas\\\/#primaryimage\",\"url\":\"https:\\\/\\\/informelitoral.com.ar\\\/%77%70%2d%63%6f%6e%74%65%6e%74\\\/uploads\\\/2020\\\/06\\\/Iosper.jpg\",\"contentUrl\":\"https:\\\/\\\/informelitoral.com.ar\\\/%77%70%2d%63%6f%6e%74%65%6e%74\\\/uploads\\\/2020\\\/06\\\/Iosper.jpg\",\"width\":640,\"height\":360},{\"@type\":\"BreadcrumbList\",\"@id\":\"https:\\\/\\\/informelitoral.com.ar\\\/afiliados-a-iosper-se-manifestaron-en-concordia-por-prestaciones-cortadas\\\/#breadcrumb\",\"itemListElement\":[{\"@type\":\"ListItem\",\"position\":1,\"name\":\"Portada\",\"item\":\"https:\\\/\\\/informelitoral.com.ar\\\/\"},{\"@type\":\"ListItem\",\"position\":2,\"name\":\"Afiliados a Iosper se manifestaron en Concordia por prestaciones cortadas\"}]},{\"@type\":\"WebSite\",\"@id\":\"https:\\\/\\\/informelitoral.com.ar\\\/#website\",\"url\":\"https:\\\/\\\/informelitoral.com.ar\\\/\",\"name\":\"Informe Litoral\",\"description\":\"&quot;Nos informamos&quot; \",\"publisher\":{\"@id\":\"https:\\\/\\\/informelitoral.com.ar\\\/#organization\"},\"potentialAction\":[{\"@type\":\"SearchAction\",\"target\":{\"@type\":\"EntryPoint\",\"urlTemplate\":\"https:\\\/\\\/informelitoral.com.ar\\\/?s={search_term_string}\"},\"query-input\":{\"@type\":\"PropertyValueSpecification\",\"valueRequired\":true,\"valueName\":\"search_term_string\"}}],\"inLanguage\":\"es\"},{\"@type\":\"Organization\",\"@id\":\"https:\\\/\\\/informelitoral.com.ar\\\/#organization\",\"name\":\"Informe Litoral\",\"url\":\"https:\\\/\\\/informelitoral.com.ar\\\/\",\"logo\":{\"@type\":\"ImageObject\",\"inLanguage\":\"es\",\"@id\":\"https:\\\/\\\/informelitoral.com.ar\\\/#\\\/schema\\\/logo\\\/image\\\/\",\"url\":\"https:\\\/\\\/informelitoral.com.ar\\\/%77%70%2d%63%6f%6e%74%65%6e%74\\\/uploads\\\/2021\\\/01\\\/circulo.png\",\"contentUrl\":\"https:\\\/\\\/informelitoral.com.ar\\\/%77%70%2d%63%6f%6e%74%65%6e%74\\\/uploads\\\/2021\\\/01\\\/circulo.png\",\"width\":723,\"height\":731,\"caption\":\"Informe Litoral\"},\"image\":{\"@id\":\"https:\\\/\\\/informelitoral.com.ar\\\/#\\\/schema\\\/logo\\\/image\\\/\"},\"sameAs\":[\"https:\\\/\\\/www.facebook.com\\\/informelitoral\\\/\",\"https:\\\/\\\/x.com\\\/InformeLitoral\",\"https:\\\/\\\/www.instagram.com\\\/informelitoral\\\/\",\"https:\\\/\\\/www.youtube.com\\\/channel\\\/UCua4Qvz8Icb6MYqhoq9xLXw\"]},{\"@type\":\"Person\",\"@id\":\"https:\\\/\\\/informelitoral.com.ar\\\/#\\\/schema\\\/person\\\/f05f9f461677119578717524b127d6d5\",\"name\":\"Sebastian\",\"image\":{\"@type\":\"ImageObject\",\"inLanguage\":\"es\",\"@id\":\"https:\\\/\\\/secure.gravatar.com\\\/avatar\\\/b71bf7481d447dfb9583c7f2798e7cc64de6efb9067b74633ed8c31059a3bd82?s=96&d=mm&r=g\",\"url\":\"https:\\\/\\\/secure.gravatar.com\\\/avatar\\\/b71bf7481d447dfb9583c7f2798e7cc64de6efb9067b74633ed8c31059a3bd82?s=96&d=mm&r=g\",\"contentUrl\":\"https:\\\/\\\/secure.gravatar.com\\\/avatar\\\/b71bf7481d447dfb9583c7f2798e7cc64de6efb9067b74633ed8c31059a3bd82?s=96&d=mm&r=g\",\"caption\":\"Sebastian\"},\"url\":\"https:\\\/\\\/informelitoral.com.ar\\\/author\\\/sebastian\\\/\"}]}<\/script>","yoast_head_json":{"title":"Afiliados a Iosper se manifestaron en Concordia por prestaciones cortadas - Informe Litoral","robots":{"index":"index","follow":"follow","max-snippet":"max-snippet:-1","max-image-preview":"max-image-preview:large","max-video-preview":"max-video-preview:-1"},"canonical":"https:\/\/informelitoral.com.ar\/afiliados-a-iosper-se-manifestaron-en-concordia-por-prestaciones-cortadas\/","og_locale":"es_ES","og_type":"article","og_title":"Afiliados a Iosper se manifestaron en Concordia por prestaciones cortadas - Informe Litoral","og_description":"Piden respuestas para los 35 mil concordienses que tienen la obra social. \"Pedimos respuestas no solo de nuestros delegados en el Iosper, sino tambi\u00e9n una intervenci\u00f3n del Estado\", reclamaron.","og_url":"https:\/\/informelitoral.com.ar\/afiliados-a-iosper-se-manifestaron-en-concordia-por-prestaciones-cortadas\/","og_site_name":"Informe Litoral","article_publisher":"https:\/\/www.facebook.com\/informelitoral\/","article_published_time":"2020-07-27T23:25:37+00:00","article_modified_time":"2020-07-28T10:48:15+00:00","og_image":[{"width":640,"height":360,"url":"https:\/\/informelitoral.com.ar\/%77%70%2d%63%6f%6e%74%65%6e%74\/uploads\/2020\/06\/Iosper.jpg","type":"image\/jpeg"}],"author":"Sebastian","twitter_card":"summary_large_image","twitter_creator":"@InformeLitoral","twitter_site":"@InformeLitoral","twitter_misc":{"Escrito por":"Sebastian","Tiempo de lectura":"1 minuto"},"schema":{"@context":"https:\/\/schema.org","@graph":[{"@type":"Article","@id":"https:\/\/informelitoral.com.ar\/afiliados-a-iosper-se-manifestaron-en-concordia-por-prestaciones-cortadas\/#article","isPartOf":{"@id":"https:\/\/informelitoral.com.ar\/afiliados-a-iosper-se-manifestaron-en-concordia-por-prestaciones-cortadas\/"},"author":{"name":"Sebastian","@id":"https:\/\/informelitoral.com.ar\/#\/schema\/person\/f05f9f461677119578717524b127d6d5"},"headline":"Afiliados a Iosper se manifestaron en Concordia por prestaciones cortadas","datePublished":"2020-07-27T23:25:37+00:00","dateModified":"2020-07-28T10:48:15+00:00","mainEntityOfPage":{"@id":"https:\/\/informelitoral.com.ar\/afiliados-a-iosper-se-manifestaron-en-concordia-por-prestaciones-cortadas\/"},"wordCount":145,"commentCount":0,"publisher":{"@id":"https:\/\/informelitoral.com.ar\/#organization"},"image":{"@id":"https:\/\/informelitoral.com.ar\/afiliados-a-iosper-se-manifestaron-en-concordia-por-prestaciones-cortadas\/#primaryimage"},"thumbnailUrl":"https:\/\/informelitoral.com.ar\/%77%70%2d%63%6f%6e%74%65%6e%74\/uploads\/2020\/06\/Iosper.jpg","keywords":["Obra Social","Salud"],"articleSection":["Sociedad"],"inLanguage":"es","potentialAction":[{"@type":"CommentAction","name":"Comment","target":["https:\/\/informelitoral.com.ar\/afiliados-a-iosper-se-manifestaron-en-concordia-por-prestaciones-cortadas\/#respond"]}]},{"@type":"WebPage","@id":"https:\/\/informelitoral.com.ar\/afiliados-a-iosper-se-manifestaron-en-concordia-por-prestaciones-cortadas\/","url":"https:\/\/informelitoral.com.ar\/afiliados-a-iosper-se-manifestaron-en-concordia-por-prestaciones-cortadas\/","name":"Afiliados a Iosper se manifestaron en Concordia por prestaciones cortadas - Informe Litoral","isPartOf":{"@id":"https:\/\/informelitoral.com.ar\/#website"},"primaryImageOfPage":{"@id":"https:\/\/informelitoral.com.ar\/afiliados-a-iosper-se-manifestaron-en-concordia-por-prestaciones-cortadas\/#primaryimage"},"image":{"@id":"https:\/\/informelitoral.com.ar\/afiliados-a-iosper-se-manifestaron-en-concordia-por-prestaciones-cortadas\/#primaryimage"},"thumbnailUrl":"https:\/\/informelitoral.com.ar\/%77%70%2d%63%6f%6e%74%65%6e%74\/uploads\/2020\/06\/Iosper.jpg","datePublished":"2020-07-27T23:25:37+00:00","dateModified":"2020-07-28T10:48:15+00:00","breadcrumb":{"@id":"https:\/\/informelitoral.com.ar\/afiliados-a-iosper-se-manifestaron-en-concordia-por-prestaciones-cortadas\/#breadcrumb"},"inLanguage":"es","potentialAction":[{"@type":"ReadAction","target":["https:\/\/informelitoral.com.ar\/afiliados-a-iosper-se-manifestaron-en-concordia-por-prestaciones-cortadas\/"]}]},{"@type":"ImageObject","inLanguage":"es","@id":"https:\/\/informelitoral.com.ar\/afiliados-a-iosper-se-manifestaron-en-concordia-por-prestaciones-cortadas\/#primaryimage","url":"https:\/\/informelitoral.com.ar\/%77%70%2d%63%6f%6e%74%65%6e%74\/uploads\/2020\/06\/Iosper.jpg","contentUrl":"https:\/\/informelitoral.com.ar\/%77%70%2d%63%6f%6e%74%65%6e%74\/uploads\/2020\/06\/Iosper.jpg","width":640,"height":360},{"@type":"BreadcrumbList","@id":"https:\/\/informelitoral.com.ar\/afiliados-a-iosper-se-manifestaron-en-concordia-por-prestaciones-cortadas\/#breadcrumb","itemListElement":[{"@type":"ListItem","position":1,"name":"Portada","item":"https:\/\/informelitoral.com.ar\/"},{"@type":"ListItem","position":2,"name":"Afiliados a Iosper se manifestaron en Concordia por prestaciones cortadas"}]},{"@type":"WebSite","@id":"https:\/\/informelitoral.com.ar\/#website","url":"https:\/\/informelitoral.com.ar\/","name":"Informe Litoral","description":"&quot;Nos informamos&quot; ","publisher":{"@id":"https:\/\/informelitoral.com.ar\/#organization"},"potentialAction":[{"@type":"SearchAction","target":{"@type":"EntryPoint","urlTemplate":"https:\/\/informelitoral.com.ar\/?s={search_term_string}"},"query-input":{"@type":"PropertyValueSpecification","valueRequired":true,"valueName":"search_term_string"}}],"inLanguage":"es"},{"@type":"Organization","@id":"https:\/\/informelitoral.com.ar\/#organization","name":"Informe Litoral","url":"https:\/\/informelitoral.com.ar\/","logo":{"@type":"ImageObject","inLanguage":"es","@id":"https:\/\/informelitoral.com.ar\/#\/schema\/logo\/image\/","url":"https:\/\/informelitoral.com.ar\/%77%70%2d%63%6f%6e%74%65%6e%74\/uploads\/2021\/01\/circulo.png","contentUrl":"https:\/\/informelitoral.com.ar\/%77%70%2d%63%6f%6e%74%65%6e%74\/uploads\/2021\/01\/circulo.png","width":723,"height":731,"caption":"Informe Litoral"},"image":{"@id":"https:\/\/informelitoral.com.ar\/#\/schema\/logo\/image\/"},"sameAs":["https:\/\/www.facebook.com\/informelitoral\/","https:\/\/x.com\/InformeLitoral","https:\/\/www.instagram.com\/informelitoral\/","https:\/\/www.youtube.com\/channel\/UCua4Qvz8Icb6MYqhoq9xLXw"]},{"@type":"Person","@id":"https:\/\/informelitoral.com.ar\/#\/schema\/person\/f05f9f461677119578717524b127d6d5","name":"Sebastian","image":{"@type":"ImageObject","inLanguage":"es","@id":"https:\/\/secure.gravatar.com\/avatar\/b71bf7481d447dfb9583c7f2798e7cc64de6efb9067b74633ed8c31059a3bd82?s=96&d=mm&r=g","url":"https:\/\/secure.gravatar.com\/avatar\/b71bf7481d447dfb9583c7f2798e7cc64de6efb9067b74633ed8c31059a3bd82?s=96&d=mm&r=g","contentUrl":"https:\/\/secure.gravatar.com\/avatar\/b71bf7481d447dfb9583c7f2798e7cc64de6efb9067b74633ed8c31059a3bd82?s=96&d=mm&r=g","caption":"Sebastian"},"url":"https:\/\/informelitoral.com.ar\/author\/sebastian\/"}]}},"_links":{"self":[{"href":"https:\/\/informelitoral.com.ar\/%77%70%2d%6a%73%6f%6e\/wp\/v2\/posts\/46556","targetHints":{"allow":["GET"]}}],"collection":[{"href":"https:\/\/informelitoral.com.ar\/%77%70%2d%6a%73%6f%6e\/wp\/v2\/posts"}],"about":[{"href":"https:\/\/informelitoral.com.ar\/%77%70%2d%6a%73%6f%6e\/wp\/v2\/types\/post"}],"author":[{"embeddable":true,"href":"https:\/\/informelitoral.com.ar\/%77%70%2d%6a%73%6f%6e\/wp\/v2\/users\/8"}],"replies":[{"embeddable":true,"href":"https:\/\/informelitoral.com.ar\/%77%70%2d%6a%73%6f%6e\/wp\/v2\/comments?post=46556"}],"version-history":[{"count":0,"href":"https:\/\/informelitoral.com.ar\/%77%70%2d%6a%73%6f%6e\/wp\/v2\/posts\/46556\/revisions"}],"wp:featuredmedia":[{"embeddable":true,"href":"https:\/\/informelitoral.com.ar\/%77%70%2d%6a%73%6f%6e\/wp\/v2\/media\/44015"}],"wp:attachment":[{"href":"https:\/\/informelitoral.com.ar\/%77%70%2d%6a%73%6f%6e\/wp\/v2\/media?parent=46556"}],"wp:term":[{"taxonomy":"category","embeddable":true,"href":"https:\/\/informelitoral.com.ar\/%77%70%2d%6a%73%6f%6e\/wp\/v2\/categories?post=46556"},{"taxonomy":"post_tag","embeddable":true,"href":"https:\/\/informelitoral.com.ar\/%77%70%2d%6a%73%6f%6e\/wp\/v2\/tags?post=46556"}],"curies":[{"name":"wp","href":"https:\/\/api.w.org\/{rel}","templated":true}]}}