{"id":46554,"date":"2020-07-27T20:09:33","date_gmt":"2020-07-27T23:09:33","guid":{"rendered":"https:\/\/www.isletasnoticias.com.ar\/?p=46554"},"modified":"2020-07-28T08:06:09","modified_gmt":"2020-07-28T11:06:09","slug":"colectivos-presentamos-un-proyecto-para-poder-auditar-a-las-empresas","status":"publish","type":"post","link":"https:\/\/informelitoral.com.ar\/colectivos-presentamos-un-proyecto-para-poder-auditar-a-las-empresas\/","title":{"rendered":"Colectivos: \u00abPresentamos un proyecto para poder auditar a las empresas\u00bb"},"content":{"rendered":"<p>\u00abA este conflicto hay que dividirlo en dos, primero la situaci\u00f3n del servicio anterior al contexto actual de la pandemia y en la actualidad con las modificaciones que sufrieron todas las rutinas\u00bb, expres\u00f3 David C\u00e1ceres, Concejal Frente Creer Entre R\u00edos.<\/p>\n<p>\u00abCreo que ten\u00edamos un servicio deficiente en cuanto a la prestaci\u00f3n y ven\u00edamos arrastrando severos inconvenientes. Es dif\u00edcil hoy en d\u00eda diferenciar la problem\u00e1tica por la crisis que tenemos a causa del coronavirus\u00bb, dijo.<\/p>\n<p>Y agreg\u00f3 que \u00abtenemos una uni\u00f3n transitoria de empresas que se conform\u00f3 para prestar el servicio y nunca terminaron de cumplir con sus obligaciones\u00bb.<\/p>\n<p>\u00abLos choferes del gremio de UTA y FATAP, no han podido resolver una cuesti\u00f3n paritaria y tambi\u00e9n hubo una dilataci\u00f3n por parte del Gobierno Nacional con respecto a los subsidios que deber\u00edan llegar a la provincia y de ah\u00ed a los distintos municipios\u00bb.<\/p>\n<p>El \u00d3rgano de Control del Servicio de Transporte Urbano (SITU), \u00abtiene como objetivo velar con el cumplimiento del contrato y donde seguramente participaremos las distintas fuerzas. Vamos a poder analizar en profundizar los que sucede\u00bb.<\/p>\n<p>\u00abNosotros presentamos un proyecto para poder auditar a las empresas, pero no en este contexto de pandemia, sino m\u00e1s bien en los \u00faltimos dos a\u00f1os en que se les cedi\u00f3 las concesiones\u00bb, indic\u00f3.<\/p>\n<p>Al respecto dijo que \u00ablo que queremos saber es cu\u00e1nto cuesta prestar el servicio en la ciudad de Paran\u00e1, para ver cu\u00e1nto tuvieron de ganancias en este tiempo y si es verdad que empezaron deficiencia\u00bb.<\/p>\n<p>\u00abQueremos instar al Poder Ejecutivo a que realicen audiencias y para ello proponemos conformar una comisi\u00f3n que la integre el contador municipal, auditoria municipal, los colegios de escribanos y contadores para saber si lo que las empresas dicen es verdad\u00bb, explic\u00f3.<\/p>\n<p>Y remarc\u00f3 que \u00abuno de los art\u00edculos que denunciamos es que si la municipalidad quisiera quitarle la concesi\u00f3n a las empresas por los incumplimientos, no ser\u00eda necesario que sigan prestando el servicios hasta que haya una nueva licitaci\u00f3n. Pero si la empresa decide irse, tiene la obligaci\u00f3n tiene la obligaci\u00f3n de prestar el servicio\u00bb.<\/p>\n<p>Sobre la conformaci\u00f3n del SITU, dijo que \u00abla demora fue producto del aislamiento y de la cuarentena. Es un \u00f3rgano que trabaja con cuestiones muy puntuales y es necesaria la presencia de sus integrantes en las reuniones\u00bb.<\/p>\n<p>Al finalizar, dijo que \u00abdesde el bloque creemos que la soluci\u00f3n es que las empresas con los subsidios garanticen el pago de los sueldos y garantizar al prestaci\u00f3n del servicio. Pero tambi\u00e9n se exigente en el cumplimiento de los contratos por parte de las empresas. Hay que crear nuevas estrategias\u00bb.<\/p>\n","protected":false},"excerpt":{"rendered":"<p>As\u00ed lo indic\u00f3 David C\u00e1ceres, Concejal Frente Creer Entre R\u00edos. Desde el bloque pedir\u00e1n a las empresas que rindan cuentas de los ingresos y gasto para saber \u00abcu\u00e1nto cuesta prestar el servicio en la ciudad de Paran\u00e1\u00bb, dijo.<\/p>\n","protected":false},"author":8,"featured_media":45455,"comment_status":"open","ping_status":"open","sticky":false,"template":"","format":"standard","meta":{"fifu_image_url":"","fifu_image_alt":"","footnotes":""},"categories":[16],"tags":[133,65],"class_list":{"0":"post-46554","1":"post","2":"type-post","3":"status-publish","4":"format-standard","5":"has-post-thumbnail","7":"category-politi","8":"tag-colectivos","9":"tag-paro"},"yoast_head":"<title>Colectivos: &quot;Presentamos un proyecto para poder auditar a las empresas&quot; - Informe Litoral<\/title>\n<meta name=\"robots\" content=\"index, follow, max-snippet:-1, max-image-preview:large, max-video-preview:-1\" \/>\n<link rel=\"canonical\" href=\"https:\/\/informelitoral.com.ar\/colectivos-presentamos-un-proyecto-para-poder-auditar-a-las-empresas\/\" \/>\n<meta property=\"og:locale\" content=\"es_ES\" \/>\n<meta property=\"og:type\" content=\"article\" \/>\n<meta property=\"og:title\" content=\"Colectivos: &quot;Presentamos un proyecto para poder auditar a las empresas&quot; - Informe Litoral\" \/>\n<meta property=\"og:description\" content=\"As\u00ed lo indic\u00f3 David C\u00e1ceres, Concejal Frente Creer Entre R\u00edos. Desde el bloque pedir\u00e1n a las empresas que rindan cuentas de los ingresos y gasto para saber &quot;cu\u00e1nto cuesta prestar el servicio en la ciudad de Paran\u00e1&quot;, dijo.\" \/>\n<meta property=\"og:url\" content=\"https:\/\/informelitoral.com.ar\/colectivos-presentamos-un-proyecto-para-poder-auditar-a-las-empresas\/\" \/>\n<meta property=\"og:site_name\" content=\"Informe Litoral\" \/>\n<meta property=\"article:publisher\" content=\"https:\/\/www.facebook.com\/informelitoral\/\" \/>\n<meta property=\"article:published_time\" content=\"2020-07-27T23:09:33+00:00\" \/>\n<meta property=\"article:modified_time\" content=\"2020-07-28T11:06:09+00:00\" \/>\n<meta property=\"og:image\" content=\"https:\/\/informelitoral.com.ar\/%77%70%2d%63%6f%6e%74%65%6e%74\/uploads\/2020\/07\/colectivos.jpg\" \/>\n\t<meta property=\"og:image:width\" content=\"870\" \/>\n\t<meta property=\"og:image:height\" content=\"580\" \/>\n\t<meta property=\"og:image:type\" content=\"image\/jpeg\" \/>\n<meta name=\"author\" content=\"Sebastian\" \/>\n<meta name=\"twitter:card\" content=\"summary_large_image\" \/>\n<meta name=\"twitter:creator\" content=\"@InformeLitoral\" \/>\n<meta name=\"twitter:site\" content=\"@InformeLitoral\" \/>\n<meta name=\"twitter:label1\" content=\"Escrito por\" \/>\n\t<meta name=\"twitter:data1\" content=\"Sebastian\" \/>\n\t<meta name=\"twitter:label2\" content=\"Tiempo de lectura\" \/>\n\t<meta name=\"twitter:data2\" content=\"2 minutos\" \/>\n<script type=\"application\/ld+json\" class=\"yoast-schema-graph\">{\"@context\":\"https:\\\/\\\/schema.org\",\"@graph\":[{\"@type\":\"Article\",\"@id\":\"https:\\\/\\\/informelitoral.com.ar\\\/colectivos-presentamos-un-proyecto-para-poder-auditar-a-las-empresas\\\/#article\",\"isPartOf\":{\"@id\":\"https:\\\/\\\/informelitoral.com.ar\\\/colectivos-presentamos-un-proyecto-para-poder-auditar-a-las-empresas\\\/\"},\"author\":{\"name\":\"Sebastian\",\"@id\":\"https:\\\/\\\/informelitoral.com.ar\\\/#\\\/schema\\\/person\\\/f05f9f461677119578717524b127d6d5\"},\"headline\":\"Colectivos: \u00abPresentamos un proyecto para poder auditar a las empresas\u00bb\",\"datePublished\":\"2020-07-27T23:09:33+00:00\",\"dateModified\":\"2020-07-28T11:06:09+00:00\",\"mainEntityOfPage\":{\"@id\":\"https:\\\/\\\/informelitoral.com.ar\\\/colectivos-presentamos-un-proyecto-para-poder-auditar-a-las-empresas\\\/\"},\"wordCount\":465,\"commentCount\":0,\"publisher\":{\"@id\":\"https:\\\/\\\/informelitoral.com.ar\\\/#organization\"},\"image\":{\"@id\":\"https:\\\/\\\/informelitoral.com.ar\\\/colectivos-presentamos-un-proyecto-para-poder-auditar-a-las-empresas\\\/#primaryimage\"},\"thumbnailUrl\":\"https:\\\/\\\/informelitoral.com.ar\\\/%77%70%2d%63%6f%6e%74%65%6e%74\\\/uploads\\\/2020\\\/07\\\/colectivos.jpg\",\"keywords\":[\"Colectivos\",\"Paro\"],\"articleSection\":[\"Politica\"],\"inLanguage\":\"es\",\"potentialAction\":[{\"@type\":\"CommentAction\",\"name\":\"Comment\",\"target\":[\"https:\\\/\\\/informelitoral.com.ar\\\/colectivos-presentamos-un-proyecto-para-poder-auditar-a-las-empresas\\\/#respond\"]}]},{\"@type\":\"WebPage\",\"@id\":\"https:\\\/\\\/informelitoral.com.ar\\\/colectivos-presentamos-un-proyecto-para-poder-auditar-a-las-empresas\\\/\",\"url\":\"https:\\\/\\\/informelitoral.com.ar\\\/colectivos-presentamos-un-proyecto-para-poder-auditar-a-las-empresas\\\/\",\"name\":\"Colectivos: \\\"Presentamos un proyecto para poder auditar a las empresas\\\" - Informe Litoral\",\"isPartOf\":{\"@id\":\"https:\\\/\\\/informelitoral.com.ar\\\/#website\"},\"primaryImageOfPage\":{\"@id\":\"https:\\\/\\\/informelitoral.com.ar\\\/colectivos-presentamos-un-proyecto-para-poder-auditar-a-las-empresas\\\/#primaryimage\"},\"image\":{\"@id\":\"https:\\\/\\\/informelitoral.com.ar\\\/colectivos-presentamos-un-proyecto-para-poder-auditar-a-las-empresas\\\/#primaryimage\"},\"thumbnailUrl\":\"https:\\\/\\\/informelitoral.com.ar\\\/%77%70%2d%63%6f%6e%74%65%6e%74\\\/uploads\\\/2020\\\/07\\\/colectivos.jpg\",\"datePublished\":\"2020-07-27T23:09:33+00:00\",\"dateModified\":\"2020-07-28T11:06:09+00:00\",\"breadcrumb\":{\"@id\":\"https:\\\/\\\/informelitoral.com.ar\\\/colectivos-presentamos-un-proyecto-para-poder-auditar-a-las-empresas\\\/#breadcrumb\"},\"inLanguage\":\"es\",\"potentialAction\":[{\"@type\":\"ReadAction\",\"target\":[\"https:\\\/\\\/informelitoral.com.ar\\\/colectivos-presentamos-un-proyecto-para-poder-auditar-a-las-empresas\\\/\"]}]},{\"@type\":\"ImageObject\",\"inLanguage\":\"es\",\"@id\":\"https:\\\/\\\/informelitoral.com.ar\\\/colectivos-presentamos-un-proyecto-para-poder-auditar-a-las-empresas\\\/#primaryimage\",\"url\":\"https:\\\/\\\/informelitoral.com.ar\\\/%77%70%2d%63%6f%6e%74%65%6e%74\\\/uploads\\\/2020\\\/07\\\/colectivos.jpg\",\"contentUrl\":\"https:\\\/\\\/informelitoral.com.ar\\\/%77%70%2d%63%6f%6e%74%65%6e%74\\\/uploads\\\/2020\\\/07\\\/colectivos.jpg\",\"width\":870,\"height\":580},{\"@type\":\"BreadcrumbList\",\"@id\":\"https:\\\/\\\/informelitoral.com.ar\\\/colectivos-presentamos-un-proyecto-para-poder-auditar-a-las-empresas\\\/#breadcrumb\",\"itemListElement\":[{\"@type\":\"ListItem\",\"position\":1,\"name\":\"Portada\",\"item\":\"https:\\\/\\\/informelitoral.com.ar\\\/\"},{\"@type\":\"ListItem\",\"position\":2,\"name\":\"Colectivos: \u00abPresentamos un proyecto para poder auditar a las empresas\u00bb\"}]},{\"@type\":\"WebSite\",\"@id\":\"https:\\\/\\\/informelitoral.com.ar\\\/#website\",\"url\":\"https:\\\/\\\/informelitoral.com.ar\\\/\",\"name\":\"Informe Litoral\",\"description\":\"&quot;Nos informamos&quot; \",\"publisher\":{\"@id\":\"https:\\\/\\\/informelitoral.com.ar\\\/#organization\"},\"potentialAction\":[{\"@type\":\"SearchAction\",\"target\":{\"@type\":\"EntryPoint\",\"urlTemplate\":\"https:\\\/\\\/informelitoral.com.ar\\\/?s={search_term_string}\"},\"query-input\":{\"@type\":\"PropertyValueSpecification\",\"valueRequired\":true,\"valueName\":\"search_term_string\"}}],\"inLanguage\":\"es\"},{\"@type\":\"Organization\",\"@id\":\"https:\\\/\\\/informelitoral.com.ar\\\/#organization\",\"name\":\"Informe Litoral\",\"url\":\"https:\\\/\\\/informelitoral.com.ar\\\/\",\"logo\":{\"@type\":\"ImageObject\",\"inLanguage\":\"es\",\"@id\":\"https:\\\/\\\/informelitoral.com.ar\\\/#\\\/schema\\\/logo\\\/image\\\/\",\"url\":\"https:\\\/\\\/informelitoral.com.ar\\\/%77%70%2d%63%6f%6e%74%65%6e%74\\\/uploads\\\/2021\\\/01\\\/circulo.png\",\"contentUrl\":\"https:\\\/\\\/informelitoral.com.ar\\\/%77%70%2d%63%6f%6e%74%65%6e%74\\\/uploads\\\/2021\\\/01\\\/circulo.png\",\"width\":723,\"height\":731,\"caption\":\"Informe Litoral\"},\"image\":{\"@id\":\"https:\\\/\\\/informelitoral.com.ar\\\/#\\\/schema\\\/logo\\\/image\\\/\"},\"sameAs\":[\"https:\\\/\\\/www.facebook.com\\\/informelitoral\\\/\",\"https:\\\/\\\/x.com\\\/InformeLitoral\",\"https:\\\/\\\/www.instagram.com\\\/informelitoral\\\/\",\"https:\\\/\\\/www.youtube.com\\\/channel\\\/UCua4Qvz8Icb6MYqhoq9xLXw\"]},{\"@type\":\"Person\",\"@id\":\"https:\\\/\\\/informelitoral.com.ar\\\/#\\\/schema\\\/person\\\/f05f9f461677119578717524b127d6d5\",\"name\":\"Sebastian\",\"image\":{\"@type\":\"ImageObject\",\"inLanguage\":\"es\",\"@id\":\"https:\\\/\\\/secure.gravatar.com\\\/avatar\\\/b71bf7481d447dfb9583c7f2798e7cc64de6efb9067b74633ed8c31059a3bd82?s=96&d=mm&r=g\",\"url\":\"https:\\\/\\\/secure.gravatar.com\\\/avatar\\\/b71bf7481d447dfb9583c7f2798e7cc64de6efb9067b74633ed8c31059a3bd82?s=96&d=mm&r=g\",\"contentUrl\":\"https:\\\/\\\/secure.gravatar.com\\\/avatar\\\/b71bf7481d447dfb9583c7f2798e7cc64de6efb9067b74633ed8c31059a3bd82?s=96&d=mm&r=g\",\"caption\":\"Sebastian\"},\"url\":\"https:\\\/\\\/informelitoral.com.ar\\\/author\\\/sebastian\\\/\"}]}<\/script>","yoast_head_json":{"title":"Colectivos: \"Presentamos un proyecto para poder auditar a las empresas\" - Informe Litoral","robots":{"index":"index","follow":"follow","max-snippet":"max-snippet:-1","max-image-preview":"max-image-preview:large","max-video-preview":"max-video-preview:-1"},"canonical":"https:\/\/informelitoral.com.ar\/colectivos-presentamos-un-proyecto-para-poder-auditar-a-las-empresas\/","og_locale":"es_ES","og_type":"article","og_title":"Colectivos: \"Presentamos un proyecto para poder auditar a las empresas\" - Informe Litoral","og_description":"As\u00ed lo indic\u00f3 David C\u00e1ceres, Concejal Frente Creer Entre R\u00edos. Desde el bloque pedir\u00e1n a las empresas que rindan cuentas de los ingresos y gasto para saber \"cu\u00e1nto cuesta prestar el servicio en la ciudad de Paran\u00e1\", dijo.","og_url":"https:\/\/informelitoral.com.ar\/colectivos-presentamos-un-proyecto-para-poder-auditar-a-las-empresas\/","og_site_name":"Informe Litoral","article_publisher":"https:\/\/www.facebook.com\/informelitoral\/","article_published_time":"2020-07-27T23:09:33+00:00","article_modified_time":"2020-07-28T11:06:09+00:00","og_image":[{"width":870,"height":580,"url":"https:\/\/informelitoral.com.ar\/%77%70%2d%63%6f%6e%74%65%6e%74\/uploads\/2020\/07\/colectivos.jpg","type":"image\/jpeg"}],"author":"Sebastian","twitter_card":"summary_large_image","twitter_creator":"@InformeLitoral","twitter_site":"@InformeLitoral","twitter_misc":{"Escrito por":"Sebastian","Tiempo de lectura":"2 minutos"},"schema":{"@context":"https:\/\/schema.org","@graph":[{"@type":"Article","@id":"https:\/\/informelitoral.com.ar\/colectivos-presentamos-un-proyecto-para-poder-auditar-a-las-empresas\/#article","isPartOf":{"@id":"https:\/\/informelitoral.com.ar\/colectivos-presentamos-un-proyecto-para-poder-auditar-a-las-empresas\/"},"author":{"name":"Sebastian","@id":"https:\/\/informelitoral.com.ar\/#\/schema\/person\/f05f9f461677119578717524b127d6d5"},"headline":"Colectivos: \u00abPresentamos un proyecto para poder auditar a las empresas\u00bb","datePublished":"2020-07-27T23:09:33+00:00","dateModified":"2020-07-28T11:06:09+00:00","mainEntityOfPage":{"@id":"https:\/\/informelitoral.com.ar\/colectivos-presentamos-un-proyecto-para-poder-auditar-a-las-empresas\/"},"wordCount":465,"commentCount":0,"publisher":{"@id":"https:\/\/informelitoral.com.ar\/#organization"},"image":{"@id":"https:\/\/informelitoral.com.ar\/colectivos-presentamos-un-proyecto-para-poder-auditar-a-las-empresas\/#primaryimage"},"thumbnailUrl":"https:\/\/informelitoral.com.ar\/%77%70%2d%63%6f%6e%74%65%6e%74\/uploads\/2020\/07\/colectivos.jpg","keywords":["Colectivos","Paro"],"articleSection":["Politica"],"inLanguage":"es","potentialAction":[{"@type":"CommentAction","name":"Comment","target":["https:\/\/informelitoral.com.ar\/colectivos-presentamos-un-proyecto-para-poder-auditar-a-las-empresas\/#respond"]}]},{"@type":"WebPage","@id":"https:\/\/informelitoral.com.ar\/colectivos-presentamos-un-proyecto-para-poder-auditar-a-las-empresas\/","url":"https:\/\/informelitoral.com.ar\/colectivos-presentamos-un-proyecto-para-poder-auditar-a-las-empresas\/","name":"Colectivos: \"Presentamos un proyecto para poder auditar a las empresas\" - Informe Litoral","isPartOf":{"@id":"https:\/\/informelitoral.com.ar\/#website"},"primaryImageOfPage":{"@id":"https:\/\/informelitoral.com.ar\/colectivos-presentamos-un-proyecto-para-poder-auditar-a-las-empresas\/#primaryimage"},"image":{"@id":"https:\/\/informelitoral.com.ar\/colectivos-presentamos-un-proyecto-para-poder-auditar-a-las-empresas\/#primaryimage"},"thumbnailUrl":"https:\/\/informelitoral.com.ar\/%77%70%2d%63%6f%6e%74%65%6e%74\/uploads\/2020\/07\/colectivos.jpg","datePublished":"2020-07-27T23:09:33+00:00","dateModified":"2020-07-28T11:06:09+00:00","breadcrumb":{"@id":"https:\/\/informelitoral.com.ar\/colectivos-presentamos-un-proyecto-para-poder-auditar-a-las-empresas\/#breadcrumb"},"inLanguage":"es","potentialAction":[{"@type":"ReadAction","target":["https:\/\/informelitoral.com.ar\/colectivos-presentamos-un-proyecto-para-poder-auditar-a-las-empresas\/"]}]},{"@type":"ImageObject","inLanguage":"es","@id":"https:\/\/informelitoral.com.ar\/colectivos-presentamos-un-proyecto-para-poder-auditar-a-las-empresas\/#primaryimage","url":"https:\/\/informelitoral.com.ar\/%77%70%2d%63%6f%6e%74%65%6e%74\/uploads\/2020\/07\/colectivos.jpg","contentUrl":"https:\/\/informelitoral.com.ar\/%77%70%2d%63%6f%6e%74%65%6e%74\/uploads\/2020\/07\/colectivos.jpg","width":870,"height":580},{"@type":"BreadcrumbList","@id":"https:\/\/informelitoral.com.ar\/colectivos-presentamos-un-proyecto-para-poder-auditar-a-las-empresas\/#breadcrumb","itemListElement":[{"@type":"ListItem","position":1,"name":"Portada","item":"https:\/\/informelitoral.com.ar\/"},{"@type":"ListItem","position":2,"name":"Colectivos: \u00abPresentamos un proyecto para poder auditar a las empresas\u00bb"}]},{"@type":"WebSite","@id":"https:\/\/informelitoral.com.ar\/#website","url":"https:\/\/informelitoral.com.ar\/","name":"Informe Litoral","description":"&quot;Nos informamos&quot; ","publisher":{"@id":"https:\/\/informelitoral.com.ar\/#organization"},"potentialAction":[{"@type":"SearchAction","target":{"@type":"EntryPoint","urlTemplate":"https:\/\/informelitoral.com.ar\/?s={search_term_string}"},"query-input":{"@type":"PropertyValueSpecification","valueRequired":true,"valueName":"search_term_string"}}],"inLanguage":"es"},{"@type":"Organization","@id":"https:\/\/informelitoral.com.ar\/#organization","name":"Informe Litoral","url":"https:\/\/informelitoral.com.ar\/","logo":{"@type":"ImageObject","inLanguage":"es","@id":"https:\/\/informelitoral.com.ar\/#\/schema\/logo\/image\/","url":"https:\/\/informelitoral.com.ar\/%77%70%2d%63%6f%6e%74%65%6e%74\/uploads\/2021\/01\/circulo.png","contentUrl":"https:\/\/informelitoral.com.ar\/%77%70%2d%63%6f%6e%74%65%6e%74\/uploads\/2021\/01\/circulo.png","width":723,"height":731,"caption":"Informe Litoral"},"image":{"@id":"https:\/\/informelitoral.com.ar\/#\/schema\/logo\/image\/"},"sameAs":["https:\/\/www.facebook.com\/informelitoral\/","https:\/\/x.com\/InformeLitoral","https:\/\/www.instagram.com\/informelitoral\/","https:\/\/www.youtube.com\/channel\/UCua4Qvz8Icb6MYqhoq9xLXw"]},{"@type":"Person","@id":"https:\/\/informelitoral.com.ar\/#\/schema\/person\/f05f9f461677119578717524b127d6d5","name":"Sebastian","image":{"@type":"ImageObject","inLanguage":"es","@id":"https:\/\/secure.gravatar.com\/avatar\/b71bf7481d447dfb9583c7f2798e7cc64de6efb9067b74633ed8c31059a3bd82?s=96&d=mm&r=g","url":"https:\/\/secure.gravatar.com\/avatar\/b71bf7481d447dfb9583c7f2798e7cc64de6efb9067b74633ed8c31059a3bd82?s=96&d=mm&r=g","contentUrl":"https:\/\/secure.gravatar.com\/avatar\/b71bf7481d447dfb9583c7f2798e7cc64de6efb9067b74633ed8c31059a3bd82?s=96&d=mm&r=g","caption":"Sebastian"},"url":"https:\/\/informelitoral.com.ar\/author\/sebastian\/"}]}},"_links":{"self":[{"href":"https:\/\/informelitoral.com.ar\/%77%70%2d%6a%73%6f%6e\/wp\/v2\/posts\/46554","targetHints":{"allow":["GET"]}}],"collection":[{"href":"https:\/\/informelitoral.com.ar\/%77%70%2d%6a%73%6f%6e\/wp\/v2\/posts"}],"about":[{"href":"https:\/\/informelitoral.com.ar\/%77%70%2d%6a%73%6f%6e\/wp\/v2\/types\/post"}],"author":[{"embeddable":true,"href":"https:\/\/informelitoral.com.ar\/%77%70%2d%6a%73%6f%6e\/wp\/v2\/users\/8"}],"replies":[{"embeddable":true,"href":"https:\/\/informelitoral.com.ar\/%77%70%2d%6a%73%6f%6e\/wp\/v2\/comments?post=46554"}],"version-history":[{"count":0,"href":"https:\/\/informelitoral.com.ar\/%77%70%2d%6a%73%6f%6e\/wp\/v2\/posts\/46554\/revisions"}],"wp:featuredmedia":[{"embeddable":true,"href":"https:\/\/informelitoral.com.ar\/%77%70%2d%6a%73%6f%6e\/wp\/v2\/media\/45455"}],"wp:attachment":[{"href":"https:\/\/informelitoral.com.ar\/%77%70%2d%6a%73%6f%6e\/wp\/v2\/media?parent=46554"}],"wp:term":[{"taxonomy":"category","embeddable":true,"href":"https:\/\/informelitoral.com.ar\/%77%70%2d%6a%73%6f%6e\/wp\/v2\/categories?post=46554"},{"taxonomy":"post_tag","embeddable":true,"href":"https:\/\/informelitoral.com.ar\/%77%70%2d%6a%73%6f%6e\/wp\/v2\/tags?post=46554"}],"curies":[{"name":"wp","href":"https:\/\/api.w.org\/{rel}","templated":true}]}}