{"id":46502,"date":"2020-07-27T09:50:55","date_gmt":"2020-07-27T12:50:55","guid":{"rendered":"https:\/\/www.isletasnoticias.com.ar\/?p=46502"},"modified":"2020-07-27T09:50:55","modified_gmt":"2020-07-27T12:50:55","slug":"reducen-un-50-cupo-de-extraccion-y-prohiben-pescar-algunos-dias-en-entre-rios","status":"publish","type":"post","link":"https:\/\/informelitoral.com.ar\/reducen-un-50-cupo-de-extraccion-y-prohiben-pescar-algunos-dias-en-entre-rios\/","title":{"rendered":"Reducen un 50% cupo de extracci\u00f3n y proh\u00edben pescar algunos d\u00edas en Entre R\u00edos"},"content":{"rendered":"<p>La Direcci\u00f3n de Recursos Naturales dispuso reducir en un 50 por ciento el cupo de extracci\u00f3n total de pescado del r\u00edo Paran\u00e1 con jurisdicci\u00f3n provincial, entre julio y diciembre.<\/p>\n<p>La medida, aprobada mediante resoluci\u00f3n 804, responde a la disposici\u00f3n judicial en respuesta a una demanda en ese sentido, por lo cual se instaba al gobierno provincial a evaluar medidas de protecci\u00f3n efectivas que garanticen la recuperaci\u00f3n y uso sustentable del recurso ict\u00edcola.<\/p>\n<p>Adem\u00e1s, se indic\u00f3 que \u00abforma parte del trabajo que viene desarrollando el Ministerio de Producci\u00f3n, teniendo en cuenta que los problemas que acontecieron a partir de la bajante extraordinaria, no s\u00f3lo afectaron la actividad productiva -espec\u00edficamente la pesca-, sino adem\u00e1s cuestiones de preservaci\u00f3n del ambiente tales como el recurso agua y la fauna ict\u00edcola que la habita\u00bb.<\/p>\n<p>La Direcci\u00f3n de Recursos Naturales inform\u00f3 que, como autoridad local de aplicaci\u00f3n de la ley provincial de pesca, contin\u00faa tomando las medidas que considera necesarias para enfrentar esta bajante hist\u00f3rica de los niveles hidrom\u00e9tricos del r\u00edo Paran\u00e1.<\/p>\n<p>Desde la repartici\u00f3n provincial, se\u00f1alaron que\u00a0<b>\u00abse estableci\u00f3 un cupo de extracci\u00f3n y acopio total de pescado de r\u00edo de jurisdicci\u00f3n provincial para los meses de julio a diciembre, de 3.273,26 toneladas, para la especie s\u00e1balo y el denominado pescado de l\u00ednea -especies comerciales acompa\u00f1antes, seg\u00fan terminolog\u00eda Ebipes (Evaluaci\u00f3n Biol\u00f3gica y Pesquera de Especies del R\u00edo Paran\u00e1)\u00bb<\/b>.<\/p>\n<figure class=\"embed\"><a href=\"https:\/\/www.isletasnoticias.com.ar\/%77%70%2d%63%6f%6e%74%65%6e%74\/uploads\/2020\/07\/o_1595841124.jpg\"><img loading=\"lazy\" decoding=\"async\" class=\"aligncenter wp-image-46504 size-full\" src=\"https:\/\/www.isletasnoticias.com.ar\/%77%70%2d%63%6f%6e%74%65%6e%74\/uploads\/2020\/07\/o_1595841124.jpg\" alt=\"\" width=\"800\" height=\"450\" srcset=\"https:\/\/informelitoral.com.ar\/%77%70%2d%63%6f%6e%74%65%6e%74\/uploads\/2020\/07\/o_1595841124.jpg 800w, https:\/\/informelitoral.com.ar\/%77%70%2d%63%6f%6e%74%65%6e%74\/uploads\/2020\/07\/o_1595841124-300x169.jpg 300w, https:\/\/informelitoral.com.ar\/%77%70%2d%63%6f%6e%74%65%6e%74\/uploads\/2020\/07\/o_1595841124-768x432.jpg 768w, https:\/\/informelitoral.com.ar\/%77%70%2d%63%6f%6e%74%65%6e%74\/uploads\/2020\/07\/o_1595841124-696x392.jpg 696w, https:\/\/informelitoral.com.ar\/%77%70%2d%63%6f%6e%74%65%6e%74\/uploads\/2020\/07\/o_1595841124-747x420.jpg 747w\" sizes=\"auto, (max-width: 800px) 100vw, 800px\" \/><\/a><\/figure>\n<p>Cabe destacar que la resoluci\u00f3n se ajusta a \u00ablos lineamientos fijados por las autoridades interjurisdiccionales obtenidos de la Comisi\u00f3n de Pesca Continental para la reducci\u00f3n del cupo de exportaci\u00f3n\u00bb, seg\u00fan se\u00f1ala uno de sus considerandos.<\/p>\n<p>La asignaci\u00f3n de este cupo en particular ser\u00e1 realizada de conformidad al volumen de extracci\u00f3n registrado durante el ejercicio 2019 y con id\u00e9ntica reducci\u00f3n a la ordenada judicialmente, y teniendo en cuenta las particularidades propias de cada actor de la cadena pesquera.<\/p>\n<p>Para esto, seg\u00fan indicaron desde el organismo oficial, \u00abse fija un plazo hasta el 15 de agosto de 2020 para que las pesquer\u00edas realicen la presentaci\u00f3n de una solicitud, indicando el volumen a extraer durante el per\u00edodo julio a diciembre de 2020, en funci\u00f3n a un fraccionamiento mensual razonable. En caso de no presentarse a t\u00e9rmino, la asignaci\u00f3n de los cupos ser\u00e1 realizada de oficio por la Direcci\u00f3n de Recursos Naturales de la provincia\u00bb.<\/p>\n<p>Asimismo, se aclar\u00f3 que en el caso de los frigor\u00edficos con autorizaci\u00f3n para exportar, el volumen de extracci\u00f3n y acopio ser\u00e1 determinado conforme a pautas precedentes, ponderadas seg\u00fan porcentajes promedio de las asignaciones de cupos de exportaci\u00f3n emitidos por la Subsecretar\u00eda de Pesca y Acuicultura dependiente del Ministerio de Agricultura, Ganader\u00eda y Pesca de la Naci\u00f3n\u00bb.<\/p>\n<p>Adem\u00e1s, la presente resoluci\u00f3n dispone la no emisi\u00f3n de gu\u00edas de transporte de productos de la pesca una vez alcanzados lo vol\u00famenes autorizados.<\/p>\n<p>Por otro lado,\u00a0<b>ratifica \u00abla prohibici\u00f3n de la pesca comercial y deportiva en aguas del r\u00edo Paran\u00e1 de jurisdicci\u00f3n provincial y de acopio de productos de pesca los d\u00edas martes (de 00 a 24 horas), viernes desde las 00.00. hasta el domingo a las 24; feriados nacionales y provinciales por el t\u00e9rmino de ciento veinte d\u00edas corridos<\/b>, por lo que en virtud del principio de econom\u00eda procesal corresponde condensar los mandatos dictados por el \u00f3rgano jurisdiccional interviniente en \u00fanico acto administrativo\u00bb.<\/p>\n","protected":false},"excerpt":{"rendered":"<p>Responde a la disposici\u00f3n judicial en ese sentido. Rige para la extracci\u00f3n de peces del r\u00edo Paran\u00e1 con jurisdicci\u00f3n provincial, entre julio y diciembre. Qu\u00e9 d\u00edas est\u00e1 prohibida la pesca comercial y deportiva.<\/p>\n","protected":false},"author":2,"featured_media":46503,"comment_status":"open","ping_status":"open","sticky":false,"template":"","format":"standard","meta":{"fifu_image_url":"","fifu_image_alt":"","footnotes":""},"categories":[6],"tags":[778,777],"class_list":{"0":"post-46502","1":"post","2":"type-post","3":"status-publish","4":"format-standard","5":"has-post-thumbnail","7":"category-entre-rios","8":"tag-pesca","9":"tag-rio-parana"},"yoast_head":"<title>Reducen un 50% cupo de extracci\u00f3n y proh\u00edben pescar algunos d\u00edas en Entre R\u00edos - Informe Litoral<\/title>\n<meta name=\"robots\" content=\"index, follow, max-snippet:-1, max-image-preview:large, max-video-preview:-1\" \/>\n<link rel=\"canonical\" href=\"https:\/\/informelitoral.com.ar\/reducen-un-50-cupo-de-extraccion-y-prohiben-pescar-algunos-dias-en-entre-rios\/\" \/>\n<meta property=\"og:locale\" content=\"es_ES\" \/>\n<meta property=\"og:type\" content=\"article\" \/>\n<meta property=\"og:title\" content=\"Reducen un 50% cupo de extracci\u00f3n y proh\u00edben pescar algunos d\u00edas en Entre R\u00edos - Informe Litoral\" \/>\n<meta property=\"og:description\" content=\"Responde a la disposici\u00f3n judicial en ese sentido. Rige para la extracci\u00f3n de peces del r\u00edo Paran\u00e1 con jurisdicci\u00f3n provincial, entre julio y diciembre. Qu\u00e9 d\u00edas est\u00e1 prohibida la pesca comercial y deportiva.\" \/>\n<meta property=\"og:url\" content=\"https:\/\/informelitoral.com.ar\/reducen-un-50-cupo-de-extraccion-y-prohiben-pescar-algunos-dias-en-entre-rios\/\" \/>\n<meta property=\"og:site_name\" content=\"Informe Litoral\" \/>\n<meta property=\"article:publisher\" content=\"https:\/\/www.facebook.com\/informelitoral\/\" \/>\n<meta property=\"article:published_time\" content=\"2020-07-27T12:50:55+00:00\" \/>\n<meta property=\"og:image\" content=\"https:\/\/informelitoral.com.ar\/%77%70%2d%63%6f%6e%74%65%6e%74\/uploads\/2020\/07\/o_1595841123.jpg\" \/>\n\t<meta property=\"og:image:width\" content=\"800\" \/>\n\t<meta property=\"og:image:height\" content=\"450\" \/>\n\t<meta property=\"og:image:type\" content=\"image\/jpeg\" \/>\n<meta name=\"author\" content=\"Gonzalo Schmidt\" \/>\n<meta name=\"twitter:card\" content=\"summary_large_image\" \/>\n<meta name=\"twitter:creator\" content=\"@InformeLitoral\" \/>\n<meta name=\"twitter:site\" content=\"@InformeLitoral\" \/>\n<meta name=\"twitter:label1\" content=\"Escrito por\" \/>\n\t<meta name=\"twitter:data1\" content=\"Gonzalo Schmidt\" \/>\n\t<meta name=\"twitter:label2\" content=\"Tiempo de lectura\" \/>\n\t<meta name=\"twitter:data2\" content=\"3 minutos\" \/>\n<script type=\"application\/ld+json\" class=\"yoast-schema-graph\">{\"@context\":\"https:\\\/\\\/schema.org\",\"@graph\":[{\"@type\":\"Article\",\"@id\":\"https:\\\/\\\/informelitoral.com.ar\\\/reducen-un-50-cupo-de-extraccion-y-prohiben-pescar-algunos-dias-en-entre-rios\\\/#article\",\"isPartOf\":{\"@id\":\"https:\\\/\\\/informelitoral.com.ar\\\/reducen-un-50-cupo-de-extraccion-y-prohiben-pescar-algunos-dias-en-entre-rios\\\/\"},\"author\":{\"name\":\"Gonzalo Schmidt\",\"@id\":\"https:\\\/\\\/informelitoral.com.ar\\\/#\\\/schema\\\/person\\\/b9d00407c836482871ef1d57bf8e3180\"},\"headline\":\"Reducen un 50% cupo de extracci\u00f3n y proh\u00edben pescar algunos d\u00edas en Entre R\u00edos\",\"datePublished\":\"2020-07-27T12:50:55+00:00\",\"mainEntityOfPage\":{\"@id\":\"https:\\\/\\\/informelitoral.com.ar\\\/reducen-un-50-cupo-de-extraccion-y-prohiben-pescar-algunos-dias-en-entre-rios\\\/\"},\"wordCount\":613,\"commentCount\":0,\"publisher\":{\"@id\":\"https:\\\/\\\/informelitoral.com.ar\\\/#organization\"},\"image\":{\"@id\":\"https:\\\/\\\/informelitoral.com.ar\\\/reducen-un-50-cupo-de-extraccion-y-prohiben-pescar-algunos-dias-en-entre-rios\\\/#primaryimage\"},\"thumbnailUrl\":\"https:\\\/\\\/informelitoral.com.ar\\\/%77%70%2d%63%6f%6e%74%65%6e%74\\\/uploads\\\/2020\\\/07\\\/o_1595841123.jpg\",\"keywords\":[\"Pesca\",\"R\u00edo Paran\u00e1\"],\"articleSection\":[\"Entre R\u00edos\"],\"inLanguage\":\"es\",\"potentialAction\":[{\"@type\":\"CommentAction\",\"name\":\"Comment\",\"target\":[\"https:\\\/\\\/informelitoral.com.ar\\\/reducen-un-50-cupo-de-extraccion-y-prohiben-pescar-algunos-dias-en-entre-rios\\\/#respond\"]}]},{\"@type\":\"WebPage\",\"@id\":\"https:\\\/\\\/informelitoral.com.ar\\\/reducen-un-50-cupo-de-extraccion-y-prohiben-pescar-algunos-dias-en-entre-rios\\\/\",\"url\":\"https:\\\/\\\/informelitoral.com.ar\\\/reducen-un-50-cupo-de-extraccion-y-prohiben-pescar-algunos-dias-en-entre-rios\\\/\",\"name\":\"Reducen un 50% cupo de extracci\u00f3n y proh\u00edben pescar algunos d\u00edas en Entre R\u00edos - Informe Litoral\",\"isPartOf\":{\"@id\":\"https:\\\/\\\/informelitoral.com.ar\\\/#website\"},\"primaryImageOfPage\":{\"@id\":\"https:\\\/\\\/informelitoral.com.ar\\\/reducen-un-50-cupo-de-extraccion-y-prohiben-pescar-algunos-dias-en-entre-rios\\\/#primaryimage\"},\"image\":{\"@id\":\"https:\\\/\\\/informelitoral.com.ar\\\/reducen-un-50-cupo-de-extraccion-y-prohiben-pescar-algunos-dias-en-entre-rios\\\/#primaryimage\"},\"thumbnailUrl\":\"https:\\\/\\\/informelitoral.com.ar\\\/%77%70%2d%63%6f%6e%74%65%6e%74\\\/uploads\\\/2020\\\/07\\\/o_1595841123.jpg\",\"datePublished\":\"2020-07-27T12:50:55+00:00\",\"breadcrumb\":{\"@id\":\"https:\\\/\\\/informelitoral.com.ar\\\/reducen-un-50-cupo-de-extraccion-y-prohiben-pescar-algunos-dias-en-entre-rios\\\/#breadcrumb\"},\"inLanguage\":\"es\",\"potentialAction\":[{\"@type\":\"ReadAction\",\"target\":[\"https:\\\/\\\/informelitoral.com.ar\\\/reducen-un-50-cupo-de-extraccion-y-prohiben-pescar-algunos-dias-en-entre-rios\\\/\"]}]},{\"@type\":\"ImageObject\",\"inLanguage\":\"es\",\"@id\":\"https:\\\/\\\/informelitoral.com.ar\\\/reducen-un-50-cupo-de-extraccion-y-prohiben-pescar-algunos-dias-en-entre-rios\\\/#primaryimage\",\"url\":\"https:\\\/\\\/informelitoral.com.ar\\\/%77%70%2d%63%6f%6e%74%65%6e%74\\\/uploads\\\/2020\\\/07\\\/o_1595841123.jpg\",\"contentUrl\":\"https:\\\/\\\/informelitoral.com.ar\\\/%77%70%2d%63%6f%6e%74%65%6e%74\\\/uploads\\\/2020\\\/07\\\/o_1595841123.jpg\",\"width\":800,\"height\":450},{\"@type\":\"BreadcrumbList\",\"@id\":\"https:\\\/\\\/informelitoral.com.ar\\\/reducen-un-50-cupo-de-extraccion-y-prohiben-pescar-algunos-dias-en-entre-rios\\\/#breadcrumb\",\"itemListElement\":[{\"@type\":\"ListItem\",\"position\":1,\"name\":\"Portada\",\"item\":\"https:\\\/\\\/informelitoral.com.ar\\\/\"},{\"@type\":\"ListItem\",\"position\":2,\"name\":\"Reducen un 50% cupo de extracci\u00f3n y proh\u00edben pescar algunos d\u00edas en Entre R\u00edos\"}]},{\"@type\":\"WebSite\",\"@id\":\"https:\\\/\\\/informelitoral.com.ar\\\/#website\",\"url\":\"https:\\\/\\\/informelitoral.com.ar\\\/\",\"name\":\"Informe Litoral\",\"description\":\"&quot;Nos informamos&quot; \",\"publisher\":{\"@id\":\"https:\\\/\\\/informelitoral.com.ar\\\/#organization\"},\"potentialAction\":[{\"@type\":\"SearchAction\",\"target\":{\"@type\":\"EntryPoint\",\"urlTemplate\":\"https:\\\/\\\/informelitoral.com.ar\\\/?s={search_term_string}\"},\"query-input\":{\"@type\":\"PropertyValueSpecification\",\"valueRequired\":true,\"valueName\":\"search_term_string\"}}],\"inLanguage\":\"es\"},{\"@type\":\"Organization\",\"@id\":\"https:\\\/\\\/informelitoral.com.ar\\\/#organization\",\"name\":\"Informe Litoral\",\"url\":\"https:\\\/\\\/informelitoral.com.ar\\\/\",\"logo\":{\"@type\":\"ImageObject\",\"inLanguage\":\"es\",\"@id\":\"https:\\\/\\\/informelitoral.com.ar\\\/#\\\/schema\\\/logo\\\/image\\\/\",\"url\":\"https:\\\/\\\/informelitoral.com.ar\\\/%77%70%2d%63%6f%6e%74%65%6e%74\\\/uploads\\\/2021\\\/01\\\/circulo.png\",\"contentUrl\":\"https:\\\/\\\/informelitoral.com.ar\\\/%77%70%2d%63%6f%6e%74%65%6e%74\\\/uploads\\\/2021\\\/01\\\/circulo.png\",\"width\":723,\"height\":731,\"caption\":\"Informe Litoral\"},\"image\":{\"@id\":\"https:\\\/\\\/informelitoral.com.ar\\\/#\\\/schema\\\/logo\\\/image\\\/\"},\"sameAs\":[\"https:\\\/\\\/www.facebook.com\\\/informelitoral\\\/\",\"https:\\\/\\\/x.com\\\/InformeLitoral\",\"https:\\\/\\\/www.instagram.com\\\/informelitoral\\\/\",\"https:\\\/\\\/www.youtube.com\\\/channel\\\/UCua4Qvz8Icb6MYqhoq9xLXw\"]},{\"@type\":\"Person\",\"@id\":\"https:\\\/\\\/informelitoral.com.ar\\\/#\\\/schema\\\/person\\\/b9d00407c836482871ef1d57bf8e3180\",\"name\":\"Gonzalo Schmidt\",\"image\":{\"@type\":\"ImageObject\",\"inLanguage\":\"es\",\"@id\":\"https:\\\/\\\/secure.gravatar.com\\\/avatar\\\/31a1a7b66ff2de83bd0e9fd79d026630d2d99e55e8bfe501287647b4fd9743de?s=96&d=mm&r=g\",\"url\":\"https:\\\/\\\/secure.gravatar.com\\\/avatar\\\/31a1a7b66ff2de83bd0e9fd79d026630d2d99e55e8bfe501287647b4fd9743de?s=96&d=mm&r=g\",\"contentUrl\":\"https:\\\/\\\/secure.gravatar.com\\\/avatar\\\/31a1a7b66ff2de83bd0e9fd79d026630d2d99e55e8bfe501287647b4fd9743de?s=96&d=mm&r=g\",\"caption\":\"Gonzalo Schmidt\"},\"description\":\"Sitio web de noticias de la provincia de Entre R\u00edos, Argentina. Informaci\u00f3n y entretenimiento. Informe Litoral, nos informamos.\",\"sameAs\":[\"http:\\\/\\\/www.isletasnoticias.com.ar\"],\"url\":\"https:\\\/\\\/informelitoral.com.ar\\\/author\\\/gonzalo\\\/\"}]}<\/script>","yoast_head_json":{"title":"Reducen un 50% cupo de extracci\u00f3n y proh\u00edben pescar algunos d\u00edas en Entre R\u00edos - Informe Litoral","robots":{"index":"index","follow":"follow","max-snippet":"max-snippet:-1","max-image-preview":"max-image-preview:large","max-video-preview":"max-video-preview:-1"},"canonical":"https:\/\/informelitoral.com.ar\/reducen-un-50-cupo-de-extraccion-y-prohiben-pescar-algunos-dias-en-entre-rios\/","og_locale":"es_ES","og_type":"article","og_title":"Reducen un 50% cupo de extracci\u00f3n y proh\u00edben pescar algunos d\u00edas en Entre R\u00edos - Informe Litoral","og_description":"Responde a la disposici\u00f3n judicial en ese sentido. Rige para la extracci\u00f3n de peces del r\u00edo Paran\u00e1 con jurisdicci\u00f3n provincial, entre julio y diciembre. Qu\u00e9 d\u00edas est\u00e1 prohibida la pesca comercial y deportiva.","og_url":"https:\/\/informelitoral.com.ar\/reducen-un-50-cupo-de-extraccion-y-prohiben-pescar-algunos-dias-en-entre-rios\/","og_site_name":"Informe Litoral","article_publisher":"https:\/\/www.facebook.com\/informelitoral\/","article_published_time":"2020-07-27T12:50:55+00:00","og_image":[{"width":800,"height":450,"url":"https:\/\/informelitoral.com.ar\/%77%70%2d%63%6f%6e%74%65%6e%74\/uploads\/2020\/07\/o_1595841123.jpg","type":"image\/jpeg"}],"author":"Gonzalo Schmidt","twitter_card":"summary_large_image","twitter_creator":"@InformeLitoral","twitter_site":"@InformeLitoral","twitter_misc":{"Escrito por":"Gonzalo Schmidt","Tiempo de lectura":"3 minutos"},"schema":{"@context":"https:\/\/schema.org","@graph":[{"@type":"Article","@id":"https:\/\/informelitoral.com.ar\/reducen-un-50-cupo-de-extraccion-y-prohiben-pescar-algunos-dias-en-entre-rios\/#article","isPartOf":{"@id":"https:\/\/informelitoral.com.ar\/reducen-un-50-cupo-de-extraccion-y-prohiben-pescar-algunos-dias-en-entre-rios\/"},"author":{"name":"Gonzalo Schmidt","@id":"https:\/\/informelitoral.com.ar\/#\/schema\/person\/b9d00407c836482871ef1d57bf8e3180"},"headline":"Reducen un 50% cupo de extracci\u00f3n y proh\u00edben pescar algunos d\u00edas en Entre R\u00edos","datePublished":"2020-07-27T12:50:55+00:00","mainEntityOfPage":{"@id":"https:\/\/informelitoral.com.ar\/reducen-un-50-cupo-de-extraccion-y-prohiben-pescar-algunos-dias-en-entre-rios\/"},"wordCount":613,"commentCount":0,"publisher":{"@id":"https:\/\/informelitoral.com.ar\/#organization"},"image":{"@id":"https:\/\/informelitoral.com.ar\/reducen-un-50-cupo-de-extraccion-y-prohiben-pescar-algunos-dias-en-entre-rios\/#primaryimage"},"thumbnailUrl":"https:\/\/informelitoral.com.ar\/%77%70%2d%63%6f%6e%74%65%6e%74\/uploads\/2020\/07\/o_1595841123.jpg","keywords":["Pesca","R\u00edo Paran\u00e1"],"articleSection":["Entre R\u00edos"],"inLanguage":"es","potentialAction":[{"@type":"CommentAction","name":"Comment","target":["https:\/\/informelitoral.com.ar\/reducen-un-50-cupo-de-extraccion-y-prohiben-pescar-algunos-dias-en-entre-rios\/#respond"]}]},{"@type":"WebPage","@id":"https:\/\/informelitoral.com.ar\/reducen-un-50-cupo-de-extraccion-y-prohiben-pescar-algunos-dias-en-entre-rios\/","url":"https:\/\/informelitoral.com.ar\/reducen-un-50-cupo-de-extraccion-y-prohiben-pescar-algunos-dias-en-entre-rios\/","name":"Reducen un 50% cupo de extracci\u00f3n y proh\u00edben pescar algunos d\u00edas en Entre R\u00edos - Informe Litoral","isPartOf":{"@id":"https:\/\/informelitoral.com.ar\/#website"},"primaryImageOfPage":{"@id":"https:\/\/informelitoral.com.ar\/reducen-un-50-cupo-de-extraccion-y-prohiben-pescar-algunos-dias-en-entre-rios\/#primaryimage"},"image":{"@id":"https:\/\/informelitoral.com.ar\/reducen-un-50-cupo-de-extraccion-y-prohiben-pescar-algunos-dias-en-entre-rios\/#primaryimage"},"thumbnailUrl":"https:\/\/informelitoral.com.ar\/%77%70%2d%63%6f%6e%74%65%6e%74\/uploads\/2020\/07\/o_1595841123.jpg","datePublished":"2020-07-27T12:50:55+00:00","breadcrumb":{"@id":"https:\/\/informelitoral.com.ar\/reducen-un-50-cupo-de-extraccion-y-prohiben-pescar-algunos-dias-en-entre-rios\/#breadcrumb"},"inLanguage":"es","potentialAction":[{"@type":"ReadAction","target":["https:\/\/informelitoral.com.ar\/reducen-un-50-cupo-de-extraccion-y-prohiben-pescar-algunos-dias-en-entre-rios\/"]}]},{"@type":"ImageObject","inLanguage":"es","@id":"https:\/\/informelitoral.com.ar\/reducen-un-50-cupo-de-extraccion-y-prohiben-pescar-algunos-dias-en-entre-rios\/#primaryimage","url":"https:\/\/informelitoral.com.ar\/%77%70%2d%63%6f%6e%74%65%6e%74\/uploads\/2020\/07\/o_1595841123.jpg","contentUrl":"https:\/\/informelitoral.com.ar\/%77%70%2d%63%6f%6e%74%65%6e%74\/uploads\/2020\/07\/o_1595841123.jpg","width":800,"height":450},{"@type":"BreadcrumbList","@id":"https:\/\/informelitoral.com.ar\/reducen-un-50-cupo-de-extraccion-y-prohiben-pescar-algunos-dias-en-entre-rios\/#breadcrumb","itemListElement":[{"@type":"ListItem","position":1,"name":"Portada","item":"https:\/\/informelitoral.com.ar\/"},{"@type":"ListItem","position":2,"name":"Reducen un 50% cupo de extracci\u00f3n y proh\u00edben pescar algunos d\u00edas en Entre R\u00edos"}]},{"@type":"WebSite","@id":"https:\/\/informelitoral.com.ar\/#website","url":"https:\/\/informelitoral.com.ar\/","name":"Informe Litoral","description":"&quot;Nos informamos&quot; ","publisher":{"@id":"https:\/\/informelitoral.com.ar\/#organization"},"potentialAction":[{"@type":"SearchAction","target":{"@type":"EntryPoint","urlTemplate":"https:\/\/informelitoral.com.ar\/?s={search_term_string}"},"query-input":{"@type":"PropertyValueSpecification","valueRequired":true,"valueName":"search_term_string"}}],"inLanguage":"es"},{"@type":"Organization","@id":"https:\/\/informelitoral.com.ar\/#organization","name":"Informe Litoral","url":"https:\/\/informelitoral.com.ar\/","logo":{"@type":"ImageObject","inLanguage":"es","@id":"https:\/\/informelitoral.com.ar\/#\/schema\/logo\/image\/","url":"https:\/\/informelitoral.com.ar\/%77%70%2d%63%6f%6e%74%65%6e%74\/uploads\/2021\/01\/circulo.png","contentUrl":"https:\/\/informelitoral.com.ar\/%77%70%2d%63%6f%6e%74%65%6e%74\/uploads\/2021\/01\/circulo.png","width":723,"height":731,"caption":"Informe Litoral"},"image":{"@id":"https:\/\/informelitoral.com.ar\/#\/schema\/logo\/image\/"},"sameAs":["https:\/\/www.facebook.com\/informelitoral\/","https:\/\/x.com\/InformeLitoral","https:\/\/www.instagram.com\/informelitoral\/","https:\/\/www.youtube.com\/channel\/UCua4Qvz8Icb6MYqhoq9xLXw"]},{"@type":"Person","@id":"https:\/\/informelitoral.com.ar\/#\/schema\/person\/b9d00407c836482871ef1d57bf8e3180","name":"Gonzalo Schmidt","image":{"@type":"ImageObject","inLanguage":"es","@id":"https:\/\/secure.gravatar.com\/avatar\/31a1a7b66ff2de83bd0e9fd79d026630d2d99e55e8bfe501287647b4fd9743de?s=96&d=mm&r=g","url":"https:\/\/secure.gravatar.com\/avatar\/31a1a7b66ff2de83bd0e9fd79d026630d2d99e55e8bfe501287647b4fd9743de?s=96&d=mm&r=g","contentUrl":"https:\/\/secure.gravatar.com\/avatar\/31a1a7b66ff2de83bd0e9fd79d026630d2d99e55e8bfe501287647b4fd9743de?s=96&d=mm&r=g","caption":"Gonzalo Schmidt"},"description":"Sitio web de noticias de la provincia de Entre R\u00edos, Argentina. Informaci\u00f3n y entretenimiento. Informe Litoral, nos informamos.","sameAs":["http:\/\/www.isletasnoticias.com.ar"],"url":"https:\/\/informelitoral.com.ar\/author\/gonzalo\/"}]}},"_links":{"self":[{"href":"https:\/\/informelitoral.com.ar\/%77%70%2d%6a%73%6f%6e\/wp\/v2\/posts\/46502","targetHints":{"allow":["GET"]}}],"collection":[{"href":"https:\/\/informelitoral.com.ar\/%77%70%2d%6a%73%6f%6e\/wp\/v2\/posts"}],"about":[{"href":"https:\/\/informelitoral.com.ar\/%77%70%2d%6a%73%6f%6e\/wp\/v2\/types\/post"}],"author":[{"embeddable":true,"href":"https:\/\/informelitoral.com.ar\/%77%70%2d%6a%73%6f%6e\/wp\/v2\/users\/2"}],"replies":[{"embeddable":true,"href":"https:\/\/informelitoral.com.ar\/%77%70%2d%6a%73%6f%6e\/wp\/v2\/comments?post=46502"}],"version-history":[{"count":0,"href":"https:\/\/informelitoral.com.ar\/%77%70%2d%6a%73%6f%6e\/wp\/v2\/posts\/46502\/revisions"}],"wp:featuredmedia":[{"embeddable":true,"href":"https:\/\/informelitoral.com.ar\/%77%70%2d%6a%73%6f%6e\/wp\/v2\/media\/46503"}],"wp:attachment":[{"href":"https:\/\/informelitoral.com.ar\/%77%70%2d%6a%73%6f%6e\/wp\/v2\/media?parent=46502"}],"wp:term":[{"taxonomy":"category","embeddable":true,"href":"https:\/\/informelitoral.com.ar\/%77%70%2d%6a%73%6f%6e\/wp\/v2\/categories?post=46502"},{"taxonomy":"post_tag","embeddable":true,"href":"https:\/\/informelitoral.com.ar\/%77%70%2d%6a%73%6f%6e\/wp\/v2\/tags?post=46502"}],"curies":[{"name":"wp","href":"https:\/\/api.w.org\/{rel}","templated":true}]}}