{"id":46405,"date":"2020-07-24T20:38:52","date_gmt":"2020-07-24T23:38:52","guid":{"rendered":"https:\/\/www.isletasnoticias.com.ar\/?p=46405"},"modified":"2020-07-24T20:38:52","modified_gmt":"2020-07-24T23:38:52","slug":"quemas-en-las-islas-estan-prohibidas-en-todo-el-territorio-provincial","status":"publish","type":"post","link":"https:\/\/informelitoral.com.ar\/quemas-en-las-islas-estan-prohibidas-en-todo-el-territorio-provincial\/","title":{"rendered":"Quemas en las islas: \u00abEst\u00e1n prohibidas en todo el territorio provincial\u00bb"},"content":{"rendered":"<p>La C\u00e1mara Federal de Apelaciones de Rosario, ordena a la ciudad de Victoria y a la provincia de Entre R\u00edos a cesar con los incendios por los pr\u00f3ximos 6 meses.<\/p>\n<p>Hace unos d\u00edas el gobierno provincial anunci\u00f3 medidas inmediatas y de fondo para hacer frente al da\u00f1o ambiental que genera la quema de pastizales en el Delta, entre ellas, constituirse como querellante en la causa penal.<\/p>\n<p><a href=\"https:\/\/www.isletasnoticias.com.ar\/%77%70%2d%63%6f%6e%74%65%6e%74\/uploads\/2020\/07\/Signes.jpg\"><img loading=\"lazy\" decoding=\"async\" class=\"size-medium wp-image-46406 aligncenter\" src=\"https:\/\/www.isletasnoticias.com.ar\/%77%70%2d%63%6f%6e%74%65%6e%74\/uploads\/2020\/07\/Signes-300x169.jpg\" alt=\"\" width=\"300\" height=\"169\" srcset=\"https:\/\/informelitoral.com.ar\/%77%70%2d%63%6f%6e%74%65%6e%74\/uploads\/2020\/07\/Signes-300x169.jpg 300w, https:\/\/informelitoral.com.ar\/%77%70%2d%63%6f%6e%74%65%6e%74\/uploads\/2020\/07\/Signes.jpg 640w\" sizes=\"auto, (max-width: 300px) 100vw, 300px\" \/><\/a><\/p>\n<p>\u00abEsto viene de hace larga data, que tiene una superficie de un mill\u00f3n de hect\u00e1reas que buena parte es de dominio p\u00fablico. La quema es un tema recurrente pero este a\u00f1o lleg\u00f3 a niveles insostenibles\u00bb, expres\u00f3\u00a0Julio Rodr\u00edguez Signes Fiscal de Estado.<\/p>\n<p>\u00abLa ley provincial 9.868 proh\u00edbe las quemas, no es que las provincia las aprueba. Este a\u00f1o, son de tal magnitud que la Secretaria de Ambiente que es la autoridad de aplicaci\u00f3n, no tiene una estructura como para impedirlos. Lo que puede hacer son los sumarios y aplicar multas\u00bb, dijo.<\/p>\n<p>Y agreg\u00f3 que \u00ablas quemas est\u00e1n prohibidas en todo el territorio provincial. Pero en islas es muy dif\u00edcil detectar quien lo hizo y donde apagarlo. No s\u00e9 si hay personas procesadas, lo que s\u00e9 es que el Gobernador Bordet, present\u00f3 una denuncia y que esta semana se constituy\u00f3 como querellante\u00bb.<\/p>\n<p>\u00abLa semana que viene tenemos una reuni\u00f3n con los productores, propietarios de campos, que deben asumir una responsabilidad por ser los due\u00f1os, gendarmer\u00eda, Ministerio de Defensa de la Naci\u00f3n para converger las acciones sobre un territorio muy grande\u00bb, coment\u00f3.<\/p>\n<p>\u00abUna vez Rosario nos plante\u00f3 un amparo ante la Corte, pero nunca en esta magnitud de quemas. Esto tiene que ver con la bajante del rio, son quemas ilegales, no son habilitadas por la ley provincial\u00bb, dijo.<\/p>\n<p>Al finalizar, coment\u00f3 que \u00abla secretaria de Ambiente realiza sumarios y aplica multas. Por el lado de la acci\u00f3n penal, la pena es privativa de la libertad. Estamos en etapas preliminares que son las denuncia y la postura de querella del gobernador\u00bb. (Fuente: elonce.com)<\/p>\n","protected":false},"excerpt":{"rendered":"<p>La C&aacute;mara Federal de Apelaciones de Rosario, ordena a la ciudad de Victoria y a la provincia de Entre R&iacute;os a cesar con los incendios por los pr&oacute;ximos 6 meses. Hace unos d&iacute;as el gobierno provincial anunci&oacute; medidas inmediatas y de fondo para hacer frente al da&ntilde;o ambiental que genera la quema de pastizales en [&hellip;]<\/p>\n","protected":false},"author":8,"featured_media":45937,"comment_status":"open","ping_status":"open","sticky":false,"template":"","format":"standard","meta":{"fifu_image_url":"","fifu_image_alt":"","footnotes":""},"categories":[6],"tags":[191,1288,81],"class_list":{"0":"post-46405","1":"post","2":"type-post","3":"status-publish","4":"format-standard","5":"has-post-thumbnail","7":"category-entre-rios","8":"tag-agricultura","9":"tag-crisis-economica","10":"tag-entre-rios"},"yoast_head":"<title>Quemas en las islas: &quot;Est\u00e1n prohibidas en todo el territorio provincial&quot; - Informe Litoral<\/title>\n<meta name=\"robots\" content=\"index, follow, max-snippet:-1, max-image-preview:large, max-video-preview:-1\" \/>\n<link rel=\"canonical\" href=\"https:\/\/informelitoral.com.ar\/quemas-en-las-islas-estan-prohibidas-en-todo-el-territorio-provincial\/\" \/>\n<meta property=\"og:locale\" content=\"es_ES\" \/>\n<meta property=\"og:type\" content=\"article\" \/>\n<meta property=\"og:title\" content=\"Quemas en las islas: &quot;Est\u00e1n prohibidas en todo el territorio provincial&quot; - Informe Litoral\" \/>\n<meta property=\"og:description\" content=\"La C&aacute;mara Federal de Apelaciones de Rosario, ordena a la ciudad de Victoria y a la provincia de Entre R&iacute;os a cesar con los incendios por los pr&oacute;ximos 6 meses. Hace unos d&iacute;as el gobierno provincial anunci&oacute; medidas inmediatas y de fondo para hacer frente al da&ntilde;o ambiental que genera la quema de pastizales en [&hellip;]\" \/>\n<meta property=\"og:url\" content=\"https:\/\/informelitoral.com.ar\/quemas-en-las-islas-estan-prohibidas-en-todo-el-territorio-provincial\/\" \/>\n<meta property=\"og:site_name\" content=\"Informe Litoral\" \/>\n<meta property=\"article:publisher\" content=\"https:\/\/www.facebook.com\/informelitoral\/\" \/>\n<meta property=\"article:published_time\" content=\"2020-07-24T23:38:52+00:00\" \/>\n<meta property=\"og:image\" content=\"https:\/\/informelitoral.com.ar\/%77%70%2d%63%6f%6e%74%65%6e%74\/uploads\/2020\/07\/quema-en-islas.jpeg\" \/>\n\t<meta property=\"og:image:width\" content=\"772\" \/>\n\t<meta property=\"og:image:height\" content=\"435\" \/>\n\t<meta property=\"og:image:type\" content=\"image\/jpeg\" \/>\n<meta name=\"author\" content=\"Sebastian\" \/>\n<meta name=\"twitter:card\" content=\"summary_large_image\" \/>\n<meta name=\"twitter:creator\" content=\"@InformeLitoral\" \/>\n<meta name=\"twitter:site\" content=\"@InformeLitoral\" \/>\n<meta name=\"twitter:label1\" content=\"Escrito por\" \/>\n\t<meta name=\"twitter:data1\" content=\"Sebastian\" \/>\n\t<meta name=\"twitter:label2\" content=\"Tiempo de lectura\" \/>\n\t<meta name=\"twitter:data2\" content=\"2 minutos\" \/>\n<script type=\"application\/ld+json\" class=\"yoast-schema-graph\">{\"@context\":\"https:\\\/\\\/schema.org\",\"@graph\":[{\"@type\":\"Article\",\"@id\":\"https:\\\/\\\/informelitoral.com.ar\\\/quemas-en-las-islas-estan-prohibidas-en-todo-el-territorio-provincial\\\/#article\",\"isPartOf\":{\"@id\":\"https:\\\/\\\/informelitoral.com.ar\\\/quemas-en-las-islas-estan-prohibidas-en-todo-el-territorio-provincial\\\/\"},\"author\":{\"name\":\"Sebastian\",\"@id\":\"https:\\\/\\\/informelitoral.com.ar\\\/#\\\/schema\\\/person\\\/f05f9f461677119578717524b127d6d5\"},\"headline\":\"Quemas en las islas: \u00abEst\u00e1n prohibidas en todo el territorio provincial\u00bb\",\"datePublished\":\"2020-07-24T23:38:52+00:00\",\"mainEntityOfPage\":{\"@id\":\"https:\\\/\\\/informelitoral.com.ar\\\/quemas-en-las-islas-estan-prohibidas-en-todo-el-territorio-provincial\\\/\"},\"wordCount\":358,\"commentCount\":0,\"publisher\":{\"@id\":\"https:\\\/\\\/informelitoral.com.ar\\\/#organization\"},\"image\":{\"@id\":\"https:\\\/\\\/informelitoral.com.ar\\\/quemas-en-las-islas-estan-prohibidas-en-todo-el-territorio-provincial\\\/#primaryimage\"},\"thumbnailUrl\":\"https:\\\/\\\/informelitoral.com.ar\\\/%77%70%2d%63%6f%6e%74%65%6e%74\\\/uploads\\\/2020\\\/07\\\/quema-en-islas.jpeg\",\"keywords\":[\"Agricultura\",\"Crisis econ\u00f3mica\",\"Entre R\u00edos\"],\"articleSection\":[\"Entre R\u00edos\"],\"inLanguage\":\"es\",\"potentialAction\":[{\"@type\":\"CommentAction\",\"name\":\"Comment\",\"target\":[\"https:\\\/\\\/informelitoral.com.ar\\\/quemas-en-las-islas-estan-prohibidas-en-todo-el-territorio-provincial\\\/#respond\"]}]},{\"@type\":\"WebPage\",\"@id\":\"https:\\\/\\\/informelitoral.com.ar\\\/quemas-en-las-islas-estan-prohibidas-en-todo-el-territorio-provincial\\\/\",\"url\":\"https:\\\/\\\/informelitoral.com.ar\\\/quemas-en-las-islas-estan-prohibidas-en-todo-el-territorio-provincial\\\/\",\"name\":\"Quemas en las islas: \\\"Est\u00e1n prohibidas en todo el territorio provincial\\\" - Informe Litoral\",\"isPartOf\":{\"@id\":\"https:\\\/\\\/informelitoral.com.ar\\\/#website\"},\"primaryImageOfPage\":{\"@id\":\"https:\\\/\\\/informelitoral.com.ar\\\/quemas-en-las-islas-estan-prohibidas-en-todo-el-territorio-provincial\\\/#primaryimage\"},\"image\":{\"@id\":\"https:\\\/\\\/informelitoral.com.ar\\\/quemas-en-las-islas-estan-prohibidas-en-todo-el-territorio-provincial\\\/#primaryimage\"},\"thumbnailUrl\":\"https:\\\/\\\/informelitoral.com.ar\\\/%77%70%2d%63%6f%6e%74%65%6e%74\\\/uploads\\\/2020\\\/07\\\/quema-en-islas.jpeg\",\"datePublished\":\"2020-07-24T23:38:52+00:00\",\"breadcrumb\":{\"@id\":\"https:\\\/\\\/informelitoral.com.ar\\\/quemas-en-las-islas-estan-prohibidas-en-todo-el-territorio-provincial\\\/#breadcrumb\"},\"inLanguage\":\"es\",\"potentialAction\":[{\"@type\":\"ReadAction\",\"target\":[\"https:\\\/\\\/informelitoral.com.ar\\\/quemas-en-las-islas-estan-prohibidas-en-todo-el-territorio-provincial\\\/\"]}]},{\"@type\":\"ImageObject\",\"inLanguage\":\"es\",\"@id\":\"https:\\\/\\\/informelitoral.com.ar\\\/quemas-en-las-islas-estan-prohibidas-en-todo-el-territorio-provincial\\\/#primaryimage\",\"url\":\"https:\\\/\\\/informelitoral.com.ar\\\/%77%70%2d%63%6f%6e%74%65%6e%74\\\/uploads\\\/2020\\\/07\\\/quema-en-islas.jpeg\",\"contentUrl\":\"https:\\\/\\\/informelitoral.com.ar\\\/%77%70%2d%63%6f%6e%74%65%6e%74\\\/uploads\\\/2020\\\/07\\\/quema-en-islas.jpeg\",\"width\":772,\"height\":435},{\"@type\":\"BreadcrumbList\",\"@id\":\"https:\\\/\\\/informelitoral.com.ar\\\/quemas-en-las-islas-estan-prohibidas-en-todo-el-territorio-provincial\\\/#breadcrumb\",\"itemListElement\":[{\"@type\":\"ListItem\",\"position\":1,\"name\":\"Portada\",\"item\":\"https:\\\/\\\/informelitoral.com.ar\\\/\"},{\"@type\":\"ListItem\",\"position\":2,\"name\":\"Quemas en las islas: \u00abEst\u00e1n prohibidas en todo el territorio provincial\u00bb\"}]},{\"@type\":\"WebSite\",\"@id\":\"https:\\\/\\\/informelitoral.com.ar\\\/#website\",\"url\":\"https:\\\/\\\/informelitoral.com.ar\\\/\",\"name\":\"Informe Litoral\",\"description\":\"&quot;Nos informamos&quot; \",\"publisher\":{\"@id\":\"https:\\\/\\\/informelitoral.com.ar\\\/#organization\"},\"potentialAction\":[{\"@type\":\"SearchAction\",\"target\":{\"@type\":\"EntryPoint\",\"urlTemplate\":\"https:\\\/\\\/informelitoral.com.ar\\\/?s={search_term_string}\"},\"query-input\":{\"@type\":\"PropertyValueSpecification\",\"valueRequired\":true,\"valueName\":\"search_term_string\"}}],\"inLanguage\":\"es\"},{\"@type\":\"Organization\",\"@id\":\"https:\\\/\\\/informelitoral.com.ar\\\/#organization\",\"name\":\"Informe Litoral\",\"url\":\"https:\\\/\\\/informelitoral.com.ar\\\/\",\"logo\":{\"@type\":\"ImageObject\",\"inLanguage\":\"es\",\"@id\":\"https:\\\/\\\/informelitoral.com.ar\\\/#\\\/schema\\\/logo\\\/image\\\/\",\"url\":\"https:\\\/\\\/informelitoral.com.ar\\\/%77%70%2d%63%6f%6e%74%65%6e%74\\\/uploads\\\/2021\\\/01\\\/circulo.png\",\"contentUrl\":\"https:\\\/\\\/informelitoral.com.ar\\\/%77%70%2d%63%6f%6e%74%65%6e%74\\\/uploads\\\/2021\\\/01\\\/circulo.png\",\"width\":723,\"height\":731,\"caption\":\"Informe Litoral\"},\"image\":{\"@id\":\"https:\\\/\\\/informelitoral.com.ar\\\/#\\\/schema\\\/logo\\\/image\\\/\"},\"sameAs\":[\"https:\\\/\\\/www.facebook.com\\\/informelitoral\\\/\",\"https:\\\/\\\/x.com\\\/InformeLitoral\",\"https:\\\/\\\/www.instagram.com\\\/informelitoral\\\/\",\"https:\\\/\\\/www.youtube.com\\\/channel\\\/UCua4Qvz8Icb6MYqhoq9xLXw\"]},{\"@type\":\"Person\",\"@id\":\"https:\\\/\\\/informelitoral.com.ar\\\/#\\\/schema\\\/person\\\/f05f9f461677119578717524b127d6d5\",\"name\":\"Sebastian\",\"image\":{\"@type\":\"ImageObject\",\"inLanguage\":\"es\",\"@id\":\"https:\\\/\\\/secure.gravatar.com\\\/avatar\\\/b71bf7481d447dfb9583c7f2798e7cc64de6efb9067b74633ed8c31059a3bd82?s=96&d=mm&r=g\",\"url\":\"https:\\\/\\\/secure.gravatar.com\\\/avatar\\\/b71bf7481d447dfb9583c7f2798e7cc64de6efb9067b74633ed8c31059a3bd82?s=96&d=mm&r=g\",\"contentUrl\":\"https:\\\/\\\/secure.gravatar.com\\\/avatar\\\/b71bf7481d447dfb9583c7f2798e7cc64de6efb9067b74633ed8c31059a3bd82?s=96&d=mm&r=g\",\"caption\":\"Sebastian\"},\"url\":\"https:\\\/\\\/informelitoral.com.ar\\\/author\\\/sebastian\\\/\"}]}<\/script>","yoast_head_json":{"title":"Quemas en las islas: \"Est\u00e1n prohibidas en todo el territorio provincial\" - Informe Litoral","robots":{"index":"index","follow":"follow","max-snippet":"max-snippet:-1","max-image-preview":"max-image-preview:large","max-video-preview":"max-video-preview:-1"},"canonical":"https:\/\/informelitoral.com.ar\/quemas-en-las-islas-estan-prohibidas-en-todo-el-territorio-provincial\/","og_locale":"es_ES","og_type":"article","og_title":"Quemas en las islas: \"Est\u00e1n prohibidas en todo el territorio provincial\" - Informe Litoral","og_description":"La C&aacute;mara Federal de Apelaciones de Rosario, ordena a la ciudad de Victoria y a la provincia de Entre R&iacute;os a cesar con los incendios por los pr&oacute;ximos 6 meses. Hace unos d&iacute;as el gobierno provincial anunci&oacute; medidas inmediatas y de fondo para hacer frente al da&ntilde;o ambiental que genera la quema de pastizales en [&hellip;]","og_url":"https:\/\/informelitoral.com.ar\/quemas-en-las-islas-estan-prohibidas-en-todo-el-territorio-provincial\/","og_site_name":"Informe Litoral","article_publisher":"https:\/\/www.facebook.com\/informelitoral\/","article_published_time":"2020-07-24T23:38:52+00:00","og_image":[{"width":772,"height":435,"url":"https:\/\/informelitoral.com.ar\/%77%70%2d%63%6f%6e%74%65%6e%74\/uploads\/2020\/07\/quema-en-islas.jpeg","type":"image\/jpeg"}],"author":"Sebastian","twitter_card":"summary_large_image","twitter_creator":"@InformeLitoral","twitter_site":"@InformeLitoral","twitter_misc":{"Escrito por":"Sebastian","Tiempo de lectura":"2 minutos"},"schema":{"@context":"https:\/\/schema.org","@graph":[{"@type":"Article","@id":"https:\/\/informelitoral.com.ar\/quemas-en-las-islas-estan-prohibidas-en-todo-el-territorio-provincial\/#article","isPartOf":{"@id":"https:\/\/informelitoral.com.ar\/quemas-en-las-islas-estan-prohibidas-en-todo-el-territorio-provincial\/"},"author":{"name":"Sebastian","@id":"https:\/\/informelitoral.com.ar\/#\/schema\/person\/f05f9f461677119578717524b127d6d5"},"headline":"Quemas en las islas: \u00abEst\u00e1n prohibidas en todo el territorio provincial\u00bb","datePublished":"2020-07-24T23:38:52+00:00","mainEntityOfPage":{"@id":"https:\/\/informelitoral.com.ar\/quemas-en-las-islas-estan-prohibidas-en-todo-el-territorio-provincial\/"},"wordCount":358,"commentCount":0,"publisher":{"@id":"https:\/\/informelitoral.com.ar\/#organization"},"image":{"@id":"https:\/\/informelitoral.com.ar\/quemas-en-las-islas-estan-prohibidas-en-todo-el-territorio-provincial\/#primaryimage"},"thumbnailUrl":"https:\/\/informelitoral.com.ar\/%77%70%2d%63%6f%6e%74%65%6e%74\/uploads\/2020\/07\/quema-en-islas.jpeg","keywords":["Agricultura","Crisis econ\u00f3mica","Entre R\u00edos"],"articleSection":["Entre R\u00edos"],"inLanguage":"es","potentialAction":[{"@type":"CommentAction","name":"Comment","target":["https:\/\/informelitoral.com.ar\/quemas-en-las-islas-estan-prohibidas-en-todo-el-territorio-provincial\/#respond"]}]},{"@type":"WebPage","@id":"https:\/\/informelitoral.com.ar\/quemas-en-las-islas-estan-prohibidas-en-todo-el-territorio-provincial\/","url":"https:\/\/informelitoral.com.ar\/quemas-en-las-islas-estan-prohibidas-en-todo-el-territorio-provincial\/","name":"Quemas en las islas: \"Est\u00e1n prohibidas en todo el territorio provincial\" - Informe Litoral","isPartOf":{"@id":"https:\/\/informelitoral.com.ar\/#website"},"primaryImageOfPage":{"@id":"https:\/\/informelitoral.com.ar\/quemas-en-las-islas-estan-prohibidas-en-todo-el-territorio-provincial\/#primaryimage"},"image":{"@id":"https:\/\/informelitoral.com.ar\/quemas-en-las-islas-estan-prohibidas-en-todo-el-territorio-provincial\/#primaryimage"},"thumbnailUrl":"https:\/\/informelitoral.com.ar\/%77%70%2d%63%6f%6e%74%65%6e%74\/uploads\/2020\/07\/quema-en-islas.jpeg","datePublished":"2020-07-24T23:38:52+00:00","breadcrumb":{"@id":"https:\/\/informelitoral.com.ar\/quemas-en-las-islas-estan-prohibidas-en-todo-el-territorio-provincial\/#breadcrumb"},"inLanguage":"es","potentialAction":[{"@type":"ReadAction","target":["https:\/\/informelitoral.com.ar\/quemas-en-las-islas-estan-prohibidas-en-todo-el-territorio-provincial\/"]}]},{"@type":"ImageObject","inLanguage":"es","@id":"https:\/\/informelitoral.com.ar\/quemas-en-las-islas-estan-prohibidas-en-todo-el-territorio-provincial\/#primaryimage","url":"https:\/\/informelitoral.com.ar\/%77%70%2d%63%6f%6e%74%65%6e%74\/uploads\/2020\/07\/quema-en-islas.jpeg","contentUrl":"https:\/\/informelitoral.com.ar\/%77%70%2d%63%6f%6e%74%65%6e%74\/uploads\/2020\/07\/quema-en-islas.jpeg","width":772,"height":435},{"@type":"BreadcrumbList","@id":"https:\/\/informelitoral.com.ar\/quemas-en-las-islas-estan-prohibidas-en-todo-el-territorio-provincial\/#breadcrumb","itemListElement":[{"@type":"ListItem","position":1,"name":"Portada","item":"https:\/\/informelitoral.com.ar\/"},{"@type":"ListItem","position":2,"name":"Quemas en las islas: \u00abEst\u00e1n prohibidas en todo el territorio provincial\u00bb"}]},{"@type":"WebSite","@id":"https:\/\/informelitoral.com.ar\/#website","url":"https:\/\/informelitoral.com.ar\/","name":"Informe Litoral","description":"&quot;Nos informamos&quot; ","publisher":{"@id":"https:\/\/informelitoral.com.ar\/#organization"},"potentialAction":[{"@type":"SearchAction","target":{"@type":"EntryPoint","urlTemplate":"https:\/\/informelitoral.com.ar\/?s={search_term_string}"},"query-input":{"@type":"PropertyValueSpecification","valueRequired":true,"valueName":"search_term_string"}}],"inLanguage":"es"},{"@type":"Organization","@id":"https:\/\/informelitoral.com.ar\/#organization","name":"Informe Litoral","url":"https:\/\/informelitoral.com.ar\/","logo":{"@type":"ImageObject","inLanguage":"es","@id":"https:\/\/informelitoral.com.ar\/#\/schema\/logo\/image\/","url":"https:\/\/informelitoral.com.ar\/%77%70%2d%63%6f%6e%74%65%6e%74\/uploads\/2021\/01\/circulo.png","contentUrl":"https:\/\/informelitoral.com.ar\/%77%70%2d%63%6f%6e%74%65%6e%74\/uploads\/2021\/01\/circulo.png","width":723,"height":731,"caption":"Informe Litoral"},"image":{"@id":"https:\/\/informelitoral.com.ar\/#\/schema\/logo\/image\/"},"sameAs":["https:\/\/www.facebook.com\/informelitoral\/","https:\/\/x.com\/InformeLitoral","https:\/\/www.instagram.com\/informelitoral\/","https:\/\/www.youtube.com\/channel\/UCua4Qvz8Icb6MYqhoq9xLXw"]},{"@type":"Person","@id":"https:\/\/informelitoral.com.ar\/#\/schema\/person\/f05f9f461677119578717524b127d6d5","name":"Sebastian","image":{"@type":"ImageObject","inLanguage":"es","@id":"https:\/\/secure.gravatar.com\/avatar\/b71bf7481d447dfb9583c7f2798e7cc64de6efb9067b74633ed8c31059a3bd82?s=96&d=mm&r=g","url":"https:\/\/secure.gravatar.com\/avatar\/b71bf7481d447dfb9583c7f2798e7cc64de6efb9067b74633ed8c31059a3bd82?s=96&d=mm&r=g","contentUrl":"https:\/\/secure.gravatar.com\/avatar\/b71bf7481d447dfb9583c7f2798e7cc64de6efb9067b74633ed8c31059a3bd82?s=96&d=mm&r=g","caption":"Sebastian"},"url":"https:\/\/informelitoral.com.ar\/author\/sebastian\/"}]}},"_links":{"self":[{"href":"https:\/\/informelitoral.com.ar\/%77%70%2d%6a%73%6f%6e\/wp\/v2\/posts\/46405","targetHints":{"allow":["GET"]}}],"collection":[{"href":"https:\/\/informelitoral.com.ar\/%77%70%2d%6a%73%6f%6e\/wp\/v2\/posts"}],"about":[{"href":"https:\/\/informelitoral.com.ar\/%77%70%2d%6a%73%6f%6e\/wp\/v2\/types\/post"}],"author":[{"embeddable":true,"href":"https:\/\/informelitoral.com.ar\/%77%70%2d%6a%73%6f%6e\/wp\/v2\/users\/8"}],"replies":[{"embeddable":true,"href":"https:\/\/informelitoral.com.ar\/%77%70%2d%6a%73%6f%6e\/wp\/v2\/comments?post=46405"}],"version-history":[{"count":0,"href":"https:\/\/informelitoral.com.ar\/%77%70%2d%6a%73%6f%6e\/wp\/v2\/posts\/46405\/revisions"}],"wp:featuredmedia":[{"embeddable":true,"href":"https:\/\/informelitoral.com.ar\/%77%70%2d%6a%73%6f%6e\/wp\/v2\/media\/45937"}],"wp:attachment":[{"href":"https:\/\/informelitoral.com.ar\/%77%70%2d%6a%73%6f%6e\/wp\/v2\/media?parent=46405"}],"wp:term":[{"taxonomy":"category","embeddable":true,"href":"https:\/\/informelitoral.com.ar\/%77%70%2d%6a%73%6f%6e\/wp\/v2\/categories?post=46405"},{"taxonomy":"post_tag","embeddable":true,"href":"https:\/\/informelitoral.com.ar\/%77%70%2d%6a%73%6f%6e\/wp\/v2\/tags?post=46405"}],"curies":[{"name":"wp","href":"https:\/\/api.w.org\/{rel}","templated":true}]}}