{"id":4631,"date":"2013-12-10T20:16:27","date_gmt":"2013-12-10T23:16:27","guid":{"rendered":"http:\/\/www.isletasnoticias.com.ar\/?p=4631"},"modified":"2013-12-10T20:16:27","modified_gmt":"2013-12-10T23:16:27","slug":"cristina-kirchner-afirmo-que-los-saqueos-fueron-planificados-y-lanzo-criticas-a-la-justicia","status":"publish","type":"post","link":"https:\/\/informelitoral.com.ar\/cristina-kirchner-afirmo-que-los-saqueos-fueron-planificados-y-lanzo-criticas-a-la-justicia\/","title":{"rendered":"Cristina Kirchner afirm\u00f3 que los saqueos fueron \u00abplanificados\u00bb y lanz\u00f3 cr\u00edticas a la Justicia"},"content":{"rendered":"<p><strong>La mandataria afirm\u00f3 que no suspendi\u00f3 el acto por los 30 a\u00f1os de la democracia \u00aben honor a los que pelearon\u00bb. Calific\u00f3 como \u00abantidemocr\u00e1ticos\u00bb a los actos de violencia. Descart\u00f3 el \u00abefecto contagio\u00bb en las protestas policiales.<\/strong><\/p>\n<p style=\"text-align: center;\"><a href=\"http:\/\/www.isletasnoticias.com.ar\/%77%70%2d%63%6f%6e%74%65%6e%74\/uploads\/2013\/12\/cristina.jpg\"><a href=\"http:\/\/www.isletasnoticias.com.ar\/%77%70%2d%63%6f%6e%74%65%6e%74\/uploads\/2013\/12\/cristina.jpg\"><img loading=\"lazy\" decoding=\"async\" class=\"alignnone size-medium wp-image-4632\" alt=\"cristina\" src=\"http:\/\/www.isletasnoticias.com.ar\/%77%70%2d%63%6f%6e%74%65%6e%74\/uploads\/2013\/12\/cristina-300x168.jpg\" width=\"300\" height=\"168\" srcset=\"https:\/\/informelitoral.com.ar\/%77%70%2d%63%6f%6e%74%65%6e%74\/uploads\/2013\/12\/cristina-300x168.jpg 300w, https:\/\/informelitoral.com.ar\/%77%70%2d%63%6f%6e%74%65%6e%74\/uploads\/2013\/12\/cristina.jpg 770w\" sizes=\"auto, (max-width: 300px) 100vw, 300px\" \/><\/a>\u00a0<\/a><\/p>\n<p>La presidente<strong> Cristina Kirchner<\/strong> encabez\u00f3 esta tarde un acto en el Museo del Bicentenario para celebrar los 30 a\u00f1os del regreso de la democracia, del que participaron los ex presidentes\u00a0<strong>Fernando De la R\u00faa<\/strong> y <strong>Adolfo Rodr\u00edguez Sa\u00e1<\/strong>. <strong>Eduardo Duhalde<\/strong> y<strong> Carlos Menem<\/strong> no estuvieron presentes, pese a que el Gobierno les curs\u00f3 una invitaci\u00f3n.<\/p>\n<p>Tras entregar el premio\u00a0Azucena Villaflor de De Vincenti\u00a0al cantautor espa\u00f1ol\u00a0<strong>Joan Manuel Serrat<\/strong>, la jefa de Estado pronunci\u00f3 un discurso en el que se refiri\u00f3 a los saqueos que se registraron en los \u00faltimos d\u00edas en distintos puntos del pa\u00eds, as\u00ed como las protestas policiales. Y defendi\u00f3 la decisi\u00f3n de llevar adelante las celebraciones pese al\u00a0pedido de l\u00edderes opositores para que se suspendan: \u00abTom\u00e9 la decisi\u00f3n de llevar adelante este acto en honor, como dec\u00eda Serrat, a los que pelearon y cayeron, y a los que no pelean m\u00e1s, a los que no pelearon, a todos\u00bb<\/p>\n<p>La mandataria desestim\u00f3 que los actos de vandalismo hayan sido espont\u00e1neos. Tambi\u00e9n rechaz\u00f3 las versiones de que existi\u00f3 un efecto contagio. \u00abPor contagio son las paperas, la varicela o la rubeola. Pero algunas cosas que pasan en la Argentina no son por contagio,\u00a0son por planificaci\u00f3n con precisi\u00f3n quir\u00fargica\u00bb, lanz\u00f3.<\/p>\n<p>Ante un auditorio en el que se mezclaron militantes afines al Gobierno con radicales (<strong>Ricardo Alfons\u00edn<\/strong> asisti\u00f3 al acto en representaci\u00f3n de su difunto padre), Cristina llam\u00f3 a \u00abratificar hoy m\u00e1s que nunca la democracia frente\u00a0a los violentos, a los que quieren instalar el miedo en la gente, frente a la conmociona que provoca ver escenas que consternan y algunas averg\u00fcenza\u00bb. Y agreg\u00f3: \u00abVer gente en saqueos en autos o 4&#215;4 no conmociona, sino que averg\u00fcenza a todos los argentinos\u00bb.<\/p>\n<p>La Presidente consider\u00f3 que \u00abde la misma manera\u00bb que en los \u00faltimos 30 a\u00f1os las fuerzas de seguridad nacionales se fueron reinsertando en la sociedad \u00abhay que hacer lo mismo\u00bb con las polic\u00edas provinciales, hoy protagonistas de numerosas protestas en varios distritos. \u00abNo significa no reconocer derechos o negar realidades, pero\u00a0significa condenar la extorsi\u00f3n por parte de quienes portan armas para defender la sociedad\u00bb, dijo, al tiempo que lament\u00f3 los relatos de gobernadores sobre supuestas zonas liberadas para que se comentan il\u00edcitos.<\/p>\n<p>Tras mencionar que el secretario de Seguridad,\u00a0Sergio Berni, est\u00e1 procesado por el desalojo de una protesta en la General Paz ocurrida en 2012, la mandataria pidi\u00f3 que la Justicia tome acciones contra quienes por estos d\u00edas protagonizan desmanes. \u00abLa sociedad debe condenar y la Justicia, juzgar. Porque para eso est\u00e1 la divisi\u00f3n de poderes\u00bb, se\u00f1al\u00f3.<\/p>\n<p>\u00abCreo que el homenaje a la democracia es llamar a las cosas por su nombre, es rescatar los valores y lo que hemos logrado, saber que estas cosas no suceden por casualidad,\u00a0suceden porque se quiere desgastar los valores de la democracia, que la gente piense que es mejor vivir de otra forma\u00bb, indic\u00f3. \u00abTodos sabemos que no hay un efecto contagio, que\u00a0hay instigaci\u00f3n pol\u00edtica (&#8230;) quieren instalar el miedo para ganar con la inseguridad\u00bb, public\u00f3 <em>Infobae. \u00a0<\/em><\/p>\n<p style=\"text-align: center;\">\n","protected":false},"excerpt":{"rendered":"<p>La mandataria afirm&oacute; que no suspendi&oacute; el acto por los 30 a&ntilde;os de la democracia &laquo;en honor a los que pelearon&raquo;. Calific&oacute; como &laquo;antidemocr&aacute;ticos&raquo; a los actos de violencia. Descart&oacute; el &laquo;efecto contagio&raquo; en las protestas policiales. &nbsp; La presidente Cristina Kirchner encabez&oacute; esta tarde un acto en el Museo del Bicentenario para celebrar los [&hellip;]<\/p>\n","protected":false},"author":2,"featured_media":0,"comment_status":"open","ping_status":"open","sticky":false,"template":"","format":"standard","meta":{"fifu_image_url":"","fifu_image_alt":"","footnotes":""},"categories":[7,16],"tags":[],"class_list":{"0":"post-4631","1":"post","2":"type-post","3":"status-publish","4":"format-standard","6":"category-nacionales","7":"category-politi"},"yoast_head":"<title>Cristina Kirchner afirm\u00f3 que los saqueos fueron &quot;planificados&quot; y lanz\u00f3 cr\u00edticas a la Justicia - Informe Litoral<\/title>\n<meta name=\"robots\" content=\"index, follow, max-snippet:-1, max-image-preview:large, max-video-preview:-1\" \/>\n<link rel=\"canonical\" href=\"https:\/\/informelitoral.com.ar\/cristina-kirchner-afirmo-que-los-saqueos-fueron-planificados-y-lanzo-criticas-a-la-justicia\/\" \/>\n<meta property=\"og:locale\" content=\"es_ES\" \/>\n<meta property=\"og:type\" content=\"article\" \/>\n<meta property=\"og:title\" content=\"Cristina Kirchner afirm\u00f3 que los saqueos fueron &quot;planificados&quot; y lanz\u00f3 cr\u00edticas a la Justicia - Informe Litoral\" \/>\n<meta property=\"og:description\" content=\"La mandataria afirm&oacute; que no suspendi&oacute; el acto por los 30 a&ntilde;os de la democracia &laquo;en honor a los que pelearon&raquo;. Calific&oacute; como &laquo;antidemocr&aacute;ticos&raquo; a los actos de violencia. Descart&oacute; el &laquo;efecto contagio&raquo; en las protestas policiales. &nbsp; La presidente Cristina Kirchner encabez&oacute; esta tarde un acto en el Museo del Bicentenario para celebrar los [&hellip;]\" \/>\n<meta property=\"og:url\" content=\"https:\/\/informelitoral.com.ar\/cristina-kirchner-afirmo-que-los-saqueos-fueron-planificados-y-lanzo-criticas-a-la-justicia\/\" \/>\n<meta property=\"og:site_name\" content=\"Informe Litoral\" \/>\n<meta property=\"article:publisher\" content=\"https:\/\/www.facebook.com\/informelitoral\/\" \/>\n<meta property=\"article:published_time\" content=\"2013-12-10T23:16:27+00:00\" \/>\n<meta property=\"og:image\" content=\"https:\/\/informelitoral.com.ar\/%77%70%2d%63%6f%6e%74%65%6e%74\/uploads\/2013\/12\/cristina.jpg\" \/>\n\t<meta property=\"og:image:width\" content=\"770\" \/>\n\t<meta property=\"og:image:height\" content=\"433\" \/>\n\t<meta property=\"og:image:type\" content=\"image\/jpeg\" \/>\n<meta name=\"author\" content=\"Gonzalo Schmidt\" \/>\n<meta name=\"twitter:card\" content=\"summary_large_image\" \/>\n<meta name=\"twitter:creator\" content=\"@InformeLitoral\" \/>\n<meta name=\"twitter:site\" content=\"@InformeLitoral\" \/>\n<meta name=\"twitter:label1\" content=\"Escrito por\" \/>\n\t<meta name=\"twitter:data1\" content=\"Gonzalo Schmidt\" \/>\n\t<meta name=\"twitter:label2\" content=\"Tiempo de lectura\" \/>\n\t<meta name=\"twitter:data2\" content=\"3 minutos\" \/>\n<script type=\"application\/ld+json\" class=\"yoast-schema-graph\">{\"@context\":\"https:\\\/\\\/schema.org\",\"@graph\":[{\"@type\":\"Article\",\"@id\":\"https:\\\/\\\/informelitoral.com.ar\\\/cristina-kirchner-afirmo-que-los-saqueos-fueron-planificados-y-lanzo-criticas-a-la-justicia\\\/#article\",\"isPartOf\":{\"@id\":\"https:\\\/\\\/informelitoral.com.ar\\\/cristina-kirchner-afirmo-que-los-saqueos-fueron-planificados-y-lanzo-criticas-a-la-justicia\\\/\"},\"author\":{\"name\":\"Gonzalo Schmidt\",\"@id\":\"https:\\\/\\\/informelitoral.com.ar\\\/#\\\/schema\\\/person\\\/b9d00407c836482871ef1d57bf8e3180\"},\"headline\":\"Cristina Kirchner afirm\u00f3 que los saqueos fueron \u00abplanificados\u00bb y lanz\u00f3 cr\u00edticas a la Justicia\",\"datePublished\":\"2013-12-10T23:16:27+00:00\",\"mainEntityOfPage\":{\"@id\":\"https:\\\/\\\/informelitoral.com.ar\\\/cristina-kirchner-afirmo-que-los-saqueos-fueron-planificados-y-lanzo-criticas-a-la-justicia\\\/\"},\"wordCount\":582,\"commentCount\":0,\"publisher\":{\"@id\":\"https:\\\/\\\/informelitoral.com.ar\\\/#organization\"},\"image\":{\"@id\":\"https:\\\/\\\/informelitoral.com.ar\\\/cristina-kirchner-afirmo-que-los-saqueos-fueron-planificados-y-lanzo-criticas-a-la-justicia\\\/#primaryimage\"},\"thumbnailUrl\":\"http:\\\/\\\/www.isletasnoticias.com.ar\\\/%77%70%2d%63%6f%6e%74%65%6e%74\\\/uploads\\\/2013\\\/12\\\/cristina-300x168.jpg\",\"articleSection\":[\"Nacionales\",\"Politica\"],\"inLanguage\":\"es\",\"potentialAction\":[{\"@type\":\"CommentAction\",\"name\":\"Comment\",\"target\":[\"https:\\\/\\\/informelitoral.com.ar\\\/cristina-kirchner-afirmo-que-los-saqueos-fueron-planificados-y-lanzo-criticas-a-la-justicia\\\/#respond\"]}]},{\"@type\":\"WebPage\",\"@id\":\"https:\\\/\\\/informelitoral.com.ar\\\/cristina-kirchner-afirmo-que-los-saqueos-fueron-planificados-y-lanzo-criticas-a-la-justicia\\\/\",\"url\":\"https:\\\/\\\/informelitoral.com.ar\\\/cristina-kirchner-afirmo-que-los-saqueos-fueron-planificados-y-lanzo-criticas-a-la-justicia\\\/\",\"name\":\"Cristina Kirchner afirm\u00f3 que los saqueos fueron \\\"planificados\\\" y lanz\u00f3 cr\u00edticas a la Justicia - Informe Litoral\",\"isPartOf\":{\"@id\":\"https:\\\/\\\/informelitoral.com.ar\\\/#website\"},\"primaryImageOfPage\":{\"@id\":\"https:\\\/\\\/informelitoral.com.ar\\\/cristina-kirchner-afirmo-que-los-saqueos-fueron-planificados-y-lanzo-criticas-a-la-justicia\\\/#primaryimage\"},\"image\":{\"@id\":\"https:\\\/\\\/informelitoral.com.ar\\\/cristina-kirchner-afirmo-que-los-saqueos-fueron-planificados-y-lanzo-criticas-a-la-justicia\\\/#primaryimage\"},\"thumbnailUrl\":\"http:\\\/\\\/www.isletasnoticias.com.ar\\\/%77%70%2d%63%6f%6e%74%65%6e%74\\\/uploads\\\/2013\\\/12\\\/cristina-300x168.jpg\",\"datePublished\":\"2013-12-10T23:16:27+00:00\",\"breadcrumb\":{\"@id\":\"https:\\\/\\\/informelitoral.com.ar\\\/cristina-kirchner-afirmo-que-los-saqueos-fueron-planificados-y-lanzo-criticas-a-la-justicia\\\/#breadcrumb\"},\"inLanguage\":\"es\",\"potentialAction\":[{\"@type\":\"ReadAction\",\"target\":[\"https:\\\/\\\/informelitoral.com.ar\\\/cristina-kirchner-afirmo-que-los-saqueos-fueron-planificados-y-lanzo-criticas-a-la-justicia\\\/\"]}]},{\"@type\":\"ImageObject\",\"inLanguage\":\"es\",\"@id\":\"https:\\\/\\\/informelitoral.com.ar\\\/cristina-kirchner-afirmo-que-los-saqueos-fueron-planificados-y-lanzo-criticas-a-la-justicia\\\/#primaryimage\",\"url\":\"http:\\\/\\\/www.isletasnoticias.com.ar\\\/%77%70%2d%63%6f%6e%74%65%6e%74\\\/uploads\\\/2013\\\/12\\\/cristina-300x168.jpg\",\"contentUrl\":\"http:\\\/\\\/www.isletasnoticias.com.ar\\\/%77%70%2d%63%6f%6e%74%65%6e%74\\\/uploads\\\/2013\\\/12\\\/cristina-300x168.jpg\"},{\"@type\":\"BreadcrumbList\",\"@id\":\"https:\\\/\\\/informelitoral.com.ar\\\/cristina-kirchner-afirmo-que-los-saqueos-fueron-planificados-y-lanzo-criticas-a-la-justicia\\\/#breadcrumb\",\"itemListElement\":[{\"@type\":\"ListItem\",\"position\":1,\"name\":\"Portada\",\"item\":\"https:\\\/\\\/informelitoral.com.ar\\\/\"},{\"@type\":\"ListItem\",\"position\":2,\"name\":\"Cristina Kirchner afirm\u00f3 que los saqueos fueron \u00abplanificados\u00bb y lanz\u00f3 cr\u00edticas a la Justicia\"}]},{\"@type\":\"WebSite\",\"@id\":\"https:\\\/\\\/informelitoral.com.ar\\\/#website\",\"url\":\"https:\\\/\\\/informelitoral.com.ar\\\/\",\"name\":\"Informe Litoral\",\"description\":\"&quot;Nos informamos&quot; \",\"publisher\":{\"@id\":\"https:\\\/\\\/informelitoral.com.ar\\\/#organization\"},\"potentialAction\":[{\"@type\":\"SearchAction\",\"target\":{\"@type\":\"EntryPoint\",\"urlTemplate\":\"https:\\\/\\\/informelitoral.com.ar\\\/?s={search_term_string}\"},\"query-input\":{\"@type\":\"PropertyValueSpecification\",\"valueRequired\":true,\"valueName\":\"search_term_string\"}}],\"inLanguage\":\"es\"},{\"@type\":\"Organization\",\"@id\":\"https:\\\/\\\/informelitoral.com.ar\\\/#organization\",\"name\":\"Informe Litoral\",\"url\":\"https:\\\/\\\/informelitoral.com.ar\\\/\",\"logo\":{\"@type\":\"ImageObject\",\"inLanguage\":\"es\",\"@id\":\"https:\\\/\\\/informelitoral.com.ar\\\/#\\\/schema\\\/logo\\\/image\\\/\",\"url\":\"https:\\\/\\\/informelitoral.com.ar\\\/%77%70%2d%63%6f%6e%74%65%6e%74\\\/uploads\\\/2021\\\/01\\\/circulo.png\",\"contentUrl\":\"https:\\\/\\\/informelitoral.com.ar\\\/%77%70%2d%63%6f%6e%74%65%6e%74\\\/uploads\\\/2021\\\/01\\\/circulo.png\",\"width\":723,\"height\":731,\"caption\":\"Informe Litoral\"},\"image\":{\"@id\":\"https:\\\/\\\/informelitoral.com.ar\\\/#\\\/schema\\\/logo\\\/image\\\/\"},\"sameAs\":[\"https:\\\/\\\/www.facebook.com\\\/informelitoral\\\/\",\"https:\\\/\\\/x.com\\\/InformeLitoral\",\"https:\\\/\\\/www.instagram.com\\\/informelitoral\\\/\",\"https:\\\/\\\/www.youtube.com\\\/channel\\\/UCua4Qvz8Icb6MYqhoq9xLXw\"]},{\"@type\":\"Person\",\"@id\":\"https:\\\/\\\/informelitoral.com.ar\\\/#\\\/schema\\\/person\\\/b9d00407c836482871ef1d57bf8e3180\",\"name\":\"Gonzalo Schmidt\",\"image\":{\"@type\":\"ImageObject\",\"inLanguage\":\"es\",\"@id\":\"https:\\\/\\\/secure.gravatar.com\\\/avatar\\\/31a1a7b66ff2de83bd0e9fd79d026630d2d99e55e8bfe501287647b4fd9743de?s=96&d=mm&r=g\",\"url\":\"https:\\\/\\\/secure.gravatar.com\\\/avatar\\\/31a1a7b66ff2de83bd0e9fd79d026630d2d99e55e8bfe501287647b4fd9743de?s=96&d=mm&r=g\",\"contentUrl\":\"https:\\\/\\\/secure.gravatar.com\\\/avatar\\\/31a1a7b66ff2de83bd0e9fd79d026630d2d99e55e8bfe501287647b4fd9743de?s=96&d=mm&r=g\",\"caption\":\"Gonzalo Schmidt\"},\"description\":\"Sitio web de noticias de la provincia de Entre R\u00edos, Argentina. Informaci\u00f3n y entretenimiento. Informe Litoral, nos informamos.\",\"sameAs\":[\"http:\\\/\\\/www.isletasnoticias.com.ar\"],\"url\":\"https:\\\/\\\/informelitoral.com.ar\\\/author\\\/gonzalo\\\/\"}]}<\/script>","yoast_head_json":{"title":"Cristina Kirchner afirm\u00f3 que los saqueos fueron \"planificados\" y lanz\u00f3 cr\u00edticas a la Justicia - Informe Litoral","robots":{"index":"index","follow":"follow","max-snippet":"max-snippet:-1","max-image-preview":"max-image-preview:large","max-video-preview":"max-video-preview:-1"},"canonical":"https:\/\/informelitoral.com.ar\/cristina-kirchner-afirmo-que-los-saqueos-fueron-planificados-y-lanzo-criticas-a-la-justicia\/","og_locale":"es_ES","og_type":"article","og_title":"Cristina Kirchner afirm\u00f3 que los saqueos fueron \"planificados\" y lanz\u00f3 cr\u00edticas a la Justicia - Informe Litoral","og_description":"La mandataria afirm&oacute; que no suspendi&oacute; el acto por los 30 a&ntilde;os de la democracia &laquo;en honor a los que pelearon&raquo;. Calific&oacute; como &laquo;antidemocr&aacute;ticos&raquo; a los actos de violencia. Descart&oacute; el &laquo;efecto contagio&raquo; en las protestas policiales. &nbsp; La presidente Cristina Kirchner encabez&oacute; esta tarde un acto en el Museo del Bicentenario para celebrar los [&hellip;]","og_url":"https:\/\/informelitoral.com.ar\/cristina-kirchner-afirmo-que-los-saqueos-fueron-planificados-y-lanzo-criticas-a-la-justicia\/","og_site_name":"Informe Litoral","article_publisher":"https:\/\/www.facebook.com\/informelitoral\/","article_published_time":"2013-12-10T23:16:27+00:00","og_image":[{"width":770,"height":433,"url":"https:\/\/informelitoral.com.ar\/%77%70%2d%63%6f%6e%74%65%6e%74\/uploads\/2013\/12\/cristina.jpg","type":"image\/jpeg"}],"author":"Gonzalo Schmidt","twitter_card":"summary_large_image","twitter_creator":"@InformeLitoral","twitter_site":"@InformeLitoral","twitter_misc":{"Escrito por":"Gonzalo Schmidt","Tiempo de lectura":"3 minutos"},"schema":{"@context":"https:\/\/schema.org","@graph":[{"@type":"Article","@id":"https:\/\/informelitoral.com.ar\/cristina-kirchner-afirmo-que-los-saqueos-fueron-planificados-y-lanzo-criticas-a-la-justicia\/#article","isPartOf":{"@id":"https:\/\/informelitoral.com.ar\/cristina-kirchner-afirmo-que-los-saqueos-fueron-planificados-y-lanzo-criticas-a-la-justicia\/"},"author":{"name":"Gonzalo Schmidt","@id":"https:\/\/informelitoral.com.ar\/#\/schema\/person\/b9d00407c836482871ef1d57bf8e3180"},"headline":"Cristina Kirchner afirm\u00f3 que los saqueos fueron \u00abplanificados\u00bb y lanz\u00f3 cr\u00edticas a la Justicia","datePublished":"2013-12-10T23:16:27+00:00","mainEntityOfPage":{"@id":"https:\/\/informelitoral.com.ar\/cristina-kirchner-afirmo-que-los-saqueos-fueron-planificados-y-lanzo-criticas-a-la-justicia\/"},"wordCount":582,"commentCount":0,"publisher":{"@id":"https:\/\/informelitoral.com.ar\/#organization"},"image":{"@id":"https:\/\/informelitoral.com.ar\/cristina-kirchner-afirmo-que-los-saqueos-fueron-planificados-y-lanzo-criticas-a-la-justicia\/#primaryimage"},"thumbnailUrl":"http:\/\/www.isletasnoticias.com.ar\/%77%70%2d%63%6f%6e%74%65%6e%74\/uploads\/2013\/12\/cristina-300x168.jpg","articleSection":["Nacionales","Politica"],"inLanguage":"es","potentialAction":[{"@type":"CommentAction","name":"Comment","target":["https:\/\/informelitoral.com.ar\/cristina-kirchner-afirmo-que-los-saqueos-fueron-planificados-y-lanzo-criticas-a-la-justicia\/#respond"]}]},{"@type":"WebPage","@id":"https:\/\/informelitoral.com.ar\/cristina-kirchner-afirmo-que-los-saqueos-fueron-planificados-y-lanzo-criticas-a-la-justicia\/","url":"https:\/\/informelitoral.com.ar\/cristina-kirchner-afirmo-que-los-saqueos-fueron-planificados-y-lanzo-criticas-a-la-justicia\/","name":"Cristina Kirchner afirm\u00f3 que los saqueos fueron \"planificados\" y lanz\u00f3 cr\u00edticas a la Justicia - Informe Litoral","isPartOf":{"@id":"https:\/\/informelitoral.com.ar\/#website"},"primaryImageOfPage":{"@id":"https:\/\/informelitoral.com.ar\/cristina-kirchner-afirmo-que-los-saqueos-fueron-planificados-y-lanzo-criticas-a-la-justicia\/#primaryimage"},"image":{"@id":"https:\/\/informelitoral.com.ar\/cristina-kirchner-afirmo-que-los-saqueos-fueron-planificados-y-lanzo-criticas-a-la-justicia\/#primaryimage"},"thumbnailUrl":"http:\/\/www.isletasnoticias.com.ar\/%77%70%2d%63%6f%6e%74%65%6e%74\/uploads\/2013\/12\/cristina-300x168.jpg","datePublished":"2013-12-10T23:16:27+00:00","breadcrumb":{"@id":"https:\/\/informelitoral.com.ar\/cristina-kirchner-afirmo-que-los-saqueos-fueron-planificados-y-lanzo-criticas-a-la-justicia\/#breadcrumb"},"inLanguage":"es","potentialAction":[{"@type":"ReadAction","target":["https:\/\/informelitoral.com.ar\/cristina-kirchner-afirmo-que-los-saqueos-fueron-planificados-y-lanzo-criticas-a-la-justicia\/"]}]},{"@type":"ImageObject","inLanguage":"es","@id":"https:\/\/informelitoral.com.ar\/cristina-kirchner-afirmo-que-los-saqueos-fueron-planificados-y-lanzo-criticas-a-la-justicia\/#primaryimage","url":"http:\/\/www.isletasnoticias.com.ar\/%77%70%2d%63%6f%6e%74%65%6e%74\/uploads\/2013\/12\/cristina-300x168.jpg","contentUrl":"http:\/\/www.isletasnoticias.com.ar\/%77%70%2d%63%6f%6e%74%65%6e%74\/uploads\/2013\/12\/cristina-300x168.jpg"},{"@type":"BreadcrumbList","@id":"https:\/\/informelitoral.com.ar\/cristina-kirchner-afirmo-que-los-saqueos-fueron-planificados-y-lanzo-criticas-a-la-justicia\/#breadcrumb","itemListElement":[{"@type":"ListItem","position":1,"name":"Portada","item":"https:\/\/informelitoral.com.ar\/"},{"@type":"ListItem","position":2,"name":"Cristina Kirchner afirm\u00f3 que los saqueos fueron \u00abplanificados\u00bb y lanz\u00f3 cr\u00edticas a la Justicia"}]},{"@type":"WebSite","@id":"https:\/\/informelitoral.com.ar\/#website","url":"https:\/\/informelitoral.com.ar\/","name":"Informe Litoral","description":"&quot;Nos informamos&quot; ","publisher":{"@id":"https:\/\/informelitoral.com.ar\/#organization"},"potentialAction":[{"@type":"SearchAction","target":{"@type":"EntryPoint","urlTemplate":"https:\/\/informelitoral.com.ar\/?s={search_term_string}"},"query-input":{"@type":"PropertyValueSpecification","valueRequired":true,"valueName":"search_term_string"}}],"inLanguage":"es"},{"@type":"Organization","@id":"https:\/\/informelitoral.com.ar\/#organization","name":"Informe Litoral","url":"https:\/\/informelitoral.com.ar\/","logo":{"@type":"ImageObject","inLanguage":"es","@id":"https:\/\/informelitoral.com.ar\/#\/schema\/logo\/image\/","url":"https:\/\/informelitoral.com.ar\/%77%70%2d%63%6f%6e%74%65%6e%74\/uploads\/2021\/01\/circulo.png","contentUrl":"https:\/\/informelitoral.com.ar\/%77%70%2d%63%6f%6e%74%65%6e%74\/uploads\/2021\/01\/circulo.png","width":723,"height":731,"caption":"Informe Litoral"},"image":{"@id":"https:\/\/informelitoral.com.ar\/#\/schema\/logo\/image\/"},"sameAs":["https:\/\/www.facebook.com\/informelitoral\/","https:\/\/x.com\/InformeLitoral","https:\/\/www.instagram.com\/informelitoral\/","https:\/\/www.youtube.com\/channel\/UCua4Qvz8Icb6MYqhoq9xLXw"]},{"@type":"Person","@id":"https:\/\/informelitoral.com.ar\/#\/schema\/person\/b9d00407c836482871ef1d57bf8e3180","name":"Gonzalo Schmidt","image":{"@type":"ImageObject","inLanguage":"es","@id":"https:\/\/secure.gravatar.com\/avatar\/31a1a7b66ff2de83bd0e9fd79d026630d2d99e55e8bfe501287647b4fd9743de?s=96&d=mm&r=g","url":"https:\/\/secure.gravatar.com\/avatar\/31a1a7b66ff2de83bd0e9fd79d026630d2d99e55e8bfe501287647b4fd9743de?s=96&d=mm&r=g","contentUrl":"https:\/\/secure.gravatar.com\/avatar\/31a1a7b66ff2de83bd0e9fd79d026630d2d99e55e8bfe501287647b4fd9743de?s=96&d=mm&r=g","caption":"Gonzalo Schmidt"},"description":"Sitio web de noticias de la provincia de Entre R\u00edos, Argentina. Informaci\u00f3n y entretenimiento. Informe Litoral, nos informamos.","sameAs":["http:\/\/www.isletasnoticias.com.ar"],"url":"https:\/\/informelitoral.com.ar\/author\/gonzalo\/"}]}},"_links":{"self":[{"href":"https:\/\/informelitoral.com.ar\/%77%70%2d%6a%73%6f%6e\/wp\/v2\/posts\/4631","targetHints":{"allow":["GET"]}}],"collection":[{"href":"https:\/\/informelitoral.com.ar\/%77%70%2d%6a%73%6f%6e\/wp\/v2\/posts"}],"about":[{"href":"https:\/\/informelitoral.com.ar\/%77%70%2d%6a%73%6f%6e\/wp\/v2\/types\/post"}],"author":[{"embeddable":true,"href":"https:\/\/informelitoral.com.ar\/%77%70%2d%6a%73%6f%6e\/wp\/v2\/users\/2"}],"replies":[{"embeddable":true,"href":"https:\/\/informelitoral.com.ar\/%77%70%2d%6a%73%6f%6e\/wp\/v2\/comments?post=4631"}],"version-history":[{"count":0,"href":"https:\/\/informelitoral.com.ar\/%77%70%2d%6a%73%6f%6e\/wp\/v2\/posts\/4631\/revisions"}],"wp:attachment":[{"href":"https:\/\/informelitoral.com.ar\/%77%70%2d%6a%73%6f%6e\/wp\/v2\/media?parent=4631"}],"wp:term":[{"taxonomy":"category","embeddable":true,"href":"https:\/\/informelitoral.com.ar\/%77%70%2d%6a%73%6f%6e\/wp\/v2\/categories?post=4631"},{"taxonomy":"post_tag","embeddable":true,"href":"https:\/\/informelitoral.com.ar\/%77%70%2d%6a%73%6f%6e\/wp\/v2\/tags?post=4631"}],"curies":[{"name":"wp","href":"https:\/\/api.w.org\/{rel}","templated":true}]}}