{"id":4628,"date":"2013-12-10T18:55:40","date_gmt":"2013-12-10T21:55:40","guid":{"rendered":"http:\/\/www.isletasnoticias.com.ar\/?p=4628"},"modified":"2013-12-10T18:56:38","modified_gmt":"2013-12-10T21:56:38","slug":"elecciones-2013-extienden-plazo-para-que-los-que-no-votaron-regularicen-su-situacion","status":"publish","type":"post","link":"https:\/\/informelitoral.com.ar\/elecciones-2013-extienden-plazo-para-que-los-que-no-votaron-regularicen-su-situacion\/","title":{"rendered":"Elecciones 2013: extienden plazo para que los que no votaron regularicen su situaci\u00f3n"},"content":{"rendered":"<div><strong>La C\u00e1mara Nacional Electoral le dio m\u00e1s tiempo a los argentinos que no concurrieron a las urnas el 27 de octubre para regularizar su situaci\u00f3n y evitar ser sancionados.<\/strong><\/div>\n<div><\/div>\n<div>\n<div>\n<div><a><img loading=\"lazy\" decoding=\"async\" title=\"Elecciones 2013: extienden plazo para que los que no votaron regularicen su situaci\u00f3n  | Minutouno.com\" alt=\"Elecciones 2013: extienden plazo para que los que no votaron regularicen su situaci\u00f3n \" src=\"http:\/\/www.minutouno.com\/adjuntos\/150\/imagenes\/003\/647\/0003647691.jpg\" width=\"602\" height=\"339\" \/><\/a><\/div>\n<div><\/div>\n<\/div>\n<div>\u00a0Habr\u00e1 tiempo hasta el 14 de febrero pr\u00f3ximo. As\u00ed lo decidi\u00f3, este martes, la C\u00e1mara Nacional Electoral\u00a0para quienes no votaron en los comicios nacionales\u00a0realizados el 27 de octubre pasado.<\/div>\n<\/div>\n<div>\n<p>La C\u00e1mara Nacional Electoral dict\u00f3, este martes, la Acordada N\u00b0 148\/2013, en la cual se dispuso lo siguiente:<\/p>\n<p>\u00ab1\u00b0) Extender el\u00a0plazo para solicitar ante la justicia nacional electoral la justificaci\u00f3n de la no emisi\u00f3n del voto\u00a0respecto de las elecciones nacionales del pasado 27 de octubre, hasta el d\u00eda viernes 14 de febrero de 2014, sin que ello altere el vencimiento del plazo previsto por el art\u00edculo 126 del C\u00f3digo Electoral Nacional.<\/p>\n<p>2\u00ba) Hacer saber a los se\u00f1ores jueces con competencia electoral que podr\u00e1n evaluar la delegaci\u00f3n en otros organismos o dependencias p\u00fablicas de sus respectivos distritos la justificaci\u00f3n de la no emisi\u00f3n del voto, solicitando al Tribunal en tal caso los accesos y usuarios externos pertinentes para el sistema inform\u00e1tico habilitado a ese efecto.-<\/p>\n<p>3\u00b0) Instar a la ciudadan\u00eda que se encuentre incursa en una causal de<a href=\"http:\/\/www.minutouno.com\/c303381\" target=\"_new\">\u00a0j<\/a>ustificaci\u00f3n de la no emisi\u00f3n del voto fehacientemente demostrada, a solicitar su justificaci\u00f3n ante la justicia nacional electoral con la mayor premura\u00bb, indic\u00f3 <em>MinutoUno.<\/em><\/p>\n<\/div>\n","protected":false},"excerpt":{"rendered":"<p>La C&aacute;mara Nacional Electoral le dio m&aacute;s tiempo a los argentinos que no concurrieron a las urnas el 27 de octubre para regularizar su situaci&oacute;n y evitar ser sancionados. &nbsp;Habr&aacute; tiempo hasta el 14 de febrero pr&oacute;ximo. As&iacute; lo decidi&oacute;, este martes, la C&aacute;mara Nacional Electoral&nbsp;para quienes no votaron en los comicios nacionales&nbsp;realizados el 27 [&hellip;]<\/p>\n","protected":false},"author":2,"featured_media":0,"comment_status":"open","ping_status":"open","sticky":false,"template":"","format":"standard","meta":{"fifu_image_url":"","fifu_image_alt":"","footnotes":""},"categories":[7,16],"tags":[],"class_list":{"0":"post-4628","1":"post","2":"type-post","3":"status-publish","4":"format-standard","6":"category-nacionales","7":"category-politi"},"yoast_head":"<title>Elecciones 2013: extienden plazo para que los que no votaron regularicen su situaci\u00f3n - Informe Litoral<\/title>\n<meta name=\"robots\" content=\"index, follow, max-snippet:-1, max-image-preview:large, max-video-preview:-1\" \/>\n<link rel=\"canonical\" href=\"https:\/\/informelitoral.com.ar\/elecciones-2013-extienden-plazo-para-que-los-que-no-votaron-regularicen-su-situacion\/\" \/>\n<meta property=\"og:locale\" content=\"es_ES\" \/>\n<meta property=\"og:type\" content=\"article\" \/>\n<meta property=\"og:title\" content=\"Elecciones 2013: extienden plazo para que los que no votaron regularicen su situaci\u00f3n - Informe Litoral\" \/>\n<meta property=\"og:description\" content=\"La C&aacute;mara Nacional Electoral le dio m&aacute;s tiempo a los argentinos que no concurrieron a las urnas el 27 de octubre para regularizar su situaci&oacute;n y evitar ser sancionados. &nbsp;Habr&aacute; tiempo hasta el 14 de febrero pr&oacute;ximo. As&iacute; lo decidi&oacute;, este martes, la C&aacute;mara Nacional Electoral&nbsp;para quienes no votaron en los comicios nacionales&nbsp;realizados el 27 [&hellip;]\" \/>\n<meta property=\"og:url\" content=\"https:\/\/informelitoral.com.ar\/elecciones-2013-extienden-plazo-para-que-los-que-no-votaron-regularicen-su-situacion\/\" \/>\n<meta property=\"og:site_name\" content=\"Informe Litoral\" \/>\n<meta property=\"article:publisher\" content=\"https:\/\/www.facebook.com\/informelitoral\/\" \/>\n<meta property=\"article:published_time\" content=\"2013-12-10T21:55:40+00:00\" \/>\n<meta property=\"article:modified_time\" content=\"2013-12-10T21:56:38+00:00\" \/>\n<meta property=\"og:image\" content=\"http:\/\/www.minutouno.com\/adjuntos\/150\/imagenes\/003\/647\/0003647691.jpg\" \/>\n<meta name=\"author\" content=\"Gonzalo Schmidt\" \/>\n<meta name=\"twitter:card\" content=\"summary_large_image\" \/>\n<meta name=\"twitter:creator\" content=\"@InformeLitoral\" \/>\n<meta name=\"twitter:site\" content=\"@InformeLitoral\" \/>\n<meta name=\"twitter:label1\" content=\"Escrito por\" \/>\n\t<meta name=\"twitter:data1\" content=\"Gonzalo Schmidt\" \/>\n\t<meta name=\"twitter:label2\" content=\"Tiempo de lectura\" \/>\n\t<meta name=\"twitter:data2\" content=\"1 minuto\" \/>\n<script type=\"application\/ld+json\" class=\"yoast-schema-graph\">{\"@context\":\"https:\\\/\\\/schema.org\",\"@graph\":[{\"@type\":\"Article\",\"@id\":\"https:\\\/\\\/informelitoral.com.ar\\\/elecciones-2013-extienden-plazo-para-que-los-que-no-votaron-regularicen-su-situacion\\\/#article\",\"isPartOf\":{\"@id\":\"https:\\\/\\\/informelitoral.com.ar\\\/elecciones-2013-extienden-plazo-para-que-los-que-no-votaron-regularicen-su-situacion\\\/\"},\"author\":{\"name\":\"Gonzalo Schmidt\",\"@id\":\"https:\\\/\\\/informelitoral.com.ar\\\/#\\\/schema\\\/person\\\/b9d00407c836482871ef1d57bf8e3180\"},\"headline\":\"Elecciones 2013: extienden plazo para que los que no votaron regularicen su situaci\u00f3n\",\"datePublished\":\"2013-12-10T21:55:40+00:00\",\"dateModified\":\"2013-12-10T21:56:38+00:00\",\"mainEntityOfPage\":{\"@id\":\"https:\\\/\\\/informelitoral.com.ar\\\/elecciones-2013-extienden-plazo-para-que-los-que-no-votaron-regularicen-su-situacion\\\/\"},\"wordCount\":248,\"commentCount\":0,\"publisher\":{\"@id\":\"https:\\\/\\\/informelitoral.com.ar\\\/#organization\"},\"image\":{\"@id\":\"https:\\\/\\\/informelitoral.com.ar\\\/elecciones-2013-extienden-plazo-para-que-los-que-no-votaron-regularicen-su-situacion\\\/#primaryimage\"},\"thumbnailUrl\":\"http:\\\/\\\/www.minutouno.com\\\/adjuntos\\\/150\\\/imagenes\\\/003\\\/647\\\/0003647691.jpg\",\"articleSection\":[\"Nacionales\",\"Politica\"],\"inLanguage\":\"es\",\"potentialAction\":[{\"@type\":\"CommentAction\",\"name\":\"Comment\",\"target\":[\"https:\\\/\\\/informelitoral.com.ar\\\/elecciones-2013-extienden-plazo-para-que-los-que-no-votaron-regularicen-su-situacion\\\/#respond\"]}]},{\"@type\":\"WebPage\",\"@id\":\"https:\\\/\\\/informelitoral.com.ar\\\/elecciones-2013-extienden-plazo-para-que-los-que-no-votaron-regularicen-su-situacion\\\/\",\"url\":\"https:\\\/\\\/informelitoral.com.ar\\\/elecciones-2013-extienden-plazo-para-que-los-que-no-votaron-regularicen-su-situacion\\\/\",\"name\":\"Elecciones 2013: extienden plazo para que los que no votaron regularicen su situaci\u00f3n - Informe Litoral\",\"isPartOf\":{\"@id\":\"https:\\\/\\\/informelitoral.com.ar\\\/#website\"},\"primaryImageOfPage\":{\"@id\":\"https:\\\/\\\/informelitoral.com.ar\\\/elecciones-2013-extienden-plazo-para-que-los-que-no-votaron-regularicen-su-situacion\\\/#primaryimage\"},\"image\":{\"@id\":\"https:\\\/\\\/informelitoral.com.ar\\\/elecciones-2013-extienden-plazo-para-que-los-que-no-votaron-regularicen-su-situacion\\\/#primaryimage\"},\"thumbnailUrl\":\"http:\\\/\\\/www.minutouno.com\\\/adjuntos\\\/150\\\/imagenes\\\/003\\\/647\\\/0003647691.jpg\",\"datePublished\":\"2013-12-10T21:55:40+00:00\",\"dateModified\":\"2013-12-10T21:56:38+00:00\",\"breadcrumb\":{\"@id\":\"https:\\\/\\\/informelitoral.com.ar\\\/elecciones-2013-extienden-plazo-para-que-los-que-no-votaron-regularicen-su-situacion\\\/#breadcrumb\"},\"inLanguage\":\"es\",\"potentialAction\":[{\"@type\":\"ReadAction\",\"target\":[\"https:\\\/\\\/informelitoral.com.ar\\\/elecciones-2013-extienden-plazo-para-que-los-que-no-votaron-regularicen-su-situacion\\\/\"]}]},{\"@type\":\"ImageObject\",\"inLanguage\":\"es\",\"@id\":\"https:\\\/\\\/informelitoral.com.ar\\\/elecciones-2013-extienden-plazo-para-que-los-que-no-votaron-regularicen-su-situacion\\\/#primaryimage\",\"url\":\"http:\\\/\\\/www.minutouno.com\\\/adjuntos\\\/150\\\/imagenes\\\/003\\\/647\\\/0003647691.jpg\",\"contentUrl\":\"http:\\\/\\\/www.minutouno.com\\\/adjuntos\\\/150\\\/imagenes\\\/003\\\/647\\\/0003647691.jpg\"},{\"@type\":\"BreadcrumbList\",\"@id\":\"https:\\\/\\\/informelitoral.com.ar\\\/elecciones-2013-extienden-plazo-para-que-los-que-no-votaron-regularicen-su-situacion\\\/#breadcrumb\",\"itemListElement\":[{\"@type\":\"ListItem\",\"position\":1,\"name\":\"Portada\",\"item\":\"https:\\\/\\\/informelitoral.com.ar\\\/\"},{\"@type\":\"ListItem\",\"position\":2,\"name\":\"Elecciones 2013: extienden plazo para que los que no votaron regularicen su situaci\u00f3n\"}]},{\"@type\":\"WebSite\",\"@id\":\"https:\\\/\\\/informelitoral.com.ar\\\/#website\",\"url\":\"https:\\\/\\\/informelitoral.com.ar\\\/\",\"name\":\"Informe Litoral\",\"description\":\"&quot;Nos informamos&quot; \",\"publisher\":{\"@id\":\"https:\\\/\\\/informelitoral.com.ar\\\/#organization\"},\"potentialAction\":[{\"@type\":\"SearchAction\",\"target\":{\"@type\":\"EntryPoint\",\"urlTemplate\":\"https:\\\/\\\/informelitoral.com.ar\\\/?s={search_term_string}\"},\"query-input\":{\"@type\":\"PropertyValueSpecification\",\"valueRequired\":true,\"valueName\":\"search_term_string\"}}],\"inLanguage\":\"es\"},{\"@type\":\"Organization\",\"@id\":\"https:\\\/\\\/informelitoral.com.ar\\\/#organization\",\"name\":\"Informe Litoral\",\"url\":\"https:\\\/\\\/informelitoral.com.ar\\\/\",\"logo\":{\"@type\":\"ImageObject\",\"inLanguage\":\"es\",\"@id\":\"https:\\\/\\\/informelitoral.com.ar\\\/#\\\/schema\\\/logo\\\/image\\\/\",\"url\":\"https:\\\/\\\/informelitoral.com.ar\\\/%77%70%2d%63%6f%6e%74%65%6e%74\\\/uploads\\\/2021\\\/01\\\/circulo.png\",\"contentUrl\":\"https:\\\/\\\/informelitoral.com.ar\\\/%77%70%2d%63%6f%6e%74%65%6e%74\\\/uploads\\\/2021\\\/01\\\/circulo.png\",\"width\":723,\"height\":731,\"caption\":\"Informe Litoral\"},\"image\":{\"@id\":\"https:\\\/\\\/informelitoral.com.ar\\\/#\\\/schema\\\/logo\\\/image\\\/\"},\"sameAs\":[\"https:\\\/\\\/www.facebook.com\\\/informelitoral\\\/\",\"https:\\\/\\\/x.com\\\/InformeLitoral\",\"https:\\\/\\\/www.instagram.com\\\/informelitoral\\\/\",\"https:\\\/\\\/www.youtube.com\\\/channel\\\/UCua4Qvz8Icb6MYqhoq9xLXw\"]},{\"@type\":\"Person\",\"@id\":\"https:\\\/\\\/informelitoral.com.ar\\\/#\\\/schema\\\/person\\\/b9d00407c836482871ef1d57bf8e3180\",\"name\":\"Gonzalo Schmidt\",\"image\":{\"@type\":\"ImageObject\",\"inLanguage\":\"es\",\"@id\":\"https:\\\/\\\/secure.gravatar.com\\\/avatar\\\/31a1a7b66ff2de83bd0e9fd79d026630d2d99e55e8bfe501287647b4fd9743de?s=96&d=mm&r=g\",\"url\":\"https:\\\/\\\/secure.gravatar.com\\\/avatar\\\/31a1a7b66ff2de83bd0e9fd79d026630d2d99e55e8bfe501287647b4fd9743de?s=96&d=mm&r=g\",\"contentUrl\":\"https:\\\/\\\/secure.gravatar.com\\\/avatar\\\/31a1a7b66ff2de83bd0e9fd79d026630d2d99e55e8bfe501287647b4fd9743de?s=96&d=mm&r=g\",\"caption\":\"Gonzalo Schmidt\"},\"description\":\"Sitio web de noticias de la provincia de Entre R\u00edos, Argentina. Informaci\u00f3n y entretenimiento. Informe Litoral, nos informamos.\",\"sameAs\":[\"http:\\\/\\\/www.isletasnoticias.com.ar\"],\"url\":\"https:\\\/\\\/informelitoral.com.ar\\\/author\\\/gonzalo\\\/\"}]}<\/script>","yoast_head_json":{"title":"Elecciones 2013: extienden plazo para que los que no votaron regularicen su situaci\u00f3n - Informe Litoral","robots":{"index":"index","follow":"follow","max-snippet":"max-snippet:-1","max-image-preview":"max-image-preview:large","max-video-preview":"max-video-preview:-1"},"canonical":"https:\/\/informelitoral.com.ar\/elecciones-2013-extienden-plazo-para-que-los-que-no-votaron-regularicen-su-situacion\/","og_locale":"es_ES","og_type":"article","og_title":"Elecciones 2013: extienden plazo para que los que no votaron regularicen su situaci\u00f3n - Informe Litoral","og_description":"La C&aacute;mara Nacional Electoral le dio m&aacute;s tiempo a los argentinos que no concurrieron a las urnas el 27 de octubre para regularizar su situaci&oacute;n y evitar ser sancionados. &nbsp;Habr&aacute; tiempo hasta el 14 de febrero pr&oacute;ximo. As&iacute; lo decidi&oacute;, este martes, la C&aacute;mara Nacional Electoral&nbsp;para quienes no votaron en los comicios nacionales&nbsp;realizados el 27 [&hellip;]","og_url":"https:\/\/informelitoral.com.ar\/elecciones-2013-extienden-plazo-para-que-los-que-no-votaron-regularicen-su-situacion\/","og_site_name":"Informe Litoral","article_publisher":"https:\/\/www.facebook.com\/informelitoral\/","article_published_time":"2013-12-10T21:55:40+00:00","article_modified_time":"2013-12-10T21:56:38+00:00","og_image":[{"url":"http:\/\/www.minutouno.com\/adjuntos\/150\/imagenes\/003\/647\/0003647691.jpg","type":"","width":"","height":""}],"author":"Gonzalo Schmidt","twitter_card":"summary_large_image","twitter_creator":"@InformeLitoral","twitter_site":"@InformeLitoral","twitter_misc":{"Escrito por":"Gonzalo Schmidt","Tiempo de lectura":"1 minuto"},"schema":{"@context":"https:\/\/schema.org","@graph":[{"@type":"Article","@id":"https:\/\/informelitoral.com.ar\/elecciones-2013-extienden-plazo-para-que-los-que-no-votaron-regularicen-su-situacion\/#article","isPartOf":{"@id":"https:\/\/informelitoral.com.ar\/elecciones-2013-extienden-plazo-para-que-los-que-no-votaron-regularicen-su-situacion\/"},"author":{"name":"Gonzalo Schmidt","@id":"https:\/\/informelitoral.com.ar\/#\/schema\/person\/b9d00407c836482871ef1d57bf8e3180"},"headline":"Elecciones 2013: extienden plazo para que los que no votaron regularicen su situaci\u00f3n","datePublished":"2013-12-10T21:55:40+00:00","dateModified":"2013-12-10T21:56:38+00:00","mainEntityOfPage":{"@id":"https:\/\/informelitoral.com.ar\/elecciones-2013-extienden-plazo-para-que-los-que-no-votaron-regularicen-su-situacion\/"},"wordCount":248,"commentCount":0,"publisher":{"@id":"https:\/\/informelitoral.com.ar\/#organization"},"image":{"@id":"https:\/\/informelitoral.com.ar\/elecciones-2013-extienden-plazo-para-que-los-que-no-votaron-regularicen-su-situacion\/#primaryimage"},"thumbnailUrl":"http:\/\/www.minutouno.com\/adjuntos\/150\/imagenes\/003\/647\/0003647691.jpg","articleSection":["Nacionales","Politica"],"inLanguage":"es","potentialAction":[{"@type":"CommentAction","name":"Comment","target":["https:\/\/informelitoral.com.ar\/elecciones-2013-extienden-plazo-para-que-los-que-no-votaron-regularicen-su-situacion\/#respond"]}]},{"@type":"WebPage","@id":"https:\/\/informelitoral.com.ar\/elecciones-2013-extienden-plazo-para-que-los-que-no-votaron-regularicen-su-situacion\/","url":"https:\/\/informelitoral.com.ar\/elecciones-2013-extienden-plazo-para-que-los-que-no-votaron-regularicen-su-situacion\/","name":"Elecciones 2013: extienden plazo para que los que no votaron regularicen su situaci\u00f3n - Informe Litoral","isPartOf":{"@id":"https:\/\/informelitoral.com.ar\/#website"},"primaryImageOfPage":{"@id":"https:\/\/informelitoral.com.ar\/elecciones-2013-extienden-plazo-para-que-los-que-no-votaron-regularicen-su-situacion\/#primaryimage"},"image":{"@id":"https:\/\/informelitoral.com.ar\/elecciones-2013-extienden-plazo-para-que-los-que-no-votaron-regularicen-su-situacion\/#primaryimage"},"thumbnailUrl":"http:\/\/www.minutouno.com\/adjuntos\/150\/imagenes\/003\/647\/0003647691.jpg","datePublished":"2013-12-10T21:55:40+00:00","dateModified":"2013-12-10T21:56:38+00:00","breadcrumb":{"@id":"https:\/\/informelitoral.com.ar\/elecciones-2013-extienden-plazo-para-que-los-que-no-votaron-regularicen-su-situacion\/#breadcrumb"},"inLanguage":"es","potentialAction":[{"@type":"ReadAction","target":["https:\/\/informelitoral.com.ar\/elecciones-2013-extienden-plazo-para-que-los-que-no-votaron-regularicen-su-situacion\/"]}]},{"@type":"ImageObject","inLanguage":"es","@id":"https:\/\/informelitoral.com.ar\/elecciones-2013-extienden-plazo-para-que-los-que-no-votaron-regularicen-su-situacion\/#primaryimage","url":"http:\/\/www.minutouno.com\/adjuntos\/150\/imagenes\/003\/647\/0003647691.jpg","contentUrl":"http:\/\/www.minutouno.com\/adjuntos\/150\/imagenes\/003\/647\/0003647691.jpg"},{"@type":"BreadcrumbList","@id":"https:\/\/informelitoral.com.ar\/elecciones-2013-extienden-plazo-para-que-los-que-no-votaron-regularicen-su-situacion\/#breadcrumb","itemListElement":[{"@type":"ListItem","position":1,"name":"Portada","item":"https:\/\/informelitoral.com.ar\/"},{"@type":"ListItem","position":2,"name":"Elecciones 2013: extienden plazo para que los que no votaron regularicen su situaci\u00f3n"}]},{"@type":"WebSite","@id":"https:\/\/informelitoral.com.ar\/#website","url":"https:\/\/informelitoral.com.ar\/","name":"Informe Litoral","description":"&quot;Nos informamos&quot; ","publisher":{"@id":"https:\/\/informelitoral.com.ar\/#organization"},"potentialAction":[{"@type":"SearchAction","target":{"@type":"EntryPoint","urlTemplate":"https:\/\/informelitoral.com.ar\/?s={search_term_string}"},"query-input":{"@type":"PropertyValueSpecification","valueRequired":true,"valueName":"search_term_string"}}],"inLanguage":"es"},{"@type":"Organization","@id":"https:\/\/informelitoral.com.ar\/#organization","name":"Informe Litoral","url":"https:\/\/informelitoral.com.ar\/","logo":{"@type":"ImageObject","inLanguage":"es","@id":"https:\/\/informelitoral.com.ar\/#\/schema\/logo\/image\/","url":"https:\/\/informelitoral.com.ar\/%77%70%2d%63%6f%6e%74%65%6e%74\/uploads\/2021\/01\/circulo.png","contentUrl":"https:\/\/informelitoral.com.ar\/%77%70%2d%63%6f%6e%74%65%6e%74\/uploads\/2021\/01\/circulo.png","width":723,"height":731,"caption":"Informe Litoral"},"image":{"@id":"https:\/\/informelitoral.com.ar\/#\/schema\/logo\/image\/"},"sameAs":["https:\/\/www.facebook.com\/informelitoral\/","https:\/\/x.com\/InformeLitoral","https:\/\/www.instagram.com\/informelitoral\/","https:\/\/www.youtube.com\/channel\/UCua4Qvz8Icb6MYqhoq9xLXw"]},{"@type":"Person","@id":"https:\/\/informelitoral.com.ar\/#\/schema\/person\/b9d00407c836482871ef1d57bf8e3180","name":"Gonzalo Schmidt","image":{"@type":"ImageObject","inLanguage":"es","@id":"https:\/\/secure.gravatar.com\/avatar\/31a1a7b66ff2de83bd0e9fd79d026630d2d99e55e8bfe501287647b4fd9743de?s=96&d=mm&r=g","url":"https:\/\/secure.gravatar.com\/avatar\/31a1a7b66ff2de83bd0e9fd79d026630d2d99e55e8bfe501287647b4fd9743de?s=96&d=mm&r=g","contentUrl":"https:\/\/secure.gravatar.com\/avatar\/31a1a7b66ff2de83bd0e9fd79d026630d2d99e55e8bfe501287647b4fd9743de?s=96&d=mm&r=g","caption":"Gonzalo Schmidt"},"description":"Sitio web de noticias de la provincia de Entre R\u00edos, Argentina. Informaci\u00f3n y entretenimiento. Informe Litoral, nos informamos.","sameAs":["http:\/\/www.isletasnoticias.com.ar"],"url":"https:\/\/informelitoral.com.ar\/author\/gonzalo\/"}]}},"_links":{"self":[{"href":"https:\/\/informelitoral.com.ar\/%77%70%2d%6a%73%6f%6e\/wp\/v2\/posts\/4628","targetHints":{"allow":["GET"]}}],"collection":[{"href":"https:\/\/informelitoral.com.ar\/%77%70%2d%6a%73%6f%6e\/wp\/v2\/posts"}],"about":[{"href":"https:\/\/informelitoral.com.ar\/%77%70%2d%6a%73%6f%6e\/wp\/v2\/types\/post"}],"author":[{"embeddable":true,"href":"https:\/\/informelitoral.com.ar\/%77%70%2d%6a%73%6f%6e\/wp\/v2\/users\/2"}],"replies":[{"embeddable":true,"href":"https:\/\/informelitoral.com.ar\/%77%70%2d%6a%73%6f%6e\/wp\/v2\/comments?post=4628"}],"version-history":[{"count":0,"href":"https:\/\/informelitoral.com.ar\/%77%70%2d%6a%73%6f%6e\/wp\/v2\/posts\/4628\/revisions"}],"wp:attachment":[{"href":"https:\/\/informelitoral.com.ar\/%77%70%2d%6a%73%6f%6e\/wp\/v2\/media?parent=4628"}],"wp:term":[{"taxonomy":"category","embeddable":true,"href":"https:\/\/informelitoral.com.ar\/%77%70%2d%6a%73%6f%6e\/wp\/v2\/categories?post=4628"},{"taxonomy":"post_tag","embeddable":true,"href":"https:\/\/informelitoral.com.ar\/%77%70%2d%6a%73%6f%6e\/wp\/v2\/tags?post=4628"}],"curies":[{"name":"wp","href":"https:\/\/api.w.org\/{rel}","templated":true}]}}