{"id":46275,"date":"2020-07-22T21:36:59","date_gmt":"2020-07-23T00:36:59","guid":{"rendered":"https:\/\/www.isletasnoticias.com.ar\/?p=46275"},"modified":"2020-07-22T21:37:39","modified_gmt":"2020-07-23T00:37:39","slug":"la-oms-advirtio-que-la-poblacion-no-comenzara-a-ser-vacunada-contra-el-covid-19-antes-de-la-primera-parte-de-2021%e2%80%b3","status":"publish","type":"post","link":"https:\/\/informelitoral.com.ar\/la-oms-advirtio-que-la-poblacion-no-comenzara-a-ser-vacunada-contra-el-covid-19-antes-de-la-primera-parte-de-2021%e2%80%b3\/","title":{"rendered":"La OMS advirti\u00f3 que la poblaci\u00f3n no comenzar\u00e1 a ser vacunada contra el Covid-19 antes de \u201cla primera parte de 2021\u2033"},"content":{"rendered":"<p class=\"font_tertiary paragraph\">El estado de las investigaciones para encontrar una vacuna contra el Covid-19 y las precauciones que se deben tomar apuntan a que\u00a0<b>la poblaci\u00f3n no empezar\u00e1 a ser vacunada antes \u201cde la primera parte de 2021\u201d,\u00a0<\/b>dijo este mi\u00e9rcoles un alto responsable de la Organizaci\u00f3n Mundial de la Salud (OMS).<\/p>\n<p class=\"font_tertiary paragraph\"><b>\u201cHay que ser realistas en cuanto a los tiempos. No importa cuanto intentemos acelerar el proceso, tenemos que estar seguros de que una vacuna es segura y efectiva, y esto toma su propio tiempo\u201d<\/b>, dijo el director de Emergencias Sanitarias de la OMS, Mike Ryan.<\/p>\n<p class=\"font_tertiary paragraph\"><b>\u201cEstamos apurando las cosas todo lo que se puede, pero esto no significa bajo ninguna circunstancia que vamos a tomar atajos en lo referido a la seguridad\u201d<\/b>, recalc\u00f3 el m\u00e9dico y alto directivo de la OMS en una sesi\u00f3n informativa dirigida al p\u00fablico en general a trav\u00e9s de las redes sociales.<\/p>\n<p class=\"font_tertiary paragraph\">En esa sesi\u00f3n, en la que tambi\u00e9n particip\u00f3 la responsable t\u00e9cnica de la c\u00e9lula de gesti\u00f3n de la pandemia, Mar\u00eda Von Kerkhove, se record\u00f3 que\u00a0<b>no hay que tener expectativas desmesuradas y creer que la vacuna ser\u00e1 una soluci\u00f3n absoluta.<\/b><\/p>\n<p class=\"font_tertiary paragraph\">Ryan record\u00f3 que ninguna vacuna es 100 % efectiva y mencion\u00f3 el caso de la que existe contra el sarampi\u00f3n y que es considerada entre las que tienen mayor efectividad, que en este caso llega al 95%.<\/p>\n<p>Otro aspecto a tomar en cuenta ser\u00e1\u00a0<b>la duraci\u00f3n de la inmunizaci\u00f3n que ofrezca la vacuna.<\/b><\/p>\n<p><a href=\"https:\/\/www.isletasnoticias.com.ar\/%77%70%2d%63%6f%6e%74%65%6e%74\/uploads\/2020\/07\/0037867282.jpg\"><img loading=\"lazy\" decoding=\"async\" class=\"size-medium wp-image-46064 aligncenter\" src=\"https:\/\/www.isletasnoticias.com.ar\/%77%70%2d%63%6f%6e%74%65%6e%74\/uploads\/2020\/07\/0037867282-300x168.jpg\" alt=\"\" width=\"300\" height=\"168\" srcset=\"https:\/\/informelitoral.com.ar\/%77%70%2d%63%6f%6e%74%65%6e%74\/uploads\/2020\/07\/0037867282-300x168.jpg 300w, https:\/\/informelitoral.com.ar\/%77%70%2d%63%6f%6e%74%65%6e%74\/uploads\/2020\/07\/0037867282-1024x575.jpg 1024w, https:\/\/informelitoral.com.ar\/%77%70%2d%63%6f%6e%74%65%6e%74\/uploads\/2020\/07\/0037867282-768x431.jpg 768w, https:\/\/informelitoral.com.ar\/%77%70%2d%63%6f%6e%74%65%6e%74\/uploads\/2020\/07\/0037867282-696x391.jpg 696w, https:\/\/informelitoral.com.ar\/%77%70%2d%63%6f%6e%74%65%6e%74\/uploads\/2020\/07\/0037867282-1068x600.jpg 1068w, https:\/\/informelitoral.com.ar\/%77%70%2d%63%6f%6e%74%65%6e%74\/uploads\/2020\/07\/0037867282-748x420.jpg 748w, https:\/\/informelitoral.com.ar\/%77%70%2d%63%6f%6e%74%65%6e%74\/uploads\/2020\/07\/0037867282.jpg 1140w\" sizes=\"auto, (max-width: 300px) 100vw, 300px\" \/><\/a><\/p>\n<p class=\"font_tertiary paragraph\"><b>Cada vez son m\u00e1s las vacunas -entre las 23 que han llegado a etapas m\u00e1s avanzadas en investigaciones en distintas partes del mundo- que est\u00e1n llegando a la fase 3,\u00a0<\/b>que implica que tras haber mostrado ser seguras y cierta eficacia, pueden empezar a ser administrada a miles de personas.<\/p>\n<p class=\"font_tertiary paragraph\">Se trata de la etapa previa para la aprobaci\u00f3n de una vacuna por parte de las autoridades sanitarias de los pa\u00edses. En los \u00faltimos d\u00edas, dos laboratorios -Moderna, de los Estados Unidos y el instituto Jenner, de la universidad inglesa de Oxford-\u00a0<b>se convirtieron en los primeros en anunciar que sus potenciales vacunas hab\u00edan tenido los efectos deseados en la fase I de sus respectivas pruebas<\/b>.<\/p>\n<p class=\"font_tertiary paragraph\">Al igual que los funcionarios de la OMS, las autoridades del Instituto Jenner apelaron a la cautela y dijeron que no hay certeza de que su vacuna se lance a finales de a\u00f1o. \u201cEl objetivo de fin de a\u00f1o para el lanzamiento de la vacuna es una posibilidad, pero no hay ninguna certeza al respecto porque necesitamos que ocurran tres cosas\u201d, dijo Sarah Gilbert a la radio de la BBC.<\/p>\n<p class=\"font_tertiary paragraph\">La vacun\u00f3loga de la prestigiosa universidad brit\u00e1nica precis\u00f3 que esta\u00a0<b>tiene que demostrar que funciona en las \u00faltimas etapas de los ensayos, que hay que fabricar grandes cantidades y que los reguladores tendr\u00e1n que acordar r\u00e1pidamente la concesi\u00f3n de licencias<\/b>\u00a0para su uso en casos de emergencia. \u201cEstas tres cosas tienen que suceder y alinearse antes de que podamos empezar a ver un gran n\u00famero de personas vacunadas\u201d, dijo.<\/p>\n<p class=\"font_tertiary paragraph\">No obstante, los cient\u00edficos de Oxford han previsto la producci\u00f3n de un mill\u00f3n de dosis de su potencial vacuna para septiembre.<\/p>\n<p class=\"font_tertiary paragraph\">La organizaci\u00f3n ha confirmado al mi\u00e9rcoles 14,73 millones de casos de coronavirus en el mundo, de los cuales 169.013 corresponden a las \u00faltimas 24 horas.<\/p>\n<p class=\"font_tertiary paragraph\">Los fallecidos por esta nueva enfermedad a nivel global son 611.284, lo que supone 3.503 m\u00e1s que en la v\u00edspera.<\/p>\n<p class=\"font_tertiary paragraph\">Durante la sesi\u00f3n, una de las preguntas que m\u00e1s se repiti\u00f3 fue<b>\u00a0si es seguro asistir a eventos masivos al aire libre.\u00a0<\/b>Von Kerkhove dijo que lo es si los participantes pueden mantener una distancia f\u00edsica de al menos un metro y cumplir con las medidas de higiene indicadas, en particular el lavado de manos. En caso de que ello no sea posible, recomend\u00f3 el\u00a0<b>uso de mascarillas durante todo el evento.<\/b><\/p>\n<p class=\"font_tertiary paragraph\">Record\u00f3 que<b>\u00a0el virus se transmite desde personas infectadas antes de que empiecen a mostrar s\u00edntomas.\u00a0<\/b>A los j\u00f3venes, les pidi\u00f3 que no se dejen llevar por la idea de que si atrapan el virus les causar\u00e1, a lo sumo, s\u00edntomas leves.<\/p>\n<p class=\"font_tertiary paragraph\">Record\u00f3 que hay personas de ese grupo de edad que han mostrado s\u00edntomas severos y que han sufrido\u00a0<b>secuelas\u00a0<\/b>de las que les ha costado semanas y hasta meses recuperarse. \u201cAl pulm\u00f3n le toma bastante tiempo volver a su capacidad normal y en algunas casos tambi\u00e9n el sistema cardiovascular queda afectado\u201d, record\u00f3 Ryan.<\/p>\n<p class=\"font_tertiary paragraph\">La OMS ha documentado numerosos casos de gente joven que requiere de tres a seis meses para que sus \u00f3rganos recuperen sus funciones normales, tras haber sufrido la enfermedad una decena de d\u00edas. (Fuente: Infobae)<\/p>\n","protected":false},"excerpt":{"rendered":"<p>El estado de las investigaciones para encontrar una vacuna contra el Covid-19 y las precauciones que se deben tomar apuntan a que&nbsp;la poblaci&oacute;n no empezar&aacute; a ser vacunada antes &ldquo;de la primera parte de 2021&rdquo;,&nbsp;dijo este mi&eacute;rcoles un alto responsable de la Organizaci&oacute;n Mundial de la Salud (OMS). &ldquo;Hay que ser realistas en cuanto a [&hellip;]<\/p>\n","protected":false},"author":8,"featured_media":46276,"comment_status":"open","ping_status":"open","sticky":false,"template":"","format":"standard","meta":{"fifu_image_url":"","fifu_image_alt":"","footnotes":""},"categories":[8,1],"tags":[],"class_list":{"0":"post-46275","1":"post","2":"type-post","3":"status-publish","4":"format-standard","5":"has-post-thumbnail","7":"category-internacionales","8":"category-sin-categoria"},"yoast_head":"<title>La OMS advirti\u00f3 que la poblaci\u00f3n no comenzar\u00e1 a ser vacunada contra el Covid-19 antes de \u201cla primera parte de 2021\u2033 - Informe Litoral<\/title>\n<meta name=\"robots\" content=\"index, follow, max-snippet:-1, max-image-preview:large, max-video-preview:-1\" \/>\n<link rel=\"canonical\" href=\"https:\/\/informelitoral.com.ar\/la-oms-advirtio-que-la-poblacion-no-comenzara-a-ser-vacunada-contra-el-covid-19-antes-de-la-primera-parte-de-2021\u2033\/\" \/>\n<meta property=\"og:locale\" content=\"es_ES\" \/>\n<meta property=\"og:type\" content=\"article\" \/>\n<meta property=\"og:title\" content=\"La OMS advirti\u00f3 que la poblaci\u00f3n no comenzar\u00e1 a ser vacunada contra el Covid-19 antes de \u201cla primera parte de 2021\u2033 - Informe Litoral\" \/>\n<meta property=\"og:description\" content=\"El estado de las investigaciones para encontrar una vacuna contra el Covid-19 y las precauciones que se deben tomar apuntan a que&nbsp;la poblaci&oacute;n no empezar&aacute; a ser vacunada antes &ldquo;de la primera parte de 2021&rdquo;,&nbsp;dijo este mi&eacute;rcoles un alto responsable de la Organizaci&oacute;n Mundial de la Salud (OMS). &ldquo;Hay que ser realistas en cuanto a [&hellip;]\" \/>\n<meta property=\"og:url\" content=\"https:\/\/informelitoral.com.ar\/la-oms-advirtio-que-la-poblacion-no-comenzara-a-ser-vacunada-contra-el-covid-19-antes-de-la-primera-parte-de-2021\u2033\/\" \/>\n<meta property=\"og:site_name\" content=\"Informe Litoral\" \/>\n<meta property=\"article:publisher\" content=\"https:\/\/www.facebook.com\/informelitoral\/\" \/>\n<meta property=\"article:published_time\" content=\"2020-07-23T00:36:59+00:00\" \/>\n<meta property=\"article:modified_time\" content=\"2020-07-23T00:37:39+00:00\" \/>\n<meta property=\"og:image\" content=\"https:\/\/informelitoral.com.ar\/%77%70%2d%63%6f%6e%74%65%6e%74\/uploads\/2020\/07\/oms.jpg\" \/>\n\t<meta property=\"og:image:width\" content=\"1438\" \/>\n\t<meta property=\"og:image:height\" content=\"725\" \/>\n\t<meta property=\"og:image:type\" content=\"image\/jpeg\" \/>\n<meta name=\"author\" content=\"Sebastian\" \/>\n<meta name=\"twitter:card\" content=\"summary_large_image\" \/>\n<meta name=\"twitter:creator\" content=\"@InformeLitoral\" \/>\n<meta name=\"twitter:site\" content=\"@InformeLitoral\" \/>\n<meta name=\"twitter:label1\" content=\"Escrito por\" \/>\n\t<meta name=\"twitter:data1\" content=\"Sebastian\" \/>\n\t<meta name=\"twitter:label2\" content=\"Tiempo de lectura\" \/>\n\t<meta name=\"twitter:data2\" content=\"4 minutos\" \/>\n<script type=\"application\/ld+json\" class=\"yoast-schema-graph\">{\"@context\":\"https:\\\/\\\/schema.org\",\"@graph\":[{\"@type\":\"Article\",\"@id\":\"https:\\\/\\\/informelitoral.com.ar\\\/la-oms-advirtio-que-la-poblacion-no-comenzara-a-ser-vacunada-contra-el-covid-19-antes-de-la-primera-parte-de-2021%e2%80%b3\\\/#article\",\"isPartOf\":{\"@id\":\"https:\\\/\\\/informelitoral.com.ar\\\/la-oms-advirtio-que-la-poblacion-no-comenzara-a-ser-vacunada-contra-el-covid-19-antes-de-la-primera-parte-de-2021%e2%80%b3\\\/\"},\"author\":{\"name\":\"Sebastian\",\"@id\":\"https:\\\/\\\/informelitoral.com.ar\\\/#\\\/schema\\\/person\\\/f05f9f461677119578717524b127d6d5\"},\"headline\":\"La OMS advirti\u00f3 que la poblaci\u00f3n no comenzar\u00e1 a ser vacunada contra el Covid-19 antes de \u201cla primera parte de 2021\u2033\",\"datePublished\":\"2020-07-23T00:36:59+00:00\",\"dateModified\":\"2020-07-23T00:37:39+00:00\",\"mainEntityOfPage\":{\"@id\":\"https:\\\/\\\/informelitoral.com.ar\\\/la-oms-advirtio-que-la-poblacion-no-comenzara-a-ser-vacunada-contra-el-covid-19-antes-de-la-primera-parte-de-2021%e2%80%b3\\\/\"},\"wordCount\":821,\"commentCount\":0,\"publisher\":{\"@id\":\"https:\\\/\\\/informelitoral.com.ar\\\/#organization\"},\"image\":{\"@id\":\"https:\\\/\\\/informelitoral.com.ar\\\/la-oms-advirtio-que-la-poblacion-no-comenzara-a-ser-vacunada-contra-el-covid-19-antes-de-la-primera-parte-de-2021%e2%80%b3\\\/#primaryimage\"},\"thumbnailUrl\":\"https:\\\/\\\/informelitoral.com.ar\\\/%77%70%2d%63%6f%6e%74%65%6e%74\\\/uploads\\\/2020\\\/07\\\/oms.jpg\",\"articleSection\":[\"Internacionales\"],\"inLanguage\":\"es\",\"potentialAction\":[{\"@type\":\"CommentAction\",\"name\":\"Comment\",\"target\":[\"https:\\\/\\\/informelitoral.com.ar\\\/la-oms-advirtio-que-la-poblacion-no-comenzara-a-ser-vacunada-contra-el-covid-19-antes-de-la-primera-parte-de-2021%e2%80%b3\\\/#respond\"]}]},{\"@type\":\"WebPage\",\"@id\":\"https:\\\/\\\/informelitoral.com.ar\\\/la-oms-advirtio-que-la-poblacion-no-comenzara-a-ser-vacunada-contra-el-covid-19-antes-de-la-primera-parte-de-2021%e2%80%b3\\\/\",\"url\":\"https:\\\/\\\/informelitoral.com.ar\\\/la-oms-advirtio-que-la-poblacion-no-comenzara-a-ser-vacunada-contra-el-covid-19-antes-de-la-primera-parte-de-2021%e2%80%b3\\\/\",\"name\":\"La OMS advirti\u00f3 que la poblaci\u00f3n no comenzar\u00e1 a ser vacunada contra el Covid-19 antes de \u201cla primera parte de 2021\u2033 - Informe Litoral\",\"isPartOf\":{\"@id\":\"https:\\\/\\\/informelitoral.com.ar\\\/#website\"},\"primaryImageOfPage\":{\"@id\":\"https:\\\/\\\/informelitoral.com.ar\\\/la-oms-advirtio-que-la-poblacion-no-comenzara-a-ser-vacunada-contra-el-covid-19-antes-de-la-primera-parte-de-2021%e2%80%b3\\\/#primaryimage\"},\"image\":{\"@id\":\"https:\\\/\\\/informelitoral.com.ar\\\/la-oms-advirtio-que-la-poblacion-no-comenzara-a-ser-vacunada-contra-el-covid-19-antes-de-la-primera-parte-de-2021%e2%80%b3\\\/#primaryimage\"},\"thumbnailUrl\":\"https:\\\/\\\/informelitoral.com.ar\\\/%77%70%2d%63%6f%6e%74%65%6e%74\\\/uploads\\\/2020\\\/07\\\/oms.jpg\",\"datePublished\":\"2020-07-23T00:36:59+00:00\",\"dateModified\":\"2020-07-23T00:37:39+00:00\",\"breadcrumb\":{\"@id\":\"https:\\\/\\\/informelitoral.com.ar\\\/la-oms-advirtio-que-la-poblacion-no-comenzara-a-ser-vacunada-contra-el-covid-19-antes-de-la-primera-parte-de-2021%e2%80%b3\\\/#breadcrumb\"},\"inLanguage\":\"es\",\"potentialAction\":[{\"@type\":\"ReadAction\",\"target\":[\"https:\\\/\\\/informelitoral.com.ar\\\/la-oms-advirtio-que-la-poblacion-no-comenzara-a-ser-vacunada-contra-el-covid-19-antes-de-la-primera-parte-de-2021%e2%80%b3\\\/\"]}]},{\"@type\":\"ImageObject\",\"inLanguage\":\"es\",\"@id\":\"https:\\\/\\\/informelitoral.com.ar\\\/la-oms-advirtio-que-la-poblacion-no-comenzara-a-ser-vacunada-contra-el-covid-19-antes-de-la-primera-parte-de-2021%e2%80%b3\\\/#primaryimage\",\"url\":\"https:\\\/\\\/informelitoral.com.ar\\\/%77%70%2d%63%6f%6e%74%65%6e%74\\\/uploads\\\/2020\\\/07\\\/oms.jpg\",\"contentUrl\":\"https:\\\/\\\/informelitoral.com.ar\\\/%77%70%2d%63%6f%6e%74%65%6e%74\\\/uploads\\\/2020\\\/07\\\/oms.jpg\",\"width\":1438,\"height\":725},{\"@type\":\"BreadcrumbList\",\"@id\":\"https:\\\/\\\/informelitoral.com.ar\\\/la-oms-advirtio-que-la-poblacion-no-comenzara-a-ser-vacunada-contra-el-covid-19-antes-de-la-primera-parte-de-2021%e2%80%b3\\\/#breadcrumb\",\"itemListElement\":[{\"@type\":\"ListItem\",\"position\":1,\"name\":\"Portada\",\"item\":\"https:\\\/\\\/informelitoral.com.ar\\\/\"},{\"@type\":\"ListItem\",\"position\":2,\"name\":\"La OMS advirti\u00f3 que la poblaci\u00f3n no comenzar\u00e1 a ser vacunada contra el Covid-19 antes de \u201cla primera parte de 2021\u2033\"}]},{\"@type\":\"WebSite\",\"@id\":\"https:\\\/\\\/informelitoral.com.ar\\\/#website\",\"url\":\"https:\\\/\\\/informelitoral.com.ar\\\/\",\"name\":\"Informe Litoral\",\"description\":\"&quot;Nos informamos&quot; \",\"publisher\":{\"@id\":\"https:\\\/\\\/informelitoral.com.ar\\\/#organization\"},\"potentialAction\":[{\"@type\":\"SearchAction\",\"target\":{\"@type\":\"EntryPoint\",\"urlTemplate\":\"https:\\\/\\\/informelitoral.com.ar\\\/?s={search_term_string}\"},\"query-input\":{\"@type\":\"PropertyValueSpecification\",\"valueRequired\":true,\"valueName\":\"search_term_string\"}}],\"inLanguage\":\"es\"},{\"@type\":\"Organization\",\"@id\":\"https:\\\/\\\/informelitoral.com.ar\\\/#organization\",\"name\":\"Informe Litoral\",\"url\":\"https:\\\/\\\/informelitoral.com.ar\\\/\",\"logo\":{\"@type\":\"ImageObject\",\"inLanguage\":\"es\",\"@id\":\"https:\\\/\\\/informelitoral.com.ar\\\/#\\\/schema\\\/logo\\\/image\\\/\",\"url\":\"https:\\\/\\\/informelitoral.com.ar\\\/%77%70%2d%63%6f%6e%74%65%6e%74\\\/uploads\\\/2021\\\/01\\\/circulo.png\",\"contentUrl\":\"https:\\\/\\\/informelitoral.com.ar\\\/%77%70%2d%63%6f%6e%74%65%6e%74\\\/uploads\\\/2021\\\/01\\\/circulo.png\",\"width\":723,\"height\":731,\"caption\":\"Informe Litoral\"},\"image\":{\"@id\":\"https:\\\/\\\/informelitoral.com.ar\\\/#\\\/schema\\\/logo\\\/image\\\/\"},\"sameAs\":[\"https:\\\/\\\/www.facebook.com\\\/informelitoral\\\/\",\"https:\\\/\\\/x.com\\\/InformeLitoral\",\"https:\\\/\\\/www.instagram.com\\\/informelitoral\\\/\",\"https:\\\/\\\/www.youtube.com\\\/channel\\\/UCua4Qvz8Icb6MYqhoq9xLXw\"]},{\"@type\":\"Person\",\"@id\":\"https:\\\/\\\/informelitoral.com.ar\\\/#\\\/schema\\\/person\\\/f05f9f461677119578717524b127d6d5\",\"name\":\"Sebastian\",\"image\":{\"@type\":\"ImageObject\",\"inLanguage\":\"es\",\"@id\":\"https:\\\/\\\/secure.gravatar.com\\\/avatar\\\/b71bf7481d447dfb9583c7f2798e7cc64de6efb9067b74633ed8c31059a3bd82?s=96&d=mm&r=g\",\"url\":\"https:\\\/\\\/secure.gravatar.com\\\/avatar\\\/b71bf7481d447dfb9583c7f2798e7cc64de6efb9067b74633ed8c31059a3bd82?s=96&d=mm&r=g\",\"contentUrl\":\"https:\\\/\\\/secure.gravatar.com\\\/avatar\\\/b71bf7481d447dfb9583c7f2798e7cc64de6efb9067b74633ed8c31059a3bd82?s=96&d=mm&r=g\",\"caption\":\"Sebastian\"},\"url\":\"https:\\\/\\\/informelitoral.com.ar\\\/author\\\/sebastian\\\/\"}]}<\/script>","yoast_head_json":{"title":"La OMS advirti\u00f3 que la poblaci\u00f3n no comenzar\u00e1 a ser vacunada contra el Covid-19 antes de \u201cla primera parte de 2021\u2033 - Informe Litoral","robots":{"index":"index","follow":"follow","max-snippet":"max-snippet:-1","max-image-preview":"max-image-preview:large","max-video-preview":"max-video-preview:-1"},"canonical":"https:\/\/informelitoral.com.ar\/la-oms-advirtio-que-la-poblacion-no-comenzara-a-ser-vacunada-contra-el-covid-19-antes-de-la-primera-parte-de-2021\u2033\/","og_locale":"es_ES","og_type":"article","og_title":"La OMS advirti\u00f3 que la poblaci\u00f3n no comenzar\u00e1 a ser vacunada contra el Covid-19 antes de \u201cla primera parte de 2021\u2033 - Informe Litoral","og_description":"El estado de las investigaciones para encontrar una vacuna contra el Covid-19 y las precauciones que se deben tomar apuntan a que&nbsp;la poblaci&oacute;n no empezar&aacute; a ser vacunada antes &ldquo;de la primera parte de 2021&rdquo;,&nbsp;dijo este mi&eacute;rcoles un alto responsable de la Organizaci&oacute;n Mundial de la Salud (OMS). &ldquo;Hay que ser realistas en cuanto a [&hellip;]","og_url":"https:\/\/informelitoral.com.ar\/la-oms-advirtio-que-la-poblacion-no-comenzara-a-ser-vacunada-contra-el-covid-19-antes-de-la-primera-parte-de-2021\u2033\/","og_site_name":"Informe Litoral","article_publisher":"https:\/\/www.facebook.com\/informelitoral\/","article_published_time":"2020-07-23T00:36:59+00:00","article_modified_time":"2020-07-23T00:37:39+00:00","og_image":[{"width":1438,"height":725,"url":"https:\/\/informelitoral.com.ar\/%77%70%2d%63%6f%6e%74%65%6e%74\/uploads\/2020\/07\/oms.jpg","type":"image\/jpeg"}],"author":"Sebastian","twitter_card":"summary_large_image","twitter_creator":"@InformeLitoral","twitter_site":"@InformeLitoral","twitter_misc":{"Escrito por":"Sebastian","Tiempo de lectura":"4 minutos"},"schema":{"@context":"https:\/\/schema.org","@graph":[{"@type":"Article","@id":"https:\/\/informelitoral.com.ar\/la-oms-advirtio-que-la-poblacion-no-comenzara-a-ser-vacunada-contra-el-covid-19-antes-de-la-primera-parte-de-2021%e2%80%b3\/#article","isPartOf":{"@id":"https:\/\/informelitoral.com.ar\/la-oms-advirtio-que-la-poblacion-no-comenzara-a-ser-vacunada-contra-el-covid-19-antes-de-la-primera-parte-de-2021%e2%80%b3\/"},"author":{"name":"Sebastian","@id":"https:\/\/informelitoral.com.ar\/#\/schema\/person\/f05f9f461677119578717524b127d6d5"},"headline":"La OMS advirti\u00f3 que la poblaci\u00f3n no comenzar\u00e1 a ser vacunada contra el Covid-19 antes de \u201cla primera parte de 2021\u2033","datePublished":"2020-07-23T00:36:59+00:00","dateModified":"2020-07-23T00:37:39+00:00","mainEntityOfPage":{"@id":"https:\/\/informelitoral.com.ar\/la-oms-advirtio-que-la-poblacion-no-comenzara-a-ser-vacunada-contra-el-covid-19-antes-de-la-primera-parte-de-2021%e2%80%b3\/"},"wordCount":821,"commentCount":0,"publisher":{"@id":"https:\/\/informelitoral.com.ar\/#organization"},"image":{"@id":"https:\/\/informelitoral.com.ar\/la-oms-advirtio-que-la-poblacion-no-comenzara-a-ser-vacunada-contra-el-covid-19-antes-de-la-primera-parte-de-2021%e2%80%b3\/#primaryimage"},"thumbnailUrl":"https:\/\/informelitoral.com.ar\/%77%70%2d%63%6f%6e%74%65%6e%74\/uploads\/2020\/07\/oms.jpg","articleSection":["Internacionales"],"inLanguage":"es","potentialAction":[{"@type":"CommentAction","name":"Comment","target":["https:\/\/informelitoral.com.ar\/la-oms-advirtio-que-la-poblacion-no-comenzara-a-ser-vacunada-contra-el-covid-19-antes-de-la-primera-parte-de-2021%e2%80%b3\/#respond"]}]},{"@type":"WebPage","@id":"https:\/\/informelitoral.com.ar\/la-oms-advirtio-que-la-poblacion-no-comenzara-a-ser-vacunada-contra-el-covid-19-antes-de-la-primera-parte-de-2021%e2%80%b3\/","url":"https:\/\/informelitoral.com.ar\/la-oms-advirtio-que-la-poblacion-no-comenzara-a-ser-vacunada-contra-el-covid-19-antes-de-la-primera-parte-de-2021%e2%80%b3\/","name":"La OMS advirti\u00f3 que la poblaci\u00f3n no comenzar\u00e1 a ser vacunada contra el Covid-19 antes de \u201cla primera parte de 2021\u2033 - Informe Litoral","isPartOf":{"@id":"https:\/\/informelitoral.com.ar\/#website"},"primaryImageOfPage":{"@id":"https:\/\/informelitoral.com.ar\/la-oms-advirtio-que-la-poblacion-no-comenzara-a-ser-vacunada-contra-el-covid-19-antes-de-la-primera-parte-de-2021%e2%80%b3\/#primaryimage"},"image":{"@id":"https:\/\/informelitoral.com.ar\/la-oms-advirtio-que-la-poblacion-no-comenzara-a-ser-vacunada-contra-el-covid-19-antes-de-la-primera-parte-de-2021%e2%80%b3\/#primaryimage"},"thumbnailUrl":"https:\/\/informelitoral.com.ar\/%77%70%2d%63%6f%6e%74%65%6e%74\/uploads\/2020\/07\/oms.jpg","datePublished":"2020-07-23T00:36:59+00:00","dateModified":"2020-07-23T00:37:39+00:00","breadcrumb":{"@id":"https:\/\/informelitoral.com.ar\/la-oms-advirtio-que-la-poblacion-no-comenzara-a-ser-vacunada-contra-el-covid-19-antes-de-la-primera-parte-de-2021%e2%80%b3\/#breadcrumb"},"inLanguage":"es","potentialAction":[{"@type":"ReadAction","target":["https:\/\/informelitoral.com.ar\/la-oms-advirtio-que-la-poblacion-no-comenzara-a-ser-vacunada-contra-el-covid-19-antes-de-la-primera-parte-de-2021%e2%80%b3\/"]}]},{"@type":"ImageObject","inLanguage":"es","@id":"https:\/\/informelitoral.com.ar\/la-oms-advirtio-que-la-poblacion-no-comenzara-a-ser-vacunada-contra-el-covid-19-antes-de-la-primera-parte-de-2021%e2%80%b3\/#primaryimage","url":"https:\/\/informelitoral.com.ar\/%77%70%2d%63%6f%6e%74%65%6e%74\/uploads\/2020\/07\/oms.jpg","contentUrl":"https:\/\/informelitoral.com.ar\/%77%70%2d%63%6f%6e%74%65%6e%74\/uploads\/2020\/07\/oms.jpg","width":1438,"height":725},{"@type":"BreadcrumbList","@id":"https:\/\/informelitoral.com.ar\/la-oms-advirtio-que-la-poblacion-no-comenzara-a-ser-vacunada-contra-el-covid-19-antes-de-la-primera-parte-de-2021%e2%80%b3\/#breadcrumb","itemListElement":[{"@type":"ListItem","position":1,"name":"Portada","item":"https:\/\/informelitoral.com.ar\/"},{"@type":"ListItem","position":2,"name":"La OMS advirti\u00f3 que la poblaci\u00f3n no comenzar\u00e1 a ser vacunada contra el Covid-19 antes de \u201cla primera parte de 2021\u2033"}]},{"@type":"WebSite","@id":"https:\/\/informelitoral.com.ar\/#website","url":"https:\/\/informelitoral.com.ar\/","name":"Informe Litoral","description":"&quot;Nos informamos&quot; ","publisher":{"@id":"https:\/\/informelitoral.com.ar\/#organization"},"potentialAction":[{"@type":"SearchAction","target":{"@type":"EntryPoint","urlTemplate":"https:\/\/informelitoral.com.ar\/?s={search_term_string}"},"query-input":{"@type":"PropertyValueSpecification","valueRequired":true,"valueName":"search_term_string"}}],"inLanguage":"es"},{"@type":"Organization","@id":"https:\/\/informelitoral.com.ar\/#organization","name":"Informe Litoral","url":"https:\/\/informelitoral.com.ar\/","logo":{"@type":"ImageObject","inLanguage":"es","@id":"https:\/\/informelitoral.com.ar\/#\/schema\/logo\/image\/","url":"https:\/\/informelitoral.com.ar\/%77%70%2d%63%6f%6e%74%65%6e%74\/uploads\/2021\/01\/circulo.png","contentUrl":"https:\/\/informelitoral.com.ar\/%77%70%2d%63%6f%6e%74%65%6e%74\/uploads\/2021\/01\/circulo.png","width":723,"height":731,"caption":"Informe Litoral"},"image":{"@id":"https:\/\/informelitoral.com.ar\/#\/schema\/logo\/image\/"},"sameAs":["https:\/\/www.facebook.com\/informelitoral\/","https:\/\/x.com\/InformeLitoral","https:\/\/www.instagram.com\/informelitoral\/","https:\/\/www.youtube.com\/channel\/UCua4Qvz8Icb6MYqhoq9xLXw"]},{"@type":"Person","@id":"https:\/\/informelitoral.com.ar\/#\/schema\/person\/f05f9f461677119578717524b127d6d5","name":"Sebastian","image":{"@type":"ImageObject","inLanguage":"es","@id":"https:\/\/secure.gravatar.com\/avatar\/b71bf7481d447dfb9583c7f2798e7cc64de6efb9067b74633ed8c31059a3bd82?s=96&d=mm&r=g","url":"https:\/\/secure.gravatar.com\/avatar\/b71bf7481d447dfb9583c7f2798e7cc64de6efb9067b74633ed8c31059a3bd82?s=96&d=mm&r=g","contentUrl":"https:\/\/secure.gravatar.com\/avatar\/b71bf7481d447dfb9583c7f2798e7cc64de6efb9067b74633ed8c31059a3bd82?s=96&d=mm&r=g","caption":"Sebastian"},"url":"https:\/\/informelitoral.com.ar\/author\/sebastian\/"}]}},"_links":{"self":[{"href":"https:\/\/informelitoral.com.ar\/%77%70%2d%6a%73%6f%6e\/wp\/v2\/posts\/46275","targetHints":{"allow":["GET"]}}],"collection":[{"href":"https:\/\/informelitoral.com.ar\/%77%70%2d%6a%73%6f%6e\/wp\/v2\/posts"}],"about":[{"href":"https:\/\/informelitoral.com.ar\/%77%70%2d%6a%73%6f%6e\/wp\/v2\/types\/post"}],"author":[{"embeddable":true,"href":"https:\/\/informelitoral.com.ar\/%77%70%2d%6a%73%6f%6e\/wp\/v2\/users\/8"}],"replies":[{"embeddable":true,"href":"https:\/\/informelitoral.com.ar\/%77%70%2d%6a%73%6f%6e\/wp\/v2\/comments?post=46275"}],"version-history":[{"count":0,"href":"https:\/\/informelitoral.com.ar\/%77%70%2d%6a%73%6f%6e\/wp\/v2\/posts\/46275\/revisions"}],"wp:featuredmedia":[{"embeddable":true,"href":"https:\/\/informelitoral.com.ar\/%77%70%2d%6a%73%6f%6e\/wp\/v2\/media\/46276"}],"wp:attachment":[{"href":"https:\/\/informelitoral.com.ar\/%77%70%2d%6a%73%6f%6e\/wp\/v2\/media?parent=46275"}],"wp:term":[{"taxonomy":"category","embeddable":true,"href":"https:\/\/informelitoral.com.ar\/%77%70%2d%6a%73%6f%6e\/wp\/v2\/categories?post=46275"},{"taxonomy":"post_tag","embeddable":true,"href":"https:\/\/informelitoral.com.ar\/%77%70%2d%6a%73%6f%6e\/wp\/v2\/tags?post=46275"}],"curies":[{"name":"wp","href":"https:\/\/api.w.org\/{rel}","templated":true}]}}