{"id":46272,"date":"2020-07-22T21:32:48","date_gmt":"2020-07-23T00:32:48","guid":{"rendered":"https:\/\/www.isletasnoticias.com.ar\/?p=46272"},"modified":"2020-07-22T22:55:51","modified_gmt":"2020-07-23T01:55:51","slug":"bordet-planifica-ejes-de-gestion-con-la-nacion-para-la-post-pandemia","status":"publish","type":"post","link":"https:\/\/informelitoral.com.ar\/bordet-planifica-ejes-de-gestion-con-la-nacion-para-la-post-pandemia\/","title":{"rendered":"Bordet planifica ejes de gesti\u00f3n con la Naci\u00f3n para la post pandemia"},"content":{"rendered":"<article id=\"article-post\" class=\"first\">\n<div class=\"cuerpo\" data-twitter-link=\"https:\/\/twitter.com\/intent\/tweet?url=https:\/\/ahora.com.ar\/c4211437&amp;via=PlataformaAhora&amp;related=Ahora&amp;text=\">\n<p>El gobernador Gustavo Bordet expuso ante los ministros del Interior, Eduardo \u00abWado\u00bb de Pedro, de Desarrollo Productivo, Mat\u00edas Kulfas; y de Econom\u00eda, Mart\u00edn Guzm\u00e1n, las estrategias portuaria, energ\u00e9tica y vial que tiene prevista la provincia para afianzar junto al gobierno nacional en la post pandemia.<\/p>\n<\/div>\n<\/article>\n<article id=\"article-post\">\n<div class=\"cuerpo\" data-twitter-link=\"https:\/\/twitter.com\/intent\/tweet?url=https:\/\/ahora.com.ar\/c4211437&amp;via=PlataformaAhora&amp;related=Ahora&amp;text=\">\n<p>Fue en un encuentro virtual del que participaron adem\u00e1s la vicegobernadora Laura Stratta, y los ministros de Producci\u00f3n, Juan Jos\u00e9 Bahillo, y de Econom\u00eda, Hugo Ballay.<\/p>\n<p>El<strong>\u00a0mejoramiento de la red secundaria y terciaria vial, una nueva matriz energ\u00e9tica con energ\u00edas renovables y el cierre norte de energ\u00eda el\u00e9ctrica y gas, y un sistema portuario integrado<\/strong>\u00a0son los tres pilares en los que trabaja el gobierno provincial para apoyar a las cadenas de valor.<\/p>\n<p>\u201cEstamos trabajando desde el gobierno provincial en definiciones y pol\u00edticas indelegables y vectores de crecimiento que traza el gobierno nacional para el desarrollo de la provincia.\u00a0<strong>En simult\u00e1neo con eso, avanzamos en una agenda permanente con los m\u00e1s de 20 sectores productivos provinciales<\/strong>, que cada uno tiene realidades dispares y parte de una situaci\u00f3n diferente. Tenemos un plan de trabajo en particular para cada sector en vista a la salida de la pandemia\u201d, expres\u00f3 Bahillo luego de la reuni\u00f3n que encabez\u00f3 el mandatario.<\/p>\n<p>Bahillo sostuvo que \u201cdurante la videoconferencia se dialog\u00f3 acerca de c\u00f3mo fortalecer los ejes que tiene el gobierno provincial para el desarrollo productivo y econ\u00f3mico de nuestra provincia\u00bb.<\/p>\n<p>Una de las aristas tiene que ver con\u00a0<strong>medidas de apoyo para el desarrollo de los puertos y la trama ferroviaria<\/strong>, teniendo al ferrocarril como una fortaleza para desarrollar el transporte desde el norte argentino hasta nuestro Puerto de Ibicuy, lo que permitir\u00eda el desarrollo de una Hidrov\u00eda alternativa a lo que es hoy la del Paran\u00e1, para poder sacar por dicho puerto toda la producci\u00f3n no s\u00f3lo de la Mesopotamia sino tambi\u00e9n de Paraguay y del sur de Brasil.<\/p>\n<p><strong>\u201cPor otro lado, conversamos sobre el desarrollo que se puede hacer y que se est\u00e1 haciendo a partir de regal\u00edas y excedentes de Salto Grande\u201d<\/strong>.<\/p>\n<p>\u201cDebemos trabajar tambi\u00e9n para un cambio en la matriz energ\u00e9tica que haga m\u00e1s eficiente a los sectores productivos entrerrianos, y que genere m\u00e1s recursos para el desarrollo regional y tambi\u00e9n sectorial a partir de Salto Grande\u201d, indic\u00f3 el funcionario.<\/p>\n<p>El ministro de Producci\u00f3n y Turismo expres\u00f3 tambi\u00e9n que \u00abel gobernador Gustavo Bordet le present\u00f3 a las autoridades nacionales un proyecto para el desarrollo de los caminos de la producci\u00f3n, donde se impactar\u00eda fuertemente con una inversi\u00f3n millonaria para mejorar sustancialmente la trama vial sobre todo de la zona m\u00e1s densamente ocupada por los sectores productivos. El gobierno nacional se comprometi\u00f3 a ver de qu\u00e9 manera se pueden conseguir los fondos, los cuales representan una inversi\u00f3n muy importante que excede a la capacidad de la provincia, m\u00e1s all\u00e1 que un porcentaje puede ser realizado con recursos provinciales\u201d.<\/p>\n<p>\u201cEl \u00faltimo punto m\u00e1s importante fue gestionar recursos para distintas herramientas que tiene el gobierno provincial para establecer una pol\u00edtica crediticia de apoyo a los sectores productivos para la salida de la pandemia\u201d, a\u00f1adi\u00f3 el ministro.<\/p>\n<p>\u201cTener, m\u00e1s all\u00e1 de las herramientas que tenemos ahora como lo es el CFI o el proyecto de la Ley de Emprendedor Entrerriano, otras herramientas de las cuales pueda disponer la provincia para financiamiento y asistencia a los distintos sectores productivos, priorizando el turismo que es la actividad m\u00e1s postergada, pero siempre trabajando en conjunto con Naci\u00f3n en el apoyo crediticio a todos estos sectores\u201d, finaliz\u00f3.<\/p>\n<\/div>\n<\/article>\n","protected":false},"excerpt":{"rendered":"<p>El gobernador Gustavo Bordet expuso ante los ministros del Interior, Eduardo &laquo;Wado&raquo; de Pedro, de Desarrollo Productivo, Mat&iacute;as Kulfas; y de Econom&iacute;a, Mart&iacute;n Guzm&aacute;n, las estrategias portuaria, energ&eacute;tica y vial que tiene prevista la provincia para afianzar junto al gobierno nacional en la post pandemia. Fue en un encuentro virtual del que participaron adem&aacute;s la [&hellip;]<\/p>\n","protected":false},"author":8,"featured_media":40345,"comment_status":"open","ping_status":"open","sticky":false,"template":"","format":"standard","meta":{"fifu_image_url":"","fifu_image_alt":"","footnotes":""},"categories":[6],"tags":[],"class_list":{"0":"post-46272","1":"post","2":"type-post","3":"status-publish","4":"format-standard","5":"has-post-thumbnail","7":"category-entre-rios"},"yoast_head":"<title>Bordet planifica ejes de gesti\u00f3n con la Naci\u00f3n para la post pandemia - Informe Litoral<\/title>\n<meta name=\"robots\" content=\"index, follow, max-snippet:-1, max-image-preview:large, max-video-preview:-1\" \/>\n<link rel=\"canonical\" href=\"https:\/\/informelitoral.com.ar\/bordet-planifica-ejes-de-gestion-con-la-nacion-para-la-post-pandemia\/\" \/>\n<meta property=\"og:locale\" content=\"es_ES\" \/>\n<meta property=\"og:type\" content=\"article\" \/>\n<meta property=\"og:title\" content=\"Bordet planifica ejes de gesti\u00f3n con la Naci\u00f3n para la post pandemia - Informe Litoral\" \/>\n<meta property=\"og:description\" content=\"El gobernador Gustavo Bordet expuso ante los ministros del Interior, Eduardo &laquo;Wado&raquo; de Pedro, de Desarrollo Productivo, Mat&iacute;as Kulfas; y de Econom&iacute;a, Mart&iacute;n Guzm&aacute;n, las estrategias portuaria, energ&eacute;tica y vial que tiene prevista la provincia para afianzar junto al gobierno nacional en la post pandemia. Fue en un encuentro virtual del que participaron adem&aacute;s la [&hellip;]\" \/>\n<meta property=\"og:url\" content=\"https:\/\/informelitoral.com.ar\/bordet-planifica-ejes-de-gestion-con-la-nacion-para-la-post-pandemia\/\" \/>\n<meta property=\"og:site_name\" content=\"Informe Litoral\" \/>\n<meta property=\"article:publisher\" content=\"https:\/\/www.facebook.com\/informelitoral\/\" \/>\n<meta property=\"article:published_time\" content=\"2020-07-23T00:32:48+00:00\" \/>\n<meta property=\"article:modified_time\" content=\"2020-07-23T01:55:51+00:00\" \/>\n<meta property=\"og:image\" content=\"https:\/\/informelitoral.com.ar\/%77%70%2d%63%6f%6e%74%65%6e%74\/uploads\/2020\/02\/bordet_con_mesa_de_enlace.jpg\" \/>\n\t<meta property=\"og:image:width\" content=\"1330\" \/>\n\t<meta property=\"og:image:height\" content=\"880\" \/>\n\t<meta property=\"og:image:type\" content=\"image\/jpeg\" \/>\n<meta name=\"author\" content=\"Sebastian\" \/>\n<meta name=\"twitter:card\" content=\"summary_large_image\" \/>\n<meta name=\"twitter:creator\" content=\"@InformeLitoral\" \/>\n<meta name=\"twitter:site\" content=\"@InformeLitoral\" \/>\n<meta name=\"twitter:label1\" content=\"Escrito por\" \/>\n\t<meta name=\"twitter:data1\" content=\"Sebastian\" \/>\n\t<meta name=\"twitter:label2\" content=\"Tiempo de lectura\" \/>\n\t<meta name=\"twitter:data2\" content=\"3 minutos\" \/>\n<script type=\"application\/ld+json\" class=\"yoast-schema-graph\">{\"@context\":\"https:\\\/\\\/schema.org\",\"@graph\":[{\"@type\":\"Article\",\"@id\":\"https:\\\/\\\/informelitoral.com.ar\\\/bordet-planifica-ejes-de-gestion-con-la-nacion-para-la-post-pandemia\\\/#article\",\"isPartOf\":{\"@id\":\"https:\\\/\\\/informelitoral.com.ar\\\/bordet-planifica-ejes-de-gestion-con-la-nacion-para-la-post-pandemia\\\/\"},\"author\":{\"name\":\"Sebastian\",\"@id\":\"https:\\\/\\\/informelitoral.com.ar\\\/#\\\/schema\\\/person\\\/f05f9f461677119578717524b127d6d5\"},\"headline\":\"Bordet planifica ejes de gesti\u00f3n con la Naci\u00f3n para la post pandemia\",\"datePublished\":\"2020-07-23T00:32:48+00:00\",\"dateModified\":\"2020-07-23T01:55:51+00:00\",\"mainEntityOfPage\":{\"@id\":\"https:\\\/\\\/informelitoral.com.ar\\\/bordet-planifica-ejes-de-gestion-con-la-nacion-para-la-post-pandemia\\\/\"},\"wordCount\":630,\"commentCount\":0,\"publisher\":{\"@id\":\"https:\\\/\\\/informelitoral.com.ar\\\/#organization\"},\"image\":{\"@id\":\"https:\\\/\\\/informelitoral.com.ar\\\/bordet-planifica-ejes-de-gestion-con-la-nacion-para-la-post-pandemia\\\/#primaryimage\"},\"thumbnailUrl\":\"https:\\\/\\\/informelitoral.com.ar\\\/%77%70%2d%63%6f%6e%74%65%6e%74\\\/uploads\\\/2020\\\/02\\\/bordet_con_mesa_de_enlace.jpg\",\"articleSection\":[\"Entre R\u00edos\"],\"inLanguage\":\"es\",\"potentialAction\":[{\"@type\":\"CommentAction\",\"name\":\"Comment\",\"target\":[\"https:\\\/\\\/informelitoral.com.ar\\\/bordet-planifica-ejes-de-gestion-con-la-nacion-para-la-post-pandemia\\\/#respond\"]}]},{\"@type\":\"WebPage\",\"@id\":\"https:\\\/\\\/informelitoral.com.ar\\\/bordet-planifica-ejes-de-gestion-con-la-nacion-para-la-post-pandemia\\\/\",\"url\":\"https:\\\/\\\/informelitoral.com.ar\\\/bordet-planifica-ejes-de-gestion-con-la-nacion-para-la-post-pandemia\\\/\",\"name\":\"Bordet planifica ejes de gesti\u00f3n con la Naci\u00f3n para la post pandemia - Informe Litoral\",\"isPartOf\":{\"@id\":\"https:\\\/\\\/informelitoral.com.ar\\\/#website\"},\"primaryImageOfPage\":{\"@id\":\"https:\\\/\\\/informelitoral.com.ar\\\/bordet-planifica-ejes-de-gestion-con-la-nacion-para-la-post-pandemia\\\/#primaryimage\"},\"image\":{\"@id\":\"https:\\\/\\\/informelitoral.com.ar\\\/bordet-planifica-ejes-de-gestion-con-la-nacion-para-la-post-pandemia\\\/#primaryimage\"},\"thumbnailUrl\":\"https:\\\/\\\/informelitoral.com.ar\\\/%77%70%2d%63%6f%6e%74%65%6e%74\\\/uploads\\\/2020\\\/02\\\/bordet_con_mesa_de_enlace.jpg\",\"datePublished\":\"2020-07-23T00:32:48+00:00\",\"dateModified\":\"2020-07-23T01:55:51+00:00\",\"breadcrumb\":{\"@id\":\"https:\\\/\\\/informelitoral.com.ar\\\/bordet-planifica-ejes-de-gestion-con-la-nacion-para-la-post-pandemia\\\/#breadcrumb\"},\"inLanguage\":\"es\",\"potentialAction\":[{\"@type\":\"ReadAction\",\"target\":[\"https:\\\/\\\/informelitoral.com.ar\\\/bordet-planifica-ejes-de-gestion-con-la-nacion-para-la-post-pandemia\\\/\"]}]},{\"@type\":\"ImageObject\",\"inLanguage\":\"es\",\"@id\":\"https:\\\/\\\/informelitoral.com.ar\\\/bordet-planifica-ejes-de-gestion-con-la-nacion-para-la-post-pandemia\\\/#primaryimage\",\"url\":\"https:\\\/\\\/informelitoral.com.ar\\\/%77%70%2d%63%6f%6e%74%65%6e%74\\\/uploads\\\/2020\\\/02\\\/bordet_con_mesa_de_enlace.jpg\",\"contentUrl\":\"https:\\\/\\\/informelitoral.com.ar\\\/%77%70%2d%63%6f%6e%74%65%6e%74\\\/uploads\\\/2020\\\/02\\\/bordet_con_mesa_de_enlace.jpg\",\"width\":1330,\"height\":880},{\"@type\":\"BreadcrumbList\",\"@id\":\"https:\\\/\\\/informelitoral.com.ar\\\/bordet-planifica-ejes-de-gestion-con-la-nacion-para-la-post-pandemia\\\/#breadcrumb\",\"itemListElement\":[{\"@type\":\"ListItem\",\"position\":1,\"name\":\"Portada\",\"item\":\"https:\\\/\\\/informelitoral.com.ar\\\/\"},{\"@type\":\"ListItem\",\"position\":2,\"name\":\"Bordet planifica ejes de gesti\u00f3n con la Naci\u00f3n para la post pandemia\"}]},{\"@type\":\"WebSite\",\"@id\":\"https:\\\/\\\/informelitoral.com.ar\\\/#website\",\"url\":\"https:\\\/\\\/informelitoral.com.ar\\\/\",\"name\":\"Informe Litoral\",\"description\":\"&quot;Nos informamos&quot; \",\"publisher\":{\"@id\":\"https:\\\/\\\/informelitoral.com.ar\\\/#organization\"},\"potentialAction\":[{\"@type\":\"SearchAction\",\"target\":{\"@type\":\"EntryPoint\",\"urlTemplate\":\"https:\\\/\\\/informelitoral.com.ar\\\/?s={search_term_string}\"},\"query-input\":{\"@type\":\"PropertyValueSpecification\",\"valueRequired\":true,\"valueName\":\"search_term_string\"}}],\"inLanguage\":\"es\"},{\"@type\":\"Organization\",\"@id\":\"https:\\\/\\\/informelitoral.com.ar\\\/#organization\",\"name\":\"Informe Litoral\",\"url\":\"https:\\\/\\\/informelitoral.com.ar\\\/\",\"logo\":{\"@type\":\"ImageObject\",\"inLanguage\":\"es\",\"@id\":\"https:\\\/\\\/informelitoral.com.ar\\\/#\\\/schema\\\/logo\\\/image\\\/\",\"url\":\"https:\\\/\\\/informelitoral.com.ar\\\/%77%70%2d%63%6f%6e%74%65%6e%74\\\/uploads\\\/2021\\\/01\\\/circulo.png\",\"contentUrl\":\"https:\\\/\\\/informelitoral.com.ar\\\/%77%70%2d%63%6f%6e%74%65%6e%74\\\/uploads\\\/2021\\\/01\\\/circulo.png\",\"width\":723,\"height\":731,\"caption\":\"Informe Litoral\"},\"image\":{\"@id\":\"https:\\\/\\\/informelitoral.com.ar\\\/#\\\/schema\\\/logo\\\/image\\\/\"},\"sameAs\":[\"https:\\\/\\\/www.facebook.com\\\/informelitoral\\\/\",\"https:\\\/\\\/x.com\\\/InformeLitoral\",\"https:\\\/\\\/www.instagram.com\\\/informelitoral\\\/\",\"https:\\\/\\\/www.youtube.com\\\/channel\\\/UCua4Qvz8Icb6MYqhoq9xLXw\"]},{\"@type\":\"Person\",\"@id\":\"https:\\\/\\\/informelitoral.com.ar\\\/#\\\/schema\\\/person\\\/f05f9f461677119578717524b127d6d5\",\"name\":\"Sebastian\",\"image\":{\"@type\":\"ImageObject\",\"inLanguage\":\"es\",\"@id\":\"https:\\\/\\\/secure.gravatar.com\\\/avatar\\\/b71bf7481d447dfb9583c7f2798e7cc64de6efb9067b74633ed8c31059a3bd82?s=96&d=mm&r=g\",\"url\":\"https:\\\/\\\/secure.gravatar.com\\\/avatar\\\/b71bf7481d447dfb9583c7f2798e7cc64de6efb9067b74633ed8c31059a3bd82?s=96&d=mm&r=g\",\"contentUrl\":\"https:\\\/\\\/secure.gravatar.com\\\/avatar\\\/b71bf7481d447dfb9583c7f2798e7cc64de6efb9067b74633ed8c31059a3bd82?s=96&d=mm&r=g\",\"caption\":\"Sebastian\"},\"url\":\"https:\\\/\\\/informelitoral.com.ar\\\/author\\\/sebastian\\\/\"}]}<\/script>","yoast_head_json":{"title":"Bordet planifica ejes de gesti\u00f3n con la Naci\u00f3n para la post pandemia - Informe Litoral","robots":{"index":"index","follow":"follow","max-snippet":"max-snippet:-1","max-image-preview":"max-image-preview:large","max-video-preview":"max-video-preview:-1"},"canonical":"https:\/\/informelitoral.com.ar\/bordet-planifica-ejes-de-gestion-con-la-nacion-para-la-post-pandemia\/","og_locale":"es_ES","og_type":"article","og_title":"Bordet planifica ejes de gesti\u00f3n con la Naci\u00f3n para la post pandemia - Informe Litoral","og_description":"El gobernador Gustavo Bordet expuso ante los ministros del Interior, Eduardo &laquo;Wado&raquo; de Pedro, de Desarrollo Productivo, Mat&iacute;as Kulfas; y de Econom&iacute;a, Mart&iacute;n Guzm&aacute;n, las estrategias portuaria, energ&eacute;tica y vial que tiene prevista la provincia para afianzar junto al gobierno nacional en la post pandemia. Fue en un encuentro virtual del que participaron adem&aacute;s la [&hellip;]","og_url":"https:\/\/informelitoral.com.ar\/bordet-planifica-ejes-de-gestion-con-la-nacion-para-la-post-pandemia\/","og_site_name":"Informe Litoral","article_publisher":"https:\/\/www.facebook.com\/informelitoral\/","article_published_time":"2020-07-23T00:32:48+00:00","article_modified_time":"2020-07-23T01:55:51+00:00","og_image":[{"width":1330,"height":880,"url":"https:\/\/informelitoral.com.ar\/%77%70%2d%63%6f%6e%74%65%6e%74\/uploads\/2020\/02\/bordet_con_mesa_de_enlace.jpg","type":"image\/jpeg"}],"author":"Sebastian","twitter_card":"summary_large_image","twitter_creator":"@InformeLitoral","twitter_site":"@InformeLitoral","twitter_misc":{"Escrito por":"Sebastian","Tiempo de lectura":"3 minutos"},"schema":{"@context":"https:\/\/schema.org","@graph":[{"@type":"Article","@id":"https:\/\/informelitoral.com.ar\/bordet-planifica-ejes-de-gestion-con-la-nacion-para-la-post-pandemia\/#article","isPartOf":{"@id":"https:\/\/informelitoral.com.ar\/bordet-planifica-ejes-de-gestion-con-la-nacion-para-la-post-pandemia\/"},"author":{"name":"Sebastian","@id":"https:\/\/informelitoral.com.ar\/#\/schema\/person\/f05f9f461677119578717524b127d6d5"},"headline":"Bordet planifica ejes de gesti\u00f3n con la Naci\u00f3n para la post pandemia","datePublished":"2020-07-23T00:32:48+00:00","dateModified":"2020-07-23T01:55:51+00:00","mainEntityOfPage":{"@id":"https:\/\/informelitoral.com.ar\/bordet-planifica-ejes-de-gestion-con-la-nacion-para-la-post-pandemia\/"},"wordCount":630,"commentCount":0,"publisher":{"@id":"https:\/\/informelitoral.com.ar\/#organization"},"image":{"@id":"https:\/\/informelitoral.com.ar\/bordet-planifica-ejes-de-gestion-con-la-nacion-para-la-post-pandemia\/#primaryimage"},"thumbnailUrl":"https:\/\/informelitoral.com.ar\/%77%70%2d%63%6f%6e%74%65%6e%74\/uploads\/2020\/02\/bordet_con_mesa_de_enlace.jpg","articleSection":["Entre R\u00edos"],"inLanguage":"es","potentialAction":[{"@type":"CommentAction","name":"Comment","target":["https:\/\/informelitoral.com.ar\/bordet-planifica-ejes-de-gestion-con-la-nacion-para-la-post-pandemia\/#respond"]}]},{"@type":"WebPage","@id":"https:\/\/informelitoral.com.ar\/bordet-planifica-ejes-de-gestion-con-la-nacion-para-la-post-pandemia\/","url":"https:\/\/informelitoral.com.ar\/bordet-planifica-ejes-de-gestion-con-la-nacion-para-la-post-pandemia\/","name":"Bordet planifica ejes de gesti\u00f3n con la Naci\u00f3n para la post pandemia - Informe Litoral","isPartOf":{"@id":"https:\/\/informelitoral.com.ar\/#website"},"primaryImageOfPage":{"@id":"https:\/\/informelitoral.com.ar\/bordet-planifica-ejes-de-gestion-con-la-nacion-para-la-post-pandemia\/#primaryimage"},"image":{"@id":"https:\/\/informelitoral.com.ar\/bordet-planifica-ejes-de-gestion-con-la-nacion-para-la-post-pandemia\/#primaryimage"},"thumbnailUrl":"https:\/\/informelitoral.com.ar\/%77%70%2d%63%6f%6e%74%65%6e%74\/uploads\/2020\/02\/bordet_con_mesa_de_enlace.jpg","datePublished":"2020-07-23T00:32:48+00:00","dateModified":"2020-07-23T01:55:51+00:00","breadcrumb":{"@id":"https:\/\/informelitoral.com.ar\/bordet-planifica-ejes-de-gestion-con-la-nacion-para-la-post-pandemia\/#breadcrumb"},"inLanguage":"es","potentialAction":[{"@type":"ReadAction","target":["https:\/\/informelitoral.com.ar\/bordet-planifica-ejes-de-gestion-con-la-nacion-para-la-post-pandemia\/"]}]},{"@type":"ImageObject","inLanguage":"es","@id":"https:\/\/informelitoral.com.ar\/bordet-planifica-ejes-de-gestion-con-la-nacion-para-la-post-pandemia\/#primaryimage","url":"https:\/\/informelitoral.com.ar\/%77%70%2d%63%6f%6e%74%65%6e%74\/uploads\/2020\/02\/bordet_con_mesa_de_enlace.jpg","contentUrl":"https:\/\/informelitoral.com.ar\/%77%70%2d%63%6f%6e%74%65%6e%74\/uploads\/2020\/02\/bordet_con_mesa_de_enlace.jpg","width":1330,"height":880},{"@type":"BreadcrumbList","@id":"https:\/\/informelitoral.com.ar\/bordet-planifica-ejes-de-gestion-con-la-nacion-para-la-post-pandemia\/#breadcrumb","itemListElement":[{"@type":"ListItem","position":1,"name":"Portada","item":"https:\/\/informelitoral.com.ar\/"},{"@type":"ListItem","position":2,"name":"Bordet planifica ejes de gesti\u00f3n con la Naci\u00f3n para la post pandemia"}]},{"@type":"WebSite","@id":"https:\/\/informelitoral.com.ar\/#website","url":"https:\/\/informelitoral.com.ar\/","name":"Informe Litoral","description":"&quot;Nos informamos&quot; ","publisher":{"@id":"https:\/\/informelitoral.com.ar\/#organization"},"potentialAction":[{"@type":"SearchAction","target":{"@type":"EntryPoint","urlTemplate":"https:\/\/informelitoral.com.ar\/?s={search_term_string}"},"query-input":{"@type":"PropertyValueSpecification","valueRequired":true,"valueName":"search_term_string"}}],"inLanguage":"es"},{"@type":"Organization","@id":"https:\/\/informelitoral.com.ar\/#organization","name":"Informe Litoral","url":"https:\/\/informelitoral.com.ar\/","logo":{"@type":"ImageObject","inLanguage":"es","@id":"https:\/\/informelitoral.com.ar\/#\/schema\/logo\/image\/","url":"https:\/\/informelitoral.com.ar\/%77%70%2d%63%6f%6e%74%65%6e%74\/uploads\/2021\/01\/circulo.png","contentUrl":"https:\/\/informelitoral.com.ar\/%77%70%2d%63%6f%6e%74%65%6e%74\/uploads\/2021\/01\/circulo.png","width":723,"height":731,"caption":"Informe Litoral"},"image":{"@id":"https:\/\/informelitoral.com.ar\/#\/schema\/logo\/image\/"},"sameAs":["https:\/\/www.facebook.com\/informelitoral\/","https:\/\/x.com\/InformeLitoral","https:\/\/www.instagram.com\/informelitoral\/","https:\/\/www.youtube.com\/channel\/UCua4Qvz8Icb6MYqhoq9xLXw"]},{"@type":"Person","@id":"https:\/\/informelitoral.com.ar\/#\/schema\/person\/f05f9f461677119578717524b127d6d5","name":"Sebastian","image":{"@type":"ImageObject","inLanguage":"es","@id":"https:\/\/secure.gravatar.com\/avatar\/b71bf7481d447dfb9583c7f2798e7cc64de6efb9067b74633ed8c31059a3bd82?s=96&d=mm&r=g","url":"https:\/\/secure.gravatar.com\/avatar\/b71bf7481d447dfb9583c7f2798e7cc64de6efb9067b74633ed8c31059a3bd82?s=96&d=mm&r=g","contentUrl":"https:\/\/secure.gravatar.com\/avatar\/b71bf7481d447dfb9583c7f2798e7cc64de6efb9067b74633ed8c31059a3bd82?s=96&d=mm&r=g","caption":"Sebastian"},"url":"https:\/\/informelitoral.com.ar\/author\/sebastian\/"}]}},"_links":{"self":[{"href":"https:\/\/informelitoral.com.ar\/%77%70%2d%6a%73%6f%6e\/wp\/v2\/posts\/46272","targetHints":{"allow":["GET"]}}],"collection":[{"href":"https:\/\/informelitoral.com.ar\/%77%70%2d%6a%73%6f%6e\/wp\/v2\/posts"}],"about":[{"href":"https:\/\/informelitoral.com.ar\/%77%70%2d%6a%73%6f%6e\/wp\/v2\/types\/post"}],"author":[{"embeddable":true,"href":"https:\/\/informelitoral.com.ar\/%77%70%2d%6a%73%6f%6e\/wp\/v2\/users\/8"}],"replies":[{"embeddable":true,"href":"https:\/\/informelitoral.com.ar\/%77%70%2d%6a%73%6f%6e\/wp\/v2\/comments?post=46272"}],"version-history":[{"count":0,"href":"https:\/\/informelitoral.com.ar\/%77%70%2d%6a%73%6f%6e\/wp\/v2\/posts\/46272\/revisions"}],"wp:featuredmedia":[{"embeddable":true,"href":"https:\/\/informelitoral.com.ar\/%77%70%2d%6a%73%6f%6e\/wp\/v2\/media\/40345"}],"wp:attachment":[{"href":"https:\/\/informelitoral.com.ar\/%77%70%2d%6a%73%6f%6e\/wp\/v2\/media?parent=46272"}],"wp:term":[{"taxonomy":"category","embeddable":true,"href":"https:\/\/informelitoral.com.ar\/%77%70%2d%6a%73%6f%6e\/wp\/v2\/categories?post=46272"},{"taxonomy":"post_tag","embeddable":true,"href":"https:\/\/informelitoral.com.ar\/%77%70%2d%6a%73%6f%6e\/wp\/v2\/tags?post=46272"}],"curies":[{"name":"wp","href":"https:\/\/api.w.org\/{rel}","templated":true}]}}