{"id":46201,"date":"2020-07-21T21:13:29","date_gmt":"2020-07-22T00:13:29","guid":{"rendered":"https:\/\/www.isletasnoticias.com.ar\/?p=46201"},"modified":"2020-07-21T21:26:31","modified_gmt":"2020-07-22T00:26:31","slug":"cantando-2020-como-sera-la-primera-gala","status":"publish","type":"post","link":"https:\/\/informelitoral.com.ar\/cantando-2020-como-sera-la-primera-gala\/","title":{"rendered":"Cantando 2020: c\u00f3mo ser\u00e1 la primera gala"},"content":{"rendered":"<p>Despu\u00e9s de muchas idas y vueltas, finalmente el lunes 27 a las 22.30 debutar\u00e1 el\u00a0<em>Cantando 2020<\/em>, producido por LaFlia (la empresa de\u00a0<strong>Marcelo Tinelli<\/strong>), por la pantalla de El Trece. Con la conducci\u00f3n de la dupla formada por Angel De Brito y Laurita Fern\u00e1ndez\u200b, el ciclo ir\u00e1 de lunes a viernes, en vivo.<\/p>\n<p>En plena pandemia y con la imposici\u00f3n del aislamiento social y obligatorio, la idea original de la productora, de realizar una nueva temporada del\u00a0<em>Bailando<\/em>,\u00a0<strong>tuvo que mutar a otro show en el que los participantes pudieran mantener las distancias que en el baile no son posibles<\/strong>.<\/p>\n<p><a href=\"https:\/\/www.isletasnoticias.com.ar\/%77%70%2d%63%6f%6e%74%65%6e%74\/uploads\/2020\/07\/angel-y-lau.jpg\"><img loading=\"lazy\" decoding=\"async\" class=\"size-medium wp-image-46203 aligncenter\" src=\"https:\/\/www.isletasnoticias.com.ar\/%77%70%2d%63%6f%6e%74%65%6e%74\/uploads\/2020\/07\/angel-y-lau-300x176.jpg\" alt=\"\" width=\"300\" height=\"176\" srcset=\"https:\/\/informelitoral.com.ar\/%77%70%2d%63%6f%6e%74%65%6e%74\/uploads\/2020\/07\/angel-y-lau-300x176.jpg 300w, https:\/\/informelitoral.com.ar\/%77%70%2d%63%6f%6e%74%65%6e%74\/uploads\/2020\/07\/angel-y-lau-768x450.jpg 768w, https:\/\/informelitoral.com.ar\/%77%70%2d%63%6f%6e%74%65%6e%74\/uploads\/2020\/07\/angel-y-lau-696x408.jpg 696w, https:\/\/informelitoral.com.ar\/%77%70%2d%63%6f%6e%74%65%6e%74\/uploads\/2020\/07\/angel-y-lau-717x420.jpg 717w, https:\/\/informelitoral.com.ar\/%77%70%2d%63%6f%6e%74%65%6e%74\/uploads\/2020\/07\/angel-y-lau.jpg 1024w\" sizes=\"auto, (max-width: 300px) 100vw, 300px\" \/><\/a><\/p>\n<p>Finalmente, tom\u00f3 forma una nueva versi\u00f3n del\u00a0<em>Cantando,<\/em>\u00a0que ser\u00e1 una de las pocas producciones en vivo que lleguen a la pantalla televisiva este a\u00f1o, marcado por el coronavirus y sus consecuencias.<\/p>\n<p>Como corresponde a un show de LaFlia, en la apertura del\u00a0<em>Cantando 2020\u00a0<\/em>estar\u00e1n<strong>\u00a0Karina La Princesita, Dami\u00e1n C\u00f3rdoba, Rochi Igarz\u00e1rbal, Germ\u00e1n \u00abTripa\u00bb Tripel y Flor Otero<\/strong>. Los artistas presentar\u00e1n un\u00a0<em>mash up<\/em> de temas populares de m\u00fasica nacional.<\/p>\n<p>Luego del<strong>\u00a0collage musical grabado<\/strong>, llegar\u00e1n al piso los conductores para presentar al jurado, que este a\u00f1o est\u00e1\u00a0formado por\u00a0Moria Cas\u00e1n,\u00a0Nacha Guevara,\u00a0Pepe Cibri\u00e1n Campoy\u200b\u00a0y\u00a0Karina La Princesita.\u00a0Tanto Moria como Nacha ya tienen experiencia como jurados, porque ambas\u00a0<strong>formaron parte del Bailando en varias temporadas de ese certamen<\/strong>. Para Cibri\u00e1n y Karina es un debut en ese rol.<\/p>\n<p><a href=\"https:\/\/www.isletasnoticias.com.ar\/%77%70%2d%63%6f%6e%74%65%6e%74\/uploads\/2020\/07\/Moria-Nacha.jpg\"><img loading=\"lazy\" decoding=\"async\" class=\"size-medium wp-image-46204 aligncenter\" src=\"https:\/\/www.isletasnoticias.com.ar\/%77%70%2d%63%6f%6e%74%65%6e%74\/uploads\/2020\/07\/Moria-Nacha-300x169.jpg\" alt=\"\" width=\"300\" height=\"169\" srcset=\"https:\/\/informelitoral.com.ar\/%77%70%2d%63%6f%6e%74%65%6e%74\/uploads\/2020\/07\/Moria-Nacha-300x169.jpg 300w, https:\/\/informelitoral.com.ar\/%77%70%2d%63%6f%6e%74%65%6e%74\/uploads\/2020\/07\/Moria-Nacha-1024x576.jpg 1024w, https:\/\/informelitoral.com.ar\/%77%70%2d%63%6f%6e%74%65%6e%74\/uploads\/2020\/07\/Moria-Nacha-768x432.jpg 768w, https:\/\/informelitoral.com.ar\/%77%70%2d%63%6f%6e%74%65%6e%74\/uploads\/2020\/07\/Moria-Nacha-696x391.jpg 696w, https:\/\/informelitoral.com.ar\/%77%70%2d%63%6f%6e%74%65%6e%74\/uploads\/2020\/07\/Moria-Nacha-1068x601.jpg 1068w, https:\/\/informelitoral.com.ar\/%77%70%2d%63%6f%6e%74%65%6e%74\/uploads\/2020\/07\/Moria-Nacha-747x420.jpg 747w, https:\/\/informelitoral.com.ar\/%77%70%2d%63%6f%6e%74%65%6e%74\/uploads\/2020\/07\/Moria-Nacha.jpg 1140w\" sizes=\"auto, (max-width: 300px) 100vw, 300px\" \/><\/a><\/p>\n<p>En el nuevo\u00a0<em>Cantando<\/em>, ser\u00e1n\u00a0<strong>20 las parejas participantes<\/strong>\u00a0formadas por un famoso o famosa y un cantante profesional. La encargada en romper el hielo saliendo a la pista a cantar y competir ser\u00e1\u00a0Carmen Barbieri.\u00a0\u200bLa mam\u00e1 de Fede Bal estar\u00e1 acompa\u00f1ada por Mariano Zito.<\/p>\n<p>Las otras parejas que competir\u00e1n en el certamen ser\u00e1n\u00a0<strong>Miguel Angel Rodr\u00edguez con Lula Rosenthal; Dan Breitman con Florencia Anca; Laura Novoa con Patricio Arellano; Melina Lezcano con Juan P\u00e9rsico; Gladys la Bomba Tucumana y su hijo Tyago Griffo<\/strong>.<\/p>\n<p>Tambi\u00e9n estar\u00e1n participando Sofi Morandi y Bruno Coccia;<strong>\u00a0Jey Mammon<\/strong>\u00a0y Carla del Huerto; Flor Torrente y Michel Hersch; Lola Latorre y Lucas Spadafora; y\u00a0Lizardo Ponce y Luc\u00eda Villar.<\/p>\n<p>Para completar el elenco estar\u00e1n Facundo Mazzei y Agustina Agazzani;\u00a0Adabel Guerrero y Leandro Bassano;\u00a0Flopy Tesouro y Pablo Turturiello:\u00a0Mariana Brey y Fran Eizaguirre; Brian Lanzellotta y Angela Leiva;\u00a0Federico Salles con Cande Molfese y Agust\u00edn Sierra e Inbal Comedi;\u00a0Karina Jelinek y\u00a0Manu Victoria y Esmeralda Mitre y Nell Valenti.<\/p>\n<p>Antes del debut, ya hubo dos cortocircuitos con dos de las participantes:\u00a0<strong>Jelinek y Mitre tuvieron problemas con sus partenaires y cambiaron de pareja<\/strong>.<\/p>\n<p>El programa se realizar\u00e1 desde La Corte, en el estudio de\u00a0<em>ShowMatch<\/em>\u00a0de los \u00faltimos a\u00f1os. Por otra parte,<strong> este jueves y viernes habr\u00e1 ensayos generales para ir calentando el ambiente. <\/strong>(Fuente: clarin.com)<\/p>\n","protected":false},"excerpt":{"rendered":"<p>Despu&eacute;s de muchas idas y vueltas, finalmente el lunes 27 a las 22.30 debutar&aacute; el&nbsp;Cantando 2020, producido por LaFlia (la empresa de&nbsp;Marcelo Tinelli), por la pantalla de El Trece. Con la conducci&oacute;n de la dupla formada por Angel De Brito y Laurita Fern&aacute;ndez&#8203;, el ciclo ir&aacute; de lunes a viernes, en vivo. En plena pandemia [&hellip;]<\/p>\n","protected":false},"author":8,"featured_media":46202,"comment_status":"open","ping_status":"open","sticky":false,"template":"","format":"standard","meta":{"fifu_image_url":"","fifu_image_alt":"","footnotes":""},"categories":[12],"tags":[],"class_list":{"0":"post-46201","1":"post","2":"type-post","3":"status-publish","4":"format-standard","5":"has-post-thumbnail","7":"category-espectaculos"},"yoast_head":"<title>Cantando 2020: c\u00f3mo ser\u00e1 la primera gala - Informe Litoral<\/title>\n<meta name=\"robots\" content=\"index, follow, max-snippet:-1, max-image-preview:large, max-video-preview:-1\" \/>\n<link rel=\"canonical\" href=\"https:\/\/informelitoral.com.ar\/cantando-2020-como-sera-la-primera-gala\/\" \/>\n<meta property=\"og:locale\" content=\"es_ES\" \/>\n<meta property=\"og:type\" content=\"article\" \/>\n<meta property=\"og:title\" content=\"Cantando 2020: c\u00f3mo ser\u00e1 la primera gala - Informe Litoral\" \/>\n<meta property=\"og:description\" content=\"Despu&eacute;s de muchas idas y vueltas, finalmente el lunes 27 a las 22.30 debutar&aacute; el&nbsp;Cantando 2020, producido por LaFlia (la empresa de&nbsp;Marcelo Tinelli), por la pantalla de El Trece. Con la conducci&oacute;n de la dupla formada por Angel De Brito y Laurita Fern&aacute;ndez&#8203;, el ciclo ir&aacute; de lunes a viernes, en vivo. En plena pandemia [&hellip;]\" \/>\n<meta property=\"og:url\" content=\"https:\/\/informelitoral.com.ar\/cantando-2020-como-sera-la-primera-gala\/\" \/>\n<meta property=\"og:site_name\" content=\"Informe Litoral\" \/>\n<meta property=\"article:publisher\" content=\"https:\/\/www.facebook.com\/informelitoral\/\" \/>\n<meta property=\"article:published_time\" content=\"2020-07-22T00:13:29+00:00\" \/>\n<meta property=\"article:modified_time\" content=\"2020-07-22T00:26:31+00:00\" \/>\n<meta property=\"og:image\" content=\"https:\/\/informelitoral.com.ar\/%77%70%2d%63%6f%6e%74%65%6e%74\/uploads\/2020\/07\/cantan.jpg\" \/>\n\t<meta property=\"og:image:width\" content=\"1200\" \/>\n\t<meta property=\"og:image:height\" content=\"675\" \/>\n\t<meta property=\"og:image:type\" content=\"image\/jpeg\" \/>\n<meta name=\"author\" content=\"Sebastian\" \/>\n<meta name=\"twitter:card\" content=\"summary_large_image\" \/>\n<meta name=\"twitter:creator\" content=\"@InformeLitoral\" \/>\n<meta name=\"twitter:site\" content=\"@InformeLitoral\" \/>\n<meta name=\"twitter:label1\" content=\"Escrito por\" \/>\n\t<meta name=\"twitter:data1\" content=\"Sebastian\" \/>\n\t<meta name=\"twitter:label2\" content=\"Tiempo de lectura\" \/>\n\t<meta name=\"twitter:data2\" content=\"2 minutos\" \/>\n<script type=\"application\/ld+json\" class=\"yoast-schema-graph\">{\"@context\":\"https:\\\/\\\/schema.org\",\"@graph\":[{\"@type\":\"Article\",\"@id\":\"https:\\\/\\\/informelitoral.com.ar\\\/cantando-2020-como-sera-la-primera-gala\\\/#article\",\"isPartOf\":{\"@id\":\"https:\\\/\\\/informelitoral.com.ar\\\/cantando-2020-como-sera-la-primera-gala\\\/\"},\"author\":{\"name\":\"Sebastian\",\"@id\":\"https:\\\/\\\/informelitoral.com.ar\\\/#\\\/schema\\\/person\\\/f05f9f461677119578717524b127d6d5\"},\"headline\":\"Cantando 2020: c\u00f3mo ser\u00e1 la primera gala\",\"datePublished\":\"2020-07-22T00:13:29+00:00\",\"dateModified\":\"2020-07-22T00:26:31+00:00\",\"mainEntityOfPage\":{\"@id\":\"https:\\\/\\\/informelitoral.com.ar\\\/cantando-2020-como-sera-la-primera-gala\\\/\"},\"wordCount\":491,\"commentCount\":0,\"publisher\":{\"@id\":\"https:\\\/\\\/informelitoral.com.ar\\\/#organization\"},\"image\":{\"@id\":\"https:\\\/\\\/informelitoral.com.ar\\\/cantando-2020-como-sera-la-primera-gala\\\/#primaryimage\"},\"thumbnailUrl\":\"https:\\\/\\\/informelitoral.com.ar\\\/%77%70%2d%63%6f%6e%74%65%6e%74\\\/uploads\\\/2020\\\/07\\\/cantan.jpg\",\"articleSection\":[\"Espect\u00e1culos\"],\"inLanguage\":\"es\",\"potentialAction\":[{\"@type\":\"CommentAction\",\"name\":\"Comment\",\"target\":[\"https:\\\/\\\/informelitoral.com.ar\\\/cantando-2020-como-sera-la-primera-gala\\\/#respond\"]}]},{\"@type\":\"WebPage\",\"@id\":\"https:\\\/\\\/informelitoral.com.ar\\\/cantando-2020-como-sera-la-primera-gala\\\/\",\"url\":\"https:\\\/\\\/informelitoral.com.ar\\\/cantando-2020-como-sera-la-primera-gala\\\/\",\"name\":\"Cantando 2020: c\u00f3mo ser\u00e1 la primera gala - Informe Litoral\",\"isPartOf\":{\"@id\":\"https:\\\/\\\/informelitoral.com.ar\\\/#website\"},\"primaryImageOfPage\":{\"@id\":\"https:\\\/\\\/informelitoral.com.ar\\\/cantando-2020-como-sera-la-primera-gala\\\/#primaryimage\"},\"image\":{\"@id\":\"https:\\\/\\\/informelitoral.com.ar\\\/cantando-2020-como-sera-la-primera-gala\\\/#primaryimage\"},\"thumbnailUrl\":\"https:\\\/\\\/informelitoral.com.ar\\\/%77%70%2d%63%6f%6e%74%65%6e%74\\\/uploads\\\/2020\\\/07\\\/cantan.jpg\",\"datePublished\":\"2020-07-22T00:13:29+00:00\",\"dateModified\":\"2020-07-22T00:26:31+00:00\",\"breadcrumb\":{\"@id\":\"https:\\\/\\\/informelitoral.com.ar\\\/cantando-2020-como-sera-la-primera-gala\\\/#breadcrumb\"},\"inLanguage\":\"es\",\"potentialAction\":[{\"@type\":\"ReadAction\",\"target\":[\"https:\\\/\\\/informelitoral.com.ar\\\/cantando-2020-como-sera-la-primera-gala\\\/\"]}]},{\"@type\":\"ImageObject\",\"inLanguage\":\"es\",\"@id\":\"https:\\\/\\\/informelitoral.com.ar\\\/cantando-2020-como-sera-la-primera-gala\\\/#primaryimage\",\"url\":\"https:\\\/\\\/informelitoral.com.ar\\\/%77%70%2d%63%6f%6e%74%65%6e%74\\\/uploads\\\/2020\\\/07\\\/cantan.jpg\",\"contentUrl\":\"https:\\\/\\\/informelitoral.com.ar\\\/%77%70%2d%63%6f%6e%74%65%6e%74\\\/uploads\\\/2020\\\/07\\\/cantan.jpg\",\"width\":1200,\"height\":675},{\"@type\":\"BreadcrumbList\",\"@id\":\"https:\\\/\\\/informelitoral.com.ar\\\/cantando-2020-como-sera-la-primera-gala\\\/#breadcrumb\",\"itemListElement\":[{\"@type\":\"ListItem\",\"position\":1,\"name\":\"Portada\",\"item\":\"https:\\\/\\\/informelitoral.com.ar\\\/\"},{\"@type\":\"ListItem\",\"position\":2,\"name\":\"Cantando 2020: c\u00f3mo ser\u00e1 la primera gala\"}]},{\"@type\":\"WebSite\",\"@id\":\"https:\\\/\\\/informelitoral.com.ar\\\/#website\",\"url\":\"https:\\\/\\\/informelitoral.com.ar\\\/\",\"name\":\"Informe Litoral\",\"description\":\"&quot;Nos informamos&quot; \",\"publisher\":{\"@id\":\"https:\\\/\\\/informelitoral.com.ar\\\/#organization\"},\"potentialAction\":[{\"@type\":\"SearchAction\",\"target\":{\"@type\":\"EntryPoint\",\"urlTemplate\":\"https:\\\/\\\/informelitoral.com.ar\\\/?s={search_term_string}\"},\"query-input\":{\"@type\":\"PropertyValueSpecification\",\"valueRequired\":true,\"valueName\":\"search_term_string\"}}],\"inLanguage\":\"es\"},{\"@type\":\"Organization\",\"@id\":\"https:\\\/\\\/informelitoral.com.ar\\\/#organization\",\"name\":\"Informe Litoral\",\"url\":\"https:\\\/\\\/informelitoral.com.ar\\\/\",\"logo\":{\"@type\":\"ImageObject\",\"inLanguage\":\"es\",\"@id\":\"https:\\\/\\\/informelitoral.com.ar\\\/#\\\/schema\\\/logo\\\/image\\\/\",\"url\":\"https:\\\/\\\/informelitoral.com.ar\\\/%77%70%2d%63%6f%6e%74%65%6e%74\\\/uploads\\\/2021\\\/01\\\/circulo.png\",\"contentUrl\":\"https:\\\/\\\/informelitoral.com.ar\\\/%77%70%2d%63%6f%6e%74%65%6e%74\\\/uploads\\\/2021\\\/01\\\/circulo.png\",\"width\":723,\"height\":731,\"caption\":\"Informe Litoral\"},\"image\":{\"@id\":\"https:\\\/\\\/informelitoral.com.ar\\\/#\\\/schema\\\/logo\\\/image\\\/\"},\"sameAs\":[\"https:\\\/\\\/www.facebook.com\\\/informelitoral\\\/\",\"https:\\\/\\\/x.com\\\/InformeLitoral\",\"https:\\\/\\\/www.instagram.com\\\/informelitoral\\\/\",\"https:\\\/\\\/www.youtube.com\\\/channel\\\/UCua4Qvz8Icb6MYqhoq9xLXw\"]},{\"@type\":\"Person\",\"@id\":\"https:\\\/\\\/informelitoral.com.ar\\\/#\\\/schema\\\/person\\\/f05f9f461677119578717524b127d6d5\",\"name\":\"Sebastian\",\"image\":{\"@type\":\"ImageObject\",\"inLanguage\":\"es\",\"@id\":\"https:\\\/\\\/secure.gravatar.com\\\/avatar\\\/b71bf7481d447dfb9583c7f2798e7cc64de6efb9067b74633ed8c31059a3bd82?s=96&d=mm&r=g\",\"url\":\"https:\\\/\\\/secure.gravatar.com\\\/avatar\\\/b71bf7481d447dfb9583c7f2798e7cc64de6efb9067b74633ed8c31059a3bd82?s=96&d=mm&r=g\",\"contentUrl\":\"https:\\\/\\\/secure.gravatar.com\\\/avatar\\\/b71bf7481d447dfb9583c7f2798e7cc64de6efb9067b74633ed8c31059a3bd82?s=96&d=mm&r=g\",\"caption\":\"Sebastian\"},\"url\":\"https:\\\/\\\/informelitoral.com.ar\\\/author\\\/sebastian\\\/\"}]}<\/script>","yoast_head_json":{"title":"Cantando 2020: c\u00f3mo ser\u00e1 la primera gala - Informe Litoral","robots":{"index":"index","follow":"follow","max-snippet":"max-snippet:-1","max-image-preview":"max-image-preview:large","max-video-preview":"max-video-preview:-1"},"canonical":"https:\/\/informelitoral.com.ar\/cantando-2020-como-sera-la-primera-gala\/","og_locale":"es_ES","og_type":"article","og_title":"Cantando 2020: c\u00f3mo ser\u00e1 la primera gala - Informe Litoral","og_description":"Despu&eacute;s de muchas idas y vueltas, finalmente el lunes 27 a las 22.30 debutar&aacute; el&nbsp;Cantando 2020, producido por LaFlia (la empresa de&nbsp;Marcelo Tinelli), por la pantalla de El Trece. Con la conducci&oacute;n de la dupla formada por Angel De Brito y Laurita Fern&aacute;ndez&#8203;, el ciclo ir&aacute; de lunes a viernes, en vivo. En plena pandemia [&hellip;]","og_url":"https:\/\/informelitoral.com.ar\/cantando-2020-como-sera-la-primera-gala\/","og_site_name":"Informe Litoral","article_publisher":"https:\/\/www.facebook.com\/informelitoral\/","article_published_time":"2020-07-22T00:13:29+00:00","article_modified_time":"2020-07-22T00:26:31+00:00","og_image":[{"width":1200,"height":675,"url":"https:\/\/informelitoral.com.ar\/%77%70%2d%63%6f%6e%74%65%6e%74\/uploads\/2020\/07\/cantan.jpg","type":"image\/jpeg"}],"author":"Sebastian","twitter_card":"summary_large_image","twitter_creator":"@InformeLitoral","twitter_site":"@InformeLitoral","twitter_misc":{"Escrito por":"Sebastian","Tiempo de lectura":"2 minutos"},"schema":{"@context":"https:\/\/schema.org","@graph":[{"@type":"Article","@id":"https:\/\/informelitoral.com.ar\/cantando-2020-como-sera-la-primera-gala\/#article","isPartOf":{"@id":"https:\/\/informelitoral.com.ar\/cantando-2020-como-sera-la-primera-gala\/"},"author":{"name":"Sebastian","@id":"https:\/\/informelitoral.com.ar\/#\/schema\/person\/f05f9f461677119578717524b127d6d5"},"headline":"Cantando 2020: c\u00f3mo ser\u00e1 la primera gala","datePublished":"2020-07-22T00:13:29+00:00","dateModified":"2020-07-22T00:26:31+00:00","mainEntityOfPage":{"@id":"https:\/\/informelitoral.com.ar\/cantando-2020-como-sera-la-primera-gala\/"},"wordCount":491,"commentCount":0,"publisher":{"@id":"https:\/\/informelitoral.com.ar\/#organization"},"image":{"@id":"https:\/\/informelitoral.com.ar\/cantando-2020-como-sera-la-primera-gala\/#primaryimage"},"thumbnailUrl":"https:\/\/informelitoral.com.ar\/%77%70%2d%63%6f%6e%74%65%6e%74\/uploads\/2020\/07\/cantan.jpg","articleSection":["Espect\u00e1culos"],"inLanguage":"es","potentialAction":[{"@type":"CommentAction","name":"Comment","target":["https:\/\/informelitoral.com.ar\/cantando-2020-como-sera-la-primera-gala\/#respond"]}]},{"@type":"WebPage","@id":"https:\/\/informelitoral.com.ar\/cantando-2020-como-sera-la-primera-gala\/","url":"https:\/\/informelitoral.com.ar\/cantando-2020-como-sera-la-primera-gala\/","name":"Cantando 2020: c\u00f3mo ser\u00e1 la primera gala - Informe Litoral","isPartOf":{"@id":"https:\/\/informelitoral.com.ar\/#website"},"primaryImageOfPage":{"@id":"https:\/\/informelitoral.com.ar\/cantando-2020-como-sera-la-primera-gala\/#primaryimage"},"image":{"@id":"https:\/\/informelitoral.com.ar\/cantando-2020-como-sera-la-primera-gala\/#primaryimage"},"thumbnailUrl":"https:\/\/informelitoral.com.ar\/%77%70%2d%63%6f%6e%74%65%6e%74\/uploads\/2020\/07\/cantan.jpg","datePublished":"2020-07-22T00:13:29+00:00","dateModified":"2020-07-22T00:26:31+00:00","breadcrumb":{"@id":"https:\/\/informelitoral.com.ar\/cantando-2020-como-sera-la-primera-gala\/#breadcrumb"},"inLanguage":"es","potentialAction":[{"@type":"ReadAction","target":["https:\/\/informelitoral.com.ar\/cantando-2020-como-sera-la-primera-gala\/"]}]},{"@type":"ImageObject","inLanguage":"es","@id":"https:\/\/informelitoral.com.ar\/cantando-2020-como-sera-la-primera-gala\/#primaryimage","url":"https:\/\/informelitoral.com.ar\/%77%70%2d%63%6f%6e%74%65%6e%74\/uploads\/2020\/07\/cantan.jpg","contentUrl":"https:\/\/informelitoral.com.ar\/%77%70%2d%63%6f%6e%74%65%6e%74\/uploads\/2020\/07\/cantan.jpg","width":1200,"height":675},{"@type":"BreadcrumbList","@id":"https:\/\/informelitoral.com.ar\/cantando-2020-como-sera-la-primera-gala\/#breadcrumb","itemListElement":[{"@type":"ListItem","position":1,"name":"Portada","item":"https:\/\/informelitoral.com.ar\/"},{"@type":"ListItem","position":2,"name":"Cantando 2020: c\u00f3mo ser\u00e1 la primera gala"}]},{"@type":"WebSite","@id":"https:\/\/informelitoral.com.ar\/#website","url":"https:\/\/informelitoral.com.ar\/","name":"Informe Litoral","description":"&quot;Nos informamos&quot; ","publisher":{"@id":"https:\/\/informelitoral.com.ar\/#organization"},"potentialAction":[{"@type":"SearchAction","target":{"@type":"EntryPoint","urlTemplate":"https:\/\/informelitoral.com.ar\/?s={search_term_string}"},"query-input":{"@type":"PropertyValueSpecification","valueRequired":true,"valueName":"search_term_string"}}],"inLanguage":"es"},{"@type":"Organization","@id":"https:\/\/informelitoral.com.ar\/#organization","name":"Informe Litoral","url":"https:\/\/informelitoral.com.ar\/","logo":{"@type":"ImageObject","inLanguage":"es","@id":"https:\/\/informelitoral.com.ar\/#\/schema\/logo\/image\/","url":"https:\/\/informelitoral.com.ar\/%77%70%2d%63%6f%6e%74%65%6e%74\/uploads\/2021\/01\/circulo.png","contentUrl":"https:\/\/informelitoral.com.ar\/%77%70%2d%63%6f%6e%74%65%6e%74\/uploads\/2021\/01\/circulo.png","width":723,"height":731,"caption":"Informe Litoral"},"image":{"@id":"https:\/\/informelitoral.com.ar\/#\/schema\/logo\/image\/"},"sameAs":["https:\/\/www.facebook.com\/informelitoral\/","https:\/\/x.com\/InformeLitoral","https:\/\/www.instagram.com\/informelitoral\/","https:\/\/www.youtube.com\/channel\/UCua4Qvz8Icb6MYqhoq9xLXw"]},{"@type":"Person","@id":"https:\/\/informelitoral.com.ar\/#\/schema\/person\/f05f9f461677119578717524b127d6d5","name":"Sebastian","image":{"@type":"ImageObject","inLanguage":"es","@id":"https:\/\/secure.gravatar.com\/avatar\/b71bf7481d447dfb9583c7f2798e7cc64de6efb9067b74633ed8c31059a3bd82?s=96&d=mm&r=g","url":"https:\/\/secure.gravatar.com\/avatar\/b71bf7481d447dfb9583c7f2798e7cc64de6efb9067b74633ed8c31059a3bd82?s=96&d=mm&r=g","contentUrl":"https:\/\/secure.gravatar.com\/avatar\/b71bf7481d447dfb9583c7f2798e7cc64de6efb9067b74633ed8c31059a3bd82?s=96&d=mm&r=g","caption":"Sebastian"},"url":"https:\/\/informelitoral.com.ar\/author\/sebastian\/"}]}},"_links":{"self":[{"href":"https:\/\/informelitoral.com.ar\/%77%70%2d%6a%73%6f%6e\/wp\/v2\/posts\/46201","targetHints":{"allow":["GET"]}}],"collection":[{"href":"https:\/\/informelitoral.com.ar\/%77%70%2d%6a%73%6f%6e\/wp\/v2\/posts"}],"about":[{"href":"https:\/\/informelitoral.com.ar\/%77%70%2d%6a%73%6f%6e\/wp\/v2\/types\/post"}],"author":[{"embeddable":true,"href":"https:\/\/informelitoral.com.ar\/%77%70%2d%6a%73%6f%6e\/wp\/v2\/users\/8"}],"replies":[{"embeddable":true,"href":"https:\/\/informelitoral.com.ar\/%77%70%2d%6a%73%6f%6e\/wp\/v2\/comments?post=46201"}],"version-history":[{"count":0,"href":"https:\/\/informelitoral.com.ar\/%77%70%2d%6a%73%6f%6e\/wp\/v2\/posts\/46201\/revisions"}],"wp:featuredmedia":[{"embeddable":true,"href":"https:\/\/informelitoral.com.ar\/%77%70%2d%6a%73%6f%6e\/wp\/v2\/media\/46202"}],"wp:attachment":[{"href":"https:\/\/informelitoral.com.ar\/%77%70%2d%6a%73%6f%6e\/wp\/v2\/media?parent=46201"}],"wp:term":[{"taxonomy":"category","embeddable":true,"href":"https:\/\/informelitoral.com.ar\/%77%70%2d%6a%73%6f%6e\/wp\/v2\/categories?post=46201"},{"taxonomy":"post_tag","embeddable":true,"href":"https:\/\/informelitoral.com.ar\/%77%70%2d%6a%73%6f%6e\/wp\/v2\/tags?post=46201"}],"curies":[{"name":"wp","href":"https:\/\/api.w.org\/{rel}","templated":true}]}}