{"id":46089,"date":"2020-07-20T20:38:07","date_gmt":"2020-07-20T23:38:07","guid":{"rendered":"https:\/\/www.isletasnoticias.com.ar\/?p=46089"},"modified":"2020-07-21T07:09:46","modified_gmt":"2020-07-21T10:09:46","slug":"dio-positivo-el-hisopado-al-periodista-diamantino-segura-oliva","status":"publish","type":"post","link":"https:\/\/informelitoral.com.ar\/dio-positivo-el-hisopado-al-periodista-diamantino-segura-oliva\/","title":{"rendered":"Dio positivo el hisopado al periodista diamantino Segura Oliva"},"content":{"rendered":"<p>El periodista diamantino Gino Segura Oliva confirm\u00f3 el resultado del hisopado realizado para confirmar o descartar el contagio de covid-19. \u00abMe dio positivo, hoy al mediod\u00eda me dieron el resultado, ya me siento bien, pero como tenia algunos s\u00edntomas, decid\u00ed salir de la duda y hacerme el hisopado de forma particular\u00bb.<\/p>\n<p>Segura Oliva desempe\u00f1a su trabajo en la<em> Fm Diamante,<\/em> emisora de su propiedad, donde, desde que se dio a conocer el primer caso en la ciudad blanca, comenzaron a tener recaudos a la hora de trabajar \u00abNo se permite mas de una persona por cabina, micr\u00f3fonos individuales, alcohol en gel o al 70% para limpiar superficies, pero desde ahora no viene nadie hasta que no termine lo mio, yo si voy a seguir porque la radio la tengo en mi casa\u00bb.<\/p>\n<p>En cuanto al posible nexo del contagio, Segura Oliva mencion\u00f3 \u00abYo trabajo en la calle, el contacto con la gente es constante, la verdad que no recuerdo haber estado con las personas que por all\u00ed hicieron publico su contagio\u00bb.<\/p>\n<p>\u00abComenc\u00e9 con s\u00edntomas como de una gripe, pero para poder salir de la duda y cuidar a mi familia y la gente con las que siempre tengo contacto, me aisl\u00e9, me hice el hisopado en forma privada y hoy me dieron el resultado positivo, ahora estamos esperando el resultado de mi novia, que es la \u00fanica persona que estuvo conmigo. Hoy ya ir\u00eda por el d\u00eda numero 9 desde que comenzaron los s\u00edntomas. Hoy me siento bien, no tengo ning\u00fan s\u00edntoma\u00bb finaliz\u00f3 Segura Oliva. <em>(Fuente: Informe3.com)<\/em><\/p>\n","protected":false},"excerpt":{"rendered":"<p>El comunicador ten\u00eda s\u00edntomas desde hace varios d\u00edas y se hizo el test de manera privada. Ahora se investiga el nexo epidemiol\u00f3gico. <\/p>\n","protected":false},"author":8,"featured_media":46090,"comment_status":"open","ping_status":"open","sticky":false,"template":"","format":"standard","meta":{"fifu_image_url":"","fifu_image_alt":"","footnotes":""},"categories":[5],"tags":[1426,1481,34],"class_list":{"0":"post-46089","1":"post","2":"type-post","3":"status-publish","4":"format-standard","5":"has-post-thumbnail","7":"category-zonales","8":"tag-coronavirus","9":"tag-covid-19","10":"tag-diamante"},"yoast_head":"<title>Dio positivo el hisopado al periodista diamantino Segura Oliva - Informe Litoral<\/title>\n<meta name=\"robots\" content=\"index, follow, max-snippet:-1, max-image-preview:large, max-video-preview:-1\" \/>\n<link rel=\"canonical\" href=\"https:\/\/informelitoral.com.ar\/dio-positivo-el-hisopado-al-periodista-diamantino-segura-oliva\/\" \/>\n<meta property=\"og:locale\" content=\"es_ES\" \/>\n<meta property=\"og:type\" content=\"article\" \/>\n<meta property=\"og:title\" content=\"Dio positivo el hisopado al periodista diamantino Segura Oliva - Informe Litoral\" \/>\n<meta property=\"og:description\" content=\"El comunicador ten\u00eda s\u00edntomas desde hace varios d\u00edas y se hizo el test de manera privada. Ahora se investiga el nexo epidemiol\u00f3gico.\" \/>\n<meta property=\"og:url\" content=\"https:\/\/informelitoral.com.ar\/dio-positivo-el-hisopado-al-periodista-diamantino-segura-oliva\/\" \/>\n<meta property=\"og:site_name\" content=\"Informe Litoral\" \/>\n<meta property=\"article:publisher\" content=\"https:\/\/www.facebook.com\/informelitoral\/\" \/>\n<meta property=\"article:published_time\" content=\"2020-07-20T23:38:07+00:00\" \/>\n<meta property=\"article:modified_time\" content=\"2020-07-21T10:09:46+00:00\" \/>\n<meta property=\"og:image\" content=\"https:\/\/informelitoral.com.ar\/%77%70%2d%63%6f%6e%74%65%6e%74\/uploads\/2020\/07\/oliva.jpg\" \/>\n\t<meta property=\"og:image:width\" content=\"800\" \/>\n\t<meta property=\"og:image:height\" content=\"450\" \/>\n\t<meta property=\"og:image:type\" content=\"image\/jpeg\" \/>\n<meta name=\"author\" content=\"Sebastian\" \/>\n<meta name=\"twitter:card\" content=\"summary_large_image\" \/>\n<meta name=\"twitter:creator\" content=\"@InformeLitoral\" \/>\n<meta name=\"twitter:site\" content=\"@InformeLitoral\" \/>\n<meta name=\"twitter:label1\" content=\"Escrito por\" \/>\n\t<meta name=\"twitter:data1\" content=\"Sebastian\" \/>\n\t<meta name=\"twitter:label2\" content=\"Tiempo de lectura\" \/>\n\t<meta name=\"twitter:data2\" content=\"1 minuto\" \/>\n<script type=\"application\/ld+json\" class=\"yoast-schema-graph\">{\"@context\":\"https:\\\/\\\/schema.org\",\"@graph\":[{\"@type\":\"Article\",\"@id\":\"https:\\\/\\\/informelitoral.com.ar\\\/dio-positivo-el-hisopado-al-periodista-diamantino-segura-oliva\\\/#article\",\"isPartOf\":{\"@id\":\"https:\\\/\\\/informelitoral.com.ar\\\/dio-positivo-el-hisopado-al-periodista-diamantino-segura-oliva\\\/\"},\"author\":{\"name\":\"Sebastian\",\"@id\":\"https:\\\/\\\/informelitoral.com.ar\\\/#\\\/schema\\\/person\\\/f05f9f461677119578717524b127d6d5\"},\"headline\":\"Dio positivo el hisopado al periodista diamantino Segura Oliva\",\"datePublished\":\"2020-07-20T23:38:07+00:00\",\"dateModified\":\"2020-07-21T10:09:46+00:00\",\"mainEntityOfPage\":{\"@id\":\"https:\\\/\\\/informelitoral.com.ar\\\/dio-positivo-el-hisopado-al-periodista-diamantino-segura-oliva\\\/\"},\"wordCount\":275,\"commentCount\":0,\"publisher\":{\"@id\":\"https:\\\/\\\/informelitoral.com.ar\\\/#organization\"},\"image\":{\"@id\":\"https:\\\/\\\/informelitoral.com.ar\\\/dio-positivo-el-hisopado-al-periodista-diamantino-segura-oliva\\\/#primaryimage\"},\"thumbnailUrl\":\"https:\\\/\\\/informelitoral.com.ar\\\/%77%70%2d%63%6f%6e%74%65%6e%74\\\/uploads\\\/2020\\\/07\\\/oliva.jpg\",\"keywords\":[\"Coronavirus\",\"COVID-19\",\"Diamante\"],\"articleSection\":[\"Departamento Diamante\"],\"inLanguage\":\"es\",\"potentialAction\":[{\"@type\":\"CommentAction\",\"name\":\"Comment\",\"target\":[\"https:\\\/\\\/informelitoral.com.ar\\\/dio-positivo-el-hisopado-al-periodista-diamantino-segura-oliva\\\/#respond\"]}]},{\"@type\":\"WebPage\",\"@id\":\"https:\\\/\\\/informelitoral.com.ar\\\/dio-positivo-el-hisopado-al-periodista-diamantino-segura-oliva\\\/\",\"url\":\"https:\\\/\\\/informelitoral.com.ar\\\/dio-positivo-el-hisopado-al-periodista-diamantino-segura-oliva\\\/\",\"name\":\"Dio positivo el hisopado al periodista diamantino Segura Oliva - Informe Litoral\",\"isPartOf\":{\"@id\":\"https:\\\/\\\/informelitoral.com.ar\\\/#website\"},\"primaryImageOfPage\":{\"@id\":\"https:\\\/\\\/informelitoral.com.ar\\\/dio-positivo-el-hisopado-al-periodista-diamantino-segura-oliva\\\/#primaryimage\"},\"image\":{\"@id\":\"https:\\\/\\\/informelitoral.com.ar\\\/dio-positivo-el-hisopado-al-periodista-diamantino-segura-oliva\\\/#primaryimage\"},\"thumbnailUrl\":\"https:\\\/\\\/informelitoral.com.ar\\\/%77%70%2d%63%6f%6e%74%65%6e%74\\\/uploads\\\/2020\\\/07\\\/oliva.jpg\",\"datePublished\":\"2020-07-20T23:38:07+00:00\",\"dateModified\":\"2020-07-21T10:09:46+00:00\",\"breadcrumb\":{\"@id\":\"https:\\\/\\\/informelitoral.com.ar\\\/dio-positivo-el-hisopado-al-periodista-diamantino-segura-oliva\\\/#breadcrumb\"},\"inLanguage\":\"es\",\"potentialAction\":[{\"@type\":\"ReadAction\",\"target\":[\"https:\\\/\\\/informelitoral.com.ar\\\/dio-positivo-el-hisopado-al-periodista-diamantino-segura-oliva\\\/\"]}]},{\"@type\":\"ImageObject\",\"inLanguage\":\"es\",\"@id\":\"https:\\\/\\\/informelitoral.com.ar\\\/dio-positivo-el-hisopado-al-periodista-diamantino-segura-oliva\\\/#primaryimage\",\"url\":\"https:\\\/\\\/informelitoral.com.ar\\\/%77%70%2d%63%6f%6e%74%65%6e%74\\\/uploads\\\/2020\\\/07\\\/oliva.jpg\",\"contentUrl\":\"https:\\\/\\\/informelitoral.com.ar\\\/%77%70%2d%63%6f%6e%74%65%6e%74\\\/uploads\\\/2020\\\/07\\\/oliva.jpg\",\"width\":800,\"height\":450},{\"@type\":\"BreadcrumbList\",\"@id\":\"https:\\\/\\\/informelitoral.com.ar\\\/dio-positivo-el-hisopado-al-periodista-diamantino-segura-oliva\\\/#breadcrumb\",\"itemListElement\":[{\"@type\":\"ListItem\",\"position\":1,\"name\":\"Portada\",\"item\":\"https:\\\/\\\/informelitoral.com.ar\\\/\"},{\"@type\":\"ListItem\",\"position\":2,\"name\":\"Dio positivo el hisopado al periodista diamantino Segura Oliva\"}]},{\"@type\":\"WebSite\",\"@id\":\"https:\\\/\\\/informelitoral.com.ar\\\/#website\",\"url\":\"https:\\\/\\\/informelitoral.com.ar\\\/\",\"name\":\"Informe Litoral\",\"description\":\"&quot;Nos informamos&quot; \",\"publisher\":{\"@id\":\"https:\\\/\\\/informelitoral.com.ar\\\/#organization\"},\"potentialAction\":[{\"@type\":\"SearchAction\",\"target\":{\"@type\":\"EntryPoint\",\"urlTemplate\":\"https:\\\/\\\/informelitoral.com.ar\\\/?s={search_term_string}\"},\"query-input\":{\"@type\":\"PropertyValueSpecification\",\"valueRequired\":true,\"valueName\":\"search_term_string\"}}],\"inLanguage\":\"es\"},{\"@type\":\"Organization\",\"@id\":\"https:\\\/\\\/informelitoral.com.ar\\\/#organization\",\"name\":\"Informe Litoral\",\"url\":\"https:\\\/\\\/informelitoral.com.ar\\\/\",\"logo\":{\"@type\":\"ImageObject\",\"inLanguage\":\"es\",\"@id\":\"https:\\\/\\\/informelitoral.com.ar\\\/#\\\/schema\\\/logo\\\/image\\\/\",\"url\":\"https:\\\/\\\/informelitoral.com.ar\\\/%77%70%2d%63%6f%6e%74%65%6e%74\\\/uploads\\\/2021\\\/01\\\/circulo.png\",\"contentUrl\":\"https:\\\/\\\/informelitoral.com.ar\\\/%77%70%2d%63%6f%6e%74%65%6e%74\\\/uploads\\\/2021\\\/01\\\/circulo.png\",\"width\":723,\"height\":731,\"caption\":\"Informe Litoral\"},\"image\":{\"@id\":\"https:\\\/\\\/informelitoral.com.ar\\\/#\\\/schema\\\/logo\\\/image\\\/\"},\"sameAs\":[\"https:\\\/\\\/www.facebook.com\\\/informelitoral\\\/\",\"https:\\\/\\\/x.com\\\/InformeLitoral\",\"https:\\\/\\\/www.instagram.com\\\/informelitoral\\\/\",\"https:\\\/\\\/www.youtube.com\\\/channel\\\/UCua4Qvz8Icb6MYqhoq9xLXw\"]},{\"@type\":\"Person\",\"@id\":\"https:\\\/\\\/informelitoral.com.ar\\\/#\\\/schema\\\/person\\\/f05f9f461677119578717524b127d6d5\",\"name\":\"Sebastian\",\"image\":{\"@type\":\"ImageObject\",\"inLanguage\":\"es\",\"@id\":\"https:\\\/\\\/secure.gravatar.com\\\/avatar\\\/b71bf7481d447dfb9583c7f2798e7cc64de6efb9067b74633ed8c31059a3bd82?s=96&d=mm&r=g\",\"url\":\"https:\\\/\\\/secure.gravatar.com\\\/avatar\\\/b71bf7481d447dfb9583c7f2798e7cc64de6efb9067b74633ed8c31059a3bd82?s=96&d=mm&r=g\",\"contentUrl\":\"https:\\\/\\\/secure.gravatar.com\\\/avatar\\\/b71bf7481d447dfb9583c7f2798e7cc64de6efb9067b74633ed8c31059a3bd82?s=96&d=mm&r=g\",\"caption\":\"Sebastian\"},\"url\":\"https:\\\/\\\/informelitoral.com.ar\\\/author\\\/sebastian\\\/\"}]}<\/script>","yoast_head_json":{"title":"Dio positivo el hisopado al periodista diamantino Segura Oliva - Informe Litoral","robots":{"index":"index","follow":"follow","max-snippet":"max-snippet:-1","max-image-preview":"max-image-preview:large","max-video-preview":"max-video-preview:-1"},"canonical":"https:\/\/informelitoral.com.ar\/dio-positivo-el-hisopado-al-periodista-diamantino-segura-oliva\/","og_locale":"es_ES","og_type":"article","og_title":"Dio positivo el hisopado al periodista diamantino Segura Oliva - Informe Litoral","og_description":"El comunicador ten\u00eda s\u00edntomas desde hace varios d\u00edas y se hizo el test de manera privada. Ahora se investiga el nexo epidemiol\u00f3gico.","og_url":"https:\/\/informelitoral.com.ar\/dio-positivo-el-hisopado-al-periodista-diamantino-segura-oliva\/","og_site_name":"Informe Litoral","article_publisher":"https:\/\/www.facebook.com\/informelitoral\/","article_published_time":"2020-07-20T23:38:07+00:00","article_modified_time":"2020-07-21T10:09:46+00:00","og_image":[{"width":800,"height":450,"url":"https:\/\/informelitoral.com.ar\/%77%70%2d%63%6f%6e%74%65%6e%74\/uploads\/2020\/07\/oliva.jpg","type":"image\/jpeg"}],"author":"Sebastian","twitter_card":"summary_large_image","twitter_creator":"@InformeLitoral","twitter_site":"@InformeLitoral","twitter_misc":{"Escrito por":"Sebastian","Tiempo de lectura":"1 minuto"},"schema":{"@context":"https:\/\/schema.org","@graph":[{"@type":"Article","@id":"https:\/\/informelitoral.com.ar\/dio-positivo-el-hisopado-al-periodista-diamantino-segura-oliva\/#article","isPartOf":{"@id":"https:\/\/informelitoral.com.ar\/dio-positivo-el-hisopado-al-periodista-diamantino-segura-oliva\/"},"author":{"name":"Sebastian","@id":"https:\/\/informelitoral.com.ar\/#\/schema\/person\/f05f9f461677119578717524b127d6d5"},"headline":"Dio positivo el hisopado al periodista diamantino Segura Oliva","datePublished":"2020-07-20T23:38:07+00:00","dateModified":"2020-07-21T10:09:46+00:00","mainEntityOfPage":{"@id":"https:\/\/informelitoral.com.ar\/dio-positivo-el-hisopado-al-periodista-diamantino-segura-oliva\/"},"wordCount":275,"commentCount":0,"publisher":{"@id":"https:\/\/informelitoral.com.ar\/#organization"},"image":{"@id":"https:\/\/informelitoral.com.ar\/dio-positivo-el-hisopado-al-periodista-diamantino-segura-oliva\/#primaryimage"},"thumbnailUrl":"https:\/\/informelitoral.com.ar\/%77%70%2d%63%6f%6e%74%65%6e%74\/uploads\/2020\/07\/oliva.jpg","keywords":["Coronavirus","COVID-19","Diamante"],"articleSection":["Departamento Diamante"],"inLanguage":"es","potentialAction":[{"@type":"CommentAction","name":"Comment","target":["https:\/\/informelitoral.com.ar\/dio-positivo-el-hisopado-al-periodista-diamantino-segura-oliva\/#respond"]}]},{"@type":"WebPage","@id":"https:\/\/informelitoral.com.ar\/dio-positivo-el-hisopado-al-periodista-diamantino-segura-oliva\/","url":"https:\/\/informelitoral.com.ar\/dio-positivo-el-hisopado-al-periodista-diamantino-segura-oliva\/","name":"Dio positivo el hisopado al periodista diamantino Segura Oliva - Informe Litoral","isPartOf":{"@id":"https:\/\/informelitoral.com.ar\/#website"},"primaryImageOfPage":{"@id":"https:\/\/informelitoral.com.ar\/dio-positivo-el-hisopado-al-periodista-diamantino-segura-oliva\/#primaryimage"},"image":{"@id":"https:\/\/informelitoral.com.ar\/dio-positivo-el-hisopado-al-periodista-diamantino-segura-oliva\/#primaryimage"},"thumbnailUrl":"https:\/\/informelitoral.com.ar\/%77%70%2d%63%6f%6e%74%65%6e%74\/uploads\/2020\/07\/oliva.jpg","datePublished":"2020-07-20T23:38:07+00:00","dateModified":"2020-07-21T10:09:46+00:00","breadcrumb":{"@id":"https:\/\/informelitoral.com.ar\/dio-positivo-el-hisopado-al-periodista-diamantino-segura-oliva\/#breadcrumb"},"inLanguage":"es","potentialAction":[{"@type":"ReadAction","target":["https:\/\/informelitoral.com.ar\/dio-positivo-el-hisopado-al-periodista-diamantino-segura-oliva\/"]}]},{"@type":"ImageObject","inLanguage":"es","@id":"https:\/\/informelitoral.com.ar\/dio-positivo-el-hisopado-al-periodista-diamantino-segura-oliva\/#primaryimage","url":"https:\/\/informelitoral.com.ar\/%77%70%2d%63%6f%6e%74%65%6e%74\/uploads\/2020\/07\/oliva.jpg","contentUrl":"https:\/\/informelitoral.com.ar\/%77%70%2d%63%6f%6e%74%65%6e%74\/uploads\/2020\/07\/oliva.jpg","width":800,"height":450},{"@type":"BreadcrumbList","@id":"https:\/\/informelitoral.com.ar\/dio-positivo-el-hisopado-al-periodista-diamantino-segura-oliva\/#breadcrumb","itemListElement":[{"@type":"ListItem","position":1,"name":"Portada","item":"https:\/\/informelitoral.com.ar\/"},{"@type":"ListItem","position":2,"name":"Dio positivo el hisopado al periodista diamantino Segura Oliva"}]},{"@type":"WebSite","@id":"https:\/\/informelitoral.com.ar\/#website","url":"https:\/\/informelitoral.com.ar\/","name":"Informe Litoral","description":"&quot;Nos informamos&quot; ","publisher":{"@id":"https:\/\/informelitoral.com.ar\/#organization"},"potentialAction":[{"@type":"SearchAction","target":{"@type":"EntryPoint","urlTemplate":"https:\/\/informelitoral.com.ar\/?s={search_term_string}"},"query-input":{"@type":"PropertyValueSpecification","valueRequired":true,"valueName":"search_term_string"}}],"inLanguage":"es"},{"@type":"Organization","@id":"https:\/\/informelitoral.com.ar\/#organization","name":"Informe Litoral","url":"https:\/\/informelitoral.com.ar\/","logo":{"@type":"ImageObject","inLanguage":"es","@id":"https:\/\/informelitoral.com.ar\/#\/schema\/logo\/image\/","url":"https:\/\/informelitoral.com.ar\/%77%70%2d%63%6f%6e%74%65%6e%74\/uploads\/2021\/01\/circulo.png","contentUrl":"https:\/\/informelitoral.com.ar\/%77%70%2d%63%6f%6e%74%65%6e%74\/uploads\/2021\/01\/circulo.png","width":723,"height":731,"caption":"Informe Litoral"},"image":{"@id":"https:\/\/informelitoral.com.ar\/#\/schema\/logo\/image\/"},"sameAs":["https:\/\/www.facebook.com\/informelitoral\/","https:\/\/x.com\/InformeLitoral","https:\/\/www.instagram.com\/informelitoral\/","https:\/\/www.youtube.com\/channel\/UCua4Qvz8Icb6MYqhoq9xLXw"]},{"@type":"Person","@id":"https:\/\/informelitoral.com.ar\/#\/schema\/person\/f05f9f461677119578717524b127d6d5","name":"Sebastian","image":{"@type":"ImageObject","inLanguage":"es","@id":"https:\/\/secure.gravatar.com\/avatar\/b71bf7481d447dfb9583c7f2798e7cc64de6efb9067b74633ed8c31059a3bd82?s=96&d=mm&r=g","url":"https:\/\/secure.gravatar.com\/avatar\/b71bf7481d447dfb9583c7f2798e7cc64de6efb9067b74633ed8c31059a3bd82?s=96&d=mm&r=g","contentUrl":"https:\/\/secure.gravatar.com\/avatar\/b71bf7481d447dfb9583c7f2798e7cc64de6efb9067b74633ed8c31059a3bd82?s=96&d=mm&r=g","caption":"Sebastian"},"url":"https:\/\/informelitoral.com.ar\/author\/sebastian\/"}]}},"_links":{"self":[{"href":"https:\/\/informelitoral.com.ar\/%77%70%2d%6a%73%6f%6e\/wp\/v2\/posts\/46089","targetHints":{"allow":["GET"]}}],"collection":[{"href":"https:\/\/informelitoral.com.ar\/%77%70%2d%6a%73%6f%6e\/wp\/v2\/posts"}],"about":[{"href":"https:\/\/informelitoral.com.ar\/%77%70%2d%6a%73%6f%6e\/wp\/v2\/types\/post"}],"author":[{"embeddable":true,"href":"https:\/\/informelitoral.com.ar\/%77%70%2d%6a%73%6f%6e\/wp\/v2\/users\/8"}],"replies":[{"embeddable":true,"href":"https:\/\/informelitoral.com.ar\/%77%70%2d%6a%73%6f%6e\/wp\/v2\/comments?post=46089"}],"version-history":[{"count":0,"href":"https:\/\/informelitoral.com.ar\/%77%70%2d%6a%73%6f%6e\/wp\/v2\/posts\/46089\/revisions"}],"wp:featuredmedia":[{"embeddable":true,"href":"https:\/\/informelitoral.com.ar\/%77%70%2d%6a%73%6f%6e\/wp\/v2\/media\/46090"}],"wp:attachment":[{"href":"https:\/\/informelitoral.com.ar\/%77%70%2d%6a%73%6f%6e\/wp\/v2\/media?parent=46089"}],"wp:term":[{"taxonomy":"category","embeddable":true,"href":"https:\/\/informelitoral.com.ar\/%77%70%2d%6a%73%6f%6e\/wp\/v2\/categories?post=46089"},{"taxonomy":"post_tag","embeddable":true,"href":"https:\/\/informelitoral.com.ar\/%77%70%2d%6a%73%6f%6e\/wp\/v2\/tags?post=46089"}],"curies":[{"name":"wp","href":"https:\/\/api.w.org\/{rel}","templated":true}]}}