{"id":46077,"date":"2020-07-20T16:29:49","date_gmt":"2020-07-20T19:29:49","guid":{"rendered":"https:\/\/www.isletasnoticias.com.ar\/?p=46077"},"modified":"2020-07-20T16:29:49","modified_gmt":"2020-07-20T19:29:49","slug":"el-mundo-esta-mas-cerca-de-la-vacuna-contra-el-covid-19","status":"publish","type":"post","link":"https:\/\/informelitoral.com.ar\/el-mundo-esta-mas-cerca-de-la-vacuna-contra-el-covid-19\/","title":{"rendered":"El mundo est\u00e1 m\u00e1s cerca de la vacuna contra el COVID-19"},"content":{"rendered":"<p class=\"font_tertiary paragraph\">La\u00a0<b>vacuna contra el coronavirus<\/b>\u00a0que desarrolla la universidad brit\u00e1nica de\u00a0<b>Oxford\u00a0<\/b>result\u00f3 \u201csegura\u201d y \u201centrena\u201d el sistema inmunol\u00f3gico, seg\u00fan revelaron los hallazgos de las primeras fases del estudio, divulgados este lunes.<\/p>\n<p class=\"font_tertiary paragraph\">La f\u00f3rmula, denominada\u00a0<b>AZD1222<\/b>, est\u00e1 siendo elaborada por AstraZeneca en colaboraci\u00f3n con cient\u00edficos de la Universidad de Oxford, y\u00a0<b>no present\u00f3 ning\u00fan efecto colateral grave en los 1.077 voluntarios<\/b>, adultos sanos de entre 18 y 55 a\u00f1os, que produjeron\u00a0<b>respuestas inmunes de anticuerpos y c\u00e9lulas T que pueden combatir el virus<\/b>, seg\u00fan los resultados del ensayo publicados en la revista m\u00e9dica\u00a0<i>The Lancet<\/i>.<\/p>\n<p class=\"font_tertiary paragraph\">Estos descubrimientos se consideran \u201cmuy prometedores\u201d, si bien todav\u00eda es necesario llevar a cabo ensayos a mayor escala a fin de determinar si los anticuerpos son suficientes para ofrecer protecci\u00f3n a largo plazo contra la enfermedad.<\/p>\n<p class=\"font_tertiary paragraph\">\u201cEsperemos que esto implique que el sistema inmune recordar\u00e1 al virus, de modo que nuestra vacuna provea protecci\u00f3n por un periodo extendido\u201d, indic\u00f3 el autor principal del estudio, Andrew Pollard, de la Universidad de Oxford. \u201cSin embargo,\u00a0<b>necesitamos m\u00e1s investigaciones antes de poder confirmar que la vacuna efectivamente protege de la infecci\u00f3n del SARS-CoV-2 (COVID-19), y para determinar cu\u00e1nto tiempo dura esa protecci\u00f3n<\/b>\u201d, sostuvo.<\/p>\n<p class=\"font_tertiary paragraph\">Las respuestas inmunol\u00f3gicas fueron m\u00e1s elevadas en aquellos que recibieron una segunda dosis. \u201cVimos la respuesta inmunol\u00f3gica m\u00e1s fuerte en los 10 participantes que recibieron <b>dos dosis de la vacuna<\/b>, lo que indica que esta podr\u00eda ser una buena estrategia para la vacunaci\u00f3n\u201d, indic\u00f3 el profesor Andrew Pollard.<\/p>\n<p class=\"font_tertiary paragraph\">AstraZeneca es una de las farmac\u00e9uticas l\u00edderes en la carrera por encontrar una vacuna contra la enfermedad que ha causado m\u00e1s de 600.000 muertes en el mundo, junto con otras compa\u00f1\u00edas que prueban candidatas en ensayos cl\u00ednicos de etapas media y final. La firma dijo que una\u00a0<b>fase III de los ensayos<\/b>\u00a0de su vacuna potencial se est\u00e1 llevando a cabo actualmente en\u00a0<b>Reino Unido, Brasil y Sud\u00e1frica<\/b>, y que empezar\u00e1 pronto en Estados Unidos.<\/p>\n<p class=\"font_tertiary paragraph\">\u201cSi nuestra vacuna se revelara eficaz, es una prometedora opci\u00f3n, ya que este tipo de vacuna puede ser fabricada f\u00e1cilmente a gran escala\u201d coment\u00f3 Sarah Gilbert, investigadora de la universidad de Oxford.<\/p>\n<p class=\"font_tertiary paragraph\">Los investigadores dijeron que la vacuna caus\u00f3 efectos colaterales leves m\u00e1s frecuentes respecto a un grupo de control, pero que muchos de \u00e9stos pudieron reducirse con paracetamol, sin que se detectaran efectos adversos graves.<\/p>\n<p class=\"font_tertiary paragraph\">La f\u00f3rmula, que est\u00e1 siendo desarrollada a una velocidad sin precedentes, est\u00e1\u00a0<b>hecha a base de un virus gen\u00e9ticamente fabricado que ocasiona el resfriado com\u00fan en chimpanc\u00e9s<\/b>. Los cient\u00edficos lo han modificado en gran manera de forma que no pueda ocasionar infecciones en personas y para\u00a0<b>que se asemeje m\u00e1s al coronavirus<\/b>. Lo han hecho transfiriendo las instrucciones gen\u00e9ticas para la llamada \u201cprote\u00edna del pico\u201d del coronavirus -la herramienta clave que este emplea para invadir las c\u00e9lulas de humanos- a la vacuna que est\u00e1n desarrollando.<\/p>\n<p class=\"font_tertiary paragraph\">De esta manera, esta vacuna se parece al nuevo coronavirus y el sistema inmune puede aprender la manera de luchar contra \u00e9l. Al estar basada en un adenavirus modificado, que no se replica, es m\u00e1s segura en especial para los pacientes m\u00e1s fr\u00e1giles.<\/p>\n<p class=\"font_tertiary paragraph\">Semanas atr\u00e1s, el gobierno brit\u00e1nico\u00a0firm\u00f3 un acuerdo con la farmac\u00e9utica\u00a0para la producci\u00f3n de 100 millones de dosis, una cantidad que excede a la poblaci\u00f3n del Reino Unido. Estos contratos son clave para ir asegurando la producci\u00f3n de los ensayos e ir ganando tiempo. Tambi\u00e9n ha entrado en negociaciones con otros pa\u00edses, pero asegur\u00f3 que no buscar\u00e1 generar ganancias a partir de su vacuna durante la pandemia, con el compromiso de garantizar un acceso amplio y equitativo a la vacuna, en caso de que las pruebas cl\u00ednicas en sus \u00faltimas etapas tengan \u00e9xito. Hasta ahora, los compromisos para suministrar m\u00e1s de 2 mil millones de dosis de la vacuna se han acordado con el Reino Unido, Estados Unidos, la Alianza de Vacunas Inclusivas de Europa (IVA), la Coalici\u00f3n para la Innovaci\u00f3n en la Preparaci\u00f3n de Epidemias (CEPI), La Alianza de Vacunas Gavi y el Serum Institute de India.<\/p>\n<p class=\"font_tertiary paragraph\">Por su parte, el primer ministro brit\u00e1nico, Boris Johnson, dijo en un mensaje en Twitter que estos hallazgos constituyen \u201cuna noticia muy positiva\u201d y elogi\u00f3 a los \u201cbrillantes y pioneros cient\u00edficos e investigadores\u201d.<\/p>\n<p class=\"font_tertiary paragraph\"><mark class=\"hl_orange\"><b>\u00bfPara cu\u00e1ndo?<\/b><\/mark><\/p>\n<p class=\"font_tertiary paragraph\">Se est\u00e1n desarrollando y probando m\u00e1s de 100 vacunas en todo el mundo para intentar detener la pandemia de COVID-19, que ha matado a cientos de miles de personas y ha hecho estragos en la econom\u00eda mundial.<\/p>\n<p class=\"font_tertiary paragraph\">Este lunes, Johnson hab\u00eda puesto\u00a0pa\u00f1os fr\u00edos a la esperanza de tener disponible una vacuna en los pr\u00f3ximos meses. \u201cTengo los dedos cruzados, pero<b>\u00a0decir que estoy 100% seguro de que vamos a recibir una vacuna este a\u00f1o, o de hecho el a\u00f1o que viene, es, por desgracia, una exageraci\u00f3n. Todav\u00eda no estamos ah\u00ed\u201d,<\/b>\u00a0dijo. La asesora del Gobierno brit\u00e1nico Kate Bingham tambi\u00e9n ha advertido de que no se puede \u201cser demasiado optimista\u201d.<\/p>\n<p class=\"font_tertiary paragraph\">Por su parte, la cient\u00edfica jefe de la Organizaci\u00f3n Mundial de la Salud (OMS), Soumya Swaminathan, se\u00f1al\u00f3 que la vacuna contra el COVID-19 podr\u00eda estar en el mercado a disposici\u00f3n de las autoridades sanitarias a mediados de 2021.<\/p>\n<p class=\"font_tertiary paragraph\">En una entrevista con\u00a0<i>DPA<\/i>, la experta mostr\u00f3 su esperanza de que al menos \u201cun par\u201d de las 20 candidatas a vacunas funcionen. \u201c<b>Ser\u00eda muy desafortunado si todos ellos fallan. Es posible tener resultados a principios de 2021. As\u00ed que a principios del a\u00f1o nuevo podr\u00edamos tener eventualmente una vacuna. Entonces tiene que ser fabricada y ampliada. As\u00ed que si somos muy pr\u00e1cticos, entonces estamos mirando a mediados de 2021 cuando tendremos una vacuna que pueda ser ampliamente desplegada<\/b>\u201d, coment\u00f3.<\/p>\n<p class=\"font_tertiary paragraph\">La investigadora tambi\u00e9n opin\u00f3 sobre los diferentes estudios que han mostrado que los niveles de anticuerpos parecen disminuir r\u00e1pidamente despu\u00e9s de la infecci\u00f3n. En este sentido, se\u00f1al\u00f3 que el hecho de que los anticuerpos neutralizantes desaparezcan \u201cno significa que la inmunidad haya desaparecido\u201d.<\/p>\n<p class=\"font_tertiary paragraph\"><i>(Con informaci\u00f3n de EFE y Reuters)<\/i><\/p>\n","protected":false},"excerpt":{"rendered":"<p>La f\u00f3rmula desarrollada por la Universidad de Oxford, junto al laboratorio AstraZeneca produjo una respuesta inmune en la etapa preliminar de ensayos cl\u00ednicos con m\u00e1s de mil voluntarios sanos. La fase tres ya se est\u00e1 realizando en Reino Unido, Brasil y Sud\u00e1frica.<\/p>\n","protected":false},"author":2,"featured_media":46078,"comment_status":"open","ping_status":"open","sticky":false,"template":"","format":"standard","meta":{"fifu_image_url":"","fifu_image_alt":"","footnotes":""},"categories":[8],"tags":[1426,1481,1566],"class_list":{"0":"post-46077","1":"post","2":"type-post","3":"status-publish","4":"format-standard","5":"has-post-thumbnail","7":"category-internacionales","8":"tag-coronavirus","9":"tag-covid-19","10":"tag-vacuna"},"yoast_head":"<title>El mundo est\u00e1 m\u00e1s cerca de la vacuna contra el COVID-19 - Informe Litoral<\/title>\n<meta name=\"robots\" content=\"index, follow, max-snippet:-1, max-image-preview:large, max-video-preview:-1\" \/>\n<link rel=\"canonical\" href=\"https:\/\/informelitoral.com.ar\/el-mundo-esta-mas-cerca-de-la-vacuna-contra-el-covid-19\/\" \/>\n<meta property=\"og:locale\" content=\"es_ES\" \/>\n<meta property=\"og:type\" content=\"article\" \/>\n<meta property=\"og:title\" content=\"El mundo est\u00e1 m\u00e1s cerca de la vacuna contra el COVID-19 - Informe Litoral\" \/>\n<meta property=\"og:description\" content=\"La f\u00f3rmula desarrollada por la Universidad de Oxford, junto al laboratorio AstraZeneca produjo una respuesta inmune en la etapa preliminar de ensayos cl\u00ednicos con m\u00e1s de mil voluntarios sanos. La fase tres ya se est\u00e1 realizando en Reino Unido, Brasil y Sud\u00e1frica.\" \/>\n<meta property=\"og:url\" content=\"https:\/\/informelitoral.com.ar\/el-mundo-esta-mas-cerca-de-la-vacuna-contra-el-covid-19\/\" \/>\n<meta property=\"og:site_name\" content=\"Informe Litoral\" \/>\n<meta property=\"article:publisher\" content=\"https:\/\/www.facebook.com\/informelitoral\/\" \/>\n<meta property=\"article:published_time\" content=\"2020-07-20T19:29:49+00:00\" \/>\n<meta property=\"og:image\" content=\"https:\/\/informelitoral.com.ar\/%77%70%2d%63%6f%6e%74%65%6e%74\/uploads\/2020\/07\/vacuna-covid-19-768x403-1.jpg\" \/>\n\t<meta property=\"og:image:width\" content=\"768\" \/>\n\t<meta property=\"og:image:height\" content=\"403\" \/>\n\t<meta property=\"og:image:type\" content=\"image\/jpeg\" \/>\n<meta name=\"author\" content=\"Gonzalo Schmidt\" \/>\n<meta name=\"twitter:card\" content=\"summary_large_image\" \/>\n<meta name=\"twitter:creator\" content=\"@InformeLitoral\" \/>\n<meta name=\"twitter:site\" content=\"@InformeLitoral\" \/>\n<meta name=\"twitter:label1\" content=\"Escrito por\" \/>\n\t<meta name=\"twitter:data1\" content=\"Gonzalo Schmidt\" \/>\n\t<meta name=\"twitter:label2\" content=\"Tiempo de lectura\" \/>\n\t<meta name=\"twitter:data2\" content=\"5 minutos\" \/>\n<script type=\"application\/ld+json\" class=\"yoast-schema-graph\">{\"@context\":\"https:\\\/\\\/schema.org\",\"@graph\":[{\"@type\":\"Article\",\"@id\":\"https:\\\/\\\/informelitoral.com.ar\\\/el-mundo-esta-mas-cerca-de-la-vacuna-contra-el-covid-19\\\/#article\",\"isPartOf\":{\"@id\":\"https:\\\/\\\/informelitoral.com.ar\\\/el-mundo-esta-mas-cerca-de-la-vacuna-contra-el-covid-19\\\/\"},\"author\":{\"name\":\"Gonzalo Schmidt\",\"@id\":\"https:\\\/\\\/informelitoral.com.ar\\\/#\\\/schema\\\/person\\\/b9d00407c836482871ef1d57bf8e3180\"},\"headline\":\"El mundo est\u00e1 m\u00e1s cerca de la vacuna contra el COVID-19\",\"datePublished\":\"2020-07-20T19:29:49+00:00\",\"mainEntityOfPage\":{\"@id\":\"https:\\\/\\\/informelitoral.com.ar\\\/el-mundo-esta-mas-cerca-de-la-vacuna-contra-el-covid-19\\\/\"},\"wordCount\":1062,\"commentCount\":0,\"publisher\":{\"@id\":\"https:\\\/\\\/informelitoral.com.ar\\\/#organization\"},\"image\":{\"@id\":\"https:\\\/\\\/informelitoral.com.ar\\\/el-mundo-esta-mas-cerca-de-la-vacuna-contra-el-covid-19\\\/#primaryimage\"},\"thumbnailUrl\":\"https:\\\/\\\/informelitoral.com.ar\\\/%77%70%2d%63%6f%6e%74%65%6e%74\\\/uploads\\\/2020\\\/07\\\/vacuna-covid-19-768x403-1.jpg\",\"keywords\":[\"Coronavirus\",\"COVID-19\",\"vacuna\"],\"articleSection\":[\"Internacionales\"],\"inLanguage\":\"es\",\"potentialAction\":[{\"@type\":\"CommentAction\",\"name\":\"Comment\",\"target\":[\"https:\\\/\\\/informelitoral.com.ar\\\/el-mundo-esta-mas-cerca-de-la-vacuna-contra-el-covid-19\\\/#respond\"]}]},{\"@type\":\"WebPage\",\"@id\":\"https:\\\/\\\/informelitoral.com.ar\\\/el-mundo-esta-mas-cerca-de-la-vacuna-contra-el-covid-19\\\/\",\"url\":\"https:\\\/\\\/informelitoral.com.ar\\\/el-mundo-esta-mas-cerca-de-la-vacuna-contra-el-covid-19\\\/\",\"name\":\"El mundo est\u00e1 m\u00e1s cerca de la vacuna contra el COVID-19 - Informe Litoral\",\"isPartOf\":{\"@id\":\"https:\\\/\\\/informelitoral.com.ar\\\/#website\"},\"primaryImageOfPage\":{\"@id\":\"https:\\\/\\\/informelitoral.com.ar\\\/el-mundo-esta-mas-cerca-de-la-vacuna-contra-el-covid-19\\\/#primaryimage\"},\"image\":{\"@id\":\"https:\\\/\\\/informelitoral.com.ar\\\/el-mundo-esta-mas-cerca-de-la-vacuna-contra-el-covid-19\\\/#primaryimage\"},\"thumbnailUrl\":\"https:\\\/\\\/informelitoral.com.ar\\\/%77%70%2d%63%6f%6e%74%65%6e%74\\\/uploads\\\/2020\\\/07\\\/vacuna-covid-19-768x403-1.jpg\",\"datePublished\":\"2020-07-20T19:29:49+00:00\",\"breadcrumb\":{\"@id\":\"https:\\\/\\\/informelitoral.com.ar\\\/el-mundo-esta-mas-cerca-de-la-vacuna-contra-el-covid-19\\\/#breadcrumb\"},\"inLanguage\":\"es\",\"potentialAction\":[{\"@type\":\"ReadAction\",\"target\":[\"https:\\\/\\\/informelitoral.com.ar\\\/el-mundo-esta-mas-cerca-de-la-vacuna-contra-el-covid-19\\\/\"]}]},{\"@type\":\"ImageObject\",\"inLanguage\":\"es\",\"@id\":\"https:\\\/\\\/informelitoral.com.ar\\\/el-mundo-esta-mas-cerca-de-la-vacuna-contra-el-covid-19\\\/#primaryimage\",\"url\":\"https:\\\/\\\/informelitoral.com.ar\\\/%77%70%2d%63%6f%6e%74%65%6e%74\\\/uploads\\\/2020\\\/07\\\/vacuna-covid-19-768x403-1.jpg\",\"contentUrl\":\"https:\\\/\\\/informelitoral.com.ar\\\/%77%70%2d%63%6f%6e%74%65%6e%74\\\/uploads\\\/2020\\\/07\\\/vacuna-covid-19-768x403-1.jpg\",\"width\":768,\"height\":403},{\"@type\":\"BreadcrumbList\",\"@id\":\"https:\\\/\\\/informelitoral.com.ar\\\/el-mundo-esta-mas-cerca-de-la-vacuna-contra-el-covid-19\\\/#breadcrumb\",\"itemListElement\":[{\"@type\":\"ListItem\",\"position\":1,\"name\":\"Portada\",\"item\":\"https:\\\/\\\/informelitoral.com.ar\\\/\"},{\"@type\":\"ListItem\",\"position\":2,\"name\":\"El mundo est\u00e1 m\u00e1s cerca de la vacuna contra el COVID-19\"}]},{\"@type\":\"WebSite\",\"@id\":\"https:\\\/\\\/informelitoral.com.ar\\\/#website\",\"url\":\"https:\\\/\\\/informelitoral.com.ar\\\/\",\"name\":\"Informe Litoral\",\"description\":\"&quot;Nos informamos&quot; \",\"publisher\":{\"@id\":\"https:\\\/\\\/informelitoral.com.ar\\\/#organization\"},\"potentialAction\":[{\"@type\":\"SearchAction\",\"target\":{\"@type\":\"EntryPoint\",\"urlTemplate\":\"https:\\\/\\\/informelitoral.com.ar\\\/?s={search_term_string}\"},\"query-input\":{\"@type\":\"PropertyValueSpecification\",\"valueRequired\":true,\"valueName\":\"search_term_string\"}}],\"inLanguage\":\"es\"},{\"@type\":\"Organization\",\"@id\":\"https:\\\/\\\/informelitoral.com.ar\\\/#organization\",\"name\":\"Informe Litoral\",\"url\":\"https:\\\/\\\/informelitoral.com.ar\\\/\",\"logo\":{\"@type\":\"ImageObject\",\"inLanguage\":\"es\",\"@id\":\"https:\\\/\\\/informelitoral.com.ar\\\/#\\\/schema\\\/logo\\\/image\\\/\",\"url\":\"https:\\\/\\\/informelitoral.com.ar\\\/%77%70%2d%63%6f%6e%74%65%6e%74\\\/uploads\\\/2021\\\/01\\\/circulo.png\",\"contentUrl\":\"https:\\\/\\\/informelitoral.com.ar\\\/%77%70%2d%63%6f%6e%74%65%6e%74\\\/uploads\\\/2021\\\/01\\\/circulo.png\",\"width\":723,\"height\":731,\"caption\":\"Informe Litoral\"},\"image\":{\"@id\":\"https:\\\/\\\/informelitoral.com.ar\\\/#\\\/schema\\\/logo\\\/image\\\/\"},\"sameAs\":[\"https:\\\/\\\/www.facebook.com\\\/informelitoral\\\/\",\"https:\\\/\\\/x.com\\\/InformeLitoral\",\"https:\\\/\\\/www.instagram.com\\\/informelitoral\\\/\",\"https:\\\/\\\/www.youtube.com\\\/channel\\\/UCua4Qvz8Icb6MYqhoq9xLXw\"]},{\"@type\":\"Person\",\"@id\":\"https:\\\/\\\/informelitoral.com.ar\\\/#\\\/schema\\\/person\\\/b9d00407c836482871ef1d57bf8e3180\",\"name\":\"Gonzalo Schmidt\",\"image\":{\"@type\":\"ImageObject\",\"inLanguage\":\"es\",\"@id\":\"https:\\\/\\\/secure.gravatar.com\\\/avatar\\\/31a1a7b66ff2de83bd0e9fd79d026630d2d99e55e8bfe501287647b4fd9743de?s=96&d=mm&r=g\",\"url\":\"https:\\\/\\\/secure.gravatar.com\\\/avatar\\\/31a1a7b66ff2de83bd0e9fd79d026630d2d99e55e8bfe501287647b4fd9743de?s=96&d=mm&r=g\",\"contentUrl\":\"https:\\\/\\\/secure.gravatar.com\\\/avatar\\\/31a1a7b66ff2de83bd0e9fd79d026630d2d99e55e8bfe501287647b4fd9743de?s=96&d=mm&r=g\",\"caption\":\"Gonzalo Schmidt\"},\"description\":\"Sitio web de noticias de la provincia de Entre R\u00edos, Argentina. Informaci\u00f3n y entretenimiento. Informe Litoral, nos informamos.\",\"sameAs\":[\"http:\\\/\\\/www.isletasnoticias.com.ar\"],\"url\":\"https:\\\/\\\/informelitoral.com.ar\\\/author\\\/gonzalo\\\/\"}]}<\/script>","yoast_head_json":{"title":"El mundo est\u00e1 m\u00e1s cerca de la vacuna contra el COVID-19 - Informe Litoral","robots":{"index":"index","follow":"follow","max-snippet":"max-snippet:-1","max-image-preview":"max-image-preview:large","max-video-preview":"max-video-preview:-1"},"canonical":"https:\/\/informelitoral.com.ar\/el-mundo-esta-mas-cerca-de-la-vacuna-contra-el-covid-19\/","og_locale":"es_ES","og_type":"article","og_title":"El mundo est\u00e1 m\u00e1s cerca de la vacuna contra el COVID-19 - Informe Litoral","og_description":"La f\u00f3rmula desarrollada por la Universidad de Oxford, junto al laboratorio AstraZeneca produjo una respuesta inmune en la etapa preliminar de ensayos cl\u00ednicos con m\u00e1s de mil voluntarios sanos. La fase tres ya se est\u00e1 realizando en Reino Unido, Brasil y Sud\u00e1frica.","og_url":"https:\/\/informelitoral.com.ar\/el-mundo-esta-mas-cerca-de-la-vacuna-contra-el-covid-19\/","og_site_name":"Informe Litoral","article_publisher":"https:\/\/www.facebook.com\/informelitoral\/","article_published_time":"2020-07-20T19:29:49+00:00","og_image":[{"width":768,"height":403,"url":"https:\/\/informelitoral.com.ar\/%77%70%2d%63%6f%6e%74%65%6e%74\/uploads\/2020\/07\/vacuna-covid-19-768x403-1.jpg","type":"image\/jpeg"}],"author":"Gonzalo Schmidt","twitter_card":"summary_large_image","twitter_creator":"@InformeLitoral","twitter_site":"@InformeLitoral","twitter_misc":{"Escrito por":"Gonzalo Schmidt","Tiempo de lectura":"5 minutos"},"schema":{"@context":"https:\/\/schema.org","@graph":[{"@type":"Article","@id":"https:\/\/informelitoral.com.ar\/el-mundo-esta-mas-cerca-de-la-vacuna-contra-el-covid-19\/#article","isPartOf":{"@id":"https:\/\/informelitoral.com.ar\/el-mundo-esta-mas-cerca-de-la-vacuna-contra-el-covid-19\/"},"author":{"name":"Gonzalo Schmidt","@id":"https:\/\/informelitoral.com.ar\/#\/schema\/person\/b9d00407c836482871ef1d57bf8e3180"},"headline":"El mundo est\u00e1 m\u00e1s cerca de la vacuna contra el COVID-19","datePublished":"2020-07-20T19:29:49+00:00","mainEntityOfPage":{"@id":"https:\/\/informelitoral.com.ar\/el-mundo-esta-mas-cerca-de-la-vacuna-contra-el-covid-19\/"},"wordCount":1062,"commentCount":0,"publisher":{"@id":"https:\/\/informelitoral.com.ar\/#organization"},"image":{"@id":"https:\/\/informelitoral.com.ar\/el-mundo-esta-mas-cerca-de-la-vacuna-contra-el-covid-19\/#primaryimage"},"thumbnailUrl":"https:\/\/informelitoral.com.ar\/%77%70%2d%63%6f%6e%74%65%6e%74\/uploads\/2020\/07\/vacuna-covid-19-768x403-1.jpg","keywords":["Coronavirus","COVID-19","vacuna"],"articleSection":["Internacionales"],"inLanguage":"es","potentialAction":[{"@type":"CommentAction","name":"Comment","target":["https:\/\/informelitoral.com.ar\/el-mundo-esta-mas-cerca-de-la-vacuna-contra-el-covid-19\/#respond"]}]},{"@type":"WebPage","@id":"https:\/\/informelitoral.com.ar\/el-mundo-esta-mas-cerca-de-la-vacuna-contra-el-covid-19\/","url":"https:\/\/informelitoral.com.ar\/el-mundo-esta-mas-cerca-de-la-vacuna-contra-el-covid-19\/","name":"El mundo est\u00e1 m\u00e1s cerca de la vacuna contra el COVID-19 - Informe Litoral","isPartOf":{"@id":"https:\/\/informelitoral.com.ar\/#website"},"primaryImageOfPage":{"@id":"https:\/\/informelitoral.com.ar\/el-mundo-esta-mas-cerca-de-la-vacuna-contra-el-covid-19\/#primaryimage"},"image":{"@id":"https:\/\/informelitoral.com.ar\/el-mundo-esta-mas-cerca-de-la-vacuna-contra-el-covid-19\/#primaryimage"},"thumbnailUrl":"https:\/\/informelitoral.com.ar\/%77%70%2d%63%6f%6e%74%65%6e%74\/uploads\/2020\/07\/vacuna-covid-19-768x403-1.jpg","datePublished":"2020-07-20T19:29:49+00:00","breadcrumb":{"@id":"https:\/\/informelitoral.com.ar\/el-mundo-esta-mas-cerca-de-la-vacuna-contra-el-covid-19\/#breadcrumb"},"inLanguage":"es","potentialAction":[{"@type":"ReadAction","target":["https:\/\/informelitoral.com.ar\/el-mundo-esta-mas-cerca-de-la-vacuna-contra-el-covid-19\/"]}]},{"@type":"ImageObject","inLanguage":"es","@id":"https:\/\/informelitoral.com.ar\/el-mundo-esta-mas-cerca-de-la-vacuna-contra-el-covid-19\/#primaryimage","url":"https:\/\/informelitoral.com.ar\/%77%70%2d%63%6f%6e%74%65%6e%74\/uploads\/2020\/07\/vacuna-covid-19-768x403-1.jpg","contentUrl":"https:\/\/informelitoral.com.ar\/%77%70%2d%63%6f%6e%74%65%6e%74\/uploads\/2020\/07\/vacuna-covid-19-768x403-1.jpg","width":768,"height":403},{"@type":"BreadcrumbList","@id":"https:\/\/informelitoral.com.ar\/el-mundo-esta-mas-cerca-de-la-vacuna-contra-el-covid-19\/#breadcrumb","itemListElement":[{"@type":"ListItem","position":1,"name":"Portada","item":"https:\/\/informelitoral.com.ar\/"},{"@type":"ListItem","position":2,"name":"El mundo est\u00e1 m\u00e1s cerca de la vacuna contra el COVID-19"}]},{"@type":"WebSite","@id":"https:\/\/informelitoral.com.ar\/#website","url":"https:\/\/informelitoral.com.ar\/","name":"Informe Litoral","description":"&quot;Nos informamos&quot; ","publisher":{"@id":"https:\/\/informelitoral.com.ar\/#organization"},"potentialAction":[{"@type":"SearchAction","target":{"@type":"EntryPoint","urlTemplate":"https:\/\/informelitoral.com.ar\/?s={search_term_string}"},"query-input":{"@type":"PropertyValueSpecification","valueRequired":true,"valueName":"search_term_string"}}],"inLanguage":"es"},{"@type":"Organization","@id":"https:\/\/informelitoral.com.ar\/#organization","name":"Informe Litoral","url":"https:\/\/informelitoral.com.ar\/","logo":{"@type":"ImageObject","inLanguage":"es","@id":"https:\/\/informelitoral.com.ar\/#\/schema\/logo\/image\/","url":"https:\/\/informelitoral.com.ar\/%77%70%2d%63%6f%6e%74%65%6e%74\/uploads\/2021\/01\/circulo.png","contentUrl":"https:\/\/informelitoral.com.ar\/%77%70%2d%63%6f%6e%74%65%6e%74\/uploads\/2021\/01\/circulo.png","width":723,"height":731,"caption":"Informe Litoral"},"image":{"@id":"https:\/\/informelitoral.com.ar\/#\/schema\/logo\/image\/"},"sameAs":["https:\/\/www.facebook.com\/informelitoral\/","https:\/\/x.com\/InformeLitoral","https:\/\/www.instagram.com\/informelitoral\/","https:\/\/www.youtube.com\/channel\/UCua4Qvz8Icb6MYqhoq9xLXw"]},{"@type":"Person","@id":"https:\/\/informelitoral.com.ar\/#\/schema\/person\/b9d00407c836482871ef1d57bf8e3180","name":"Gonzalo Schmidt","image":{"@type":"ImageObject","inLanguage":"es","@id":"https:\/\/secure.gravatar.com\/avatar\/31a1a7b66ff2de83bd0e9fd79d026630d2d99e55e8bfe501287647b4fd9743de?s=96&d=mm&r=g","url":"https:\/\/secure.gravatar.com\/avatar\/31a1a7b66ff2de83bd0e9fd79d026630d2d99e55e8bfe501287647b4fd9743de?s=96&d=mm&r=g","contentUrl":"https:\/\/secure.gravatar.com\/avatar\/31a1a7b66ff2de83bd0e9fd79d026630d2d99e55e8bfe501287647b4fd9743de?s=96&d=mm&r=g","caption":"Gonzalo Schmidt"},"description":"Sitio web de noticias de la provincia de Entre R\u00edos, Argentina. Informaci\u00f3n y entretenimiento. Informe Litoral, nos informamos.","sameAs":["http:\/\/www.isletasnoticias.com.ar"],"url":"https:\/\/informelitoral.com.ar\/author\/gonzalo\/"}]}},"_links":{"self":[{"href":"https:\/\/informelitoral.com.ar\/%77%70%2d%6a%73%6f%6e\/wp\/v2\/posts\/46077","targetHints":{"allow":["GET"]}}],"collection":[{"href":"https:\/\/informelitoral.com.ar\/%77%70%2d%6a%73%6f%6e\/wp\/v2\/posts"}],"about":[{"href":"https:\/\/informelitoral.com.ar\/%77%70%2d%6a%73%6f%6e\/wp\/v2\/types\/post"}],"author":[{"embeddable":true,"href":"https:\/\/informelitoral.com.ar\/%77%70%2d%6a%73%6f%6e\/wp\/v2\/users\/2"}],"replies":[{"embeddable":true,"href":"https:\/\/informelitoral.com.ar\/%77%70%2d%6a%73%6f%6e\/wp\/v2\/comments?post=46077"}],"version-history":[{"count":0,"href":"https:\/\/informelitoral.com.ar\/%77%70%2d%6a%73%6f%6e\/wp\/v2\/posts\/46077\/revisions"}],"wp:featuredmedia":[{"embeddable":true,"href":"https:\/\/informelitoral.com.ar\/%77%70%2d%6a%73%6f%6e\/wp\/v2\/media\/46078"}],"wp:attachment":[{"href":"https:\/\/informelitoral.com.ar\/%77%70%2d%6a%73%6f%6e\/wp\/v2\/media?parent=46077"}],"wp:term":[{"taxonomy":"category","embeddable":true,"href":"https:\/\/informelitoral.com.ar\/%77%70%2d%6a%73%6f%6e\/wp\/v2\/categories?post=46077"},{"taxonomy":"post_tag","embeddable":true,"href":"https:\/\/informelitoral.com.ar\/%77%70%2d%6a%73%6f%6e\/wp\/v2\/tags?post=46077"}],"curies":[{"name":"wp","href":"https:\/\/api.w.org\/{rel}","templated":true}]}}