{"id":4606,"date":"2013-12-10T00:34:03","date_gmt":"2013-12-10T03:34:03","guid":{"rendered":"http:\/\/www.isletasnoticias.com.ar\/?p=4606"},"modified":"2013-12-10T00:35:48","modified_gmt":"2013-12-10T03:35:48","slug":"finalmente-se-llego-a-un-acuerdo-y-los-policias-acuartelados-en-concordia-vuelven-a-prestar-servicios","status":"publish","type":"post","link":"https:\/\/informelitoral.com.ar\/finalmente-se-llego-a-un-acuerdo-y-los-policias-acuartelados-en-concordia-vuelven-a-prestar-servicios\/","title":{"rendered":"Finalmente se lleg\u00f3 a un acuerdo y los polic\u00edas acuartelados en Concordia vuelven a prestar servicios"},"content":{"rendered":"<p><strong>Luego de marchas y contramarchas, el gobierno y los representantes de los uniformados llegaron a un acuerdo en la negociaci\u00f3n. El gobierno reformul\u00f3 la oferta inicial de un sueldo inicial de bolsillo de 8.434 pesos para el agente policial sin antig\u00fcedad, incrementando 300 pesos el monto asignado al b\u00e1sico.<\/strong><\/p>\n<p><img loading=\"lazy\" decoding=\"async\" class=\"size-medium wp-image-4608 aligncenter\" alt=\"policiaaa\" src=\"http:\/\/www.isletasnoticias.com.ar\/%77%70%2d%63%6f%6e%74%65%6e%74\/uploads\/2013\/12\/policiaaa-300x225.jpg\" width=\"300\" height=\"225\" srcset=\"https:\/\/informelitoral.com.ar\/%77%70%2d%63%6f%6e%74%65%6e%74\/uploads\/2013\/12\/policiaaa-300x225.jpg 300w, https:\/\/informelitoral.com.ar\/%77%70%2d%63%6f%6e%74%65%6e%74\/uploads\/2013\/12\/policiaaa.jpg 432w\" sizes=\"auto, (max-width: 300px) 100vw, 300px\" \/><\/p>\n<p style=\"text-align: left;\">El gobernador <strong>Sergio Urribarri<\/strong> y los representantes de los polic\u00edas insubordinados firmaron un acta acuerdo este lunes por la noche en\u00a0Concordia y, pasadas las 23, los uniformados se aprestaban a volver a prestar servicios.<\/p>\n<p style=\"text-align: left;\">El acuerdo lleg\u00f3 luego de una intensa negociaci\u00f3n y despu\u00e9s de que el gobierno accediera a reformular la propuesta atendiendo la petici\u00f3n de incrementar el monto asignado al sueldo b\u00e1sico, en 300 pesos. El gobernador destac\u00f3 la intervenci\u00f3n que tuvo en el conflicto el obispo de Concordia, <strong>Luis Collazuol<\/strong>.<\/p>\n<p>La mayor\u00eda de los polic\u00edas autoacuartelados en Concordia hab\u00edan aceptado este lunes a la noche la propuesta salarial del gobernador Urribarri y anunciaron que levantar\u00edan la medida de fuerza una vez que se firmara el acta en el que el mandatario se compromet\u00eda a no aplicar sanciones a los manifestantes. Sin embargo, poco despu\u00e9s aseguraron ante las c\u00e1maras de televisi\u00f3n que hubo un \u00abmalentendido\u00bb y que continuaban con la protesta.<\/p>\n<p style=\"text-align: left;\">Los manifestantes pidieron la presencia del gobernador en el lugar donde se realiza el acuartelamiento, en la Jefatura Departamental de Polic\u00eda, frente a la plaza 25 de Mayo. Incluso uno de ellos asegur\u00f3 que se encadenar\u00edan en el lugar. Adem\u00e1s, solicitaron que todo el aumento ofrecido vaya al sueldo b\u00e1sico.<\/p>\n<p>Luego continuaron las negociaciones en el hotel Ayu\u00ed, ubicado en el lago Salto Grande, hasta que finalmente se arrib\u00f3 a la firma del acta acuerdo.<\/p>\n<p>\u00abSe modifica el \u00e1asico pero el resultado final\u00a0tiene que ser el mismo\u00bb, dijo Urribarri apenas firmada el acta en declaraciones a radio Alquimia de Concordia. Precis\u00f3 que se asign\u00f3 300 pesos m\u00e1s al b\u00e1sico con especto a la oferta inicial.<\/p>\n<p style=\"text-align: left;\"><strong>La propuesta inicial<\/strong><\/p>\n<p style=\"text-align: left;\">El Poder Ejecutivo provincial oficializ\u00f3 este lunes por la tarde la propuesta salarial para las fuerzas de seguridad entrerrianas. Qued\u00f3 as\u00ed establecido un sueldo inicial de bolsillo de 8.434 pesos para el agente policial sin antig\u00fcedad.<\/p>\n<p style=\"text-align: left;\">El gobierno inform\u00f3 que tal cual se hab\u00eda anticipado en los \u00faltimos d\u00edas, la nueva escala se ven\u00eda analizando en distintas \u00e1reas del Gobierno de Entre R\u00edos. El resultado de adecuaci\u00f3n de los c\u00f3digos de seguridad y la pol\u00edtica de adicionales de la fuerza representa una importante mejora en los ingresos de la totalidad del personal policial, se indic\u00f3.<\/p>\n<p>Esto implica un salario de bolsillo de 8.434 pesos para el agente policial que inicia su carrera en la fuerza. Como referencia se destac\u00f3 tambi\u00e9n que se estableci\u00f3 un sueldo neto de 10.174 pesos para un sargento ayudante; de 11.257 pesos para un suboficial mayor; de 12.601 para un comisario y un ingreso de 14.933 para un comisario inspector.<\/p>\n<p style=\"text-align: left;\">Los incrementos salariales dispuestos por el gobierno provincial \u2013abarcan a la totalidad del escalaf\u00f3n policial\u2013 son de instrumentaci\u00f3n autom\u00e1tica y constituyen una adecuaci\u00f3n del valor asignado a los adicionales espec\u00edficos del personal de la Polic\u00eda de la Provincia.<\/p>\n<p style=\"text-align: left;\">\u00abEstamos ratificando la decisi\u00f3n adoptada por el Gobernador la pasada semana\u00bb se\u00f1al\u00f3 el ministro de Gobierno, <strong>Ad\u00e1n Bahl<\/strong>, y agreg\u00f3 que \u00abes un aumento que conjuga un manejo responsable de los recursos fiscales y a su vez una correcta valorizaci\u00f3n del servicio prestado por los polic\u00edas y que representa un fuerte y justo incremento en sus remuneraciones\u00bb.<\/p>\n<p>Por \u00faltimo, el ministro expres\u00f3 que, \u00aben oportunidad de analizarse la nueva pauta salarial para el ejercicio 2014, estos valores constituir\u00e1n la base de partida, y debe justipreciarse correctamente el enorme esfuerzo presupuestario que asumir\u00e1 el conjunto de los entrerrianos\u00bb, inidic\u00f3 <em>UNO.<\/em><\/p>\n","protected":false},"excerpt":{"rendered":"<p>Luego de marchas y contramarchas, el gobierno y los representantes de los uniformados llegaron a un acuerdo en la negociaci&oacute;n. El gobierno reformul&oacute; la oferta inicial de un sueldo inicial de bolsillo de 8.434 pesos para el agente policial sin antig&uuml;edad, incrementando 300 pesos el monto asignado al b&aacute;sico. El gobernador Sergio Urribarri y los [&hellip;]<\/p>\n","protected":false},"author":2,"featured_media":0,"comment_status":"open","ping_status":"open","sticky":false,"template":"","format":"standard","meta":{"fifu_image_url":"","fifu_image_alt":"","footnotes":""},"categories":[6,14],"tags":[],"class_list":{"0":"post-4606","1":"post","2":"type-post","3":"status-publish","4":"format-standard","6":"category-entre-rios","7":"category-policiales"},"yoast_head":"<title>Finalmente se lleg\u00f3 a un acuerdo y los polic\u00edas acuartelados en Concordia vuelven a prestar servicios - Informe Litoral<\/title>\n<meta name=\"robots\" content=\"index, follow, max-snippet:-1, max-image-preview:large, max-video-preview:-1\" \/>\n<link rel=\"canonical\" href=\"https:\/\/informelitoral.com.ar\/finalmente-se-llego-a-un-acuerdo-y-los-policias-acuartelados-en-concordia-vuelven-a-prestar-servicios\/\" \/>\n<meta property=\"og:locale\" content=\"es_ES\" \/>\n<meta property=\"og:type\" content=\"article\" \/>\n<meta property=\"og:title\" content=\"Finalmente se lleg\u00f3 a un acuerdo y los polic\u00edas acuartelados en Concordia vuelven a prestar servicios - Informe Litoral\" \/>\n<meta property=\"og:description\" content=\"Luego de marchas y contramarchas, el gobierno y los representantes de los uniformados llegaron a un acuerdo en la negociaci&oacute;n. El gobierno reformul&oacute; la oferta inicial de un sueldo inicial de bolsillo de 8.434 pesos para el agente policial sin antig&uuml;edad, incrementando 300 pesos el monto asignado al b&aacute;sico. El gobernador Sergio Urribarri y los [&hellip;]\" \/>\n<meta property=\"og:url\" content=\"https:\/\/informelitoral.com.ar\/finalmente-se-llego-a-un-acuerdo-y-los-policias-acuartelados-en-concordia-vuelven-a-prestar-servicios\/\" \/>\n<meta property=\"og:site_name\" content=\"Informe Litoral\" \/>\n<meta property=\"article:publisher\" content=\"https:\/\/www.facebook.com\/informelitoral\/\" \/>\n<meta property=\"article:published_time\" content=\"2013-12-10T03:34:03+00:00\" \/>\n<meta property=\"article:modified_time\" content=\"2013-12-10T03:35:48+00:00\" \/>\n<meta property=\"og:image\" content=\"https:\/\/informelitoral.com.ar\/%77%70%2d%63%6f%6e%74%65%6e%74\/uploads\/2013\/12\/policiaaa.jpg\" \/>\n\t<meta property=\"og:image:width\" content=\"432\" \/>\n\t<meta property=\"og:image:height\" content=\"324\" \/>\n\t<meta property=\"og:image:type\" content=\"image\/jpeg\" \/>\n<meta name=\"author\" content=\"Gonzalo Schmidt\" \/>\n<meta name=\"twitter:card\" content=\"summary_large_image\" \/>\n<meta name=\"twitter:creator\" content=\"@InformeLitoral\" \/>\n<meta name=\"twitter:site\" content=\"@InformeLitoral\" \/>\n<meta name=\"twitter:label1\" content=\"Escrito por\" \/>\n\t<meta name=\"twitter:data1\" content=\"Gonzalo Schmidt\" \/>\n\t<meta name=\"twitter:label2\" content=\"Tiempo de lectura\" \/>\n\t<meta name=\"twitter:data2\" content=\"3 minutos\" \/>\n<script type=\"application\/ld+json\" class=\"yoast-schema-graph\">{\"@context\":\"https:\\\/\\\/schema.org\",\"@graph\":[{\"@type\":\"Article\",\"@id\":\"https:\\\/\\\/informelitoral.com.ar\\\/finalmente-se-llego-a-un-acuerdo-y-los-policias-acuartelados-en-concordia-vuelven-a-prestar-servicios\\\/#article\",\"isPartOf\":{\"@id\":\"https:\\\/\\\/informelitoral.com.ar\\\/finalmente-se-llego-a-un-acuerdo-y-los-policias-acuartelados-en-concordia-vuelven-a-prestar-servicios\\\/\"},\"author\":{\"name\":\"Gonzalo Schmidt\",\"@id\":\"https:\\\/\\\/informelitoral.com.ar\\\/#\\\/schema\\\/person\\\/b9d00407c836482871ef1d57bf8e3180\"},\"headline\":\"Finalmente se lleg\u00f3 a un acuerdo y los polic\u00edas acuartelados en Concordia vuelven a prestar servicios\",\"datePublished\":\"2013-12-10T03:34:03+00:00\",\"dateModified\":\"2013-12-10T03:35:48+00:00\",\"mainEntityOfPage\":{\"@id\":\"https:\\\/\\\/informelitoral.com.ar\\\/finalmente-se-llego-a-un-acuerdo-y-los-policias-acuartelados-en-concordia-vuelven-a-prestar-servicios\\\/\"},\"wordCount\":661,\"commentCount\":0,\"publisher\":{\"@id\":\"https:\\\/\\\/informelitoral.com.ar\\\/#organization\"},\"image\":{\"@id\":\"https:\\\/\\\/informelitoral.com.ar\\\/finalmente-se-llego-a-un-acuerdo-y-los-policias-acuartelados-en-concordia-vuelven-a-prestar-servicios\\\/#primaryimage\"},\"thumbnailUrl\":\"http:\\\/\\\/www.isletasnoticias.com.ar\\\/%77%70%2d%63%6f%6e%74%65%6e%74\\\/uploads\\\/2013\\\/12\\\/policiaaa-300x225.jpg\",\"articleSection\":[\"Entre R\u00edos\",\"Policiales\"],\"inLanguage\":\"es\",\"potentialAction\":[{\"@type\":\"CommentAction\",\"name\":\"Comment\",\"target\":[\"https:\\\/\\\/informelitoral.com.ar\\\/finalmente-se-llego-a-un-acuerdo-y-los-policias-acuartelados-en-concordia-vuelven-a-prestar-servicios\\\/#respond\"]}]},{\"@type\":\"WebPage\",\"@id\":\"https:\\\/\\\/informelitoral.com.ar\\\/finalmente-se-llego-a-un-acuerdo-y-los-policias-acuartelados-en-concordia-vuelven-a-prestar-servicios\\\/\",\"url\":\"https:\\\/\\\/informelitoral.com.ar\\\/finalmente-se-llego-a-un-acuerdo-y-los-policias-acuartelados-en-concordia-vuelven-a-prestar-servicios\\\/\",\"name\":\"Finalmente se lleg\u00f3 a un acuerdo y los polic\u00edas acuartelados en Concordia vuelven a prestar servicios - Informe Litoral\",\"isPartOf\":{\"@id\":\"https:\\\/\\\/informelitoral.com.ar\\\/#website\"},\"primaryImageOfPage\":{\"@id\":\"https:\\\/\\\/informelitoral.com.ar\\\/finalmente-se-llego-a-un-acuerdo-y-los-policias-acuartelados-en-concordia-vuelven-a-prestar-servicios\\\/#primaryimage\"},\"image\":{\"@id\":\"https:\\\/\\\/informelitoral.com.ar\\\/finalmente-se-llego-a-un-acuerdo-y-los-policias-acuartelados-en-concordia-vuelven-a-prestar-servicios\\\/#primaryimage\"},\"thumbnailUrl\":\"http:\\\/\\\/www.isletasnoticias.com.ar\\\/%77%70%2d%63%6f%6e%74%65%6e%74\\\/uploads\\\/2013\\\/12\\\/policiaaa-300x225.jpg\",\"datePublished\":\"2013-12-10T03:34:03+00:00\",\"dateModified\":\"2013-12-10T03:35:48+00:00\",\"breadcrumb\":{\"@id\":\"https:\\\/\\\/informelitoral.com.ar\\\/finalmente-se-llego-a-un-acuerdo-y-los-policias-acuartelados-en-concordia-vuelven-a-prestar-servicios\\\/#breadcrumb\"},\"inLanguage\":\"es\",\"potentialAction\":[{\"@type\":\"ReadAction\",\"target\":[\"https:\\\/\\\/informelitoral.com.ar\\\/finalmente-se-llego-a-un-acuerdo-y-los-policias-acuartelados-en-concordia-vuelven-a-prestar-servicios\\\/\"]}]},{\"@type\":\"ImageObject\",\"inLanguage\":\"es\",\"@id\":\"https:\\\/\\\/informelitoral.com.ar\\\/finalmente-se-llego-a-un-acuerdo-y-los-policias-acuartelados-en-concordia-vuelven-a-prestar-servicios\\\/#primaryimage\",\"url\":\"http:\\\/\\\/www.isletasnoticias.com.ar\\\/%77%70%2d%63%6f%6e%74%65%6e%74\\\/uploads\\\/2013\\\/12\\\/policiaaa-300x225.jpg\",\"contentUrl\":\"http:\\\/\\\/www.isletasnoticias.com.ar\\\/%77%70%2d%63%6f%6e%74%65%6e%74\\\/uploads\\\/2013\\\/12\\\/policiaaa-300x225.jpg\"},{\"@type\":\"BreadcrumbList\",\"@id\":\"https:\\\/\\\/informelitoral.com.ar\\\/finalmente-se-llego-a-un-acuerdo-y-los-policias-acuartelados-en-concordia-vuelven-a-prestar-servicios\\\/#breadcrumb\",\"itemListElement\":[{\"@type\":\"ListItem\",\"position\":1,\"name\":\"Portada\",\"item\":\"https:\\\/\\\/informelitoral.com.ar\\\/\"},{\"@type\":\"ListItem\",\"position\":2,\"name\":\"Finalmente se lleg\u00f3 a un acuerdo y los polic\u00edas acuartelados en Concordia vuelven a prestar servicios\"}]},{\"@type\":\"WebSite\",\"@id\":\"https:\\\/\\\/informelitoral.com.ar\\\/#website\",\"url\":\"https:\\\/\\\/informelitoral.com.ar\\\/\",\"name\":\"Informe Litoral\",\"description\":\"&quot;Nos informamos&quot; \",\"publisher\":{\"@id\":\"https:\\\/\\\/informelitoral.com.ar\\\/#organization\"},\"potentialAction\":[{\"@type\":\"SearchAction\",\"target\":{\"@type\":\"EntryPoint\",\"urlTemplate\":\"https:\\\/\\\/informelitoral.com.ar\\\/?s={search_term_string}\"},\"query-input\":{\"@type\":\"PropertyValueSpecification\",\"valueRequired\":true,\"valueName\":\"search_term_string\"}}],\"inLanguage\":\"es\"},{\"@type\":\"Organization\",\"@id\":\"https:\\\/\\\/informelitoral.com.ar\\\/#organization\",\"name\":\"Informe Litoral\",\"url\":\"https:\\\/\\\/informelitoral.com.ar\\\/\",\"logo\":{\"@type\":\"ImageObject\",\"inLanguage\":\"es\",\"@id\":\"https:\\\/\\\/informelitoral.com.ar\\\/#\\\/schema\\\/logo\\\/image\\\/\",\"url\":\"https:\\\/\\\/informelitoral.com.ar\\\/%77%70%2d%63%6f%6e%74%65%6e%74\\\/uploads\\\/2021\\\/01\\\/circulo.png\",\"contentUrl\":\"https:\\\/\\\/informelitoral.com.ar\\\/%77%70%2d%63%6f%6e%74%65%6e%74\\\/uploads\\\/2021\\\/01\\\/circulo.png\",\"width\":723,\"height\":731,\"caption\":\"Informe Litoral\"},\"image\":{\"@id\":\"https:\\\/\\\/informelitoral.com.ar\\\/#\\\/schema\\\/logo\\\/image\\\/\"},\"sameAs\":[\"https:\\\/\\\/www.facebook.com\\\/informelitoral\\\/\",\"https:\\\/\\\/x.com\\\/InformeLitoral\",\"https:\\\/\\\/www.instagram.com\\\/informelitoral\\\/\",\"https:\\\/\\\/www.youtube.com\\\/channel\\\/UCua4Qvz8Icb6MYqhoq9xLXw\"]},{\"@type\":\"Person\",\"@id\":\"https:\\\/\\\/informelitoral.com.ar\\\/#\\\/schema\\\/person\\\/b9d00407c836482871ef1d57bf8e3180\",\"name\":\"Gonzalo Schmidt\",\"image\":{\"@type\":\"ImageObject\",\"inLanguage\":\"es\",\"@id\":\"https:\\\/\\\/secure.gravatar.com\\\/avatar\\\/31a1a7b66ff2de83bd0e9fd79d026630d2d99e55e8bfe501287647b4fd9743de?s=96&d=mm&r=g\",\"url\":\"https:\\\/\\\/secure.gravatar.com\\\/avatar\\\/31a1a7b66ff2de83bd0e9fd79d026630d2d99e55e8bfe501287647b4fd9743de?s=96&d=mm&r=g\",\"contentUrl\":\"https:\\\/\\\/secure.gravatar.com\\\/avatar\\\/31a1a7b66ff2de83bd0e9fd79d026630d2d99e55e8bfe501287647b4fd9743de?s=96&d=mm&r=g\",\"caption\":\"Gonzalo Schmidt\"},\"description\":\"Sitio web de noticias de la provincia de Entre R\u00edos, Argentina. Informaci\u00f3n y entretenimiento. Informe Litoral, nos informamos.\",\"sameAs\":[\"http:\\\/\\\/www.isletasnoticias.com.ar\"],\"url\":\"https:\\\/\\\/informelitoral.com.ar\\\/author\\\/gonzalo\\\/\"}]}<\/script>","yoast_head_json":{"title":"Finalmente se lleg\u00f3 a un acuerdo y los polic\u00edas acuartelados en Concordia vuelven a prestar servicios - Informe Litoral","robots":{"index":"index","follow":"follow","max-snippet":"max-snippet:-1","max-image-preview":"max-image-preview:large","max-video-preview":"max-video-preview:-1"},"canonical":"https:\/\/informelitoral.com.ar\/finalmente-se-llego-a-un-acuerdo-y-los-policias-acuartelados-en-concordia-vuelven-a-prestar-servicios\/","og_locale":"es_ES","og_type":"article","og_title":"Finalmente se lleg\u00f3 a un acuerdo y los polic\u00edas acuartelados en Concordia vuelven a prestar servicios - Informe Litoral","og_description":"Luego de marchas y contramarchas, el gobierno y los representantes de los uniformados llegaron a un acuerdo en la negociaci&oacute;n. El gobierno reformul&oacute; la oferta inicial de un sueldo inicial de bolsillo de 8.434 pesos para el agente policial sin antig&uuml;edad, incrementando 300 pesos el monto asignado al b&aacute;sico. El gobernador Sergio Urribarri y los [&hellip;]","og_url":"https:\/\/informelitoral.com.ar\/finalmente-se-llego-a-un-acuerdo-y-los-policias-acuartelados-en-concordia-vuelven-a-prestar-servicios\/","og_site_name":"Informe Litoral","article_publisher":"https:\/\/www.facebook.com\/informelitoral\/","article_published_time":"2013-12-10T03:34:03+00:00","article_modified_time":"2013-12-10T03:35:48+00:00","og_image":[{"width":432,"height":324,"url":"https:\/\/informelitoral.com.ar\/%77%70%2d%63%6f%6e%74%65%6e%74\/uploads\/2013\/12\/policiaaa.jpg","type":"image\/jpeg"}],"author":"Gonzalo Schmidt","twitter_card":"summary_large_image","twitter_creator":"@InformeLitoral","twitter_site":"@InformeLitoral","twitter_misc":{"Escrito por":"Gonzalo Schmidt","Tiempo de lectura":"3 minutos"},"schema":{"@context":"https:\/\/schema.org","@graph":[{"@type":"Article","@id":"https:\/\/informelitoral.com.ar\/finalmente-se-llego-a-un-acuerdo-y-los-policias-acuartelados-en-concordia-vuelven-a-prestar-servicios\/#article","isPartOf":{"@id":"https:\/\/informelitoral.com.ar\/finalmente-se-llego-a-un-acuerdo-y-los-policias-acuartelados-en-concordia-vuelven-a-prestar-servicios\/"},"author":{"name":"Gonzalo Schmidt","@id":"https:\/\/informelitoral.com.ar\/#\/schema\/person\/b9d00407c836482871ef1d57bf8e3180"},"headline":"Finalmente se lleg\u00f3 a un acuerdo y los polic\u00edas acuartelados en Concordia vuelven a prestar servicios","datePublished":"2013-12-10T03:34:03+00:00","dateModified":"2013-12-10T03:35:48+00:00","mainEntityOfPage":{"@id":"https:\/\/informelitoral.com.ar\/finalmente-se-llego-a-un-acuerdo-y-los-policias-acuartelados-en-concordia-vuelven-a-prestar-servicios\/"},"wordCount":661,"commentCount":0,"publisher":{"@id":"https:\/\/informelitoral.com.ar\/#organization"},"image":{"@id":"https:\/\/informelitoral.com.ar\/finalmente-se-llego-a-un-acuerdo-y-los-policias-acuartelados-en-concordia-vuelven-a-prestar-servicios\/#primaryimage"},"thumbnailUrl":"http:\/\/www.isletasnoticias.com.ar\/%77%70%2d%63%6f%6e%74%65%6e%74\/uploads\/2013\/12\/policiaaa-300x225.jpg","articleSection":["Entre R\u00edos","Policiales"],"inLanguage":"es","potentialAction":[{"@type":"CommentAction","name":"Comment","target":["https:\/\/informelitoral.com.ar\/finalmente-se-llego-a-un-acuerdo-y-los-policias-acuartelados-en-concordia-vuelven-a-prestar-servicios\/#respond"]}]},{"@type":"WebPage","@id":"https:\/\/informelitoral.com.ar\/finalmente-se-llego-a-un-acuerdo-y-los-policias-acuartelados-en-concordia-vuelven-a-prestar-servicios\/","url":"https:\/\/informelitoral.com.ar\/finalmente-se-llego-a-un-acuerdo-y-los-policias-acuartelados-en-concordia-vuelven-a-prestar-servicios\/","name":"Finalmente se lleg\u00f3 a un acuerdo y los polic\u00edas acuartelados en Concordia vuelven a prestar servicios - Informe Litoral","isPartOf":{"@id":"https:\/\/informelitoral.com.ar\/#website"},"primaryImageOfPage":{"@id":"https:\/\/informelitoral.com.ar\/finalmente-se-llego-a-un-acuerdo-y-los-policias-acuartelados-en-concordia-vuelven-a-prestar-servicios\/#primaryimage"},"image":{"@id":"https:\/\/informelitoral.com.ar\/finalmente-se-llego-a-un-acuerdo-y-los-policias-acuartelados-en-concordia-vuelven-a-prestar-servicios\/#primaryimage"},"thumbnailUrl":"http:\/\/www.isletasnoticias.com.ar\/%77%70%2d%63%6f%6e%74%65%6e%74\/uploads\/2013\/12\/policiaaa-300x225.jpg","datePublished":"2013-12-10T03:34:03+00:00","dateModified":"2013-12-10T03:35:48+00:00","breadcrumb":{"@id":"https:\/\/informelitoral.com.ar\/finalmente-se-llego-a-un-acuerdo-y-los-policias-acuartelados-en-concordia-vuelven-a-prestar-servicios\/#breadcrumb"},"inLanguage":"es","potentialAction":[{"@type":"ReadAction","target":["https:\/\/informelitoral.com.ar\/finalmente-se-llego-a-un-acuerdo-y-los-policias-acuartelados-en-concordia-vuelven-a-prestar-servicios\/"]}]},{"@type":"ImageObject","inLanguage":"es","@id":"https:\/\/informelitoral.com.ar\/finalmente-se-llego-a-un-acuerdo-y-los-policias-acuartelados-en-concordia-vuelven-a-prestar-servicios\/#primaryimage","url":"http:\/\/www.isletasnoticias.com.ar\/%77%70%2d%63%6f%6e%74%65%6e%74\/uploads\/2013\/12\/policiaaa-300x225.jpg","contentUrl":"http:\/\/www.isletasnoticias.com.ar\/%77%70%2d%63%6f%6e%74%65%6e%74\/uploads\/2013\/12\/policiaaa-300x225.jpg"},{"@type":"BreadcrumbList","@id":"https:\/\/informelitoral.com.ar\/finalmente-se-llego-a-un-acuerdo-y-los-policias-acuartelados-en-concordia-vuelven-a-prestar-servicios\/#breadcrumb","itemListElement":[{"@type":"ListItem","position":1,"name":"Portada","item":"https:\/\/informelitoral.com.ar\/"},{"@type":"ListItem","position":2,"name":"Finalmente se lleg\u00f3 a un acuerdo y los polic\u00edas acuartelados en Concordia vuelven a prestar servicios"}]},{"@type":"WebSite","@id":"https:\/\/informelitoral.com.ar\/#website","url":"https:\/\/informelitoral.com.ar\/","name":"Informe Litoral","description":"&quot;Nos informamos&quot; ","publisher":{"@id":"https:\/\/informelitoral.com.ar\/#organization"},"potentialAction":[{"@type":"SearchAction","target":{"@type":"EntryPoint","urlTemplate":"https:\/\/informelitoral.com.ar\/?s={search_term_string}"},"query-input":{"@type":"PropertyValueSpecification","valueRequired":true,"valueName":"search_term_string"}}],"inLanguage":"es"},{"@type":"Organization","@id":"https:\/\/informelitoral.com.ar\/#organization","name":"Informe Litoral","url":"https:\/\/informelitoral.com.ar\/","logo":{"@type":"ImageObject","inLanguage":"es","@id":"https:\/\/informelitoral.com.ar\/#\/schema\/logo\/image\/","url":"https:\/\/informelitoral.com.ar\/%77%70%2d%63%6f%6e%74%65%6e%74\/uploads\/2021\/01\/circulo.png","contentUrl":"https:\/\/informelitoral.com.ar\/%77%70%2d%63%6f%6e%74%65%6e%74\/uploads\/2021\/01\/circulo.png","width":723,"height":731,"caption":"Informe Litoral"},"image":{"@id":"https:\/\/informelitoral.com.ar\/#\/schema\/logo\/image\/"},"sameAs":["https:\/\/www.facebook.com\/informelitoral\/","https:\/\/x.com\/InformeLitoral","https:\/\/www.instagram.com\/informelitoral\/","https:\/\/www.youtube.com\/channel\/UCua4Qvz8Icb6MYqhoq9xLXw"]},{"@type":"Person","@id":"https:\/\/informelitoral.com.ar\/#\/schema\/person\/b9d00407c836482871ef1d57bf8e3180","name":"Gonzalo Schmidt","image":{"@type":"ImageObject","inLanguage":"es","@id":"https:\/\/secure.gravatar.com\/avatar\/31a1a7b66ff2de83bd0e9fd79d026630d2d99e55e8bfe501287647b4fd9743de?s=96&d=mm&r=g","url":"https:\/\/secure.gravatar.com\/avatar\/31a1a7b66ff2de83bd0e9fd79d026630d2d99e55e8bfe501287647b4fd9743de?s=96&d=mm&r=g","contentUrl":"https:\/\/secure.gravatar.com\/avatar\/31a1a7b66ff2de83bd0e9fd79d026630d2d99e55e8bfe501287647b4fd9743de?s=96&d=mm&r=g","caption":"Gonzalo Schmidt"},"description":"Sitio web de noticias de la provincia de Entre R\u00edos, Argentina. Informaci\u00f3n y entretenimiento. Informe Litoral, nos informamos.","sameAs":["http:\/\/www.isletasnoticias.com.ar"],"url":"https:\/\/informelitoral.com.ar\/author\/gonzalo\/"}]}},"_links":{"self":[{"href":"https:\/\/informelitoral.com.ar\/%77%70%2d%6a%73%6f%6e\/wp\/v2\/posts\/4606","targetHints":{"allow":["GET"]}}],"collection":[{"href":"https:\/\/informelitoral.com.ar\/%77%70%2d%6a%73%6f%6e\/wp\/v2\/posts"}],"about":[{"href":"https:\/\/informelitoral.com.ar\/%77%70%2d%6a%73%6f%6e\/wp\/v2\/types\/post"}],"author":[{"embeddable":true,"href":"https:\/\/informelitoral.com.ar\/%77%70%2d%6a%73%6f%6e\/wp\/v2\/users\/2"}],"replies":[{"embeddable":true,"href":"https:\/\/informelitoral.com.ar\/%77%70%2d%6a%73%6f%6e\/wp\/v2\/comments?post=4606"}],"version-history":[{"count":0,"href":"https:\/\/informelitoral.com.ar\/%77%70%2d%6a%73%6f%6e\/wp\/v2\/posts\/4606\/revisions"}],"wp:attachment":[{"href":"https:\/\/informelitoral.com.ar\/%77%70%2d%6a%73%6f%6e\/wp\/v2\/media?parent=4606"}],"wp:term":[{"taxonomy":"category","embeddable":true,"href":"https:\/\/informelitoral.com.ar\/%77%70%2d%6a%73%6f%6e\/wp\/v2\/categories?post=4606"},{"taxonomy":"post_tag","embeddable":true,"href":"https:\/\/informelitoral.com.ar\/%77%70%2d%6a%73%6f%6e\/wp\/v2\/tags?post=4606"}],"curies":[{"name":"wp","href":"https:\/\/api.w.org\/{rel}","templated":true}]}}