{"id":4598,"date":"2013-12-09T08:20:20","date_gmt":"2013-12-09T11:20:20","guid":{"rendered":"http:\/\/www.isletasnoticias.com.ar\/?p=4598"},"modified":"2013-12-13T21:36:08","modified_gmt":"2013-12-14T00:36:08","slug":"dias-y-fechas-de-los-actos-de-fin-de-curso-y-colaciones","status":"publish","type":"post","link":"https:\/\/informelitoral.com.ar\/dias-y-fechas-de-los-actos-de-fin-de-curso-y-colaciones\/","title":{"rendered":"D\u00edas y fechas de los actos de fin de curso y colaciones"},"content":{"rendered":"<p><b>Las fiestas de fin de curso comenzar\u00e1n el viernes 13 y culminar\u00e1n el domingo 22. En <i>ISLETAS NOTICIAS<\/i>, les presentamos los nombres de los egresados de las instituciones educativas de Isletas y<b>\u00a0zona.<\/b><\/b><\/p>\n<p><img loading=\"lazy\" decoding=\"async\" class=\"size-medium wp-image-4599 aligncenter\" title=\"Imagen: IN.\" alt=\"escuelasisletas\" src=\"http:\/\/www.isletasnoticias.com.ar\/%77%70%2d%63%6f%6e%74%65%6e%74\/uploads\/2013\/12\/escuelasisletas-300x168.jpg\" width=\"300\" height=\"168\" srcset=\"https:\/\/informelitoral.com.ar\/%77%70%2d%63%6f%6e%74%65%6e%74\/uploads\/2013\/12\/escuelasisletas-300x168.jpg 300w, https:\/\/informelitoral.com.ar\/%77%70%2d%63%6f%6e%74%65%6e%74\/uploads\/2013\/12\/escuelasisletas.jpg 640w\" sizes=\"auto, (max-width: 300px) 100vw, 300px\" \/><\/p>\n<p>-La <b>Escuela N\u00b0 14, Hip\u00f3lito Vieytes<\/b>, realizar\u00e1 su acto de fin de curso y colaci\u00f3n, el viernes 13, a las 20:30. De 6\u00b0 a\u00f1o egresar\u00e1 <b>Romina Evelyn Bierig<\/b> y <b>Karen Eichmann<\/b>, lo har\u00e1 en el Nivel Inicial.<\/p>\n<p>-La <b>Escuela N\u00b0 17, Domingo F. Sarmiento<\/b>, har\u00e1 su acto de fin de curso el s\u00e1bado 14, a las 20:30. En la oportunidad, egresar\u00e1n <b>Kevin<\/b> y <b>Benjam\u00edn Mu\u00f1oz<\/b>, ambos de 6\u00b0 a\u00f1o.<\/p>\n<p>-La <b>Escuela N\u00b0 18, 3 de Febrero<\/b> de Distrito Doll, tendr\u00e1 su acto de fin de curso el lunes 16, a las 20:30. Este a\u00f1o no habr\u00e1 egresados.<\/p>\n<p>-La <b>Escuela N\u00b0 20, Acuerdo de San Nicol\u00e1<\/b><b>s,<\/b> llevar\u00e1 a cabo su fiesta el domingo 15, a partir de las 20:30. El egresado de 6\u00b0 a\u00f1o ser\u00e1\u00a0<strong>Lautaro Torres<\/strong>.<\/p>\n<p>-La <b>Escuela N\u00b0 27, Horacio Mann<\/b>, realizar\u00e1 su fiesta de fin de curso el viernes 13, alrededor de las 21:00, con una cena a la canasta. Los egresados ser\u00e1n:\u00a0<strong>Axel Franck <\/strong>y<strong> Marco Antonio Estevenazzio.<\/strong><\/p>\n<p>-La <b>Escuela N\u00b0 32, Mariano Moreno<\/b>, tendr\u00e1 dos egresadas de Nivel Inicial. Ellas son: <b>Dana Erhardt<\/b> y <b>Amiela Muller<\/b>. La instituci\u00f3n s\u00f3lo realizar\u00e1 una reuni\u00f3n familiar, en horas de la noche del domingo 22.<\/p>\n<p>-La <b>Escuela N\u00b0 34, Juan Jos\u00e9 Paso<\/b> de Distrito Doll, tendr\u00e1 su fiesta de fin de curso el domingo 15, a las 20:30.<\/p>\n<p>-La <b>Escuela N\u00b0 143, 25 de Mayo<\/b>, program\u00f3 su\u00a0fiesta de fin de curso para el domingo 22, a partir de las 20:30. En la oportunidad, egresar\u00e1 <b>Alan Gim\u00e9nez<\/b> de 6\u00b0 y <b>Octavio Aguilar<\/b>, dejar\u00e1 el jard\u00edn, para pasar a 1\u00b0.<\/p>\n<p>-La <b>Escuela Agrot\u00e9cnica N\u00b0 153, Horacio Mann<\/b>, realizar\u00e1 su colaci\u00f3n el mi\u00e9rcoles 18, a partir de las 21:00. Egresar\u00e1n estos 13 t\u00e9cnicos en Producci\u00f3n Agropecuaria: <b>Yanina Aguilar, <\/b><b>Agust\u00edn Bierig, Florencia Bolognesi, Georgina de Diego, Marisa Eichmann, Walter Ecihmann, N\u00e9stor Moyano, Yohana Omarini, Diego Segale, Brenda Schwemmer, Y\u00e9sica Sosa, Guido Sosa <\/b>y <b>Joel Viola.<\/b><\/p>\n<p>Cabe agregar que en todas las instituciones, luego del acto escolar, habr\u00e1 n\u00fameros art\u00edsticos, venta de choripanes, pizas y servicio de cantina.<\/p>\n","protected":false},"excerpt":{"rendered":"<p>Las fiestas de fin de curso comenzar&aacute;n el viernes 13 y culminar&aacute;n el domingo 22. En ISLETAS NOTICIAS, les presentamos los nombres de los egresados de las instituciones educativas de Isletas y&nbsp;zona. -La Escuela N&deg; 14, Hip&oacute;lito Vieytes, realizar&aacute; su acto de fin de curso y colaci&oacute;n, el viernes 13, a las 20:30. De 6&deg; [&hellip;]<\/p>\n","protected":false},"author":2,"featured_media":0,"comment_status":"open","ping_status":"open","sticky":false,"template":"","format":"standard","meta":{"fifu_image_url":"","fifu_image_alt":"","footnotes":""},"categories":[4,9],"tags":[],"class_list":{"0":"post-4598","1":"post","2":"type-post","3":"status-publish","4":"format-standard","6":"category-locales","7":"category-sociedad"},"yoast_head":"<title>D\u00edas y fechas de los actos de fin de curso y colaciones - Informe Litoral<\/title>\n<meta name=\"robots\" content=\"index, follow, max-snippet:-1, max-image-preview:large, max-video-preview:-1\" \/>\n<link rel=\"canonical\" href=\"https:\/\/informelitoral.com.ar\/dias-y-fechas-de-los-actos-de-fin-de-curso-y-colaciones\/\" \/>\n<meta property=\"og:locale\" content=\"es_ES\" \/>\n<meta property=\"og:type\" content=\"article\" \/>\n<meta property=\"og:title\" content=\"D\u00edas y fechas de los actos de fin de curso y colaciones - Informe Litoral\" \/>\n<meta property=\"og:description\" content=\"Las fiestas de fin de curso comenzar&aacute;n el viernes 13 y culminar&aacute;n el domingo 22. En ISLETAS NOTICIAS, les presentamos los nombres de los egresados de las instituciones educativas de Isletas y&nbsp;zona. -La Escuela N&deg; 14, Hip&oacute;lito Vieytes, realizar&aacute; su acto de fin de curso y colaci&oacute;n, el viernes 13, a las 20:30. De 6&deg; [&hellip;]\" \/>\n<meta property=\"og:url\" content=\"https:\/\/informelitoral.com.ar\/dias-y-fechas-de-los-actos-de-fin-de-curso-y-colaciones\/\" \/>\n<meta property=\"og:site_name\" content=\"Informe Litoral\" \/>\n<meta property=\"article:publisher\" content=\"https:\/\/www.facebook.com\/informelitoral\/\" \/>\n<meta property=\"article:published_time\" content=\"2013-12-09T11:20:20+00:00\" \/>\n<meta property=\"article:modified_time\" content=\"2013-12-14T00:36:08+00:00\" \/>\n<meta property=\"og:image\" content=\"https:\/\/informelitoral.com.ar\/%77%70%2d%63%6f%6e%74%65%6e%74\/uploads\/2013\/12\/escuelasisletas.jpg\" \/>\n\t<meta property=\"og:image:width\" content=\"640\" \/>\n\t<meta property=\"og:image:height\" content=\"360\" \/>\n\t<meta property=\"og:image:type\" content=\"image\/jpeg\" \/>\n<meta name=\"author\" content=\"Gonzalo Schmidt\" \/>\n<meta name=\"twitter:card\" content=\"summary_large_image\" \/>\n<meta name=\"twitter:creator\" content=\"@InformeLitoral\" \/>\n<meta name=\"twitter:site\" content=\"@InformeLitoral\" \/>\n<meta name=\"twitter:label1\" content=\"Escrito por\" \/>\n\t<meta name=\"twitter:data1\" content=\"Gonzalo Schmidt\" \/>\n\t<meta name=\"twitter:label2\" content=\"Tiempo de lectura\" \/>\n\t<meta name=\"twitter:data2\" content=\"2 minutos\" \/>\n<script type=\"application\/ld+json\" class=\"yoast-schema-graph\">{\"@context\":\"https:\\\/\\\/schema.org\",\"@graph\":[{\"@type\":\"Article\",\"@id\":\"https:\\\/\\\/informelitoral.com.ar\\\/dias-y-fechas-de-los-actos-de-fin-de-curso-y-colaciones\\\/#article\",\"isPartOf\":{\"@id\":\"https:\\\/\\\/informelitoral.com.ar\\\/dias-y-fechas-de-los-actos-de-fin-de-curso-y-colaciones\\\/\"},\"author\":{\"name\":\"Gonzalo Schmidt\",\"@id\":\"https:\\\/\\\/informelitoral.com.ar\\\/#\\\/schema\\\/person\\\/b9d00407c836482871ef1d57bf8e3180\"},\"headline\":\"D\u00edas y fechas de los actos de fin de curso y colaciones\",\"datePublished\":\"2013-12-09T11:20:20+00:00\",\"dateModified\":\"2013-12-14T00:36:08+00:00\",\"mainEntityOfPage\":{\"@id\":\"https:\\\/\\\/informelitoral.com.ar\\\/dias-y-fechas-de-los-actos-de-fin-de-curso-y-colaciones\\\/\"},\"wordCount\":374,\"commentCount\":0,\"publisher\":{\"@id\":\"https:\\\/\\\/informelitoral.com.ar\\\/#organization\"},\"image\":{\"@id\":\"https:\\\/\\\/informelitoral.com.ar\\\/dias-y-fechas-de-los-actos-de-fin-de-curso-y-colaciones\\\/#primaryimage\"},\"thumbnailUrl\":\"http:\\\/\\\/www.isletasnoticias.com.ar\\\/%77%70%2d%63%6f%6e%74%65%6e%74\\\/uploads\\\/2013\\\/12\\\/escuelasisletas-300x168.jpg\",\"articleSection\":[\"Isletas\",\"Sociedad\"],\"inLanguage\":\"es\",\"potentialAction\":[{\"@type\":\"CommentAction\",\"name\":\"Comment\",\"target\":[\"https:\\\/\\\/informelitoral.com.ar\\\/dias-y-fechas-de-los-actos-de-fin-de-curso-y-colaciones\\\/#respond\"]}]},{\"@type\":\"WebPage\",\"@id\":\"https:\\\/\\\/informelitoral.com.ar\\\/dias-y-fechas-de-los-actos-de-fin-de-curso-y-colaciones\\\/\",\"url\":\"https:\\\/\\\/informelitoral.com.ar\\\/dias-y-fechas-de-los-actos-de-fin-de-curso-y-colaciones\\\/\",\"name\":\"D\u00edas y fechas de los actos de fin de curso y colaciones - Informe Litoral\",\"isPartOf\":{\"@id\":\"https:\\\/\\\/informelitoral.com.ar\\\/#website\"},\"primaryImageOfPage\":{\"@id\":\"https:\\\/\\\/informelitoral.com.ar\\\/dias-y-fechas-de-los-actos-de-fin-de-curso-y-colaciones\\\/#primaryimage\"},\"image\":{\"@id\":\"https:\\\/\\\/informelitoral.com.ar\\\/dias-y-fechas-de-los-actos-de-fin-de-curso-y-colaciones\\\/#primaryimage\"},\"thumbnailUrl\":\"http:\\\/\\\/www.isletasnoticias.com.ar\\\/%77%70%2d%63%6f%6e%74%65%6e%74\\\/uploads\\\/2013\\\/12\\\/escuelasisletas-300x168.jpg\",\"datePublished\":\"2013-12-09T11:20:20+00:00\",\"dateModified\":\"2013-12-14T00:36:08+00:00\",\"breadcrumb\":{\"@id\":\"https:\\\/\\\/informelitoral.com.ar\\\/dias-y-fechas-de-los-actos-de-fin-de-curso-y-colaciones\\\/#breadcrumb\"},\"inLanguage\":\"es\",\"potentialAction\":[{\"@type\":\"ReadAction\",\"target\":[\"https:\\\/\\\/informelitoral.com.ar\\\/dias-y-fechas-de-los-actos-de-fin-de-curso-y-colaciones\\\/\"]}]},{\"@type\":\"ImageObject\",\"inLanguage\":\"es\",\"@id\":\"https:\\\/\\\/informelitoral.com.ar\\\/dias-y-fechas-de-los-actos-de-fin-de-curso-y-colaciones\\\/#primaryimage\",\"url\":\"http:\\\/\\\/www.isletasnoticias.com.ar\\\/%77%70%2d%63%6f%6e%74%65%6e%74\\\/uploads\\\/2013\\\/12\\\/escuelasisletas-300x168.jpg\",\"contentUrl\":\"http:\\\/\\\/www.isletasnoticias.com.ar\\\/%77%70%2d%63%6f%6e%74%65%6e%74\\\/uploads\\\/2013\\\/12\\\/escuelasisletas-300x168.jpg\"},{\"@type\":\"BreadcrumbList\",\"@id\":\"https:\\\/\\\/informelitoral.com.ar\\\/dias-y-fechas-de-los-actos-de-fin-de-curso-y-colaciones\\\/#breadcrumb\",\"itemListElement\":[{\"@type\":\"ListItem\",\"position\":1,\"name\":\"Portada\",\"item\":\"https:\\\/\\\/informelitoral.com.ar\\\/\"},{\"@type\":\"ListItem\",\"position\":2,\"name\":\"D\u00edas y fechas de los actos de fin de curso y colaciones\"}]},{\"@type\":\"WebSite\",\"@id\":\"https:\\\/\\\/informelitoral.com.ar\\\/#website\",\"url\":\"https:\\\/\\\/informelitoral.com.ar\\\/\",\"name\":\"Informe Litoral\",\"description\":\"&quot;Nos informamos&quot; \",\"publisher\":{\"@id\":\"https:\\\/\\\/informelitoral.com.ar\\\/#organization\"},\"potentialAction\":[{\"@type\":\"SearchAction\",\"target\":{\"@type\":\"EntryPoint\",\"urlTemplate\":\"https:\\\/\\\/informelitoral.com.ar\\\/?s={search_term_string}\"},\"query-input\":{\"@type\":\"PropertyValueSpecification\",\"valueRequired\":true,\"valueName\":\"search_term_string\"}}],\"inLanguage\":\"es\"},{\"@type\":\"Organization\",\"@id\":\"https:\\\/\\\/informelitoral.com.ar\\\/#organization\",\"name\":\"Informe Litoral\",\"url\":\"https:\\\/\\\/informelitoral.com.ar\\\/\",\"logo\":{\"@type\":\"ImageObject\",\"inLanguage\":\"es\",\"@id\":\"https:\\\/\\\/informelitoral.com.ar\\\/#\\\/schema\\\/logo\\\/image\\\/\",\"url\":\"https:\\\/\\\/informelitoral.com.ar\\\/%77%70%2d%63%6f%6e%74%65%6e%74\\\/uploads\\\/2021\\\/01\\\/circulo.png\",\"contentUrl\":\"https:\\\/\\\/informelitoral.com.ar\\\/%77%70%2d%63%6f%6e%74%65%6e%74\\\/uploads\\\/2021\\\/01\\\/circulo.png\",\"width\":723,\"height\":731,\"caption\":\"Informe Litoral\"},\"image\":{\"@id\":\"https:\\\/\\\/informelitoral.com.ar\\\/#\\\/schema\\\/logo\\\/image\\\/\"},\"sameAs\":[\"https:\\\/\\\/www.facebook.com\\\/informelitoral\\\/\",\"https:\\\/\\\/x.com\\\/InformeLitoral\",\"https:\\\/\\\/www.instagram.com\\\/informelitoral\\\/\",\"https:\\\/\\\/www.youtube.com\\\/channel\\\/UCua4Qvz8Icb6MYqhoq9xLXw\"]},{\"@type\":\"Person\",\"@id\":\"https:\\\/\\\/informelitoral.com.ar\\\/#\\\/schema\\\/person\\\/b9d00407c836482871ef1d57bf8e3180\",\"name\":\"Gonzalo Schmidt\",\"image\":{\"@type\":\"ImageObject\",\"inLanguage\":\"es\",\"@id\":\"https:\\\/\\\/secure.gravatar.com\\\/avatar\\\/31a1a7b66ff2de83bd0e9fd79d026630d2d99e55e8bfe501287647b4fd9743de?s=96&d=mm&r=g\",\"url\":\"https:\\\/\\\/secure.gravatar.com\\\/avatar\\\/31a1a7b66ff2de83bd0e9fd79d026630d2d99e55e8bfe501287647b4fd9743de?s=96&d=mm&r=g\",\"contentUrl\":\"https:\\\/\\\/secure.gravatar.com\\\/avatar\\\/31a1a7b66ff2de83bd0e9fd79d026630d2d99e55e8bfe501287647b4fd9743de?s=96&d=mm&r=g\",\"caption\":\"Gonzalo Schmidt\"},\"description\":\"Sitio web de noticias de la provincia de Entre R\u00edos, Argentina. Informaci\u00f3n y entretenimiento. Informe Litoral, nos informamos.\",\"sameAs\":[\"http:\\\/\\\/www.isletasnoticias.com.ar\"],\"url\":\"https:\\\/\\\/informelitoral.com.ar\\\/author\\\/gonzalo\\\/\"}]}<\/script>","yoast_head_json":{"title":"D\u00edas y fechas de los actos de fin de curso y colaciones - Informe Litoral","robots":{"index":"index","follow":"follow","max-snippet":"max-snippet:-1","max-image-preview":"max-image-preview:large","max-video-preview":"max-video-preview:-1"},"canonical":"https:\/\/informelitoral.com.ar\/dias-y-fechas-de-los-actos-de-fin-de-curso-y-colaciones\/","og_locale":"es_ES","og_type":"article","og_title":"D\u00edas y fechas de los actos de fin de curso y colaciones - Informe Litoral","og_description":"Las fiestas de fin de curso comenzar&aacute;n el viernes 13 y culminar&aacute;n el domingo 22. En ISLETAS NOTICIAS, les presentamos los nombres de los egresados de las instituciones educativas de Isletas y&nbsp;zona. -La Escuela N&deg; 14, Hip&oacute;lito Vieytes, realizar&aacute; su acto de fin de curso y colaci&oacute;n, el viernes 13, a las 20:30. De 6&deg; [&hellip;]","og_url":"https:\/\/informelitoral.com.ar\/dias-y-fechas-de-los-actos-de-fin-de-curso-y-colaciones\/","og_site_name":"Informe Litoral","article_publisher":"https:\/\/www.facebook.com\/informelitoral\/","article_published_time":"2013-12-09T11:20:20+00:00","article_modified_time":"2013-12-14T00:36:08+00:00","og_image":[{"width":640,"height":360,"url":"https:\/\/informelitoral.com.ar\/%77%70%2d%63%6f%6e%74%65%6e%74\/uploads\/2013\/12\/escuelasisletas.jpg","type":"image\/jpeg"}],"author":"Gonzalo Schmidt","twitter_card":"summary_large_image","twitter_creator":"@InformeLitoral","twitter_site":"@InformeLitoral","twitter_misc":{"Escrito por":"Gonzalo Schmidt","Tiempo de lectura":"2 minutos"},"schema":{"@context":"https:\/\/schema.org","@graph":[{"@type":"Article","@id":"https:\/\/informelitoral.com.ar\/dias-y-fechas-de-los-actos-de-fin-de-curso-y-colaciones\/#article","isPartOf":{"@id":"https:\/\/informelitoral.com.ar\/dias-y-fechas-de-los-actos-de-fin-de-curso-y-colaciones\/"},"author":{"name":"Gonzalo Schmidt","@id":"https:\/\/informelitoral.com.ar\/#\/schema\/person\/b9d00407c836482871ef1d57bf8e3180"},"headline":"D\u00edas y fechas de los actos de fin de curso y colaciones","datePublished":"2013-12-09T11:20:20+00:00","dateModified":"2013-12-14T00:36:08+00:00","mainEntityOfPage":{"@id":"https:\/\/informelitoral.com.ar\/dias-y-fechas-de-los-actos-de-fin-de-curso-y-colaciones\/"},"wordCount":374,"commentCount":0,"publisher":{"@id":"https:\/\/informelitoral.com.ar\/#organization"},"image":{"@id":"https:\/\/informelitoral.com.ar\/dias-y-fechas-de-los-actos-de-fin-de-curso-y-colaciones\/#primaryimage"},"thumbnailUrl":"http:\/\/www.isletasnoticias.com.ar\/%77%70%2d%63%6f%6e%74%65%6e%74\/uploads\/2013\/12\/escuelasisletas-300x168.jpg","articleSection":["Isletas","Sociedad"],"inLanguage":"es","potentialAction":[{"@type":"CommentAction","name":"Comment","target":["https:\/\/informelitoral.com.ar\/dias-y-fechas-de-los-actos-de-fin-de-curso-y-colaciones\/#respond"]}]},{"@type":"WebPage","@id":"https:\/\/informelitoral.com.ar\/dias-y-fechas-de-los-actos-de-fin-de-curso-y-colaciones\/","url":"https:\/\/informelitoral.com.ar\/dias-y-fechas-de-los-actos-de-fin-de-curso-y-colaciones\/","name":"D\u00edas y fechas de los actos de fin de curso y colaciones - Informe Litoral","isPartOf":{"@id":"https:\/\/informelitoral.com.ar\/#website"},"primaryImageOfPage":{"@id":"https:\/\/informelitoral.com.ar\/dias-y-fechas-de-los-actos-de-fin-de-curso-y-colaciones\/#primaryimage"},"image":{"@id":"https:\/\/informelitoral.com.ar\/dias-y-fechas-de-los-actos-de-fin-de-curso-y-colaciones\/#primaryimage"},"thumbnailUrl":"http:\/\/www.isletasnoticias.com.ar\/%77%70%2d%63%6f%6e%74%65%6e%74\/uploads\/2013\/12\/escuelasisletas-300x168.jpg","datePublished":"2013-12-09T11:20:20+00:00","dateModified":"2013-12-14T00:36:08+00:00","breadcrumb":{"@id":"https:\/\/informelitoral.com.ar\/dias-y-fechas-de-los-actos-de-fin-de-curso-y-colaciones\/#breadcrumb"},"inLanguage":"es","potentialAction":[{"@type":"ReadAction","target":["https:\/\/informelitoral.com.ar\/dias-y-fechas-de-los-actos-de-fin-de-curso-y-colaciones\/"]}]},{"@type":"ImageObject","inLanguage":"es","@id":"https:\/\/informelitoral.com.ar\/dias-y-fechas-de-los-actos-de-fin-de-curso-y-colaciones\/#primaryimage","url":"http:\/\/www.isletasnoticias.com.ar\/%77%70%2d%63%6f%6e%74%65%6e%74\/uploads\/2013\/12\/escuelasisletas-300x168.jpg","contentUrl":"http:\/\/www.isletasnoticias.com.ar\/%77%70%2d%63%6f%6e%74%65%6e%74\/uploads\/2013\/12\/escuelasisletas-300x168.jpg"},{"@type":"BreadcrumbList","@id":"https:\/\/informelitoral.com.ar\/dias-y-fechas-de-los-actos-de-fin-de-curso-y-colaciones\/#breadcrumb","itemListElement":[{"@type":"ListItem","position":1,"name":"Portada","item":"https:\/\/informelitoral.com.ar\/"},{"@type":"ListItem","position":2,"name":"D\u00edas y fechas de los actos de fin de curso y colaciones"}]},{"@type":"WebSite","@id":"https:\/\/informelitoral.com.ar\/#website","url":"https:\/\/informelitoral.com.ar\/","name":"Informe Litoral","description":"&quot;Nos informamos&quot; ","publisher":{"@id":"https:\/\/informelitoral.com.ar\/#organization"},"potentialAction":[{"@type":"SearchAction","target":{"@type":"EntryPoint","urlTemplate":"https:\/\/informelitoral.com.ar\/?s={search_term_string}"},"query-input":{"@type":"PropertyValueSpecification","valueRequired":true,"valueName":"search_term_string"}}],"inLanguage":"es"},{"@type":"Organization","@id":"https:\/\/informelitoral.com.ar\/#organization","name":"Informe Litoral","url":"https:\/\/informelitoral.com.ar\/","logo":{"@type":"ImageObject","inLanguage":"es","@id":"https:\/\/informelitoral.com.ar\/#\/schema\/logo\/image\/","url":"https:\/\/informelitoral.com.ar\/%77%70%2d%63%6f%6e%74%65%6e%74\/uploads\/2021\/01\/circulo.png","contentUrl":"https:\/\/informelitoral.com.ar\/%77%70%2d%63%6f%6e%74%65%6e%74\/uploads\/2021\/01\/circulo.png","width":723,"height":731,"caption":"Informe Litoral"},"image":{"@id":"https:\/\/informelitoral.com.ar\/#\/schema\/logo\/image\/"},"sameAs":["https:\/\/www.facebook.com\/informelitoral\/","https:\/\/x.com\/InformeLitoral","https:\/\/www.instagram.com\/informelitoral\/","https:\/\/www.youtube.com\/channel\/UCua4Qvz8Icb6MYqhoq9xLXw"]},{"@type":"Person","@id":"https:\/\/informelitoral.com.ar\/#\/schema\/person\/b9d00407c836482871ef1d57bf8e3180","name":"Gonzalo Schmidt","image":{"@type":"ImageObject","inLanguage":"es","@id":"https:\/\/secure.gravatar.com\/avatar\/31a1a7b66ff2de83bd0e9fd79d026630d2d99e55e8bfe501287647b4fd9743de?s=96&d=mm&r=g","url":"https:\/\/secure.gravatar.com\/avatar\/31a1a7b66ff2de83bd0e9fd79d026630d2d99e55e8bfe501287647b4fd9743de?s=96&d=mm&r=g","contentUrl":"https:\/\/secure.gravatar.com\/avatar\/31a1a7b66ff2de83bd0e9fd79d026630d2d99e55e8bfe501287647b4fd9743de?s=96&d=mm&r=g","caption":"Gonzalo Schmidt"},"description":"Sitio web de noticias de la provincia de Entre R\u00edos, Argentina. Informaci\u00f3n y entretenimiento. Informe Litoral, nos informamos.","sameAs":["http:\/\/www.isletasnoticias.com.ar"],"url":"https:\/\/informelitoral.com.ar\/author\/gonzalo\/"}]}},"_links":{"self":[{"href":"https:\/\/informelitoral.com.ar\/%77%70%2d%6a%73%6f%6e\/wp\/v2\/posts\/4598","targetHints":{"allow":["GET"]}}],"collection":[{"href":"https:\/\/informelitoral.com.ar\/%77%70%2d%6a%73%6f%6e\/wp\/v2\/posts"}],"about":[{"href":"https:\/\/informelitoral.com.ar\/%77%70%2d%6a%73%6f%6e\/wp\/v2\/types\/post"}],"author":[{"embeddable":true,"href":"https:\/\/informelitoral.com.ar\/%77%70%2d%6a%73%6f%6e\/wp\/v2\/users\/2"}],"replies":[{"embeddable":true,"href":"https:\/\/informelitoral.com.ar\/%77%70%2d%6a%73%6f%6e\/wp\/v2\/comments?post=4598"}],"version-history":[{"count":0,"href":"https:\/\/informelitoral.com.ar\/%77%70%2d%6a%73%6f%6e\/wp\/v2\/posts\/4598\/revisions"}],"wp:attachment":[{"href":"https:\/\/informelitoral.com.ar\/%77%70%2d%6a%73%6f%6e\/wp\/v2\/media?parent=4598"}],"wp:term":[{"taxonomy":"category","embeddable":true,"href":"https:\/\/informelitoral.com.ar\/%77%70%2d%6a%73%6f%6e\/wp\/v2\/categories?post=4598"},{"taxonomy":"post_tag","embeddable":true,"href":"https:\/\/informelitoral.com.ar\/%77%70%2d%6a%73%6f%6e\/wp\/v2\/tags?post=4598"}],"curies":[{"name":"wp","href":"https:\/\/api.w.org\/{rel}","templated":true}]}}