{"id":45936,"date":"2020-07-17T16:28:28","date_gmt":"2020-07-17T19:28:28","guid":{"rendered":"https:\/\/www.isletasnoticias.com.ar\/?p=45936"},"modified":"2020-07-17T16:28:28","modified_gmt":"2020-07-17T19:28:28","slug":"quema-en-las-islas-aseguran-que-en-rosario-no-se-puede-respirar","status":"publish","type":"post","link":"https:\/\/informelitoral.com.ar\/quema-en-las-islas-aseguran-que-en-rosario-no-se-puede-respirar\/","title":{"rendered":"Quema en las islas: aseguran que \u201cen Rosario no se puede respirar\u201d"},"content":{"rendered":"<p><strong>Juan Cabandi\u00e9<\/strong> volvi\u00f3 a referirse en las \u00faltimas horas a la\u00a0<strong>quema de pastizales<\/strong>\u00a0en la zona del\u00a0<strong>Delta del Paran\u00e1<\/strong>\u00a0y reiter\u00f3 su pedido para que la\u00a0<strong>Justicia implemente multas y encarcele a los responsables<\/strong>.<\/p>\n<p><strong>\u201c\u00bfCu\u00e1nto tiempo m\u00e1s va a esperar Justicia Federal de Victoria<\/strong>\u00a0para sancionar y apresar a los titulares de las islas del Delta de\u00a0<strong>Entre R\u00edos<\/strong>\u00a0que queman pastizales?<strong>\u00a0En Rosario no se puede respirar\u201d,\u00a0<\/strong>dijo el ministro de Ambiente.<\/p>\n<p>Es que esta semana se registraron <strong>nuevos incendios<\/strong>\u00a0en esa zona y todav\u00eda hay equipos de brigadistas trabajando para controlar el fuego.<\/p>\n<p>\u201c<strong>El Ministerio de Ambiente no tiene poder de polic\u00eda\u00a0<\/strong>para sancionar y detener a los titulares de las islas que queman pastizales y<strong>\u00a0le joroban la vida miles y miles de ciudadanos.<\/strong>\u00a0Es la Justicia Federal con sede en\u00a0<strong>Victoria, Entre R\u00edos<\/strong>\u00a0quien puede sancionar y darnos a conocer<strong>\u00a0qui\u00e9nes son los responsables del ecocidio<\/strong>\u00a0producido a la zona del delta del Paran\u00e1. Tambi\u00e9n ser\u00eda bueno<strong>\u00a0preguntarnos y reflexionar<\/strong>\u00a0por la causa del asunto en cuesti\u00f3n\u201d, dispar\u00f3 Cabandi\u00e9.<\/p>\n<p><a href=\"https:\/\/www.isletasnoticias.com.ar\/%77%70%2d%63%6f%6e%74%65%6e%74\/uploads\/2020\/07\/quema-de-pastizales.jpg\"><img loading=\"lazy\" decoding=\"async\" class=\"aligncenter wp-image-45938 size-full\" src=\"https:\/\/www.isletasnoticias.com.ar\/%77%70%2d%63%6f%6e%74%65%6e%74\/uploads\/2020\/07\/quema-de-pastizales.jpg\" alt=\"\" width=\"1000\" height=\"570\" srcset=\"https:\/\/informelitoral.com.ar\/%77%70%2d%63%6f%6e%74%65%6e%74\/uploads\/2020\/07\/quema-de-pastizales.jpg 1000w, https:\/\/informelitoral.com.ar\/%77%70%2d%63%6f%6e%74%65%6e%74\/uploads\/2020\/07\/quema-de-pastizales-300x171.jpg 300w, https:\/\/informelitoral.com.ar\/%77%70%2d%63%6f%6e%74%65%6e%74\/uploads\/2020\/07\/quema-de-pastizales-768x438.jpg 768w, https:\/\/informelitoral.com.ar\/%77%70%2d%63%6f%6e%74%65%6e%74\/uploads\/2020\/07\/quema-de-pastizales-696x397.jpg 696w, https:\/\/informelitoral.com.ar\/%77%70%2d%63%6f%6e%74%65%6e%74\/uploads\/2020\/07\/quema-de-pastizales-737x420.jpg 737w\" sizes=\"auto, (max-width: 1000px) 100vw, 1000px\" \/><\/a><\/p>\n<p>Quien se sum\u00f3 al pedido fue\u00a0<strong>Omar Perotti<\/strong>, quien dej\u00f3 en claro que desde el<strong>\u00a0gobierno de\u00a0Santa Fe<\/strong>\u00a0est\u00e1n seguros de que los incendios\u00a0<strong>son intencionales.\u00a0<\/strong>\u201cMientras el tiempo transcurre, los santafesinos y santafesinas\u00a0<strong>observamos c\u00f3mo el fuego avanza<\/strong>\u00a0sobre el Delta del Paran\u00e1. Es necesaria una<strong>\u00a0acci\u00f3n concreta de la Justicia<\/strong>\u201d, lanz\u00f3.<\/p>\n","protected":false},"excerpt":{"rendered":"<p>El ministro de Ambiente de la Naci\u00f3n reiter\u00f3 su pedido para que act\u00fae la Justicia Federal de Entre R\u00edos. En tanto, Perotti coincidi\u00f3 y dijo que los incendios son intencionales.<\/p>\n","protected":false},"author":2,"featured_media":45937,"comment_status":"open","ping_status":"open","sticky":false,"template":"","format":"standard","meta":{"fifu_image_url":"","fifu_image_alt":"","footnotes":""},"categories":[16],"tags":[1536,1160,816],"class_list":{"0":"post-45936","1":"post","2":"type-post","3":"status-publish","4":"format-standard","5":"has-post-thumbnail","7":"category-politi","8":"tag-islas-entrerrianas","9":"tag-quema-de-pastizales","10":"tag-rosario"},"yoast_head":"<title>Quema en las islas: aseguran que \u201cen Rosario no se puede respirar\u201d - Informe Litoral<\/title>\n<meta name=\"robots\" content=\"index, follow, max-snippet:-1, max-image-preview:large, max-video-preview:-1\" \/>\n<link rel=\"canonical\" href=\"https:\/\/informelitoral.com.ar\/quema-en-las-islas-aseguran-que-en-rosario-no-se-puede-respirar\/\" \/>\n<meta property=\"og:locale\" content=\"es_ES\" \/>\n<meta property=\"og:type\" content=\"article\" \/>\n<meta property=\"og:title\" content=\"Quema en las islas: aseguran que \u201cen Rosario no se puede respirar\u201d - Informe Litoral\" \/>\n<meta property=\"og:description\" content=\"El ministro de Ambiente de la Naci\u00f3n reiter\u00f3 su pedido para que act\u00fae la Justicia Federal de Entre R\u00edos. En tanto, Perotti coincidi\u00f3 y dijo que los incendios son intencionales.\" \/>\n<meta property=\"og:url\" content=\"https:\/\/informelitoral.com.ar\/quema-en-las-islas-aseguran-que-en-rosario-no-se-puede-respirar\/\" \/>\n<meta property=\"og:site_name\" content=\"Informe Litoral\" \/>\n<meta property=\"article:publisher\" content=\"https:\/\/www.facebook.com\/informelitoral\/\" \/>\n<meta property=\"article:published_time\" content=\"2020-07-17T19:28:28+00:00\" \/>\n<meta property=\"og:image\" content=\"https:\/\/informelitoral.com.ar\/%77%70%2d%63%6f%6e%74%65%6e%74\/uploads\/2020\/07\/quema-en-islas.jpeg\" \/>\n\t<meta property=\"og:image:width\" content=\"772\" \/>\n\t<meta property=\"og:image:height\" content=\"435\" \/>\n\t<meta property=\"og:image:type\" content=\"image\/jpeg\" \/>\n<meta name=\"author\" content=\"Gonzalo Schmidt\" \/>\n<meta name=\"twitter:card\" content=\"summary_large_image\" \/>\n<meta name=\"twitter:creator\" content=\"@InformeLitoral\" \/>\n<meta name=\"twitter:site\" content=\"@InformeLitoral\" \/>\n<meta name=\"twitter:label1\" content=\"Escrito por\" \/>\n\t<meta name=\"twitter:data1\" content=\"Gonzalo Schmidt\" \/>\n\t<meta name=\"twitter:label2\" content=\"Tiempo de lectura\" \/>\n\t<meta name=\"twitter:data2\" content=\"1 minuto\" \/>\n<script type=\"application\/ld+json\" class=\"yoast-schema-graph\">{\"@context\":\"https:\\\/\\\/schema.org\",\"@graph\":[{\"@type\":\"Article\",\"@id\":\"https:\\\/\\\/informelitoral.com.ar\\\/quema-en-las-islas-aseguran-que-en-rosario-no-se-puede-respirar\\\/#article\",\"isPartOf\":{\"@id\":\"https:\\\/\\\/informelitoral.com.ar\\\/quema-en-las-islas-aseguran-que-en-rosario-no-se-puede-respirar\\\/\"},\"author\":{\"name\":\"Gonzalo Schmidt\",\"@id\":\"https:\\\/\\\/informelitoral.com.ar\\\/#\\\/schema\\\/person\\\/b9d00407c836482871ef1d57bf8e3180\"},\"headline\":\"Quema en las islas: aseguran que \u201cen Rosario no se puede respirar\u201d\",\"datePublished\":\"2020-07-17T19:28:28+00:00\",\"mainEntityOfPage\":{\"@id\":\"https:\\\/\\\/informelitoral.com.ar\\\/quema-en-las-islas-aseguran-que-en-rosario-no-se-puede-respirar\\\/\"},\"wordCount\":254,\"commentCount\":0,\"publisher\":{\"@id\":\"https:\\\/\\\/informelitoral.com.ar\\\/#organization\"},\"image\":{\"@id\":\"https:\\\/\\\/informelitoral.com.ar\\\/quema-en-las-islas-aseguran-que-en-rosario-no-se-puede-respirar\\\/#primaryimage\"},\"thumbnailUrl\":\"https:\\\/\\\/informelitoral.com.ar\\\/%77%70%2d%63%6f%6e%74%65%6e%74\\\/uploads\\\/2020\\\/07\\\/quema-en-islas.jpeg\",\"keywords\":[\"Islas entrerrianas\",\"Quema de pastizales\",\"Rosario\"],\"articleSection\":[\"Politica\"],\"inLanguage\":\"es\",\"potentialAction\":[{\"@type\":\"CommentAction\",\"name\":\"Comment\",\"target\":[\"https:\\\/\\\/informelitoral.com.ar\\\/quema-en-las-islas-aseguran-que-en-rosario-no-se-puede-respirar\\\/#respond\"]}]},{\"@type\":\"WebPage\",\"@id\":\"https:\\\/\\\/informelitoral.com.ar\\\/quema-en-las-islas-aseguran-que-en-rosario-no-se-puede-respirar\\\/\",\"url\":\"https:\\\/\\\/informelitoral.com.ar\\\/quema-en-las-islas-aseguran-que-en-rosario-no-se-puede-respirar\\\/\",\"name\":\"Quema en las islas: aseguran que \u201cen Rosario no se puede respirar\u201d - Informe Litoral\",\"isPartOf\":{\"@id\":\"https:\\\/\\\/informelitoral.com.ar\\\/#website\"},\"primaryImageOfPage\":{\"@id\":\"https:\\\/\\\/informelitoral.com.ar\\\/quema-en-las-islas-aseguran-que-en-rosario-no-se-puede-respirar\\\/#primaryimage\"},\"image\":{\"@id\":\"https:\\\/\\\/informelitoral.com.ar\\\/quema-en-las-islas-aseguran-que-en-rosario-no-se-puede-respirar\\\/#primaryimage\"},\"thumbnailUrl\":\"https:\\\/\\\/informelitoral.com.ar\\\/%77%70%2d%63%6f%6e%74%65%6e%74\\\/uploads\\\/2020\\\/07\\\/quema-en-islas.jpeg\",\"datePublished\":\"2020-07-17T19:28:28+00:00\",\"breadcrumb\":{\"@id\":\"https:\\\/\\\/informelitoral.com.ar\\\/quema-en-las-islas-aseguran-que-en-rosario-no-se-puede-respirar\\\/#breadcrumb\"},\"inLanguage\":\"es\",\"potentialAction\":[{\"@type\":\"ReadAction\",\"target\":[\"https:\\\/\\\/informelitoral.com.ar\\\/quema-en-las-islas-aseguran-que-en-rosario-no-se-puede-respirar\\\/\"]}]},{\"@type\":\"ImageObject\",\"inLanguage\":\"es\",\"@id\":\"https:\\\/\\\/informelitoral.com.ar\\\/quema-en-las-islas-aseguran-que-en-rosario-no-se-puede-respirar\\\/#primaryimage\",\"url\":\"https:\\\/\\\/informelitoral.com.ar\\\/%77%70%2d%63%6f%6e%74%65%6e%74\\\/uploads\\\/2020\\\/07\\\/quema-en-islas.jpeg\",\"contentUrl\":\"https:\\\/\\\/informelitoral.com.ar\\\/%77%70%2d%63%6f%6e%74%65%6e%74\\\/uploads\\\/2020\\\/07\\\/quema-en-islas.jpeg\",\"width\":772,\"height\":435},{\"@type\":\"BreadcrumbList\",\"@id\":\"https:\\\/\\\/informelitoral.com.ar\\\/quema-en-las-islas-aseguran-que-en-rosario-no-se-puede-respirar\\\/#breadcrumb\",\"itemListElement\":[{\"@type\":\"ListItem\",\"position\":1,\"name\":\"Portada\",\"item\":\"https:\\\/\\\/informelitoral.com.ar\\\/\"},{\"@type\":\"ListItem\",\"position\":2,\"name\":\"Quema en las islas: aseguran que \u201cen Rosario no se puede respirar\u201d\"}]},{\"@type\":\"WebSite\",\"@id\":\"https:\\\/\\\/informelitoral.com.ar\\\/#website\",\"url\":\"https:\\\/\\\/informelitoral.com.ar\\\/\",\"name\":\"Informe Litoral\",\"description\":\"&quot;Nos informamos&quot; \",\"publisher\":{\"@id\":\"https:\\\/\\\/informelitoral.com.ar\\\/#organization\"},\"potentialAction\":[{\"@type\":\"SearchAction\",\"target\":{\"@type\":\"EntryPoint\",\"urlTemplate\":\"https:\\\/\\\/informelitoral.com.ar\\\/?s={search_term_string}\"},\"query-input\":{\"@type\":\"PropertyValueSpecification\",\"valueRequired\":true,\"valueName\":\"search_term_string\"}}],\"inLanguage\":\"es\"},{\"@type\":\"Organization\",\"@id\":\"https:\\\/\\\/informelitoral.com.ar\\\/#organization\",\"name\":\"Informe Litoral\",\"url\":\"https:\\\/\\\/informelitoral.com.ar\\\/\",\"logo\":{\"@type\":\"ImageObject\",\"inLanguage\":\"es\",\"@id\":\"https:\\\/\\\/informelitoral.com.ar\\\/#\\\/schema\\\/logo\\\/image\\\/\",\"url\":\"https:\\\/\\\/informelitoral.com.ar\\\/%77%70%2d%63%6f%6e%74%65%6e%74\\\/uploads\\\/2021\\\/01\\\/circulo.png\",\"contentUrl\":\"https:\\\/\\\/informelitoral.com.ar\\\/%77%70%2d%63%6f%6e%74%65%6e%74\\\/uploads\\\/2021\\\/01\\\/circulo.png\",\"width\":723,\"height\":731,\"caption\":\"Informe Litoral\"},\"image\":{\"@id\":\"https:\\\/\\\/informelitoral.com.ar\\\/#\\\/schema\\\/logo\\\/image\\\/\"},\"sameAs\":[\"https:\\\/\\\/www.facebook.com\\\/informelitoral\\\/\",\"https:\\\/\\\/x.com\\\/InformeLitoral\",\"https:\\\/\\\/www.instagram.com\\\/informelitoral\\\/\",\"https:\\\/\\\/www.youtube.com\\\/channel\\\/UCua4Qvz8Icb6MYqhoq9xLXw\"]},{\"@type\":\"Person\",\"@id\":\"https:\\\/\\\/informelitoral.com.ar\\\/#\\\/schema\\\/person\\\/b9d00407c836482871ef1d57bf8e3180\",\"name\":\"Gonzalo Schmidt\",\"image\":{\"@type\":\"ImageObject\",\"inLanguage\":\"es\",\"@id\":\"https:\\\/\\\/secure.gravatar.com\\\/avatar\\\/31a1a7b66ff2de83bd0e9fd79d026630d2d99e55e8bfe501287647b4fd9743de?s=96&d=mm&r=g\",\"url\":\"https:\\\/\\\/secure.gravatar.com\\\/avatar\\\/31a1a7b66ff2de83bd0e9fd79d026630d2d99e55e8bfe501287647b4fd9743de?s=96&d=mm&r=g\",\"contentUrl\":\"https:\\\/\\\/secure.gravatar.com\\\/avatar\\\/31a1a7b66ff2de83bd0e9fd79d026630d2d99e55e8bfe501287647b4fd9743de?s=96&d=mm&r=g\",\"caption\":\"Gonzalo Schmidt\"},\"description\":\"Sitio web de noticias de la provincia de Entre R\u00edos, Argentina. Informaci\u00f3n y entretenimiento. Informe Litoral, nos informamos.\",\"sameAs\":[\"http:\\\/\\\/www.isletasnoticias.com.ar\"],\"url\":\"https:\\\/\\\/informelitoral.com.ar\\\/author\\\/gonzalo\\\/\"}]}<\/script>","yoast_head_json":{"title":"Quema en las islas: aseguran que \u201cen Rosario no se puede respirar\u201d - Informe Litoral","robots":{"index":"index","follow":"follow","max-snippet":"max-snippet:-1","max-image-preview":"max-image-preview:large","max-video-preview":"max-video-preview:-1"},"canonical":"https:\/\/informelitoral.com.ar\/quema-en-las-islas-aseguran-que-en-rosario-no-se-puede-respirar\/","og_locale":"es_ES","og_type":"article","og_title":"Quema en las islas: aseguran que \u201cen Rosario no se puede respirar\u201d - Informe Litoral","og_description":"El ministro de Ambiente de la Naci\u00f3n reiter\u00f3 su pedido para que act\u00fae la Justicia Federal de Entre R\u00edos. En tanto, Perotti coincidi\u00f3 y dijo que los incendios son intencionales.","og_url":"https:\/\/informelitoral.com.ar\/quema-en-las-islas-aseguran-que-en-rosario-no-se-puede-respirar\/","og_site_name":"Informe Litoral","article_publisher":"https:\/\/www.facebook.com\/informelitoral\/","article_published_time":"2020-07-17T19:28:28+00:00","og_image":[{"width":772,"height":435,"url":"https:\/\/informelitoral.com.ar\/%77%70%2d%63%6f%6e%74%65%6e%74\/uploads\/2020\/07\/quema-en-islas.jpeg","type":"image\/jpeg"}],"author":"Gonzalo Schmidt","twitter_card":"summary_large_image","twitter_creator":"@InformeLitoral","twitter_site":"@InformeLitoral","twitter_misc":{"Escrito por":"Gonzalo Schmidt","Tiempo de lectura":"1 minuto"},"schema":{"@context":"https:\/\/schema.org","@graph":[{"@type":"Article","@id":"https:\/\/informelitoral.com.ar\/quema-en-las-islas-aseguran-que-en-rosario-no-se-puede-respirar\/#article","isPartOf":{"@id":"https:\/\/informelitoral.com.ar\/quema-en-las-islas-aseguran-que-en-rosario-no-se-puede-respirar\/"},"author":{"name":"Gonzalo Schmidt","@id":"https:\/\/informelitoral.com.ar\/#\/schema\/person\/b9d00407c836482871ef1d57bf8e3180"},"headline":"Quema en las islas: aseguran que \u201cen Rosario no se puede respirar\u201d","datePublished":"2020-07-17T19:28:28+00:00","mainEntityOfPage":{"@id":"https:\/\/informelitoral.com.ar\/quema-en-las-islas-aseguran-que-en-rosario-no-se-puede-respirar\/"},"wordCount":254,"commentCount":0,"publisher":{"@id":"https:\/\/informelitoral.com.ar\/#organization"},"image":{"@id":"https:\/\/informelitoral.com.ar\/quema-en-las-islas-aseguran-que-en-rosario-no-se-puede-respirar\/#primaryimage"},"thumbnailUrl":"https:\/\/informelitoral.com.ar\/%77%70%2d%63%6f%6e%74%65%6e%74\/uploads\/2020\/07\/quema-en-islas.jpeg","keywords":["Islas entrerrianas","Quema de pastizales","Rosario"],"articleSection":["Politica"],"inLanguage":"es","potentialAction":[{"@type":"CommentAction","name":"Comment","target":["https:\/\/informelitoral.com.ar\/quema-en-las-islas-aseguran-que-en-rosario-no-se-puede-respirar\/#respond"]}]},{"@type":"WebPage","@id":"https:\/\/informelitoral.com.ar\/quema-en-las-islas-aseguran-que-en-rosario-no-se-puede-respirar\/","url":"https:\/\/informelitoral.com.ar\/quema-en-las-islas-aseguran-que-en-rosario-no-se-puede-respirar\/","name":"Quema en las islas: aseguran que \u201cen Rosario no se puede respirar\u201d - Informe Litoral","isPartOf":{"@id":"https:\/\/informelitoral.com.ar\/#website"},"primaryImageOfPage":{"@id":"https:\/\/informelitoral.com.ar\/quema-en-las-islas-aseguran-que-en-rosario-no-se-puede-respirar\/#primaryimage"},"image":{"@id":"https:\/\/informelitoral.com.ar\/quema-en-las-islas-aseguran-que-en-rosario-no-se-puede-respirar\/#primaryimage"},"thumbnailUrl":"https:\/\/informelitoral.com.ar\/%77%70%2d%63%6f%6e%74%65%6e%74\/uploads\/2020\/07\/quema-en-islas.jpeg","datePublished":"2020-07-17T19:28:28+00:00","breadcrumb":{"@id":"https:\/\/informelitoral.com.ar\/quema-en-las-islas-aseguran-que-en-rosario-no-se-puede-respirar\/#breadcrumb"},"inLanguage":"es","potentialAction":[{"@type":"ReadAction","target":["https:\/\/informelitoral.com.ar\/quema-en-las-islas-aseguran-que-en-rosario-no-se-puede-respirar\/"]}]},{"@type":"ImageObject","inLanguage":"es","@id":"https:\/\/informelitoral.com.ar\/quema-en-las-islas-aseguran-que-en-rosario-no-se-puede-respirar\/#primaryimage","url":"https:\/\/informelitoral.com.ar\/%77%70%2d%63%6f%6e%74%65%6e%74\/uploads\/2020\/07\/quema-en-islas.jpeg","contentUrl":"https:\/\/informelitoral.com.ar\/%77%70%2d%63%6f%6e%74%65%6e%74\/uploads\/2020\/07\/quema-en-islas.jpeg","width":772,"height":435},{"@type":"BreadcrumbList","@id":"https:\/\/informelitoral.com.ar\/quema-en-las-islas-aseguran-que-en-rosario-no-se-puede-respirar\/#breadcrumb","itemListElement":[{"@type":"ListItem","position":1,"name":"Portada","item":"https:\/\/informelitoral.com.ar\/"},{"@type":"ListItem","position":2,"name":"Quema en las islas: aseguran que \u201cen Rosario no se puede respirar\u201d"}]},{"@type":"WebSite","@id":"https:\/\/informelitoral.com.ar\/#website","url":"https:\/\/informelitoral.com.ar\/","name":"Informe Litoral","description":"&quot;Nos informamos&quot; ","publisher":{"@id":"https:\/\/informelitoral.com.ar\/#organization"},"potentialAction":[{"@type":"SearchAction","target":{"@type":"EntryPoint","urlTemplate":"https:\/\/informelitoral.com.ar\/?s={search_term_string}"},"query-input":{"@type":"PropertyValueSpecification","valueRequired":true,"valueName":"search_term_string"}}],"inLanguage":"es"},{"@type":"Organization","@id":"https:\/\/informelitoral.com.ar\/#organization","name":"Informe Litoral","url":"https:\/\/informelitoral.com.ar\/","logo":{"@type":"ImageObject","inLanguage":"es","@id":"https:\/\/informelitoral.com.ar\/#\/schema\/logo\/image\/","url":"https:\/\/informelitoral.com.ar\/%77%70%2d%63%6f%6e%74%65%6e%74\/uploads\/2021\/01\/circulo.png","contentUrl":"https:\/\/informelitoral.com.ar\/%77%70%2d%63%6f%6e%74%65%6e%74\/uploads\/2021\/01\/circulo.png","width":723,"height":731,"caption":"Informe Litoral"},"image":{"@id":"https:\/\/informelitoral.com.ar\/#\/schema\/logo\/image\/"},"sameAs":["https:\/\/www.facebook.com\/informelitoral\/","https:\/\/x.com\/InformeLitoral","https:\/\/www.instagram.com\/informelitoral\/","https:\/\/www.youtube.com\/channel\/UCua4Qvz8Icb6MYqhoq9xLXw"]},{"@type":"Person","@id":"https:\/\/informelitoral.com.ar\/#\/schema\/person\/b9d00407c836482871ef1d57bf8e3180","name":"Gonzalo Schmidt","image":{"@type":"ImageObject","inLanguage":"es","@id":"https:\/\/secure.gravatar.com\/avatar\/31a1a7b66ff2de83bd0e9fd79d026630d2d99e55e8bfe501287647b4fd9743de?s=96&d=mm&r=g","url":"https:\/\/secure.gravatar.com\/avatar\/31a1a7b66ff2de83bd0e9fd79d026630d2d99e55e8bfe501287647b4fd9743de?s=96&d=mm&r=g","contentUrl":"https:\/\/secure.gravatar.com\/avatar\/31a1a7b66ff2de83bd0e9fd79d026630d2d99e55e8bfe501287647b4fd9743de?s=96&d=mm&r=g","caption":"Gonzalo Schmidt"},"description":"Sitio web de noticias de la provincia de Entre R\u00edos, Argentina. Informaci\u00f3n y entretenimiento. Informe Litoral, nos informamos.","sameAs":["http:\/\/www.isletasnoticias.com.ar"],"url":"https:\/\/informelitoral.com.ar\/author\/gonzalo\/"}]}},"_links":{"self":[{"href":"https:\/\/informelitoral.com.ar\/%77%70%2d%6a%73%6f%6e\/wp\/v2\/posts\/45936","targetHints":{"allow":["GET"]}}],"collection":[{"href":"https:\/\/informelitoral.com.ar\/%77%70%2d%6a%73%6f%6e\/wp\/v2\/posts"}],"about":[{"href":"https:\/\/informelitoral.com.ar\/%77%70%2d%6a%73%6f%6e\/wp\/v2\/types\/post"}],"author":[{"embeddable":true,"href":"https:\/\/informelitoral.com.ar\/%77%70%2d%6a%73%6f%6e\/wp\/v2\/users\/2"}],"replies":[{"embeddable":true,"href":"https:\/\/informelitoral.com.ar\/%77%70%2d%6a%73%6f%6e\/wp\/v2\/comments?post=45936"}],"version-history":[{"count":0,"href":"https:\/\/informelitoral.com.ar\/%77%70%2d%6a%73%6f%6e\/wp\/v2\/posts\/45936\/revisions"}],"wp:featuredmedia":[{"embeddable":true,"href":"https:\/\/informelitoral.com.ar\/%77%70%2d%6a%73%6f%6e\/wp\/v2\/media\/45937"}],"wp:attachment":[{"href":"https:\/\/informelitoral.com.ar\/%77%70%2d%6a%73%6f%6e\/wp\/v2\/media?parent=45936"}],"wp:term":[{"taxonomy":"category","embeddable":true,"href":"https:\/\/informelitoral.com.ar\/%77%70%2d%6a%73%6f%6e\/wp\/v2\/categories?post=45936"},{"taxonomy":"post_tag","embeddable":true,"href":"https:\/\/informelitoral.com.ar\/%77%70%2d%6a%73%6f%6e\/wp\/v2\/tags?post=45936"}],"curies":[{"name":"wp","href":"https:\/\/api.w.org\/{rel}","templated":true}]}}