{"id":4589,"date":"2013-12-09T00:40:20","date_gmt":"2013-12-09T03:40:20","guid":{"rendered":"http:\/\/www.isletasnoticias.com.ar\/?p=4589"},"modified":"2013-12-09T00:40:20","modified_gmt":"2013-12-09T03:40:20","slug":"tension-en-concordia","status":"publish","type":"post","link":"https:\/\/informelitoral.com.ar\/tension-en-concordia\/","title":{"rendered":"Tensi\u00f3n en Concordia"},"content":{"rendered":"<p><strong>En la ciudad del citrus se viven horas de tensi\u00f3n social. Este domingo hubo una manifestaci\u00f3n de cerca de 150 polic\u00edas que intent\u00f3 copar la Jefatura. Fueron detenidos. Adem\u00e1s se registraron saqu<strong>eos en varias zonas de la localidad.<\/strong><\/strong><\/p>\n<p><img loading=\"lazy\" decoding=\"async\" class=\"size-medium wp-image-4590 aligncenter\" alt=\"concordia\" src=\"http:\/\/www.isletasnoticias.com.ar\/%77%70%2d%63%6f%6e%74%65%6e%74\/uploads\/2013\/12\/concordia-300x168.jpg\" width=\"300\" height=\"168\" srcset=\"https:\/\/informelitoral.com.ar\/%77%70%2d%63%6f%6e%74%65%6e%74\/uploads\/2013\/12\/concordia-300x168.jpg 300w, https:\/\/informelitoral.com.ar\/%77%70%2d%63%6f%6e%74%65%6e%74\/uploads\/2013\/12\/concordia.jpg 640w\" sizes=\"auto, (max-width: 300px) 100vw, 300px\" \/><\/p>\n<p>Un grupo de m\u00e1s de 150 polic\u00edas autoconvocados intentaron copar la Jefatura Departamental y el Comando Radioel\u00e9ctrico de Concordia, en la noche de este domingo despu\u00e9s de las 20, pero terminaron detenidos y a disposici\u00f3n de la justicia de dicha ciudad.<\/p>\n<p style=\"text-align: left;\">Seg\u00fan consign\u00f3 An\u00e1lisis Digital, varias personas llegaron acompa\u00f1ados por sus familiares e ingresaron por la fuerza, entre golpes de pu\u00f1o y amenazas e incluso se arrojaron gases lacrim\u00f3genos. La situaci\u00f3n se torna preocupante en la ciudad del citrus, por lo cual varios comerciantes cerraron sus locales y bajaron las persianas, ante posibles saqueos. Algunos encapuchados saquearon una ferreter\u00eda de calle Doctor Del Cerro y Diamante e intentaron el mismo cometido en un centro de compras (de avenida presidente Illia y Gualeguay), donde no pudieron cumplir con su cometido por la resistencia de los vecinos.<\/p>\n<p style=\"text-align: left;\">Tambi\u00e9n hubo saqueos en proximidades del hipermercado Norte y el Modelo, a una cuadra de la casa familiar del gobernador Sergio Urribarri. Pasadas las 22.30 se registraron reclamos de mujeres de polic\u00edas, retirados y suboficiales con parte de enfermo en dependencias de Concepci\u00f3n del Uruguay, Federaci\u00f3n y Gualeguaych\u00fa.<\/p>\n<p>Concordia volvi\u00f3 a transformarse esta noche en el foco principal de la protesta social de los polic\u00edas autoconvocados. Cerca de las 20, un grupo de alrededor de 150 agentes y suboficiales (muchos de ellos en situaci\u00f3n de parte de enfermo), acompa\u00f1ados por sus familiares, ingresaron de manera intempestiva a la sede de la Jefatura Departamental de Concordia, a golpes de pu\u00f1o y algunos de ellos con las prespectivas reglamentarias. En el incidente, termin\u00f3 lesionado el propio jefe departamental, comisario Lucio Villalba, quien tuvo que ser socorrido de inmediato. Tambi\u00e9n fue herido el jefe de Log\u00edstica. Del sector rebelde, hubo quienes llegaron a arrojar gases lacrim\u00f3genos dentro del edificio.<\/p>\n<p style=\"text-align: left;\">\nPasadas las 22.30, pudieron desalojar cerca de 100 de los autoconvocados, pero otros 50 permanec\u00edan en la sede policial, a la espera de\u00a0una respuesta oficial (reclaman un sueldo de 10.000 pesos y el blanqueo de los c\u00f3digos en negro), pero tambi\u00e9n habr\u00edan quedado a disposici\u00f3n del fiscal de turno de Concordia, en el entendimiento de que cometieron un delito al ingresar de modo violento al lugar de trabajo.<\/p>\n<p style=\"text-align: left;\">Cuando se concentraba la atenci\u00f3n en la sede principal de la polic\u00eda concordiense, comenzaron a producirse intentos de saqueo y saqueos propiamente dichos en barrios de la ciudad. Encapuchados que llegaban en motos, saquearon una ferreter\u00eda de calle Doctor Del Cerro y Diamante e intentaron hacer lo mismo en un centro de compras (de avenida presidente Illia y Gualeguay). No pudieron llevar adelante el saqueo por la reacci\u00f3n de los vecinos, al igual que por la llegada de m\u00f3viles policiales.<\/p>\n<p style=\"text-align: left;\">Pasadas las 23, hubo vecinos que comenzaron a saquear zonas cercanas al Hipermercado Norte, seg\u00fan se inform\u00f3. Lo mismo sucedi\u00f3 con el supermercado Modelo, a s\u00f3lo 100 metros de la residencia familiar del gobernador Sergio Urribarri. Lo saliente del caso fue que el saqueo en el Modelo lo cometieron un grupo de personas que llegaron hasta all\u00ed en un Peugeot 206, indic\u00f3 <em>Informe Digital.<\/em><\/p>\n","protected":false},"excerpt":{"rendered":"<p>En la ciudad del citrus se viven horas de tensi&oacute;n social. Este domingo hubo una manifestaci&oacute;n de cerca de 150 polic&iacute;as que intent&oacute; copar la Jefatura. Fueron detenidos. Adem&aacute;s se registraron saqueos en varias zonas de la localidad. Un grupo de m&aacute;s de 150 polic&iacute;as autoconvocados intentaron copar la Jefatura Departamental y el Comando Radioel&eacute;ctrico [&hellip;]<\/p>\n","protected":false},"author":2,"featured_media":0,"comment_status":"open","ping_status":"open","sticky":false,"template":"","format":"standard","meta":{"fifu_image_url":"","fifu_image_alt":"","footnotes":""},"categories":[6,14],"tags":[],"class_list":{"0":"post-4589","1":"post","2":"type-post","3":"status-publish","4":"format-standard","6":"category-entre-rios","7":"category-policiales"},"yoast_head":"<title>Tensi\u00f3n en Concordia - Informe Litoral<\/title>\n<meta name=\"robots\" content=\"index, follow, max-snippet:-1, max-image-preview:large, max-video-preview:-1\" \/>\n<link rel=\"canonical\" href=\"https:\/\/informelitoral.com.ar\/tension-en-concordia\/\" \/>\n<meta property=\"og:locale\" content=\"es_ES\" \/>\n<meta property=\"og:type\" content=\"article\" \/>\n<meta property=\"og:title\" content=\"Tensi\u00f3n en Concordia - Informe Litoral\" \/>\n<meta property=\"og:description\" content=\"En la ciudad del citrus se viven horas de tensi&oacute;n social. Este domingo hubo una manifestaci&oacute;n de cerca de 150 polic&iacute;as que intent&oacute; copar la Jefatura. Fueron detenidos. Adem&aacute;s se registraron saqueos en varias zonas de la localidad. Un grupo de m&aacute;s de 150 polic&iacute;as autoconvocados intentaron copar la Jefatura Departamental y el Comando Radioel&eacute;ctrico [&hellip;]\" \/>\n<meta property=\"og:url\" content=\"https:\/\/informelitoral.com.ar\/tension-en-concordia\/\" \/>\n<meta property=\"og:site_name\" content=\"Informe Litoral\" \/>\n<meta property=\"article:publisher\" content=\"https:\/\/www.facebook.com\/informelitoral\/\" \/>\n<meta property=\"article:published_time\" content=\"2013-12-09T03:40:20+00:00\" \/>\n<meta property=\"og:image\" content=\"https:\/\/informelitoral.com.ar\/%77%70%2d%63%6f%6e%74%65%6e%74\/uploads\/2013\/12\/concordia.jpg\" \/>\n\t<meta property=\"og:image:width\" content=\"640\" \/>\n\t<meta property=\"og:image:height\" content=\"360\" \/>\n\t<meta property=\"og:image:type\" content=\"image\/jpeg\" \/>\n<meta name=\"author\" content=\"Gonzalo Schmidt\" \/>\n<meta name=\"twitter:card\" content=\"summary_large_image\" \/>\n<meta name=\"twitter:creator\" content=\"@InformeLitoral\" \/>\n<meta name=\"twitter:site\" content=\"@InformeLitoral\" \/>\n<meta name=\"twitter:label1\" content=\"Escrito por\" \/>\n\t<meta name=\"twitter:data1\" content=\"Gonzalo Schmidt\" \/>\n\t<meta name=\"twitter:label2\" content=\"Tiempo de lectura\" \/>\n\t<meta name=\"twitter:data2\" content=\"3 minutos\" \/>\n<script type=\"application\/ld+json\" class=\"yoast-schema-graph\">{\"@context\":\"https:\\\/\\\/schema.org\",\"@graph\":[{\"@type\":\"Article\",\"@id\":\"https:\\\/\\\/informelitoral.com.ar\\\/tension-en-concordia\\\/#article\",\"isPartOf\":{\"@id\":\"https:\\\/\\\/informelitoral.com.ar\\\/tension-en-concordia\\\/\"},\"author\":{\"name\":\"Gonzalo Schmidt\",\"@id\":\"https:\\\/\\\/informelitoral.com.ar\\\/#\\\/schema\\\/person\\\/b9d00407c836482871ef1d57bf8e3180\"},\"headline\":\"Tensi\u00f3n en Concordia\",\"datePublished\":\"2013-12-09T03:40:20+00:00\",\"mainEntityOfPage\":{\"@id\":\"https:\\\/\\\/informelitoral.com.ar\\\/tension-en-concordia\\\/\"},\"wordCount\":572,\"commentCount\":0,\"publisher\":{\"@id\":\"https:\\\/\\\/informelitoral.com.ar\\\/#organization\"},\"image\":{\"@id\":\"https:\\\/\\\/informelitoral.com.ar\\\/tension-en-concordia\\\/#primaryimage\"},\"thumbnailUrl\":\"http:\\\/\\\/www.isletasnoticias.com.ar\\\/%77%70%2d%63%6f%6e%74%65%6e%74\\\/uploads\\\/2013\\\/12\\\/concordia-300x168.jpg\",\"articleSection\":[\"Entre R\u00edos\",\"Policiales\"],\"inLanguage\":\"es\",\"potentialAction\":[{\"@type\":\"CommentAction\",\"name\":\"Comment\",\"target\":[\"https:\\\/\\\/informelitoral.com.ar\\\/tension-en-concordia\\\/#respond\"]}]},{\"@type\":\"WebPage\",\"@id\":\"https:\\\/\\\/informelitoral.com.ar\\\/tension-en-concordia\\\/\",\"url\":\"https:\\\/\\\/informelitoral.com.ar\\\/tension-en-concordia\\\/\",\"name\":\"Tensi\u00f3n en Concordia - Informe Litoral\",\"isPartOf\":{\"@id\":\"https:\\\/\\\/informelitoral.com.ar\\\/#website\"},\"primaryImageOfPage\":{\"@id\":\"https:\\\/\\\/informelitoral.com.ar\\\/tension-en-concordia\\\/#primaryimage\"},\"image\":{\"@id\":\"https:\\\/\\\/informelitoral.com.ar\\\/tension-en-concordia\\\/#primaryimage\"},\"thumbnailUrl\":\"http:\\\/\\\/www.isletasnoticias.com.ar\\\/%77%70%2d%63%6f%6e%74%65%6e%74\\\/uploads\\\/2013\\\/12\\\/concordia-300x168.jpg\",\"datePublished\":\"2013-12-09T03:40:20+00:00\",\"breadcrumb\":{\"@id\":\"https:\\\/\\\/informelitoral.com.ar\\\/tension-en-concordia\\\/#breadcrumb\"},\"inLanguage\":\"es\",\"potentialAction\":[{\"@type\":\"ReadAction\",\"target\":[\"https:\\\/\\\/informelitoral.com.ar\\\/tension-en-concordia\\\/\"]}]},{\"@type\":\"ImageObject\",\"inLanguage\":\"es\",\"@id\":\"https:\\\/\\\/informelitoral.com.ar\\\/tension-en-concordia\\\/#primaryimage\",\"url\":\"http:\\\/\\\/www.isletasnoticias.com.ar\\\/%77%70%2d%63%6f%6e%74%65%6e%74\\\/uploads\\\/2013\\\/12\\\/concordia-300x168.jpg\",\"contentUrl\":\"http:\\\/\\\/www.isletasnoticias.com.ar\\\/%77%70%2d%63%6f%6e%74%65%6e%74\\\/uploads\\\/2013\\\/12\\\/concordia-300x168.jpg\"},{\"@type\":\"BreadcrumbList\",\"@id\":\"https:\\\/\\\/informelitoral.com.ar\\\/tension-en-concordia\\\/#breadcrumb\",\"itemListElement\":[{\"@type\":\"ListItem\",\"position\":1,\"name\":\"Portada\",\"item\":\"https:\\\/\\\/informelitoral.com.ar\\\/\"},{\"@type\":\"ListItem\",\"position\":2,\"name\":\"Tensi\u00f3n en Concordia\"}]},{\"@type\":\"WebSite\",\"@id\":\"https:\\\/\\\/informelitoral.com.ar\\\/#website\",\"url\":\"https:\\\/\\\/informelitoral.com.ar\\\/\",\"name\":\"Informe Litoral\",\"description\":\"&quot;Nos informamos&quot; \",\"publisher\":{\"@id\":\"https:\\\/\\\/informelitoral.com.ar\\\/#organization\"},\"potentialAction\":[{\"@type\":\"SearchAction\",\"target\":{\"@type\":\"EntryPoint\",\"urlTemplate\":\"https:\\\/\\\/informelitoral.com.ar\\\/?s={search_term_string}\"},\"query-input\":{\"@type\":\"PropertyValueSpecification\",\"valueRequired\":true,\"valueName\":\"search_term_string\"}}],\"inLanguage\":\"es\"},{\"@type\":\"Organization\",\"@id\":\"https:\\\/\\\/informelitoral.com.ar\\\/#organization\",\"name\":\"Informe Litoral\",\"url\":\"https:\\\/\\\/informelitoral.com.ar\\\/\",\"logo\":{\"@type\":\"ImageObject\",\"inLanguage\":\"es\",\"@id\":\"https:\\\/\\\/informelitoral.com.ar\\\/#\\\/schema\\\/logo\\\/image\\\/\",\"url\":\"https:\\\/\\\/informelitoral.com.ar\\\/%77%70%2d%63%6f%6e%74%65%6e%74\\\/uploads\\\/2021\\\/01\\\/circulo.png\",\"contentUrl\":\"https:\\\/\\\/informelitoral.com.ar\\\/%77%70%2d%63%6f%6e%74%65%6e%74\\\/uploads\\\/2021\\\/01\\\/circulo.png\",\"width\":723,\"height\":731,\"caption\":\"Informe Litoral\"},\"image\":{\"@id\":\"https:\\\/\\\/informelitoral.com.ar\\\/#\\\/schema\\\/logo\\\/image\\\/\"},\"sameAs\":[\"https:\\\/\\\/www.facebook.com\\\/informelitoral\\\/\",\"https:\\\/\\\/x.com\\\/InformeLitoral\",\"https:\\\/\\\/www.instagram.com\\\/informelitoral\\\/\",\"https:\\\/\\\/www.youtube.com\\\/channel\\\/UCua4Qvz8Icb6MYqhoq9xLXw\"]},{\"@type\":\"Person\",\"@id\":\"https:\\\/\\\/informelitoral.com.ar\\\/#\\\/schema\\\/person\\\/b9d00407c836482871ef1d57bf8e3180\",\"name\":\"Gonzalo Schmidt\",\"image\":{\"@type\":\"ImageObject\",\"inLanguage\":\"es\",\"@id\":\"https:\\\/\\\/secure.gravatar.com\\\/avatar\\\/31a1a7b66ff2de83bd0e9fd79d026630d2d99e55e8bfe501287647b4fd9743de?s=96&d=mm&r=g\",\"url\":\"https:\\\/\\\/secure.gravatar.com\\\/avatar\\\/31a1a7b66ff2de83bd0e9fd79d026630d2d99e55e8bfe501287647b4fd9743de?s=96&d=mm&r=g\",\"contentUrl\":\"https:\\\/\\\/secure.gravatar.com\\\/avatar\\\/31a1a7b66ff2de83bd0e9fd79d026630d2d99e55e8bfe501287647b4fd9743de?s=96&d=mm&r=g\",\"caption\":\"Gonzalo Schmidt\"},\"description\":\"Sitio web de noticias de la provincia de Entre R\u00edos, Argentina. Informaci\u00f3n y entretenimiento. Informe Litoral, nos informamos.\",\"sameAs\":[\"http:\\\/\\\/www.isletasnoticias.com.ar\"],\"url\":\"https:\\\/\\\/informelitoral.com.ar\\\/author\\\/gonzalo\\\/\"}]}<\/script>","yoast_head_json":{"title":"Tensi\u00f3n en Concordia - Informe Litoral","robots":{"index":"index","follow":"follow","max-snippet":"max-snippet:-1","max-image-preview":"max-image-preview:large","max-video-preview":"max-video-preview:-1"},"canonical":"https:\/\/informelitoral.com.ar\/tension-en-concordia\/","og_locale":"es_ES","og_type":"article","og_title":"Tensi\u00f3n en Concordia - Informe Litoral","og_description":"En la ciudad del citrus se viven horas de tensi&oacute;n social. Este domingo hubo una manifestaci&oacute;n de cerca de 150 polic&iacute;as que intent&oacute; copar la Jefatura. Fueron detenidos. Adem&aacute;s se registraron saqueos en varias zonas de la localidad. Un grupo de m&aacute;s de 150 polic&iacute;as autoconvocados intentaron copar la Jefatura Departamental y el Comando Radioel&eacute;ctrico [&hellip;]","og_url":"https:\/\/informelitoral.com.ar\/tension-en-concordia\/","og_site_name":"Informe Litoral","article_publisher":"https:\/\/www.facebook.com\/informelitoral\/","article_published_time":"2013-12-09T03:40:20+00:00","og_image":[{"width":640,"height":360,"url":"https:\/\/informelitoral.com.ar\/%77%70%2d%63%6f%6e%74%65%6e%74\/uploads\/2013\/12\/concordia.jpg","type":"image\/jpeg"}],"author":"Gonzalo Schmidt","twitter_card":"summary_large_image","twitter_creator":"@InformeLitoral","twitter_site":"@InformeLitoral","twitter_misc":{"Escrito por":"Gonzalo Schmidt","Tiempo de lectura":"3 minutos"},"schema":{"@context":"https:\/\/schema.org","@graph":[{"@type":"Article","@id":"https:\/\/informelitoral.com.ar\/tension-en-concordia\/#article","isPartOf":{"@id":"https:\/\/informelitoral.com.ar\/tension-en-concordia\/"},"author":{"name":"Gonzalo Schmidt","@id":"https:\/\/informelitoral.com.ar\/#\/schema\/person\/b9d00407c836482871ef1d57bf8e3180"},"headline":"Tensi\u00f3n en Concordia","datePublished":"2013-12-09T03:40:20+00:00","mainEntityOfPage":{"@id":"https:\/\/informelitoral.com.ar\/tension-en-concordia\/"},"wordCount":572,"commentCount":0,"publisher":{"@id":"https:\/\/informelitoral.com.ar\/#organization"},"image":{"@id":"https:\/\/informelitoral.com.ar\/tension-en-concordia\/#primaryimage"},"thumbnailUrl":"http:\/\/www.isletasnoticias.com.ar\/%77%70%2d%63%6f%6e%74%65%6e%74\/uploads\/2013\/12\/concordia-300x168.jpg","articleSection":["Entre R\u00edos","Policiales"],"inLanguage":"es","potentialAction":[{"@type":"CommentAction","name":"Comment","target":["https:\/\/informelitoral.com.ar\/tension-en-concordia\/#respond"]}]},{"@type":"WebPage","@id":"https:\/\/informelitoral.com.ar\/tension-en-concordia\/","url":"https:\/\/informelitoral.com.ar\/tension-en-concordia\/","name":"Tensi\u00f3n en Concordia - Informe Litoral","isPartOf":{"@id":"https:\/\/informelitoral.com.ar\/#website"},"primaryImageOfPage":{"@id":"https:\/\/informelitoral.com.ar\/tension-en-concordia\/#primaryimage"},"image":{"@id":"https:\/\/informelitoral.com.ar\/tension-en-concordia\/#primaryimage"},"thumbnailUrl":"http:\/\/www.isletasnoticias.com.ar\/%77%70%2d%63%6f%6e%74%65%6e%74\/uploads\/2013\/12\/concordia-300x168.jpg","datePublished":"2013-12-09T03:40:20+00:00","breadcrumb":{"@id":"https:\/\/informelitoral.com.ar\/tension-en-concordia\/#breadcrumb"},"inLanguage":"es","potentialAction":[{"@type":"ReadAction","target":["https:\/\/informelitoral.com.ar\/tension-en-concordia\/"]}]},{"@type":"ImageObject","inLanguage":"es","@id":"https:\/\/informelitoral.com.ar\/tension-en-concordia\/#primaryimage","url":"http:\/\/www.isletasnoticias.com.ar\/%77%70%2d%63%6f%6e%74%65%6e%74\/uploads\/2013\/12\/concordia-300x168.jpg","contentUrl":"http:\/\/www.isletasnoticias.com.ar\/%77%70%2d%63%6f%6e%74%65%6e%74\/uploads\/2013\/12\/concordia-300x168.jpg"},{"@type":"BreadcrumbList","@id":"https:\/\/informelitoral.com.ar\/tension-en-concordia\/#breadcrumb","itemListElement":[{"@type":"ListItem","position":1,"name":"Portada","item":"https:\/\/informelitoral.com.ar\/"},{"@type":"ListItem","position":2,"name":"Tensi\u00f3n en Concordia"}]},{"@type":"WebSite","@id":"https:\/\/informelitoral.com.ar\/#website","url":"https:\/\/informelitoral.com.ar\/","name":"Informe Litoral","description":"&quot;Nos informamos&quot; ","publisher":{"@id":"https:\/\/informelitoral.com.ar\/#organization"},"potentialAction":[{"@type":"SearchAction","target":{"@type":"EntryPoint","urlTemplate":"https:\/\/informelitoral.com.ar\/?s={search_term_string}"},"query-input":{"@type":"PropertyValueSpecification","valueRequired":true,"valueName":"search_term_string"}}],"inLanguage":"es"},{"@type":"Organization","@id":"https:\/\/informelitoral.com.ar\/#organization","name":"Informe Litoral","url":"https:\/\/informelitoral.com.ar\/","logo":{"@type":"ImageObject","inLanguage":"es","@id":"https:\/\/informelitoral.com.ar\/#\/schema\/logo\/image\/","url":"https:\/\/informelitoral.com.ar\/%77%70%2d%63%6f%6e%74%65%6e%74\/uploads\/2021\/01\/circulo.png","contentUrl":"https:\/\/informelitoral.com.ar\/%77%70%2d%63%6f%6e%74%65%6e%74\/uploads\/2021\/01\/circulo.png","width":723,"height":731,"caption":"Informe Litoral"},"image":{"@id":"https:\/\/informelitoral.com.ar\/#\/schema\/logo\/image\/"},"sameAs":["https:\/\/www.facebook.com\/informelitoral\/","https:\/\/x.com\/InformeLitoral","https:\/\/www.instagram.com\/informelitoral\/","https:\/\/www.youtube.com\/channel\/UCua4Qvz8Icb6MYqhoq9xLXw"]},{"@type":"Person","@id":"https:\/\/informelitoral.com.ar\/#\/schema\/person\/b9d00407c836482871ef1d57bf8e3180","name":"Gonzalo Schmidt","image":{"@type":"ImageObject","inLanguage":"es","@id":"https:\/\/secure.gravatar.com\/avatar\/31a1a7b66ff2de83bd0e9fd79d026630d2d99e55e8bfe501287647b4fd9743de?s=96&d=mm&r=g","url":"https:\/\/secure.gravatar.com\/avatar\/31a1a7b66ff2de83bd0e9fd79d026630d2d99e55e8bfe501287647b4fd9743de?s=96&d=mm&r=g","contentUrl":"https:\/\/secure.gravatar.com\/avatar\/31a1a7b66ff2de83bd0e9fd79d026630d2d99e55e8bfe501287647b4fd9743de?s=96&d=mm&r=g","caption":"Gonzalo Schmidt"},"description":"Sitio web de noticias de la provincia de Entre R\u00edos, Argentina. Informaci\u00f3n y entretenimiento. Informe Litoral, nos informamos.","sameAs":["http:\/\/www.isletasnoticias.com.ar"],"url":"https:\/\/informelitoral.com.ar\/author\/gonzalo\/"}]}},"_links":{"self":[{"href":"https:\/\/informelitoral.com.ar\/%77%70%2d%6a%73%6f%6e\/wp\/v2\/posts\/4589","targetHints":{"allow":["GET"]}}],"collection":[{"href":"https:\/\/informelitoral.com.ar\/%77%70%2d%6a%73%6f%6e\/wp\/v2\/posts"}],"about":[{"href":"https:\/\/informelitoral.com.ar\/%77%70%2d%6a%73%6f%6e\/wp\/v2\/types\/post"}],"author":[{"embeddable":true,"href":"https:\/\/informelitoral.com.ar\/%77%70%2d%6a%73%6f%6e\/wp\/v2\/users\/2"}],"replies":[{"embeddable":true,"href":"https:\/\/informelitoral.com.ar\/%77%70%2d%6a%73%6f%6e\/wp\/v2\/comments?post=4589"}],"version-history":[{"count":0,"href":"https:\/\/informelitoral.com.ar\/%77%70%2d%6a%73%6f%6e\/wp\/v2\/posts\/4589\/revisions"}],"wp:attachment":[{"href":"https:\/\/informelitoral.com.ar\/%77%70%2d%6a%73%6f%6e\/wp\/v2\/media?parent=4589"}],"wp:term":[{"taxonomy":"category","embeddable":true,"href":"https:\/\/informelitoral.com.ar\/%77%70%2d%6a%73%6f%6e\/wp\/v2\/categories?post=4589"},{"taxonomy":"post_tag","embeddable":true,"href":"https:\/\/informelitoral.com.ar\/%77%70%2d%6a%73%6f%6e\/wp\/v2\/tags?post=4589"}],"curies":[{"name":"wp","href":"https:\/\/api.w.org\/{rel}","templated":true}]}}