{"id":45888,"date":"2020-07-17T07:43:08","date_gmt":"2020-07-17T10:43:08","guid":{"rendered":"https:\/\/www.isletasnoticias.com.ar\/?p=45888"},"modified":"2020-07-17T07:43:56","modified_gmt":"2020-07-17T10:43:56","slug":"bordet-se-intereso-en-una-propuesta-de-politica-agroexportadora-federal-e-inclusiva-impulsada-por-el-sector-privado","status":"publish","type":"post","link":"https:\/\/informelitoral.com.ar\/bordet-se-intereso-en-una-propuesta-de-politica-agroexportadora-federal-e-inclusiva-impulsada-por-el-sector-privado\/","title":{"rendered":"Bordet se interes\u00f3 en una propuesta de pol\u00edtica agroexportadora \u00abfederal e inclusiva\u00bb impulsada por el sector privado"},"content":{"rendered":"<p>Junto a los ministros de Producci\u00f3n, Juan Jos\u00e9 Bahillo, y de Econom\u00eda, Hugo Ballay, el primer mandatario entrerriano tom\u00f3 contacto este jueves de modo virtual, con integrantes de la cadena agroindustrial nacional, con representaci\u00f3n federal, que llevan adelante esa propuesta a nivel pa\u00eds, con el fin de generar efectos positivos en empleo, producci\u00f3n, exportaci\u00f3n e ingresos de divisas.<\/p>\n<p>Al t\u00e9rmino del encuentro, el ministro Bahillo coment\u00f3 que el proyecto presentado \u00abest\u00e1 basado en incrementar las exportaciones en 16.000 millones de d\u00f3lares que tendr\u00eda un impacto de 31.000 millones de d\u00f3lares en el crecimiento de la econom\u00eda y generar\u00eda entre puestos directos e indirectos alrededor de 700.000 nuevos puestos de trabajo\u00bb.<\/p>\n<p>\u00abObviamente, este proyecto tiene muchos puntos en com\u00fan con las realidades productivas, con los sectores productivos que tiene nuestra provincia\u00bb, dijo y acot\u00f3 que \u00abnos pareci\u00f3 muy interesante la presentaci\u00f3n de esa iniciativa. Tenemos una mirada compartida y muchas coincidencias hacia d\u00f3nde crecer, hacia d\u00f3nde desarrollar, c\u00f3mo generar divisas para atender los problemas de endeudamiento que tiene el pa\u00eds y tambi\u00e9n de crecimiento que tiene que tener Argentina y Entre R\u00edos\u00bb.<\/p>\n<p>Luego sostuvo el ministro de Producci\u00f3n que \u00abpor otro lado, lo que tambi\u00e9n destacamos, y que creo que ah\u00ed es donde est\u00e1 la tarea pol\u00edtica cumplida si lo logramos, es la generaci\u00f3n de nuevos puestos de trabajo, el crecimiento econ\u00f3mico, el desarrollo. Apostamos a eso y trabajamos en conjunto con los sectores para lograrlo\u00bb.<\/p>\n<p>\u00abAspiran a que se transforme en un proyecto de ley y por eso el inter\u00e9s en involucrarlo al gobernador que ha comprometido el compromiso de los legisladores y tambi\u00e9n la mirada sobre las cuentas. Por eso tambi\u00e9n fue interesante la participaci\u00f3n del ministro de Econom\u00eda\u00bb, indic\u00f3.<\/p>\n<p>Con respecto a la provincia, puntualiz\u00f3: \u00abEstamos convencidos de las definiciones que traz\u00f3 el gobernador para el desarrollo de Entre R\u00edos. Hay tres o cuatro vectores que el gobernador comparti\u00f3 con estas c\u00e1maras empresariales que son obligaciones indelegables para nosotros: los puertos, la matriz energ\u00e9tica, la red de caminos primarios y secundarios, y el desarrollo gas\u00edfero, para poder agregar valor y radicar industrias a lo largo y ancho de toda la provincia\u00bb.<\/p>\n<p>\u00abDespu\u00e9s de estas cuestiones que las tiene que garantizar el Estado, hay que construir -y lo estamos haciendo- una agenda con los distintos sectores productivos de la provincia, que son m\u00e1s de 15. Trabajamos en conjunto porque creemos en la articulaci\u00f3n con el sector privado\u00bb, acot\u00f3.<\/p>\n<p>A su turno, el ministro Ballay sostuvo que, tal como lo expres\u00f3 el gobernador en el encuentro, \u00abmucho de los sectores productores de lo exportable en la parte de alimentos son de nuestra provincia, como por ejemplo el av\u00edcola, el arrocero y el arandanero\u00bb.<\/p>\n<p>Asimismo, rescat\u00f3, \u00abcomo lo se\u00f1al\u00f3 el gobernador, que es una iniciativa que viene del sector privado que propone la articulaci\u00f3n con el sector p\u00fablico. Ni el sector privado, ni el Estado solo lo podr\u00eda llevar a cabo, y por eso agradecieron todos los que expresaron sus palabras este apoyo y esta participaci\u00f3n que hizo expresa el gobernador, no solamente en su condici\u00f3n de departamento Ejecutivo o de la provincia, sino tambi\u00e9n<br \/>\ncomprometer a los legisladores nacionales que acompa\u00f1en este proyecto\u00bb.<\/p>\n<p>Dijo que se trata de un proyecto \u00abque habla a 10 a\u00f1os, ambicioso y que realmente en el \u00e1rea econ\u00f3mica tambi\u00e9n va a fijar primero algunos cuestionamientos de estabilidad impositiva y fiscal, de tratar de tener reglas claras y que realmente con s\u00f3lo analizar los n\u00fameros de incremento de la ocupaci\u00f3n de mano de obra, el distinto nivel de desarrollo o crecimiento de las exportaciones, hace que la econom\u00eda de la provincia se va a ver beneficiada\u00bb.<\/p>\n<p>\u00abEsta es una gran herramienta para trabajar. El pos pandemia va a ser un desaf\u00edo muy grande, as\u00ed como lo est\u00e1 siendo hoy para el sector de Salud espec\u00edficamente, para el \u00e1rea de Producci\u00f3n, para el \u00e1rea econ\u00f3mica. Por eso el gobernador expres\u00f3 que esta es una herramienta muy importante para poder encarar lo que vendr\u00e1\u00bb, resumi\u00f3.<\/p>\n<p><b>La propuesta<\/b><\/p>\n<p>Desde la organizaci\u00f3n, se destac\u00f3 que dicha propuesta a priori tendr\u00e1 impactos favorables en aumento de las exportaciones anuales (+16 mil millones de d\u00f3lares), en el movimiento econ\u00f3mico de todo el pa\u00eds (+32 mil millones de d\u00f3lares), en el empleo distribuido en todo el pa\u00eds (+210 mil empleos directos y cerca de 700 mil indirectos).<\/p>\n<p>Asimismo, se indic\u00f3 que esta reactivaci\u00f3n ir\u00eda de la mano de un impacto fiscal neutro, as\u00ed como no se prev\u00e9 solicitar al gobierno ning\u00fan tipo de subsidio. Los efectos econ\u00f3micos implicar\u00edan inversiones y uso de tecnolog\u00eda, incluyendo nuevos servicios y maquinarias. Esta reactivaci\u00f3n se har\u00e1 de forma sustentable cuidando el ambiente con pr\u00e1cticas y procesos que no impacten en nuestros ecosistemas.<\/p>\n<p>Tambi\u00e9n se se\u00f1al\u00f3 que \u201cel sector agroindustrial representa el 62 por ciento del total de las exportaciones argentinas de los \u00faltimos cinco a\u00f1os y estamos comprometidos en seguir aumentando nuestras exportaciones, con m\u00e1s inversiones que generen empleo, desarrollo territorial e ingreso de divisas. Para ello resulta imprescindible priorizar las negociaciones de los acuerdos comerciales como principal herramienta de creaci\u00f3n de comercio y de inversiones externas\u201d.<\/p>\n<p>\u201cLa Argentina viene atravesando una preocupante situaci\u00f3n econom\u00eda y social, que la pandemia ha intensificado. Esta propuesta busca fortalecer la visi\u00f3n de un pa\u00eds inclusivo, sustentable y prometedor; donde podamos volver a generar trabajos dignos y seguridad alimentaria para todos los argentinos. Consideramos que el contexto internacional actual y las capacidades productiva e industriales de la Argentina agroindustrial nos permiten tener ambiciones cre\u00edbles, raz\u00f3n por la cual hemos elaborado una propuesta que podr\u00eda transformarse en un proyecto de ley\u201d, se se\u00f1al\u00f3 y luego se reiter\u00f3 que \u201cexiste una oportunidad \u00fanica de lanzar un trabajo mancomunado p\u00fablico-privado que logre los objetivos enunciados\u201d.<\/p>\n<p>Participan en la propuesta las siguientes entidades: Acsoja, Argentrigo, Asagir, Asociaci\u00f3n Semilleros Argentinos, Bolsa de Cereales de Bah\u00eda Blanca, Bolsa de Cereales de Buenos Aires, Bolsa de Cereales de Cordoba, Bolsa de Cereales de Entre Rios, Bolsa de Comercio de Rosario, Bolsa de Comercio de Santa Fe, C\u00e1mara Algodonera Argentina, C\u00e1mara Argentina De Biocombustibles, C\u00e1mara Argentina de Empresas de Nutrici\u00f3n Animal, C\u00e1mara Argentina de Feedlot, C\u00e1mara Argentina de la Alfalfa, C\u00e1mara Argentina de Productores Av\u00edcolas, C\u00e1mara Argentina del Man\u00ed, C\u00e1mara de Industriales Arroceros, C\u00e1mara de la Industria Aceitera de la Rep\u00fablica Argentina, C\u00e1mara de Legumbres de la Rep\u00fablica Argentina, C\u00e1mara de Puertos Privados Comerciales, C\u00e1mara de Sanidad Agropecuaria y Fertilizantes, C\u00e1mara de Semilleristas de la Bolsa de Cereales, Centro de Corredores y Agentes, Centro de Empresas Procesadoras Av\u00edcolas, Centro de Exportadores de Cereales, Confederaci\u00f3n Intercooperativa Agropecuaria (Coninagro), Confederaciones Rurales Argentinas (CRA), Consorcio Exportadores de Carnes, Federaci\u00f3n Agraria Argentina (FAA), Federaci\u00f3n Argentina de la Industria Molinera, Federaci\u00f3n de Centros de Acopiadores de Cereales, Federaci\u00f3n Oliv\u00edcola Argentina, Frutas de Argentina, Maizar, Matba Rofex y Mesa Nacional de Carnes.<\/p>\n<div class=\"youtube-embed\" data-video_id=\"CC4ABoZO3D4\"><iframe loading=\"lazy\" title=\"Bordet se interes\u00f3 en una propuesta de pol\u00edtica agroexportadora impulsada por el sector privado\" width=\"696\" height=\"392\" src=\"https:\/\/www.youtube.com\/embed\/CC4ABoZO3D4?feature=oembed&#038;enablejsapi=1\" frameborder=\"0\" allow=\"accelerometer; autoplay; encrypted-media; gyroscope; picture-in-picture\" allowfullscreen><\/iframe><\/div>\n","protected":false},"excerpt":{"rendered":"<p>El gobernador Gustavo Bordet, se interioriz\u00f3 sobre la propuesta de Estrategia de Reactivaci\u00f3n Agroindustrial Exportadora Inclusiva y Federal, impulsada por numerosas entidades privadas a nivel nacional.<\/p>\n","protected":false},"author":2,"featured_media":45889,"comment_status":"open","ping_status":"open","sticky":false,"template":"","format":"standard","meta":{"fifu_image_url":"","fifu_image_alt":"","footnotes":""},"categories":[16],"tags":[274,81,83,167,120],"class_list":{"0":"post-45888","1":"post","2":"type-post","3":"status-publish","4":"format-standard","5":"has-post-thumbnail","7":"category-politi","8":"tag-agroindustria","9":"tag-entre-rios","10":"tag-exportaciones","11":"tag-gustavo-bordet","12":"tag-produccion"},"yoast_head":"<title>Bordet se interes\u00f3 en una propuesta de pol\u00edtica agroexportadora &quot;federal e inclusiva&quot; impulsada por el sector privado - Informe Litoral<\/title>\n<meta name=\"robots\" content=\"index, follow, max-snippet:-1, max-image-preview:large, max-video-preview:-1\" \/>\n<link rel=\"canonical\" href=\"https:\/\/informelitoral.com.ar\/bordet-se-intereso-en-una-propuesta-de-politica-agroexportadora-federal-e-inclusiva-impulsada-por-el-sector-privado\/\" \/>\n<meta property=\"og:locale\" content=\"es_ES\" \/>\n<meta property=\"og:type\" content=\"article\" \/>\n<meta property=\"og:title\" content=\"Bordet se interes\u00f3 en una propuesta de pol\u00edtica agroexportadora &quot;federal e inclusiva&quot; impulsada por el sector privado - Informe Litoral\" \/>\n<meta property=\"og:description\" content=\"El gobernador Gustavo Bordet, se interioriz\u00f3 sobre la propuesta de Estrategia de Reactivaci\u00f3n Agroindustrial Exportadora Inclusiva y Federal, impulsada por numerosas entidades privadas a nivel nacional.\" \/>\n<meta property=\"og:url\" content=\"https:\/\/informelitoral.com.ar\/bordet-se-intereso-en-una-propuesta-de-politica-agroexportadora-federal-e-inclusiva-impulsada-por-el-sector-privado\/\" \/>\n<meta property=\"og:site_name\" content=\"Informe Litoral\" \/>\n<meta property=\"article:publisher\" content=\"https:\/\/www.facebook.com\/informelitoral\/\" \/>\n<meta property=\"article:published_time\" content=\"2020-07-17T10:43:08+00:00\" \/>\n<meta property=\"article:modified_time\" content=\"2020-07-17T10:43:56+00:00\" \/>\n<meta property=\"og:image\" content=\"https:\/\/informelitoral.com.ar\/%77%70%2d%63%6f%6e%74%65%6e%74\/uploads\/2020\/07\/1594926504jpg-scaled.jpg\" \/>\n\t<meta property=\"og:image:width\" content=\"2560\" \/>\n\t<meta property=\"og:image:height\" content=\"1706\" \/>\n\t<meta property=\"og:image:type\" content=\"image\/jpeg\" \/>\n<meta name=\"author\" content=\"Gonzalo Schmidt\" \/>\n<meta name=\"twitter:card\" content=\"summary_large_image\" \/>\n<meta name=\"twitter:creator\" content=\"@InformeLitoral\" \/>\n<meta name=\"twitter:site\" content=\"@InformeLitoral\" \/>\n<meta name=\"twitter:label1\" content=\"Escrito por\" \/>\n\t<meta name=\"twitter:data1\" content=\"Gonzalo Schmidt\" \/>\n\t<meta name=\"twitter:label2\" content=\"Tiempo de lectura\" \/>\n\t<meta name=\"twitter:data2\" content=\"6 minutos\" \/>\n<script type=\"application\/ld+json\" class=\"yoast-schema-graph\">{\"@context\":\"https:\\\/\\\/schema.org\",\"@graph\":[{\"@type\":\"Article\",\"@id\":\"https:\\\/\\\/informelitoral.com.ar\\\/bordet-se-intereso-en-una-propuesta-de-politica-agroexportadora-federal-e-inclusiva-impulsada-por-el-sector-privado\\\/#article\",\"isPartOf\":{\"@id\":\"https:\\\/\\\/informelitoral.com.ar\\\/bordet-se-intereso-en-una-propuesta-de-politica-agroexportadora-federal-e-inclusiva-impulsada-por-el-sector-privado\\\/\"},\"author\":{\"name\":\"Gonzalo Schmidt\",\"@id\":\"https:\\\/\\\/informelitoral.com.ar\\\/#\\\/schema\\\/person\\\/b9d00407c836482871ef1d57bf8e3180\"},\"headline\":\"Bordet se interes\u00f3 en una propuesta de pol\u00edtica agroexportadora \u00abfederal e inclusiva\u00bb impulsada por el sector privado\",\"datePublished\":\"2020-07-17T10:43:08+00:00\",\"dateModified\":\"2020-07-17T10:43:56+00:00\",\"mainEntityOfPage\":{\"@id\":\"https:\\\/\\\/informelitoral.com.ar\\\/bordet-se-intereso-en-una-propuesta-de-politica-agroexportadora-federal-e-inclusiva-impulsada-por-el-sector-privado\\\/\"},\"wordCount\":1245,\"commentCount\":0,\"publisher\":{\"@id\":\"https:\\\/\\\/informelitoral.com.ar\\\/#organization\"},\"image\":{\"@id\":\"https:\\\/\\\/informelitoral.com.ar\\\/bordet-se-intereso-en-una-propuesta-de-politica-agroexportadora-federal-e-inclusiva-impulsada-por-el-sector-privado\\\/#primaryimage\"},\"thumbnailUrl\":\"https:\\\/\\\/informelitoral.com.ar\\\/%77%70%2d%63%6f%6e%74%65%6e%74\\\/uploads\\\/2020\\\/07\\\/1594926504jpg-scaled.jpg\",\"keywords\":[\"Agroindustria\",\"Entre R\u00edos\",\"Exportaciones\",\"Gustavo Bordet\",\"Producci\u00f3n\"],\"articleSection\":[\"Politica\"],\"inLanguage\":\"es\",\"potentialAction\":[{\"@type\":\"CommentAction\",\"name\":\"Comment\",\"target\":[\"https:\\\/\\\/informelitoral.com.ar\\\/bordet-se-intereso-en-una-propuesta-de-politica-agroexportadora-federal-e-inclusiva-impulsada-por-el-sector-privado\\\/#respond\"]}]},{\"@type\":\"WebPage\",\"@id\":\"https:\\\/\\\/informelitoral.com.ar\\\/bordet-se-intereso-en-una-propuesta-de-politica-agroexportadora-federal-e-inclusiva-impulsada-por-el-sector-privado\\\/\",\"url\":\"https:\\\/\\\/informelitoral.com.ar\\\/bordet-se-intereso-en-una-propuesta-de-politica-agroexportadora-federal-e-inclusiva-impulsada-por-el-sector-privado\\\/\",\"name\":\"Bordet se interes\u00f3 en una propuesta de pol\u00edtica agroexportadora \\\"federal e inclusiva\\\" impulsada por el sector privado - Informe Litoral\",\"isPartOf\":{\"@id\":\"https:\\\/\\\/informelitoral.com.ar\\\/#website\"},\"primaryImageOfPage\":{\"@id\":\"https:\\\/\\\/informelitoral.com.ar\\\/bordet-se-intereso-en-una-propuesta-de-politica-agroexportadora-federal-e-inclusiva-impulsada-por-el-sector-privado\\\/#primaryimage\"},\"image\":{\"@id\":\"https:\\\/\\\/informelitoral.com.ar\\\/bordet-se-intereso-en-una-propuesta-de-politica-agroexportadora-federal-e-inclusiva-impulsada-por-el-sector-privado\\\/#primaryimage\"},\"thumbnailUrl\":\"https:\\\/\\\/informelitoral.com.ar\\\/%77%70%2d%63%6f%6e%74%65%6e%74\\\/uploads\\\/2020\\\/07\\\/1594926504jpg-scaled.jpg\",\"datePublished\":\"2020-07-17T10:43:08+00:00\",\"dateModified\":\"2020-07-17T10:43:56+00:00\",\"breadcrumb\":{\"@id\":\"https:\\\/\\\/informelitoral.com.ar\\\/bordet-se-intereso-en-una-propuesta-de-politica-agroexportadora-federal-e-inclusiva-impulsada-por-el-sector-privado\\\/#breadcrumb\"},\"inLanguage\":\"es\",\"potentialAction\":[{\"@type\":\"ReadAction\",\"target\":[\"https:\\\/\\\/informelitoral.com.ar\\\/bordet-se-intereso-en-una-propuesta-de-politica-agroexportadora-federal-e-inclusiva-impulsada-por-el-sector-privado\\\/\"]}]},{\"@type\":\"ImageObject\",\"inLanguage\":\"es\",\"@id\":\"https:\\\/\\\/informelitoral.com.ar\\\/bordet-se-intereso-en-una-propuesta-de-politica-agroexportadora-federal-e-inclusiva-impulsada-por-el-sector-privado\\\/#primaryimage\",\"url\":\"https:\\\/\\\/informelitoral.com.ar\\\/%77%70%2d%63%6f%6e%74%65%6e%74\\\/uploads\\\/2020\\\/07\\\/1594926504jpg-scaled.jpg\",\"contentUrl\":\"https:\\\/\\\/informelitoral.com.ar\\\/%77%70%2d%63%6f%6e%74%65%6e%74\\\/uploads\\\/2020\\\/07\\\/1594926504jpg-scaled.jpg\",\"width\":2560,\"height\":1706},{\"@type\":\"BreadcrumbList\",\"@id\":\"https:\\\/\\\/informelitoral.com.ar\\\/bordet-se-intereso-en-una-propuesta-de-politica-agroexportadora-federal-e-inclusiva-impulsada-por-el-sector-privado\\\/#breadcrumb\",\"itemListElement\":[{\"@type\":\"ListItem\",\"position\":1,\"name\":\"Portada\",\"item\":\"https:\\\/\\\/informelitoral.com.ar\\\/\"},{\"@type\":\"ListItem\",\"position\":2,\"name\":\"Bordet se interes\u00f3 en una propuesta de pol\u00edtica agroexportadora \u00abfederal e inclusiva\u00bb impulsada por el sector privado\"}]},{\"@type\":\"WebSite\",\"@id\":\"https:\\\/\\\/informelitoral.com.ar\\\/#website\",\"url\":\"https:\\\/\\\/informelitoral.com.ar\\\/\",\"name\":\"Informe Litoral\",\"description\":\"&quot;Nos informamos&quot; \",\"publisher\":{\"@id\":\"https:\\\/\\\/informelitoral.com.ar\\\/#organization\"},\"potentialAction\":[{\"@type\":\"SearchAction\",\"target\":{\"@type\":\"EntryPoint\",\"urlTemplate\":\"https:\\\/\\\/informelitoral.com.ar\\\/?s={search_term_string}\"},\"query-input\":{\"@type\":\"PropertyValueSpecification\",\"valueRequired\":true,\"valueName\":\"search_term_string\"}}],\"inLanguage\":\"es\"},{\"@type\":\"Organization\",\"@id\":\"https:\\\/\\\/informelitoral.com.ar\\\/#organization\",\"name\":\"Informe Litoral\",\"url\":\"https:\\\/\\\/informelitoral.com.ar\\\/\",\"logo\":{\"@type\":\"ImageObject\",\"inLanguage\":\"es\",\"@id\":\"https:\\\/\\\/informelitoral.com.ar\\\/#\\\/schema\\\/logo\\\/image\\\/\",\"url\":\"https:\\\/\\\/informelitoral.com.ar\\\/%77%70%2d%63%6f%6e%74%65%6e%74\\\/uploads\\\/2021\\\/01\\\/circulo.png\",\"contentUrl\":\"https:\\\/\\\/informelitoral.com.ar\\\/%77%70%2d%63%6f%6e%74%65%6e%74\\\/uploads\\\/2021\\\/01\\\/circulo.png\",\"width\":723,\"height\":731,\"caption\":\"Informe Litoral\"},\"image\":{\"@id\":\"https:\\\/\\\/informelitoral.com.ar\\\/#\\\/schema\\\/logo\\\/image\\\/\"},\"sameAs\":[\"https:\\\/\\\/www.facebook.com\\\/informelitoral\\\/\",\"https:\\\/\\\/x.com\\\/InformeLitoral\",\"https:\\\/\\\/www.instagram.com\\\/informelitoral\\\/\",\"https:\\\/\\\/www.youtube.com\\\/channel\\\/UCua4Qvz8Icb6MYqhoq9xLXw\"]},{\"@type\":\"Person\",\"@id\":\"https:\\\/\\\/informelitoral.com.ar\\\/#\\\/schema\\\/person\\\/b9d00407c836482871ef1d57bf8e3180\",\"name\":\"Gonzalo Schmidt\",\"image\":{\"@type\":\"ImageObject\",\"inLanguage\":\"es\",\"@id\":\"https:\\\/\\\/secure.gravatar.com\\\/avatar\\\/31a1a7b66ff2de83bd0e9fd79d026630d2d99e55e8bfe501287647b4fd9743de?s=96&d=mm&r=g\",\"url\":\"https:\\\/\\\/secure.gravatar.com\\\/avatar\\\/31a1a7b66ff2de83bd0e9fd79d026630d2d99e55e8bfe501287647b4fd9743de?s=96&d=mm&r=g\",\"contentUrl\":\"https:\\\/\\\/secure.gravatar.com\\\/avatar\\\/31a1a7b66ff2de83bd0e9fd79d026630d2d99e55e8bfe501287647b4fd9743de?s=96&d=mm&r=g\",\"caption\":\"Gonzalo Schmidt\"},\"description\":\"Sitio web de noticias de la provincia de Entre R\u00edos, Argentina. Informaci\u00f3n y entretenimiento. Informe Litoral, nos informamos.\",\"sameAs\":[\"http:\\\/\\\/www.isletasnoticias.com.ar\"],\"url\":\"https:\\\/\\\/informelitoral.com.ar\\\/author\\\/gonzalo\\\/\"}]}<\/script>","yoast_head_json":{"title":"Bordet se interes\u00f3 en una propuesta de pol\u00edtica agroexportadora \"federal e inclusiva\" impulsada por el sector privado - Informe Litoral","robots":{"index":"index","follow":"follow","max-snippet":"max-snippet:-1","max-image-preview":"max-image-preview:large","max-video-preview":"max-video-preview:-1"},"canonical":"https:\/\/informelitoral.com.ar\/bordet-se-intereso-en-una-propuesta-de-politica-agroexportadora-federal-e-inclusiva-impulsada-por-el-sector-privado\/","og_locale":"es_ES","og_type":"article","og_title":"Bordet se interes\u00f3 en una propuesta de pol\u00edtica agroexportadora \"federal e inclusiva\" impulsada por el sector privado - Informe Litoral","og_description":"El gobernador Gustavo Bordet, se interioriz\u00f3 sobre la propuesta de Estrategia de Reactivaci\u00f3n Agroindustrial Exportadora Inclusiva y Federal, impulsada por numerosas entidades privadas a nivel nacional.","og_url":"https:\/\/informelitoral.com.ar\/bordet-se-intereso-en-una-propuesta-de-politica-agroexportadora-federal-e-inclusiva-impulsada-por-el-sector-privado\/","og_site_name":"Informe Litoral","article_publisher":"https:\/\/www.facebook.com\/informelitoral\/","article_published_time":"2020-07-17T10:43:08+00:00","article_modified_time":"2020-07-17T10:43:56+00:00","og_image":[{"width":2560,"height":1706,"url":"https:\/\/informelitoral.com.ar\/%77%70%2d%63%6f%6e%74%65%6e%74\/uploads\/2020\/07\/1594926504jpg-scaled.jpg","type":"image\/jpeg"}],"author":"Gonzalo Schmidt","twitter_card":"summary_large_image","twitter_creator":"@InformeLitoral","twitter_site":"@InformeLitoral","twitter_misc":{"Escrito por":"Gonzalo Schmidt","Tiempo de lectura":"6 minutos"},"schema":{"@context":"https:\/\/schema.org","@graph":[{"@type":"Article","@id":"https:\/\/informelitoral.com.ar\/bordet-se-intereso-en-una-propuesta-de-politica-agroexportadora-federal-e-inclusiva-impulsada-por-el-sector-privado\/#article","isPartOf":{"@id":"https:\/\/informelitoral.com.ar\/bordet-se-intereso-en-una-propuesta-de-politica-agroexportadora-federal-e-inclusiva-impulsada-por-el-sector-privado\/"},"author":{"name":"Gonzalo Schmidt","@id":"https:\/\/informelitoral.com.ar\/#\/schema\/person\/b9d00407c836482871ef1d57bf8e3180"},"headline":"Bordet se interes\u00f3 en una propuesta de pol\u00edtica agroexportadora \u00abfederal e inclusiva\u00bb impulsada por el sector privado","datePublished":"2020-07-17T10:43:08+00:00","dateModified":"2020-07-17T10:43:56+00:00","mainEntityOfPage":{"@id":"https:\/\/informelitoral.com.ar\/bordet-se-intereso-en-una-propuesta-de-politica-agroexportadora-federal-e-inclusiva-impulsada-por-el-sector-privado\/"},"wordCount":1245,"commentCount":0,"publisher":{"@id":"https:\/\/informelitoral.com.ar\/#organization"},"image":{"@id":"https:\/\/informelitoral.com.ar\/bordet-se-intereso-en-una-propuesta-de-politica-agroexportadora-federal-e-inclusiva-impulsada-por-el-sector-privado\/#primaryimage"},"thumbnailUrl":"https:\/\/informelitoral.com.ar\/%77%70%2d%63%6f%6e%74%65%6e%74\/uploads\/2020\/07\/1594926504jpg-scaled.jpg","keywords":["Agroindustria","Entre R\u00edos","Exportaciones","Gustavo Bordet","Producci\u00f3n"],"articleSection":["Politica"],"inLanguage":"es","potentialAction":[{"@type":"CommentAction","name":"Comment","target":["https:\/\/informelitoral.com.ar\/bordet-se-intereso-en-una-propuesta-de-politica-agroexportadora-federal-e-inclusiva-impulsada-por-el-sector-privado\/#respond"]}]},{"@type":"WebPage","@id":"https:\/\/informelitoral.com.ar\/bordet-se-intereso-en-una-propuesta-de-politica-agroexportadora-federal-e-inclusiva-impulsada-por-el-sector-privado\/","url":"https:\/\/informelitoral.com.ar\/bordet-se-intereso-en-una-propuesta-de-politica-agroexportadora-federal-e-inclusiva-impulsada-por-el-sector-privado\/","name":"Bordet se interes\u00f3 en una propuesta de pol\u00edtica agroexportadora \"federal e inclusiva\" impulsada por el sector privado - Informe Litoral","isPartOf":{"@id":"https:\/\/informelitoral.com.ar\/#website"},"primaryImageOfPage":{"@id":"https:\/\/informelitoral.com.ar\/bordet-se-intereso-en-una-propuesta-de-politica-agroexportadora-federal-e-inclusiva-impulsada-por-el-sector-privado\/#primaryimage"},"image":{"@id":"https:\/\/informelitoral.com.ar\/bordet-se-intereso-en-una-propuesta-de-politica-agroexportadora-federal-e-inclusiva-impulsada-por-el-sector-privado\/#primaryimage"},"thumbnailUrl":"https:\/\/informelitoral.com.ar\/%77%70%2d%63%6f%6e%74%65%6e%74\/uploads\/2020\/07\/1594926504jpg-scaled.jpg","datePublished":"2020-07-17T10:43:08+00:00","dateModified":"2020-07-17T10:43:56+00:00","breadcrumb":{"@id":"https:\/\/informelitoral.com.ar\/bordet-se-intereso-en-una-propuesta-de-politica-agroexportadora-federal-e-inclusiva-impulsada-por-el-sector-privado\/#breadcrumb"},"inLanguage":"es","potentialAction":[{"@type":"ReadAction","target":["https:\/\/informelitoral.com.ar\/bordet-se-intereso-en-una-propuesta-de-politica-agroexportadora-federal-e-inclusiva-impulsada-por-el-sector-privado\/"]}]},{"@type":"ImageObject","inLanguage":"es","@id":"https:\/\/informelitoral.com.ar\/bordet-se-intereso-en-una-propuesta-de-politica-agroexportadora-federal-e-inclusiva-impulsada-por-el-sector-privado\/#primaryimage","url":"https:\/\/informelitoral.com.ar\/%77%70%2d%63%6f%6e%74%65%6e%74\/uploads\/2020\/07\/1594926504jpg-scaled.jpg","contentUrl":"https:\/\/informelitoral.com.ar\/%77%70%2d%63%6f%6e%74%65%6e%74\/uploads\/2020\/07\/1594926504jpg-scaled.jpg","width":2560,"height":1706},{"@type":"BreadcrumbList","@id":"https:\/\/informelitoral.com.ar\/bordet-se-intereso-en-una-propuesta-de-politica-agroexportadora-federal-e-inclusiva-impulsada-por-el-sector-privado\/#breadcrumb","itemListElement":[{"@type":"ListItem","position":1,"name":"Portada","item":"https:\/\/informelitoral.com.ar\/"},{"@type":"ListItem","position":2,"name":"Bordet se interes\u00f3 en una propuesta de pol\u00edtica agroexportadora \u00abfederal e inclusiva\u00bb impulsada por el sector privado"}]},{"@type":"WebSite","@id":"https:\/\/informelitoral.com.ar\/#website","url":"https:\/\/informelitoral.com.ar\/","name":"Informe Litoral","description":"&quot;Nos informamos&quot; ","publisher":{"@id":"https:\/\/informelitoral.com.ar\/#organization"},"potentialAction":[{"@type":"SearchAction","target":{"@type":"EntryPoint","urlTemplate":"https:\/\/informelitoral.com.ar\/?s={search_term_string}"},"query-input":{"@type":"PropertyValueSpecification","valueRequired":true,"valueName":"search_term_string"}}],"inLanguage":"es"},{"@type":"Organization","@id":"https:\/\/informelitoral.com.ar\/#organization","name":"Informe Litoral","url":"https:\/\/informelitoral.com.ar\/","logo":{"@type":"ImageObject","inLanguage":"es","@id":"https:\/\/informelitoral.com.ar\/#\/schema\/logo\/image\/","url":"https:\/\/informelitoral.com.ar\/%77%70%2d%63%6f%6e%74%65%6e%74\/uploads\/2021\/01\/circulo.png","contentUrl":"https:\/\/informelitoral.com.ar\/%77%70%2d%63%6f%6e%74%65%6e%74\/uploads\/2021\/01\/circulo.png","width":723,"height":731,"caption":"Informe Litoral"},"image":{"@id":"https:\/\/informelitoral.com.ar\/#\/schema\/logo\/image\/"},"sameAs":["https:\/\/www.facebook.com\/informelitoral\/","https:\/\/x.com\/InformeLitoral","https:\/\/www.instagram.com\/informelitoral\/","https:\/\/www.youtube.com\/channel\/UCua4Qvz8Icb6MYqhoq9xLXw"]},{"@type":"Person","@id":"https:\/\/informelitoral.com.ar\/#\/schema\/person\/b9d00407c836482871ef1d57bf8e3180","name":"Gonzalo Schmidt","image":{"@type":"ImageObject","inLanguage":"es","@id":"https:\/\/secure.gravatar.com\/avatar\/31a1a7b66ff2de83bd0e9fd79d026630d2d99e55e8bfe501287647b4fd9743de?s=96&d=mm&r=g","url":"https:\/\/secure.gravatar.com\/avatar\/31a1a7b66ff2de83bd0e9fd79d026630d2d99e55e8bfe501287647b4fd9743de?s=96&d=mm&r=g","contentUrl":"https:\/\/secure.gravatar.com\/avatar\/31a1a7b66ff2de83bd0e9fd79d026630d2d99e55e8bfe501287647b4fd9743de?s=96&d=mm&r=g","caption":"Gonzalo Schmidt"},"description":"Sitio web de noticias de la provincia de Entre R\u00edos, Argentina. Informaci\u00f3n y entretenimiento. Informe Litoral, nos informamos.","sameAs":["http:\/\/www.isletasnoticias.com.ar"],"url":"https:\/\/informelitoral.com.ar\/author\/gonzalo\/"}]}},"_links":{"self":[{"href":"https:\/\/informelitoral.com.ar\/%77%70%2d%6a%73%6f%6e\/wp\/v2\/posts\/45888","targetHints":{"allow":["GET"]}}],"collection":[{"href":"https:\/\/informelitoral.com.ar\/%77%70%2d%6a%73%6f%6e\/wp\/v2\/posts"}],"about":[{"href":"https:\/\/informelitoral.com.ar\/%77%70%2d%6a%73%6f%6e\/wp\/v2\/types\/post"}],"author":[{"embeddable":true,"href":"https:\/\/informelitoral.com.ar\/%77%70%2d%6a%73%6f%6e\/wp\/v2\/users\/2"}],"replies":[{"embeddable":true,"href":"https:\/\/informelitoral.com.ar\/%77%70%2d%6a%73%6f%6e\/wp\/v2\/comments?post=45888"}],"version-history":[{"count":0,"href":"https:\/\/informelitoral.com.ar\/%77%70%2d%6a%73%6f%6e\/wp\/v2\/posts\/45888\/revisions"}],"wp:featuredmedia":[{"embeddable":true,"href":"https:\/\/informelitoral.com.ar\/%77%70%2d%6a%73%6f%6e\/wp\/v2\/media\/45889"}],"wp:attachment":[{"href":"https:\/\/informelitoral.com.ar\/%77%70%2d%6a%73%6f%6e\/wp\/v2\/media?parent=45888"}],"wp:term":[{"taxonomy":"category","embeddable":true,"href":"https:\/\/informelitoral.com.ar\/%77%70%2d%6a%73%6f%6e\/wp\/v2\/categories?post=45888"},{"taxonomy":"post_tag","embeddable":true,"href":"https:\/\/informelitoral.com.ar\/%77%70%2d%6a%73%6f%6e\/wp\/v2\/tags?post=45888"}],"curies":[{"name":"wp","href":"https:\/\/api.w.org\/{rel}","templated":true}]}}