{"id":4581,"date":"2013-12-06T18:55:11","date_gmt":"2013-12-06T21:55:11","guid":{"rendered":"http:\/\/www.isletasnoticias.com.ar\/?p=4581"},"modified":"2013-12-06T18:57:23","modified_gmt":"2013-12-06T21:57:23","slug":"massa-alento-a-intendentes-entrerrianos-a-dar-el-salto","status":"publish","type":"post","link":"https:\/\/informelitoral.com.ar\/massa-alento-a-intendentes-entrerrianos-a-dar-el-salto\/","title":{"rendered":"Massa alent\u00f3 a intendentes entrerrianos a dar el salto"},"content":{"rendered":"<p><strong>El l\u00edder del Frente Renovador estuvo en Paran\u00e1 con Busti como anfitri\u00f3n. Asegur\u00f3 que tiene di\u00e1logo fluido con intendentes entrerrianos pero que no los vio porque tienen miedo. A la misma hora se reuni<strong>\u00f3 Urribarri con los jefes municipales.<\/strong><\/strong><\/p>\n<p><img loading=\"lazy\" decoding=\"async\" class=\"size-medium wp-image-4582 aligncenter\" alt=\"massa\" src=\"http:\/\/www.isletasnoticias.com.ar\/%77%70%2d%63%6f%6e%74%65%6e%74\/uploads\/2013\/12\/massa1-300x161.jpg\" width=\"300\" height=\"161\" srcset=\"https:\/\/informelitoral.com.ar\/%77%70%2d%63%6f%6e%74%65%6e%74\/uploads\/2013\/12\/massa1-300x161.jpg 300w, https:\/\/informelitoral.com.ar\/%77%70%2d%63%6f%6e%74%65%6e%74\/uploads\/2013\/12\/massa1.jpg 306w\" sizes=\"auto, (max-width: 300px) 100vw, 300px\" \/><\/p>\n<p style=\"text-align: left;\">El diputado electo el 27 de octubre y referente nacional del Frente Renovador, lleg\u00f3 en medio de un trasfondo pol\u00edtico donde muchos empiezan a sacar cuentas, por m\u00e1s que falten dos a\u00f1os para las pr\u00f3ximas elecciones. El intendente de Tigre sigue en ascenso y muchos dirigentes del kirchnerismo se ven envueltos en el dilema entre dar el salto temprano al massismo a riesgo de ver disminuidos sus recursos y complicadas sus gestiones y, sino, sumarse sobre la hora conservando su estabilidad institucional, lo que implicar\u00eda correr desde atr\u00e1s la carrera por el reparto de cargos si es que al massismo le va bien en el 2015.<\/p>\n<p>En ese marco son constantes los rumores de intendentes entrerrianos y dirigentes a los que se vincula con el ex jefe de gabinete, entre ellos <strong>Adri\u00e1n Fuertes, Gustavo Bordet<\/strong> y hasta el ministro de Educaci\u00f3n <strong>Eduardo Lauritto.<\/strong><\/p>\n<p>En su introducci\u00f3n, sin que nadie se lo preguntara, Massa mencion\u00f3 el tema aunque sin dar nombres: \u201cvarios intendentes de esta provincia habitualmente charlan con nosotros. Cuando hoy les cont\u00e9 que ven\u00edamos, los invitamos y primero nos contaron que ten\u00edan miedo y, despu\u00e9s, que los invitaron casualmente a una reuni\u00f3n\u201d. Fue la reuni\u00f3n que el gobernador <strong>Sergio Urribarri<\/strong> mantuvo en el centro cultural La Vieja Usina con los intendentes del PJ de la provincia.<\/p>\n<p>Frente a esto, dirigente del Frente Renovador ensay\u00f3 una arenga y los alent\u00f3 a saltar el cerco: \u201cnosotros les decimos es que no tengan miedo\u201d, afirm\u00f3 y puso como ejemplo a \u201cun grupo de intendentes de Buenos Aires que venci\u00f3 el miedo y venci\u00f3 en las urnas, porque la gente respalda esa valent\u00eda\u201d.<\/p>\n<p><b>Frente Renovador: \u00abNo soy la renovaci\u00f3n\u00bb, arranc\u00f3 Busti<\/b><br \/>\nPor su parte, el ex gobernador Jorge Busti se defendi\u00f3 de las cr\u00edticas e intent\u00f3 atajrse de antemano de posibles preguntas sobre el sello de \u201crenovaci\u00f3n\u201d que exhibe Massa y sus m\u00e1s de 40 a\u00f1os de trayectoria pol\u00edtica: \u201cyo no soy la renovaci\u00f3n. Soy la experiencia en la militancia y aspiro a que mis hijos y mis nietos vivan en un pa\u00eds mejor. Creo que el emergente para eso es el compa\u00f1ero Sergio Massa que le agradezco profundamente que haya venido a la provincia de Entre R\u00edos\u201d, indic\u00f3 <em>Informe Digital.\u00a0<\/em><\/p>\n","protected":false},"excerpt":{"rendered":"<p>El l&iacute;der del Frente Renovador estuvo en Paran&aacute; con Busti como anfitri&oacute;n. Asegur&oacute; que tiene di&aacute;logo fluido con intendentes entrerrianos pero que no los vio porque tienen miedo. A la misma hora se reuni&oacute; Urribarri con los jefes municipales. El diputado electo el 27 de octubre y referente nacional del Frente Renovador, lleg&oacute; en medio [&hellip;]<\/p>\n","protected":false},"author":2,"featured_media":0,"comment_status":"open","ping_status":"open","sticky":false,"template":"","format":"standard","meta":{"fifu_image_url":"","fifu_image_alt":"","footnotes":""},"categories":[6,16],"tags":[],"class_list":{"0":"post-4581","1":"post","2":"type-post","3":"status-publish","4":"format-standard","6":"category-entre-rios","7":"category-politi"},"yoast_head":"<title>Massa alent\u00f3 a intendentes entrerrianos a dar el salto - Informe Litoral<\/title>\n<meta name=\"robots\" content=\"index, follow, max-snippet:-1, max-image-preview:large, max-video-preview:-1\" \/>\n<link rel=\"canonical\" href=\"https:\/\/informelitoral.com.ar\/massa-alento-a-intendentes-entrerrianos-a-dar-el-salto\/\" \/>\n<meta property=\"og:locale\" content=\"es_ES\" \/>\n<meta property=\"og:type\" content=\"article\" \/>\n<meta property=\"og:title\" content=\"Massa alent\u00f3 a intendentes entrerrianos a dar el salto - Informe Litoral\" \/>\n<meta property=\"og:description\" content=\"El l&iacute;der del Frente Renovador estuvo en Paran&aacute; con Busti como anfitri&oacute;n. Asegur&oacute; que tiene di&aacute;logo fluido con intendentes entrerrianos pero que no los vio porque tienen miedo. A la misma hora se reuni&oacute; Urribarri con los jefes municipales. El diputado electo el 27 de octubre y referente nacional del Frente Renovador, lleg&oacute; en medio [&hellip;]\" \/>\n<meta property=\"og:url\" content=\"https:\/\/informelitoral.com.ar\/massa-alento-a-intendentes-entrerrianos-a-dar-el-salto\/\" \/>\n<meta property=\"og:site_name\" content=\"Informe Litoral\" \/>\n<meta property=\"article:publisher\" content=\"https:\/\/www.facebook.com\/informelitoral\/\" \/>\n<meta property=\"article:published_time\" content=\"2013-12-06T21:55:11+00:00\" \/>\n<meta property=\"article:modified_time\" content=\"2013-12-06T21:57:23+00:00\" \/>\n<meta property=\"og:image\" content=\"https:\/\/informelitoral.com.ar\/%77%70%2d%63%6f%6e%74%65%6e%74\/uploads\/2013\/12\/massa1.jpg\" \/>\n\t<meta property=\"og:image:width\" content=\"306\" \/>\n\t<meta property=\"og:image:height\" content=\"165\" \/>\n\t<meta property=\"og:image:type\" content=\"image\/jpeg\" \/>\n<meta name=\"author\" content=\"Gonzalo Schmidt\" \/>\n<meta name=\"twitter:card\" content=\"summary_large_image\" \/>\n<meta name=\"twitter:creator\" content=\"@InformeLitoral\" \/>\n<meta name=\"twitter:site\" content=\"@InformeLitoral\" \/>\n<meta name=\"twitter:label1\" content=\"Escrito por\" \/>\n\t<meta name=\"twitter:data1\" content=\"Gonzalo Schmidt\" \/>\n\t<meta name=\"twitter:label2\" content=\"Tiempo de lectura\" \/>\n\t<meta name=\"twitter:data2\" content=\"2 minutos\" \/>\n<script type=\"application\/ld+json\" class=\"yoast-schema-graph\">{\"@context\":\"https:\\\/\\\/schema.org\",\"@graph\":[{\"@type\":\"Article\",\"@id\":\"https:\\\/\\\/informelitoral.com.ar\\\/massa-alento-a-intendentes-entrerrianos-a-dar-el-salto\\\/#article\",\"isPartOf\":{\"@id\":\"https:\\\/\\\/informelitoral.com.ar\\\/massa-alento-a-intendentes-entrerrianos-a-dar-el-salto\\\/\"},\"author\":{\"name\":\"Gonzalo Schmidt\",\"@id\":\"https:\\\/\\\/informelitoral.com.ar\\\/#\\\/schema\\\/person\\\/b9d00407c836482871ef1d57bf8e3180\"},\"headline\":\"Massa alent\u00f3 a intendentes entrerrianos a dar el salto\",\"datePublished\":\"2013-12-06T21:55:11+00:00\",\"dateModified\":\"2013-12-06T21:57:23+00:00\",\"mainEntityOfPage\":{\"@id\":\"https:\\\/\\\/informelitoral.com.ar\\\/massa-alento-a-intendentes-entrerrianos-a-dar-el-salto\\\/\"},\"wordCount\":441,\"commentCount\":0,\"publisher\":{\"@id\":\"https:\\\/\\\/informelitoral.com.ar\\\/#organization\"},\"image\":{\"@id\":\"https:\\\/\\\/informelitoral.com.ar\\\/massa-alento-a-intendentes-entrerrianos-a-dar-el-salto\\\/#primaryimage\"},\"thumbnailUrl\":\"http:\\\/\\\/www.isletasnoticias.com.ar\\\/%77%70%2d%63%6f%6e%74%65%6e%74\\\/uploads\\\/2013\\\/12\\\/massa1-300x161.jpg\",\"articleSection\":[\"Entre R\u00edos\",\"Politica\"],\"inLanguage\":\"es\",\"potentialAction\":[{\"@type\":\"CommentAction\",\"name\":\"Comment\",\"target\":[\"https:\\\/\\\/informelitoral.com.ar\\\/massa-alento-a-intendentes-entrerrianos-a-dar-el-salto\\\/#respond\"]}]},{\"@type\":\"WebPage\",\"@id\":\"https:\\\/\\\/informelitoral.com.ar\\\/massa-alento-a-intendentes-entrerrianos-a-dar-el-salto\\\/\",\"url\":\"https:\\\/\\\/informelitoral.com.ar\\\/massa-alento-a-intendentes-entrerrianos-a-dar-el-salto\\\/\",\"name\":\"Massa alent\u00f3 a intendentes entrerrianos a dar el salto - Informe Litoral\",\"isPartOf\":{\"@id\":\"https:\\\/\\\/informelitoral.com.ar\\\/#website\"},\"primaryImageOfPage\":{\"@id\":\"https:\\\/\\\/informelitoral.com.ar\\\/massa-alento-a-intendentes-entrerrianos-a-dar-el-salto\\\/#primaryimage\"},\"image\":{\"@id\":\"https:\\\/\\\/informelitoral.com.ar\\\/massa-alento-a-intendentes-entrerrianos-a-dar-el-salto\\\/#primaryimage\"},\"thumbnailUrl\":\"http:\\\/\\\/www.isletasnoticias.com.ar\\\/%77%70%2d%63%6f%6e%74%65%6e%74\\\/uploads\\\/2013\\\/12\\\/massa1-300x161.jpg\",\"datePublished\":\"2013-12-06T21:55:11+00:00\",\"dateModified\":\"2013-12-06T21:57:23+00:00\",\"breadcrumb\":{\"@id\":\"https:\\\/\\\/informelitoral.com.ar\\\/massa-alento-a-intendentes-entrerrianos-a-dar-el-salto\\\/#breadcrumb\"},\"inLanguage\":\"es\",\"potentialAction\":[{\"@type\":\"ReadAction\",\"target\":[\"https:\\\/\\\/informelitoral.com.ar\\\/massa-alento-a-intendentes-entrerrianos-a-dar-el-salto\\\/\"]}]},{\"@type\":\"ImageObject\",\"inLanguage\":\"es\",\"@id\":\"https:\\\/\\\/informelitoral.com.ar\\\/massa-alento-a-intendentes-entrerrianos-a-dar-el-salto\\\/#primaryimage\",\"url\":\"http:\\\/\\\/www.isletasnoticias.com.ar\\\/%77%70%2d%63%6f%6e%74%65%6e%74\\\/uploads\\\/2013\\\/12\\\/massa1-300x161.jpg\",\"contentUrl\":\"http:\\\/\\\/www.isletasnoticias.com.ar\\\/%77%70%2d%63%6f%6e%74%65%6e%74\\\/uploads\\\/2013\\\/12\\\/massa1-300x161.jpg\"},{\"@type\":\"BreadcrumbList\",\"@id\":\"https:\\\/\\\/informelitoral.com.ar\\\/massa-alento-a-intendentes-entrerrianos-a-dar-el-salto\\\/#breadcrumb\",\"itemListElement\":[{\"@type\":\"ListItem\",\"position\":1,\"name\":\"Portada\",\"item\":\"https:\\\/\\\/informelitoral.com.ar\\\/\"},{\"@type\":\"ListItem\",\"position\":2,\"name\":\"Massa alent\u00f3 a intendentes entrerrianos a dar el salto\"}]},{\"@type\":\"WebSite\",\"@id\":\"https:\\\/\\\/informelitoral.com.ar\\\/#website\",\"url\":\"https:\\\/\\\/informelitoral.com.ar\\\/\",\"name\":\"Informe Litoral\",\"description\":\"&quot;Nos informamos&quot; \",\"publisher\":{\"@id\":\"https:\\\/\\\/informelitoral.com.ar\\\/#organization\"},\"potentialAction\":[{\"@type\":\"SearchAction\",\"target\":{\"@type\":\"EntryPoint\",\"urlTemplate\":\"https:\\\/\\\/informelitoral.com.ar\\\/?s={search_term_string}\"},\"query-input\":{\"@type\":\"PropertyValueSpecification\",\"valueRequired\":true,\"valueName\":\"search_term_string\"}}],\"inLanguage\":\"es\"},{\"@type\":\"Organization\",\"@id\":\"https:\\\/\\\/informelitoral.com.ar\\\/#organization\",\"name\":\"Informe Litoral\",\"url\":\"https:\\\/\\\/informelitoral.com.ar\\\/\",\"logo\":{\"@type\":\"ImageObject\",\"inLanguage\":\"es\",\"@id\":\"https:\\\/\\\/informelitoral.com.ar\\\/#\\\/schema\\\/logo\\\/image\\\/\",\"url\":\"https:\\\/\\\/informelitoral.com.ar\\\/%77%70%2d%63%6f%6e%74%65%6e%74\\\/uploads\\\/2021\\\/01\\\/circulo.png\",\"contentUrl\":\"https:\\\/\\\/informelitoral.com.ar\\\/%77%70%2d%63%6f%6e%74%65%6e%74\\\/uploads\\\/2021\\\/01\\\/circulo.png\",\"width\":723,\"height\":731,\"caption\":\"Informe Litoral\"},\"image\":{\"@id\":\"https:\\\/\\\/informelitoral.com.ar\\\/#\\\/schema\\\/logo\\\/image\\\/\"},\"sameAs\":[\"https:\\\/\\\/www.facebook.com\\\/informelitoral\\\/\",\"https:\\\/\\\/x.com\\\/InformeLitoral\",\"https:\\\/\\\/www.instagram.com\\\/informelitoral\\\/\",\"https:\\\/\\\/www.youtube.com\\\/channel\\\/UCua4Qvz8Icb6MYqhoq9xLXw\"]},{\"@type\":\"Person\",\"@id\":\"https:\\\/\\\/informelitoral.com.ar\\\/#\\\/schema\\\/person\\\/b9d00407c836482871ef1d57bf8e3180\",\"name\":\"Gonzalo Schmidt\",\"image\":{\"@type\":\"ImageObject\",\"inLanguage\":\"es\",\"@id\":\"https:\\\/\\\/secure.gravatar.com\\\/avatar\\\/31a1a7b66ff2de83bd0e9fd79d026630d2d99e55e8bfe501287647b4fd9743de?s=96&d=mm&r=g\",\"url\":\"https:\\\/\\\/secure.gravatar.com\\\/avatar\\\/31a1a7b66ff2de83bd0e9fd79d026630d2d99e55e8bfe501287647b4fd9743de?s=96&d=mm&r=g\",\"contentUrl\":\"https:\\\/\\\/secure.gravatar.com\\\/avatar\\\/31a1a7b66ff2de83bd0e9fd79d026630d2d99e55e8bfe501287647b4fd9743de?s=96&d=mm&r=g\",\"caption\":\"Gonzalo Schmidt\"},\"description\":\"Sitio web de noticias de la provincia de Entre R\u00edos, Argentina. Informaci\u00f3n y entretenimiento. Informe Litoral, nos informamos.\",\"sameAs\":[\"http:\\\/\\\/www.isletasnoticias.com.ar\"],\"url\":\"https:\\\/\\\/informelitoral.com.ar\\\/author\\\/gonzalo\\\/\"}]}<\/script>","yoast_head_json":{"title":"Massa alent\u00f3 a intendentes entrerrianos a dar el salto - Informe Litoral","robots":{"index":"index","follow":"follow","max-snippet":"max-snippet:-1","max-image-preview":"max-image-preview:large","max-video-preview":"max-video-preview:-1"},"canonical":"https:\/\/informelitoral.com.ar\/massa-alento-a-intendentes-entrerrianos-a-dar-el-salto\/","og_locale":"es_ES","og_type":"article","og_title":"Massa alent\u00f3 a intendentes entrerrianos a dar el salto - Informe Litoral","og_description":"El l&iacute;der del Frente Renovador estuvo en Paran&aacute; con Busti como anfitri&oacute;n. Asegur&oacute; que tiene di&aacute;logo fluido con intendentes entrerrianos pero que no los vio porque tienen miedo. A la misma hora se reuni&oacute; Urribarri con los jefes municipales. El diputado electo el 27 de octubre y referente nacional del Frente Renovador, lleg&oacute; en medio [&hellip;]","og_url":"https:\/\/informelitoral.com.ar\/massa-alento-a-intendentes-entrerrianos-a-dar-el-salto\/","og_site_name":"Informe Litoral","article_publisher":"https:\/\/www.facebook.com\/informelitoral\/","article_published_time":"2013-12-06T21:55:11+00:00","article_modified_time":"2013-12-06T21:57:23+00:00","og_image":[{"width":306,"height":165,"url":"https:\/\/informelitoral.com.ar\/%77%70%2d%63%6f%6e%74%65%6e%74\/uploads\/2013\/12\/massa1.jpg","type":"image\/jpeg"}],"author":"Gonzalo Schmidt","twitter_card":"summary_large_image","twitter_creator":"@InformeLitoral","twitter_site":"@InformeLitoral","twitter_misc":{"Escrito por":"Gonzalo Schmidt","Tiempo de lectura":"2 minutos"},"schema":{"@context":"https:\/\/schema.org","@graph":[{"@type":"Article","@id":"https:\/\/informelitoral.com.ar\/massa-alento-a-intendentes-entrerrianos-a-dar-el-salto\/#article","isPartOf":{"@id":"https:\/\/informelitoral.com.ar\/massa-alento-a-intendentes-entrerrianos-a-dar-el-salto\/"},"author":{"name":"Gonzalo Schmidt","@id":"https:\/\/informelitoral.com.ar\/#\/schema\/person\/b9d00407c836482871ef1d57bf8e3180"},"headline":"Massa alent\u00f3 a intendentes entrerrianos a dar el salto","datePublished":"2013-12-06T21:55:11+00:00","dateModified":"2013-12-06T21:57:23+00:00","mainEntityOfPage":{"@id":"https:\/\/informelitoral.com.ar\/massa-alento-a-intendentes-entrerrianos-a-dar-el-salto\/"},"wordCount":441,"commentCount":0,"publisher":{"@id":"https:\/\/informelitoral.com.ar\/#organization"},"image":{"@id":"https:\/\/informelitoral.com.ar\/massa-alento-a-intendentes-entrerrianos-a-dar-el-salto\/#primaryimage"},"thumbnailUrl":"http:\/\/www.isletasnoticias.com.ar\/%77%70%2d%63%6f%6e%74%65%6e%74\/uploads\/2013\/12\/massa1-300x161.jpg","articleSection":["Entre R\u00edos","Politica"],"inLanguage":"es","potentialAction":[{"@type":"CommentAction","name":"Comment","target":["https:\/\/informelitoral.com.ar\/massa-alento-a-intendentes-entrerrianos-a-dar-el-salto\/#respond"]}]},{"@type":"WebPage","@id":"https:\/\/informelitoral.com.ar\/massa-alento-a-intendentes-entrerrianos-a-dar-el-salto\/","url":"https:\/\/informelitoral.com.ar\/massa-alento-a-intendentes-entrerrianos-a-dar-el-salto\/","name":"Massa alent\u00f3 a intendentes entrerrianos a dar el salto - Informe Litoral","isPartOf":{"@id":"https:\/\/informelitoral.com.ar\/#website"},"primaryImageOfPage":{"@id":"https:\/\/informelitoral.com.ar\/massa-alento-a-intendentes-entrerrianos-a-dar-el-salto\/#primaryimage"},"image":{"@id":"https:\/\/informelitoral.com.ar\/massa-alento-a-intendentes-entrerrianos-a-dar-el-salto\/#primaryimage"},"thumbnailUrl":"http:\/\/www.isletasnoticias.com.ar\/%77%70%2d%63%6f%6e%74%65%6e%74\/uploads\/2013\/12\/massa1-300x161.jpg","datePublished":"2013-12-06T21:55:11+00:00","dateModified":"2013-12-06T21:57:23+00:00","breadcrumb":{"@id":"https:\/\/informelitoral.com.ar\/massa-alento-a-intendentes-entrerrianos-a-dar-el-salto\/#breadcrumb"},"inLanguage":"es","potentialAction":[{"@type":"ReadAction","target":["https:\/\/informelitoral.com.ar\/massa-alento-a-intendentes-entrerrianos-a-dar-el-salto\/"]}]},{"@type":"ImageObject","inLanguage":"es","@id":"https:\/\/informelitoral.com.ar\/massa-alento-a-intendentes-entrerrianos-a-dar-el-salto\/#primaryimage","url":"http:\/\/www.isletasnoticias.com.ar\/%77%70%2d%63%6f%6e%74%65%6e%74\/uploads\/2013\/12\/massa1-300x161.jpg","contentUrl":"http:\/\/www.isletasnoticias.com.ar\/%77%70%2d%63%6f%6e%74%65%6e%74\/uploads\/2013\/12\/massa1-300x161.jpg"},{"@type":"BreadcrumbList","@id":"https:\/\/informelitoral.com.ar\/massa-alento-a-intendentes-entrerrianos-a-dar-el-salto\/#breadcrumb","itemListElement":[{"@type":"ListItem","position":1,"name":"Portada","item":"https:\/\/informelitoral.com.ar\/"},{"@type":"ListItem","position":2,"name":"Massa alent\u00f3 a intendentes entrerrianos a dar el salto"}]},{"@type":"WebSite","@id":"https:\/\/informelitoral.com.ar\/#website","url":"https:\/\/informelitoral.com.ar\/","name":"Informe Litoral","description":"&quot;Nos informamos&quot; ","publisher":{"@id":"https:\/\/informelitoral.com.ar\/#organization"},"potentialAction":[{"@type":"SearchAction","target":{"@type":"EntryPoint","urlTemplate":"https:\/\/informelitoral.com.ar\/?s={search_term_string}"},"query-input":{"@type":"PropertyValueSpecification","valueRequired":true,"valueName":"search_term_string"}}],"inLanguage":"es"},{"@type":"Organization","@id":"https:\/\/informelitoral.com.ar\/#organization","name":"Informe Litoral","url":"https:\/\/informelitoral.com.ar\/","logo":{"@type":"ImageObject","inLanguage":"es","@id":"https:\/\/informelitoral.com.ar\/#\/schema\/logo\/image\/","url":"https:\/\/informelitoral.com.ar\/%77%70%2d%63%6f%6e%74%65%6e%74\/uploads\/2021\/01\/circulo.png","contentUrl":"https:\/\/informelitoral.com.ar\/%77%70%2d%63%6f%6e%74%65%6e%74\/uploads\/2021\/01\/circulo.png","width":723,"height":731,"caption":"Informe Litoral"},"image":{"@id":"https:\/\/informelitoral.com.ar\/#\/schema\/logo\/image\/"},"sameAs":["https:\/\/www.facebook.com\/informelitoral\/","https:\/\/x.com\/InformeLitoral","https:\/\/www.instagram.com\/informelitoral\/","https:\/\/www.youtube.com\/channel\/UCua4Qvz8Icb6MYqhoq9xLXw"]},{"@type":"Person","@id":"https:\/\/informelitoral.com.ar\/#\/schema\/person\/b9d00407c836482871ef1d57bf8e3180","name":"Gonzalo Schmidt","image":{"@type":"ImageObject","inLanguage":"es","@id":"https:\/\/secure.gravatar.com\/avatar\/31a1a7b66ff2de83bd0e9fd79d026630d2d99e55e8bfe501287647b4fd9743de?s=96&d=mm&r=g","url":"https:\/\/secure.gravatar.com\/avatar\/31a1a7b66ff2de83bd0e9fd79d026630d2d99e55e8bfe501287647b4fd9743de?s=96&d=mm&r=g","contentUrl":"https:\/\/secure.gravatar.com\/avatar\/31a1a7b66ff2de83bd0e9fd79d026630d2d99e55e8bfe501287647b4fd9743de?s=96&d=mm&r=g","caption":"Gonzalo Schmidt"},"description":"Sitio web de noticias de la provincia de Entre R\u00edos, Argentina. Informaci\u00f3n y entretenimiento. Informe Litoral, nos informamos.","sameAs":["http:\/\/www.isletasnoticias.com.ar"],"url":"https:\/\/informelitoral.com.ar\/author\/gonzalo\/"}]}},"_links":{"self":[{"href":"https:\/\/informelitoral.com.ar\/%77%70%2d%6a%73%6f%6e\/wp\/v2\/posts\/4581","targetHints":{"allow":["GET"]}}],"collection":[{"href":"https:\/\/informelitoral.com.ar\/%77%70%2d%6a%73%6f%6e\/wp\/v2\/posts"}],"about":[{"href":"https:\/\/informelitoral.com.ar\/%77%70%2d%6a%73%6f%6e\/wp\/v2\/types\/post"}],"author":[{"embeddable":true,"href":"https:\/\/informelitoral.com.ar\/%77%70%2d%6a%73%6f%6e\/wp\/v2\/users\/2"}],"replies":[{"embeddable":true,"href":"https:\/\/informelitoral.com.ar\/%77%70%2d%6a%73%6f%6e\/wp\/v2\/comments?post=4581"}],"version-history":[{"count":0,"href":"https:\/\/informelitoral.com.ar\/%77%70%2d%6a%73%6f%6e\/wp\/v2\/posts\/4581\/revisions"}],"wp:attachment":[{"href":"https:\/\/informelitoral.com.ar\/%77%70%2d%6a%73%6f%6e\/wp\/v2\/media?parent=4581"}],"wp:term":[{"taxonomy":"category","embeddable":true,"href":"https:\/\/informelitoral.com.ar\/%77%70%2d%6a%73%6f%6e\/wp\/v2\/categories?post=4581"},{"taxonomy":"post_tag","embeddable":true,"href":"https:\/\/informelitoral.com.ar\/%77%70%2d%6a%73%6f%6e\/wp\/v2\/tags?post=4581"}],"curies":[{"name":"wp","href":"https:\/\/api.w.org\/{rel}","templated":true}]}}