{"id":45784,"date":"2020-07-15T17:46:13","date_gmt":"2020-07-15T20:46:13","guid":{"rendered":"https:\/\/www.isletasnoticias.com.ar\/?p=45784"},"modified":"2020-07-15T17:46:13","modified_gmt":"2020-07-15T20:46:13","slug":"fifa-publico-el-calendario-del-mundial-de-qatar-2022","status":"publish","type":"post","link":"https:\/\/informelitoral.com.ar\/fifa-publico-el-calendario-del-mundial-de-qatar-2022\/","title":{"rendered":"FIFA public\u00f3 el calendario del Mundial de Qatar 2022"},"content":{"rendered":"<article id=\"article-post\" class=\"first\">\n<div class=\"cuerpo\" data-twitter-link=\"https:\/\/twitter.com\/intent\/tweet?url=https:\/\/ahora.com.ar\/c4210856&amp;via=PlataformaAhora&amp;related=Ahora&amp;text=\">\n<p class=\"capital\">A menos de dos a\u00f1os y medio de la pr\u00f3xima edici\u00f3n de la Copa del Mundo, la FIFA dio a conocer hoy el cronograma final de Qatar 2022, que se jugar\u00e1 del 21 de noviembre al 18 de diciembre.<\/p>\n<\/div>\n<\/article>\n<div class=\"clearfix\">\n<div class=\"ad02-obj banner\"><\/div>\n<\/div>\n<article id=\"article-post\">\n<div class=\"cuerpo\" data-twitter-link=\"https:\/\/twitter.com\/intent\/tweet?url=https:\/\/ahora.com.ar\/c4210856&amp;via=PlataformaAhora&amp;related=Ahora&amp;text=\">\n<p><strong>El partido inaugural se disputar\u00e1 el lunes 21 de noviembre<\/strong>\u00a0en el Al Bayt Stadium, ubicado en la ciudad de Jor y con capacidad para 60.000 espectadores. El encuentro arrancar\u00e1 a las 13 hora local, que ser\u00e1n<strong>\u00a0las 7 de la ma\u00f1ana en Argentina.<\/strong>En tanto,\u00a0<strong>la final tendr\u00e1 lugar el domingo 18 de diciembre a las 12 del mediod\u00eda de nuestro pa\u00eds<\/strong>, en el Estadio Lusail, con 80.000 personas.<\/p>\n<p><strong>Los partidos de la fase de grupos<\/strong>se disputar\u00e1n en cuatro turnos de la hora qatar\u00ed: a las 13, 16, 19 y 22, que<strong>\u00a0ser\u00e1n las 7, 10, 13 y 16 de Argentina.<\/strong>\u00a0En tanto,<strong>\u00a0en octavos y cuartos de final habr\u00e1 dos partidos por d\u00eda, a las 12 y 16 de Argentina,<\/strong>\u00a0y las semifinales se jugar\u00e1<strong>\u00a0una el martes 13 y otra el mi\u00e9rcoles 14.<\/strong><\/p>\n<p>La fase de grupos durar\u00e1 12 d\u00edas y seg\u00fan el sitio oficial de la FIFA, \u00abla organizaci\u00f3n optimizar\u00e1 los partidos en beneficio de los hinchas, las selecciones y los medios de comunicaci\u00f3n\u00bb, por lo que teniendo en cuenta que por las dimensiones de Qatar no ser\u00e1 necesario que las delegaciones se tomen aviones para ir de una sede a la otra, elegir\u00e1n a dedo los horarios de los partidos -una vez que se haya hecho el sorteo- para que se adapte de la mejor manera para las audiencias televisivas.<\/p>\n<p><a href=\"https:\/\/www.isletasnoticias.com.ar\/%77%70%2d%63%6f%6e%74%65%6e%74\/uploads\/2020\/07\/qatar.jpg\"><img loading=\"lazy\" decoding=\"async\" class=\" wp-image-45786 aligncenter\" src=\"https:\/\/www.isletasnoticias.com.ar\/%77%70%2d%63%6f%6e%74%65%6e%74\/uploads\/2020\/07\/qatar-300x169.jpg\" alt=\"\" width=\"453\" height=\"255\" srcset=\"https:\/\/informelitoral.com.ar\/%77%70%2d%63%6f%6e%74%65%6e%74\/uploads\/2020\/07\/qatar-300x169.jpg 300w, https:\/\/informelitoral.com.ar\/%77%70%2d%63%6f%6e%74%65%6e%74\/uploads\/2020\/07\/qatar-696x392.jpg 696w, https:\/\/informelitoral.com.ar\/%77%70%2d%63%6f%6e%74%65%6e%74\/uploads\/2020\/07\/qatar-747x420.jpg 747w, https:\/\/informelitoral.com.ar\/%77%70%2d%63%6f%6e%74%65%6e%74\/uploads\/2020\/07\/qatar.jpg 768w\" sizes=\"auto, (max-width: 453px) 100vw, 453px\" \/><\/a><\/p>\n<h2>La diferencia horaria entre Qatar y Argentina<\/h2>\n<p>El huso horario de Qatar es UTC\/GMT+3, mientras que en Argentina es -3, por lo que en el pa\u00eds de Medio Oriente hay seis horas m\u00e1s que en el nuestro. Por ejemplo, a las 12 de mediod\u00eda en Argentina, son las 18 en Qatar.<\/p>\n<p>En este contexto, habr\u00e1 que restarle seis horas al horario oficial de cada partido para saber en qu\u00e9 horario argentino se llevar\u00e1n a cabo. Los partidos de la fase de grupos que se jugar\u00e1n en cuatro turnos de la hora local (13hs, 16hs, 19hs y 22hs) que ser\u00e1n las 7, 10, 13 y 16 de Argentina. Mientras que Para la fase final los horarios ser\u00e1n las 12 y 16 de nuestro pa\u00eds.<\/p>\n<p>El partido inaugural se jugar\u00e1 a las 7 de la ma\u00f1ana en Argentina (21 de noviembre de 2022), mientras que la final tendr\u00e1 lugar a las 12 del mediod\u00eda del domingo 18 de diciembre. De todas maneras, seg\u00fan inform\u00f3 el sitio oficial, teniendo en cuenta que por ser el invierno de Qatar la temperatura no ser\u00e1 un problema jugando en el horario del mediod\u00eda local, la organizaci\u00f3n podr\u00eda elegir a dedo horarios que sean convenientes para cada pa\u00eds seg\u00fan la diferencia con Qatar, por lo que existir\u00eda una chance de que los encuentros de la Selecci\u00f3n, en caso de lograr el pasaje a la pr\u00f3xima Copa del Mundo, se disputen en horarios m\u00e1s centrales y no a primera hora de la ma\u00f1ana. (Fuente: ahora.com)<\/p>\n<\/div>\n<\/article>\n","protected":false},"excerpt":{"rendered":"<p>A menos de dos a&ntilde;os y medio de la pr&oacute;xima edici&oacute;n de la Copa del Mundo, la FIFA dio a conocer hoy el cronograma final de Qatar 2022, que se jugar&aacute; del 21 de noviembre al 18 de diciembre. El partido inaugural se disputar&aacute; el lunes 21 de noviembre&nbsp;en el Al Bayt Stadium, ubicado en [&hellip;]<\/p>\n","protected":false},"author":8,"featured_media":45785,"comment_status":"open","ping_status":"open","sticky":false,"template":"","format":"standard","meta":{"fifu_image_url":"","fifu_image_alt":"","footnotes":""},"categories":[13],"tags":[],"class_list":{"0":"post-45784","1":"post","2":"type-post","3":"status-publish","4":"format-standard","5":"has-post-thumbnail","7":"category-deportes"},"yoast_head":"<title>FIFA public\u00f3 el calendario del Mundial de Qatar 2022 - Informe Litoral<\/title>\n<meta name=\"robots\" content=\"index, follow, max-snippet:-1, max-image-preview:large, max-video-preview:-1\" \/>\n<link rel=\"canonical\" href=\"https:\/\/informelitoral.com.ar\/fifa-publico-el-calendario-del-mundial-de-qatar-2022\/\" \/>\n<meta property=\"og:locale\" content=\"es_ES\" \/>\n<meta property=\"og:type\" content=\"article\" \/>\n<meta property=\"og:title\" content=\"FIFA public\u00f3 el calendario del Mundial de Qatar 2022 - Informe Litoral\" \/>\n<meta property=\"og:description\" content=\"A menos de dos a&ntilde;os y medio de la pr&oacute;xima edici&oacute;n de la Copa del Mundo, la FIFA dio a conocer hoy el cronograma final de Qatar 2022, que se jugar&aacute; del 21 de noviembre al 18 de diciembre. El partido inaugural se disputar&aacute; el lunes 21 de noviembre&nbsp;en el Al Bayt Stadium, ubicado en [&hellip;]\" \/>\n<meta property=\"og:url\" content=\"https:\/\/informelitoral.com.ar\/fifa-publico-el-calendario-del-mundial-de-qatar-2022\/\" \/>\n<meta property=\"og:site_name\" content=\"Informe Litoral\" \/>\n<meta property=\"article:publisher\" content=\"https:\/\/www.facebook.com\/informelitoral\/\" \/>\n<meta property=\"article:published_time\" content=\"2020-07-15T20:46:13+00:00\" \/>\n<meta property=\"og:image\" content=\"https:\/\/informelitoral.com.ar\/%77%70%2d%63%6f%6e%74%65%6e%74\/uploads\/2020\/07\/qatar2022.jpg\" \/>\n\t<meta property=\"og:image:width\" content=\"768\" \/>\n\t<meta property=\"og:image:height\" content=\"432\" \/>\n\t<meta property=\"og:image:type\" content=\"image\/jpeg\" \/>\n<meta name=\"author\" content=\"Sebastian\" \/>\n<meta name=\"twitter:card\" content=\"summary_large_image\" \/>\n<meta name=\"twitter:creator\" content=\"@InformeLitoral\" \/>\n<meta name=\"twitter:site\" content=\"@InformeLitoral\" \/>\n<meta name=\"twitter:label1\" content=\"Escrito por\" \/>\n\t<meta name=\"twitter:data1\" content=\"Sebastian\" \/>\n\t<meta name=\"twitter:label2\" content=\"Tiempo de lectura\" \/>\n\t<meta name=\"twitter:data2\" content=\"3 minutos\" \/>\n<script type=\"application\/ld+json\" class=\"yoast-schema-graph\">{\"@context\":\"https:\\\/\\\/schema.org\",\"@graph\":[{\"@type\":\"Article\",\"@id\":\"https:\\\/\\\/informelitoral.com.ar\\\/fifa-publico-el-calendario-del-mundial-de-qatar-2022\\\/#article\",\"isPartOf\":{\"@id\":\"https:\\\/\\\/informelitoral.com.ar\\\/fifa-publico-el-calendario-del-mundial-de-qatar-2022\\\/\"},\"author\":{\"name\":\"Sebastian\",\"@id\":\"https:\\\/\\\/informelitoral.com.ar\\\/#\\\/schema\\\/person\\\/f05f9f461677119578717524b127d6d5\"},\"headline\":\"FIFA public\u00f3 el calendario del Mundial de Qatar 2022\",\"datePublished\":\"2020-07-15T20:46:13+00:00\",\"mainEntityOfPage\":{\"@id\":\"https:\\\/\\\/informelitoral.com.ar\\\/fifa-publico-el-calendario-del-mundial-de-qatar-2022\\\/\"},\"wordCount\":522,\"commentCount\":0,\"publisher\":{\"@id\":\"https:\\\/\\\/informelitoral.com.ar\\\/#organization\"},\"image\":{\"@id\":\"https:\\\/\\\/informelitoral.com.ar\\\/fifa-publico-el-calendario-del-mundial-de-qatar-2022\\\/#primaryimage\"},\"thumbnailUrl\":\"https:\\\/\\\/informelitoral.com.ar\\\/%77%70%2d%63%6f%6e%74%65%6e%74\\\/uploads\\\/2020\\\/07\\\/qatar2022.jpg\",\"articleSection\":[\"Deportes\"],\"inLanguage\":\"es\",\"potentialAction\":[{\"@type\":\"CommentAction\",\"name\":\"Comment\",\"target\":[\"https:\\\/\\\/informelitoral.com.ar\\\/fifa-publico-el-calendario-del-mundial-de-qatar-2022\\\/#respond\"]}]},{\"@type\":\"WebPage\",\"@id\":\"https:\\\/\\\/informelitoral.com.ar\\\/fifa-publico-el-calendario-del-mundial-de-qatar-2022\\\/\",\"url\":\"https:\\\/\\\/informelitoral.com.ar\\\/fifa-publico-el-calendario-del-mundial-de-qatar-2022\\\/\",\"name\":\"FIFA public\u00f3 el calendario del Mundial de Qatar 2022 - Informe Litoral\",\"isPartOf\":{\"@id\":\"https:\\\/\\\/informelitoral.com.ar\\\/#website\"},\"primaryImageOfPage\":{\"@id\":\"https:\\\/\\\/informelitoral.com.ar\\\/fifa-publico-el-calendario-del-mundial-de-qatar-2022\\\/#primaryimage\"},\"image\":{\"@id\":\"https:\\\/\\\/informelitoral.com.ar\\\/fifa-publico-el-calendario-del-mundial-de-qatar-2022\\\/#primaryimage\"},\"thumbnailUrl\":\"https:\\\/\\\/informelitoral.com.ar\\\/%77%70%2d%63%6f%6e%74%65%6e%74\\\/uploads\\\/2020\\\/07\\\/qatar2022.jpg\",\"datePublished\":\"2020-07-15T20:46:13+00:00\",\"breadcrumb\":{\"@id\":\"https:\\\/\\\/informelitoral.com.ar\\\/fifa-publico-el-calendario-del-mundial-de-qatar-2022\\\/#breadcrumb\"},\"inLanguage\":\"es\",\"potentialAction\":[{\"@type\":\"ReadAction\",\"target\":[\"https:\\\/\\\/informelitoral.com.ar\\\/fifa-publico-el-calendario-del-mundial-de-qatar-2022\\\/\"]}]},{\"@type\":\"ImageObject\",\"inLanguage\":\"es\",\"@id\":\"https:\\\/\\\/informelitoral.com.ar\\\/fifa-publico-el-calendario-del-mundial-de-qatar-2022\\\/#primaryimage\",\"url\":\"https:\\\/\\\/informelitoral.com.ar\\\/%77%70%2d%63%6f%6e%74%65%6e%74\\\/uploads\\\/2020\\\/07\\\/qatar2022.jpg\",\"contentUrl\":\"https:\\\/\\\/informelitoral.com.ar\\\/%77%70%2d%63%6f%6e%74%65%6e%74\\\/uploads\\\/2020\\\/07\\\/qatar2022.jpg\",\"width\":768,\"height\":432},{\"@type\":\"BreadcrumbList\",\"@id\":\"https:\\\/\\\/informelitoral.com.ar\\\/fifa-publico-el-calendario-del-mundial-de-qatar-2022\\\/#breadcrumb\",\"itemListElement\":[{\"@type\":\"ListItem\",\"position\":1,\"name\":\"Portada\",\"item\":\"https:\\\/\\\/informelitoral.com.ar\\\/\"},{\"@type\":\"ListItem\",\"position\":2,\"name\":\"FIFA public\u00f3 el calendario del Mundial de Qatar 2022\"}]},{\"@type\":\"WebSite\",\"@id\":\"https:\\\/\\\/informelitoral.com.ar\\\/#website\",\"url\":\"https:\\\/\\\/informelitoral.com.ar\\\/\",\"name\":\"Informe Litoral\",\"description\":\"&quot;Nos informamos&quot; \",\"publisher\":{\"@id\":\"https:\\\/\\\/informelitoral.com.ar\\\/#organization\"},\"potentialAction\":[{\"@type\":\"SearchAction\",\"target\":{\"@type\":\"EntryPoint\",\"urlTemplate\":\"https:\\\/\\\/informelitoral.com.ar\\\/?s={search_term_string}\"},\"query-input\":{\"@type\":\"PropertyValueSpecification\",\"valueRequired\":true,\"valueName\":\"search_term_string\"}}],\"inLanguage\":\"es\"},{\"@type\":\"Organization\",\"@id\":\"https:\\\/\\\/informelitoral.com.ar\\\/#organization\",\"name\":\"Informe Litoral\",\"url\":\"https:\\\/\\\/informelitoral.com.ar\\\/\",\"logo\":{\"@type\":\"ImageObject\",\"inLanguage\":\"es\",\"@id\":\"https:\\\/\\\/informelitoral.com.ar\\\/#\\\/schema\\\/logo\\\/image\\\/\",\"url\":\"https:\\\/\\\/informelitoral.com.ar\\\/%77%70%2d%63%6f%6e%74%65%6e%74\\\/uploads\\\/2021\\\/01\\\/circulo.png\",\"contentUrl\":\"https:\\\/\\\/informelitoral.com.ar\\\/%77%70%2d%63%6f%6e%74%65%6e%74\\\/uploads\\\/2021\\\/01\\\/circulo.png\",\"width\":723,\"height\":731,\"caption\":\"Informe Litoral\"},\"image\":{\"@id\":\"https:\\\/\\\/informelitoral.com.ar\\\/#\\\/schema\\\/logo\\\/image\\\/\"},\"sameAs\":[\"https:\\\/\\\/www.facebook.com\\\/informelitoral\\\/\",\"https:\\\/\\\/x.com\\\/InformeLitoral\",\"https:\\\/\\\/www.instagram.com\\\/informelitoral\\\/\",\"https:\\\/\\\/www.youtube.com\\\/channel\\\/UCua4Qvz8Icb6MYqhoq9xLXw\"]},{\"@type\":\"Person\",\"@id\":\"https:\\\/\\\/informelitoral.com.ar\\\/#\\\/schema\\\/person\\\/f05f9f461677119578717524b127d6d5\",\"name\":\"Sebastian\",\"image\":{\"@type\":\"ImageObject\",\"inLanguage\":\"es\",\"@id\":\"https:\\\/\\\/secure.gravatar.com\\\/avatar\\\/b71bf7481d447dfb9583c7f2798e7cc64de6efb9067b74633ed8c31059a3bd82?s=96&d=mm&r=g\",\"url\":\"https:\\\/\\\/secure.gravatar.com\\\/avatar\\\/b71bf7481d447dfb9583c7f2798e7cc64de6efb9067b74633ed8c31059a3bd82?s=96&d=mm&r=g\",\"contentUrl\":\"https:\\\/\\\/secure.gravatar.com\\\/avatar\\\/b71bf7481d447dfb9583c7f2798e7cc64de6efb9067b74633ed8c31059a3bd82?s=96&d=mm&r=g\",\"caption\":\"Sebastian\"},\"url\":\"https:\\\/\\\/informelitoral.com.ar\\\/author\\\/sebastian\\\/\"}]}<\/script>","yoast_head_json":{"title":"FIFA public\u00f3 el calendario del Mundial de Qatar 2022 - Informe Litoral","robots":{"index":"index","follow":"follow","max-snippet":"max-snippet:-1","max-image-preview":"max-image-preview:large","max-video-preview":"max-video-preview:-1"},"canonical":"https:\/\/informelitoral.com.ar\/fifa-publico-el-calendario-del-mundial-de-qatar-2022\/","og_locale":"es_ES","og_type":"article","og_title":"FIFA public\u00f3 el calendario del Mundial de Qatar 2022 - Informe Litoral","og_description":"A menos de dos a&ntilde;os y medio de la pr&oacute;xima edici&oacute;n de la Copa del Mundo, la FIFA dio a conocer hoy el cronograma final de Qatar 2022, que se jugar&aacute; del 21 de noviembre al 18 de diciembre. El partido inaugural se disputar&aacute; el lunes 21 de noviembre&nbsp;en el Al Bayt Stadium, ubicado en [&hellip;]","og_url":"https:\/\/informelitoral.com.ar\/fifa-publico-el-calendario-del-mundial-de-qatar-2022\/","og_site_name":"Informe Litoral","article_publisher":"https:\/\/www.facebook.com\/informelitoral\/","article_published_time":"2020-07-15T20:46:13+00:00","og_image":[{"width":768,"height":432,"url":"https:\/\/informelitoral.com.ar\/%77%70%2d%63%6f%6e%74%65%6e%74\/uploads\/2020\/07\/qatar2022.jpg","type":"image\/jpeg"}],"author":"Sebastian","twitter_card":"summary_large_image","twitter_creator":"@InformeLitoral","twitter_site":"@InformeLitoral","twitter_misc":{"Escrito por":"Sebastian","Tiempo de lectura":"3 minutos"},"schema":{"@context":"https:\/\/schema.org","@graph":[{"@type":"Article","@id":"https:\/\/informelitoral.com.ar\/fifa-publico-el-calendario-del-mundial-de-qatar-2022\/#article","isPartOf":{"@id":"https:\/\/informelitoral.com.ar\/fifa-publico-el-calendario-del-mundial-de-qatar-2022\/"},"author":{"name":"Sebastian","@id":"https:\/\/informelitoral.com.ar\/#\/schema\/person\/f05f9f461677119578717524b127d6d5"},"headline":"FIFA public\u00f3 el calendario del Mundial de Qatar 2022","datePublished":"2020-07-15T20:46:13+00:00","mainEntityOfPage":{"@id":"https:\/\/informelitoral.com.ar\/fifa-publico-el-calendario-del-mundial-de-qatar-2022\/"},"wordCount":522,"commentCount":0,"publisher":{"@id":"https:\/\/informelitoral.com.ar\/#organization"},"image":{"@id":"https:\/\/informelitoral.com.ar\/fifa-publico-el-calendario-del-mundial-de-qatar-2022\/#primaryimage"},"thumbnailUrl":"https:\/\/informelitoral.com.ar\/%77%70%2d%63%6f%6e%74%65%6e%74\/uploads\/2020\/07\/qatar2022.jpg","articleSection":["Deportes"],"inLanguage":"es","potentialAction":[{"@type":"CommentAction","name":"Comment","target":["https:\/\/informelitoral.com.ar\/fifa-publico-el-calendario-del-mundial-de-qatar-2022\/#respond"]}]},{"@type":"WebPage","@id":"https:\/\/informelitoral.com.ar\/fifa-publico-el-calendario-del-mundial-de-qatar-2022\/","url":"https:\/\/informelitoral.com.ar\/fifa-publico-el-calendario-del-mundial-de-qatar-2022\/","name":"FIFA public\u00f3 el calendario del Mundial de Qatar 2022 - Informe Litoral","isPartOf":{"@id":"https:\/\/informelitoral.com.ar\/#website"},"primaryImageOfPage":{"@id":"https:\/\/informelitoral.com.ar\/fifa-publico-el-calendario-del-mundial-de-qatar-2022\/#primaryimage"},"image":{"@id":"https:\/\/informelitoral.com.ar\/fifa-publico-el-calendario-del-mundial-de-qatar-2022\/#primaryimage"},"thumbnailUrl":"https:\/\/informelitoral.com.ar\/%77%70%2d%63%6f%6e%74%65%6e%74\/uploads\/2020\/07\/qatar2022.jpg","datePublished":"2020-07-15T20:46:13+00:00","breadcrumb":{"@id":"https:\/\/informelitoral.com.ar\/fifa-publico-el-calendario-del-mundial-de-qatar-2022\/#breadcrumb"},"inLanguage":"es","potentialAction":[{"@type":"ReadAction","target":["https:\/\/informelitoral.com.ar\/fifa-publico-el-calendario-del-mundial-de-qatar-2022\/"]}]},{"@type":"ImageObject","inLanguage":"es","@id":"https:\/\/informelitoral.com.ar\/fifa-publico-el-calendario-del-mundial-de-qatar-2022\/#primaryimage","url":"https:\/\/informelitoral.com.ar\/%77%70%2d%63%6f%6e%74%65%6e%74\/uploads\/2020\/07\/qatar2022.jpg","contentUrl":"https:\/\/informelitoral.com.ar\/%77%70%2d%63%6f%6e%74%65%6e%74\/uploads\/2020\/07\/qatar2022.jpg","width":768,"height":432},{"@type":"BreadcrumbList","@id":"https:\/\/informelitoral.com.ar\/fifa-publico-el-calendario-del-mundial-de-qatar-2022\/#breadcrumb","itemListElement":[{"@type":"ListItem","position":1,"name":"Portada","item":"https:\/\/informelitoral.com.ar\/"},{"@type":"ListItem","position":2,"name":"FIFA public\u00f3 el calendario del Mundial de Qatar 2022"}]},{"@type":"WebSite","@id":"https:\/\/informelitoral.com.ar\/#website","url":"https:\/\/informelitoral.com.ar\/","name":"Informe Litoral","description":"&quot;Nos informamos&quot; ","publisher":{"@id":"https:\/\/informelitoral.com.ar\/#organization"},"potentialAction":[{"@type":"SearchAction","target":{"@type":"EntryPoint","urlTemplate":"https:\/\/informelitoral.com.ar\/?s={search_term_string}"},"query-input":{"@type":"PropertyValueSpecification","valueRequired":true,"valueName":"search_term_string"}}],"inLanguage":"es"},{"@type":"Organization","@id":"https:\/\/informelitoral.com.ar\/#organization","name":"Informe Litoral","url":"https:\/\/informelitoral.com.ar\/","logo":{"@type":"ImageObject","inLanguage":"es","@id":"https:\/\/informelitoral.com.ar\/#\/schema\/logo\/image\/","url":"https:\/\/informelitoral.com.ar\/%77%70%2d%63%6f%6e%74%65%6e%74\/uploads\/2021\/01\/circulo.png","contentUrl":"https:\/\/informelitoral.com.ar\/%77%70%2d%63%6f%6e%74%65%6e%74\/uploads\/2021\/01\/circulo.png","width":723,"height":731,"caption":"Informe Litoral"},"image":{"@id":"https:\/\/informelitoral.com.ar\/#\/schema\/logo\/image\/"},"sameAs":["https:\/\/www.facebook.com\/informelitoral\/","https:\/\/x.com\/InformeLitoral","https:\/\/www.instagram.com\/informelitoral\/","https:\/\/www.youtube.com\/channel\/UCua4Qvz8Icb6MYqhoq9xLXw"]},{"@type":"Person","@id":"https:\/\/informelitoral.com.ar\/#\/schema\/person\/f05f9f461677119578717524b127d6d5","name":"Sebastian","image":{"@type":"ImageObject","inLanguage":"es","@id":"https:\/\/secure.gravatar.com\/avatar\/b71bf7481d447dfb9583c7f2798e7cc64de6efb9067b74633ed8c31059a3bd82?s=96&d=mm&r=g","url":"https:\/\/secure.gravatar.com\/avatar\/b71bf7481d447dfb9583c7f2798e7cc64de6efb9067b74633ed8c31059a3bd82?s=96&d=mm&r=g","contentUrl":"https:\/\/secure.gravatar.com\/avatar\/b71bf7481d447dfb9583c7f2798e7cc64de6efb9067b74633ed8c31059a3bd82?s=96&d=mm&r=g","caption":"Sebastian"},"url":"https:\/\/informelitoral.com.ar\/author\/sebastian\/"}]}},"_links":{"self":[{"href":"https:\/\/informelitoral.com.ar\/%77%70%2d%6a%73%6f%6e\/wp\/v2\/posts\/45784","targetHints":{"allow":["GET"]}}],"collection":[{"href":"https:\/\/informelitoral.com.ar\/%77%70%2d%6a%73%6f%6e\/wp\/v2\/posts"}],"about":[{"href":"https:\/\/informelitoral.com.ar\/%77%70%2d%6a%73%6f%6e\/wp\/v2\/types\/post"}],"author":[{"embeddable":true,"href":"https:\/\/informelitoral.com.ar\/%77%70%2d%6a%73%6f%6e\/wp\/v2\/users\/8"}],"replies":[{"embeddable":true,"href":"https:\/\/informelitoral.com.ar\/%77%70%2d%6a%73%6f%6e\/wp\/v2\/comments?post=45784"}],"version-history":[{"count":0,"href":"https:\/\/informelitoral.com.ar\/%77%70%2d%6a%73%6f%6e\/wp\/v2\/posts\/45784\/revisions"}],"wp:featuredmedia":[{"embeddable":true,"href":"https:\/\/informelitoral.com.ar\/%77%70%2d%6a%73%6f%6e\/wp\/v2\/media\/45785"}],"wp:attachment":[{"href":"https:\/\/informelitoral.com.ar\/%77%70%2d%6a%73%6f%6e\/wp\/v2\/media?parent=45784"}],"wp:term":[{"taxonomy":"category","embeddable":true,"href":"https:\/\/informelitoral.com.ar\/%77%70%2d%6a%73%6f%6e\/wp\/v2\/categories?post=45784"},{"taxonomy":"post_tag","embeddable":true,"href":"https:\/\/informelitoral.com.ar\/%77%70%2d%6a%73%6f%6e\/wp\/v2\/tags?post=45784"}],"curies":[{"name":"wp","href":"https:\/\/api.w.org\/{rel}","templated":true}]}}