{"id":45781,"date":"2020-07-15T17:39:04","date_gmt":"2020-07-15T20:39:04","guid":{"rendered":"https:\/\/www.isletasnoticias.com.ar\/?p=45781"},"modified":"2020-07-15T19:21:27","modified_gmt":"2020-07-15T22:21:27","slug":"efecto-coronavirus-reino-unido-viviria-la-peor-recesion-en-300-anos","status":"publish","type":"post","link":"https:\/\/informelitoral.com.ar\/efecto-coronavirus-reino-unido-viviria-la-peor-recesion-en-300-anos\/","title":{"rendered":"Efecto coronavirus: Reino Unido vivir\u00eda la peor recesi\u00f3n en 300 a\u00f1os"},"content":{"rendered":"<article id=\"article-post\" class=\"first\">\n<div class=\"cuerpo\" data-twitter-link=\"https:\/\/twitter.com\/intent\/tweet?url=https:\/\/ahora.com.ar\/c4210858&amp;via=PlataformaAhora&amp;related=Ahora&amp;text=\">\n<p>La\u00a0<strong>econom\u00eda<\/strong>de\u00a0<strong>Reino Unido<\/strong>, que se contrajo fuertemente en marzo y abril con un m\u00ednimo repunte en mayo, se enfrenta a su peor recesi\u00f3n en 300 a\u00f1os debido a la\u00a0<strong>pandemia de\u00a0coronavirus<\/strong>, se\u00f1al\u00f3 el martes una agencia gubernamental.<\/p>\n<p>El Producto Bruto Interno (PBI) brit\u00e1nico cay\u00f3 un 19,1% de marzo a mayo respecto al per\u00edodo de diciembre a febrero por el impacto del coronavirus, con un repunte de s\u00f3lo 1,8% en mayo, anunci\u00f3 el martes la Oficina de Estad\u00edsticas Nacionales (ONS).<\/p>\n<\/div>\n<\/article>\n<article id=\"article-post\">\n<div class=\"cuerpo\" data-twitter-link=\"https:\/\/twitter.com\/intent\/tweet?url=https:\/\/ahora.com.ar\/c4210858&amp;via=PlataformaAhora&amp;related=Ahora&amp;text=\">\n<p>El aumento m\u00ednimo de mayo\u00a0<strong>hace dudar a los analistas de la posibilidad de una recuperaci\u00f3n en \u00abV\u00bb<\/strong>, es decir, una recuperaci\u00f3n tan brusca como lo abrupta que fue la contracci\u00f3n.<\/p>\n<p>Sobre todo teniendo en cuenta que el PBI sigue siendo un cuarto inferior a su nivel de febrero, antes de que el coronavirus golpease de lleno la econom\u00eda de Reino Unido y del mundo.<\/p>\n<p>En este contexto, la\u00a0<strong>Oficina de Responsabilidad Presupuestaria<\/strong>\u00a0(OBR), \u00f3rgano de supervisi\u00f3n del presupuesto del gobierno de Boris Johnson, advirti\u00f3 en un informe el martes que Reino Unido \u00ab<strong>se encamina a registrar su mayor contracci\u00f3n anual del PBI en 300 a\u00f1os<\/strong>\u00ab, de m\u00e1s del 10%.<\/p>\n<p>La ONS se\u00f1ala que con las primeras medidas adoptadas a mediados de mayo para flexibilizar el\u00a0<strong>confinamiento<\/strong> instaurado el 23 de marzo en respuesta a la pandemia de coronavirus, \u00abla producci\u00f3n manufacturera y la construcci\u00f3n de viviendas mostraron signos de recuperaci\u00f3n, y algunas empresas volvieron a trabajar\u00bb. <em>(Fuente: \u00c1mbito.com)<\/em><\/p>\n<\/div>\n<\/article>\n","protected":false},"excerpt":{"rendered":"<p>La&nbsp;econom&iacute;ade&nbsp;Reino Unido, que se contrajo fuertemente en marzo y abril con un m&iacute;nimo repunte en mayo, se enfrenta a su peor recesi&oacute;n en 300 a&ntilde;os debido a la&nbsp;pandemia de&nbsp;coronavirus, se&ntilde;al&oacute; el martes una agencia gubernamental. El Producto Bruto Interno (PBI) brit&aacute;nico cay&oacute; un 19,1% de marzo a mayo respecto al per&iacute;odo de diciembre a febrero [&hellip;]<\/p>\n","protected":false},"author":8,"featured_media":45782,"comment_status":"open","ping_status":"open","sticky":false,"template":"","format":"standard","meta":{"fifu_image_url":"","fifu_image_alt":"","footnotes":""},"categories":[8],"tags":[],"class_list":{"0":"post-45781","1":"post","2":"type-post","3":"status-publish","4":"format-standard","5":"has-post-thumbnail","7":"category-internacionales"},"yoast_head":"<title>Efecto coronavirus: Reino Unido vivir\u00eda la peor recesi\u00f3n en 300 a\u00f1os - Informe Litoral<\/title>\n<meta name=\"robots\" content=\"index, follow, max-snippet:-1, max-image-preview:large, max-video-preview:-1\" \/>\n<link rel=\"canonical\" href=\"https:\/\/informelitoral.com.ar\/efecto-coronavirus-reino-unido-viviria-la-peor-recesion-en-300-anos\/\" \/>\n<meta property=\"og:locale\" content=\"es_ES\" \/>\n<meta property=\"og:type\" content=\"article\" \/>\n<meta property=\"og:title\" content=\"Efecto coronavirus: Reino Unido vivir\u00eda la peor recesi\u00f3n en 300 a\u00f1os - Informe Litoral\" \/>\n<meta property=\"og:description\" content=\"La&nbsp;econom&iacute;ade&nbsp;Reino Unido, que se contrajo fuertemente en marzo y abril con un m&iacute;nimo repunte en mayo, se enfrenta a su peor recesi&oacute;n en 300 a&ntilde;os debido a la&nbsp;pandemia de&nbsp;coronavirus, se&ntilde;al&oacute; el martes una agencia gubernamental. El Producto Bruto Interno (PBI) brit&aacute;nico cay&oacute; un 19,1% de marzo a mayo respecto al per&iacute;odo de diciembre a febrero [&hellip;]\" \/>\n<meta property=\"og:url\" content=\"https:\/\/informelitoral.com.ar\/efecto-coronavirus-reino-unido-viviria-la-peor-recesion-en-300-anos\/\" \/>\n<meta property=\"og:site_name\" content=\"Informe Litoral\" \/>\n<meta property=\"article:publisher\" content=\"https:\/\/www.facebook.com\/informelitoral\/\" \/>\n<meta property=\"article:published_time\" content=\"2020-07-15T20:39:04+00:00\" \/>\n<meta property=\"article:modified_time\" content=\"2020-07-15T22:21:27+00:00\" \/>\n<meta property=\"og:image\" content=\"https:\/\/informelitoral.com.ar\/%77%70%2d%63%6f%6e%74%65%6e%74\/uploads\/2020\/07\/reinou.jpg\" \/>\n\t<meta property=\"og:image:width\" content=\"540\" \/>\n\t<meta property=\"og:image:height\" content=\"405\" \/>\n\t<meta property=\"og:image:type\" content=\"image\/jpeg\" \/>\n<meta name=\"author\" content=\"Sebastian\" \/>\n<meta name=\"twitter:card\" content=\"summary_large_image\" \/>\n<meta name=\"twitter:creator\" content=\"@InformeLitoral\" \/>\n<meta name=\"twitter:site\" content=\"@InformeLitoral\" \/>\n<meta name=\"twitter:label1\" content=\"Escrito por\" \/>\n\t<meta name=\"twitter:data1\" content=\"Sebastian\" \/>\n\t<meta name=\"twitter:label2\" content=\"Tiempo de lectura\" \/>\n\t<meta name=\"twitter:data2\" content=\"1 minuto\" \/>\n<script type=\"application\/ld+json\" class=\"yoast-schema-graph\">{\"@context\":\"https:\\\/\\\/schema.org\",\"@graph\":[{\"@type\":\"Article\",\"@id\":\"https:\\\/\\\/informelitoral.com.ar\\\/efecto-coronavirus-reino-unido-viviria-la-peor-recesion-en-300-anos\\\/#article\",\"isPartOf\":{\"@id\":\"https:\\\/\\\/informelitoral.com.ar\\\/efecto-coronavirus-reino-unido-viviria-la-peor-recesion-en-300-anos\\\/\"},\"author\":{\"name\":\"Sebastian\",\"@id\":\"https:\\\/\\\/informelitoral.com.ar\\\/#\\\/schema\\\/person\\\/f05f9f461677119578717524b127d6d5\"},\"headline\":\"Efecto coronavirus: Reino Unido vivir\u00eda la peor recesi\u00f3n en 300 a\u00f1os\",\"datePublished\":\"2020-07-15T20:39:04+00:00\",\"dateModified\":\"2020-07-15T22:21:27+00:00\",\"mainEntityOfPage\":{\"@id\":\"https:\\\/\\\/informelitoral.com.ar\\\/efecto-coronavirus-reino-unido-viviria-la-peor-recesion-en-300-anos\\\/\"},\"wordCount\":270,\"commentCount\":0,\"publisher\":{\"@id\":\"https:\\\/\\\/informelitoral.com.ar\\\/#organization\"},\"image\":{\"@id\":\"https:\\\/\\\/informelitoral.com.ar\\\/efecto-coronavirus-reino-unido-viviria-la-peor-recesion-en-300-anos\\\/#primaryimage\"},\"thumbnailUrl\":\"https:\\\/\\\/informelitoral.com.ar\\\/%77%70%2d%63%6f%6e%74%65%6e%74\\\/uploads\\\/2020\\\/07\\\/reinou.jpg\",\"articleSection\":[\"Internacionales\"],\"inLanguage\":\"es\",\"potentialAction\":[{\"@type\":\"CommentAction\",\"name\":\"Comment\",\"target\":[\"https:\\\/\\\/informelitoral.com.ar\\\/efecto-coronavirus-reino-unido-viviria-la-peor-recesion-en-300-anos\\\/#respond\"]}]},{\"@type\":\"WebPage\",\"@id\":\"https:\\\/\\\/informelitoral.com.ar\\\/efecto-coronavirus-reino-unido-viviria-la-peor-recesion-en-300-anos\\\/\",\"url\":\"https:\\\/\\\/informelitoral.com.ar\\\/efecto-coronavirus-reino-unido-viviria-la-peor-recesion-en-300-anos\\\/\",\"name\":\"Efecto coronavirus: Reino Unido vivir\u00eda la peor recesi\u00f3n en 300 a\u00f1os - Informe Litoral\",\"isPartOf\":{\"@id\":\"https:\\\/\\\/informelitoral.com.ar\\\/#website\"},\"primaryImageOfPage\":{\"@id\":\"https:\\\/\\\/informelitoral.com.ar\\\/efecto-coronavirus-reino-unido-viviria-la-peor-recesion-en-300-anos\\\/#primaryimage\"},\"image\":{\"@id\":\"https:\\\/\\\/informelitoral.com.ar\\\/efecto-coronavirus-reino-unido-viviria-la-peor-recesion-en-300-anos\\\/#primaryimage\"},\"thumbnailUrl\":\"https:\\\/\\\/informelitoral.com.ar\\\/%77%70%2d%63%6f%6e%74%65%6e%74\\\/uploads\\\/2020\\\/07\\\/reinou.jpg\",\"datePublished\":\"2020-07-15T20:39:04+00:00\",\"dateModified\":\"2020-07-15T22:21:27+00:00\",\"breadcrumb\":{\"@id\":\"https:\\\/\\\/informelitoral.com.ar\\\/efecto-coronavirus-reino-unido-viviria-la-peor-recesion-en-300-anos\\\/#breadcrumb\"},\"inLanguage\":\"es\",\"potentialAction\":[{\"@type\":\"ReadAction\",\"target\":[\"https:\\\/\\\/informelitoral.com.ar\\\/efecto-coronavirus-reino-unido-viviria-la-peor-recesion-en-300-anos\\\/\"]}]},{\"@type\":\"ImageObject\",\"inLanguage\":\"es\",\"@id\":\"https:\\\/\\\/informelitoral.com.ar\\\/efecto-coronavirus-reino-unido-viviria-la-peor-recesion-en-300-anos\\\/#primaryimage\",\"url\":\"https:\\\/\\\/informelitoral.com.ar\\\/%77%70%2d%63%6f%6e%74%65%6e%74\\\/uploads\\\/2020\\\/07\\\/reinou.jpg\",\"contentUrl\":\"https:\\\/\\\/informelitoral.com.ar\\\/%77%70%2d%63%6f%6e%74%65%6e%74\\\/uploads\\\/2020\\\/07\\\/reinou.jpg\",\"width\":540,\"height\":405},{\"@type\":\"BreadcrumbList\",\"@id\":\"https:\\\/\\\/informelitoral.com.ar\\\/efecto-coronavirus-reino-unido-viviria-la-peor-recesion-en-300-anos\\\/#breadcrumb\",\"itemListElement\":[{\"@type\":\"ListItem\",\"position\":1,\"name\":\"Portada\",\"item\":\"https:\\\/\\\/informelitoral.com.ar\\\/\"},{\"@type\":\"ListItem\",\"position\":2,\"name\":\"Efecto coronavirus: Reino Unido vivir\u00eda la peor recesi\u00f3n en 300 a\u00f1os\"}]},{\"@type\":\"WebSite\",\"@id\":\"https:\\\/\\\/informelitoral.com.ar\\\/#website\",\"url\":\"https:\\\/\\\/informelitoral.com.ar\\\/\",\"name\":\"Informe Litoral\",\"description\":\"&quot;Nos informamos&quot; \",\"publisher\":{\"@id\":\"https:\\\/\\\/informelitoral.com.ar\\\/#organization\"},\"potentialAction\":[{\"@type\":\"SearchAction\",\"target\":{\"@type\":\"EntryPoint\",\"urlTemplate\":\"https:\\\/\\\/informelitoral.com.ar\\\/?s={search_term_string}\"},\"query-input\":{\"@type\":\"PropertyValueSpecification\",\"valueRequired\":true,\"valueName\":\"search_term_string\"}}],\"inLanguage\":\"es\"},{\"@type\":\"Organization\",\"@id\":\"https:\\\/\\\/informelitoral.com.ar\\\/#organization\",\"name\":\"Informe Litoral\",\"url\":\"https:\\\/\\\/informelitoral.com.ar\\\/\",\"logo\":{\"@type\":\"ImageObject\",\"inLanguage\":\"es\",\"@id\":\"https:\\\/\\\/informelitoral.com.ar\\\/#\\\/schema\\\/logo\\\/image\\\/\",\"url\":\"https:\\\/\\\/informelitoral.com.ar\\\/%77%70%2d%63%6f%6e%74%65%6e%74\\\/uploads\\\/2021\\\/01\\\/circulo.png\",\"contentUrl\":\"https:\\\/\\\/informelitoral.com.ar\\\/%77%70%2d%63%6f%6e%74%65%6e%74\\\/uploads\\\/2021\\\/01\\\/circulo.png\",\"width\":723,\"height\":731,\"caption\":\"Informe Litoral\"},\"image\":{\"@id\":\"https:\\\/\\\/informelitoral.com.ar\\\/#\\\/schema\\\/logo\\\/image\\\/\"},\"sameAs\":[\"https:\\\/\\\/www.facebook.com\\\/informelitoral\\\/\",\"https:\\\/\\\/x.com\\\/InformeLitoral\",\"https:\\\/\\\/www.instagram.com\\\/informelitoral\\\/\",\"https:\\\/\\\/www.youtube.com\\\/channel\\\/UCua4Qvz8Icb6MYqhoq9xLXw\"]},{\"@type\":\"Person\",\"@id\":\"https:\\\/\\\/informelitoral.com.ar\\\/#\\\/schema\\\/person\\\/f05f9f461677119578717524b127d6d5\",\"name\":\"Sebastian\",\"image\":{\"@type\":\"ImageObject\",\"inLanguage\":\"es\",\"@id\":\"https:\\\/\\\/secure.gravatar.com\\\/avatar\\\/b71bf7481d447dfb9583c7f2798e7cc64de6efb9067b74633ed8c31059a3bd82?s=96&d=mm&r=g\",\"url\":\"https:\\\/\\\/secure.gravatar.com\\\/avatar\\\/b71bf7481d447dfb9583c7f2798e7cc64de6efb9067b74633ed8c31059a3bd82?s=96&d=mm&r=g\",\"contentUrl\":\"https:\\\/\\\/secure.gravatar.com\\\/avatar\\\/b71bf7481d447dfb9583c7f2798e7cc64de6efb9067b74633ed8c31059a3bd82?s=96&d=mm&r=g\",\"caption\":\"Sebastian\"},\"url\":\"https:\\\/\\\/informelitoral.com.ar\\\/author\\\/sebastian\\\/\"}]}<\/script>","yoast_head_json":{"title":"Efecto coronavirus: Reino Unido vivir\u00eda la peor recesi\u00f3n en 300 a\u00f1os - Informe Litoral","robots":{"index":"index","follow":"follow","max-snippet":"max-snippet:-1","max-image-preview":"max-image-preview:large","max-video-preview":"max-video-preview:-1"},"canonical":"https:\/\/informelitoral.com.ar\/efecto-coronavirus-reino-unido-viviria-la-peor-recesion-en-300-anos\/","og_locale":"es_ES","og_type":"article","og_title":"Efecto coronavirus: Reino Unido vivir\u00eda la peor recesi\u00f3n en 300 a\u00f1os - Informe Litoral","og_description":"La&nbsp;econom&iacute;ade&nbsp;Reino Unido, que se contrajo fuertemente en marzo y abril con un m&iacute;nimo repunte en mayo, se enfrenta a su peor recesi&oacute;n en 300 a&ntilde;os debido a la&nbsp;pandemia de&nbsp;coronavirus, se&ntilde;al&oacute; el martes una agencia gubernamental. El Producto Bruto Interno (PBI) brit&aacute;nico cay&oacute; un 19,1% de marzo a mayo respecto al per&iacute;odo de diciembre a febrero [&hellip;]","og_url":"https:\/\/informelitoral.com.ar\/efecto-coronavirus-reino-unido-viviria-la-peor-recesion-en-300-anos\/","og_site_name":"Informe Litoral","article_publisher":"https:\/\/www.facebook.com\/informelitoral\/","article_published_time":"2020-07-15T20:39:04+00:00","article_modified_time":"2020-07-15T22:21:27+00:00","og_image":[{"width":540,"height":405,"url":"https:\/\/informelitoral.com.ar\/%77%70%2d%63%6f%6e%74%65%6e%74\/uploads\/2020\/07\/reinou.jpg","type":"image\/jpeg"}],"author":"Sebastian","twitter_card":"summary_large_image","twitter_creator":"@InformeLitoral","twitter_site":"@InformeLitoral","twitter_misc":{"Escrito por":"Sebastian","Tiempo de lectura":"1 minuto"},"schema":{"@context":"https:\/\/schema.org","@graph":[{"@type":"Article","@id":"https:\/\/informelitoral.com.ar\/efecto-coronavirus-reino-unido-viviria-la-peor-recesion-en-300-anos\/#article","isPartOf":{"@id":"https:\/\/informelitoral.com.ar\/efecto-coronavirus-reino-unido-viviria-la-peor-recesion-en-300-anos\/"},"author":{"name":"Sebastian","@id":"https:\/\/informelitoral.com.ar\/#\/schema\/person\/f05f9f461677119578717524b127d6d5"},"headline":"Efecto coronavirus: Reino Unido vivir\u00eda la peor recesi\u00f3n en 300 a\u00f1os","datePublished":"2020-07-15T20:39:04+00:00","dateModified":"2020-07-15T22:21:27+00:00","mainEntityOfPage":{"@id":"https:\/\/informelitoral.com.ar\/efecto-coronavirus-reino-unido-viviria-la-peor-recesion-en-300-anos\/"},"wordCount":270,"commentCount":0,"publisher":{"@id":"https:\/\/informelitoral.com.ar\/#organization"},"image":{"@id":"https:\/\/informelitoral.com.ar\/efecto-coronavirus-reino-unido-viviria-la-peor-recesion-en-300-anos\/#primaryimage"},"thumbnailUrl":"https:\/\/informelitoral.com.ar\/%77%70%2d%63%6f%6e%74%65%6e%74\/uploads\/2020\/07\/reinou.jpg","articleSection":["Internacionales"],"inLanguage":"es","potentialAction":[{"@type":"CommentAction","name":"Comment","target":["https:\/\/informelitoral.com.ar\/efecto-coronavirus-reino-unido-viviria-la-peor-recesion-en-300-anos\/#respond"]}]},{"@type":"WebPage","@id":"https:\/\/informelitoral.com.ar\/efecto-coronavirus-reino-unido-viviria-la-peor-recesion-en-300-anos\/","url":"https:\/\/informelitoral.com.ar\/efecto-coronavirus-reino-unido-viviria-la-peor-recesion-en-300-anos\/","name":"Efecto coronavirus: Reino Unido vivir\u00eda la peor recesi\u00f3n en 300 a\u00f1os - Informe Litoral","isPartOf":{"@id":"https:\/\/informelitoral.com.ar\/#website"},"primaryImageOfPage":{"@id":"https:\/\/informelitoral.com.ar\/efecto-coronavirus-reino-unido-viviria-la-peor-recesion-en-300-anos\/#primaryimage"},"image":{"@id":"https:\/\/informelitoral.com.ar\/efecto-coronavirus-reino-unido-viviria-la-peor-recesion-en-300-anos\/#primaryimage"},"thumbnailUrl":"https:\/\/informelitoral.com.ar\/%77%70%2d%63%6f%6e%74%65%6e%74\/uploads\/2020\/07\/reinou.jpg","datePublished":"2020-07-15T20:39:04+00:00","dateModified":"2020-07-15T22:21:27+00:00","breadcrumb":{"@id":"https:\/\/informelitoral.com.ar\/efecto-coronavirus-reino-unido-viviria-la-peor-recesion-en-300-anos\/#breadcrumb"},"inLanguage":"es","potentialAction":[{"@type":"ReadAction","target":["https:\/\/informelitoral.com.ar\/efecto-coronavirus-reino-unido-viviria-la-peor-recesion-en-300-anos\/"]}]},{"@type":"ImageObject","inLanguage":"es","@id":"https:\/\/informelitoral.com.ar\/efecto-coronavirus-reino-unido-viviria-la-peor-recesion-en-300-anos\/#primaryimage","url":"https:\/\/informelitoral.com.ar\/%77%70%2d%63%6f%6e%74%65%6e%74\/uploads\/2020\/07\/reinou.jpg","contentUrl":"https:\/\/informelitoral.com.ar\/%77%70%2d%63%6f%6e%74%65%6e%74\/uploads\/2020\/07\/reinou.jpg","width":540,"height":405},{"@type":"BreadcrumbList","@id":"https:\/\/informelitoral.com.ar\/efecto-coronavirus-reino-unido-viviria-la-peor-recesion-en-300-anos\/#breadcrumb","itemListElement":[{"@type":"ListItem","position":1,"name":"Portada","item":"https:\/\/informelitoral.com.ar\/"},{"@type":"ListItem","position":2,"name":"Efecto coronavirus: Reino Unido vivir\u00eda la peor recesi\u00f3n en 300 a\u00f1os"}]},{"@type":"WebSite","@id":"https:\/\/informelitoral.com.ar\/#website","url":"https:\/\/informelitoral.com.ar\/","name":"Informe Litoral","description":"&quot;Nos informamos&quot; ","publisher":{"@id":"https:\/\/informelitoral.com.ar\/#organization"},"potentialAction":[{"@type":"SearchAction","target":{"@type":"EntryPoint","urlTemplate":"https:\/\/informelitoral.com.ar\/?s={search_term_string}"},"query-input":{"@type":"PropertyValueSpecification","valueRequired":true,"valueName":"search_term_string"}}],"inLanguage":"es"},{"@type":"Organization","@id":"https:\/\/informelitoral.com.ar\/#organization","name":"Informe Litoral","url":"https:\/\/informelitoral.com.ar\/","logo":{"@type":"ImageObject","inLanguage":"es","@id":"https:\/\/informelitoral.com.ar\/#\/schema\/logo\/image\/","url":"https:\/\/informelitoral.com.ar\/%77%70%2d%63%6f%6e%74%65%6e%74\/uploads\/2021\/01\/circulo.png","contentUrl":"https:\/\/informelitoral.com.ar\/%77%70%2d%63%6f%6e%74%65%6e%74\/uploads\/2021\/01\/circulo.png","width":723,"height":731,"caption":"Informe Litoral"},"image":{"@id":"https:\/\/informelitoral.com.ar\/#\/schema\/logo\/image\/"},"sameAs":["https:\/\/www.facebook.com\/informelitoral\/","https:\/\/x.com\/InformeLitoral","https:\/\/www.instagram.com\/informelitoral\/","https:\/\/www.youtube.com\/channel\/UCua4Qvz8Icb6MYqhoq9xLXw"]},{"@type":"Person","@id":"https:\/\/informelitoral.com.ar\/#\/schema\/person\/f05f9f461677119578717524b127d6d5","name":"Sebastian","image":{"@type":"ImageObject","inLanguage":"es","@id":"https:\/\/secure.gravatar.com\/avatar\/b71bf7481d447dfb9583c7f2798e7cc64de6efb9067b74633ed8c31059a3bd82?s=96&d=mm&r=g","url":"https:\/\/secure.gravatar.com\/avatar\/b71bf7481d447dfb9583c7f2798e7cc64de6efb9067b74633ed8c31059a3bd82?s=96&d=mm&r=g","contentUrl":"https:\/\/secure.gravatar.com\/avatar\/b71bf7481d447dfb9583c7f2798e7cc64de6efb9067b74633ed8c31059a3bd82?s=96&d=mm&r=g","caption":"Sebastian"},"url":"https:\/\/informelitoral.com.ar\/author\/sebastian\/"}]}},"_links":{"self":[{"href":"https:\/\/informelitoral.com.ar\/%77%70%2d%6a%73%6f%6e\/wp\/v2\/posts\/45781","targetHints":{"allow":["GET"]}}],"collection":[{"href":"https:\/\/informelitoral.com.ar\/%77%70%2d%6a%73%6f%6e\/wp\/v2\/posts"}],"about":[{"href":"https:\/\/informelitoral.com.ar\/%77%70%2d%6a%73%6f%6e\/wp\/v2\/types\/post"}],"author":[{"embeddable":true,"href":"https:\/\/informelitoral.com.ar\/%77%70%2d%6a%73%6f%6e\/wp\/v2\/users\/8"}],"replies":[{"embeddable":true,"href":"https:\/\/informelitoral.com.ar\/%77%70%2d%6a%73%6f%6e\/wp\/v2\/comments?post=45781"}],"version-history":[{"count":0,"href":"https:\/\/informelitoral.com.ar\/%77%70%2d%6a%73%6f%6e\/wp\/v2\/posts\/45781\/revisions"}],"wp:featuredmedia":[{"embeddable":true,"href":"https:\/\/informelitoral.com.ar\/%77%70%2d%6a%73%6f%6e\/wp\/v2\/media\/45782"}],"wp:attachment":[{"href":"https:\/\/informelitoral.com.ar\/%77%70%2d%6a%73%6f%6e\/wp\/v2\/media?parent=45781"}],"wp:term":[{"taxonomy":"category","embeddable":true,"href":"https:\/\/informelitoral.com.ar\/%77%70%2d%6a%73%6f%6e\/wp\/v2\/categories?post=45781"},{"taxonomy":"post_tag","embeddable":true,"href":"https:\/\/informelitoral.com.ar\/%77%70%2d%6a%73%6f%6e\/wp\/v2\/tags?post=45781"}],"curies":[{"name":"wp","href":"https:\/\/api.w.org\/{rel}","templated":true}]}}