{"id":45703,"date":"2020-07-14T19:11:04","date_gmt":"2020-07-14T22:11:04","guid":{"rendered":"https:\/\/www.isletasnoticias.com.ar\/?p=45703"},"modified":"2020-07-14T19:11:04","modified_gmt":"2020-07-14T22:11:04","slug":"la-oposicion-se-retiro-de-una-comision-en-el-congreso-y-crece-la-tension-con-alberto-fernandez","status":"publish","type":"post","link":"https:\/\/informelitoral.com.ar\/la-oposicion-se-retiro-de-una-comision-en-el-congreso-y-crece-la-tension-con-alberto-fernandez\/","title":{"rendered":"La oposici\u00f3n se retir\u00f3 de una comisi\u00f3n en el Congreso y crece la tensi\u00f3n con Alberto Fern\u00e1ndez"},"content":{"rendered":"<p>El Congreso volvi\u00f3 hoy a ser el foco de la discordia entre el oficialismo y la oposici\u00f3n, menos de 24 horas despu\u00e9s de la reuni\u00f3n que mantuvieron los jefes parlamentarios con el presidente Alberto Fern\u00e1ndez para acercar posiciones con la mira en la post pandemia.<\/p>\n<p>Con el formato de debates virtuales, la Comisi\u00f3n Bicameral de Tr\u00e1mite Legislativo hab\u00eda sido citada para hoy a la ma\u00f1ana, con el tratamiento de nueve decretos presidenciales. El an\u00e1lisis detallado de esa lista ya anticipaba la pol\u00e9mica ya que uno de ellos era el 1053\/18 que hab\u00eda firmado Mauricio Macri dos a\u00f1os atr\u00e1s.<\/p>\n<p>A trav\u00e9s de dicho decreto el entonces presidente modific\u00f3 el Presupuesto General de la Administraci\u00f3n P\u00fablica de ese a\u00f1o con el fin de compensar a las empresas distribuidoras de gas que reclamaban un resarcimiento por la devaluaci\u00f3n y ahora el Frente de Todos pretende avanzar con su rechazo, en el marco de la redefinici\u00f3n de contratos de empresas de servicios p\u00fablicos.<\/p>\n<p>Al conocerse la convocatoria, Juntos por el Cambio pidi\u00f3 que, a cambio, se incorpore el tratamiento de otros DNU como el de la pr\u00f3rroga de aumentos jubilatorios sin utilizar la f\u00f3rmula previsional o la intervenci\u00f3n de Vicent\u00edn.<\/p>\n<p>La reuni\u00f3n comenz\u00f3 con la votaci\u00f3n del temario, donde el oficialismo se impuso por nueve votos contra seis de la oposici\u00f3n.<\/p>\n<p>Durante el encuentro que presidi\u00f3 el santafesino Marcos Cleri (FdT), el diputado del PRO Pablo Tonelli pidi\u00f3 la palabra y alert\u00f3 que el DNU de Macri se encuentra vigente ya que en su momento recibi\u00f3 dictamen de esa misma comisi\u00f3n aunque no hab\u00eda logrado ser tratado en ninguna de las dos c\u00e1maras parlamentarias. All\u00ed le pidi\u00f3 al oficialismo que se ajuste al reglamento y advirti\u00f3 que, de lo contrario, la oposici\u00f3n se iba a retirar.<\/p>\n<p style=\"text-align: center;\"><strong>\u00abNo todo vale en pol\u00edtica\u00bb, les dijo Alberto F a<br \/>\n<\/strong><strong>diputados y senadores de Juntos por el Cambio<\/strong><\/p>\n<p>\u00abLo que est\u00e1n haciendo no es legal, porque la competencia legislativa, esta que le esta arrebatando permanentemente el Poder Ejecutivo al Congreso, una vez que la Comisi\u00f3n dictamina es de las C\u00e1maras, as\u00ed lo dice el art\u00edculo 99 inciso 3\u00a0de la Constituci\u00f3n Nacional. No pueden retomar esa competencia cuando ya se ha expedido. C\u00f3mo van resolver estas cuestiones por encima de lo que dice la Constituci\u00f3n as\u00ed fuera una decisi\u00f3n un\u00e1nime\u201d,\u00a0pregunt\u00f3 Tonelli durante la reuni\u00f3n que iba subiendo de tono.<\/p>\n<p>Luego se dirigi\u00f3 a Cleri y le dijo: \u00abTampoco es legal, no es cierto que sea su potestad presidente, decidir qu\u00e9 decreto se trata y cual no, porque la ley lo obliga, le pone un plazo para poner a consideraci\u00f3n los DNU y esos plazos est\u00e1n vencidos, le hemos hecho menci\u00f3n al decreto que modifica el salario, al del aguinaldo, el de Vicent\u00edn. Podr\u00edan aprovechar lo que ayer el Presidente de la Naci\u00f3n, que hizo un mea culpa por la intervenci\u00f3n confiscatoria podr\u00edamos aprovechar ahora para darle forma legal a la invalidaci\u00f3n de ese decreto\u201d.<\/p>\n<p>Cleri justific\u00f3 que \u00abel 15 de noviembre\u00a0del 2018 nosotros votamos la invalidez del decreto 1053\/18\u201d y record\u00f3 que \u00abhoy nuevamente reafirmamos que se trata de un decreto inv\u00e1lido porque es una modificaci\u00f3n presupuestaria que modific\u00f3 los presupuestos del 2018 y comprometi\u00f3 los siguientes\u201d.<\/p>\n<p>El santafesino indic\u00f3 adem\u00e1s que varias ONG, sindicatos y asociaciones civiles han enviado notas dirigidas al presidente de la C\u00e1mara de Diputados, Sergio Massa, y del Senado de la Naci\u00f3n, Cristina Fern\u00e1ndez de Kirchner, para declarar inv\u00e1lido el Decreto 1053\/18.<\/p>\n<p style=\"text-align: center;\"><strong>Mario Negri dijo que \u00abNo hubo acuerdo\u00bb con Fern\u00e1ndez:<br \/>\n\u00abNo fuimos a sacarnos una foto\u00bb<\/strong><\/p>\n<p>Por su parte, la senadora Anabel Fern\u00e1ndez Sagasti, de estrecho v\u00ednculo con la vicepresidenta, argument\u00f3 que \u00abno existe en el reglamento de ambas C\u00e1maras del Congreso ni en la ley de la creaci\u00f3n de la bicameral la imposibilidad de que nosotros volvamos a dictaminar\u00a0sobre DNU que ya han sido tratados\u201d.<\/p>\n<p>Tambi\u00e9n enfatiz\u00f3 que \u00absi no derogamos este decreto, todos los argentinos vamos a seguir pagando algo que es confiscatorio. Es una urgencia dar tratamiento a este DNU, darle dictamen, invalidarlo e impedir que se estafe a los argentinos\u00bb.<\/p>\n<p>Luego de la advertencia sobre el desacuerdo del temario de la reuni\u00f3n, los legisladores de la oposici\u00f3n decidieron \u00abdesconectarse\u00bb de la sesi\u00f3n virtual de comisi\u00f3n, no obstante el oficialismo contaba con las firmas necesarias para avanzar con el tr\u00e1mite ya que cuentan con la mayor\u00eda .<\/p>\n<p>El diputado radical Luis Petri, integrante de la Comisi\u00f3n, lament\u00f3 que \u00ables propusimos di\u00e1logo institucional y pleno funcionamiento del Congreso y nos contestaron con m\u00e1s DNU a la fuerza y sin consenso. Uno de los grandes desaf\u00edos despues de superada la pandemia, ser\u00e1 el de reencauzar los desv\u00edos y la concentraci\u00f3n de poder en la Argentina\u00bb.<\/p>\n<p>El referente mendocino trajo incluso uno de los t\u00e9rminos m\u00e1s pol\u00e9micos de la cuarentena y habl\u00f3 de los \u00abnuevos s\u00edntomas de la infectadura que vive el pa\u00eds\u00bb entre los que mencion\u00f3 \u00abdi\u00e1logo sin acuerdos parlamentarios y atropellando a la carrera a las instituciones\u00bb.<\/p>\n<blockquote class=\"twitter-tweet\" data-width=\"550\" data-dnt=\"true\">\n<p lang=\"es\" dir=\"ltr\">El of\u00edcialismo impone su mayor\u00eda y se niega a tratar los decretos de suspensi\u00f3n de la movilidad jubilatoria y la intervenci\u00f3n de Vicentin, despu\u00e9s del di\u00e1logo de ayer hoy volvemos a la dictadura del DNU y la emergencia<\/p>\n<p>&mdash; Luis Petri (@luispetri) <a href=\"https:\/\/twitter.com\/luispetri\/status\/1283044083842396166?ref_src=twsrc%5Etfw\">July 14, 2020<\/a><\/p><\/blockquote>\n<p><script async src=\"https:\/\/platform.twitter.com\/widgets.js\" charset=\"utf-8\"><\/script><\/p>\n<p>No es la primera vez que la oposici\u00f3n utiliza una estrategia similar durante este a\u00f1o parlamentario para mostrar su descontento. En dos sesiones del Senado tom\u00f3 una determinaci\u00f3n en esa l\u00ednea por considerar que el temario planteado por Cristina Kirchner no se ajustaba a la agenda de la pandemia de coronavirus, como se hab\u00eda acordado.<\/p>\n<p>En otra oportunidad se retir\u00f3 de la reuni\u00f3n de la Comisi\u00f3n de Asuntos Constitucionales de la C\u00e1mara Alta donde se dio dictamen a un proyecto de Oscar Parrilli que pretend\u00eda frenar la creaci\u00f3n de Sociedades por Acciones Simplificadas (SAS), por iguales circunstancias. (Fuente: perfil.com)<\/p>\n","protected":false},"excerpt":{"rendered":"<p>El Congreso volvi&oacute; hoy a ser el foco de la discordia entre el oficialismo y la oposici&oacute;n, menos de 24 horas despu&eacute;s de la reuni&oacute;n que mantuvieron los jefes parlamentarios con el presidente Alberto Fern&aacute;ndez para acercar posiciones con la mira en la post pandemia. Con el formato de debates virtuales, la Comisi&oacute;n Bicameral de [&hellip;]<\/p>\n","protected":false},"author":8,"featured_media":45704,"comment_status":"open","ping_status":"open","sticky":false,"template":"","format":"standard","meta":{"fifu_image_url":"","fifu_image_alt":"","footnotes":""},"categories":[16],"tags":[],"class_list":{"0":"post-45703","1":"post","2":"type-post","3":"status-publish","4":"format-standard","5":"has-post-thumbnail","7":"category-politi"},"yoast_head":"<title>La oposici\u00f3n se retir\u00f3 de una comisi\u00f3n en el Congreso y crece la tensi\u00f3n con Alberto Fern\u00e1ndez - Informe Litoral<\/title>\n<meta name=\"robots\" content=\"index, follow, max-snippet:-1, max-image-preview:large, max-video-preview:-1\" \/>\n<link rel=\"canonical\" href=\"https:\/\/informelitoral.com.ar\/la-oposicion-se-retiro-de-una-comision-en-el-congreso-y-crece-la-tension-con-alberto-fernandez\/\" \/>\n<meta property=\"og:locale\" content=\"es_ES\" \/>\n<meta property=\"og:type\" content=\"article\" \/>\n<meta property=\"og:title\" content=\"La oposici\u00f3n se retir\u00f3 de una comisi\u00f3n en el Congreso y crece la tensi\u00f3n con Alberto Fern\u00e1ndez - Informe Litoral\" \/>\n<meta property=\"og:description\" content=\"El Congreso volvi&oacute; hoy a ser el foco de la discordia entre el oficialismo y la oposici&oacute;n, menos de 24 horas despu&eacute;s de la reuni&oacute;n que mantuvieron los jefes parlamentarios con el presidente Alberto Fern&aacute;ndez para acercar posiciones con la mira en la post pandemia. Con el formato de debates virtuales, la Comisi&oacute;n Bicameral de [&hellip;]\" \/>\n<meta property=\"og:url\" content=\"https:\/\/informelitoral.com.ar\/la-oposicion-se-retiro-de-una-comision-en-el-congreso-y-crece-la-tension-con-alberto-fernandez\/\" \/>\n<meta property=\"og:site_name\" content=\"Informe Litoral\" \/>\n<meta property=\"article:publisher\" content=\"https:\/\/www.facebook.com\/informelitoral\/\" \/>\n<meta property=\"article:published_time\" content=\"2020-07-14T22:11:04+00:00\" \/>\n<meta property=\"og:image\" content=\"https:\/\/informelitoral.com.ar\/%77%70%2d%63%6f%6e%74%65%6e%74\/uploads\/2020\/07\/Petril.jpg\" \/>\n\t<meta property=\"og:image:width\" content=\"1420\" \/>\n\t<meta property=\"og:image:height\" content=\"653\" \/>\n\t<meta property=\"og:image:type\" content=\"image\/jpeg\" \/>\n<meta name=\"author\" content=\"Sebastian\" \/>\n<meta name=\"twitter:card\" content=\"summary_large_image\" \/>\n<meta name=\"twitter:creator\" content=\"@InformeLitoral\" \/>\n<meta name=\"twitter:site\" content=\"@InformeLitoral\" \/>\n<meta name=\"twitter:label1\" content=\"Escrito por\" \/>\n\t<meta name=\"twitter:data1\" content=\"Sebastian\" \/>\n\t<meta name=\"twitter:label2\" content=\"Tiempo de lectura\" \/>\n\t<meta name=\"twitter:data2\" content=\"5 minutos\" \/>\n<script type=\"application\/ld+json\" class=\"yoast-schema-graph\">{\"@context\":\"https:\\\/\\\/schema.org\",\"@graph\":[{\"@type\":\"Article\",\"@id\":\"https:\\\/\\\/informelitoral.com.ar\\\/la-oposicion-se-retiro-de-una-comision-en-el-congreso-y-crece-la-tension-con-alberto-fernandez\\\/#article\",\"isPartOf\":{\"@id\":\"https:\\\/\\\/informelitoral.com.ar\\\/la-oposicion-se-retiro-de-una-comision-en-el-congreso-y-crece-la-tension-con-alberto-fernandez\\\/\"},\"author\":{\"name\":\"Sebastian\",\"@id\":\"https:\\\/\\\/informelitoral.com.ar\\\/#\\\/schema\\\/person\\\/f05f9f461677119578717524b127d6d5\"},\"headline\":\"La oposici\u00f3n se retir\u00f3 de una comisi\u00f3n en el Congreso y crece la tensi\u00f3n con Alberto Fern\u00e1ndez\",\"datePublished\":\"2020-07-14T22:11:04+00:00\",\"mainEntityOfPage\":{\"@id\":\"https:\\\/\\\/informelitoral.com.ar\\\/la-oposicion-se-retiro-de-una-comision-en-el-congreso-y-crece-la-tension-con-alberto-fernandez\\\/\"},\"wordCount\":1028,\"commentCount\":0,\"publisher\":{\"@id\":\"https:\\\/\\\/informelitoral.com.ar\\\/#organization\"},\"image\":{\"@id\":\"https:\\\/\\\/informelitoral.com.ar\\\/la-oposicion-se-retiro-de-una-comision-en-el-congreso-y-crece-la-tension-con-alberto-fernandez\\\/#primaryimage\"},\"thumbnailUrl\":\"https:\\\/\\\/informelitoral.com.ar\\\/%77%70%2d%63%6f%6e%74%65%6e%74\\\/uploads\\\/2020\\\/07\\\/Petril.jpg\",\"articleSection\":[\"Politica\"],\"inLanguage\":\"es\",\"potentialAction\":[{\"@type\":\"CommentAction\",\"name\":\"Comment\",\"target\":[\"https:\\\/\\\/informelitoral.com.ar\\\/la-oposicion-se-retiro-de-una-comision-en-el-congreso-y-crece-la-tension-con-alberto-fernandez\\\/#respond\"]}]},{\"@type\":\"WebPage\",\"@id\":\"https:\\\/\\\/informelitoral.com.ar\\\/la-oposicion-se-retiro-de-una-comision-en-el-congreso-y-crece-la-tension-con-alberto-fernandez\\\/\",\"url\":\"https:\\\/\\\/informelitoral.com.ar\\\/la-oposicion-se-retiro-de-una-comision-en-el-congreso-y-crece-la-tension-con-alberto-fernandez\\\/\",\"name\":\"La oposici\u00f3n se retir\u00f3 de una comisi\u00f3n en el Congreso y crece la tensi\u00f3n con Alberto Fern\u00e1ndez - Informe Litoral\",\"isPartOf\":{\"@id\":\"https:\\\/\\\/informelitoral.com.ar\\\/#website\"},\"primaryImageOfPage\":{\"@id\":\"https:\\\/\\\/informelitoral.com.ar\\\/la-oposicion-se-retiro-de-una-comision-en-el-congreso-y-crece-la-tension-con-alberto-fernandez\\\/#primaryimage\"},\"image\":{\"@id\":\"https:\\\/\\\/informelitoral.com.ar\\\/la-oposicion-se-retiro-de-una-comision-en-el-congreso-y-crece-la-tension-con-alberto-fernandez\\\/#primaryimage\"},\"thumbnailUrl\":\"https:\\\/\\\/informelitoral.com.ar\\\/%77%70%2d%63%6f%6e%74%65%6e%74\\\/uploads\\\/2020\\\/07\\\/Petril.jpg\",\"datePublished\":\"2020-07-14T22:11:04+00:00\",\"breadcrumb\":{\"@id\":\"https:\\\/\\\/informelitoral.com.ar\\\/la-oposicion-se-retiro-de-una-comision-en-el-congreso-y-crece-la-tension-con-alberto-fernandez\\\/#breadcrumb\"},\"inLanguage\":\"es\",\"potentialAction\":[{\"@type\":\"ReadAction\",\"target\":[\"https:\\\/\\\/informelitoral.com.ar\\\/la-oposicion-se-retiro-de-una-comision-en-el-congreso-y-crece-la-tension-con-alberto-fernandez\\\/\"]}]},{\"@type\":\"ImageObject\",\"inLanguage\":\"es\",\"@id\":\"https:\\\/\\\/informelitoral.com.ar\\\/la-oposicion-se-retiro-de-una-comision-en-el-congreso-y-crece-la-tension-con-alberto-fernandez\\\/#primaryimage\",\"url\":\"https:\\\/\\\/informelitoral.com.ar\\\/%77%70%2d%63%6f%6e%74%65%6e%74\\\/uploads\\\/2020\\\/07\\\/Petril.jpg\",\"contentUrl\":\"https:\\\/\\\/informelitoral.com.ar\\\/%77%70%2d%63%6f%6e%74%65%6e%74\\\/uploads\\\/2020\\\/07\\\/Petril.jpg\",\"width\":1420,\"height\":653},{\"@type\":\"BreadcrumbList\",\"@id\":\"https:\\\/\\\/informelitoral.com.ar\\\/la-oposicion-se-retiro-de-una-comision-en-el-congreso-y-crece-la-tension-con-alberto-fernandez\\\/#breadcrumb\",\"itemListElement\":[{\"@type\":\"ListItem\",\"position\":1,\"name\":\"Portada\",\"item\":\"https:\\\/\\\/informelitoral.com.ar\\\/\"},{\"@type\":\"ListItem\",\"position\":2,\"name\":\"La oposici\u00f3n se retir\u00f3 de una comisi\u00f3n en el Congreso y crece la tensi\u00f3n con Alberto Fern\u00e1ndez\"}]},{\"@type\":\"WebSite\",\"@id\":\"https:\\\/\\\/informelitoral.com.ar\\\/#website\",\"url\":\"https:\\\/\\\/informelitoral.com.ar\\\/\",\"name\":\"Informe Litoral\",\"description\":\"&quot;Nos informamos&quot; \",\"publisher\":{\"@id\":\"https:\\\/\\\/informelitoral.com.ar\\\/#organization\"},\"potentialAction\":[{\"@type\":\"SearchAction\",\"target\":{\"@type\":\"EntryPoint\",\"urlTemplate\":\"https:\\\/\\\/informelitoral.com.ar\\\/?s={search_term_string}\"},\"query-input\":{\"@type\":\"PropertyValueSpecification\",\"valueRequired\":true,\"valueName\":\"search_term_string\"}}],\"inLanguage\":\"es\"},{\"@type\":\"Organization\",\"@id\":\"https:\\\/\\\/informelitoral.com.ar\\\/#organization\",\"name\":\"Informe Litoral\",\"url\":\"https:\\\/\\\/informelitoral.com.ar\\\/\",\"logo\":{\"@type\":\"ImageObject\",\"inLanguage\":\"es\",\"@id\":\"https:\\\/\\\/informelitoral.com.ar\\\/#\\\/schema\\\/logo\\\/image\\\/\",\"url\":\"https:\\\/\\\/informelitoral.com.ar\\\/%77%70%2d%63%6f%6e%74%65%6e%74\\\/uploads\\\/2021\\\/01\\\/circulo.png\",\"contentUrl\":\"https:\\\/\\\/informelitoral.com.ar\\\/%77%70%2d%63%6f%6e%74%65%6e%74\\\/uploads\\\/2021\\\/01\\\/circulo.png\",\"width\":723,\"height\":731,\"caption\":\"Informe Litoral\"},\"image\":{\"@id\":\"https:\\\/\\\/informelitoral.com.ar\\\/#\\\/schema\\\/logo\\\/image\\\/\"},\"sameAs\":[\"https:\\\/\\\/www.facebook.com\\\/informelitoral\\\/\",\"https:\\\/\\\/x.com\\\/InformeLitoral\",\"https:\\\/\\\/www.instagram.com\\\/informelitoral\\\/\",\"https:\\\/\\\/www.youtube.com\\\/channel\\\/UCua4Qvz8Icb6MYqhoq9xLXw\"]},{\"@type\":\"Person\",\"@id\":\"https:\\\/\\\/informelitoral.com.ar\\\/#\\\/schema\\\/person\\\/f05f9f461677119578717524b127d6d5\",\"name\":\"Sebastian\",\"image\":{\"@type\":\"ImageObject\",\"inLanguage\":\"es\",\"@id\":\"https:\\\/\\\/secure.gravatar.com\\\/avatar\\\/b71bf7481d447dfb9583c7f2798e7cc64de6efb9067b74633ed8c31059a3bd82?s=96&d=mm&r=g\",\"url\":\"https:\\\/\\\/secure.gravatar.com\\\/avatar\\\/b71bf7481d447dfb9583c7f2798e7cc64de6efb9067b74633ed8c31059a3bd82?s=96&d=mm&r=g\",\"contentUrl\":\"https:\\\/\\\/secure.gravatar.com\\\/avatar\\\/b71bf7481d447dfb9583c7f2798e7cc64de6efb9067b74633ed8c31059a3bd82?s=96&d=mm&r=g\",\"caption\":\"Sebastian\"},\"url\":\"https:\\\/\\\/informelitoral.com.ar\\\/author\\\/sebastian\\\/\"}]}<\/script>","yoast_head_json":{"title":"La oposici\u00f3n se retir\u00f3 de una comisi\u00f3n en el Congreso y crece la tensi\u00f3n con Alberto Fern\u00e1ndez - Informe Litoral","robots":{"index":"index","follow":"follow","max-snippet":"max-snippet:-1","max-image-preview":"max-image-preview:large","max-video-preview":"max-video-preview:-1"},"canonical":"https:\/\/informelitoral.com.ar\/la-oposicion-se-retiro-de-una-comision-en-el-congreso-y-crece-la-tension-con-alberto-fernandez\/","og_locale":"es_ES","og_type":"article","og_title":"La oposici\u00f3n se retir\u00f3 de una comisi\u00f3n en el Congreso y crece la tensi\u00f3n con Alberto Fern\u00e1ndez - Informe Litoral","og_description":"El Congreso volvi&oacute; hoy a ser el foco de la discordia entre el oficialismo y la oposici&oacute;n, menos de 24 horas despu&eacute;s de la reuni&oacute;n que mantuvieron los jefes parlamentarios con el presidente Alberto Fern&aacute;ndez para acercar posiciones con la mira en la post pandemia. Con el formato de debates virtuales, la Comisi&oacute;n Bicameral de [&hellip;]","og_url":"https:\/\/informelitoral.com.ar\/la-oposicion-se-retiro-de-una-comision-en-el-congreso-y-crece-la-tension-con-alberto-fernandez\/","og_site_name":"Informe Litoral","article_publisher":"https:\/\/www.facebook.com\/informelitoral\/","article_published_time":"2020-07-14T22:11:04+00:00","og_image":[{"width":1420,"height":653,"url":"https:\/\/informelitoral.com.ar\/%77%70%2d%63%6f%6e%74%65%6e%74\/uploads\/2020\/07\/Petril.jpg","type":"image\/jpeg"}],"author":"Sebastian","twitter_card":"summary_large_image","twitter_creator":"@InformeLitoral","twitter_site":"@InformeLitoral","twitter_misc":{"Escrito por":"Sebastian","Tiempo de lectura":"5 minutos"},"schema":{"@context":"https:\/\/schema.org","@graph":[{"@type":"Article","@id":"https:\/\/informelitoral.com.ar\/la-oposicion-se-retiro-de-una-comision-en-el-congreso-y-crece-la-tension-con-alberto-fernandez\/#article","isPartOf":{"@id":"https:\/\/informelitoral.com.ar\/la-oposicion-se-retiro-de-una-comision-en-el-congreso-y-crece-la-tension-con-alberto-fernandez\/"},"author":{"name":"Sebastian","@id":"https:\/\/informelitoral.com.ar\/#\/schema\/person\/f05f9f461677119578717524b127d6d5"},"headline":"La oposici\u00f3n se retir\u00f3 de una comisi\u00f3n en el Congreso y crece la tensi\u00f3n con Alberto Fern\u00e1ndez","datePublished":"2020-07-14T22:11:04+00:00","mainEntityOfPage":{"@id":"https:\/\/informelitoral.com.ar\/la-oposicion-se-retiro-de-una-comision-en-el-congreso-y-crece-la-tension-con-alberto-fernandez\/"},"wordCount":1028,"commentCount":0,"publisher":{"@id":"https:\/\/informelitoral.com.ar\/#organization"},"image":{"@id":"https:\/\/informelitoral.com.ar\/la-oposicion-se-retiro-de-una-comision-en-el-congreso-y-crece-la-tension-con-alberto-fernandez\/#primaryimage"},"thumbnailUrl":"https:\/\/informelitoral.com.ar\/%77%70%2d%63%6f%6e%74%65%6e%74\/uploads\/2020\/07\/Petril.jpg","articleSection":["Politica"],"inLanguage":"es","potentialAction":[{"@type":"CommentAction","name":"Comment","target":["https:\/\/informelitoral.com.ar\/la-oposicion-se-retiro-de-una-comision-en-el-congreso-y-crece-la-tension-con-alberto-fernandez\/#respond"]}]},{"@type":"WebPage","@id":"https:\/\/informelitoral.com.ar\/la-oposicion-se-retiro-de-una-comision-en-el-congreso-y-crece-la-tension-con-alberto-fernandez\/","url":"https:\/\/informelitoral.com.ar\/la-oposicion-se-retiro-de-una-comision-en-el-congreso-y-crece-la-tension-con-alberto-fernandez\/","name":"La oposici\u00f3n se retir\u00f3 de una comisi\u00f3n en el Congreso y crece la tensi\u00f3n con Alberto Fern\u00e1ndez - Informe Litoral","isPartOf":{"@id":"https:\/\/informelitoral.com.ar\/#website"},"primaryImageOfPage":{"@id":"https:\/\/informelitoral.com.ar\/la-oposicion-se-retiro-de-una-comision-en-el-congreso-y-crece-la-tension-con-alberto-fernandez\/#primaryimage"},"image":{"@id":"https:\/\/informelitoral.com.ar\/la-oposicion-se-retiro-de-una-comision-en-el-congreso-y-crece-la-tension-con-alberto-fernandez\/#primaryimage"},"thumbnailUrl":"https:\/\/informelitoral.com.ar\/%77%70%2d%63%6f%6e%74%65%6e%74\/uploads\/2020\/07\/Petril.jpg","datePublished":"2020-07-14T22:11:04+00:00","breadcrumb":{"@id":"https:\/\/informelitoral.com.ar\/la-oposicion-se-retiro-de-una-comision-en-el-congreso-y-crece-la-tension-con-alberto-fernandez\/#breadcrumb"},"inLanguage":"es","potentialAction":[{"@type":"ReadAction","target":["https:\/\/informelitoral.com.ar\/la-oposicion-se-retiro-de-una-comision-en-el-congreso-y-crece-la-tension-con-alberto-fernandez\/"]}]},{"@type":"ImageObject","inLanguage":"es","@id":"https:\/\/informelitoral.com.ar\/la-oposicion-se-retiro-de-una-comision-en-el-congreso-y-crece-la-tension-con-alberto-fernandez\/#primaryimage","url":"https:\/\/informelitoral.com.ar\/%77%70%2d%63%6f%6e%74%65%6e%74\/uploads\/2020\/07\/Petril.jpg","contentUrl":"https:\/\/informelitoral.com.ar\/%77%70%2d%63%6f%6e%74%65%6e%74\/uploads\/2020\/07\/Petril.jpg","width":1420,"height":653},{"@type":"BreadcrumbList","@id":"https:\/\/informelitoral.com.ar\/la-oposicion-se-retiro-de-una-comision-en-el-congreso-y-crece-la-tension-con-alberto-fernandez\/#breadcrumb","itemListElement":[{"@type":"ListItem","position":1,"name":"Portada","item":"https:\/\/informelitoral.com.ar\/"},{"@type":"ListItem","position":2,"name":"La oposici\u00f3n se retir\u00f3 de una comisi\u00f3n en el Congreso y crece la tensi\u00f3n con Alberto Fern\u00e1ndez"}]},{"@type":"WebSite","@id":"https:\/\/informelitoral.com.ar\/#website","url":"https:\/\/informelitoral.com.ar\/","name":"Informe Litoral","description":"&quot;Nos informamos&quot; ","publisher":{"@id":"https:\/\/informelitoral.com.ar\/#organization"},"potentialAction":[{"@type":"SearchAction","target":{"@type":"EntryPoint","urlTemplate":"https:\/\/informelitoral.com.ar\/?s={search_term_string}"},"query-input":{"@type":"PropertyValueSpecification","valueRequired":true,"valueName":"search_term_string"}}],"inLanguage":"es"},{"@type":"Organization","@id":"https:\/\/informelitoral.com.ar\/#organization","name":"Informe Litoral","url":"https:\/\/informelitoral.com.ar\/","logo":{"@type":"ImageObject","inLanguage":"es","@id":"https:\/\/informelitoral.com.ar\/#\/schema\/logo\/image\/","url":"https:\/\/informelitoral.com.ar\/%77%70%2d%63%6f%6e%74%65%6e%74\/uploads\/2021\/01\/circulo.png","contentUrl":"https:\/\/informelitoral.com.ar\/%77%70%2d%63%6f%6e%74%65%6e%74\/uploads\/2021\/01\/circulo.png","width":723,"height":731,"caption":"Informe Litoral"},"image":{"@id":"https:\/\/informelitoral.com.ar\/#\/schema\/logo\/image\/"},"sameAs":["https:\/\/www.facebook.com\/informelitoral\/","https:\/\/x.com\/InformeLitoral","https:\/\/www.instagram.com\/informelitoral\/","https:\/\/www.youtube.com\/channel\/UCua4Qvz8Icb6MYqhoq9xLXw"]},{"@type":"Person","@id":"https:\/\/informelitoral.com.ar\/#\/schema\/person\/f05f9f461677119578717524b127d6d5","name":"Sebastian","image":{"@type":"ImageObject","inLanguage":"es","@id":"https:\/\/secure.gravatar.com\/avatar\/b71bf7481d447dfb9583c7f2798e7cc64de6efb9067b74633ed8c31059a3bd82?s=96&d=mm&r=g","url":"https:\/\/secure.gravatar.com\/avatar\/b71bf7481d447dfb9583c7f2798e7cc64de6efb9067b74633ed8c31059a3bd82?s=96&d=mm&r=g","contentUrl":"https:\/\/secure.gravatar.com\/avatar\/b71bf7481d447dfb9583c7f2798e7cc64de6efb9067b74633ed8c31059a3bd82?s=96&d=mm&r=g","caption":"Sebastian"},"url":"https:\/\/informelitoral.com.ar\/author\/sebastian\/"}]}},"_links":{"self":[{"href":"https:\/\/informelitoral.com.ar\/%77%70%2d%6a%73%6f%6e\/wp\/v2\/posts\/45703","targetHints":{"allow":["GET"]}}],"collection":[{"href":"https:\/\/informelitoral.com.ar\/%77%70%2d%6a%73%6f%6e\/wp\/v2\/posts"}],"about":[{"href":"https:\/\/informelitoral.com.ar\/%77%70%2d%6a%73%6f%6e\/wp\/v2\/types\/post"}],"author":[{"embeddable":true,"href":"https:\/\/informelitoral.com.ar\/%77%70%2d%6a%73%6f%6e\/wp\/v2\/users\/8"}],"replies":[{"embeddable":true,"href":"https:\/\/informelitoral.com.ar\/%77%70%2d%6a%73%6f%6e\/wp\/v2\/comments?post=45703"}],"version-history":[{"count":0,"href":"https:\/\/informelitoral.com.ar\/%77%70%2d%6a%73%6f%6e\/wp\/v2\/posts\/45703\/revisions"}],"wp:featuredmedia":[{"embeddable":true,"href":"https:\/\/informelitoral.com.ar\/%77%70%2d%6a%73%6f%6e\/wp\/v2\/media\/45704"}],"wp:attachment":[{"href":"https:\/\/informelitoral.com.ar\/%77%70%2d%6a%73%6f%6e\/wp\/v2\/media?parent=45703"}],"wp:term":[{"taxonomy":"category","embeddable":true,"href":"https:\/\/informelitoral.com.ar\/%77%70%2d%6a%73%6f%6e\/wp\/v2\/categories?post=45703"},{"taxonomy":"post_tag","embeddable":true,"href":"https:\/\/informelitoral.com.ar\/%77%70%2d%6a%73%6f%6e\/wp\/v2\/tags?post=45703"}],"curies":[{"name":"wp","href":"https:\/\/api.w.org\/{rel}","templated":true}]}}