{"id":45700,"date":"2020-07-14T18:36:32","date_gmt":"2020-07-14T21:36:32","guid":{"rendered":"https:\/\/www.isletasnoticias.com.ar\/?p=45700"},"modified":"2020-07-14T18:43:28","modified_gmt":"2020-07-14T21:43:28","slug":"hebe-ataco-y-critico-al-presidente-por-la-reunion-con-empresarios","status":"publish","type":"post","link":"https:\/\/informelitoral.com.ar\/hebe-ataco-y-critico-al-presidente-por-la-reunion-con-empresarios\/","title":{"rendered":"Hebe atac\u00f3 y critic\u00f3 al Presidente por la reuni\u00f3n con empresarios"},"content":{"rendered":"<p>Transcurridos apenas siete meses de su asunci\u00f3n como presidente, Alberto Fern\u00e1ndez qued\u00f3 en las \u00faltimas horas bajo \u201cfuego amigo\u201d, t\u00e9rmino que se suele utilizar en pol\u00edtica cuando las cr\u00edticas surgen del mismo espacio o de sectores aliados. En este caso, el jefe de Estado sufre cuestionamientos de distintos referentes de su gobierno que reconocen como conductora a su vicepresidenta, Cristina Fern\u00e1ndez de Kirchner.<\/p>\n<p class=\"font_tertiary paragraph\">La presidenta de Madres de Plaza de Mayo, Hebe de Bonafini, se encolumn\u00f3 este martes en ese grupo de dirigentes que est\u00e1n molestos con la Casa de Gobierno. En una carta dirigida al titular Poder Ejecutivo que su equipo de prensa se encarg\u00f3 de visibilizar, cuestion\u00f3 la convocatoria realizada a los empresarios que conducen el Grupo de los 6 para participar de los actos oficiales por el D\u00eda de la Independencia, el pasado jueves 9 de julio.<\/p>\n<p class=\"font_tertiary paragraph\"><strong>\u201cDespu\u00e9s de mucho discutirlo nos dirigimos a Ud. con mucho dolor porque nos sentimos agraviadas y heridas en lo m\u00e1s profundo de nuestro coraz\u00f3n, al ver que Ud. sent\u00f3 en su mesa a todos los que explotan a nuestros trabajadores y trabajadoras, y a los que saquearon el pa\u00eds. Lo m\u00e1s grave de todo: a los que secuestraron a muchos de nuestros hijos e hijas que luchaban por una Patria liberada\u201d<\/strong>, firma Bonafini con\u00a0<strong>\u201cgran tristeza\u201d<\/strong>\u00a0en un breve escrito fechado este martes 14 de julio.<\/p>\n<p class=\"font_tertiary paragraph\">Y agrega una posdata sugestiva:\u00a0<strong>\u201cSo\u00f1amos con ver en esa mesa alguna vez sentados a los compa\u00f1eros trabajadores y trabajadoras que tienen callos en las manos y en los pies y la espalda doblada de trabajar\u201d<\/strong>.<\/p>\n<p class=\"font_tertiary paragraph\">La referente de los derechos humanos rubric\u00f3 su carta con una entrevista en radio Del Plata durante la cual abundaron las cr\u00edticas al l\u00edder de su gobierno.\u00a0<strong>\u201cMe parece que estamos bastante flojos en cuanto a no ponernos firmes en lo que hay que hacer. Me parece que se le est\u00e1 yendo la mano. Hay que ponerse firmes. \u00bfQui\u00e9n gobierna, Fern\u00e1ndez?<\/strong>\u201d, pregunt\u00f3.<\/p>\n<p class=\"font_tertiary paragraph\">Sobre los invitados a la Quinta de Olivos agreg\u00f3: \u201c<strong>Los invita a todos y ellos (los empresarios) le dicen que si iba la izquierda no iban. Bueno, si no quieren ir que no vayan; y que est\u00e9 la izquierda, nada m\u00e1s\u201d.<\/strong><\/p>\n<p class=\"font_tertiary paragraph\">Y fue m\u00e1s all\u00e1 cuestionando la gesti\u00f3n: \u201c<strong>Les \u00edbamos a sacar un tanto por ciento a los m\u00e1s ricos y qued\u00f3 en la nada. \u00bfC\u00f3mo les podemos pagar los sueldos a esos tipos y no a los nuestros que se est\u00e1n muriendo de hambre? No ten\u00e9s que ser un esclarecido para mirar eso<\/strong>\u201d.<\/p>\n<p class=\"font_tertiary paragraph\">Incluso ironiz\u00f3 en la relaci\u00f3n conciliadora que el Presidente mantiene con la oposici\u00f3n: \u201cCada vez que (Horacio Rodr\u00edguez) Larreta se sienta al lado de Fern\u00e1ndez, el \u00fanico que gana puntos es Larreta, porque con esa cara de pelotudo Larreta le dice todo que s\u00ed y despu\u00e9s hace lo que se le canta\u201d.<\/p>\n<p><strong>Odiadores seriales<\/strong><\/p>\n<p>El jueves pasado, Fern\u00e1ndez busc\u00f3 dar un mensaje de unidad y cuestion\u00f3 a los \u201codiadores seriales\u201d rodeado de un selecto grupo de hombres de negocios. Estuvieron a su lado Miguel Acevedo (presidente de la Uni\u00f3n Industrial Argentina), Carolina Castro (UIA), H\u00e9ctor Daer (secretario general de la CGT), Adelmo Gabbi (titular de Bolsa de Comercio), Eduardo Eurnekian (C\u00e1mara Argentina de Comercio y Servicios), Javier Bolzico (Asociaci\u00f3n de Bancos Argentinos), N\u00e9stor Szczech (C\u00e1mara Argentina de la Construcci\u00f3n) y Daniel Pelegrina (Sociedad Rural Argentina). En el mismo acto, el Presidente calific\u00f3 a Horacio Rodr\u00edguez Larreta como un amigo y reparti\u00f3 elogios para otros gobernadores opositores, lo que provoc\u00f3 fuertes reacciones en el ala dura del Frente de Todos, la alianza pol\u00edtica que le posibilit\u00f3 ganar las elecciones del 2019.<\/p>\n<p class=\"font_tertiary paragraph\">Si bien la verborragia de Bonafini no es novedosa y abundan los antecedentes, su intervenci\u00f3n se da en un contexto muy particular que tuvo como protagonista a la propia Cristina Kirchner. El domingo pasado, la ex presidenta les recomend\u00f3 a sus seguidores de redes sociales un art\u00edculo del diario<em>\u00a0P\u00e1gina 12<\/em>\u00a0en el que se objetaban los intentos de acercamiento de Alberto Fern\u00e1ndez a grupos econ\u00f3micos como Techint y Clar\u00edn, integrantes de la c\u00e1mara que el jueves estuvo en Olivos. \u201cEl mejor an\u00e1lisis que he le\u00eddo en mucho tiempo. Sin subjetividades, sin an\u00e9cdotas. En tiempos de pandemia, de lectura imprescindible para entender y no equivocarse\u201d, describi\u00f3 CFK, y comparti\u00f3 la columna titulada \u201cLa conducci\u00f3n pol\u00edtica del poder econ\u00f3mico\u201d, firmada por el periodista Alfredo Zaiat.<\/p>\n<p class=\"font_tertiary paragraph\">La jugada, creen en los pasillos del poder, no fue inocente y tiene un objetivo claro: marcarle la cancha a su compa\u00f1ero de f\u00f3rmula.<\/p>\n<p class=\"font_tertiary paragraph\">La lectura recomendada por Cristina Kirchner explica por qu\u00e9 no estuvo presente el jueves en Olivos, responde a los interrogantes de los referentes de la oposici\u00f3n que preguntaron por ella ayer en los encuentros virtuales con el jefe de Estado y marca sin vueltas la l\u00ednea de pensamiento de la vicepresidenta y de su entorno.<\/p>\n<p class=\"font_tertiary paragraph\">De acuerdo a la mirada de Zaiat, el acto del 9 de julio en la residencia presidencial \u201cfue una apuesta oficial fuerte dirigida al mundo empresario concentrado, que desde hace m\u00e1s de 40 a\u00f1os ha intensificado el combate contra el proyecto de desarrollo nacional que hoy aspira a desplegar el frente pol\u00edtico que gobierna\u201d.<\/p>\n<p class=\"font_tertiary paragraph\">Y agrega \u2013en alusi\u00f3n a los empresarios convocados\u2013: \u201cSon los protagonistas principales de las grandes crisis pero no las padecen en toda su dimensi\u00f3n; m\u00e1s bien se benefician porque aumentan la concentraci\u00f3n y centralizaci\u00f3n del capital\u201d.<\/p>\n<p class=\"font_tertiary paragraph\">En el art\u00edculo, su autor recuerda que \u201cdesde los \u00faltimos a\u00f1os del siglo pasado, las inversiones en Argentina han sido marginales respecto a las destinadas al crecimiento de su negocio internacional\u201d y que \u201cel presidente Fern\u00e1ndez propone la reconstrucci\u00f3n de la econom\u00eda a partir de un capitalismo con otras bases. Para esa tarea est\u00e1 convocando a un sujeto econ\u00f3mico que hoy es otro; no es el que imagina para construir otro capitalismo dentro de un modelo de desarrollo nacional\u201d.<\/p>\n<p class=\"font_tertiary paragraph\">\u201cLa pospademia y la reconstrucci\u00f3n de una nueva normalidad econ\u00f3mica (&#8230;) requerir\u00e1 ampliar la base social de la alianza con el sector privado, incluyendo a pymes, cooperativas, emprendedores, firmas recuperadas, empresas de la econom\u00eda popular. Para que los costos devastadores de la actual crisis no sean en vano, la pol\u00edtica econ\u00f3mica de la recuperaci\u00f3n no puede quedar depositado en ganar la confianza de los empresarios del G-6\u2033, advirti\u00f3 Zaiat.<\/p>\n<p class=\"font_tertiary paragraph\">Hubo otro componente que explica en parte los enfrentamientos que existen en la c\u00fapula del poder pol\u00edtico. El domingo, mientras se viralizaba la nota compartida por Cristina Kirchner, el Frente Renovador inici\u00f3 la campa\u00f1a \u201cUnamos fuerzas, cuid\u00e1ndonos\u201d. El hashtag #UnamosFuerzas, en l\u00ednea con el mensaje pronunciado por el Presidente el D\u00eda de la Independencia y promovido por ese espacio, logr\u00f3 incluso posicionarse entre las principales tendencias de Twitter del d\u00eda. El l\u00edder de ese espacio y \u2013probablemente\u2013 el mentor de esa jugada virtual es Sergio Massa, socio pol\u00edtico de los Fern\u00e1ndez en el Frente de Todos.<\/p>\n<p class=\"font_tertiary paragraph\">No son d\u00edas f\u00e1ciles para Alberto Fern\u00e1ndez: el viernes deber\u00e1 definir c\u00f3mo contin\u00faa la cuarentena en el \u00c1rea Metropolitana en medio de un hartazgo generalizado de la ciudadan\u00eda y un virus que no da tregua; a\u00fan est\u00e1 pendiente la definici\u00f3n de la negociaci\u00f3n con los bonistas por la deuda y los problemas econ\u00f3micos lo acechan. Los analistas proyectan un escenario post pandemia con indicadores peores que los que desencadenaron la crisis de 2001. A ese combo de decisiones complejas, se le suman los problemas internos y las cr\u00edticas de la oposici\u00f3n, que hoy parecieran ser la \u00faltima de sus preocupaciones. El \u201calbertismo\u201d tom\u00f3 nota del fen\u00f3meno. Ayer, la zona del Congreso amaneci\u00f3 con afiches que tienen fondo celeste y un mensaje con letras blancas contundente: \u201cFuerza Alberto\u201d. (Fuente: unoentrerios.com.ar)<\/p>\n","protected":false},"excerpt":{"rendered":"<p>Transcurridos apenas siete meses de su asunci&oacute;n como presidente, Alberto Fern&aacute;ndez qued&oacute; en las &uacute;ltimas horas bajo &ldquo;fuego amigo&rdquo;, t&eacute;rmino que se suele utilizar en pol&iacute;tica cuando las cr&iacute;ticas surgen del mismo espacio o de sectores aliados. En este caso, el jefe de Estado sufre cuestionamientos de distintos referentes de su gobierno que reconocen como [&hellip;]<\/p>\n","protected":false},"author":8,"featured_media":45701,"comment_status":"open","ping_status":"open","sticky":false,"template":"","format":"standard","meta":{"fifu_image_url":"","fifu_image_alt":"","footnotes":""},"categories":[16],"tags":[],"class_list":{"0":"post-45700","1":"post","2":"type-post","3":"status-publish","4":"format-standard","5":"has-post-thumbnail","7":"category-politi"},"yoast_head":"<title>Hebe atac\u00f3 y critic\u00f3 al Presidente por la reuni\u00f3n con empresarios - Informe Litoral<\/title>\n<meta name=\"robots\" content=\"index, follow, max-snippet:-1, max-image-preview:large, max-video-preview:-1\" \/>\n<link rel=\"canonical\" href=\"https:\/\/informelitoral.com.ar\/hebe-ataco-y-critico-al-presidente-por-la-reunion-con-empresarios\/\" \/>\n<meta property=\"og:locale\" content=\"es_ES\" \/>\n<meta property=\"og:type\" content=\"article\" \/>\n<meta property=\"og:title\" content=\"Hebe atac\u00f3 y critic\u00f3 al Presidente por la reuni\u00f3n con empresarios - Informe Litoral\" \/>\n<meta property=\"og:description\" content=\"Transcurridos apenas siete meses de su asunci&oacute;n como presidente, Alberto Fern&aacute;ndez qued&oacute; en las &uacute;ltimas horas bajo &ldquo;fuego amigo&rdquo;, t&eacute;rmino que se suele utilizar en pol&iacute;tica cuando las cr&iacute;ticas surgen del mismo espacio o de sectores aliados. En este caso, el jefe de Estado sufre cuestionamientos de distintos referentes de su gobierno que reconocen como [&hellip;]\" \/>\n<meta property=\"og:url\" content=\"https:\/\/informelitoral.com.ar\/hebe-ataco-y-critico-al-presidente-por-la-reunion-con-empresarios\/\" \/>\n<meta property=\"og:site_name\" content=\"Informe Litoral\" \/>\n<meta property=\"article:publisher\" content=\"https:\/\/www.facebook.com\/informelitoral\/\" \/>\n<meta property=\"article:published_time\" content=\"2020-07-14T21:36:32+00:00\" \/>\n<meta property=\"article:modified_time\" content=\"2020-07-14T21:43:28+00:00\" \/>\n<meta property=\"og:image\" content=\"https:\/\/informelitoral.com.ar\/%77%70%2d%63%6f%6e%74%65%6e%74\/uploads\/2020\/07\/hebefernandez.jpg\" \/>\n\t<meta property=\"og:image:width\" content=\"760\" \/>\n\t<meta property=\"og:image:height\" content=\"447\" \/>\n\t<meta property=\"og:image:type\" content=\"image\/jpeg\" \/>\n<meta name=\"author\" content=\"Sebastian\" \/>\n<meta name=\"twitter:card\" content=\"summary_large_image\" \/>\n<meta name=\"twitter:creator\" content=\"@InformeLitoral\" \/>\n<meta name=\"twitter:site\" content=\"@InformeLitoral\" \/>\n<meta name=\"twitter:label1\" content=\"Escrito por\" \/>\n\t<meta name=\"twitter:data1\" content=\"Sebastian\" \/>\n\t<meta name=\"twitter:label2\" content=\"Tiempo de lectura\" \/>\n\t<meta name=\"twitter:data2\" content=\"7 minutos\" \/>\n<script type=\"application\/ld+json\" class=\"yoast-schema-graph\">{\"@context\":\"https:\\\/\\\/schema.org\",\"@graph\":[{\"@type\":\"Article\",\"@id\":\"https:\\\/\\\/informelitoral.com.ar\\\/hebe-ataco-y-critico-al-presidente-por-la-reunion-con-empresarios\\\/#article\",\"isPartOf\":{\"@id\":\"https:\\\/\\\/informelitoral.com.ar\\\/hebe-ataco-y-critico-al-presidente-por-la-reunion-con-empresarios\\\/\"},\"author\":{\"name\":\"Sebastian\",\"@id\":\"https:\\\/\\\/informelitoral.com.ar\\\/#\\\/schema\\\/person\\\/f05f9f461677119578717524b127d6d5\"},\"headline\":\"Hebe atac\u00f3 y critic\u00f3 al Presidente por la reuni\u00f3n con empresarios\",\"datePublished\":\"2020-07-14T21:36:32+00:00\",\"dateModified\":\"2020-07-14T21:43:28+00:00\",\"mainEntityOfPage\":{\"@id\":\"https:\\\/\\\/informelitoral.com.ar\\\/hebe-ataco-y-critico-al-presidente-por-la-reunion-con-empresarios\\\/\"},\"wordCount\":1370,\"commentCount\":0,\"publisher\":{\"@id\":\"https:\\\/\\\/informelitoral.com.ar\\\/#organization\"},\"image\":{\"@id\":\"https:\\\/\\\/informelitoral.com.ar\\\/hebe-ataco-y-critico-al-presidente-por-la-reunion-con-empresarios\\\/#primaryimage\"},\"thumbnailUrl\":\"https:\\\/\\\/informelitoral.com.ar\\\/%77%70%2d%63%6f%6e%74%65%6e%74\\\/uploads\\\/2020\\\/07\\\/hebefernandez.jpg\",\"articleSection\":[\"Politica\"],\"inLanguage\":\"es\",\"potentialAction\":[{\"@type\":\"CommentAction\",\"name\":\"Comment\",\"target\":[\"https:\\\/\\\/informelitoral.com.ar\\\/hebe-ataco-y-critico-al-presidente-por-la-reunion-con-empresarios\\\/#respond\"]}]},{\"@type\":\"WebPage\",\"@id\":\"https:\\\/\\\/informelitoral.com.ar\\\/hebe-ataco-y-critico-al-presidente-por-la-reunion-con-empresarios\\\/\",\"url\":\"https:\\\/\\\/informelitoral.com.ar\\\/hebe-ataco-y-critico-al-presidente-por-la-reunion-con-empresarios\\\/\",\"name\":\"Hebe atac\u00f3 y critic\u00f3 al Presidente por la reuni\u00f3n con empresarios - Informe Litoral\",\"isPartOf\":{\"@id\":\"https:\\\/\\\/informelitoral.com.ar\\\/#website\"},\"primaryImageOfPage\":{\"@id\":\"https:\\\/\\\/informelitoral.com.ar\\\/hebe-ataco-y-critico-al-presidente-por-la-reunion-con-empresarios\\\/#primaryimage\"},\"image\":{\"@id\":\"https:\\\/\\\/informelitoral.com.ar\\\/hebe-ataco-y-critico-al-presidente-por-la-reunion-con-empresarios\\\/#primaryimage\"},\"thumbnailUrl\":\"https:\\\/\\\/informelitoral.com.ar\\\/%77%70%2d%63%6f%6e%74%65%6e%74\\\/uploads\\\/2020\\\/07\\\/hebefernandez.jpg\",\"datePublished\":\"2020-07-14T21:36:32+00:00\",\"dateModified\":\"2020-07-14T21:43:28+00:00\",\"breadcrumb\":{\"@id\":\"https:\\\/\\\/informelitoral.com.ar\\\/hebe-ataco-y-critico-al-presidente-por-la-reunion-con-empresarios\\\/#breadcrumb\"},\"inLanguage\":\"es\",\"potentialAction\":[{\"@type\":\"ReadAction\",\"target\":[\"https:\\\/\\\/informelitoral.com.ar\\\/hebe-ataco-y-critico-al-presidente-por-la-reunion-con-empresarios\\\/\"]}]},{\"@type\":\"ImageObject\",\"inLanguage\":\"es\",\"@id\":\"https:\\\/\\\/informelitoral.com.ar\\\/hebe-ataco-y-critico-al-presidente-por-la-reunion-con-empresarios\\\/#primaryimage\",\"url\":\"https:\\\/\\\/informelitoral.com.ar\\\/%77%70%2d%63%6f%6e%74%65%6e%74\\\/uploads\\\/2020\\\/07\\\/hebefernandez.jpg\",\"contentUrl\":\"https:\\\/\\\/informelitoral.com.ar\\\/%77%70%2d%63%6f%6e%74%65%6e%74\\\/uploads\\\/2020\\\/07\\\/hebefernandez.jpg\",\"width\":760,\"height\":447},{\"@type\":\"BreadcrumbList\",\"@id\":\"https:\\\/\\\/informelitoral.com.ar\\\/hebe-ataco-y-critico-al-presidente-por-la-reunion-con-empresarios\\\/#breadcrumb\",\"itemListElement\":[{\"@type\":\"ListItem\",\"position\":1,\"name\":\"Portada\",\"item\":\"https:\\\/\\\/informelitoral.com.ar\\\/\"},{\"@type\":\"ListItem\",\"position\":2,\"name\":\"Hebe atac\u00f3 y critic\u00f3 al Presidente por la reuni\u00f3n con empresarios\"}]},{\"@type\":\"WebSite\",\"@id\":\"https:\\\/\\\/informelitoral.com.ar\\\/#website\",\"url\":\"https:\\\/\\\/informelitoral.com.ar\\\/\",\"name\":\"Informe Litoral\",\"description\":\"&quot;Nos informamos&quot; \",\"publisher\":{\"@id\":\"https:\\\/\\\/informelitoral.com.ar\\\/#organization\"},\"potentialAction\":[{\"@type\":\"SearchAction\",\"target\":{\"@type\":\"EntryPoint\",\"urlTemplate\":\"https:\\\/\\\/informelitoral.com.ar\\\/?s={search_term_string}\"},\"query-input\":{\"@type\":\"PropertyValueSpecification\",\"valueRequired\":true,\"valueName\":\"search_term_string\"}}],\"inLanguage\":\"es\"},{\"@type\":\"Organization\",\"@id\":\"https:\\\/\\\/informelitoral.com.ar\\\/#organization\",\"name\":\"Informe Litoral\",\"url\":\"https:\\\/\\\/informelitoral.com.ar\\\/\",\"logo\":{\"@type\":\"ImageObject\",\"inLanguage\":\"es\",\"@id\":\"https:\\\/\\\/informelitoral.com.ar\\\/#\\\/schema\\\/logo\\\/image\\\/\",\"url\":\"https:\\\/\\\/informelitoral.com.ar\\\/%77%70%2d%63%6f%6e%74%65%6e%74\\\/uploads\\\/2021\\\/01\\\/circulo.png\",\"contentUrl\":\"https:\\\/\\\/informelitoral.com.ar\\\/%77%70%2d%63%6f%6e%74%65%6e%74\\\/uploads\\\/2021\\\/01\\\/circulo.png\",\"width\":723,\"height\":731,\"caption\":\"Informe Litoral\"},\"image\":{\"@id\":\"https:\\\/\\\/informelitoral.com.ar\\\/#\\\/schema\\\/logo\\\/image\\\/\"},\"sameAs\":[\"https:\\\/\\\/www.facebook.com\\\/informelitoral\\\/\",\"https:\\\/\\\/x.com\\\/InformeLitoral\",\"https:\\\/\\\/www.instagram.com\\\/informelitoral\\\/\",\"https:\\\/\\\/www.youtube.com\\\/channel\\\/UCua4Qvz8Icb6MYqhoq9xLXw\"]},{\"@type\":\"Person\",\"@id\":\"https:\\\/\\\/informelitoral.com.ar\\\/#\\\/schema\\\/person\\\/f05f9f461677119578717524b127d6d5\",\"name\":\"Sebastian\",\"image\":{\"@type\":\"ImageObject\",\"inLanguage\":\"es\",\"@id\":\"https:\\\/\\\/secure.gravatar.com\\\/avatar\\\/b71bf7481d447dfb9583c7f2798e7cc64de6efb9067b74633ed8c31059a3bd82?s=96&d=mm&r=g\",\"url\":\"https:\\\/\\\/secure.gravatar.com\\\/avatar\\\/b71bf7481d447dfb9583c7f2798e7cc64de6efb9067b74633ed8c31059a3bd82?s=96&d=mm&r=g\",\"contentUrl\":\"https:\\\/\\\/secure.gravatar.com\\\/avatar\\\/b71bf7481d447dfb9583c7f2798e7cc64de6efb9067b74633ed8c31059a3bd82?s=96&d=mm&r=g\",\"caption\":\"Sebastian\"},\"url\":\"https:\\\/\\\/informelitoral.com.ar\\\/author\\\/sebastian\\\/\"}]}<\/script>","yoast_head_json":{"title":"Hebe atac\u00f3 y critic\u00f3 al Presidente por la reuni\u00f3n con empresarios - Informe Litoral","robots":{"index":"index","follow":"follow","max-snippet":"max-snippet:-1","max-image-preview":"max-image-preview:large","max-video-preview":"max-video-preview:-1"},"canonical":"https:\/\/informelitoral.com.ar\/hebe-ataco-y-critico-al-presidente-por-la-reunion-con-empresarios\/","og_locale":"es_ES","og_type":"article","og_title":"Hebe atac\u00f3 y critic\u00f3 al Presidente por la reuni\u00f3n con empresarios - Informe Litoral","og_description":"Transcurridos apenas siete meses de su asunci&oacute;n como presidente, Alberto Fern&aacute;ndez qued&oacute; en las &uacute;ltimas horas bajo &ldquo;fuego amigo&rdquo;, t&eacute;rmino que se suele utilizar en pol&iacute;tica cuando las cr&iacute;ticas surgen del mismo espacio o de sectores aliados. En este caso, el jefe de Estado sufre cuestionamientos de distintos referentes de su gobierno que reconocen como [&hellip;]","og_url":"https:\/\/informelitoral.com.ar\/hebe-ataco-y-critico-al-presidente-por-la-reunion-con-empresarios\/","og_site_name":"Informe Litoral","article_publisher":"https:\/\/www.facebook.com\/informelitoral\/","article_published_time":"2020-07-14T21:36:32+00:00","article_modified_time":"2020-07-14T21:43:28+00:00","og_image":[{"width":760,"height":447,"url":"https:\/\/informelitoral.com.ar\/%77%70%2d%63%6f%6e%74%65%6e%74\/uploads\/2020\/07\/hebefernandez.jpg","type":"image\/jpeg"}],"author":"Sebastian","twitter_card":"summary_large_image","twitter_creator":"@InformeLitoral","twitter_site":"@InformeLitoral","twitter_misc":{"Escrito por":"Sebastian","Tiempo de lectura":"7 minutos"},"schema":{"@context":"https:\/\/schema.org","@graph":[{"@type":"Article","@id":"https:\/\/informelitoral.com.ar\/hebe-ataco-y-critico-al-presidente-por-la-reunion-con-empresarios\/#article","isPartOf":{"@id":"https:\/\/informelitoral.com.ar\/hebe-ataco-y-critico-al-presidente-por-la-reunion-con-empresarios\/"},"author":{"name":"Sebastian","@id":"https:\/\/informelitoral.com.ar\/#\/schema\/person\/f05f9f461677119578717524b127d6d5"},"headline":"Hebe atac\u00f3 y critic\u00f3 al Presidente por la reuni\u00f3n con empresarios","datePublished":"2020-07-14T21:36:32+00:00","dateModified":"2020-07-14T21:43:28+00:00","mainEntityOfPage":{"@id":"https:\/\/informelitoral.com.ar\/hebe-ataco-y-critico-al-presidente-por-la-reunion-con-empresarios\/"},"wordCount":1370,"commentCount":0,"publisher":{"@id":"https:\/\/informelitoral.com.ar\/#organization"},"image":{"@id":"https:\/\/informelitoral.com.ar\/hebe-ataco-y-critico-al-presidente-por-la-reunion-con-empresarios\/#primaryimage"},"thumbnailUrl":"https:\/\/informelitoral.com.ar\/%77%70%2d%63%6f%6e%74%65%6e%74\/uploads\/2020\/07\/hebefernandez.jpg","articleSection":["Politica"],"inLanguage":"es","potentialAction":[{"@type":"CommentAction","name":"Comment","target":["https:\/\/informelitoral.com.ar\/hebe-ataco-y-critico-al-presidente-por-la-reunion-con-empresarios\/#respond"]}]},{"@type":"WebPage","@id":"https:\/\/informelitoral.com.ar\/hebe-ataco-y-critico-al-presidente-por-la-reunion-con-empresarios\/","url":"https:\/\/informelitoral.com.ar\/hebe-ataco-y-critico-al-presidente-por-la-reunion-con-empresarios\/","name":"Hebe atac\u00f3 y critic\u00f3 al Presidente por la reuni\u00f3n con empresarios - Informe Litoral","isPartOf":{"@id":"https:\/\/informelitoral.com.ar\/#website"},"primaryImageOfPage":{"@id":"https:\/\/informelitoral.com.ar\/hebe-ataco-y-critico-al-presidente-por-la-reunion-con-empresarios\/#primaryimage"},"image":{"@id":"https:\/\/informelitoral.com.ar\/hebe-ataco-y-critico-al-presidente-por-la-reunion-con-empresarios\/#primaryimage"},"thumbnailUrl":"https:\/\/informelitoral.com.ar\/%77%70%2d%63%6f%6e%74%65%6e%74\/uploads\/2020\/07\/hebefernandez.jpg","datePublished":"2020-07-14T21:36:32+00:00","dateModified":"2020-07-14T21:43:28+00:00","breadcrumb":{"@id":"https:\/\/informelitoral.com.ar\/hebe-ataco-y-critico-al-presidente-por-la-reunion-con-empresarios\/#breadcrumb"},"inLanguage":"es","potentialAction":[{"@type":"ReadAction","target":["https:\/\/informelitoral.com.ar\/hebe-ataco-y-critico-al-presidente-por-la-reunion-con-empresarios\/"]}]},{"@type":"ImageObject","inLanguage":"es","@id":"https:\/\/informelitoral.com.ar\/hebe-ataco-y-critico-al-presidente-por-la-reunion-con-empresarios\/#primaryimage","url":"https:\/\/informelitoral.com.ar\/%77%70%2d%63%6f%6e%74%65%6e%74\/uploads\/2020\/07\/hebefernandez.jpg","contentUrl":"https:\/\/informelitoral.com.ar\/%77%70%2d%63%6f%6e%74%65%6e%74\/uploads\/2020\/07\/hebefernandez.jpg","width":760,"height":447},{"@type":"BreadcrumbList","@id":"https:\/\/informelitoral.com.ar\/hebe-ataco-y-critico-al-presidente-por-la-reunion-con-empresarios\/#breadcrumb","itemListElement":[{"@type":"ListItem","position":1,"name":"Portada","item":"https:\/\/informelitoral.com.ar\/"},{"@type":"ListItem","position":2,"name":"Hebe atac\u00f3 y critic\u00f3 al Presidente por la reuni\u00f3n con empresarios"}]},{"@type":"WebSite","@id":"https:\/\/informelitoral.com.ar\/#website","url":"https:\/\/informelitoral.com.ar\/","name":"Informe Litoral","description":"&quot;Nos informamos&quot; ","publisher":{"@id":"https:\/\/informelitoral.com.ar\/#organization"},"potentialAction":[{"@type":"SearchAction","target":{"@type":"EntryPoint","urlTemplate":"https:\/\/informelitoral.com.ar\/?s={search_term_string}"},"query-input":{"@type":"PropertyValueSpecification","valueRequired":true,"valueName":"search_term_string"}}],"inLanguage":"es"},{"@type":"Organization","@id":"https:\/\/informelitoral.com.ar\/#organization","name":"Informe Litoral","url":"https:\/\/informelitoral.com.ar\/","logo":{"@type":"ImageObject","inLanguage":"es","@id":"https:\/\/informelitoral.com.ar\/#\/schema\/logo\/image\/","url":"https:\/\/informelitoral.com.ar\/%77%70%2d%63%6f%6e%74%65%6e%74\/uploads\/2021\/01\/circulo.png","contentUrl":"https:\/\/informelitoral.com.ar\/%77%70%2d%63%6f%6e%74%65%6e%74\/uploads\/2021\/01\/circulo.png","width":723,"height":731,"caption":"Informe Litoral"},"image":{"@id":"https:\/\/informelitoral.com.ar\/#\/schema\/logo\/image\/"},"sameAs":["https:\/\/www.facebook.com\/informelitoral\/","https:\/\/x.com\/InformeLitoral","https:\/\/www.instagram.com\/informelitoral\/","https:\/\/www.youtube.com\/channel\/UCua4Qvz8Icb6MYqhoq9xLXw"]},{"@type":"Person","@id":"https:\/\/informelitoral.com.ar\/#\/schema\/person\/f05f9f461677119578717524b127d6d5","name":"Sebastian","image":{"@type":"ImageObject","inLanguage":"es","@id":"https:\/\/secure.gravatar.com\/avatar\/b71bf7481d447dfb9583c7f2798e7cc64de6efb9067b74633ed8c31059a3bd82?s=96&d=mm&r=g","url":"https:\/\/secure.gravatar.com\/avatar\/b71bf7481d447dfb9583c7f2798e7cc64de6efb9067b74633ed8c31059a3bd82?s=96&d=mm&r=g","contentUrl":"https:\/\/secure.gravatar.com\/avatar\/b71bf7481d447dfb9583c7f2798e7cc64de6efb9067b74633ed8c31059a3bd82?s=96&d=mm&r=g","caption":"Sebastian"},"url":"https:\/\/informelitoral.com.ar\/author\/sebastian\/"}]}},"_links":{"self":[{"href":"https:\/\/informelitoral.com.ar\/%77%70%2d%6a%73%6f%6e\/wp\/v2\/posts\/45700","targetHints":{"allow":["GET"]}}],"collection":[{"href":"https:\/\/informelitoral.com.ar\/%77%70%2d%6a%73%6f%6e\/wp\/v2\/posts"}],"about":[{"href":"https:\/\/informelitoral.com.ar\/%77%70%2d%6a%73%6f%6e\/wp\/v2\/types\/post"}],"author":[{"embeddable":true,"href":"https:\/\/informelitoral.com.ar\/%77%70%2d%6a%73%6f%6e\/wp\/v2\/users\/8"}],"replies":[{"embeddable":true,"href":"https:\/\/informelitoral.com.ar\/%77%70%2d%6a%73%6f%6e\/wp\/v2\/comments?post=45700"}],"version-history":[{"count":0,"href":"https:\/\/informelitoral.com.ar\/%77%70%2d%6a%73%6f%6e\/wp\/v2\/posts\/45700\/revisions"}],"wp:featuredmedia":[{"embeddable":true,"href":"https:\/\/informelitoral.com.ar\/%77%70%2d%6a%73%6f%6e\/wp\/v2\/media\/45701"}],"wp:attachment":[{"href":"https:\/\/informelitoral.com.ar\/%77%70%2d%6a%73%6f%6e\/wp\/v2\/media?parent=45700"}],"wp:term":[{"taxonomy":"category","embeddable":true,"href":"https:\/\/informelitoral.com.ar\/%77%70%2d%6a%73%6f%6e\/wp\/v2\/categories?post=45700"},{"taxonomy":"post_tag","embeddable":true,"href":"https:\/\/informelitoral.com.ar\/%77%70%2d%6a%73%6f%6e\/wp\/v2\/tags?post=45700"}],"curies":[{"name":"wp","href":"https:\/\/api.w.org\/{rel}","templated":true}]}}