{"id":45624,"date":"2020-07-13T16:33:09","date_gmt":"2020-07-13T19:33:09","guid":{"rendered":"https:\/\/www.isletasnoticias.com.ar\/?p=45624"},"modified":"2020-07-13T16:33:09","modified_gmt":"2020-07-13T19:33:09","slug":"ife-el-pago-de-agosto-sera-el-ultimo-aseguro-cafiero","status":"publish","type":"post","link":"https:\/\/informelitoral.com.ar\/ife-el-pago-de-agosto-sera-el-ultimo-aseguro-cafiero\/","title":{"rendered":"IFE: el pago de agosto ser\u00e1 el \u00faltimo, asegur\u00f3 Cafiero"},"content":{"rendered":"<p>El tercer pago del Ingreso Familiar de Emergencia (IFE),\u00a0que se realizar\u00e1 a partir de la segunda semana de agosto, ser\u00e1 el \u00faltimo de este beneficio, que alcanza a 9 millones de personas de sectores vulnerables.<\/p>\n<p>As\u00ed lo indic\u00f3 el jefe de Gabinete, Santiago Cafiero, quien sostuvo que el IFE llegar\u00e1 a su fin porque se trata de una medida de \u00abemergencia\u00bb.<\/p>\n<p>\u00abEl IFE tuvo un impacto muy potente. Logramos que el Estado llegue a 9 millones de personas, con realidades muy distintas y diferentes impactos. En los sectores de m\u00e1s bajos recursos evit\u00f3 que cayeran en la pobreza y en la indigencia\u00bb, sostuvo el funcionario.<\/p>\n<p>Seg\u00fan Cafiero, \u00abesto lo tenemos que ir complementando con inversi\u00f3n p\u00fablica y generaci\u00f3n de empleo, que viene con la reactivaci\u00f3n econ\u00f3mica. Quedan los problemas estructurales de la Argentina, que son los que nosotros vinimos a resolver. Generar empleo abandonando un modelo de especulaci\u00f3n financiera e ir hacia un modelo de producci\u00f3n y empleo\u00bb.<\/p>\n<p>En un reportaje publicado por el matutino P\u00e1gina\/12, Cafiero afirm\u00f3 que el bono de 10 mil pesos evit\u00f3 que \u00ablos sectores de m\u00e1s bajos recursos cayeran en la pobreza y en la indigencia. Tambi\u00e9n hubo trabajadores independientes e informales que usaron ese recurso incluso para financiar alg\u00fan microemprendimiento\u00bb.<\/p>\n<p>Durante el \u00faltimo fin de semana, la directora ejecutiva de la ANSES, Mar\u00eda Fernanda Raverta, puntualiz\u00f3 que el tercer pago del IFE comenzar\u00e1 a abonarse a los beneficiarios del la Asignaci\u00f3n Universal por Hijo (AUH) y a la Asignaci\u00f3n Universal por Embarazo (AUE), durante la segunda semana de agosto.<\/p>\n<p>Al terminar el pago de esos beneficiarios, comenzar\u00e1n a cobrar los dem\u00e1s beneficiarios a trav\u00e9s de las cuentas bancarias o CBU generadas para cobrar el segundo IFE.<\/p>\n<p>Este segundo pago terminar\u00e1 de completarse el viernes pr\u00f3ximo, de acuerdo con lo dispuesto por la ANSES. (Fuente: ambito.com)<\/p>\n","protected":false},"excerpt":{"rendered":"<p>El tercer pago del Ingreso Familiar de Emergencia (IFE),&nbsp;que se realizar&aacute; a partir de la segunda semana de agosto, ser&aacute; el &uacute;ltimo de este beneficio, que alcanza a 9 millones de personas de sectores vulnerables. As&iacute; lo indic&oacute; el jefe de Gabinete, Santiago Cafiero, quien sostuvo que el IFE llegar&aacute; a su fin porque se [&hellip;]<\/p>\n","protected":false},"author":8,"featured_media":45625,"comment_status":"open","ping_status":"open","sticky":false,"template":"","format":"standard","meta":{"fifu_image_url":"","fifu_image_alt":"","footnotes":""},"categories":[7,3],"tags":[],"class_list":{"0":"post-45624","1":"post","2":"type-post","3":"status-publish","4":"format-standard","5":"has-post-thumbnail","7":"category-nacionales","8":"category-noticias"},"yoast_head":"<title>IFE: el pago de agosto ser\u00e1 el \u00faltimo, asegur\u00f3 Cafiero - Informe Litoral<\/title>\n<meta name=\"robots\" content=\"index, follow, max-snippet:-1, max-image-preview:large, max-video-preview:-1\" \/>\n<link rel=\"canonical\" href=\"https:\/\/informelitoral.com.ar\/ife-el-pago-de-agosto-sera-el-ultimo-aseguro-cafiero\/\" \/>\n<meta property=\"og:locale\" content=\"es_ES\" \/>\n<meta property=\"og:type\" content=\"article\" \/>\n<meta property=\"og:title\" content=\"IFE: el pago de agosto ser\u00e1 el \u00faltimo, asegur\u00f3 Cafiero - Informe Litoral\" \/>\n<meta property=\"og:description\" content=\"El tercer pago del Ingreso Familiar de Emergencia (IFE),&nbsp;que se realizar&aacute; a partir de la segunda semana de agosto, ser&aacute; el &uacute;ltimo de este beneficio, que alcanza a 9 millones de personas de sectores vulnerables. As&iacute; lo indic&oacute; el jefe de Gabinete, Santiago Cafiero, quien sostuvo que el IFE llegar&aacute; a su fin porque se [&hellip;]\" \/>\n<meta property=\"og:url\" content=\"https:\/\/informelitoral.com.ar\/ife-el-pago-de-agosto-sera-el-ultimo-aseguro-cafiero\/\" \/>\n<meta property=\"og:site_name\" content=\"Informe Litoral\" \/>\n<meta property=\"article:publisher\" content=\"https:\/\/www.facebook.com\/informelitoral\/\" \/>\n<meta property=\"article:published_time\" content=\"2020-07-13T19:33:09+00:00\" \/>\n<meta property=\"og:image\" content=\"https:\/\/informelitoral.com.ar\/%77%70%2d%63%6f%6e%74%65%6e%74\/uploads\/2020\/07\/ife.jpg\" \/>\n\t<meta property=\"og:image:width\" content=\"1692\" \/>\n\t<meta property=\"og:image:height\" content=\"950\" \/>\n\t<meta property=\"og:image:type\" content=\"image\/jpeg\" \/>\n<meta name=\"author\" content=\"Sebastian\" \/>\n<meta name=\"twitter:card\" content=\"summary_large_image\" \/>\n<meta name=\"twitter:creator\" content=\"@InformeLitoral\" \/>\n<meta name=\"twitter:site\" content=\"@InformeLitoral\" \/>\n<meta name=\"twitter:label1\" content=\"Escrito por\" \/>\n\t<meta name=\"twitter:data1\" content=\"Sebastian\" \/>\n\t<meta name=\"twitter:label2\" content=\"Tiempo de lectura\" \/>\n\t<meta name=\"twitter:data2\" content=\"2 minutos\" \/>\n<script type=\"application\/ld+json\" class=\"yoast-schema-graph\">{\"@context\":\"https:\\\/\\\/schema.org\",\"@graph\":[{\"@type\":\"Article\",\"@id\":\"https:\\\/\\\/informelitoral.com.ar\\\/ife-el-pago-de-agosto-sera-el-ultimo-aseguro-cafiero\\\/#article\",\"isPartOf\":{\"@id\":\"https:\\\/\\\/informelitoral.com.ar\\\/ife-el-pago-de-agosto-sera-el-ultimo-aseguro-cafiero\\\/\"},\"author\":{\"name\":\"Sebastian\",\"@id\":\"https:\\\/\\\/informelitoral.com.ar\\\/#\\\/schema\\\/person\\\/f05f9f461677119578717524b127d6d5\"},\"headline\":\"IFE: el pago de agosto ser\u00e1 el \u00faltimo, asegur\u00f3 Cafiero\",\"datePublished\":\"2020-07-13T19:33:09+00:00\",\"mainEntityOfPage\":{\"@id\":\"https:\\\/\\\/informelitoral.com.ar\\\/ife-el-pago-de-agosto-sera-el-ultimo-aseguro-cafiero\\\/\"},\"wordCount\":330,\"commentCount\":0,\"publisher\":{\"@id\":\"https:\\\/\\\/informelitoral.com.ar\\\/#organization\"},\"image\":{\"@id\":\"https:\\\/\\\/informelitoral.com.ar\\\/ife-el-pago-de-agosto-sera-el-ultimo-aseguro-cafiero\\\/#primaryimage\"},\"thumbnailUrl\":\"https:\\\/\\\/informelitoral.com.ar\\\/%77%70%2d%63%6f%6e%74%65%6e%74\\\/uploads\\\/2020\\\/07\\\/ife.jpg\",\"articleSection\":[\"Nacionales\",\"Noticias\"],\"inLanguage\":\"es\",\"potentialAction\":[{\"@type\":\"CommentAction\",\"name\":\"Comment\",\"target\":[\"https:\\\/\\\/informelitoral.com.ar\\\/ife-el-pago-de-agosto-sera-el-ultimo-aseguro-cafiero\\\/#respond\"]}]},{\"@type\":\"WebPage\",\"@id\":\"https:\\\/\\\/informelitoral.com.ar\\\/ife-el-pago-de-agosto-sera-el-ultimo-aseguro-cafiero\\\/\",\"url\":\"https:\\\/\\\/informelitoral.com.ar\\\/ife-el-pago-de-agosto-sera-el-ultimo-aseguro-cafiero\\\/\",\"name\":\"IFE: el pago de agosto ser\u00e1 el \u00faltimo, asegur\u00f3 Cafiero - Informe Litoral\",\"isPartOf\":{\"@id\":\"https:\\\/\\\/informelitoral.com.ar\\\/#website\"},\"primaryImageOfPage\":{\"@id\":\"https:\\\/\\\/informelitoral.com.ar\\\/ife-el-pago-de-agosto-sera-el-ultimo-aseguro-cafiero\\\/#primaryimage\"},\"image\":{\"@id\":\"https:\\\/\\\/informelitoral.com.ar\\\/ife-el-pago-de-agosto-sera-el-ultimo-aseguro-cafiero\\\/#primaryimage\"},\"thumbnailUrl\":\"https:\\\/\\\/informelitoral.com.ar\\\/%77%70%2d%63%6f%6e%74%65%6e%74\\\/uploads\\\/2020\\\/07\\\/ife.jpg\",\"datePublished\":\"2020-07-13T19:33:09+00:00\",\"breadcrumb\":{\"@id\":\"https:\\\/\\\/informelitoral.com.ar\\\/ife-el-pago-de-agosto-sera-el-ultimo-aseguro-cafiero\\\/#breadcrumb\"},\"inLanguage\":\"es\",\"potentialAction\":[{\"@type\":\"ReadAction\",\"target\":[\"https:\\\/\\\/informelitoral.com.ar\\\/ife-el-pago-de-agosto-sera-el-ultimo-aseguro-cafiero\\\/\"]}]},{\"@type\":\"ImageObject\",\"inLanguage\":\"es\",\"@id\":\"https:\\\/\\\/informelitoral.com.ar\\\/ife-el-pago-de-agosto-sera-el-ultimo-aseguro-cafiero\\\/#primaryimage\",\"url\":\"https:\\\/\\\/informelitoral.com.ar\\\/%77%70%2d%63%6f%6e%74%65%6e%74\\\/uploads\\\/2020\\\/07\\\/ife.jpg\",\"contentUrl\":\"https:\\\/\\\/informelitoral.com.ar\\\/%77%70%2d%63%6f%6e%74%65%6e%74\\\/uploads\\\/2020\\\/07\\\/ife.jpg\",\"width\":1692,\"height\":950},{\"@type\":\"BreadcrumbList\",\"@id\":\"https:\\\/\\\/informelitoral.com.ar\\\/ife-el-pago-de-agosto-sera-el-ultimo-aseguro-cafiero\\\/#breadcrumb\",\"itemListElement\":[{\"@type\":\"ListItem\",\"position\":1,\"name\":\"Portada\",\"item\":\"https:\\\/\\\/informelitoral.com.ar\\\/\"},{\"@type\":\"ListItem\",\"position\":2,\"name\":\"IFE: el pago de agosto ser\u00e1 el \u00faltimo, asegur\u00f3 Cafiero\"}]},{\"@type\":\"WebSite\",\"@id\":\"https:\\\/\\\/informelitoral.com.ar\\\/#website\",\"url\":\"https:\\\/\\\/informelitoral.com.ar\\\/\",\"name\":\"Informe Litoral\",\"description\":\"&quot;Nos informamos&quot; \",\"publisher\":{\"@id\":\"https:\\\/\\\/informelitoral.com.ar\\\/#organization\"},\"potentialAction\":[{\"@type\":\"SearchAction\",\"target\":{\"@type\":\"EntryPoint\",\"urlTemplate\":\"https:\\\/\\\/informelitoral.com.ar\\\/?s={search_term_string}\"},\"query-input\":{\"@type\":\"PropertyValueSpecification\",\"valueRequired\":true,\"valueName\":\"search_term_string\"}}],\"inLanguage\":\"es\"},{\"@type\":\"Organization\",\"@id\":\"https:\\\/\\\/informelitoral.com.ar\\\/#organization\",\"name\":\"Informe Litoral\",\"url\":\"https:\\\/\\\/informelitoral.com.ar\\\/\",\"logo\":{\"@type\":\"ImageObject\",\"inLanguage\":\"es\",\"@id\":\"https:\\\/\\\/informelitoral.com.ar\\\/#\\\/schema\\\/logo\\\/image\\\/\",\"url\":\"https:\\\/\\\/informelitoral.com.ar\\\/%77%70%2d%63%6f%6e%74%65%6e%74\\\/uploads\\\/2021\\\/01\\\/circulo.png\",\"contentUrl\":\"https:\\\/\\\/informelitoral.com.ar\\\/%77%70%2d%63%6f%6e%74%65%6e%74\\\/uploads\\\/2021\\\/01\\\/circulo.png\",\"width\":723,\"height\":731,\"caption\":\"Informe Litoral\"},\"image\":{\"@id\":\"https:\\\/\\\/informelitoral.com.ar\\\/#\\\/schema\\\/logo\\\/image\\\/\"},\"sameAs\":[\"https:\\\/\\\/www.facebook.com\\\/informelitoral\\\/\",\"https:\\\/\\\/x.com\\\/InformeLitoral\",\"https:\\\/\\\/www.instagram.com\\\/informelitoral\\\/\",\"https:\\\/\\\/www.youtube.com\\\/channel\\\/UCua4Qvz8Icb6MYqhoq9xLXw\"]},{\"@type\":\"Person\",\"@id\":\"https:\\\/\\\/informelitoral.com.ar\\\/#\\\/schema\\\/person\\\/f05f9f461677119578717524b127d6d5\",\"name\":\"Sebastian\",\"image\":{\"@type\":\"ImageObject\",\"inLanguage\":\"es\",\"@id\":\"https:\\\/\\\/secure.gravatar.com\\\/avatar\\\/b71bf7481d447dfb9583c7f2798e7cc64de6efb9067b74633ed8c31059a3bd82?s=96&d=mm&r=g\",\"url\":\"https:\\\/\\\/secure.gravatar.com\\\/avatar\\\/b71bf7481d447dfb9583c7f2798e7cc64de6efb9067b74633ed8c31059a3bd82?s=96&d=mm&r=g\",\"contentUrl\":\"https:\\\/\\\/secure.gravatar.com\\\/avatar\\\/b71bf7481d447dfb9583c7f2798e7cc64de6efb9067b74633ed8c31059a3bd82?s=96&d=mm&r=g\",\"caption\":\"Sebastian\"},\"url\":\"https:\\\/\\\/informelitoral.com.ar\\\/author\\\/sebastian\\\/\"}]}<\/script>","yoast_head_json":{"title":"IFE: el pago de agosto ser\u00e1 el \u00faltimo, asegur\u00f3 Cafiero - Informe Litoral","robots":{"index":"index","follow":"follow","max-snippet":"max-snippet:-1","max-image-preview":"max-image-preview:large","max-video-preview":"max-video-preview:-1"},"canonical":"https:\/\/informelitoral.com.ar\/ife-el-pago-de-agosto-sera-el-ultimo-aseguro-cafiero\/","og_locale":"es_ES","og_type":"article","og_title":"IFE: el pago de agosto ser\u00e1 el \u00faltimo, asegur\u00f3 Cafiero - Informe Litoral","og_description":"El tercer pago del Ingreso Familiar de Emergencia (IFE),&nbsp;que se realizar&aacute; a partir de la segunda semana de agosto, ser&aacute; el &uacute;ltimo de este beneficio, que alcanza a 9 millones de personas de sectores vulnerables. As&iacute; lo indic&oacute; el jefe de Gabinete, Santiago Cafiero, quien sostuvo que el IFE llegar&aacute; a su fin porque se [&hellip;]","og_url":"https:\/\/informelitoral.com.ar\/ife-el-pago-de-agosto-sera-el-ultimo-aseguro-cafiero\/","og_site_name":"Informe Litoral","article_publisher":"https:\/\/www.facebook.com\/informelitoral\/","article_published_time":"2020-07-13T19:33:09+00:00","og_image":[{"width":1692,"height":950,"url":"https:\/\/informelitoral.com.ar\/%77%70%2d%63%6f%6e%74%65%6e%74\/uploads\/2020\/07\/ife.jpg","type":"image\/jpeg"}],"author":"Sebastian","twitter_card":"summary_large_image","twitter_creator":"@InformeLitoral","twitter_site":"@InformeLitoral","twitter_misc":{"Escrito por":"Sebastian","Tiempo de lectura":"2 minutos"},"schema":{"@context":"https:\/\/schema.org","@graph":[{"@type":"Article","@id":"https:\/\/informelitoral.com.ar\/ife-el-pago-de-agosto-sera-el-ultimo-aseguro-cafiero\/#article","isPartOf":{"@id":"https:\/\/informelitoral.com.ar\/ife-el-pago-de-agosto-sera-el-ultimo-aseguro-cafiero\/"},"author":{"name":"Sebastian","@id":"https:\/\/informelitoral.com.ar\/#\/schema\/person\/f05f9f461677119578717524b127d6d5"},"headline":"IFE: el pago de agosto ser\u00e1 el \u00faltimo, asegur\u00f3 Cafiero","datePublished":"2020-07-13T19:33:09+00:00","mainEntityOfPage":{"@id":"https:\/\/informelitoral.com.ar\/ife-el-pago-de-agosto-sera-el-ultimo-aseguro-cafiero\/"},"wordCount":330,"commentCount":0,"publisher":{"@id":"https:\/\/informelitoral.com.ar\/#organization"},"image":{"@id":"https:\/\/informelitoral.com.ar\/ife-el-pago-de-agosto-sera-el-ultimo-aseguro-cafiero\/#primaryimage"},"thumbnailUrl":"https:\/\/informelitoral.com.ar\/%77%70%2d%63%6f%6e%74%65%6e%74\/uploads\/2020\/07\/ife.jpg","articleSection":["Nacionales","Noticias"],"inLanguage":"es","potentialAction":[{"@type":"CommentAction","name":"Comment","target":["https:\/\/informelitoral.com.ar\/ife-el-pago-de-agosto-sera-el-ultimo-aseguro-cafiero\/#respond"]}]},{"@type":"WebPage","@id":"https:\/\/informelitoral.com.ar\/ife-el-pago-de-agosto-sera-el-ultimo-aseguro-cafiero\/","url":"https:\/\/informelitoral.com.ar\/ife-el-pago-de-agosto-sera-el-ultimo-aseguro-cafiero\/","name":"IFE: el pago de agosto ser\u00e1 el \u00faltimo, asegur\u00f3 Cafiero - Informe Litoral","isPartOf":{"@id":"https:\/\/informelitoral.com.ar\/#website"},"primaryImageOfPage":{"@id":"https:\/\/informelitoral.com.ar\/ife-el-pago-de-agosto-sera-el-ultimo-aseguro-cafiero\/#primaryimage"},"image":{"@id":"https:\/\/informelitoral.com.ar\/ife-el-pago-de-agosto-sera-el-ultimo-aseguro-cafiero\/#primaryimage"},"thumbnailUrl":"https:\/\/informelitoral.com.ar\/%77%70%2d%63%6f%6e%74%65%6e%74\/uploads\/2020\/07\/ife.jpg","datePublished":"2020-07-13T19:33:09+00:00","breadcrumb":{"@id":"https:\/\/informelitoral.com.ar\/ife-el-pago-de-agosto-sera-el-ultimo-aseguro-cafiero\/#breadcrumb"},"inLanguage":"es","potentialAction":[{"@type":"ReadAction","target":["https:\/\/informelitoral.com.ar\/ife-el-pago-de-agosto-sera-el-ultimo-aseguro-cafiero\/"]}]},{"@type":"ImageObject","inLanguage":"es","@id":"https:\/\/informelitoral.com.ar\/ife-el-pago-de-agosto-sera-el-ultimo-aseguro-cafiero\/#primaryimage","url":"https:\/\/informelitoral.com.ar\/%77%70%2d%63%6f%6e%74%65%6e%74\/uploads\/2020\/07\/ife.jpg","contentUrl":"https:\/\/informelitoral.com.ar\/%77%70%2d%63%6f%6e%74%65%6e%74\/uploads\/2020\/07\/ife.jpg","width":1692,"height":950},{"@type":"BreadcrumbList","@id":"https:\/\/informelitoral.com.ar\/ife-el-pago-de-agosto-sera-el-ultimo-aseguro-cafiero\/#breadcrumb","itemListElement":[{"@type":"ListItem","position":1,"name":"Portada","item":"https:\/\/informelitoral.com.ar\/"},{"@type":"ListItem","position":2,"name":"IFE: el pago de agosto ser\u00e1 el \u00faltimo, asegur\u00f3 Cafiero"}]},{"@type":"WebSite","@id":"https:\/\/informelitoral.com.ar\/#website","url":"https:\/\/informelitoral.com.ar\/","name":"Informe Litoral","description":"&quot;Nos informamos&quot; ","publisher":{"@id":"https:\/\/informelitoral.com.ar\/#organization"},"potentialAction":[{"@type":"SearchAction","target":{"@type":"EntryPoint","urlTemplate":"https:\/\/informelitoral.com.ar\/?s={search_term_string}"},"query-input":{"@type":"PropertyValueSpecification","valueRequired":true,"valueName":"search_term_string"}}],"inLanguage":"es"},{"@type":"Organization","@id":"https:\/\/informelitoral.com.ar\/#organization","name":"Informe Litoral","url":"https:\/\/informelitoral.com.ar\/","logo":{"@type":"ImageObject","inLanguage":"es","@id":"https:\/\/informelitoral.com.ar\/#\/schema\/logo\/image\/","url":"https:\/\/informelitoral.com.ar\/%77%70%2d%63%6f%6e%74%65%6e%74\/uploads\/2021\/01\/circulo.png","contentUrl":"https:\/\/informelitoral.com.ar\/%77%70%2d%63%6f%6e%74%65%6e%74\/uploads\/2021\/01\/circulo.png","width":723,"height":731,"caption":"Informe Litoral"},"image":{"@id":"https:\/\/informelitoral.com.ar\/#\/schema\/logo\/image\/"},"sameAs":["https:\/\/www.facebook.com\/informelitoral\/","https:\/\/x.com\/InformeLitoral","https:\/\/www.instagram.com\/informelitoral\/","https:\/\/www.youtube.com\/channel\/UCua4Qvz8Icb6MYqhoq9xLXw"]},{"@type":"Person","@id":"https:\/\/informelitoral.com.ar\/#\/schema\/person\/f05f9f461677119578717524b127d6d5","name":"Sebastian","image":{"@type":"ImageObject","inLanguage":"es","@id":"https:\/\/secure.gravatar.com\/avatar\/b71bf7481d447dfb9583c7f2798e7cc64de6efb9067b74633ed8c31059a3bd82?s=96&d=mm&r=g","url":"https:\/\/secure.gravatar.com\/avatar\/b71bf7481d447dfb9583c7f2798e7cc64de6efb9067b74633ed8c31059a3bd82?s=96&d=mm&r=g","contentUrl":"https:\/\/secure.gravatar.com\/avatar\/b71bf7481d447dfb9583c7f2798e7cc64de6efb9067b74633ed8c31059a3bd82?s=96&d=mm&r=g","caption":"Sebastian"},"url":"https:\/\/informelitoral.com.ar\/author\/sebastian\/"}]}},"_links":{"self":[{"href":"https:\/\/informelitoral.com.ar\/%77%70%2d%6a%73%6f%6e\/wp\/v2\/posts\/45624","targetHints":{"allow":["GET"]}}],"collection":[{"href":"https:\/\/informelitoral.com.ar\/%77%70%2d%6a%73%6f%6e\/wp\/v2\/posts"}],"about":[{"href":"https:\/\/informelitoral.com.ar\/%77%70%2d%6a%73%6f%6e\/wp\/v2\/types\/post"}],"author":[{"embeddable":true,"href":"https:\/\/informelitoral.com.ar\/%77%70%2d%6a%73%6f%6e\/wp\/v2\/users\/8"}],"replies":[{"embeddable":true,"href":"https:\/\/informelitoral.com.ar\/%77%70%2d%6a%73%6f%6e\/wp\/v2\/comments?post=45624"}],"version-history":[{"count":0,"href":"https:\/\/informelitoral.com.ar\/%77%70%2d%6a%73%6f%6e\/wp\/v2\/posts\/45624\/revisions"}],"wp:featuredmedia":[{"embeddable":true,"href":"https:\/\/informelitoral.com.ar\/%77%70%2d%6a%73%6f%6e\/wp\/v2\/media\/45625"}],"wp:attachment":[{"href":"https:\/\/informelitoral.com.ar\/%77%70%2d%6a%73%6f%6e\/wp\/v2\/media?parent=45624"}],"wp:term":[{"taxonomy":"category","embeddable":true,"href":"https:\/\/informelitoral.com.ar\/%77%70%2d%6a%73%6f%6e\/wp\/v2\/categories?post=45624"},{"taxonomy":"post_tag","embeddable":true,"href":"https:\/\/informelitoral.com.ar\/%77%70%2d%6a%73%6f%6e\/wp\/v2\/tags?post=45624"}],"curies":[{"name":"wp","href":"https:\/\/api.w.org\/{rel}","templated":true}]}}