{"id":45618,"date":"2020-07-13T16:13:30","date_gmt":"2020-07-13T19:13:30","guid":{"rendered":"https:\/\/www.isletasnoticias.com.ar\/?p=45618"},"modified":"2020-07-13T16:13:30","modified_gmt":"2020-07-13T19:13:30","slug":"anticipo-los-dejan-entrenar-la-semana-que-viene","status":"publish","type":"post","link":"https:\/\/informelitoral.com.ar\/anticipo-los-dejan-entrenar-la-semana-que-viene\/","title":{"rendered":"Anticipo: \u00bfLos dejan entrenar la semana que viene?"},"content":{"rendered":"<p>El anuncio de la Conmebol confirmando para el 15 de septiembre la fecha de la reanudacion\u00a0 de la Copa Libertadores rebot\u00f3 fuerte en la Argentina y <strong>desde el Gobierno no descartan que, despu\u00e9s de la cuarentena estricta que rige en el pa\u00eds hasta el 17 de julio, algunos clubes puedan comenzar a entrarse<\/strong>. S\u00ed, seg\u00fan le contaron a\u00a0<strong>Ol\u00e9<\/strong>,\u00a0<strong>la semana que viene algunos equipos podr\u00edan empezar a practicar<\/strong>\u00a0<strong>con los protocolos sanitarios\u00a0<\/strong>aprobados por la AFA y el Ministerio de Salud para evitar la propagaci\u00f3n de contagios de coronavirus.<\/p>\n<p><strong>La Conmebol decidi\u00f3 por votaci\u00f3n reiniciar las competencias internacionales<\/strong>\u00a0<strong>m\u00e1s all\u00e1 del voto negativo de Claudio Tapia, presidente de la AFA<\/strong>\u00a0(fue el \u00fanico que se opuso).\u00a0<strong>Aunque sea algo arbitrario o no, como lo defini\u00f3 Gin\u00e9s Gonz\u00e1lez Garc\u00eda<\/strong>, el ministro de Salud,\u00a0<strong>las fechas para continuar con la Libertadores y la Sudamericana est\u00e1n establecidas<\/strong>, lo que gener\u00f3 una mayor preocupaci\u00f3n de los equipos argentinos participantes, ya que llegan en desventaja en relaci\u00f3n a sus rivales debido a que en\u00a0<strong>la gran mayor\u00eda de los pa\u00edses que integran la Confederaci\u00f3n Sudamericana ya se est\u00e1n moviendo<\/strong>\u00a0(incluso\u00a0<strong>en Brasil ya se jug\u00f3 la final del Campeonato Carioca<\/strong>). Por eso\u00a0<strong>habr\u00eda una flexibilidad desde el Gobierno encabezado por<\/strong>\u00a0<strong>Alberto Fern\u00e1ndez<\/strong>\u00a0para\u00a0<strong>permitirles a algunos clubes comenzar a entrenar la semana pr\u00f3xima<\/strong>. Y a\u00fan\u00a0<strong>no se sabe si ser\u00e1 para todas las categor\u00edas ni se ser\u00e1 para todas las instituciones de la Primera Divisi\u00f3n<\/strong>.<\/p>\n<p><strong>La idea es hacer una excepci\u00f3n especial con el f\u00fatbol como ya sucedi\u00f3 con las actividades deportivas de los atletas argentinos clasificados para los Juegos Ol\u00edmpicos<\/strong>\u00a0de Tokio (se desarrollar\u00e1n entre julio y agosto de 2021), respetando\u00a0<strong>los protocolos de sanidad que la AFA enviar\u00e1 este martes al Ministerio de Salud<\/strong>. Adem\u00e1s, hay una\u00a0<strong>reuni\u00f3n pautada entre Gin\u00e9s y las autoridades del f\u00fatbol argentino para despu\u00e9s del 17 de julio<\/strong>.<\/p>\n<p>Por su parte,\u00a0<strong>en Viamonte estudian la posibilidad de realizar un \u00ab<mark>Proyecto Solidario<\/mark>\u00bb para los clubes que representan a la Argentina en las Copas<\/strong>. \u00bfDe qu\u00e9 se trata? De que\u00a0<strong>s\u00f3lo puedan comenzar a practicar los equipos que tienen obligaciones internacionales<\/strong>. Pero para esto se necesita la aprobaci\u00f3n de todas las instituciones. Y tambi\u00e9n podr\u00eda traer cola&#8230; (Fuente: Ole.com.ar)<\/p>\n","protected":false},"excerpt":{"rendered":"<p>El anuncio de la Conmebol confirmando para el 15 de septiembre la fecha de la reanudacion&nbsp; de la Copa Libertadores rebot&oacute; fuerte en la Argentina y desde el Gobierno no descartan que, despu&eacute;s de la cuarentena estricta que rige en el pa&iacute;s hasta el 17 de julio, algunos clubes puedan comenzar a entrarse. S&iacute;, seg&uacute;n [&hellip;]<\/p>\n","protected":false},"author":8,"featured_media":45619,"comment_status":"open","ping_status":"open","sticky":false,"template":"","format":"standard","meta":{"fifu_image_url":"","fifu_image_alt":"","footnotes":""},"categories":[13],"tags":[],"class_list":{"0":"post-45618","1":"post","2":"type-post","3":"status-publish","4":"format-standard","5":"has-post-thumbnail","7":"category-deportes"},"yoast_head":"<title>Anticipo: \u00bfLos dejan entrenar la semana que viene? - Informe Litoral<\/title>\n<meta name=\"robots\" content=\"index, follow, max-snippet:-1, max-image-preview:large, max-video-preview:-1\" \/>\n<link rel=\"canonical\" href=\"https:\/\/informelitoral.com.ar\/anticipo-los-dejan-entrenar-la-semana-que-viene\/\" \/>\n<meta property=\"og:locale\" content=\"es_ES\" \/>\n<meta property=\"og:type\" content=\"article\" \/>\n<meta property=\"og:title\" content=\"Anticipo: \u00bfLos dejan entrenar la semana que viene? - Informe Litoral\" \/>\n<meta property=\"og:description\" content=\"El anuncio de la Conmebol confirmando para el 15 de septiembre la fecha de la reanudacion&nbsp; de la Copa Libertadores rebot&oacute; fuerte en la Argentina y desde el Gobierno no descartan que, despu&eacute;s de la cuarentena estricta que rige en el pa&iacute;s hasta el 17 de julio, algunos clubes puedan comenzar a entrarse. S&iacute;, seg&uacute;n [&hellip;]\" \/>\n<meta property=\"og:url\" content=\"https:\/\/informelitoral.com.ar\/anticipo-los-dejan-entrenar-la-semana-que-viene\/\" \/>\n<meta property=\"og:site_name\" content=\"Informe Litoral\" \/>\n<meta property=\"article:publisher\" content=\"https:\/\/www.facebook.com\/informelitoral\/\" \/>\n<meta property=\"article:published_time\" content=\"2020-07-13T19:13:30+00:00\" \/>\n<meta property=\"og:image\" content=\"https:\/\/informelitoral.com.ar\/%77%70%2d%63%6f%6e%74%65%6e%74\/uploads\/2020\/07\/conmebol.jpg\" \/>\n\t<meta property=\"og:image:width\" content=\"960\" \/>\n\t<meta property=\"og:image:height\" content=\"640\" \/>\n\t<meta property=\"og:image:type\" content=\"image\/jpeg\" \/>\n<meta name=\"author\" content=\"Sebastian\" \/>\n<meta name=\"twitter:card\" content=\"summary_large_image\" \/>\n<meta name=\"twitter:creator\" content=\"@InformeLitoral\" \/>\n<meta name=\"twitter:site\" content=\"@InformeLitoral\" \/>\n<meta name=\"twitter:label1\" content=\"Escrito por\" \/>\n\t<meta name=\"twitter:data1\" content=\"Sebastian\" \/>\n\t<meta name=\"twitter:label2\" content=\"Tiempo de lectura\" \/>\n\t<meta name=\"twitter:data2\" content=\"2 minutos\" \/>\n<script type=\"application\/ld+json\" class=\"yoast-schema-graph\">{\"@context\":\"https:\\\/\\\/schema.org\",\"@graph\":[{\"@type\":\"Article\",\"@id\":\"https:\\\/\\\/informelitoral.com.ar\\\/anticipo-los-dejan-entrenar-la-semana-que-viene\\\/#article\",\"isPartOf\":{\"@id\":\"https:\\\/\\\/informelitoral.com.ar\\\/anticipo-los-dejan-entrenar-la-semana-que-viene\\\/\"},\"author\":{\"name\":\"Sebastian\",\"@id\":\"https:\\\/\\\/informelitoral.com.ar\\\/#\\\/schema\\\/person\\\/f05f9f461677119578717524b127d6d5\"},\"headline\":\"Anticipo: \u00bfLos dejan entrenar la semana que viene?\",\"datePublished\":\"2020-07-13T19:13:30+00:00\",\"mainEntityOfPage\":{\"@id\":\"https:\\\/\\\/informelitoral.com.ar\\\/anticipo-los-dejan-entrenar-la-semana-que-viene\\\/\"},\"wordCount\":412,\"commentCount\":0,\"publisher\":{\"@id\":\"https:\\\/\\\/informelitoral.com.ar\\\/#organization\"},\"image\":{\"@id\":\"https:\\\/\\\/informelitoral.com.ar\\\/anticipo-los-dejan-entrenar-la-semana-que-viene\\\/#primaryimage\"},\"thumbnailUrl\":\"https:\\\/\\\/informelitoral.com.ar\\\/%77%70%2d%63%6f%6e%74%65%6e%74\\\/uploads\\\/2020\\\/07\\\/conmebol.jpg\",\"articleSection\":[\"Deportes\"],\"inLanguage\":\"es\",\"potentialAction\":[{\"@type\":\"CommentAction\",\"name\":\"Comment\",\"target\":[\"https:\\\/\\\/informelitoral.com.ar\\\/anticipo-los-dejan-entrenar-la-semana-que-viene\\\/#respond\"]}]},{\"@type\":\"WebPage\",\"@id\":\"https:\\\/\\\/informelitoral.com.ar\\\/anticipo-los-dejan-entrenar-la-semana-que-viene\\\/\",\"url\":\"https:\\\/\\\/informelitoral.com.ar\\\/anticipo-los-dejan-entrenar-la-semana-que-viene\\\/\",\"name\":\"Anticipo: \u00bfLos dejan entrenar la semana que viene? - Informe Litoral\",\"isPartOf\":{\"@id\":\"https:\\\/\\\/informelitoral.com.ar\\\/#website\"},\"primaryImageOfPage\":{\"@id\":\"https:\\\/\\\/informelitoral.com.ar\\\/anticipo-los-dejan-entrenar-la-semana-que-viene\\\/#primaryimage\"},\"image\":{\"@id\":\"https:\\\/\\\/informelitoral.com.ar\\\/anticipo-los-dejan-entrenar-la-semana-que-viene\\\/#primaryimage\"},\"thumbnailUrl\":\"https:\\\/\\\/informelitoral.com.ar\\\/%77%70%2d%63%6f%6e%74%65%6e%74\\\/uploads\\\/2020\\\/07\\\/conmebol.jpg\",\"datePublished\":\"2020-07-13T19:13:30+00:00\",\"breadcrumb\":{\"@id\":\"https:\\\/\\\/informelitoral.com.ar\\\/anticipo-los-dejan-entrenar-la-semana-que-viene\\\/#breadcrumb\"},\"inLanguage\":\"es\",\"potentialAction\":[{\"@type\":\"ReadAction\",\"target\":[\"https:\\\/\\\/informelitoral.com.ar\\\/anticipo-los-dejan-entrenar-la-semana-que-viene\\\/\"]}]},{\"@type\":\"ImageObject\",\"inLanguage\":\"es\",\"@id\":\"https:\\\/\\\/informelitoral.com.ar\\\/anticipo-los-dejan-entrenar-la-semana-que-viene\\\/#primaryimage\",\"url\":\"https:\\\/\\\/informelitoral.com.ar\\\/%77%70%2d%63%6f%6e%74%65%6e%74\\\/uploads\\\/2020\\\/07\\\/conmebol.jpg\",\"contentUrl\":\"https:\\\/\\\/informelitoral.com.ar\\\/%77%70%2d%63%6f%6e%74%65%6e%74\\\/uploads\\\/2020\\\/07\\\/conmebol.jpg\",\"width\":960,\"height\":640},{\"@type\":\"BreadcrumbList\",\"@id\":\"https:\\\/\\\/informelitoral.com.ar\\\/anticipo-los-dejan-entrenar-la-semana-que-viene\\\/#breadcrumb\",\"itemListElement\":[{\"@type\":\"ListItem\",\"position\":1,\"name\":\"Portada\",\"item\":\"https:\\\/\\\/informelitoral.com.ar\\\/\"},{\"@type\":\"ListItem\",\"position\":2,\"name\":\"Anticipo: \u00bfLos dejan entrenar la semana que viene?\"}]},{\"@type\":\"WebSite\",\"@id\":\"https:\\\/\\\/informelitoral.com.ar\\\/#website\",\"url\":\"https:\\\/\\\/informelitoral.com.ar\\\/\",\"name\":\"Informe Litoral\",\"description\":\"&quot;Nos informamos&quot; \",\"publisher\":{\"@id\":\"https:\\\/\\\/informelitoral.com.ar\\\/#organization\"},\"potentialAction\":[{\"@type\":\"SearchAction\",\"target\":{\"@type\":\"EntryPoint\",\"urlTemplate\":\"https:\\\/\\\/informelitoral.com.ar\\\/?s={search_term_string}\"},\"query-input\":{\"@type\":\"PropertyValueSpecification\",\"valueRequired\":true,\"valueName\":\"search_term_string\"}}],\"inLanguage\":\"es\"},{\"@type\":\"Organization\",\"@id\":\"https:\\\/\\\/informelitoral.com.ar\\\/#organization\",\"name\":\"Informe Litoral\",\"url\":\"https:\\\/\\\/informelitoral.com.ar\\\/\",\"logo\":{\"@type\":\"ImageObject\",\"inLanguage\":\"es\",\"@id\":\"https:\\\/\\\/informelitoral.com.ar\\\/#\\\/schema\\\/logo\\\/image\\\/\",\"url\":\"https:\\\/\\\/informelitoral.com.ar\\\/%77%70%2d%63%6f%6e%74%65%6e%74\\\/uploads\\\/2021\\\/01\\\/circulo.png\",\"contentUrl\":\"https:\\\/\\\/informelitoral.com.ar\\\/%77%70%2d%63%6f%6e%74%65%6e%74\\\/uploads\\\/2021\\\/01\\\/circulo.png\",\"width\":723,\"height\":731,\"caption\":\"Informe Litoral\"},\"image\":{\"@id\":\"https:\\\/\\\/informelitoral.com.ar\\\/#\\\/schema\\\/logo\\\/image\\\/\"},\"sameAs\":[\"https:\\\/\\\/www.facebook.com\\\/informelitoral\\\/\",\"https:\\\/\\\/x.com\\\/InformeLitoral\",\"https:\\\/\\\/www.instagram.com\\\/informelitoral\\\/\",\"https:\\\/\\\/www.youtube.com\\\/channel\\\/UCua4Qvz8Icb6MYqhoq9xLXw\"]},{\"@type\":\"Person\",\"@id\":\"https:\\\/\\\/informelitoral.com.ar\\\/#\\\/schema\\\/person\\\/f05f9f461677119578717524b127d6d5\",\"name\":\"Sebastian\",\"image\":{\"@type\":\"ImageObject\",\"inLanguage\":\"es\",\"@id\":\"https:\\\/\\\/secure.gravatar.com\\\/avatar\\\/b71bf7481d447dfb9583c7f2798e7cc64de6efb9067b74633ed8c31059a3bd82?s=96&d=mm&r=g\",\"url\":\"https:\\\/\\\/secure.gravatar.com\\\/avatar\\\/b71bf7481d447dfb9583c7f2798e7cc64de6efb9067b74633ed8c31059a3bd82?s=96&d=mm&r=g\",\"contentUrl\":\"https:\\\/\\\/secure.gravatar.com\\\/avatar\\\/b71bf7481d447dfb9583c7f2798e7cc64de6efb9067b74633ed8c31059a3bd82?s=96&d=mm&r=g\",\"caption\":\"Sebastian\"},\"url\":\"https:\\\/\\\/informelitoral.com.ar\\\/author\\\/sebastian\\\/\"}]}<\/script>","yoast_head_json":{"title":"Anticipo: \u00bfLos dejan entrenar la semana que viene? - Informe Litoral","robots":{"index":"index","follow":"follow","max-snippet":"max-snippet:-1","max-image-preview":"max-image-preview:large","max-video-preview":"max-video-preview:-1"},"canonical":"https:\/\/informelitoral.com.ar\/anticipo-los-dejan-entrenar-la-semana-que-viene\/","og_locale":"es_ES","og_type":"article","og_title":"Anticipo: \u00bfLos dejan entrenar la semana que viene? - Informe Litoral","og_description":"El anuncio de la Conmebol confirmando para el 15 de septiembre la fecha de la reanudacion&nbsp; de la Copa Libertadores rebot&oacute; fuerte en la Argentina y desde el Gobierno no descartan que, despu&eacute;s de la cuarentena estricta que rige en el pa&iacute;s hasta el 17 de julio, algunos clubes puedan comenzar a entrarse. S&iacute;, seg&uacute;n [&hellip;]","og_url":"https:\/\/informelitoral.com.ar\/anticipo-los-dejan-entrenar-la-semana-que-viene\/","og_site_name":"Informe Litoral","article_publisher":"https:\/\/www.facebook.com\/informelitoral\/","article_published_time":"2020-07-13T19:13:30+00:00","og_image":[{"width":960,"height":640,"url":"https:\/\/informelitoral.com.ar\/%77%70%2d%63%6f%6e%74%65%6e%74\/uploads\/2020\/07\/conmebol.jpg","type":"image\/jpeg"}],"author":"Sebastian","twitter_card":"summary_large_image","twitter_creator":"@InformeLitoral","twitter_site":"@InformeLitoral","twitter_misc":{"Escrito por":"Sebastian","Tiempo de lectura":"2 minutos"},"schema":{"@context":"https:\/\/schema.org","@graph":[{"@type":"Article","@id":"https:\/\/informelitoral.com.ar\/anticipo-los-dejan-entrenar-la-semana-que-viene\/#article","isPartOf":{"@id":"https:\/\/informelitoral.com.ar\/anticipo-los-dejan-entrenar-la-semana-que-viene\/"},"author":{"name":"Sebastian","@id":"https:\/\/informelitoral.com.ar\/#\/schema\/person\/f05f9f461677119578717524b127d6d5"},"headline":"Anticipo: \u00bfLos dejan entrenar la semana que viene?","datePublished":"2020-07-13T19:13:30+00:00","mainEntityOfPage":{"@id":"https:\/\/informelitoral.com.ar\/anticipo-los-dejan-entrenar-la-semana-que-viene\/"},"wordCount":412,"commentCount":0,"publisher":{"@id":"https:\/\/informelitoral.com.ar\/#organization"},"image":{"@id":"https:\/\/informelitoral.com.ar\/anticipo-los-dejan-entrenar-la-semana-que-viene\/#primaryimage"},"thumbnailUrl":"https:\/\/informelitoral.com.ar\/%77%70%2d%63%6f%6e%74%65%6e%74\/uploads\/2020\/07\/conmebol.jpg","articleSection":["Deportes"],"inLanguage":"es","potentialAction":[{"@type":"CommentAction","name":"Comment","target":["https:\/\/informelitoral.com.ar\/anticipo-los-dejan-entrenar-la-semana-que-viene\/#respond"]}]},{"@type":"WebPage","@id":"https:\/\/informelitoral.com.ar\/anticipo-los-dejan-entrenar-la-semana-que-viene\/","url":"https:\/\/informelitoral.com.ar\/anticipo-los-dejan-entrenar-la-semana-que-viene\/","name":"Anticipo: \u00bfLos dejan entrenar la semana que viene? - Informe Litoral","isPartOf":{"@id":"https:\/\/informelitoral.com.ar\/#website"},"primaryImageOfPage":{"@id":"https:\/\/informelitoral.com.ar\/anticipo-los-dejan-entrenar-la-semana-que-viene\/#primaryimage"},"image":{"@id":"https:\/\/informelitoral.com.ar\/anticipo-los-dejan-entrenar-la-semana-que-viene\/#primaryimage"},"thumbnailUrl":"https:\/\/informelitoral.com.ar\/%77%70%2d%63%6f%6e%74%65%6e%74\/uploads\/2020\/07\/conmebol.jpg","datePublished":"2020-07-13T19:13:30+00:00","breadcrumb":{"@id":"https:\/\/informelitoral.com.ar\/anticipo-los-dejan-entrenar-la-semana-que-viene\/#breadcrumb"},"inLanguage":"es","potentialAction":[{"@type":"ReadAction","target":["https:\/\/informelitoral.com.ar\/anticipo-los-dejan-entrenar-la-semana-que-viene\/"]}]},{"@type":"ImageObject","inLanguage":"es","@id":"https:\/\/informelitoral.com.ar\/anticipo-los-dejan-entrenar-la-semana-que-viene\/#primaryimage","url":"https:\/\/informelitoral.com.ar\/%77%70%2d%63%6f%6e%74%65%6e%74\/uploads\/2020\/07\/conmebol.jpg","contentUrl":"https:\/\/informelitoral.com.ar\/%77%70%2d%63%6f%6e%74%65%6e%74\/uploads\/2020\/07\/conmebol.jpg","width":960,"height":640},{"@type":"BreadcrumbList","@id":"https:\/\/informelitoral.com.ar\/anticipo-los-dejan-entrenar-la-semana-que-viene\/#breadcrumb","itemListElement":[{"@type":"ListItem","position":1,"name":"Portada","item":"https:\/\/informelitoral.com.ar\/"},{"@type":"ListItem","position":2,"name":"Anticipo: \u00bfLos dejan entrenar la semana que viene?"}]},{"@type":"WebSite","@id":"https:\/\/informelitoral.com.ar\/#website","url":"https:\/\/informelitoral.com.ar\/","name":"Informe Litoral","description":"&quot;Nos informamos&quot; ","publisher":{"@id":"https:\/\/informelitoral.com.ar\/#organization"},"potentialAction":[{"@type":"SearchAction","target":{"@type":"EntryPoint","urlTemplate":"https:\/\/informelitoral.com.ar\/?s={search_term_string}"},"query-input":{"@type":"PropertyValueSpecification","valueRequired":true,"valueName":"search_term_string"}}],"inLanguage":"es"},{"@type":"Organization","@id":"https:\/\/informelitoral.com.ar\/#organization","name":"Informe Litoral","url":"https:\/\/informelitoral.com.ar\/","logo":{"@type":"ImageObject","inLanguage":"es","@id":"https:\/\/informelitoral.com.ar\/#\/schema\/logo\/image\/","url":"https:\/\/informelitoral.com.ar\/%77%70%2d%63%6f%6e%74%65%6e%74\/uploads\/2021\/01\/circulo.png","contentUrl":"https:\/\/informelitoral.com.ar\/%77%70%2d%63%6f%6e%74%65%6e%74\/uploads\/2021\/01\/circulo.png","width":723,"height":731,"caption":"Informe Litoral"},"image":{"@id":"https:\/\/informelitoral.com.ar\/#\/schema\/logo\/image\/"},"sameAs":["https:\/\/www.facebook.com\/informelitoral\/","https:\/\/x.com\/InformeLitoral","https:\/\/www.instagram.com\/informelitoral\/","https:\/\/www.youtube.com\/channel\/UCua4Qvz8Icb6MYqhoq9xLXw"]},{"@type":"Person","@id":"https:\/\/informelitoral.com.ar\/#\/schema\/person\/f05f9f461677119578717524b127d6d5","name":"Sebastian","image":{"@type":"ImageObject","inLanguage":"es","@id":"https:\/\/secure.gravatar.com\/avatar\/b71bf7481d447dfb9583c7f2798e7cc64de6efb9067b74633ed8c31059a3bd82?s=96&d=mm&r=g","url":"https:\/\/secure.gravatar.com\/avatar\/b71bf7481d447dfb9583c7f2798e7cc64de6efb9067b74633ed8c31059a3bd82?s=96&d=mm&r=g","contentUrl":"https:\/\/secure.gravatar.com\/avatar\/b71bf7481d447dfb9583c7f2798e7cc64de6efb9067b74633ed8c31059a3bd82?s=96&d=mm&r=g","caption":"Sebastian"},"url":"https:\/\/informelitoral.com.ar\/author\/sebastian\/"}]}},"_links":{"self":[{"href":"https:\/\/informelitoral.com.ar\/%77%70%2d%6a%73%6f%6e\/wp\/v2\/posts\/45618","targetHints":{"allow":["GET"]}}],"collection":[{"href":"https:\/\/informelitoral.com.ar\/%77%70%2d%6a%73%6f%6e\/wp\/v2\/posts"}],"about":[{"href":"https:\/\/informelitoral.com.ar\/%77%70%2d%6a%73%6f%6e\/wp\/v2\/types\/post"}],"author":[{"embeddable":true,"href":"https:\/\/informelitoral.com.ar\/%77%70%2d%6a%73%6f%6e\/wp\/v2\/users\/8"}],"replies":[{"embeddable":true,"href":"https:\/\/informelitoral.com.ar\/%77%70%2d%6a%73%6f%6e\/wp\/v2\/comments?post=45618"}],"version-history":[{"count":0,"href":"https:\/\/informelitoral.com.ar\/%77%70%2d%6a%73%6f%6e\/wp\/v2\/posts\/45618\/revisions"}],"wp:featuredmedia":[{"embeddable":true,"href":"https:\/\/informelitoral.com.ar\/%77%70%2d%6a%73%6f%6e\/wp\/v2\/media\/45619"}],"wp:attachment":[{"href":"https:\/\/informelitoral.com.ar\/%77%70%2d%6a%73%6f%6e\/wp\/v2\/media?parent=45618"}],"wp:term":[{"taxonomy":"category","embeddable":true,"href":"https:\/\/informelitoral.com.ar\/%77%70%2d%6a%73%6f%6e\/wp\/v2\/categories?post=45618"},{"taxonomy":"post_tag","embeddable":true,"href":"https:\/\/informelitoral.com.ar\/%77%70%2d%6a%73%6f%6e\/wp\/v2\/tags?post=45618"}],"curies":[{"name":"wp","href":"https:\/\/api.w.org\/{rel}","templated":true}]}}